{"id":9685,"date":"2021-05-24T15:10:21","date_gmt":"2021-05-24T15:10:21","guid":{"rendered":"https:\/\/aehm.es\/?p=9685"},"modified":"2021-05-24T15:10:21","modified_gmt":"2021-05-24T15:10:21","slug":"los-hoteleros-madrilenos-consideramos-necesario-e-imprescindible-que-los-erte-se-prorroguen-en-las-mismas-condiciones-en-los-destinos-urbanos","status":"publish","type":"post","link":"https:\/\/aehm.es\/en\/los-hoteleros-madrilenos-consideramos-necesario-e-imprescindible-que-los-erte-se-prorroguen-en-las-mismas-condiciones-en-los-destinos-urbanos\/","title":{"rendered":"Los hoteleros madrile\u00f1os consideramos necesario e imprescindible que los ERTE se prorroguen en las mismas condiciones en los destinos urbanos"},"content":{"rendered":"<ul>\n<li><strong>El anuncio del Gobierno de la pr\u00f3rroga de los ERTE m\u00e1s all\u00e1 del 31 de mayo, trae consigo un cambio de condiciones, que se debatir\u00e1n ma\u00f1ana en Consejo de Ministros. <\/strong><\/li>\n<\/ul>\n<p><em>\u00a0<\/em><em>Madrid, 24 de mayo de 2021.-<\/em> En l<strong>a Asociaci\u00f3n Empresarial Hotelera de Madrid<\/strong> (AEHM) consideramos <strong>necesario e imprescindible<\/strong> que, en relaci\u00f3n al anuncio del Gobierno de la pr\u00f3rroga de los ERTE m\u00e1s all\u00e1 del 31 de mayo, que trae consigo un cambio de condiciones, <strong>se mantengan los ERTE en las condiciones ya establecidas, sobre todo, en los hoteles de los destinos urbanos, que son los m\u00e1s afectados en cuanto a ocupaci\u00f3n en los meses de verano.<\/strong><\/p>\n<p>As\u00ed lo reivindican ante el cambio de condiciones de esta pr\u00f3rroga, que ma\u00f1ana se debatir\u00e1 en Consejo de Ministros, y que contempla el llamamiento obligatorio de los fijos discontinuos y la incentivaci\u00f3n de las contrataciones frente a la penalizaci\u00f3n de los trabajadores que se mantengan en ERTE.<\/p>\n<p>En este sentido, <strong>teniendo en cuenta que la ocupaci\u00f3n hotelera en verano se realiza mayoritariamente en los destinos rurales o de sol y playa, solicitamos como algo esencial que se prolonguen los ERTE y que se incentiven las contrataciones, especialmente, en los destinos urbanos,<\/strong> y denunciamos que se penalice a aquellas empresas que, por impedimento de trabajo, deben mantener en ERTE a su plantilla.<\/p>\n<p>Es un momento todav\u00eda muy cr\u00edtico para el sector tur\u00edstico y si no protegemos a nuestros trabajadores y a nuestras empresas, ahogaremos cada vez m\u00e1s a la industria con el posible cierre de gran parte del empresariado hotelero espa\u00f1ol y con el incremento del desempleo en nuestro sector.<\/p>\n<p>En la Comunidad de Madrid m\u00e1s del 40% de los hoteles est\u00e1n todav\u00eda cerrados, sin ninguna actividad y sin una previsi\u00f3n clara de su reapertura, por lo que resulta imposible incorporar a todos los trabajadores en ERTE el 1 de junio, seg\u00fan establece el Ejecutivo en lo que respecta al llamamiento obligatorio de los fijos discontinuos.<\/p>\n<p>Si las administraciones no act\u00faan enseguida y se comprometen de una manera contundente con medidas precisas y efectivas, llegaremos a la quiebra de muchas empresas y a los ERE de miles de empleados. Por ello, para hacer frente a esta situaci\u00f3n, solicitamos <strong>utilizar palancas en paralelo a la ampliaci\u00f3n de los ERTE<\/strong>, como las <strong>ayudas directas<\/strong> para dotar de liquidez a las empresas; o la aceleraci\u00f3n del\u00a0<a href=\"https:\/\/cehat.com\/notaprensa\/los-hoteleros-solicitan-a-sanidad-incorporar-el-riesgo-de-exposicion-en-los-criterios-de-vacunacion\/\"><strong>ritmo de vacunaci\u00f3n<\/strong><\/a>, que est\u00e1 a\u00fan lejos de la inmunidad del 70%, entre otras.<\/p>\n<p>Seg\u00fan <strong>Gabriel Garc\u00eda Alonso, presidente de AEHM y vicepresidente de CEHAT<\/strong>, \u201ces imprescindible trazar l\u00edneas estrat\u00e9gicas de manera coordinada destinadas a impulsar la hoteler\u00eda madrile\u00f1a, protegiendo a nuestros empresarios y profesionales, especialmente, los de aquellos destinos como los urbanos que m\u00e1s afectados se ven en cuanto a ocupaci\u00f3n durante el verano.<\/p>\n","protected":false},"excerpt":{"rendered":"<p>El anuncio del Gobierno de la pr\u00f3rroga de los ERTE m\u00e1s all\u00e1 del 31 de mayo, trae consigo un cambio de condiciones, que se debatir\u00e1n ma\u00f1ana en Consejo de Ministros. \u00a0Madrid, 24 de mayo de 2021.- En la Asociaci\u00f3n Empresarial Hotelera de Madrid (AEHM) consideramos necesario e imprescindible que, en relaci\u00f3n al anuncio del Gobierno [&hellip;]<\/p>\n","protected":false},"author":6,"featured_media":9689,"comment_status":"closed","ping_status":"open","sticky":false,"template":"","format":"standard","meta":{"footnotes":""},"categories":[1],"tags":[],"class_list":["post-9685","post","type-post","status-publish","format-standard","has-post-thumbnail","hentry","category-actualidad-aehm"],"yoast_head":"<!-- This site is optimized with the Yoast SEO plugin v27.5 - https:\/\/yoast.com\/product\/yoast-seo-wordpress\/ -->\n<title>Los hoteleros madrile\u00f1os consideramos necesario e imprescindible que los ERTE se prorroguen en las mismas condiciones en los destinos urbanos - AEHM<\/title>\n<meta name=\"description\" content=\"En la Asociaci\u00f3n Empresarial Hotelera de Madrid (AEHM) consideramos necesario e imprescindible que, en relaci\u00f3n al anuncio del Gobierno de la pr\u00f3rroga de los ERTE m\u00e1s all\u00e1 del 31 de mayo, que trae consigo un cambio de condiciones, se mantengan los ERTE en las condiciones ya establecidas, sobre todo, en los hoteles de los destinos urbanos, que son los m\u00e1s afectados en cuanto a ocupaci\u00f3n en los meses de verano.\" \/>\n<meta name=\"robots\" content=\"index, follow, max-snippet:-1, max-image-preview:large, max-video-preview:-1\" \/>\n<link rel=\"canonical\" href=\"https:\/\/aehm.es\/los-hoteleros-madrilenos-consideramos-necesario-e-imprescindible-que-los-erte-se-prorroguen-en-las-mismas-condiciones-en-los-destinos-urbanos\/\" \/>\n<meta property=\"og:locale\" content=\"en_US\" \/>\n<meta property=\"og:type\" content=\"article\" \/>\n<meta property=\"og:title\" content=\"Los hoteleros madrile\u00f1os consideramos necesario e imprescindible que los ERTE se prorroguen en las mismas condiciones en los destinos urbanos - AEHM\" \/>\n<meta property=\"og:description\" content=\"En la Asociaci\u00f3n Empresarial Hotelera de Madrid (AEHM) consideramos necesario e imprescindible que, en relaci\u00f3n al anuncio del Gobierno de la pr\u00f3rroga de los ERTE m\u00e1s all\u00e1 del 31 de mayo, que trae consigo un cambio de condiciones, se mantengan los ERTE en las condiciones ya establecidas, sobre todo, en los hoteles de los destinos urbanos, que son los m\u00e1s afectados en cuanto a ocupaci\u00f3n en los meses de verano.\" \/>\n<meta property=\"og:url\" content=\"https:\/\/aehm.es\/los-hoteleros-madrilenos-consideramos-necesario-e-imprescindible-que-los-erte-se-prorroguen-en-las-mismas-condiciones-en-los-destinos-urbanos\/\" \/>\n<meta property=\"og:site_name\" content=\"AEHM\" \/>\n<meta property=\"article:publisher\" content=\"https:\/\/www.instagram.com\/hotelesdemadrid\/\" \/>\n<meta property=\"article:published_time\" content=\"2021-05-24T15:10:21+00:00\" \/>\n<meta property=\"og:image\" content=\"https:\/\/aehm.es\/wp-content\/uploads\/2021\/05\/banners-8-1.png\" \/>\n\t<meta property=\"og:image:width\" content=\"1600\" \/>\n\t<meta property=\"og:image:height\" content=\"500\" \/>\n\t<meta property=\"og:image:type\" content=\"image\/png\" \/>\n<meta name=\"author\" content=\"AEHM\" \/>\n<meta name=\"twitter:card\" content=\"summary_large_image\" \/>\n<meta name=\"twitter:creator\" content=\"@HotelesAEHM\" \/>\n<meta name=\"twitter:site\" content=\"@HotelesAEHM\" \/>\n<meta name=\"twitter:label1\" content=\"Written by\" \/>\n\t<meta name=\"twitter:data1\" content=\"AEHM\" \/>\n\t<meta name=\"twitter:label2\" content=\"Est. reading time\" \/>\n\t<meta name=\"twitter:data2\" content=\"2 minutes\" \/>\n<script type=\"application\/ld+json\" class=\"yoast-schema-graph\">{\"@context\":\"https:\\\/\\\/schema.org\",\"@graph\":[{\"@type\":\"Article\",\"@id\":\"https:\\\/\\\/aehm.es\\\/los-hoteleros-madrilenos-consideramos-necesario-e-imprescindible-que-los-erte-se-prorroguen-en-las-mismas-condiciones-en-los-destinos-urbanos\\\/#article\",\"isPartOf\":{\"@id\":\"https:\\\/\\\/aehm.es\\\/los-hoteleros-madrilenos-consideramos-necesario-e-imprescindible-que-los-erte-se-prorroguen-en-las-mismas-condiciones-en-los-destinos-urbanos\\\/\"},\"author\":{\"name\":\"AEHM\",\"@id\":\"https:\\\/\\\/aehm.es\\\/#\\\/schema\\\/person\\\/58cdfbe53350e8a71ac8d148eda300cf\"},\"headline\":\"Los hoteleros madrile\u00f1os consideramos necesario e imprescindible que los ERTE se prorroguen en las mismas condiciones en los destinos urbanos\",\"datePublished\":\"2021-05-24T15:10:21+00:00\",\"mainEntityOfPage\":{\"@id\":\"https:\\\/\\\/aehm.es\\\/los-hoteleros-madrilenos-consideramos-necesario-e-imprescindible-que-los-erte-se-prorroguen-en-las-mismas-condiciones-en-los-destinos-urbanos\\\/\"},\"wordCount\":507,\"publisher\":{\"@id\":\"https:\\\/\\\/aehm.es\\\/#organization\"},\"image\":{\"@id\":\"https:\\\/\\\/aehm.es\\\/los-hoteleros-madrilenos-consideramos-necesario-e-imprescindible-que-los-erte-se-prorroguen-en-las-mismas-condiciones-en-los-destinos-urbanos\\\/#primaryimage\"},\"thumbnailUrl\":\"https:\\\/\\\/aehm.es\\\/wp-content\\\/uploads\\\/2021\\\/05\\\/banners-8-1.png\",\"articleSection\":[\"Actualidad AEHM\"],\"inLanguage\":\"en-US\"},{\"@type\":\"WebPage\",\"@id\":\"https:\\\/\\\/aehm.es\\\/los-hoteleros-madrilenos-consideramos-necesario-e-imprescindible-que-los-erte-se-prorroguen-en-las-mismas-condiciones-en-los-destinos-urbanos\\\/\",\"url\":\"https:\\\/\\\/aehm.es\\\/los-hoteleros-madrilenos-consideramos-necesario-e-imprescindible-que-los-erte-se-prorroguen-en-las-mismas-condiciones-en-los-destinos-urbanos\\\/\",\"name\":\"Los hoteleros madrile\u00f1os consideramos necesario e imprescindible que los ERTE se prorroguen en las mismas condiciones en los destinos urbanos - AEHM\",\"isPartOf\":{\"@id\":\"https:\\\/\\\/aehm.es\\\/#website\"},\"primaryImageOfPage\":{\"@id\":\"https:\\\/\\\/aehm.es\\\/los-hoteleros-madrilenos-consideramos-necesario-e-imprescindible-que-los-erte-se-prorroguen-en-las-mismas-condiciones-en-los-destinos-urbanos\\\/#primaryimage\"},\"image\":{\"@id\":\"https:\\\/\\\/aehm.es\\\/los-hoteleros-madrilenos-consideramos-necesario-e-imprescindible-que-los-erte-se-prorroguen-en-las-mismas-condiciones-en-los-destinos-urbanos\\\/#primaryimage\"},\"thumbnailUrl\":\"https:\\\/\\\/aehm.es\\\/wp-content\\\/uploads\\\/2021\\\/05\\\/banners-8-1.png\",\"datePublished\":\"2021-05-24T15:10:21+00:00\",\"description\":\"En la Asociaci\u00f3n Empresarial Hotelera de Madrid (AEHM) consideramos necesario e imprescindible que, en relaci\u00f3n al anuncio del Gobierno de la pr\u00f3rroga de los ERTE m\u00e1s all\u00e1 del 31 de mayo, que trae consigo un cambio de condiciones, se mantengan los ERTE en las condiciones ya establecidas, sobre todo, en los hoteles de los destinos urbanos, que son los m\u00e1s afectados en cuanto a ocupaci\u00f3n en los meses de verano.\",\"breadcrumb\":{\"@id\":\"https:\\\/\\\/aehm.es\\\/los-hoteleros-madrilenos-consideramos-necesario-e-imprescindible-que-los-erte-se-prorroguen-en-las-mismas-condiciones-en-los-destinos-urbanos\\\/#breadcrumb\"},\"inLanguage\":\"en-US\",\"potentialAction\":[{\"@type\":\"ReadAction\",\"target\":[\"https:\\\/\\\/aehm.es\\\/los-hoteleros-madrilenos-consideramos-necesario-e-imprescindible-que-los-erte-se-prorroguen-en-las-mismas-condiciones-en-los-destinos-urbanos\\\/\"]}]},{\"@type\":\"ImageObject\",\"inLanguage\":\"en-US\",\"@id\":\"https:\\\/\\\/aehm.es\\\/los-hoteleros-madrilenos-consideramos-necesario-e-imprescindible-que-los-erte-se-prorroguen-en-las-mismas-condiciones-en-los-destinos-urbanos\\\/#primaryimage\",\"url\":\"https:\\\/\\\/aehm.es\\\/wp-content\\\/uploads\\\/2021\\\/05\\\/banners-8-1.png\",\"contentUrl\":\"https:\\\/\\\/aehm.es\\\/wp-content\\\/uploads\\\/2021\\\/05\\\/banners-8-1.png\",\"width\":1600,\"height\":500},{\"@type\":\"BreadcrumbList\",\"@id\":\"https:\\\/\\\/aehm.es\\\/los-hoteleros-madrilenos-consideramos-necesario-e-imprescindible-que-los-erte-se-prorroguen-en-las-mismas-condiciones-en-los-destinos-urbanos\\\/#breadcrumb\",\"itemListElement\":[{\"@type\":\"ListItem\",\"position\":1,\"name\":\"Portada\",\"item\":\"https:\\\/\\\/aehm.es\\\/en\\\/\"},{\"@type\":\"ListItem\",\"position\":2,\"name\":\"Los hoteleros madrile\u00f1os consideramos necesario e imprescindible que los ERTE se prorroguen en las mismas condiciones en los destinos urbanos\"}]},{\"@type\":\"WebSite\",\"@id\":\"https:\\\/\\\/aehm.es\\\/#website\",\"url\":\"https:\\\/\\\/aehm.es\\\/\",\"name\":\"Asociaci\u00f3n Empresarial Hotelera de Madrid\",\"description\":\"La Asociaci\u00f3n Empresarial Hotelera Madrid est\u00e1 formada por m\u00e1s de 300 establecimientos de todas las categor\u00edas y tipolog\u00edas (hoteles, hostales, hostels, apartamentos\u2026) que suman m\u00e1s de 75.000 plazas de alojamiento.\",\"publisher\":{\"@id\":\"https:\\\/\\\/aehm.es\\\/#organization\"},\"alternateName\":\"AEHM\",\"potentialAction\":[{\"@type\":\"SearchAction\",\"target\":{\"@type\":\"EntryPoint\",\"urlTemplate\":\"https:\\\/\\\/aehm.es\\\/?s={search_term_string}\"},\"query-input\":{\"@type\":\"PropertyValueSpecification\",\"valueRequired\":true,\"valueName\":\"search_term_string\"}}],\"inLanguage\":\"en-US\"},{\"@type\":\"Organization\",\"@id\":\"https:\\\/\\\/aehm.es\\\/#organization\",\"name\":\"Asociaci\u00f3n Empresarial Hotelera de Madrid\",\"url\":\"https:\\\/\\\/aehm.es\\\/\",\"logo\":{\"@type\":\"ImageObject\",\"inLanguage\":\"en-US\",\"@id\":\"https:\\\/\\\/aehm.es\\\/#\\\/schema\\\/logo\\\/image\\\/\",\"url\":\"https:\\\/\\\/aehm.es\\\/wp-content\\\/uploads\\\/2021\\\/11\\\/Logo_AEHM_Horiz.png\",\"contentUrl\":\"https:\\\/\\\/aehm.es\\\/wp-content\\\/uploads\\\/2021\\\/11\\\/Logo_AEHM_Horiz.png\",\"width\":600,\"height\":182,\"caption\":\"Asociaci\u00f3n Empresarial Hotelera de Madrid\"},\"image\":{\"@id\":\"https:\\\/\\\/aehm.es\\\/#\\\/schema\\\/logo\\\/image\\\/\"},\"sameAs\":[\"https:\\\/\\\/www.instagram.com\\\/hotelesdemadrid\\\/\",\"https:\\\/\\\/x.com\\\/HotelesAEHM\",\"https:\\\/\\\/www.linkedin.com\\\/company\\\/11166072\\\/\"]},{\"@type\":\"Person\",\"@id\":\"https:\\\/\\\/aehm.es\\\/#\\\/schema\\\/person\\\/58cdfbe53350e8a71ac8d148eda300cf\",\"name\":\"AEHM\",\"image\":{\"@type\":\"ImageObject\",\"inLanguage\":\"en-US\",\"@id\":\"https:\\\/\\\/secure.gravatar.com\\\/avatar\\\/2099e69605fbf94dd3c7c94e50210cd6a0ec00b330b72006bac5376652d3ca22?s=96&d=mm&r=g\",\"url\":\"https:\\\/\\\/secure.gravatar.com\\\/avatar\\\/2099e69605fbf94dd3c7c94e50210cd6a0ec00b330b72006bac5376652d3ca22?s=96&d=mm&r=g\",\"contentUrl\":\"https:\\\/\\\/secure.gravatar.com\\\/avatar\\\/2099e69605fbf94dd3c7c94e50210cd6a0ec00b330b72006bac5376652d3ca22?s=96&d=mm&r=g\",\"caption\":\"AEHM\"},\"url\":\"https:\\\/\\\/aehm.es\\\/en\\\/author\\\/maricarmen\\\/\"}]}<\/script>\n<!-- \/ Yoast SEO plugin. -->","yoast_head_json":{"title":"Los hoteleros madrile\u00f1os consideramos necesario e imprescindible que los ERTE se prorroguen en las mismas condiciones en los destinos urbanos - AEHM","description":"En la Asociaci\u00f3n Empresarial Hotelera de Madrid (AEHM) consideramos necesario e imprescindible que, en relaci\u00f3n al anuncio del Gobierno de la pr\u00f3rroga de los ERTE m\u00e1s all\u00e1 del 31 de mayo, que trae consigo un cambio de condiciones, se mantengan los ERTE en las condiciones ya establecidas, sobre todo, en los hoteles de los destinos urbanos, que son los m\u00e1s afectados en cuanto a ocupaci\u00f3n en los meses de verano.","robots":{"index":"index","follow":"follow","max-snippet":"max-snippet:-1","max-image-preview":"max-image-preview:large","max-video-preview":"max-video-preview:-1"},"canonical":"https:\/\/aehm.es\/los-hoteleros-madrilenos-consideramos-necesario-e-imprescindible-que-los-erte-se-prorroguen-en-las-mismas-condiciones-en-los-destinos-urbanos\/","og_locale":"en_US","og_type":"article","og_title":"Los hoteleros madrile\u00f1os consideramos necesario e imprescindible que los ERTE se prorroguen en las mismas condiciones en los destinos urbanos - AEHM","og_description":"En la Asociaci\u00f3n Empresarial Hotelera de Madrid (AEHM) consideramos necesario e imprescindible que, en relaci\u00f3n al anuncio del Gobierno de la pr\u00f3rroga de los ERTE m\u00e1s all\u00e1 del 31 de mayo, que trae consigo un cambio de condiciones, se mantengan los ERTE en las condiciones ya establecidas, sobre todo, en los hoteles de los destinos urbanos, que son los m\u00e1s afectados en cuanto a ocupaci\u00f3n en los meses de verano.","og_url":"https:\/\/aehm.es\/los-hoteleros-madrilenos-consideramos-necesario-e-imprescindible-que-los-erte-se-prorroguen-en-las-mismas-condiciones-en-los-destinos-urbanos\/","og_site_name":"AEHM","article_publisher":"https:\/\/www.instagram.com\/hotelesdemadrid\/","article_published_time":"2021-05-24T15:10:21+00:00","og_image":[{"width":1600,"height":500,"url":"https:\/\/aehm.es\/wp-content\/uploads\/2021\/05\/banners-8-1.png","type":"image\/png"}],"author":"AEHM","twitter_card":"summary_large_image","twitter_creator":"@HotelesAEHM","twitter_site":"@HotelesAEHM","twitter_misc":{"Written by":"AEHM","Est. reading time":"2 minutes"},"schema":{"@context":"https:\/\/schema.org","@graph":[{"@type":"Article","@id":"https:\/\/aehm.es\/los-hoteleros-madrilenos-consideramos-necesario-e-imprescindible-que-los-erte-se-prorroguen-en-las-mismas-condiciones-en-los-destinos-urbanos\/#article","isPartOf":{"@id":"https:\/\/aehm.es\/los-hoteleros-madrilenos-consideramos-necesario-e-imprescindible-que-los-erte-se-prorroguen-en-las-mismas-condiciones-en-los-destinos-urbanos\/"},"author":{"name":"AEHM","@id":"https:\/\/aehm.es\/#\/schema\/person\/58cdfbe53350e8a71ac8d148eda300cf"},"headline":"Los hoteleros madrile\u00f1os consideramos necesario e imprescindible que los ERTE se prorroguen en las mismas condiciones en los destinos urbanos","datePublished":"2021-05-24T15:10:21+00:00","mainEntityOfPage":{"@id":"https:\/\/aehm.es\/los-hoteleros-madrilenos-consideramos-necesario-e-imprescindible-que-los-erte-se-prorroguen-en-las-mismas-condiciones-en-los-destinos-urbanos\/"},"wordCount":507,"publisher":{"@id":"https:\/\/aehm.es\/#organization"},"image":{"@id":"https:\/\/aehm.es\/los-hoteleros-madrilenos-consideramos-necesario-e-imprescindible-que-los-erte-se-prorroguen-en-las-mismas-condiciones-en-los-destinos-urbanos\/#primaryimage"},"thumbnailUrl":"https:\/\/aehm.es\/wp-content\/uploads\/2021\/05\/banners-8-1.png","articleSection":["Actualidad AEHM"],"inLanguage":"en-US"},{"@type":"WebPage","@id":"https:\/\/aehm.es\/los-hoteleros-madrilenos-consideramos-necesario-e-imprescindible-que-los-erte-se-prorroguen-en-las-mismas-condiciones-en-los-destinos-urbanos\/","url":"https:\/\/aehm.es\/los-hoteleros-madrilenos-consideramos-necesario-e-imprescindible-que-los-erte-se-prorroguen-en-las-mismas-condiciones-en-los-destinos-urbanos\/","name":"Los hoteleros madrile\u00f1os consideramos necesario e imprescindible que los ERTE se prorroguen en las mismas condiciones en los destinos urbanos - AEHM","isPartOf":{"@id":"https:\/\/aehm.es\/#website"},"primaryImageOfPage":{"@id":"https:\/\/aehm.es\/los-hoteleros-madrilenos-consideramos-necesario-e-imprescindible-que-los-erte-se-prorroguen-en-las-mismas-condiciones-en-los-destinos-urbanos\/#primaryimage"},"image":{"@id":"https:\/\/aehm.es\/los-hoteleros-madrilenos-consideramos-necesario-e-imprescindible-que-los-erte-se-prorroguen-en-las-mismas-condiciones-en-los-destinos-urbanos\/#primaryimage"},"thumbnailUrl":"https:\/\/aehm.es\/wp-content\/uploads\/2021\/05\/banners-8-1.png","datePublished":"2021-05-24T15:10:21+00:00","description":"En la Asociaci\u00f3n Empresarial Hotelera de Madrid (AEHM) consideramos necesario e imprescindible que, en relaci\u00f3n al anuncio del Gobierno de la pr\u00f3rroga de los ERTE m\u00e1s all\u00e1 del 31 de mayo, que trae consigo un cambio de condiciones, se mantengan los ERTE en las condiciones ya establecidas, sobre todo, en los hoteles de los destinos urbanos, que son los m\u00e1s afectados en cuanto a ocupaci\u00f3n en los meses de verano.","breadcrumb":{"@id":"https:\/\/aehm.es\/los-hoteleros-madrilenos-consideramos-necesario-e-imprescindible-que-los-erte-se-prorroguen-en-las-mismas-condiciones-en-los-destinos-urbanos\/#breadcrumb"},"inLanguage":"en-US","potentialAction":[{"@type":"ReadAction","target":["https:\/\/aehm.es\/los-hoteleros-madrilenos-consideramos-necesario-e-imprescindible-que-los-erte-se-prorroguen-en-las-mismas-condiciones-en-los-destinos-urbanos\/"]}]},{"@type":"ImageObject","inLanguage":"en-US","@id":"https:\/\/aehm.es\/los-hoteleros-madrilenos-consideramos-necesario-e-imprescindible-que-los-erte-se-prorroguen-en-las-mismas-condiciones-en-los-destinos-urbanos\/#primaryimage","url":"https:\/\/aehm.es\/wp-content\/uploads\/2021\/05\/banners-8-1.png","contentUrl":"https:\/\/aehm.es\/wp-content\/uploads\/2021\/05\/banners-8-1.png","width":1600,"height":500},{"@type":"BreadcrumbList","@id":"https:\/\/aehm.es\/los-hoteleros-madrilenos-consideramos-necesario-e-imprescindible-que-los-erte-se-prorroguen-en-las-mismas-condiciones-en-los-destinos-urbanos\/#breadcrumb","itemListElement":[{"@type":"ListItem","position":1,"name":"Portada","item":"https:\/\/aehm.es\/en\/"},{"@type":"ListItem","position":2,"name":"Los hoteleros madrile\u00f1os consideramos necesario e imprescindible que los ERTE se prorroguen en las mismas condiciones en los destinos urbanos"}]},{"@type":"WebSite","@id":"https:\/\/aehm.es\/#website","url":"https:\/\/aehm.es\/","name":"Asociaci\u00f3n Empresarial Hotelera de Madrid","description":"La Asociaci\u00f3n Empresarial Hotelera Madrid est\u00e1 formada por m\u00e1s de 300 establecimientos de todas las categor\u00edas y tipolog\u00edas (hoteles, hostales, hostels, apartamentos\u2026) que suman m\u00e1s de 75.000 plazas de alojamiento.","publisher":{"@id":"https:\/\/aehm.es\/#organization"},"alternateName":"AEHM","potentialAction":[{"@type":"SearchAction","target":{"@type":"EntryPoint","urlTemplate":"https:\/\/aehm.es\/?s={search_term_string}"},"query-input":{"@type":"PropertyValueSpecification","valueRequired":true,"valueName":"search_term_string"}}],"inLanguage":"en-US"},{"@type":"Organization","@id":"https:\/\/aehm.es\/#organization","name":"Asociaci\u00f3n Empresarial Hotelera de Madrid","url":"https:\/\/aehm.es\/","logo":{"@type":"ImageObject","inLanguage":"en-US","@id":"https:\/\/aehm.es\/#\/schema\/logo\/image\/","url":"https:\/\/aehm.es\/wp-content\/uploads\/2021\/11\/Logo_AEHM_Horiz.png","contentUrl":"https:\/\/aehm.es\/wp-content\/uploads\/2021\/11\/Logo_AEHM_Horiz.png","width":600,"height":182,"caption":"Asociaci\u00f3n Empresarial Hotelera de Madrid"},"image":{"@id":"https:\/\/aehm.es\/#\/schema\/logo\/image\/"},"sameAs":["https:\/\/www.instagram.com\/hotelesdemadrid\/","https:\/\/x.com\/HotelesAEHM","https:\/\/www.linkedin.com\/company\/11166072\/"]},{"@type":"Person","@id":"https:\/\/aehm.es\/#\/schema\/person\/58cdfbe53350e8a71ac8d148eda300cf","name":"AEHM","image":{"@type":"ImageObject","inLanguage":"en-US","@id":"https:\/\/secure.gravatar.com\/avatar\/2099e69605fbf94dd3c7c94e50210cd6a0ec00b330b72006bac5376652d3ca22?s=96&d=mm&r=g","url":"https:\/\/secure.gravatar.com\/avatar\/2099e69605fbf94dd3c7c94e50210cd6a0ec00b330b72006bac5376652d3ca22?s=96&d=mm&r=g","contentUrl":"https:\/\/secure.gravatar.com\/avatar\/2099e69605fbf94dd3c7c94e50210cd6a0ec00b330b72006bac5376652d3ca22?s=96&d=mm&r=g","caption":"AEHM"},"url":"https:\/\/aehm.es\/en\/author\/maricarmen\/"}]}},"_links":{"self":[{"href":"https:\/\/aehm.es\/en\/wp-json\/wp\/v2\/posts\/9685","targetHints":{"allow":["GET"]}}],"collection":[{"href":"https:\/\/aehm.es\/en\/wp-json\/wp\/v2\/posts"}],"about":[{"href":"https:\/\/aehm.es\/en\/wp-json\/wp\/v2\/types\/post"}],"author":[{"embeddable":true,"href":"https:\/\/aehm.es\/en\/wp-json\/wp\/v2\/users\/6"}],"replies":[{"embeddable":true,"href":"https:\/\/aehm.es\/en\/wp-json\/wp\/v2\/comments?post=9685"}],"version-history":[{"count":0,"href":"https:\/\/aehm.es\/en\/wp-json\/wp\/v2\/posts\/9685\/revisions"}],"wp:featuredmedia":[{"embeddable":true,"href":"https:\/\/aehm.es\/en\/wp-json\/wp\/v2\/media\/9689"}],"wp:attachment":[{"href":"https:\/\/aehm.es\/en\/wp-json\/wp\/v2\/media?parent=9685"}],"wp:term":[{"taxonomy":"category","embeddable":true,"href":"https:\/\/aehm.es\/en\/wp-json\/wp\/v2\/categories?post=9685"},{"taxonomy":"post_tag","embeddable":true,"href":"https:\/\/aehm.es\/en\/wp-json\/wp\/v2\/tags?post=9685"}],"curies":[{"name":"wp","href":"https:\/\/api.w.org\/{rel}","templated":true}]}}