{"id":9656,"date":"2021-05-21T12:26:38","date_gmt":"2021-05-21T12:26:38","guid":{"rendered":"https:\/\/aehm.es\/?p=9656"},"modified":"2021-05-21T12:26:38","modified_gmt":"2021-05-21T12:26:38","slug":"el-alcalde-y-la-vicealcaldesa-de-madrid-visitan-el-stand-de-aehm-en-fitur","status":"publish","type":"post","link":"https:\/\/aehm.es\/en\/el-alcalde-y-la-vicealcaldesa-de-madrid-visitan-el-stand-de-aehm-en-fitur\/","title":{"rendered":"El alcalde y la vicealcaldesa de Madrid visitan el stand de AEHM en Fitur"},"content":{"rendered":"<p><em>Madrid, 21 de mayo de 2021.-<\/em> El alcalde de Madrid, <strong>Jos\u00e9 Luis Mart\u00ednez Almeida<\/strong>, y la vicealcaldesa <strong>Bego\u00f1a Villac\u00eds<\/strong>, acompa\u00f1ada esta \u00faltima por la presidenta del grupo Ciudadanos, <strong>In\u00e9s Arrimadas, han visitado hoy el stand de la Asociaci\u00f3n Empresarial Hotelera de Madrid (AEHM) en Fitur, que adem\u00e1s ha sido premiado como \u2018Mejor Stand\u2019 dentro de la categor\u00eda de Empresas que otorga esta feria.<\/strong><\/p>\n<p>Los representantes pol\u00edticos <strong>han hecho un recorrido<\/strong> por este espacio de 280m2, <strong>junto con<\/strong> el <strong>presidente de AEHM, Gabriel Garc\u00eda Alonso, y de la vicepresidenta ejecutiva, Mar de Miguel,<\/strong> quienes les han ense\u00f1ado el dise\u00f1o sostenible del stand que ha sido realizado por alumnos de la escuela IADE de Madrid.<\/p>\n<p style=\"text-align: center;\"><img fetchpriority=\"high\" decoding=\"async\" class=\"aligncenter wp-image-9657 size-large\" src=\"https:\/\/aehm.es\/wp-content\/uploads\/2021\/05\/Visita-alcalde-Madrid_AEHM_Fitur-2021-ok-1024x768.jpeg\" alt=\"\" width=\"980\" height=\"735\" \/>Jos\u00e9 Luis Mart\u00ednez Almeida visita el stand de AEHM en Fitur 2021<\/p>\n<p style=\"text-align: center;\"><img decoding=\"async\" class=\"aligncenter wp-image-9659 size-large\" src=\"https:\/\/aehm.es\/wp-content\/uploads\/2021\/05\/Visita-Villacis-y-Arrimadas_standAEHM_Fitur2021-2-1024x768.jpeg\" alt=\"\" width=\"980\" height=\"735\" \/>Bego\u00f1a Villac\u00eds e\u00a0In\u00e9s Arrimadas visitan el stand de AEHM en Fitur 2021<\/p>\n<p>As\u00ed, los representantes pol\u00edticos han querido <strong>conocer de primera mano las inquietudes del sector y la situaci\u00f3n que se est\u00e1 viviendo tras el a\u00f1o de pandemia que ha castigado fuertemente a esta industria.<\/strong><\/p>\n<p><strong>Para AEHM, este encuentro responde al di\u00e1logo fluido y al compromiso que desde las administraciones se mantiene con el sector para la reactivaci\u00f3n tur\u00edstica y para volver a reposicionar Madrid como un destino seguro, competitivo, \u00fanico y de referencia a nivel internacional.<\/strong> \u201cEl di\u00e1logo y la colaboraci\u00f3n p\u00fablico-privada es necesario para avanzar en la promoci\u00f3n de nuestro sector y para salir adelante con medidas sostenibles e innovadoras\u201d, se\u00f1alan los hoteleros madrile\u00f1os.<\/p>\n","protected":false},"excerpt":{"rendered":"<p>Madrid, 21 de mayo de 2021.- El alcalde de Madrid, Jos\u00e9 Luis Mart\u00ednez Almeida, y la vicealcaldesa Bego\u00f1a Villac\u00eds, acompa\u00f1ada esta \u00faltima por la presidenta del grupo Ciudadanos, In\u00e9s Arrimadas, han visitado hoy el stand de la Asociaci\u00f3n Empresarial Hotelera de Madrid (AEHM) en Fitur, que adem\u00e1s ha sido premiado como \u2018Mejor Stand\u2019 dentro de [&hellip;]<\/p>\n","protected":false},"author":6,"featured_media":9664,"comment_status":"closed","ping_status":"open","sticky":false,"template":"","format":"standard","meta":{"footnotes":""},"categories":[1],"tags":[],"class_list":["post-9656","post","type-post","status-publish","format-standard","has-post-thumbnail","hentry","category-actualidad-aehm"],"yoast_head":"<!-- This site is optimized with the Yoast SEO plugin v27.5 - https:\/\/yoast.com\/product\/yoast-seo-wordpress\/ -->\n<title>El alcalde y la vicealcaldesa de Madrid visitan el stand de AEHM en Fitur - AEHM<\/title>\n<meta name=\"description\" content=\"El alcalde de Madrid, Jos\u00e9 Luis Mart\u00ednez Almeida, y la vicealcaldesa Bego\u00f1a Villac\u00eds, acompa\u00f1ada por In\u00e9s Arrimadas, han visitado hoy el stand de la Asociaci\u00f3n Empresarial Hotelera de Madrid (AEHM) en Fitur, que adem\u00e1s ha sido premiado como \u2018Mejor Stand\u2019 dentro de la categor\u00eda de Empresas que otorga esta feria.\" \/>\n<meta name=\"robots\" content=\"index, follow, max-snippet:-1, max-image-preview:large, max-video-preview:-1\" \/>\n<link rel=\"canonical\" href=\"https:\/\/aehm.es\/el-alcalde-y-la-vicealcaldesa-de-madrid-visitan-el-stand-de-aehm-en-fitur\/\" \/>\n<meta property=\"og:locale\" content=\"en_US\" \/>\n<meta property=\"og:type\" content=\"article\" \/>\n<meta property=\"og:title\" content=\"El alcalde y la vicealcaldesa de Madrid visitan el stand de AEHM en Fitur - AEHM\" \/>\n<meta property=\"og:description\" content=\"El alcalde de Madrid, Jos\u00e9 Luis Mart\u00ednez Almeida, y la vicealcaldesa Bego\u00f1a Villac\u00eds, acompa\u00f1ada por In\u00e9s Arrimadas, han visitado hoy el stand de la Asociaci\u00f3n Empresarial Hotelera de Madrid (AEHM) en Fitur, que adem\u00e1s ha sido premiado como \u2018Mejor Stand\u2019 dentro de la categor\u00eda de Empresas que otorga esta feria.\" \/>\n<meta property=\"og:url\" content=\"https:\/\/aehm.es\/el-alcalde-y-la-vicealcaldesa-de-madrid-visitan-el-stand-de-aehm-en-fitur\/\" \/>\n<meta property=\"og:site_name\" content=\"AEHM\" \/>\n<meta property=\"article:publisher\" content=\"https:\/\/www.instagram.com\/hotelesdemadrid\/\" \/>\n<meta property=\"article:published_time\" content=\"2021-05-21T12:26:38+00:00\" \/>\n<meta property=\"og:image\" content=\"https:\/\/aehm.es\/wp-content\/uploads\/2021\/05\/banners-6-1.png\" \/>\n\t<meta property=\"og:image:width\" content=\"1600\" \/>\n\t<meta property=\"og:image:height\" content=\"500\" \/>\n\t<meta property=\"og:image:type\" content=\"image\/png\" \/>\n<meta name=\"author\" content=\"AEHM\" \/>\n<meta name=\"twitter:card\" content=\"summary_large_image\" \/>\n<meta name=\"twitter:creator\" content=\"@HotelesAEHM\" \/>\n<meta name=\"twitter:site\" content=\"@HotelesAEHM\" \/>\n<meta name=\"twitter:label1\" content=\"Written by\" \/>\n\t<meta name=\"twitter:data1\" content=\"AEHM\" \/>\n\t<meta name=\"twitter:label2\" content=\"Est. reading time\" \/>\n\t<meta name=\"twitter:data2\" content=\"2 minutes\" \/>\n<script type=\"application\/ld+json\" class=\"yoast-schema-graph\">{\"@context\":\"https:\\\/\\\/schema.org\",\"@graph\":[{\"@type\":\"Article\",\"@id\":\"https:\\\/\\\/aehm.es\\\/el-alcalde-y-la-vicealcaldesa-de-madrid-visitan-el-stand-de-aehm-en-fitur\\\/#article\",\"isPartOf\":{\"@id\":\"https:\\\/\\\/aehm.es\\\/el-alcalde-y-la-vicealcaldesa-de-madrid-visitan-el-stand-de-aehm-en-fitur\\\/\"},\"author\":{\"name\":\"AEHM\",\"@id\":\"https:\\\/\\\/aehm.es\\\/#\\\/schema\\\/person\\\/58cdfbe53350e8a71ac8d148eda300cf\"},\"headline\":\"El alcalde y la vicealcaldesa de Madrid visitan el stand de AEHM en Fitur\",\"datePublished\":\"2021-05-21T12:26:38+00:00\",\"mainEntityOfPage\":{\"@id\":\"https:\\\/\\\/aehm.es\\\/el-alcalde-y-la-vicealcaldesa-de-madrid-visitan-el-stand-de-aehm-en-fitur\\\/\"},\"wordCount\":281,\"publisher\":{\"@id\":\"https:\\\/\\\/aehm.es\\\/#organization\"},\"image\":{\"@id\":\"https:\\\/\\\/aehm.es\\\/el-alcalde-y-la-vicealcaldesa-de-madrid-visitan-el-stand-de-aehm-en-fitur\\\/#primaryimage\"},\"thumbnailUrl\":\"https:\\\/\\\/aehm.es\\\/wp-content\\\/uploads\\\/2021\\\/05\\\/banners-6-1.png\",\"articleSection\":[\"Actualidad AEHM\"],\"inLanguage\":\"en-US\"},{\"@type\":\"WebPage\",\"@id\":\"https:\\\/\\\/aehm.es\\\/el-alcalde-y-la-vicealcaldesa-de-madrid-visitan-el-stand-de-aehm-en-fitur\\\/\",\"url\":\"https:\\\/\\\/aehm.es\\\/el-alcalde-y-la-vicealcaldesa-de-madrid-visitan-el-stand-de-aehm-en-fitur\\\/\",\"name\":\"El alcalde y la vicealcaldesa de Madrid visitan el stand de AEHM en Fitur - AEHM\",\"isPartOf\":{\"@id\":\"https:\\\/\\\/aehm.es\\\/#website\"},\"primaryImageOfPage\":{\"@id\":\"https:\\\/\\\/aehm.es\\\/el-alcalde-y-la-vicealcaldesa-de-madrid-visitan-el-stand-de-aehm-en-fitur\\\/#primaryimage\"},\"image\":{\"@id\":\"https:\\\/\\\/aehm.es\\\/el-alcalde-y-la-vicealcaldesa-de-madrid-visitan-el-stand-de-aehm-en-fitur\\\/#primaryimage\"},\"thumbnailUrl\":\"https:\\\/\\\/aehm.es\\\/wp-content\\\/uploads\\\/2021\\\/05\\\/banners-6-1.png\",\"datePublished\":\"2021-05-21T12:26:38+00:00\",\"description\":\"El alcalde de Madrid, Jos\u00e9 Luis Mart\u00ednez Almeida, y la vicealcaldesa Bego\u00f1a Villac\u00eds, acompa\u00f1ada por In\u00e9s Arrimadas, han visitado hoy el stand de la Asociaci\u00f3n Empresarial Hotelera de Madrid (AEHM) en Fitur, que adem\u00e1s ha sido premiado como \u2018Mejor Stand\u2019 dentro de la categor\u00eda de Empresas que otorga esta feria.\",\"breadcrumb\":{\"@id\":\"https:\\\/\\\/aehm.es\\\/el-alcalde-y-la-vicealcaldesa-de-madrid-visitan-el-stand-de-aehm-en-fitur\\\/#breadcrumb\"},\"inLanguage\":\"en-US\",\"potentialAction\":[{\"@type\":\"ReadAction\",\"target\":[\"https:\\\/\\\/aehm.es\\\/el-alcalde-y-la-vicealcaldesa-de-madrid-visitan-el-stand-de-aehm-en-fitur\\\/\"]}]},{\"@type\":\"ImageObject\",\"inLanguage\":\"en-US\",\"@id\":\"https:\\\/\\\/aehm.es\\\/el-alcalde-y-la-vicealcaldesa-de-madrid-visitan-el-stand-de-aehm-en-fitur\\\/#primaryimage\",\"url\":\"https:\\\/\\\/aehm.es\\\/wp-content\\\/uploads\\\/2021\\\/05\\\/banners-6-1.png\",\"contentUrl\":\"https:\\\/\\\/aehm.es\\\/wp-content\\\/uploads\\\/2021\\\/05\\\/banners-6-1.png\",\"width\":1600,\"height\":500},{\"@type\":\"BreadcrumbList\",\"@id\":\"https:\\\/\\\/aehm.es\\\/el-alcalde-y-la-vicealcaldesa-de-madrid-visitan-el-stand-de-aehm-en-fitur\\\/#breadcrumb\",\"itemListElement\":[{\"@type\":\"ListItem\",\"position\":1,\"name\":\"Portada\",\"item\":\"https:\\\/\\\/aehm.es\\\/en\\\/\"},{\"@type\":\"ListItem\",\"position\":2,\"name\":\"El alcalde y la vicealcaldesa de Madrid visitan el stand de AEHM en Fitur\"}]},{\"@type\":\"WebSite\",\"@id\":\"https:\\\/\\\/aehm.es\\\/#website\",\"url\":\"https:\\\/\\\/aehm.es\\\/\",\"name\":\"Asociaci\u00f3n Empresarial Hotelera de Madrid\",\"description\":\"La Asociaci\u00f3n Empresarial Hotelera Madrid est\u00e1 formada por m\u00e1s de 300 establecimientos de todas las categor\u00edas y tipolog\u00edas (hoteles, hostales, hostels, apartamentos\u2026) que suman m\u00e1s de 75.000 plazas de alojamiento.\",\"publisher\":{\"@id\":\"https:\\\/\\\/aehm.es\\\/#organization\"},\"alternateName\":\"AEHM\",\"potentialAction\":[{\"@type\":\"SearchAction\",\"target\":{\"@type\":\"EntryPoint\",\"urlTemplate\":\"https:\\\/\\\/aehm.es\\\/?s={search_term_string}\"},\"query-input\":{\"@type\":\"PropertyValueSpecification\",\"valueRequired\":true,\"valueName\":\"search_term_string\"}}],\"inLanguage\":\"en-US\"},{\"@type\":\"Organization\",\"@id\":\"https:\\\/\\\/aehm.es\\\/#organization\",\"name\":\"Asociaci\u00f3n Empresarial Hotelera de Madrid\",\"url\":\"https:\\\/\\\/aehm.es\\\/\",\"logo\":{\"@type\":\"ImageObject\",\"inLanguage\":\"en-US\",\"@id\":\"https:\\\/\\\/aehm.es\\\/#\\\/schema\\\/logo\\\/image\\\/\",\"url\":\"https:\\\/\\\/aehm.es\\\/wp-content\\\/uploads\\\/2021\\\/11\\\/Logo_AEHM_Horiz.png\",\"contentUrl\":\"https:\\\/\\\/aehm.es\\\/wp-content\\\/uploads\\\/2021\\\/11\\\/Logo_AEHM_Horiz.png\",\"width\":600,\"height\":182,\"caption\":\"Asociaci\u00f3n Empresarial Hotelera de Madrid\"},\"image\":{\"@id\":\"https:\\\/\\\/aehm.es\\\/#\\\/schema\\\/logo\\\/image\\\/\"},\"sameAs\":[\"https:\\\/\\\/www.instagram.com\\\/hotelesdemadrid\\\/\",\"https:\\\/\\\/x.com\\\/HotelesAEHM\",\"https:\\\/\\\/www.linkedin.com\\\/company\\\/11166072\\\/\"]},{\"@type\":\"Person\",\"@id\":\"https:\\\/\\\/aehm.es\\\/#\\\/schema\\\/person\\\/58cdfbe53350e8a71ac8d148eda300cf\",\"name\":\"AEHM\",\"image\":{\"@type\":\"ImageObject\",\"inLanguage\":\"en-US\",\"@id\":\"https:\\\/\\\/secure.gravatar.com\\\/avatar\\\/2099e69605fbf94dd3c7c94e50210cd6a0ec00b330b72006bac5376652d3ca22?s=96&d=mm&r=g\",\"url\":\"https:\\\/\\\/secure.gravatar.com\\\/avatar\\\/2099e69605fbf94dd3c7c94e50210cd6a0ec00b330b72006bac5376652d3ca22?s=96&d=mm&r=g\",\"contentUrl\":\"https:\\\/\\\/secure.gravatar.com\\\/avatar\\\/2099e69605fbf94dd3c7c94e50210cd6a0ec00b330b72006bac5376652d3ca22?s=96&d=mm&r=g\",\"caption\":\"AEHM\"},\"url\":\"https:\\\/\\\/aehm.es\\\/en\\\/author\\\/maricarmen\\\/\"}]}<\/script>\n<!-- \/ Yoast SEO plugin. -->","yoast_head_json":{"title":"El alcalde y la vicealcaldesa de Madrid visitan el stand de AEHM en Fitur - AEHM","description":"El alcalde de Madrid, Jos\u00e9 Luis Mart\u00ednez Almeida, y la vicealcaldesa Bego\u00f1a Villac\u00eds, acompa\u00f1ada por In\u00e9s Arrimadas, han visitado hoy el stand de la Asociaci\u00f3n Empresarial Hotelera de Madrid (AEHM) en Fitur, que adem\u00e1s ha sido premiado como \u2018Mejor Stand\u2019 dentro de la categor\u00eda de Empresas que otorga esta feria.","robots":{"index":"index","follow":"follow","max-snippet":"max-snippet:-1","max-image-preview":"max-image-preview:large","max-video-preview":"max-video-preview:-1"},"canonical":"https:\/\/aehm.es\/el-alcalde-y-la-vicealcaldesa-de-madrid-visitan-el-stand-de-aehm-en-fitur\/","og_locale":"en_US","og_type":"article","og_title":"El alcalde y la vicealcaldesa de Madrid visitan el stand de AEHM en Fitur - AEHM","og_description":"El alcalde de Madrid, Jos\u00e9 Luis Mart\u00ednez Almeida, y la vicealcaldesa Bego\u00f1a Villac\u00eds, acompa\u00f1ada por In\u00e9s Arrimadas, han visitado hoy el stand de la Asociaci\u00f3n Empresarial Hotelera de Madrid (AEHM) en Fitur, que adem\u00e1s ha sido premiado como \u2018Mejor Stand\u2019 dentro de la categor\u00eda de Empresas que otorga esta feria.","og_url":"https:\/\/aehm.es\/el-alcalde-y-la-vicealcaldesa-de-madrid-visitan-el-stand-de-aehm-en-fitur\/","og_site_name":"AEHM","article_publisher":"https:\/\/www.instagram.com\/hotelesdemadrid\/","article_published_time":"2021-05-21T12:26:38+00:00","og_image":[{"width":1600,"height":500,"url":"https:\/\/aehm.es\/wp-content\/uploads\/2021\/05\/banners-6-1.png","type":"image\/png"}],"author":"AEHM","twitter_card":"summary_large_image","twitter_creator":"@HotelesAEHM","twitter_site":"@HotelesAEHM","twitter_misc":{"Written by":"AEHM","Est. reading time":"2 minutes"},"schema":{"@context":"https:\/\/schema.org","@graph":[{"@type":"Article","@id":"https:\/\/aehm.es\/el-alcalde-y-la-vicealcaldesa-de-madrid-visitan-el-stand-de-aehm-en-fitur\/#article","isPartOf":{"@id":"https:\/\/aehm.es\/el-alcalde-y-la-vicealcaldesa-de-madrid-visitan-el-stand-de-aehm-en-fitur\/"},"author":{"name":"AEHM","@id":"https:\/\/aehm.es\/#\/schema\/person\/58cdfbe53350e8a71ac8d148eda300cf"},"headline":"El alcalde y la vicealcaldesa de Madrid visitan el stand de AEHM en Fitur","datePublished":"2021-05-21T12:26:38+00:00","mainEntityOfPage":{"@id":"https:\/\/aehm.es\/el-alcalde-y-la-vicealcaldesa-de-madrid-visitan-el-stand-de-aehm-en-fitur\/"},"wordCount":281,"publisher":{"@id":"https:\/\/aehm.es\/#organization"},"image":{"@id":"https:\/\/aehm.es\/el-alcalde-y-la-vicealcaldesa-de-madrid-visitan-el-stand-de-aehm-en-fitur\/#primaryimage"},"thumbnailUrl":"https:\/\/aehm.es\/wp-content\/uploads\/2021\/05\/banners-6-1.png","articleSection":["Actualidad AEHM"],"inLanguage":"en-US"},{"@type":"WebPage","@id":"https:\/\/aehm.es\/el-alcalde-y-la-vicealcaldesa-de-madrid-visitan-el-stand-de-aehm-en-fitur\/","url":"https:\/\/aehm.es\/el-alcalde-y-la-vicealcaldesa-de-madrid-visitan-el-stand-de-aehm-en-fitur\/","name":"El alcalde y la vicealcaldesa de Madrid visitan el stand de AEHM en Fitur - AEHM","isPartOf":{"@id":"https:\/\/aehm.es\/#website"},"primaryImageOfPage":{"@id":"https:\/\/aehm.es\/el-alcalde-y-la-vicealcaldesa-de-madrid-visitan-el-stand-de-aehm-en-fitur\/#primaryimage"},"image":{"@id":"https:\/\/aehm.es\/el-alcalde-y-la-vicealcaldesa-de-madrid-visitan-el-stand-de-aehm-en-fitur\/#primaryimage"},"thumbnailUrl":"https:\/\/aehm.es\/wp-content\/uploads\/2021\/05\/banners-6-1.png","datePublished":"2021-05-21T12:26:38+00:00","description":"El alcalde de Madrid, Jos\u00e9 Luis Mart\u00ednez Almeida, y la vicealcaldesa Bego\u00f1a Villac\u00eds, acompa\u00f1ada por In\u00e9s Arrimadas, han visitado hoy el stand de la Asociaci\u00f3n Empresarial Hotelera de Madrid (AEHM) en Fitur, que adem\u00e1s ha sido premiado como \u2018Mejor Stand\u2019 dentro de la categor\u00eda de Empresas que otorga esta feria.","breadcrumb":{"@id":"https:\/\/aehm.es\/el-alcalde-y-la-vicealcaldesa-de-madrid-visitan-el-stand-de-aehm-en-fitur\/#breadcrumb"},"inLanguage":"en-US","potentialAction":[{"@type":"ReadAction","target":["https:\/\/aehm.es\/el-alcalde-y-la-vicealcaldesa-de-madrid-visitan-el-stand-de-aehm-en-fitur\/"]}]},{"@type":"ImageObject","inLanguage":"en-US","@id":"https:\/\/aehm.es\/el-alcalde-y-la-vicealcaldesa-de-madrid-visitan-el-stand-de-aehm-en-fitur\/#primaryimage","url":"https:\/\/aehm.es\/wp-content\/uploads\/2021\/05\/banners-6-1.png","contentUrl":"https:\/\/aehm.es\/wp-content\/uploads\/2021\/05\/banners-6-1.png","width":1600,"height":500},{"@type":"BreadcrumbList","@id":"https:\/\/aehm.es\/el-alcalde-y-la-vicealcaldesa-de-madrid-visitan-el-stand-de-aehm-en-fitur\/#breadcrumb","itemListElement":[{"@type":"ListItem","position":1,"name":"Portada","item":"https:\/\/aehm.es\/en\/"},{"@type":"ListItem","position":2,"name":"El alcalde y la vicealcaldesa de Madrid visitan el stand de AEHM en Fitur"}]},{"@type":"WebSite","@id":"https:\/\/aehm.es\/#website","url":"https:\/\/aehm.es\/","name":"Asociaci\u00f3n Empresarial Hotelera de Madrid","description":"La Asociaci\u00f3n Empresarial Hotelera Madrid est\u00e1 formada por m\u00e1s de 300 establecimientos de todas las categor\u00edas y tipolog\u00edas (hoteles, hostales, hostels, apartamentos\u2026) que suman m\u00e1s de 75.000 plazas de alojamiento.","publisher":{"@id":"https:\/\/aehm.es\/#organization"},"alternateName":"AEHM","potentialAction":[{"@type":"SearchAction","target":{"@type":"EntryPoint","urlTemplate":"https:\/\/aehm.es\/?s={search_term_string}"},"query-input":{"@type":"PropertyValueSpecification","valueRequired":true,"valueName":"search_term_string"}}],"inLanguage":"en-US"},{"@type":"Organization","@id":"https:\/\/aehm.es\/#organization","name":"Asociaci\u00f3n Empresarial Hotelera de Madrid","url":"https:\/\/aehm.es\/","logo":{"@type":"ImageObject","inLanguage":"en-US","@id":"https:\/\/aehm.es\/#\/schema\/logo\/image\/","url":"https:\/\/aehm.es\/wp-content\/uploads\/2021\/11\/Logo_AEHM_Horiz.png","contentUrl":"https:\/\/aehm.es\/wp-content\/uploads\/2021\/11\/Logo_AEHM_Horiz.png","width":600,"height":182,"caption":"Asociaci\u00f3n Empresarial Hotelera de Madrid"},"image":{"@id":"https:\/\/aehm.es\/#\/schema\/logo\/image\/"},"sameAs":["https:\/\/www.instagram.com\/hotelesdemadrid\/","https:\/\/x.com\/HotelesAEHM","https:\/\/www.linkedin.com\/company\/11166072\/"]},{"@type":"Person","@id":"https:\/\/aehm.es\/#\/schema\/person\/58cdfbe53350e8a71ac8d148eda300cf","name":"AEHM","image":{"@type":"ImageObject","inLanguage":"en-US","@id":"https:\/\/secure.gravatar.com\/avatar\/2099e69605fbf94dd3c7c94e50210cd6a0ec00b330b72006bac5376652d3ca22?s=96&d=mm&r=g","url":"https:\/\/secure.gravatar.com\/avatar\/2099e69605fbf94dd3c7c94e50210cd6a0ec00b330b72006bac5376652d3ca22?s=96&d=mm&r=g","contentUrl":"https:\/\/secure.gravatar.com\/avatar\/2099e69605fbf94dd3c7c94e50210cd6a0ec00b330b72006bac5376652d3ca22?s=96&d=mm&r=g","caption":"AEHM"},"url":"https:\/\/aehm.es\/en\/author\/maricarmen\/"}]}},"_links":{"self":[{"href":"https:\/\/aehm.es\/en\/wp-json\/wp\/v2\/posts\/9656","targetHints":{"allow":["GET"]}}],"collection":[{"href":"https:\/\/aehm.es\/en\/wp-json\/wp\/v2\/posts"}],"about":[{"href":"https:\/\/aehm.es\/en\/wp-json\/wp\/v2\/types\/post"}],"author":[{"embeddable":true,"href":"https:\/\/aehm.es\/en\/wp-json\/wp\/v2\/users\/6"}],"replies":[{"embeddable":true,"href":"https:\/\/aehm.es\/en\/wp-json\/wp\/v2\/comments?post=9656"}],"version-history":[{"count":0,"href":"https:\/\/aehm.es\/en\/wp-json\/wp\/v2\/posts\/9656\/revisions"}],"wp:featuredmedia":[{"embeddable":true,"href":"https:\/\/aehm.es\/en\/wp-json\/wp\/v2\/media\/9664"}],"wp:attachment":[{"href":"https:\/\/aehm.es\/en\/wp-json\/wp\/v2\/media?parent=9656"}],"wp:term":[{"taxonomy":"category","embeddable":true,"href":"https:\/\/aehm.es\/en\/wp-json\/wp\/v2\/categories?post=9656"},{"taxonomy":"post_tag","embeddable":true,"href":"https:\/\/aehm.es\/en\/wp-json\/wp\/v2\/tags?post=9656"}],"curies":[{"name":"wp","href":"https:\/\/api.w.org\/{rel}","templated":true}]}}