{"id":9319,"date":"2021-04-13T11:50:00","date_gmt":"2021-04-13T11:50:00","guid":{"rendered":"https:\/\/aehm.es\/?p=9319"},"modified":"2021-04-13T11:50:00","modified_gmt":"2021-04-13T11:50:00","slug":"aehm-y-la-camara-de-comercio-de-madrid-colaboraran-en-materia-de-formacion-hotelera-y-turistica","status":"publish","type":"post","link":"https:\/\/aehm.es\/en\/aehm-y-la-camara-de-comercio-de-madrid-colaboraran-en-materia-de-formacion-hotelera-y-turistica\/","title":{"rendered":"AEHM y la C\u00e1mara de Comercio de Madrid colaborar\u00e1n en materia de formaci\u00f3n hotelera y tur\u00edstica"},"content":{"rendered":"<ul>\n<li><strong>A trav\u00e9s de la firma de un convenio de colaboraci\u00f3n entre las dos entidades, de la mano del presidente de AEHM, Gabriel Garc\u00eda Alonso, y del presidente de la C\u00e1mara Oficial de Comercio, Industria y Servicios de Madrid, \u00c1ngel Asensio Laguna.<\/strong><\/li>\n<\/ul>\n<p><em>Madrid, 13 de abril de 2021.-<\/em> <strong>La Asociaci\u00f3n Empresarial Hotelera de Madrid (AEHM) y la C\u00e1mara Oficial de Comercio, Industria y Servicios de Madrid han firmado un convenio de colaboraci\u00f3n,<\/strong> con el objetivo de establecer l\u00edneas de actuaci\u00f3n entre ambas entidades para poner a disposici\u00f3n de AEHM las <strong>acciones de formaci\u00f3n especializada en materia hotelera y tur\u00edstica para cubrir las necesidades de sus asociados.<\/strong><\/p>\n<p>A trav\u00e9s de este acuerdo -suscrito por el <strong>presidente de AEHM, Gabriel Garc\u00eda Alonso<\/strong>, y el <strong>presidente de la C\u00e1mara de Comercio de Madrid, \u00c1ngel Asensio Laguna<\/strong>&#8211; la C\u00e1mara pone a disposici\u00f3n de AEHM su <strong>Instituto de Formaci\u00f3n Empresarial (IFE)<\/strong> como facilitador de un servicio global de formaci\u00f3n especializada en su modalidad presencial, aula virtual y online impartidas por la C\u00e1mara.<\/p>\n<p>Adem\u00e1s, la C\u00e1mara de Comercio de Madrid tambi\u00e9n pondr\u00e1 a disposici\u00f3n de la Asociaci\u00f3n su <strong>Servicio de Bolsa de Empleo<\/strong> para cubrir en la medida de lo posible las necesidades del personal y alumnos en pr\u00e1cticas de sus empresas asociadas, siempre contando con alumnos y exalumnos del IFE.<\/p>\n<p>Para AEHM, la formaci\u00f3n es \u201cclave\u201d para impulsar el turismo y para una reactivaci\u00f3n \u201cfuerte y sostenible\u201d del sector, ya que se trata de uno de los m\u00e1s afectados por la pandemia y, en su opini\u00f3n, \u201ces necesario aplicar medidas enfocadas a generar un valor a\u00f1adido\u201d. En esta l\u00ednea, una de sus prioridades es la mejora de la formaci\u00f3n y cualificaci\u00f3n especializada y actualizada de sus profesionales para ofrecer un servicio competitivo y de calidad.<\/p>\n<blockquote><p>AEHM considera que, gracias a este tipo de colaboraciones, el sector afronta con \u00e9xito los retos futuros, promoviendo la capacitaci\u00f3n de los profesionales, potenciando sus habilidades y, por tanto, las competencias m\u00e1s demandadas en la industria<\/p><\/blockquote>\n<p>Asimismo, la Asociaci\u00f3n considera que, gracias a este tipo de colaboraciones, el sector afronta con \u00e9xito los retos futuros, promoviendo la capacitaci\u00f3n de los profesionales, potenciando sus habilidades y, por tanto, las competencias m\u00e1s demandadas en la industria. En este sentido, se\u00f1ala que, adem\u00e1s de aspectos \u201ctan importantes\u201d como la sostenibilidad, la seguridad o la digitalizaci\u00f3n para la reactivaci\u00f3n del sector, la formaci\u00f3n cobra especial relevancia para una mayor competitividad y para satisfacer las demandas de un cliente \u201ccada vez m\u00e1s exigente\u201d.<\/p>\n<figure id=\"attachment_9320\" aria-describedby=\"caption-attachment-9320\" style=\"width: 900px\" class=\"wp-caption aligncenter\"><img fetchpriority=\"high\" decoding=\"async\" class=\"wp-image-9320\" src=\"https:\/\/aehm.es\/wp-content\/uploads\/2021\/04\/Firma-convenio-AEHM-Camara-de-Comercio-de-Madrid-1.jpg\" alt=\"\" width=\"900\" height=\"669\" \/><figcaption id=\"caption-attachment-9320\" class=\"wp-caption-text\">Representantes de AEHM y de la C\u00e1mara de Comercio durante la firma del convenio 13\/04\/2021<\/figcaption><\/figure>\n<p>&nbsp;<\/p>\n<p>&nbsp;<\/p>\n","protected":false},"excerpt":{"rendered":"<p>A trav\u00e9s de la firma de un convenio de colaboraci\u00f3n entre las dos entidades, de la mano del presidente de AEHM, Gabriel Garc\u00eda Alonso, y del presidente de la C\u00e1mara Oficial de Comercio, Industria y Servicios de Madrid, \u00c1ngel Asensio Laguna. Madrid, 13 de abril de 2021.- La Asociaci\u00f3n Empresarial Hotelera de Madrid (AEHM) y [&hellip;]<\/p>\n","protected":false},"author":6,"featured_media":9324,"comment_status":"closed","ping_status":"open","sticky":false,"template":"","format":"standard","meta":{"footnotes":""},"categories":[1],"tags":[],"class_list":["post-9319","post","type-post","status-publish","format-standard","has-post-thumbnail","hentry","category-actualidad-aehm"],"yoast_head":"<!-- This site is optimized with the Yoast SEO plugin v27.5 - https:\/\/yoast.com\/product\/yoast-seo-wordpress\/ -->\n<title>AEHM y la C\u00e1mara de Comercio de Madrid colaborar\u00e1n en materia de formaci\u00f3n hotelera y tur\u00edstica - AEHM<\/title>\n<meta name=\"description\" content=\"A trav\u00e9s de la firma de un convenio de colaboraci\u00f3n entre las dos entidades, de la mano del presidente de AEHM, Gabriel Garc\u00eda Alonso, y del presidente de la C\u00e1mara Oficial de Comercio, Industria y Servicios de Madrid, \u00c1ngel Asensio Laguna.\" \/>\n<meta name=\"robots\" content=\"index, follow, max-snippet:-1, max-image-preview:large, max-video-preview:-1\" \/>\n<link rel=\"canonical\" href=\"https:\/\/aehm.es\/aehm-y-la-camara-de-comercio-de-madrid-colaboraran-en-materia-de-formacion-hotelera-y-turistica\/\" \/>\n<meta property=\"og:locale\" content=\"en_US\" \/>\n<meta property=\"og:type\" content=\"article\" \/>\n<meta property=\"og:title\" content=\"AEHM y la C\u00e1mara de Comercio de Madrid colaborar\u00e1n en materia de formaci\u00f3n hotelera y tur\u00edstica - AEHM\" \/>\n<meta property=\"og:description\" content=\"A trav\u00e9s de la firma de un convenio de colaboraci\u00f3n entre las dos entidades, de la mano del presidente de AEHM, Gabriel Garc\u00eda Alonso, y del presidente de la C\u00e1mara Oficial de Comercio, Industria y Servicios de Madrid, \u00c1ngel Asensio Laguna.\" \/>\n<meta property=\"og:url\" content=\"https:\/\/aehm.es\/aehm-y-la-camara-de-comercio-de-madrid-colaboraran-en-materia-de-formacion-hotelera-y-turistica\/\" \/>\n<meta property=\"og:site_name\" content=\"AEHM\" \/>\n<meta property=\"article:publisher\" content=\"https:\/\/www.instagram.com\/hotelesdemadrid\/\" \/>\n<meta property=\"article:published_time\" content=\"2021-04-13T11:50:00+00:00\" \/>\n<meta property=\"og:image\" content=\"https:\/\/aehm.es\/wp-content\/uploads\/2021\/04\/AEHM-y-la-Camara-de-Comercio-de-Madrid-colaboraran-en-materia-de-formacion-hotelera-1.png\" \/>\n\t<meta property=\"og:image:width\" content=\"1200\" \/>\n\t<meta property=\"og:image:height\" content=\"624\" \/>\n\t<meta property=\"og:image:type\" content=\"image\/png\" \/>\n<meta name=\"author\" content=\"AEHM\" \/>\n<meta name=\"twitter:card\" content=\"summary_large_image\" \/>\n<meta name=\"twitter:image\" content=\"https:\/\/aehm.es\/wp-content\/uploads\/2021\/04\/AEHM-y-la-Camara-de-Comercio-de-Madrid-colaboraran-en-materia-de-formacion-hotelera-1.png\" \/>\n<meta name=\"twitter:creator\" content=\"@HotelesAEHM\" \/>\n<meta name=\"twitter:site\" content=\"@HotelesAEHM\" \/>\n<meta name=\"twitter:label1\" content=\"Written by\" \/>\n\t<meta name=\"twitter:data1\" content=\"AEHM\" \/>\n\t<meta name=\"twitter:label2\" content=\"Est. reading time\" \/>\n\t<meta name=\"twitter:data2\" content=\"3 minutes\" \/>\n<script type=\"application\/ld+json\" class=\"yoast-schema-graph\">{\"@context\":\"https:\\\/\\\/schema.org\",\"@graph\":[{\"@type\":\"Article\",\"@id\":\"https:\\\/\\\/aehm.es\\\/aehm-y-la-camara-de-comercio-de-madrid-colaboraran-en-materia-de-formacion-hotelera-y-turistica\\\/#article\",\"isPartOf\":{\"@id\":\"https:\\\/\\\/aehm.es\\\/aehm-y-la-camara-de-comercio-de-madrid-colaboraran-en-materia-de-formacion-hotelera-y-turistica\\\/\"},\"author\":{\"name\":\"AEHM\",\"@id\":\"https:\\\/\\\/aehm.es\\\/#\\\/schema\\\/person\\\/58cdfbe53350e8a71ac8d148eda300cf\"},\"headline\":\"AEHM y la C\u00e1mara de Comercio de Madrid colaborar\u00e1n en materia de formaci\u00f3n hotelera y tur\u00edstica\",\"datePublished\":\"2021-04-13T11:50:00+00:00\",\"mainEntityOfPage\":{\"@id\":\"https:\\\/\\\/aehm.es\\\/aehm-y-la-camara-de-comercio-de-madrid-colaboraran-en-materia-de-formacion-hotelera-y-turistica\\\/\"},\"wordCount\":495,\"publisher\":{\"@id\":\"https:\\\/\\\/aehm.es\\\/#organization\"},\"image\":{\"@id\":\"https:\\\/\\\/aehm.es\\\/aehm-y-la-camara-de-comercio-de-madrid-colaboraran-en-materia-de-formacion-hotelera-y-turistica\\\/#primaryimage\"},\"thumbnailUrl\":\"https:\\\/\\\/aehm.es\\\/wp-content\\\/uploads\\\/2021\\\/04\\\/Firma-convenio-AEHM-Camara-de-Comercio-de-Madrid-2.2-1.jpg\",\"articleSection\":[\"Actualidad AEHM\"],\"inLanguage\":\"en-US\"},{\"@type\":\"WebPage\",\"@id\":\"https:\\\/\\\/aehm.es\\\/aehm-y-la-camara-de-comercio-de-madrid-colaboraran-en-materia-de-formacion-hotelera-y-turistica\\\/\",\"url\":\"https:\\\/\\\/aehm.es\\\/aehm-y-la-camara-de-comercio-de-madrid-colaboraran-en-materia-de-formacion-hotelera-y-turistica\\\/\",\"name\":\"AEHM y la C\u00e1mara de Comercio de Madrid colaborar\u00e1n en materia de formaci\u00f3n hotelera y tur\u00edstica - AEHM\",\"isPartOf\":{\"@id\":\"https:\\\/\\\/aehm.es\\\/#website\"},\"primaryImageOfPage\":{\"@id\":\"https:\\\/\\\/aehm.es\\\/aehm-y-la-camara-de-comercio-de-madrid-colaboraran-en-materia-de-formacion-hotelera-y-turistica\\\/#primaryimage\"},\"image\":{\"@id\":\"https:\\\/\\\/aehm.es\\\/aehm-y-la-camara-de-comercio-de-madrid-colaboraran-en-materia-de-formacion-hotelera-y-turistica\\\/#primaryimage\"},\"thumbnailUrl\":\"https:\\\/\\\/aehm.es\\\/wp-content\\\/uploads\\\/2021\\\/04\\\/Firma-convenio-AEHM-Camara-de-Comercio-de-Madrid-2.2-1.jpg\",\"datePublished\":\"2021-04-13T11:50:00+00:00\",\"description\":\"A trav\u00e9s de la firma de un convenio de colaboraci\u00f3n entre las dos entidades, de la mano del presidente de AEHM, Gabriel Garc\u00eda Alonso, y del presidente de la C\u00e1mara Oficial de Comercio, Industria y Servicios de Madrid, \u00c1ngel Asensio Laguna.\",\"breadcrumb\":{\"@id\":\"https:\\\/\\\/aehm.es\\\/aehm-y-la-camara-de-comercio-de-madrid-colaboraran-en-materia-de-formacion-hotelera-y-turistica\\\/#breadcrumb\"},\"inLanguage\":\"en-US\",\"potentialAction\":[{\"@type\":\"ReadAction\",\"target\":[\"https:\\\/\\\/aehm.es\\\/aehm-y-la-camara-de-comercio-de-madrid-colaboraran-en-materia-de-formacion-hotelera-y-turistica\\\/\"]}]},{\"@type\":\"ImageObject\",\"inLanguage\":\"en-US\",\"@id\":\"https:\\\/\\\/aehm.es\\\/aehm-y-la-camara-de-comercio-de-madrid-colaboraran-en-materia-de-formacion-hotelera-y-turistica\\\/#primaryimage\",\"url\":\"https:\\\/\\\/aehm.es\\\/wp-content\\\/uploads\\\/2021\\\/04\\\/Firma-convenio-AEHM-Camara-de-Comercio-de-Madrid-2.2-1.jpg\",\"contentUrl\":\"https:\\\/\\\/aehm.es\\\/wp-content\\\/uploads\\\/2021\\\/04\\\/Firma-convenio-AEHM-Camara-de-Comercio-de-Madrid-2.2-1.jpg\",\"width\":874,\"height\":623},{\"@type\":\"BreadcrumbList\",\"@id\":\"https:\\\/\\\/aehm.es\\\/aehm-y-la-camara-de-comercio-de-madrid-colaboraran-en-materia-de-formacion-hotelera-y-turistica\\\/#breadcrumb\",\"itemListElement\":[{\"@type\":\"ListItem\",\"position\":1,\"name\":\"Portada\",\"item\":\"https:\\\/\\\/aehm.es\\\/en\\\/\"},{\"@type\":\"ListItem\",\"position\":2,\"name\":\"AEHM y la C\u00e1mara de Comercio de Madrid colaborar\u00e1n en materia de formaci\u00f3n hotelera y tur\u00edstica\"}]},{\"@type\":\"WebSite\",\"@id\":\"https:\\\/\\\/aehm.es\\\/#website\",\"url\":\"https:\\\/\\\/aehm.es\\\/\",\"name\":\"Asociaci\u00f3n Empresarial Hotelera de Madrid\",\"description\":\"La Asociaci\u00f3n Empresarial Hotelera Madrid est\u00e1 formada por m\u00e1s de 300 establecimientos de todas las categor\u00edas y tipolog\u00edas (hoteles, hostales, hostels, apartamentos\u2026) que suman m\u00e1s de 75.000 plazas de alojamiento.\",\"publisher\":{\"@id\":\"https:\\\/\\\/aehm.es\\\/#organization\"},\"alternateName\":\"AEHM\",\"potentialAction\":[{\"@type\":\"SearchAction\",\"target\":{\"@type\":\"EntryPoint\",\"urlTemplate\":\"https:\\\/\\\/aehm.es\\\/?s={search_term_string}\"},\"query-input\":{\"@type\":\"PropertyValueSpecification\",\"valueRequired\":true,\"valueName\":\"search_term_string\"}}],\"inLanguage\":\"en-US\"},{\"@type\":\"Organization\",\"@id\":\"https:\\\/\\\/aehm.es\\\/#organization\",\"name\":\"Asociaci\u00f3n Empresarial Hotelera de Madrid\",\"url\":\"https:\\\/\\\/aehm.es\\\/\",\"logo\":{\"@type\":\"ImageObject\",\"inLanguage\":\"en-US\",\"@id\":\"https:\\\/\\\/aehm.es\\\/#\\\/schema\\\/logo\\\/image\\\/\",\"url\":\"https:\\\/\\\/aehm.es\\\/wp-content\\\/uploads\\\/2021\\\/11\\\/Logo_AEHM_Horiz.png\",\"contentUrl\":\"https:\\\/\\\/aehm.es\\\/wp-content\\\/uploads\\\/2021\\\/11\\\/Logo_AEHM_Horiz.png\",\"width\":600,\"height\":182,\"caption\":\"Asociaci\u00f3n Empresarial Hotelera de Madrid\"},\"image\":{\"@id\":\"https:\\\/\\\/aehm.es\\\/#\\\/schema\\\/logo\\\/image\\\/\"},\"sameAs\":[\"https:\\\/\\\/www.instagram.com\\\/hotelesdemadrid\\\/\",\"https:\\\/\\\/x.com\\\/HotelesAEHM\",\"https:\\\/\\\/www.linkedin.com\\\/company\\\/11166072\\\/\"]},{\"@type\":\"Person\",\"@id\":\"https:\\\/\\\/aehm.es\\\/#\\\/schema\\\/person\\\/58cdfbe53350e8a71ac8d148eda300cf\",\"name\":\"AEHM\",\"image\":{\"@type\":\"ImageObject\",\"inLanguage\":\"en-US\",\"@id\":\"https:\\\/\\\/secure.gravatar.com\\\/avatar\\\/2099e69605fbf94dd3c7c94e50210cd6a0ec00b330b72006bac5376652d3ca22?s=96&d=mm&r=g\",\"url\":\"https:\\\/\\\/secure.gravatar.com\\\/avatar\\\/2099e69605fbf94dd3c7c94e50210cd6a0ec00b330b72006bac5376652d3ca22?s=96&d=mm&r=g\",\"contentUrl\":\"https:\\\/\\\/secure.gravatar.com\\\/avatar\\\/2099e69605fbf94dd3c7c94e50210cd6a0ec00b330b72006bac5376652d3ca22?s=96&d=mm&r=g\",\"caption\":\"AEHM\"},\"url\":\"https:\\\/\\\/aehm.es\\\/en\\\/author\\\/maricarmen\\\/\"}]}<\/script>\n<!-- \/ Yoast SEO plugin. -->","yoast_head_json":{"title":"AEHM y la C\u00e1mara de Comercio de Madrid colaborar\u00e1n en materia de formaci\u00f3n hotelera y tur\u00edstica - AEHM","description":"A trav\u00e9s de la firma de un convenio de colaboraci\u00f3n entre las dos entidades, de la mano del presidente de AEHM, Gabriel Garc\u00eda Alonso, y del presidente de la C\u00e1mara Oficial de Comercio, Industria y Servicios de Madrid, \u00c1ngel Asensio Laguna.","robots":{"index":"index","follow":"follow","max-snippet":"max-snippet:-1","max-image-preview":"max-image-preview:large","max-video-preview":"max-video-preview:-1"},"canonical":"https:\/\/aehm.es\/aehm-y-la-camara-de-comercio-de-madrid-colaboraran-en-materia-de-formacion-hotelera-y-turistica\/","og_locale":"en_US","og_type":"article","og_title":"AEHM y la C\u00e1mara de Comercio de Madrid colaborar\u00e1n en materia de formaci\u00f3n hotelera y tur\u00edstica - AEHM","og_description":"A trav\u00e9s de la firma de un convenio de colaboraci\u00f3n entre las dos entidades, de la mano del presidente de AEHM, Gabriel Garc\u00eda Alonso, y del presidente de la C\u00e1mara Oficial de Comercio, Industria y Servicios de Madrid, \u00c1ngel Asensio Laguna.","og_url":"https:\/\/aehm.es\/aehm-y-la-camara-de-comercio-de-madrid-colaboraran-en-materia-de-formacion-hotelera-y-turistica\/","og_site_name":"AEHM","article_publisher":"https:\/\/www.instagram.com\/hotelesdemadrid\/","article_published_time":"2021-04-13T11:50:00+00:00","og_image":[{"width":1200,"height":624,"url":"https:\/\/aehm.es\/wp-content\/uploads\/2021\/04\/AEHM-y-la-Camara-de-Comercio-de-Madrid-colaboraran-en-materia-de-formacion-hotelera-1.png","type":"image\/png"}],"author":"AEHM","twitter_card":"summary_large_image","twitter_image":"https:\/\/aehm.es\/wp-content\/uploads\/2021\/04\/AEHM-y-la-Camara-de-Comercio-de-Madrid-colaboraran-en-materia-de-formacion-hotelera-1.png","twitter_creator":"@HotelesAEHM","twitter_site":"@HotelesAEHM","twitter_misc":{"Written by":"AEHM","Est. reading time":"3 minutes"},"schema":{"@context":"https:\/\/schema.org","@graph":[{"@type":"Article","@id":"https:\/\/aehm.es\/aehm-y-la-camara-de-comercio-de-madrid-colaboraran-en-materia-de-formacion-hotelera-y-turistica\/#article","isPartOf":{"@id":"https:\/\/aehm.es\/aehm-y-la-camara-de-comercio-de-madrid-colaboraran-en-materia-de-formacion-hotelera-y-turistica\/"},"author":{"name":"AEHM","@id":"https:\/\/aehm.es\/#\/schema\/person\/58cdfbe53350e8a71ac8d148eda300cf"},"headline":"AEHM y la C\u00e1mara de Comercio de Madrid colaborar\u00e1n en materia de formaci\u00f3n hotelera y tur\u00edstica","datePublished":"2021-04-13T11:50:00+00:00","mainEntityOfPage":{"@id":"https:\/\/aehm.es\/aehm-y-la-camara-de-comercio-de-madrid-colaboraran-en-materia-de-formacion-hotelera-y-turistica\/"},"wordCount":495,"publisher":{"@id":"https:\/\/aehm.es\/#organization"},"image":{"@id":"https:\/\/aehm.es\/aehm-y-la-camara-de-comercio-de-madrid-colaboraran-en-materia-de-formacion-hotelera-y-turistica\/#primaryimage"},"thumbnailUrl":"https:\/\/aehm.es\/wp-content\/uploads\/2021\/04\/Firma-convenio-AEHM-Camara-de-Comercio-de-Madrid-2.2-1.jpg","articleSection":["Actualidad AEHM"],"inLanguage":"en-US"},{"@type":"WebPage","@id":"https:\/\/aehm.es\/aehm-y-la-camara-de-comercio-de-madrid-colaboraran-en-materia-de-formacion-hotelera-y-turistica\/","url":"https:\/\/aehm.es\/aehm-y-la-camara-de-comercio-de-madrid-colaboraran-en-materia-de-formacion-hotelera-y-turistica\/","name":"AEHM y la C\u00e1mara de Comercio de Madrid colaborar\u00e1n en materia de formaci\u00f3n hotelera y tur\u00edstica - AEHM","isPartOf":{"@id":"https:\/\/aehm.es\/#website"},"primaryImageOfPage":{"@id":"https:\/\/aehm.es\/aehm-y-la-camara-de-comercio-de-madrid-colaboraran-en-materia-de-formacion-hotelera-y-turistica\/#primaryimage"},"image":{"@id":"https:\/\/aehm.es\/aehm-y-la-camara-de-comercio-de-madrid-colaboraran-en-materia-de-formacion-hotelera-y-turistica\/#primaryimage"},"thumbnailUrl":"https:\/\/aehm.es\/wp-content\/uploads\/2021\/04\/Firma-convenio-AEHM-Camara-de-Comercio-de-Madrid-2.2-1.jpg","datePublished":"2021-04-13T11:50:00+00:00","description":"A trav\u00e9s de la firma de un convenio de colaboraci\u00f3n entre las dos entidades, de la mano del presidente de AEHM, Gabriel Garc\u00eda Alonso, y del presidente de la C\u00e1mara Oficial de Comercio, Industria y Servicios de Madrid, \u00c1ngel Asensio Laguna.","breadcrumb":{"@id":"https:\/\/aehm.es\/aehm-y-la-camara-de-comercio-de-madrid-colaboraran-en-materia-de-formacion-hotelera-y-turistica\/#breadcrumb"},"inLanguage":"en-US","potentialAction":[{"@type":"ReadAction","target":["https:\/\/aehm.es\/aehm-y-la-camara-de-comercio-de-madrid-colaboraran-en-materia-de-formacion-hotelera-y-turistica\/"]}]},{"@type":"ImageObject","inLanguage":"en-US","@id":"https:\/\/aehm.es\/aehm-y-la-camara-de-comercio-de-madrid-colaboraran-en-materia-de-formacion-hotelera-y-turistica\/#primaryimage","url":"https:\/\/aehm.es\/wp-content\/uploads\/2021\/04\/Firma-convenio-AEHM-Camara-de-Comercio-de-Madrid-2.2-1.jpg","contentUrl":"https:\/\/aehm.es\/wp-content\/uploads\/2021\/04\/Firma-convenio-AEHM-Camara-de-Comercio-de-Madrid-2.2-1.jpg","width":874,"height":623},{"@type":"BreadcrumbList","@id":"https:\/\/aehm.es\/aehm-y-la-camara-de-comercio-de-madrid-colaboraran-en-materia-de-formacion-hotelera-y-turistica\/#breadcrumb","itemListElement":[{"@type":"ListItem","position":1,"name":"Portada","item":"https:\/\/aehm.es\/en\/"},{"@type":"ListItem","position":2,"name":"AEHM y la C\u00e1mara de Comercio de Madrid colaborar\u00e1n en materia de formaci\u00f3n hotelera y tur\u00edstica"}]},{"@type":"WebSite","@id":"https:\/\/aehm.es\/#website","url":"https:\/\/aehm.es\/","name":"Asociaci\u00f3n Empresarial Hotelera de Madrid","description":"La Asociaci\u00f3n Empresarial Hotelera Madrid est\u00e1 formada por m\u00e1s de 300 establecimientos de todas las categor\u00edas y tipolog\u00edas (hoteles, hostales, hostels, apartamentos\u2026) que suman m\u00e1s de 75.000 plazas de alojamiento.","publisher":{"@id":"https:\/\/aehm.es\/#organization"},"alternateName":"AEHM","potentialAction":[{"@type":"SearchAction","target":{"@type":"EntryPoint","urlTemplate":"https:\/\/aehm.es\/?s={search_term_string}"},"query-input":{"@type":"PropertyValueSpecification","valueRequired":true,"valueName":"search_term_string"}}],"inLanguage":"en-US"},{"@type":"Organization","@id":"https:\/\/aehm.es\/#organization","name":"Asociaci\u00f3n Empresarial Hotelera de Madrid","url":"https:\/\/aehm.es\/","logo":{"@type":"ImageObject","inLanguage":"en-US","@id":"https:\/\/aehm.es\/#\/schema\/logo\/image\/","url":"https:\/\/aehm.es\/wp-content\/uploads\/2021\/11\/Logo_AEHM_Horiz.png","contentUrl":"https:\/\/aehm.es\/wp-content\/uploads\/2021\/11\/Logo_AEHM_Horiz.png","width":600,"height":182,"caption":"Asociaci\u00f3n Empresarial Hotelera de Madrid"},"image":{"@id":"https:\/\/aehm.es\/#\/schema\/logo\/image\/"},"sameAs":["https:\/\/www.instagram.com\/hotelesdemadrid\/","https:\/\/x.com\/HotelesAEHM","https:\/\/www.linkedin.com\/company\/11166072\/"]},{"@type":"Person","@id":"https:\/\/aehm.es\/#\/schema\/person\/58cdfbe53350e8a71ac8d148eda300cf","name":"AEHM","image":{"@type":"ImageObject","inLanguage":"en-US","@id":"https:\/\/secure.gravatar.com\/avatar\/2099e69605fbf94dd3c7c94e50210cd6a0ec00b330b72006bac5376652d3ca22?s=96&d=mm&r=g","url":"https:\/\/secure.gravatar.com\/avatar\/2099e69605fbf94dd3c7c94e50210cd6a0ec00b330b72006bac5376652d3ca22?s=96&d=mm&r=g","contentUrl":"https:\/\/secure.gravatar.com\/avatar\/2099e69605fbf94dd3c7c94e50210cd6a0ec00b330b72006bac5376652d3ca22?s=96&d=mm&r=g","caption":"AEHM"},"url":"https:\/\/aehm.es\/en\/author\/maricarmen\/"}]}},"_links":{"self":[{"href":"https:\/\/aehm.es\/en\/wp-json\/wp\/v2\/posts\/9319","targetHints":{"allow":["GET"]}}],"collection":[{"href":"https:\/\/aehm.es\/en\/wp-json\/wp\/v2\/posts"}],"about":[{"href":"https:\/\/aehm.es\/en\/wp-json\/wp\/v2\/types\/post"}],"author":[{"embeddable":true,"href":"https:\/\/aehm.es\/en\/wp-json\/wp\/v2\/users\/6"}],"replies":[{"embeddable":true,"href":"https:\/\/aehm.es\/en\/wp-json\/wp\/v2\/comments?post=9319"}],"version-history":[{"count":0,"href":"https:\/\/aehm.es\/en\/wp-json\/wp\/v2\/posts\/9319\/revisions"}],"wp:featuredmedia":[{"embeddable":true,"href":"https:\/\/aehm.es\/en\/wp-json\/wp\/v2\/media\/9324"}],"wp:attachment":[{"href":"https:\/\/aehm.es\/en\/wp-json\/wp\/v2\/media?parent=9319"}],"wp:term":[{"taxonomy":"category","embeddable":true,"href":"https:\/\/aehm.es\/en\/wp-json\/wp\/v2\/categories?post=9319"},{"taxonomy":"post_tag","embeddable":true,"href":"https:\/\/aehm.es\/en\/wp-json\/wp\/v2\/tags?post=9319"}],"curies":[{"name":"wp","href":"https:\/\/api.w.org\/{rel}","templated":true}]}}