{"id":8664,"date":"2021-01-28T12:11:55","date_gmt":"2021-01-28T12:11:55","guid":{"rendered":"https:\/\/aehm.es\/?p=8664"},"modified":"2021-01-28T12:11:55","modified_gmt":"2021-01-28T12:11:55","slug":"los-hoteleros-madrilenos-valoran-positivamente-la-prorroga-de-los-erte-e-insisten-en-su-ampliacion-durante-todo-2021","status":"publish","type":"post","link":"https:\/\/aehm.es\/en\/los-hoteleros-madrilenos-valoran-positivamente-la-prorroga-de-los-erte-e-insisten-en-su-ampliacion-durante-todo-2021\/","title":{"rendered":"Los hoteleros madrile\u00f1os valoran positivamente la pr\u00f3rroga de los ERTE e insisten en su ampliaci\u00f3n durante todo 2021"},"content":{"rendered":"<ul>\n<li><strong>Adem\u00e1s, reclaman la exoneraci\u00f3n total de las cotizaciones de la Seguridad Social cuando se tiene a trabajadores en ERTE.<\/strong><\/li>\n<\/ul>\n<p><em>Madrid, 28 de enero de 2021.-<\/em> <strong>La Asociaci\u00f3n Empresarial Hotelera de Madrid<\/strong> (AEHM) se suma a la valoraci\u00f3n positiva de <strong>la Confederaci\u00f3n Espa\u00f1ola de Hoteles y Alojamientos Tur\u00edsticos<\/strong> (CEHAT) en cuanto a la ampliaci\u00f3n y flexibilizaci\u00f3n de los ERTE de fuerza mayor de impedimento y limitaci\u00f3n, anunciada por el Gobierno este martes, as\u00ed como de la inclusi\u00f3n tanto de su actividad como de otros subsectores del sector tur\u00edstico, entre los que se encuentra la hosteler\u00eda, y de la decisi\u00f3n de incluir los campings.<\/p>\n<p>No obstante, <strong>insisten en la extensi\u00f3n de la ampliaci\u00f3n de los ERTE hasta el 31 de diciembre de 2021<\/strong>, ya que la pr\u00f3rroga aprobada en el Consejo de Ministros se contempla hasta el pr\u00f3ximo 31 de mayo; al tiempo que <strong>reclaman la exoneraci\u00f3n total de las cotizaciones de la Seguridad Social cuando se tienen a trabajadores en ERTE<\/strong>. \u201cNo tiene sentido que los hoteleros se vean obligados a contribuir con un mayor porcentaje a las cuotas de las personas que est\u00e1n en ERTE\u201d, afirma AEHM.<\/p>\n<p>Asimismo, no se muestran tampoco satisfechos con la discriminaci\u00f3n en esta materia para las empresas de m\u00e1s de 50 trabajadores, ya que \u201caunque sean amplias, suponen gastos que son muy dif\u00edciles de afrontar\u201d.<\/p>\n<p>Seg\u00fan <strong>Gabriel Garc\u00eda Alonso, presidente de AEHM y vicepresidente de CEHAT<\/strong>, \u201cla recuperaci\u00f3n del sector va a depender de lo que dure la pandemia, por lo que se prev\u00e9 que no ser\u00e1 posible a corto plazo, debido, sobre todo, a la implantaci\u00f3n de las vacunas y desarrollos farmac\u00e9uticos en el desarrollo de la actividad, la situaci\u00f3n de los pa\u00edses europeos y la internacional, las conexiones a\u00e9reas o la movilidad interna dentro de Espa\u00f1a entre Comunidades Aut\u00f3nomas\u201d.\u00a0 En este sentido, contin\u00faa, \u201cconfiamos en que, a largo plazo, Madrid volver\u00e1 a la normalidad, pero somos conscientes de que cuando la actividad se retome, no va a ser posible contratar el mismo n\u00famero de personas que se ten\u00eda antes de la pandemia\u201d, por lo que, coincidiendo con la demanda de CEHAT, \u201ctendr\u00e1 que haber flexibilidad en la cl\u00e1usula de mantenimiento del empleo acorde con la recuperaci\u00f3n de la demanda y la necesidad de la incorporaci\u00f3n de los trabajadores\u201d.<\/p>\n<p>\u201cHay que subrayar que <strong>el 65% de las plantas hoteleras en Madrid est\u00e1n cerradas, y de los hoteles que est\u00e1n abiertos, la ocupaci\u00f3n oscila entre el 15% y el 20%.<\/strong> Lo m\u00e1s importante ahora es recuperar la confianza y proteger el futuro de nuestros profesionales y hoteles, para lo que se hace necesario que todas las administraciones y, en especial, el Gobierno central, muestren su compromiso con la industria del turismo, que ha sido y ser\u00e1 uno de los motores de la econom\u00eda nacional por todo lo que genera, de manera directa e indirecta, para el pa\u00eds, y que, en concreto, representa el 7% del PIB en la Comunidad de Madrid\u201d, incide.<\/p>\n<blockquote><p>Hay que subrayar que el 65% de las plantas hoteleras en Madrid est\u00e1n cerradas, y de los hoteles que est\u00e1n abiertos, la ocupaci\u00f3n oscila entre el 15% y el 20%<\/p><\/blockquote>\n<p>En esta l\u00ednea, AEHM insiste en que, adem\u00e1s de la extensi\u00f3n del ERTE durante todo el a\u00f1o 2021 y de exonerar totalmente a este tipo de negocios del pago de la Seguridad Social, tambi\u00e9n son necesarias las medidas que llevan demandando desde el principio de esta crisis, recogidas en el <strong><a href=\"\/?page_id=8349\" target=\"_blank\" rel=\"noopener\">Plan Urgente de Rescate al Sector Hotelero<\/a>. <\/strong><\/p>\n<p>&nbsp;<\/p>\n","protected":false},"excerpt":{"rendered":"<p>Adem\u00e1s, reclaman la exoneraci\u00f3n total de las cotizaciones de la Seguridad Social cuando se tiene a trabajadores en ERTE. Madrid, 28 de enero de 2021.- La Asociaci\u00f3n Empresarial Hotelera de Madrid (AEHM) se suma a la valoraci\u00f3n positiva de la Confederaci\u00f3n Espa\u00f1ola de Hoteles y Alojamientos Tur\u00edsticos (CEHAT) en cuanto a la ampliaci\u00f3n y flexibilizaci\u00f3n [&hellip;]<\/p>\n","protected":false},"author":6,"featured_media":8665,"comment_status":"closed","ping_status":"open","sticky":false,"template":"","format":"standard","meta":{"footnotes":""},"categories":[1],"tags":[],"class_list":["post-8664","post","type-post","status-publish","format-standard","has-post-thumbnail","hentry","category-actualidad-aehm"],"yoast_head":"<!-- This site is optimized with the Yoast SEO plugin v27.5 - https:\/\/yoast.com\/product\/yoast-seo-wordpress\/ -->\n<title>Los hoteleros madrile\u00f1os valoran positivamente la pr\u00f3rroga de los ERTE e insisten en su ampliaci\u00f3n durante todo 2021 - AEHM<\/title>\n<meta name=\"description\" content=\"Adem\u00e1s, reclaman la exoneraci\u00f3n total de las cotizaciones de la Seguridad Social cuando se tiene a trabajadores en ERTE.\" \/>\n<meta name=\"robots\" content=\"index, follow, max-snippet:-1, max-image-preview:large, max-video-preview:-1\" \/>\n<link rel=\"canonical\" href=\"https:\/\/aehm.es\/los-hoteleros-madrilenos-valoran-positivamente-la-prorroga-de-los-erte-e-insisten-en-su-ampliacion-durante-todo-2021\/\" \/>\n<meta property=\"og:locale\" content=\"en_US\" \/>\n<meta property=\"og:type\" content=\"article\" \/>\n<meta property=\"og:title\" content=\"Los hoteleros madrile\u00f1os valoran positivamente la pr\u00f3rroga de los ERTE e insisten en su ampliaci\u00f3n durante todo 2021 - AEHM\" \/>\n<meta property=\"og:description\" content=\"Adem\u00e1s, reclaman la exoneraci\u00f3n total de las cotizaciones de la Seguridad Social cuando se tiene a trabajadores en ERTE.\" \/>\n<meta property=\"og:url\" content=\"https:\/\/aehm.es\/los-hoteleros-madrilenos-valoran-positivamente-la-prorroga-de-los-erte-e-insisten-en-su-ampliacion-durante-todo-2021\/\" \/>\n<meta property=\"og:site_name\" content=\"AEHM\" \/>\n<meta property=\"article:publisher\" content=\"https:\/\/www.instagram.com\/hotelesdemadrid\/\" \/>\n<meta property=\"article:published_time\" content=\"2021-01-28T12:11:55+00:00\" \/>\n<meta property=\"og:image\" content=\"https:\/\/aehm.es\/wp-content\/uploads\/2021\/01\/Los-hoteleros-madrilenos-valoran-positivamente-la-prorroga-de-los-ERTE_RRSS-1.jpg\" \/>\n\t<meta property=\"og:image:width\" content=\"1200\" \/>\n\t<meta property=\"og:image:height\" content=\"624\" \/>\n\t<meta property=\"og:image:type\" content=\"image\/jpeg\" \/>\n<meta name=\"author\" content=\"AEHM\" \/>\n<meta name=\"twitter:card\" content=\"summary_large_image\" \/>\n<meta name=\"twitter:image\" content=\"https:\/\/aehm.es\/wp-content\/uploads\/2021\/01\/Los-hoteleros-madrilenos-valoran-positivamente-la-prorroga-de-los-ERTE_RRSS-1.jpg\" \/>\n<meta name=\"twitter:creator\" content=\"@HotelesAEHM\" \/>\n<meta name=\"twitter:site\" content=\"@HotelesAEHM\" \/>\n<meta name=\"twitter:label1\" content=\"Written by\" \/>\n\t<meta name=\"twitter:data1\" content=\"AEHM\" \/>\n\t<meta name=\"twitter:label2\" content=\"Est. reading time\" \/>\n\t<meta name=\"twitter:data2\" content=\"3 minutes\" \/>\n<script type=\"application\/ld+json\" class=\"yoast-schema-graph\">{\"@context\":\"https:\\\/\\\/schema.org\",\"@graph\":[{\"@type\":\"Article\",\"@id\":\"https:\\\/\\\/aehm.es\\\/los-hoteleros-madrilenos-valoran-positivamente-la-prorroga-de-los-erte-e-insisten-en-su-ampliacion-durante-todo-2021\\\/#article\",\"isPartOf\":{\"@id\":\"https:\\\/\\\/aehm.es\\\/los-hoteleros-madrilenos-valoran-positivamente-la-prorroga-de-los-erte-e-insisten-en-su-ampliacion-durante-todo-2021\\\/\"},\"author\":{\"name\":\"AEHM\",\"@id\":\"https:\\\/\\\/aehm.es\\\/#\\\/schema\\\/person\\\/58cdfbe53350e8a71ac8d148eda300cf\"},\"headline\":\"Los hoteleros madrile\u00f1os valoran positivamente la pr\u00f3rroga de los ERTE e insisten en su ampliaci\u00f3n durante todo 2021\",\"datePublished\":\"2021-01-28T12:11:55+00:00\",\"mainEntityOfPage\":{\"@id\":\"https:\\\/\\\/aehm.es\\\/los-hoteleros-madrilenos-valoran-positivamente-la-prorroga-de-los-erte-e-insisten-en-su-ampliacion-durante-todo-2021\\\/\"},\"wordCount\":635,\"publisher\":{\"@id\":\"https:\\\/\\\/aehm.es\\\/#organization\"},\"image\":{\"@id\":\"https:\\\/\\\/aehm.es\\\/los-hoteleros-madrilenos-valoran-positivamente-la-prorroga-de-los-erte-e-insisten-en-su-ampliacion-durante-todo-2021\\\/#primaryimage\"},\"thumbnailUrl\":\"https:\\\/\\\/aehm.es\\\/wp-content\\\/uploads\\\/2021\\\/01\\\/Valoracion-ampliacion-ERTES-enero-2021-1.jpg\",\"articleSection\":[\"Actualidad AEHM\"],\"inLanguage\":\"en-US\"},{\"@type\":\"WebPage\",\"@id\":\"https:\\\/\\\/aehm.es\\\/los-hoteleros-madrilenos-valoran-positivamente-la-prorroga-de-los-erte-e-insisten-en-su-ampliacion-durante-todo-2021\\\/\",\"url\":\"https:\\\/\\\/aehm.es\\\/los-hoteleros-madrilenos-valoran-positivamente-la-prorroga-de-los-erte-e-insisten-en-su-ampliacion-durante-todo-2021\\\/\",\"name\":\"Los hoteleros madrile\u00f1os valoran positivamente la pr\u00f3rroga de los ERTE e insisten en su ampliaci\u00f3n durante todo 2021 - AEHM\",\"isPartOf\":{\"@id\":\"https:\\\/\\\/aehm.es\\\/#website\"},\"primaryImageOfPage\":{\"@id\":\"https:\\\/\\\/aehm.es\\\/los-hoteleros-madrilenos-valoran-positivamente-la-prorroga-de-los-erte-e-insisten-en-su-ampliacion-durante-todo-2021\\\/#primaryimage\"},\"image\":{\"@id\":\"https:\\\/\\\/aehm.es\\\/los-hoteleros-madrilenos-valoran-positivamente-la-prorroga-de-los-erte-e-insisten-en-su-ampliacion-durante-todo-2021\\\/#primaryimage\"},\"thumbnailUrl\":\"https:\\\/\\\/aehm.es\\\/wp-content\\\/uploads\\\/2021\\\/01\\\/Valoracion-ampliacion-ERTES-enero-2021-1.jpg\",\"datePublished\":\"2021-01-28T12:11:55+00:00\",\"description\":\"Adem\u00e1s, reclaman la exoneraci\u00f3n total de las cotizaciones de la Seguridad Social cuando se tiene a trabajadores en ERTE.\",\"breadcrumb\":{\"@id\":\"https:\\\/\\\/aehm.es\\\/los-hoteleros-madrilenos-valoran-positivamente-la-prorroga-de-los-erte-e-insisten-en-su-ampliacion-durante-todo-2021\\\/#breadcrumb\"},\"inLanguage\":\"en-US\",\"potentialAction\":[{\"@type\":\"ReadAction\",\"target\":[\"https:\\\/\\\/aehm.es\\\/los-hoteleros-madrilenos-valoran-positivamente-la-prorroga-de-los-erte-e-insisten-en-su-ampliacion-durante-todo-2021\\\/\"]}]},{\"@type\":\"ImageObject\",\"inLanguage\":\"en-US\",\"@id\":\"https:\\\/\\\/aehm.es\\\/los-hoteleros-madrilenos-valoran-positivamente-la-prorroga-de-los-erte-e-insisten-en-su-ampliacion-durante-todo-2021\\\/#primaryimage\",\"url\":\"https:\\\/\\\/aehm.es\\\/wp-content\\\/uploads\\\/2021\\\/01\\\/Valoracion-ampliacion-ERTES-enero-2021-1.jpg\",\"contentUrl\":\"https:\\\/\\\/aehm.es\\\/wp-content\\\/uploads\\\/2021\\\/01\\\/Valoracion-ampliacion-ERTES-enero-2021-1.jpg\",\"width\":1800,\"height\":1201},{\"@type\":\"BreadcrumbList\",\"@id\":\"https:\\\/\\\/aehm.es\\\/los-hoteleros-madrilenos-valoran-positivamente-la-prorroga-de-los-erte-e-insisten-en-su-ampliacion-durante-todo-2021\\\/#breadcrumb\",\"itemListElement\":[{\"@type\":\"ListItem\",\"position\":1,\"name\":\"Portada\",\"item\":\"https:\\\/\\\/aehm.es\\\/en\\\/\"},{\"@type\":\"ListItem\",\"position\":2,\"name\":\"Los hoteleros madrile\u00f1os valoran positivamente la pr\u00f3rroga de los ERTE e insisten en su ampliaci\u00f3n durante todo 2021\"}]},{\"@type\":\"WebSite\",\"@id\":\"https:\\\/\\\/aehm.es\\\/#website\",\"url\":\"https:\\\/\\\/aehm.es\\\/\",\"name\":\"Asociaci\u00f3n Empresarial Hotelera de Madrid\",\"description\":\"La Asociaci\u00f3n Empresarial Hotelera Madrid est\u00e1 formada por m\u00e1s de 300 establecimientos de todas las categor\u00edas y tipolog\u00edas (hoteles, hostales, hostels, apartamentos\u2026) que suman m\u00e1s de 75.000 plazas de alojamiento.\",\"publisher\":{\"@id\":\"https:\\\/\\\/aehm.es\\\/#organization\"},\"alternateName\":\"AEHM\",\"potentialAction\":[{\"@type\":\"SearchAction\",\"target\":{\"@type\":\"EntryPoint\",\"urlTemplate\":\"https:\\\/\\\/aehm.es\\\/?s={search_term_string}\"},\"query-input\":{\"@type\":\"PropertyValueSpecification\",\"valueRequired\":true,\"valueName\":\"search_term_string\"}}],\"inLanguage\":\"en-US\"},{\"@type\":\"Organization\",\"@id\":\"https:\\\/\\\/aehm.es\\\/#organization\",\"name\":\"Asociaci\u00f3n Empresarial Hotelera de Madrid\",\"url\":\"https:\\\/\\\/aehm.es\\\/\",\"logo\":{\"@type\":\"ImageObject\",\"inLanguage\":\"en-US\",\"@id\":\"https:\\\/\\\/aehm.es\\\/#\\\/schema\\\/logo\\\/image\\\/\",\"url\":\"https:\\\/\\\/aehm.es\\\/wp-content\\\/uploads\\\/2021\\\/11\\\/Logo_AEHM_Horiz.png\",\"contentUrl\":\"https:\\\/\\\/aehm.es\\\/wp-content\\\/uploads\\\/2021\\\/11\\\/Logo_AEHM_Horiz.png\",\"width\":600,\"height\":182,\"caption\":\"Asociaci\u00f3n Empresarial Hotelera de Madrid\"},\"image\":{\"@id\":\"https:\\\/\\\/aehm.es\\\/#\\\/schema\\\/logo\\\/image\\\/\"},\"sameAs\":[\"https:\\\/\\\/www.instagram.com\\\/hotelesdemadrid\\\/\",\"https:\\\/\\\/x.com\\\/HotelesAEHM\",\"https:\\\/\\\/www.linkedin.com\\\/company\\\/11166072\\\/\"]},{\"@type\":\"Person\",\"@id\":\"https:\\\/\\\/aehm.es\\\/#\\\/schema\\\/person\\\/58cdfbe53350e8a71ac8d148eda300cf\",\"name\":\"AEHM\",\"image\":{\"@type\":\"ImageObject\",\"inLanguage\":\"en-US\",\"@id\":\"https:\\\/\\\/secure.gravatar.com\\\/avatar\\\/2099e69605fbf94dd3c7c94e50210cd6a0ec00b330b72006bac5376652d3ca22?s=96&d=mm&r=g\",\"url\":\"https:\\\/\\\/secure.gravatar.com\\\/avatar\\\/2099e69605fbf94dd3c7c94e50210cd6a0ec00b330b72006bac5376652d3ca22?s=96&d=mm&r=g\",\"contentUrl\":\"https:\\\/\\\/secure.gravatar.com\\\/avatar\\\/2099e69605fbf94dd3c7c94e50210cd6a0ec00b330b72006bac5376652d3ca22?s=96&d=mm&r=g\",\"caption\":\"AEHM\"},\"url\":\"https:\\\/\\\/aehm.es\\\/en\\\/author\\\/maricarmen\\\/\"}]}<\/script>\n<!-- \/ Yoast SEO plugin. -->","yoast_head_json":{"title":"Los hoteleros madrile\u00f1os valoran positivamente la pr\u00f3rroga de los ERTE e insisten en su ampliaci\u00f3n durante todo 2021 - AEHM","description":"Adem\u00e1s, reclaman la exoneraci\u00f3n total de las cotizaciones de la Seguridad Social cuando se tiene a trabajadores en ERTE.","robots":{"index":"index","follow":"follow","max-snippet":"max-snippet:-1","max-image-preview":"max-image-preview:large","max-video-preview":"max-video-preview:-1"},"canonical":"https:\/\/aehm.es\/los-hoteleros-madrilenos-valoran-positivamente-la-prorroga-de-los-erte-e-insisten-en-su-ampliacion-durante-todo-2021\/","og_locale":"en_US","og_type":"article","og_title":"Los hoteleros madrile\u00f1os valoran positivamente la pr\u00f3rroga de los ERTE e insisten en su ampliaci\u00f3n durante todo 2021 - AEHM","og_description":"Adem\u00e1s, reclaman la exoneraci\u00f3n total de las cotizaciones de la Seguridad Social cuando se tiene a trabajadores en ERTE.","og_url":"https:\/\/aehm.es\/los-hoteleros-madrilenos-valoran-positivamente-la-prorroga-de-los-erte-e-insisten-en-su-ampliacion-durante-todo-2021\/","og_site_name":"AEHM","article_publisher":"https:\/\/www.instagram.com\/hotelesdemadrid\/","article_published_time":"2021-01-28T12:11:55+00:00","og_image":[{"width":1200,"height":624,"url":"https:\/\/aehm.es\/wp-content\/uploads\/2021\/01\/Los-hoteleros-madrilenos-valoran-positivamente-la-prorroga-de-los-ERTE_RRSS-1.jpg","type":"image\/jpeg"}],"author":"AEHM","twitter_card":"summary_large_image","twitter_image":"https:\/\/aehm.es\/wp-content\/uploads\/2021\/01\/Los-hoteleros-madrilenos-valoran-positivamente-la-prorroga-de-los-ERTE_RRSS-1.jpg","twitter_creator":"@HotelesAEHM","twitter_site":"@HotelesAEHM","twitter_misc":{"Written by":"AEHM","Est. reading time":"3 minutes"},"schema":{"@context":"https:\/\/schema.org","@graph":[{"@type":"Article","@id":"https:\/\/aehm.es\/los-hoteleros-madrilenos-valoran-positivamente-la-prorroga-de-los-erte-e-insisten-en-su-ampliacion-durante-todo-2021\/#article","isPartOf":{"@id":"https:\/\/aehm.es\/los-hoteleros-madrilenos-valoran-positivamente-la-prorroga-de-los-erte-e-insisten-en-su-ampliacion-durante-todo-2021\/"},"author":{"name":"AEHM","@id":"https:\/\/aehm.es\/#\/schema\/person\/58cdfbe53350e8a71ac8d148eda300cf"},"headline":"Los hoteleros madrile\u00f1os valoran positivamente la pr\u00f3rroga de los ERTE e insisten en su ampliaci\u00f3n durante todo 2021","datePublished":"2021-01-28T12:11:55+00:00","mainEntityOfPage":{"@id":"https:\/\/aehm.es\/los-hoteleros-madrilenos-valoran-positivamente-la-prorroga-de-los-erte-e-insisten-en-su-ampliacion-durante-todo-2021\/"},"wordCount":635,"publisher":{"@id":"https:\/\/aehm.es\/#organization"},"image":{"@id":"https:\/\/aehm.es\/los-hoteleros-madrilenos-valoran-positivamente-la-prorroga-de-los-erte-e-insisten-en-su-ampliacion-durante-todo-2021\/#primaryimage"},"thumbnailUrl":"https:\/\/aehm.es\/wp-content\/uploads\/2021\/01\/Valoracion-ampliacion-ERTES-enero-2021-1.jpg","articleSection":["Actualidad AEHM"],"inLanguage":"en-US"},{"@type":"WebPage","@id":"https:\/\/aehm.es\/los-hoteleros-madrilenos-valoran-positivamente-la-prorroga-de-los-erte-e-insisten-en-su-ampliacion-durante-todo-2021\/","url":"https:\/\/aehm.es\/los-hoteleros-madrilenos-valoran-positivamente-la-prorroga-de-los-erte-e-insisten-en-su-ampliacion-durante-todo-2021\/","name":"Los hoteleros madrile\u00f1os valoran positivamente la pr\u00f3rroga de los ERTE e insisten en su ampliaci\u00f3n durante todo 2021 - AEHM","isPartOf":{"@id":"https:\/\/aehm.es\/#website"},"primaryImageOfPage":{"@id":"https:\/\/aehm.es\/los-hoteleros-madrilenos-valoran-positivamente-la-prorroga-de-los-erte-e-insisten-en-su-ampliacion-durante-todo-2021\/#primaryimage"},"image":{"@id":"https:\/\/aehm.es\/los-hoteleros-madrilenos-valoran-positivamente-la-prorroga-de-los-erte-e-insisten-en-su-ampliacion-durante-todo-2021\/#primaryimage"},"thumbnailUrl":"https:\/\/aehm.es\/wp-content\/uploads\/2021\/01\/Valoracion-ampliacion-ERTES-enero-2021-1.jpg","datePublished":"2021-01-28T12:11:55+00:00","description":"Adem\u00e1s, reclaman la exoneraci\u00f3n total de las cotizaciones de la Seguridad Social cuando se tiene a trabajadores en ERTE.","breadcrumb":{"@id":"https:\/\/aehm.es\/los-hoteleros-madrilenos-valoran-positivamente-la-prorroga-de-los-erte-e-insisten-en-su-ampliacion-durante-todo-2021\/#breadcrumb"},"inLanguage":"en-US","potentialAction":[{"@type":"ReadAction","target":["https:\/\/aehm.es\/los-hoteleros-madrilenos-valoran-positivamente-la-prorroga-de-los-erte-e-insisten-en-su-ampliacion-durante-todo-2021\/"]}]},{"@type":"ImageObject","inLanguage":"en-US","@id":"https:\/\/aehm.es\/los-hoteleros-madrilenos-valoran-positivamente-la-prorroga-de-los-erte-e-insisten-en-su-ampliacion-durante-todo-2021\/#primaryimage","url":"https:\/\/aehm.es\/wp-content\/uploads\/2021\/01\/Valoracion-ampliacion-ERTES-enero-2021-1.jpg","contentUrl":"https:\/\/aehm.es\/wp-content\/uploads\/2021\/01\/Valoracion-ampliacion-ERTES-enero-2021-1.jpg","width":1800,"height":1201},{"@type":"BreadcrumbList","@id":"https:\/\/aehm.es\/los-hoteleros-madrilenos-valoran-positivamente-la-prorroga-de-los-erte-e-insisten-en-su-ampliacion-durante-todo-2021\/#breadcrumb","itemListElement":[{"@type":"ListItem","position":1,"name":"Portada","item":"https:\/\/aehm.es\/en\/"},{"@type":"ListItem","position":2,"name":"Los hoteleros madrile\u00f1os valoran positivamente la pr\u00f3rroga de los ERTE e insisten en su ampliaci\u00f3n durante todo 2021"}]},{"@type":"WebSite","@id":"https:\/\/aehm.es\/#website","url":"https:\/\/aehm.es\/","name":"Asociaci\u00f3n Empresarial Hotelera de Madrid","description":"La Asociaci\u00f3n Empresarial Hotelera Madrid est\u00e1 formada por m\u00e1s de 300 establecimientos de todas las categor\u00edas y tipolog\u00edas (hoteles, hostales, hostels, apartamentos\u2026) que suman m\u00e1s de 75.000 plazas de alojamiento.","publisher":{"@id":"https:\/\/aehm.es\/#organization"},"alternateName":"AEHM","potentialAction":[{"@type":"SearchAction","target":{"@type":"EntryPoint","urlTemplate":"https:\/\/aehm.es\/?s={search_term_string}"},"query-input":{"@type":"PropertyValueSpecification","valueRequired":true,"valueName":"search_term_string"}}],"inLanguage":"en-US"},{"@type":"Organization","@id":"https:\/\/aehm.es\/#organization","name":"Asociaci\u00f3n Empresarial Hotelera de Madrid","url":"https:\/\/aehm.es\/","logo":{"@type":"ImageObject","inLanguage":"en-US","@id":"https:\/\/aehm.es\/#\/schema\/logo\/image\/","url":"https:\/\/aehm.es\/wp-content\/uploads\/2021\/11\/Logo_AEHM_Horiz.png","contentUrl":"https:\/\/aehm.es\/wp-content\/uploads\/2021\/11\/Logo_AEHM_Horiz.png","width":600,"height":182,"caption":"Asociaci\u00f3n Empresarial Hotelera de Madrid"},"image":{"@id":"https:\/\/aehm.es\/#\/schema\/logo\/image\/"},"sameAs":["https:\/\/www.instagram.com\/hotelesdemadrid\/","https:\/\/x.com\/HotelesAEHM","https:\/\/www.linkedin.com\/company\/11166072\/"]},{"@type":"Person","@id":"https:\/\/aehm.es\/#\/schema\/person\/58cdfbe53350e8a71ac8d148eda300cf","name":"AEHM","image":{"@type":"ImageObject","inLanguage":"en-US","@id":"https:\/\/secure.gravatar.com\/avatar\/2099e69605fbf94dd3c7c94e50210cd6a0ec00b330b72006bac5376652d3ca22?s=96&d=mm&r=g","url":"https:\/\/secure.gravatar.com\/avatar\/2099e69605fbf94dd3c7c94e50210cd6a0ec00b330b72006bac5376652d3ca22?s=96&d=mm&r=g","contentUrl":"https:\/\/secure.gravatar.com\/avatar\/2099e69605fbf94dd3c7c94e50210cd6a0ec00b330b72006bac5376652d3ca22?s=96&d=mm&r=g","caption":"AEHM"},"url":"https:\/\/aehm.es\/en\/author\/maricarmen\/"}]}},"_links":{"self":[{"href":"https:\/\/aehm.es\/en\/wp-json\/wp\/v2\/posts\/8664","targetHints":{"allow":["GET"]}}],"collection":[{"href":"https:\/\/aehm.es\/en\/wp-json\/wp\/v2\/posts"}],"about":[{"href":"https:\/\/aehm.es\/en\/wp-json\/wp\/v2\/types\/post"}],"author":[{"embeddable":true,"href":"https:\/\/aehm.es\/en\/wp-json\/wp\/v2\/users\/6"}],"replies":[{"embeddable":true,"href":"https:\/\/aehm.es\/en\/wp-json\/wp\/v2\/comments?post=8664"}],"version-history":[{"count":0,"href":"https:\/\/aehm.es\/en\/wp-json\/wp\/v2\/posts\/8664\/revisions"}],"wp:featuredmedia":[{"embeddable":true,"href":"https:\/\/aehm.es\/en\/wp-json\/wp\/v2\/media\/8665"}],"wp:attachment":[{"href":"https:\/\/aehm.es\/en\/wp-json\/wp\/v2\/media?parent=8664"}],"wp:term":[{"taxonomy":"category","embeddable":true,"href":"https:\/\/aehm.es\/en\/wp-json\/wp\/v2\/categories?post=8664"},{"taxonomy":"post_tag","embeddable":true,"href":"https:\/\/aehm.es\/en\/wp-json\/wp\/v2\/tags?post=8664"}],"curies":[{"name":"wp","href":"https:\/\/api.w.org\/{rel}","templated":true}]}}