{"id":8600,"date":"2020-12-23T09:20:33","date_gmt":"2020-12-23T09:20:33","guid":{"rendered":"https:\/\/aehm.es\/?p=8600"},"modified":"2020-12-23T09:20:33","modified_gmt":"2020-12-23T09:20:33","slug":"los-hoteleros-de-madrid-consideramos-decepcionantes-las-medidas-del-gobierno-central","status":"publish","type":"post","link":"https:\/\/aehm.es\/en\/los-hoteleros-de-madrid-consideramos-decepcionantes-las-medidas-del-gobierno-central\/","title":{"rendered":"Los hoteleros de Madrid consideramos decepcionantes las medidas del Gobierno Central y alejadas de lo solicitado"},"content":{"rendered":"<p><em>Madrid, 23 de diciembre de 2020.<\/em> <strong>Desde la Asociaci\u00f3n Empresarial Hotelera de Madrid consideramos que las medidas que ha aprobado ayer el Gobierno Central son decepcionantes y no atienden a las necesidades reales del sector <\/strong>que plasmamos en el <strong>Plan Urgente de Rescate al Sector Hotelero<\/strong>, que les trasladamos este mismo mes. En dicho plan se planteaban medidas indispensables para garantizar la supervivencia del sector, sostener al m\u00e1ximo posible los empleos y posibilitar una recuperaci\u00f3n de cara a los pr\u00f3ximos a\u00f1os.<\/p>\n<p>La realidad actual del sector dista mucho de ser la de hace apenas un a\u00f1o y <strong>nuestra supervivencia est\u00e1 en cuesti\u00f3n<\/strong>, ya que las p\u00e9rdidas podr\u00edan sumar m\u00e1s de 106.000 millones de euros, seg\u00fan datos de Exceltur. De ah\u00ed que, desde la AEHM subrayemos nuestra preocupaci\u00f3n, teniendo en cuenta que el <strong>sector tur\u00edstico<\/strong> ha sido uno de los principales motores en la recuperaci\u00f3n econ\u00f3mica de la crisis de 2009 \u2014aportaba el 14% del PIB espa\u00f1ol y generaba el 15% de los empleos creados tras la debacle econ\u00f3mica del 2009\u2014 y <strong>deber\u00eda de ser una pieza clave en la reconstrucci\u00f3n de la econom\u00eda nacional post Covid-19.<\/strong><\/p>\n<blockquote><p>La realidad actual del sector dista mucho de ser la de hace apenas un a\u00f1o y nuestra supervivencia est\u00e1 en cuesti\u00f3n, ya que las p\u00e9rdidas podr\u00edan sumar m\u00e1s de 106.000 millones de euros, seg\u00fan datos de Exceltur<\/p><\/blockquote>\n<p>Por ello, le hac\u00edamos llegar a las administraciones p\u00fablicas una serie de propuestas necesarias para revertir la dram\u00e1tica situaci\u00f3n del sector: l<strong>a ocupaci\u00f3n hotelera en Madrid se mantiene por debajo del 20%<\/strong>, teniendo en cuenta que solo hay un tercio de plantas hoteleras abiertas y muchos de los establecimientos que en alg\u00fan momento pudieron abrir se han visto obligados a volver a cerrar por la falta de una demanda constante.<\/p>\n<p>Desde la AEHM consideramos <strong>decepcionante que el Gobierno Central no haya adoptado ninguna medida como<\/strong> la que venimos reclamando en relaci\u00f3n a <strong>la reducci\u00f3n del IVA para el sector tur\u00edstico al 7%<\/strong>. Una iniciativa que resulta clave para relanzar la actividad a nivel nacional y volver a ser competitivos. Dicha reducci\u00f3n no supondr\u00eda una excepci\u00f3n en el \u00e1mbito europeo. Otros pa\u00edses ya la han implementado con el objetivo de paliar los efectos econ\u00f3micos que afectan al turismo: Reino Unido ha reducido el IVA de un 20% al 5% durante seis meses y Alemania lo ha hecho del 19% al 16%.<\/p>\n<blockquote><p>Desde la AEHM consideramos decepcionante que el Gobierno Central no haya adoptado ninguna medida como la que venimos reclamando en relaci\u00f3n a la reducci\u00f3n del IVA para el sector tur\u00edstico al 7%.<\/p><\/blockquote>\n<p>Adem\u00e1s, <strong>otro aspecto que tampoco ha sido acogido por el Gobierno es la petici\u00f3n que le hicimos de extender la ampliaci\u00f3n de los ERTE hasta el 31 de diciembre de 2021 y de exonerar totalmente a este tipo de negocios del pago de la Seguridad Social<\/strong>. No tiene sentido que a medida que pasa el tiempo y que la situaci\u00f3n se torna peor, \u00e9stos se ven obligados a contribuir con un mayor porcentaje a las cuotas de las personas que est\u00e1n en ERTE. En este sentido, hay que subrayar que m\u00e1s de un 70% de las plantas hoteleras est\u00e1n cerrados.<\/p>\n<p><a href=\"\/?page_id=8349\" target=\"_blank\" rel=\"noopener\"><img fetchpriority=\"high\" decoding=\"async\" class=\"alignright wp-image-8360 size-medium\" src=\"https:\/\/aehm.es\/wp-content\/uploads\/2020\/12\/Banner-Plan-de-Rescate-Urgente-300x298.png\" alt=\"\" width=\"300\" height=\"298\" \/><\/a>Otra de las cuestiones sobre las que queremos llamar la atenci\u00f3n son las ayudas directas, cr\u00e9ditos e hipotecas. Los hoteleros reclamamos que el Gobierno destine el <strong>30% de los fondos europeos Next Generation<\/strong> para ayudar a las empresas del sector tur\u00edstico que est\u00e1n a punto de quebrar y se encuentran en una situaci\u00f3n dram\u00e1tica.<\/p>\n<p>El Ejecutivo s\u00ed que ha incluido entre las medidas aprobadas <strong>la renegociaci\u00f3n de los cr\u00e9ditos ICO, durante un a\u00f1o, en lugar de tres como plante\u00e1bamos.<\/strong> Aunque es una medida positiva, es a todas luces <strong>insuficiente<\/strong>.<\/p>\n<p>Tampoco se han tomado medidas para fomentar el turismo y la movilidad de viajeros en el \u00e1mbito nacional e internacional cuando sea viable, <strong>como los bonos directos, una medida que ya se ha implementado en otros pa\u00edses<\/strong>. Es el caso de Italia, que, a mediados de mayo, dio luz verde a un bono de hasta 500 euros para aquellas familias con ingresos inferiores a 40.000 euros para promover el turismo nacional; y Francia, que activ\u00f3 unos cheques para los ciudadanos con menos recursos y como reconocimiento para los grupos profesionales que han luchado contra el coronavirus.<\/p>\n<p><strong>Confiamos que, en un breve plazo, el Gobierno Central tome ejemplo de la Comunidad de Madrid y del Ayuntamiento de Madrid<\/strong>, administraciones <strong>que s\u00ed han reaccionado a las necesidades de nuestro sector y han demostrado una voluntad firme de apoyo al sector.<\/strong><\/p>\n<p><span style=\"font-size: 12px;\">Fuente de la imagen de cabecera: <a title=\"User:Benjam\u00edn N\u00fa\u00f1ez Gonz\u00e1lez\" href=\"https:\/\/commons.wikimedia.org\/wiki\/File:La_Moncloa,_Madrid,_Espa%C3%B1a,_2016_01.jpg\" target=\"_blank\" rel=\"noopener\">Benjam\u00edn N\u00fa\u00f1ez Gonz\u00e1lez<\/a> \/ Wikipedia<\/span><\/p>\n","protected":false},"excerpt":{"rendered":"<p>Madrid, 23 de diciembre de 2020. Desde la Asociaci\u00f3n Empresarial Hotelera de Madrid consideramos que las medidas que ha aprobado ayer el Gobierno Central son decepcionantes y no atienden a las necesidades reales del sector que plasmamos en el Plan Urgente de Rescate al Sector Hotelero, que les trasladamos este mismo mes. En dicho plan [&hellip;]<\/p>\n","protected":false},"author":1,"featured_media":8601,"comment_status":"closed","ping_status":"open","sticky":false,"template":"","format":"standard","meta":{"footnotes":""},"categories":[1],"tags":[],"class_list":["post-8600","post","type-post","status-publish","format-standard","has-post-thumbnail","hentry","category-actualidad-aehm"],"yoast_head":"<!-- This site is optimized with the Yoast SEO plugin v27.5 - https:\/\/yoast.com\/product\/yoast-seo-wordpress\/ -->\n<title>Los hoteleros de Madrid consideramos decepcionantes las medidas del Gobierno Central y alejadas de lo solicitado - AEHM<\/title>\n<meta name=\"description\" content=\"La realidad actual del sector dista mucho de ser la de hace apenas un a\u00f1o y nuestra supervivencia est\u00e1 en cuesti\u00f3n\" \/>\n<meta name=\"robots\" content=\"index, follow, max-snippet:-1, max-image-preview:large, max-video-preview:-1\" \/>\n<link rel=\"canonical\" href=\"https:\/\/aehm.es\/los-hoteleros-de-madrid-consideramos-decepcionantes-las-medidas-del-gobierno-central\/\" \/>\n<meta property=\"og:locale\" content=\"en_US\" \/>\n<meta property=\"og:type\" content=\"article\" \/>\n<meta property=\"og:title\" content=\"Los hoteleros de Madrid consideramos decepcionantes las medidas del Gobierno Central y alejadas de lo solicitado - AEHM\" \/>\n<meta property=\"og:description\" content=\"La realidad actual del sector dista mucho de ser la de hace apenas un a\u00f1o y nuestra supervivencia est\u00e1 en cuesti\u00f3n\" \/>\n<meta property=\"og:url\" content=\"https:\/\/aehm.es\/los-hoteleros-de-madrid-consideramos-decepcionantes-las-medidas-del-gobierno-central\/\" \/>\n<meta property=\"og:site_name\" content=\"AEHM\" \/>\n<meta property=\"article:publisher\" content=\"https:\/\/www.instagram.com\/hotelesdemadrid\/\" \/>\n<meta property=\"article:published_time\" content=\"2020-12-23T09:20:33+00:00\" \/>\n<meta property=\"og:image\" content=\"https:\/\/aehm.es\/wp-content\/uploads\/2020\/12\/La_Moncloa_Madrid_Espana_2016_01-1.jpg\" \/>\n\t<meta property=\"og:image:width\" content=\"1200\" \/>\n\t<meta property=\"og:image:height\" content=\"900\" \/>\n\t<meta property=\"og:image:type\" content=\"image\/jpeg\" \/>\n<meta name=\"author\" content=\"richard\" \/>\n<meta name=\"twitter:card\" content=\"summary_large_image\" \/>\n<meta name=\"twitter:creator\" content=\"@HotelesAEHM\" \/>\n<meta name=\"twitter:site\" content=\"@HotelesAEHM\" \/>\n<meta name=\"twitter:label1\" content=\"Written by\" \/>\n\t<meta name=\"twitter:data1\" content=\"richard\" \/>\n\t<meta name=\"twitter:label2\" content=\"Est. reading time\" \/>\n\t<meta name=\"twitter:data2\" content=\"4 minutes\" \/>\n<script type=\"application\/ld+json\" class=\"yoast-schema-graph\">{\"@context\":\"https:\\\/\\\/schema.org\",\"@graph\":[{\"@type\":\"Article\",\"@id\":\"https:\\\/\\\/aehm.es\\\/los-hoteleros-de-madrid-consideramos-decepcionantes-las-medidas-del-gobierno-central\\\/#article\",\"isPartOf\":{\"@id\":\"https:\\\/\\\/aehm.es\\\/los-hoteleros-de-madrid-consideramos-decepcionantes-las-medidas-del-gobierno-central\\\/\"},\"author\":{\"name\":\"richard\",\"@id\":\"https:\\\/\\\/aehm.es\\\/#\\\/schema\\\/person\\\/ca1397f4b0bcee246b58a0278b67a95f\"},\"headline\":\"Los hoteleros de Madrid consideramos decepcionantes las medidas del Gobierno Central y alejadas de lo solicitado\",\"datePublished\":\"2020-12-23T09:20:33+00:00\",\"mainEntityOfPage\":{\"@id\":\"https:\\\/\\\/aehm.es\\\/los-hoteleros-de-madrid-consideramos-decepcionantes-las-medidas-del-gobierno-central\\\/\"},\"wordCount\":821,\"publisher\":{\"@id\":\"https:\\\/\\\/aehm.es\\\/#organization\"},\"image\":{\"@id\":\"https:\\\/\\\/aehm.es\\\/los-hoteleros-de-madrid-consideramos-decepcionantes-las-medidas-del-gobierno-central\\\/#primaryimage\"},\"thumbnailUrl\":\"https:\\\/\\\/aehm.es\\\/wp-content\\\/uploads\\\/2020\\\/12\\\/La_Moncloa_Madrid_Espana_2016_01-1.jpg\",\"articleSection\":[\"Actualidad AEHM\"],\"inLanguage\":\"en-US\"},{\"@type\":\"WebPage\",\"@id\":\"https:\\\/\\\/aehm.es\\\/los-hoteleros-de-madrid-consideramos-decepcionantes-las-medidas-del-gobierno-central\\\/\",\"url\":\"https:\\\/\\\/aehm.es\\\/los-hoteleros-de-madrid-consideramos-decepcionantes-las-medidas-del-gobierno-central\\\/\",\"name\":\"Los hoteleros de Madrid consideramos decepcionantes las medidas del Gobierno Central y alejadas de lo solicitado - AEHM\",\"isPartOf\":{\"@id\":\"https:\\\/\\\/aehm.es\\\/#website\"},\"primaryImageOfPage\":{\"@id\":\"https:\\\/\\\/aehm.es\\\/los-hoteleros-de-madrid-consideramos-decepcionantes-las-medidas-del-gobierno-central\\\/#primaryimage\"},\"image\":{\"@id\":\"https:\\\/\\\/aehm.es\\\/los-hoteleros-de-madrid-consideramos-decepcionantes-las-medidas-del-gobierno-central\\\/#primaryimage\"},\"thumbnailUrl\":\"https:\\\/\\\/aehm.es\\\/wp-content\\\/uploads\\\/2020\\\/12\\\/La_Moncloa_Madrid_Espana_2016_01-1.jpg\",\"datePublished\":\"2020-12-23T09:20:33+00:00\",\"description\":\"La realidad actual del sector dista mucho de ser la de hace apenas un a\u00f1o y nuestra supervivencia est\u00e1 en cuesti\u00f3n\",\"breadcrumb\":{\"@id\":\"https:\\\/\\\/aehm.es\\\/los-hoteleros-de-madrid-consideramos-decepcionantes-las-medidas-del-gobierno-central\\\/#breadcrumb\"},\"inLanguage\":\"en-US\",\"potentialAction\":[{\"@type\":\"ReadAction\",\"target\":[\"https:\\\/\\\/aehm.es\\\/los-hoteleros-de-madrid-consideramos-decepcionantes-las-medidas-del-gobierno-central\\\/\"]}]},{\"@type\":\"ImageObject\",\"inLanguage\":\"en-US\",\"@id\":\"https:\\\/\\\/aehm.es\\\/los-hoteleros-de-madrid-consideramos-decepcionantes-las-medidas-del-gobierno-central\\\/#primaryimage\",\"url\":\"https:\\\/\\\/aehm.es\\\/wp-content\\\/uploads\\\/2020\\\/12\\\/La_Moncloa_Madrid_Espana_2016_01-1.jpg\",\"contentUrl\":\"https:\\\/\\\/aehm.es\\\/wp-content\\\/uploads\\\/2020\\\/12\\\/La_Moncloa_Madrid_Espana_2016_01-1.jpg\",\"width\":1200,\"height\":900},{\"@type\":\"BreadcrumbList\",\"@id\":\"https:\\\/\\\/aehm.es\\\/los-hoteleros-de-madrid-consideramos-decepcionantes-las-medidas-del-gobierno-central\\\/#breadcrumb\",\"itemListElement\":[{\"@type\":\"ListItem\",\"position\":1,\"name\":\"Portada\",\"item\":\"https:\\\/\\\/aehm.es\\\/en\\\/\"},{\"@type\":\"ListItem\",\"position\":2,\"name\":\"Los hoteleros de Madrid consideramos decepcionantes las medidas del Gobierno Central y alejadas de lo solicitado\"}]},{\"@type\":\"WebSite\",\"@id\":\"https:\\\/\\\/aehm.es\\\/#website\",\"url\":\"https:\\\/\\\/aehm.es\\\/\",\"name\":\"Asociaci\u00f3n Empresarial Hotelera de Madrid\",\"description\":\"La Asociaci\u00f3n Empresarial Hotelera Madrid est\u00e1 formada por m\u00e1s de 300 establecimientos de todas las categor\u00edas y tipolog\u00edas (hoteles, hostales, hostels, apartamentos\u2026) que suman m\u00e1s de 75.000 plazas de alojamiento.\",\"publisher\":{\"@id\":\"https:\\\/\\\/aehm.es\\\/#organization\"},\"alternateName\":\"AEHM\",\"potentialAction\":[{\"@type\":\"SearchAction\",\"target\":{\"@type\":\"EntryPoint\",\"urlTemplate\":\"https:\\\/\\\/aehm.es\\\/?s={search_term_string}\"},\"query-input\":{\"@type\":\"PropertyValueSpecification\",\"valueRequired\":true,\"valueName\":\"search_term_string\"}}],\"inLanguage\":\"en-US\"},{\"@type\":\"Organization\",\"@id\":\"https:\\\/\\\/aehm.es\\\/#organization\",\"name\":\"Asociaci\u00f3n Empresarial Hotelera de Madrid\",\"url\":\"https:\\\/\\\/aehm.es\\\/\",\"logo\":{\"@type\":\"ImageObject\",\"inLanguage\":\"en-US\",\"@id\":\"https:\\\/\\\/aehm.es\\\/#\\\/schema\\\/logo\\\/image\\\/\",\"url\":\"https:\\\/\\\/aehm.es\\\/wp-content\\\/uploads\\\/2021\\\/11\\\/Logo_AEHM_Horiz.png\",\"contentUrl\":\"https:\\\/\\\/aehm.es\\\/wp-content\\\/uploads\\\/2021\\\/11\\\/Logo_AEHM_Horiz.png\",\"width\":600,\"height\":182,\"caption\":\"Asociaci\u00f3n Empresarial Hotelera de Madrid\"},\"image\":{\"@id\":\"https:\\\/\\\/aehm.es\\\/#\\\/schema\\\/logo\\\/image\\\/\"},\"sameAs\":[\"https:\\\/\\\/www.instagram.com\\\/hotelesdemadrid\\\/\",\"https:\\\/\\\/x.com\\\/HotelesAEHM\",\"https:\\\/\\\/www.linkedin.com\\\/company\\\/11166072\\\/\"]},{\"@type\":\"Person\",\"@id\":\"https:\\\/\\\/aehm.es\\\/#\\\/schema\\\/person\\\/ca1397f4b0bcee246b58a0278b67a95f\",\"name\":\"richard\",\"image\":{\"@type\":\"ImageObject\",\"inLanguage\":\"en-US\",\"@id\":\"https:\\\/\\\/secure.gravatar.com\\\/avatar\\\/dd2486a811ecc34bf766b7d8b17d0ea76674186c415867af39660e429e20e1a0?s=96&d=mm&r=g\",\"url\":\"https:\\\/\\\/secure.gravatar.com\\\/avatar\\\/dd2486a811ecc34bf766b7d8b17d0ea76674186c415867af39660e429e20e1a0?s=96&d=mm&r=g\",\"contentUrl\":\"https:\\\/\\\/secure.gravatar.com\\\/avatar\\\/dd2486a811ecc34bf766b7d8b17d0ea76674186c415867af39660e429e20e1a0?s=96&d=mm&r=g\",\"caption\":\"richard\"},\"url\":\"https:\\\/\\\/aehm.es\\\/en\\\/author\\\/richard\\\/\"}]}<\/script>\n<!-- \/ Yoast SEO plugin. -->","yoast_head_json":{"title":"Los hoteleros de Madrid consideramos decepcionantes las medidas del Gobierno Central y alejadas de lo solicitado - AEHM","description":"La realidad actual del sector dista mucho de ser la de hace apenas un a\u00f1o y nuestra supervivencia est\u00e1 en cuesti\u00f3n","robots":{"index":"index","follow":"follow","max-snippet":"max-snippet:-1","max-image-preview":"max-image-preview:large","max-video-preview":"max-video-preview:-1"},"canonical":"https:\/\/aehm.es\/los-hoteleros-de-madrid-consideramos-decepcionantes-las-medidas-del-gobierno-central\/","og_locale":"en_US","og_type":"article","og_title":"Los hoteleros de Madrid consideramos decepcionantes las medidas del Gobierno Central y alejadas de lo solicitado - AEHM","og_description":"La realidad actual del sector dista mucho de ser la de hace apenas un a\u00f1o y nuestra supervivencia est\u00e1 en cuesti\u00f3n","og_url":"https:\/\/aehm.es\/los-hoteleros-de-madrid-consideramos-decepcionantes-las-medidas-del-gobierno-central\/","og_site_name":"AEHM","article_publisher":"https:\/\/www.instagram.com\/hotelesdemadrid\/","article_published_time":"2020-12-23T09:20:33+00:00","og_image":[{"width":1200,"height":900,"url":"https:\/\/aehm.es\/wp-content\/uploads\/2020\/12\/La_Moncloa_Madrid_Espana_2016_01-1.jpg","type":"image\/jpeg"}],"author":"richard","twitter_card":"summary_large_image","twitter_creator":"@HotelesAEHM","twitter_site":"@HotelesAEHM","twitter_misc":{"Written by":"richard","Est. reading time":"4 minutes"},"schema":{"@context":"https:\/\/schema.org","@graph":[{"@type":"Article","@id":"https:\/\/aehm.es\/los-hoteleros-de-madrid-consideramos-decepcionantes-las-medidas-del-gobierno-central\/#article","isPartOf":{"@id":"https:\/\/aehm.es\/los-hoteleros-de-madrid-consideramos-decepcionantes-las-medidas-del-gobierno-central\/"},"author":{"name":"richard","@id":"https:\/\/aehm.es\/#\/schema\/person\/ca1397f4b0bcee246b58a0278b67a95f"},"headline":"Los hoteleros de Madrid consideramos decepcionantes las medidas del Gobierno Central y alejadas de lo solicitado","datePublished":"2020-12-23T09:20:33+00:00","mainEntityOfPage":{"@id":"https:\/\/aehm.es\/los-hoteleros-de-madrid-consideramos-decepcionantes-las-medidas-del-gobierno-central\/"},"wordCount":821,"publisher":{"@id":"https:\/\/aehm.es\/#organization"},"image":{"@id":"https:\/\/aehm.es\/los-hoteleros-de-madrid-consideramos-decepcionantes-las-medidas-del-gobierno-central\/#primaryimage"},"thumbnailUrl":"https:\/\/aehm.es\/wp-content\/uploads\/2020\/12\/La_Moncloa_Madrid_Espana_2016_01-1.jpg","articleSection":["Actualidad AEHM"],"inLanguage":"en-US"},{"@type":"WebPage","@id":"https:\/\/aehm.es\/los-hoteleros-de-madrid-consideramos-decepcionantes-las-medidas-del-gobierno-central\/","url":"https:\/\/aehm.es\/los-hoteleros-de-madrid-consideramos-decepcionantes-las-medidas-del-gobierno-central\/","name":"Los hoteleros de Madrid consideramos decepcionantes las medidas del Gobierno Central y alejadas de lo solicitado - AEHM","isPartOf":{"@id":"https:\/\/aehm.es\/#website"},"primaryImageOfPage":{"@id":"https:\/\/aehm.es\/los-hoteleros-de-madrid-consideramos-decepcionantes-las-medidas-del-gobierno-central\/#primaryimage"},"image":{"@id":"https:\/\/aehm.es\/los-hoteleros-de-madrid-consideramos-decepcionantes-las-medidas-del-gobierno-central\/#primaryimage"},"thumbnailUrl":"https:\/\/aehm.es\/wp-content\/uploads\/2020\/12\/La_Moncloa_Madrid_Espana_2016_01-1.jpg","datePublished":"2020-12-23T09:20:33+00:00","description":"La realidad actual del sector dista mucho de ser la de hace apenas un a\u00f1o y nuestra supervivencia est\u00e1 en cuesti\u00f3n","breadcrumb":{"@id":"https:\/\/aehm.es\/los-hoteleros-de-madrid-consideramos-decepcionantes-las-medidas-del-gobierno-central\/#breadcrumb"},"inLanguage":"en-US","potentialAction":[{"@type":"ReadAction","target":["https:\/\/aehm.es\/los-hoteleros-de-madrid-consideramos-decepcionantes-las-medidas-del-gobierno-central\/"]}]},{"@type":"ImageObject","inLanguage":"en-US","@id":"https:\/\/aehm.es\/los-hoteleros-de-madrid-consideramos-decepcionantes-las-medidas-del-gobierno-central\/#primaryimage","url":"https:\/\/aehm.es\/wp-content\/uploads\/2020\/12\/La_Moncloa_Madrid_Espana_2016_01-1.jpg","contentUrl":"https:\/\/aehm.es\/wp-content\/uploads\/2020\/12\/La_Moncloa_Madrid_Espana_2016_01-1.jpg","width":1200,"height":900},{"@type":"BreadcrumbList","@id":"https:\/\/aehm.es\/los-hoteleros-de-madrid-consideramos-decepcionantes-las-medidas-del-gobierno-central\/#breadcrumb","itemListElement":[{"@type":"ListItem","position":1,"name":"Portada","item":"https:\/\/aehm.es\/en\/"},{"@type":"ListItem","position":2,"name":"Los hoteleros de Madrid consideramos decepcionantes las medidas del Gobierno Central y alejadas de lo solicitado"}]},{"@type":"WebSite","@id":"https:\/\/aehm.es\/#website","url":"https:\/\/aehm.es\/","name":"Asociaci\u00f3n Empresarial Hotelera de Madrid","description":"La Asociaci\u00f3n Empresarial Hotelera Madrid est\u00e1 formada por m\u00e1s de 300 establecimientos de todas las categor\u00edas y tipolog\u00edas (hoteles, hostales, hostels, apartamentos\u2026) que suman m\u00e1s de 75.000 plazas de alojamiento.","publisher":{"@id":"https:\/\/aehm.es\/#organization"},"alternateName":"AEHM","potentialAction":[{"@type":"SearchAction","target":{"@type":"EntryPoint","urlTemplate":"https:\/\/aehm.es\/?s={search_term_string}"},"query-input":{"@type":"PropertyValueSpecification","valueRequired":true,"valueName":"search_term_string"}}],"inLanguage":"en-US"},{"@type":"Organization","@id":"https:\/\/aehm.es\/#organization","name":"Asociaci\u00f3n Empresarial Hotelera de Madrid","url":"https:\/\/aehm.es\/","logo":{"@type":"ImageObject","inLanguage":"en-US","@id":"https:\/\/aehm.es\/#\/schema\/logo\/image\/","url":"https:\/\/aehm.es\/wp-content\/uploads\/2021\/11\/Logo_AEHM_Horiz.png","contentUrl":"https:\/\/aehm.es\/wp-content\/uploads\/2021\/11\/Logo_AEHM_Horiz.png","width":600,"height":182,"caption":"Asociaci\u00f3n Empresarial Hotelera de Madrid"},"image":{"@id":"https:\/\/aehm.es\/#\/schema\/logo\/image\/"},"sameAs":["https:\/\/www.instagram.com\/hotelesdemadrid\/","https:\/\/x.com\/HotelesAEHM","https:\/\/www.linkedin.com\/company\/11166072\/"]},{"@type":"Person","@id":"https:\/\/aehm.es\/#\/schema\/person\/ca1397f4b0bcee246b58a0278b67a95f","name":"richard","image":{"@type":"ImageObject","inLanguage":"en-US","@id":"https:\/\/secure.gravatar.com\/avatar\/dd2486a811ecc34bf766b7d8b17d0ea76674186c415867af39660e429e20e1a0?s=96&d=mm&r=g","url":"https:\/\/secure.gravatar.com\/avatar\/dd2486a811ecc34bf766b7d8b17d0ea76674186c415867af39660e429e20e1a0?s=96&d=mm&r=g","contentUrl":"https:\/\/secure.gravatar.com\/avatar\/dd2486a811ecc34bf766b7d8b17d0ea76674186c415867af39660e429e20e1a0?s=96&d=mm&r=g","caption":"richard"},"url":"https:\/\/aehm.es\/en\/author\/richard\/"}]}},"_links":{"self":[{"href":"https:\/\/aehm.es\/en\/wp-json\/wp\/v2\/posts\/8600","targetHints":{"allow":["GET"]}}],"collection":[{"href":"https:\/\/aehm.es\/en\/wp-json\/wp\/v2\/posts"}],"about":[{"href":"https:\/\/aehm.es\/en\/wp-json\/wp\/v2\/types\/post"}],"author":[{"embeddable":true,"href":"https:\/\/aehm.es\/en\/wp-json\/wp\/v2\/users\/1"}],"replies":[{"embeddable":true,"href":"https:\/\/aehm.es\/en\/wp-json\/wp\/v2\/comments?post=8600"}],"version-history":[{"count":0,"href":"https:\/\/aehm.es\/en\/wp-json\/wp\/v2\/posts\/8600\/revisions"}],"wp:featuredmedia":[{"embeddable":true,"href":"https:\/\/aehm.es\/en\/wp-json\/wp\/v2\/media\/8601"}],"wp:attachment":[{"href":"https:\/\/aehm.es\/en\/wp-json\/wp\/v2\/media?parent=8600"}],"wp:term":[{"taxonomy":"category","embeddable":true,"href":"https:\/\/aehm.es\/en\/wp-json\/wp\/v2\/categories?post=8600"},{"taxonomy":"post_tag","embeddable":true,"href":"https:\/\/aehm.es\/en\/wp-json\/wp\/v2\/tags?post=8600"}],"curies":[{"name":"wp","href":"https:\/\/api.w.org\/{rel}","templated":true}]}}