{"id":8584,"date":"2020-12-22T16:18:52","date_gmt":"2020-12-22T16:18:52","guid":{"rendered":"https:\/\/aehm.es\/?p=8584"},"modified":"2020-12-22T16:18:52","modified_gmt":"2020-12-22T16:18:52","slug":"aehm-y-la-comunidad-de-madrid-ponen-en-marcha-la-campana-turistica-madridsinirmaslejos","status":"publish","type":"post","link":"https:\/\/aehm.es\/en\/aehm-y-la-comunidad-de-madrid-ponen-en-marcha-la-campana-turistica-madridsinirmaslejos\/","title":{"rendered":"AEHM y la Comunidad de Madrid ponen en marcha la campa\u00f1a tur\u00edstica #MadridSinIrM\u00e1sLejos"},"content":{"rendered":"<ul>\n<li><strong>Una iniciativa que invita a los madrile\u00f1os a ser turistas en los hoteles de la regi\u00f3n y que ha sido presentada hoy en la terraza del Hotel NH Gran V\u00eda.<\/strong><\/li>\n<li><strong>La presentaci\u00f3n ha corrido a cargo de la consejera de Cultura y Turismo, Marta Rivera de la Cruz; del presidente de AEHM, Gabriel Garc\u00eda Alonso, y de la secretaria general de AEHM, Mar de Miguel.<\/strong><\/li>\n<\/ul>\n<p><strong>\u00a0<\/strong><em>Madrid, 21 de diciembre de 2020.- <\/em><strong>La Asociaci\u00f3n Empresarial Hotelera de Madrid<\/strong> (AEHM) y la Comunidad de Madrid han presentado hoy la <strong>campa\u00f1a <a href=\"\/?page_id=8436\" target=\"_blank\" rel=\"noopener\">#MadridSinIrM\u00e1sLejos<\/a><\/strong>, una iniciativa conjunta que invita a los madrile\u00f1os a ser turistas en los hoteles de la regi\u00f3n. <strong>Hasta el domingo 10 de enero, 25 hoteles ofrecer\u00e1n experiencias, actividades y descuentos a madrile\u00f1os y visitantes<\/strong> con el lema \u2018Regala-te Madrid\u2019.<\/p>\n<p>La presentaci\u00f3n \u2013que ha tenido lugar en un acto celebrado en la terraza del Hotel NH Gran V\u00eda- ha corrido a cargo de la consejera de Cultura y Turismo, <strong>Marta Rivera de la Cruz<\/strong>; del presidente de AEHM, <strong>Gabriel Garc\u00eda Alonso<\/strong>, la secretaria general de AEHM, <strong>Mar de Miguel<\/strong>, y del director regional de Madrid de NH Hotel Group, <strong>Jos\u00e9 \u00c1ngel Esteban<\/strong><\/p>\n<p>Por su parte, <strong>Garc\u00eda Alonso<\/strong> ha agradecido a la Comunidad de Madrid su apoyo y colaboraci\u00f3n, al tiempo que ha aplaudido <strong>este proyecto<\/strong>, \u201cya que <strong>nos ayudan a ir avanzando en una colaboraci\u00f3n conjunta a favor del sector hotelero de Madrid y responde al deseo de promocionar, entre otros aspectos, el turismo en general y la hoteler\u00eda en particular<\/strong>, sobre todo, en un momento en el que nuestro sector ha sido duramente golpeado por la pandemia\u201d.<\/p>\n<p>La Asociaci\u00f3n Empresarial Hotelera de Madrid representa a m\u00e1s de 300 hoteles de la Comunidad con 75.000 plazas de alojamiento y el sector tur\u00edstico en la Comunidad representa el 7% del PIB y genera m\u00e1s 140.000 empleos directos e indirectos, por lo que, seg\u00fan ha se\u00f1alado, \u201c<strong>son necesarios el di\u00e1logo y la cooperaci\u00f3n p\u00fablico-privada para desarrollar medidas que palien el duro golpe que hemos sufrido<\/strong>\u201d. \u201cNuestro sector ha sido y, estoy convencido, volver\u00e1 a ser un motor en la generaci\u00f3n de empleo y riqueza para nuestra Comunidad\u201d, ha a\u00f1adido.<\/p>\n<p>En este sentido, Gabriel Garc\u00eda Alonso ha hecho referencia al <strong><span style=\"text-decoration: underline;\"><a href=\"\/?page_id=8349\" target=\"_blank\" rel=\"noopener\">Plan Urgente de Rescate al Sector Hotelero<\/a><\/span>,<\/strong> que cuenta con el apoyo de la Comunidad de Madrid y de las distintas administraciones, y cuyas <strong>propuestas<\/strong> consideran <strong>\u201cnecesarias\u201d para nuestra supervivencia y posterior reactivaci\u00f3n<\/strong>. \u00a0\u201cEstas demandas son fruto de una profunda reflexi\u00f3n y de nuestro conocimiento del sector y, como no puede ser de otro modo, la campa\u00f1a que hoy presentamos aqu\u00ed es un paso m\u00e1s en esta colaboraci\u00f3n\u201d, ha aseverado.<\/p>\n<p>Tambi\u00e9n ha recordado que antes de que se desatara la pandemia de la Covid-19, los hoteleros madrile\u00f1os ya hab\u00edan propuesto <strong>constituir un ente p\u00fablico-privado que trabajara por la promoci\u00f3n y competitividad del sector<\/strong>. Y, en este sentido, ha remarcado a la consejera de Cultura y Turismo que \u201c<strong>es necesario que esta colaboraci\u00f3n sea lo antes posible\u201d<\/strong>, por lo que, para ello, es necesario saber cu\u00e1ndo se va a llevar a cabo, ya que, \u201c<strong>nuestro objetivo es contribuir a la reactivaci\u00f3n del turismo y reposicionar a Madrid como destino seguro y competitivo<\/strong>\u201d.<\/p>\n<p><strong>Asimismo, el presidente de la AEHM ha apreciado la buena predisposici\u00f3n<\/strong> que ha tenido la consejera de Cultura y Turismo de la Comunidad de Madrid, y ha aprovechado para <strong>recodar aspectos fundamentales para el sector hotelero que afectan tambi\u00e9n a otras consejer\u00edas. En esta l\u00ednea, ha solicitado <\/strong>que tomen inter\u00e9s en que estas propuestas se puedan <strong>abordar \u201cde una manera urgente y eficaz\u201d, como: el registro y la regulaci\u00f3n de viviendas de uso tur\u00edstico y los bonos tur\u00edsticos, as\u00ed como la actualizaci\u00f3n de la normativa para la apertura de empresas de alojamiento y la renegociaci\u00f3n de los contratos de alquiler<\/strong>.<\/p>\n<p>Como viene demostr\u00e1ndose, ha continuado, <strong>los hoteles de Madrid han aplicado todas las normas de seguridad, e incluso muchas m\u00e1s por propia iniciativa, y esto demuestra que los hoteles no hayan sido foco de contagio.<\/strong> Por eso, <strong>es importante seguir trabajando juntos en actuaciones concretas y coordinadas por parte de las Administraciones.<\/strong><\/p>\n<p>\u201cSi este compromiso es firme, no solo podremos hacer frente a una situaci\u00f3n sin precedentes, sino que recuperaremos la senda de crecimiento que ten\u00edamos antes de la pandemia. Ya lo hemos hecho antes y queremos, cuanto antes, volver contribuir lo antes posible a la creaci\u00f3n de riqueza y empleo y seguir haciendo de Madrid un destino de referencia a nivel internacional\u201d, ha concluido.<\/p>\n<p>Por su parte, <strong>la consejera de Cultura y Turismo de la Comunidad de Madrid, Marta Rivera de la Cruz,<\/strong> adem\u00e1s de haber presentado la campa\u00f1a #MadridSinIrM\u00e1sLejos, ha querido manifestar la necesidad de recuperar el sector hotelero en Madrid y para ello, ha dicho <strong>\u201ces necesario trabajar juntos\u201d<\/strong>. Un ejemplo de este compromiso, ha indicado, son los 30 millones de presupuesto para llevar a cabo el ente p\u00fablico-privado\u201d.<\/p>\n<p>Seg\u00fan ha afirmado, \u201cdesde la Comunidad de Madrid coincidimos y apoyamos cada punto del Plan de Rescate, mostramos nuestro compromiso y apostamos por un di\u00e1logo constante\u201d. En esta l\u00ednea, ha anunciado la firma de convenio con Aval Madrid para poner a disposici\u00f3n de los hoteleros madrile\u00f1os 108 millones de cr\u00e9ditos, que hay que sumar a los 40 millones que ya se hab\u00edan repartido.<\/p>\n<p><strong>\u201cMadrid es una ciudad segura y est\u00e1 preparada para recibir visitantes, con una gran oferta cultural. Estamos listos para que vuelvan y se hospeden en los hoteles que est\u00e1n abiertos y que han aplicado todos los protocolos, siendo lugares muy seguros. Madrid saldr\u00e1 adelante\u201d,<\/strong> ha incidido.<\/p>\n<p>La campa\u00f1a que se difundir\u00e1 en la web y redes sociales de la Consejer\u00eda de Cultura y Turismo y de la AEHM se apoya en un v\u00eddeo en el que se reflejan las posibilidades de ocio y entretenimiento que ofrecen los hoteles participantes y c\u00f3mo los madrile\u00f1os pueden redescubrir Madrid y sentirse turistas en su propia ciudad. <span style=\"text-decoration: underline;\"><a href=\"\/?page_id=8436\">Toda la informaci\u00f3n de la oferta de hoteles y actividades se puede consultar aqu\u00ed<\/a><\/span>.<\/p>\n<p><iframe src=\"https:\/\/www.youtube.com\/embed\/6kYubGmL7qk\" width=\"700\" height=\"394\" frameborder=\"0\" allowfullscreen=\"allowfullscreen\"><\/iframe><\/p>\n","protected":false},"excerpt":{"rendered":"<p>Una iniciativa que invita a los madrile\u00f1os a ser turistas en los hoteles de la regi\u00f3n y que ha sido presentada hoy en la terraza del Hotel NH Gran V\u00eda. La presentaci\u00f3n ha corrido a cargo de la consejera de Cultura y Turismo, Marta Rivera de la Cruz; del presidente de AEHM, Gabriel Garc\u00eda Alonso, [&hellip;]<\/p>\n","protected":false},"author":1,"featured_media":8591,"comment_status":"closed","ping_status":"open","sticky":false,"template":"","format":"standard","meta":{"footnotes":""},"categories":[1],"tags":[],"class_list":["post-8584","post","type-post","status-publish","format-standard","has-post-thumbnail","hentry","category-actualidad-aehm"],"yoast_head":"<!-- This site is optimized with the Yoast SEO plugin v27.5 - https:\/\/yoast.com\/product\/yoast-seo-wordpress\/ -->\n<title>AEHM y la Comunidad de Madrid ponen en marcha la campa\u00f1a tur\u00edstica #MadridSinIrM\u00e1sLejos - AEHM<\/title>\n<meta name=\"description\" content=\"La iniciativa invita a los madrile\u00f1os a ser turistas en los hoteles de la regi\u00f3n y ha sido presentada en la terraza del Hotel NH Gran V\u00eda.\" \/>\n<meta name=\"robots\" content=\"index, follow, max-snippet:-1, max-image-preview:large, max-video-preview:-1\" \/>\n<link rel=\"canonical\" href=\"https:\/\/aehm.es\/aehm-y-la-comunidad-de-madrid-ponen-en-marcha-la-campana-turistica-madridsinirmaslejos\/\" \/>\n<meta property=\"og:locale\" content=\"en_US\" \/>\n<meta property=\"og:type\" content=\"article\" \/>\n<meta property=\"og:title\" content=\"AEHM y la Comunidad de Madrid ponen en marcha la campa\u00f1a tur\u00edstica #MadridSinIrM\u00e1sLejos - AEHM\" \/>\n<meta property=\"og:description\" content=\"La iniciativa invita a los madrile\u00f1os a ser turistas en los hoteles de la regi\u00f3n y ha sido presentada en la terraza del Hotel NH Gran V\u00eda.\" \/>\n<meta property=\"og:url\" content=\"https:\/\/aehm.es\/aehm-y-la-comunidad-de-madrid-ponen-en-marcha-la-campana-turistica-madridsinirmaslejos\/\" \/>\n<meta property=\"og:site_name\" content=\"AEHM\" \/>\n<meta property=\"article:publisher\" content=\"https:\/\/www.instagram.com\/hotelesdemadrid\/\" \/>\n<meta property=\"article:published_time\" content=\"2020-12-22T16:18:52+00:00\" \/>\n<meta property=\"og:image\" content=\"https:\/\/aehm.es\/wp-content\/uploads\/2020\/12\/MADRID-SIN-IR-MAS-LEJOS-Regalate-Madrid-1.jpg\" \/>\n\t<meta property=\"og:image:width\" content=\"1600\" \/>\n\t<meta property=\"og:image:height\" content=\"900\" \/>\n\t<meta property=\"og:image:type\" content=\"image\/jpeg\" \/>\n<meta name=\"author\" content=\"richard\" \/>\n<meta name=\"twitter:card\" content=\"summary_large_image\" \/>\n<meta name=\"twitter:image\" content=\"https:\/\/aehm.es\/wp-content\/uploads\/2020\/12\/MADRID-SIN-IR-MAS-LEJOS-Regalate-Madrid-1.jpg\" \/>\n<meta name=\"twitter:creator\" content=\"@HotelesAEHM\" \/>\n<meta name=\"twitter:site\" content=\"@HotelesAEHM\" \/>\n<meta name=\"twitter:label1\" content=\"Written by\" \/>\n\t<meta name=\"twitter:data1\" content=\"richard\" \/>\n\t<meta name=\"twitter:label2\" content=\"Est. reading time\" \/>\n\t<meta name=\"twitter:data2\" content=\"5 minutes\" \/>\n<script type=\"application\/ld+json\" class=\"yoast-schema-graph\">{\"@context\":\"https:\\\/\\\/schema.org\",\"@graph\":[{\"@type\":\"Article\",\"@id\":\"https:\\\/\\\/aehm.es\\\/aehm-y-la-comunidad-de-madrid-ponen-en-marcha-la-campana-turistica-madridsinirmaslejos\\\/#article\",\"isPartOf\":{\"@id\":\"https:\\\/\\\/aehm.es\\\/aehm-y-la-comunidad-de-madrid-ponen-en-marcha-la-campana-turistica-madridsinirmaslejos\\\/\"},\"author\":{\"name\":\"richard\",\"@id\":\"https:\\\/\\\/aehm.es\\\/#\\\/schema\\\/person\\\/ca1397f4b0bcee246b58a0278b67a95f\"},\"headline\":\"AEHM y la Comunidad de Madrid ponen en marcha la campa\u00f1a tur\u00edstica #MadridSinIrM\u00e1sLejos\",\"datePublished\":\"2020-12-22T16:18:52+00:00\",\"mainEntityOfPage\":{\"@id\":\"https:\\\/\\\/aehm.es\\\/aehm-y-la-comunidad-de-madrid-ponen-en-marcha-la-campana-turistica-madridsinirmaslejos\\\/\"},\"wordCount\":1071,\"publisher\":{\"@id\":\"https:\\\/\\\/aehm.es\\\/#organization\"},\"image\":{\"@id\":\"https:\\\/\\\/aehm.es\\\/aehm-y-la-comunidad-de-madrid-ponen-en-marcha-la-campana-turistica-madridsinirmaslejos\\\/#primaryimage\"},\"thumbnailUrl\":\"https:\\\/\\\/aehm.es\\\/wp-content\\\/uploads\\\/2020\\\/12\\\/AEHM-y-la-Comunidad-de-Madrid-ponen-en-marcha-la-campana-turistica-MadridSinIrMasLejos-1-1.jpg\",\"articleSection\":[\"Actualidad AEHM\"],\"inLanguage\":\"en-US\"},{\"@type\":\"WebPage\",\"@id\":\"https:\\\/\\\/aehm.es\\\/aehm-y-la-comunidad-de-madrid-ponen-en-marcha-la-campana-turistica-madridsinirmaslejos\\\/\",\"url\":\"https:\\\/\\\/aehm.es\\\/aehm-y-la-comunidad-de-madrid-ponen-en-marcha-la-campana-turistica-madridsinirmaslejos\\\/\",\"name\":\"AEHM y la Comunidad de Madrid ponen en marcha la campa\u00f1a tur\u00edstica #MadridSinIrM\u00e1sLejos - AEHM\",\"isPartOf\":{\"@id\":\"https:\\\/\\\/aehm.es\\\/#website\"},\"primaryImageOfPage\":{\"@id\":\"https:\\\/\\\/aehm.es\\\/aehm-y-la-comunidad-de-madrid-ponen-en-marcha-la-campana-turistica-madridsinirmaslejos\\\/#primaryimage\"},\"image\":{\"@id\":\"https:\\\/\\\/aehm.es\\\/aehm-y-la-comunidad-de-madrid-ponen-en-marcha-la-campana-turistica-madridsinirmaslejos\\\/#primaryimage\"},\"thumbnailUrl\":\"https:\\\/\\\/aehm.es\\\/wp-content\\\/uploads\\\/2020\\\/12\\\/AEHM-y-la-Comunidad-de-Madrid-ponen-en-marcha-la-campana-turistica-MadridSinIrMasLejos-1-1.jpg\",\"datePublished\":\"2020-12-22T16:18:52+00:00\",\"description\":\"La iniciativa invita a los madrile\u00f1os a ser turistas en los hoteles de la regi\u00f3n y ha sido presentada en la terraza del Hotel NH Gran V\u00eda.\",\"breadcrumb\":{\"@id\":\"https:\\\/\\\/aehm.es\\\/aehm-y-la-comunidad-de-madrid-ponen-en-marcha-la-campana-turistica-madridsinirmaslejos\\\/#breadcrumb\"},\"inLanguage\":\"en-US\",\"potentialAction\":[{\"@type\":\"ReadAction\",\"target\":[\"https:\\\/\\\/aehm.es\\\/aehm-y-la-comunidad-de-madrid-ponen-en-marcha-la-campana-turistica-madridsinirmaslejos\\\/\"]}]},{\"@type\":\"ImageObject\",\"inLanguage\":\"en-US\",\"@id\":\"https:\\\/\\\/aehm.es\\\/aehm-y-la-comunidad-de-madrid-ponen-en-marcha-la-campana-turistica-madridsinirmaslejos\\\/#primaryimage\",\"url\":\"https:\\\/\\\/aehm.es\\\/wp-content\\\/uploads\\\/2020\\\/12\\\/AEHM-y-la-Comunidad-de-Madrid-ponen-en-marcha-la-campana-turistica-MadridSinIrMasLejos-1-1.jpg\",\"contentUrl\":\"https:\\\/\\\/aehm.es\\\/wp-content\\\/uploads\\\/2020\\\/12\\\/AEHM-y-la-Comunidad-de-Madrid-ponen-en-marcha-la-campana-turistica-MadridSinIrMasLejos-1-1.jpg\",\"width\":1800,\"height\":1004},{\"@type\":\"BreadcrumbList\",\"@id\":\"https:\\\/\\\/aehm.es\\\/aehm-y-la-comunidad-de-madrid-ponen-en-marcha-la-campana-turistica-madridsinirmaslejos\\\/#breadcrumb\",\"itemListElement\":[{\"@type\":\"ListItem\",\"position\":1,\"name\":\"Portada\",\"item\":\"https:\\\/\\\/aehm.es\\\/en\\\/\"},{\"@type\":\"ListItem\",\"position\":2,\"name\":\"AEHM y la Comunidad de Madrid ponen en marcha la campa\u00f1a tur\u00edstica #MadridSinIrM\u00e1sLejos\"}]},{\"@type\":\"WebSite\",\"@id\":\"https:\\\/\\\/aehm.es\\\/#website\",\"url\":\"https:\\\/\\\/aehm.es\\\/\",\"name\":\"Asociaci\u00f3n Empresarial Hotelera de Madrid\",\"description\":\"La Asociaci\u00f3n Empresarial Hotelera Madrid est\u00e1 formada por m\u00e1s de 300 establecimientos de todas las categor\u00edas y tipolog\u00edas (hoteles, hostales, hostels, apartamentos\u2026) que suman m\u00e1s de 75.000 plazas de alojamiento.\",\"publisher\":{\"@id\":\"https:\\\/\\\/aehm.es\\\/#organization\"},\"alternateName\":\"AEHM\",\"potentialAction\":[{\"@type\":\"SearchAction\",\"target\":{\"@type\":\"EntryPoint\",\"urlTemplate\":\"https:\\\/\\\/aehm.es\\\/?s={search_term_string}\"},\"query-input\":{\"@type\":\"PropertyValueSpecification\",\"valueRequired\":true,\"valueName\":\"search_term_string\"}}],\"inLanguage\":\"en-US\"},{\"@type\":\"Organization\",\"@id\":\"https:\\\/\\\/aehm.es\\\/#organization\",\"name\":\"Asociaci\u00f3n Empresarial Hotelera de Madrid\",\"url\":\"https:\\\/\\\/aehm.es\\\/\",\"logo\":{\"@type\":\"ImageObject\",\"inLanguage\":\"en-US\",\"@id\":\"https:\\\/\\\/aehm.es\\\/#\\\/schema\\\/logo\\\/image\\\/\",\"url\":\"https:\\\/\\\/aehm.es\\\/wp-content\\\/uploads\\\/2021\\\/11\\\/Logo_AEHM_Horiz.png\",\"contentUrl\":\"https:\\\/\\\/aehm.es\\\/wp-content\\\/uploads\\\/2021\\\/11\\\/Logo_AEHM_Horiz.png\",\"width\":600,\"height\":182,\"caption\":\"Asociaci\u00f3n Empresarial Hotelera de Madrid\"},\"image\":{\"@id\":\"https:\\\/\\\/aehm.es\\\/#\\\/schema\\\/logo\\\/image\\\/\"},\"sameAs\":[\"https:\\\/\\\/www.instagram.com\\\/hotelesdemadrid\\\/\",\"https:\\\/\\\/x.com\\\/HotelesAEHM\",\"https:\\\/\\\/www.linkedin.com\\\/company\\\/11166072\\\/\"]},{\"@type\":\"Person\",\"@id\":\"https:\\\/\\\/aehm.es\\\/#\\\/schema\\\/person\\\/ca1397f4b0bcee246b58a0278b67a95f\",\"name\":\"richard\",\"image\":{\"@type\":\"ImageObject\",\"inLanguage\":\"en-US\",\"@id\":\"https:\\\/\\\/secure.gravatar.com\\\/avatar\\\/dd2486a811ecc34bf766b7d8b17d0ea76674186c415867af39660e429e20e1a0?s=96&d=mm&r=g\",\"url\":\"https:\\\/\\\/secure.gravatar.com\\\/avatar\\\/dd2486a811ecc34bf766b7d8b17d0ea76674186c415867af39660e429e20e1a0?s=96&d=mm&r=g\",\"contentUrl\":\"https:\\\/\\\/secure.gravatar.com\\\/avatar\\\/dd2486a811ecc34bf766b7d8b17d0ea76674186c415867af39660e429e20e1a0?s=96&d=mm&r=g\",\"caption\":\"richard\"},\"url\":\"https:\\\/\\\/aehm.es\\\/en\\\/author\\\/richard\\\/\"}]}<\/script>\n<!-- \/ Yoast SEO plugin. -->","yoast_head_json":{"title":"AEHM y la Comunidad de Madrid ponen en marcha la campa\u00f1a tur\u00edstica #MadridSinIrM\u00e1sLejos - AEHM","description":"La iniciativa invita a los madrile\u00f1os a ser turistas en los hoteles de la regi\u00f3n y ha sido presentada en la terraza del Hotel NH Gran V\u00eda.","robots":{"index":"index","follow":"follow","max-snippet":"max-snippet:-1","max-image-preview":"max-image-preview:large","max-video-preview":"max-video-preview:-1"},"canonical":"https:\/\/aehm.es\/aehm-y-la-comunidad-de-madrid-ponen-en-marcha-la-campana-turistica-madridsinirmaslejos\/","og_locale":"en_US","og_type":"article","og_title":"AEHM y la Comunidad de Madrid ponen en marcha la campa\u00f1a tur\u00edstica #MadridSinIrM\u00e1sLejos - AEHM","og_description":"La iniciativa invita a los madrile\u00f1os a ser turistas en los hoteles de la regi\u00f3n y ha sido presentada en la terraza del Hotel NH Gran V\u00eda.","og_url":"https:\/\/aehm.es\/aehm-y-la-comunidad-de-madrid-ponen-en-marcha-la-campana-turistica-madridsinirmaslejos\/","og_site_name":"AEHM","article_publisher":"https:\/\/www.instagram.com\/hotelesdemadrid\/","article_published_time":"2020-12-22T16:18:52+00:00","og_image":[{"width":1600,"height":900,"url":"https:\/\/aehm.es\/wp-content\/uploads\/2020\/12\/MADRID-SIN-IR-MAS-LEJOS-Regalate-Madrid-1.jpg","type":"image\/jpeg"}],"author":"richard","twitter_card":"summary_large_image","twitter_image":"https:\/\/aehm.es\/wp-content\/uploads\/2020\/12\/MADRID-SIN-IR-MAS-LEJOS-Regalate-Madrid-1.jpg","twitter_creator":"@HotelesAEHM","twitter_site":"@HotelesAEHM","twitter_misc":{"Written by":"richard","Est. reading time":"5 minutes"},"schema":{"@context":"https:\/\/schema.org","@graph":[{"@type":"Article","@id":"https:\/\/aehm.es\/aehm-y-la-comunidad-de-madrid-ponen-en-marcha-la-campana-turistica-madridsinirmaslejos\/#article","isPartOf":{"@id":"https:\/\/aehm.es\/aehm-y-la-comunidad-de-madrid-ponen-en-marcha-la-campana-turistica-madridsinirmaslejos\/"},"author":{"name":"richard","@id":"https:\/\/aehm.es\/#\/schema\/person\/ca1397f4b0bcee246b58a0278b67a95f"},"headline":"AEHM y la Comunidad de Madrid ponen en marcha la campa\u00f1a tur\u00edstica #MadridSinIrM\u00e1sLejos","datePublished":"2020-12-22T16:18:52+00:00","mainEntityOfPage":{"@id":"https:\/\/aehm.es\/aehm-y-la-comunidad-de-madrid-ponen-en-marcha-la-campana-turistica-madridsinirmaslejos\/"},"wordCount":1071,"publisher":{"@id":"https:\/\/aehm.es\/#organization"},"image":{"@id":"https:\/\/aehm.es\/aehm-y-la-comunidad-de-madrid-ponen-en-marcha-la-campana-turistica-madridsinirmaslejos\/#primaryimage"},"thumbnailUrl":"https:\/\/aehm.es\/wp-content\/uploads\/2020\/12\/AEHM-y-la-Comunidad-de-Madrid-ponen-en-marcha-la-campana-turistica-MadridSinIrMasLejos-1-1.jpg","articleSection":["Actualidad AEHM"],"inLanguage":"en-US"},{"@type":"WebPage","@id":"https:\/\/aehm.es\/aehm-y-la-comunidad-de-madrid-ponen-en-marcha-la-campana-turistica-madridsinirmaslejos\/","url":"https:\/\/aehm.es\/aehm-y-la-comunidad-de-madrid-ponen-en-marcha-la-campana-turistica-madridsinirmaslejos\/","name":"AEHM y la Comunidad de Madrid ponen en marcha la campa\u00f1a tur\u00edstica #MadridSinIrM\u00e1sLejos - AEHM","isPartOf":{"@id":"https:\/\/aehm.es\/#website"},"primaryImageOfPage":{"@id":"https:\/\/aehm.es\/aehm-y-la-comunidad-de-madrid-ponen-en-marcha-la-campana-turistica-madridsinirmaslejos\/#primaryimage"},"image":{"@id":"https:\/\/aehm.es\/aehm-y-la-comunidad-de-madrid-ponen-en-marcha-la-campana-turistica-madridsinirmaslejos\/#primaryimage"},"thumbnailUrl":"https:\/\/aehm.es\/wp-content\/uploads\/2020\/12\/AEHM-y-la-Comunidad-de-Madrid-ponen-en-marcha-la-campana-turistica-MadridSinIrMasLejos-1-1.jpg","datePublished":"2020-12-22T16:18:52+00:00","description":"La iniciativa invita a los madrile\u00f1os a ser turistas en los hoteles de la regi\u00f3n y ha sido presentada en la terraza del Hotel NH Gran V\u00eda.","breadcrumb":{"@id":"https:\/\/aehm.es\/aehm-y-la-comunidad-de-madrid-ponen-en-marcha-la-campana-turistica-madridsinirmaslejos\/#breadcrumb"},"inLanguage":"en-US","potentialAction":[{"@type":"ReadAction","target":["https:\/\/aehm.es\/aehm-y-la-comunidad-de-madrid-ponen-en-marcha-la-campana-turistica-madridsinirmaslejos\/"]}]},{"@type":"ImageObject","inLanguage":"en-US","@id":"https:\/\/aehm.es\/aehm-y-la-comunidad-de-madrid-ponen-en-marcha-la-campana-turistica-madridsinirmaslejos\/#primaryimage","url":"https:\/\/aehm.es\/wp-content\/uploads\/2020\/12\/AEHM-y-la-Comunidad-de-Madrid-ponen-en-marcha-la-campana-turistica-MadridSinIrMasLejos-1-1.jpg","contentUrl":"https:\/\/aehm.es\/wp-content\/uploads\/2020\/12\/AEHM-y-la-Comunidad-de-Madrid-ponen-en-marcha-la-campana-turistica-MadridSinIrMasLejos-1-1.jpg","width":1800,"height":1004},{"@type":"BreadcrumbList","@id":"https:\/\/aehm.es\/aehm-y-la-comunidad-de-madrid-ponen-en-marcha-la-campana-turistica-madridsinirmaslejos\/#breadcrumb","itemListElement":[{"@type":"ListItem","position":1,"name":"Portada","item":"https:\/\/aehm.es\/en\/"},{"@type":"ListItem","position":2,"name":"AEHM y la Comunidad de Madrid ponen en marcha la campa\u00f1a tur\u00edstica #MadridSinIrM\u00e1sLejos"}]},{"@type":"WebSite","@id":"https:\/\/aehm.es\/#website","url":"https:\/\/aehm.es\/","name":"Asociaci\u00f3n Empresarial Hotelera de Madrid","description":"La Asociaci\u00f3n Empresarial Hotelera Madrid est\u00e1 formada por m\u00e1s de 300 establecimientos de todas las categor\u00edas y tipolog\u00edas (hoteles, hostales, hostels, apartamentos\u2026) que suman m\u00e1s de 75.000 plazas de alojamiento.","publisher":{"@id":"https:\/\/aehm.es\/#organization"},"alternateName":"AEHM","potentialAction":[{"@type":"SearchAction","target":{"@type":"EntryPoint","urlTemplate":"https:\/\/aehm.es\/?s={search_term_string}"},"query-input":{"@type":"PropertyValueSpecification","valueRequired":true,"valueName":"search_term_string"}}],"inLanguage":"en-US"},{"@type":"Organization","@id":"https:\/\/aehm.es\/#organization","name":"Asociaci\u00f3n Empresarial Hotelera de Madrid","url":"https:\/\/aehm.es\/","logo":{"@type":"ImageObject","inLanguage":"en-US","@id":"https:\/\/aehm.es\/#\/schema\/logo\/image\/","url":"https:\/\/aehm.es\/wp-content\/uploads\/2021\/11\/Logo_AEHM_Horiz.png","contentUrl":"https:\/\/aehm.es\/wp-content\/uploads\/2021\/11\/Logo_AEHM_Horiz.png","width":600,"height":182,"caption":"Asociaci\u00f3n Empresarial Hotelera de Madrid"},"image":{"@id":"https:\/\/aehm.es\/#\/schema\/logo\/image\/"},"sameAs":["https:\/\/www.instagram.com\/hotelesdemadrid\/","https:\/\/x.com\/HotelesAEHM","https:\/\/www.linkedin.com\/company\/11166072\/"]},{"@type":"Person","@id":"https:\/\/aehm.es\/#\/schema\/person\/ca1397f4b0bcee246b58a0278b67a95f","name":"richard","image":{"@type":"ImageObject","inLanguage":"en-US","@id":"https:\/\/secure.gravatar.com\/avatar\/dd2486a811ecc34bf766b7d8b17d0ea76674186c415867af39660e429e20e1a0?s=96&d=mm&r=g","url":"https:\/\/secure.gravatar.com\/avatar\/dd2486a811ecc34bf766b7d8b17d0ea76674186c415867af39660e429e20e1a0?s=96&d=mm&r=g","contentUrl":"https:\/\/secure.gravatar.com\/avatar\/dd2486a811ecc34bf766b7d8b17d0ea76674186c415867af39660e429e20e1a0?s=96&d=mm&r=g","caption":"richard"},"url":"https:\/\/aehm.es\/en\/author\/richard\/"}]}},"_links":{"self":[{"href":"https:\/\/aehm.es\/en\/wp-json\/wp\/v2\/posts\/8584","targetHints":{"allow":["GET"]}}],"collection":[{"href":"https:\/\/aehm.es\/en\/wp-json\/wp\/v2\/posts"}],"about":[{"href":"https:\/\/aehm.es\/en\/wp-json\/wp\/v2\/types\/post"}],"author":[{"embeddable":true,"href":"https:\/\/aehm.es\/en\/wp-json\/wp\/v2\/users\/1"}],"replies":[{"embeddable":true,"href":"https:\/\/aehm.es\/en\/wp-json\/wp\/v2\/comments?post=8584"}],"version-history":[{"count":0,"href":"https:\/\/aehm.es\/en\/wp-json\/wp\/v2\/posts\/8584\/revisions"}],"wp:featuredmedia":[{"embeddable":true,"href":"https:\/\/aehm.es\/en\/wp-json\/wp\/v2\/media\/8591"}],"wp:attachment":[{"href":"https:\/\/aehm.es\/en\/wp-json\/wp\/v2\/media?parent=8584"}],"wp:term":[{"taxonomy":"category","embeddable":true,"href":"https:\/\/aehm.es\/en\/wp-json\/wp\/v2\/categories?post=8584"},{"taxonomy":"post_tag","embeddable":true,"href":"https:\/\/aehm.es\/en\/wp-json\/wp\/v2\/tags?post=8584"}],"curies":[{"name":"wp","href":"https:\/\/api.w.org\/{rel}","templated":true}]}}