{"id":8226,"date":"2020-11-11T11:33:01","date_gmt":"2020-11-11T11:33:01","guid":{"rendered":"https:\/\/aehm.es\/?p=8226"},"modified":"2020-11-11T11:33:01","modified_gmt":"2020-11-11T11:33:01","slug":"el-arte-del-flamenco-llega-a-los-hoteles-con-motivo-de-madrid-hotel-week","status":"publish","type":"post","link":"https:\/\/aehm.es\/en\/el-arte-del-flamenco-llega-a-los-hoteles-con-motivo-de-madrid-hotel-week\/","title":{"rendered":"El arte del flamenco llega a los hoteles con motivo de Madrid Hotel Week"},"content":{"rendered":"<ul>\n<li><strong>Con el apoyo de la Comunidad de Madrid y en colaboraci\u00f3n del Corral de la Morer\u00eda, se podr\u00e1 disfrutar de un espect\u00e1culo en vivo ma\u00f1ana jueves en el hotel Westin Palace y, a trav\u00e9s de una pieza de v\u00eddeo, el \u2018duende\u2019 del popular tablao tambi\u00e9n tendr\u00e1 presencia en distintos establecimientos a lo largo de toda la semana<\/strong><\/li>\n<li><strong>El flamenco, al igual que otros espect\u00e1culos en vivo, se ha visto duramente golpeado por la crisis y, como muestra de apoyo, ser\u00e1 una de las citas destacadas en el programa de 50 actividades que los hoteleros madrile\u00f1os ofrecen<\/strong><\/li>\n<li><strong>Madrid Hotel Week es un evento que naci\u00f3 con el objetivo de acercar los hoteles a los ciudadanos y, este a\u00f1o, bajo el lema \u2018Con m\u00e1s motivo\u2019, m\u00e1s de 30 establecimientos han hecho un esfuerzo para no perderse su cita anual con los madrile\u00f1os<\/strong><\/li>\n<\/ul>\n<p><strong>\u00a0<\/strong><\/p>\n<p><strong>Madrid, 11 de noviembre de 2020.-<\/strong> El <strong>flamenco ser\u00e1 uno de los protagonistas<\/strong> de la <strong>cuarta edici\u00f3n de \u2018Madrid Hotel Week\u2019<\/strong>, organizada por la <strong>Asociaci\u00f3n Empresarial Hotelera de Madrid<\/strong> (AEHM). \u00a0As\u00ed, Madrid Hotel Week ofrecer\u00e1 ma\u00f1ana jueves a las ocho de la tarde una actuaci\u00f3n muy especial en el <strong>Hotel Westin Palace<\/strong> en colaboraci\u00f3n con El Corral de la Morer\u00eda. Con el <strong>apoyo de la Comunidad de Madrid<\/strong>, el popular \u2018tablao\u2019 ha querido sumarse a esta con los madrile\u00f1os, para poner en valor un espect\u00e1culo capaz de sorprender a aquellos que lo conocen y a aquellos que a\u00fan no han descubierto el flamenco. Un <strong>aforo limitado a 20 personas<\/strong>, al que se podr\u00e1 acceder mediante reserva, podr\u00e1 disfrutar de la magia de uno de los grandes espect\u00e1culos de Madrid, con bailaor y core\u00f3grafo Eduardo Guerrero, junto a Inma Salom\u00f3n, primera bailarina del Ballet Nacional de Espa\u00f1a, e Irene Correa, que acompa\u00f1ados del guitarrista flamenco Mario Montoya y los cantaores Francisco Trinidad &#8220;Trini de la Isla&#8221; y Juan Jos\u00e9 Amador &#8220;El Perre&#8221; desplegar\u00e1n todo su \u2018duende\u2019 en una velada \u00fanica.<\/p>\n<p>\u2018Madrid Hotel Week\u2019, que celebra su cuarto aniversario, es un evento que naci\u00f3 con el objetivo de acercar los hoteles a los madrile\u00f1os y, este a\u00f1o, bajo el lema <strong>\u2018Con m\u00e1s motivo\u2019<\/strong>, los establecimientos han hecho un esfuerzo para poder seguir acogiendo y sorprendiendo a los participantes. La edici\u00f3n de este a\u00f1o, que se celebra <strong>entre los d\u00edas 9 y 15 de noviembre<\/strong>, es una muestra m\u00e1s del compromiso de los hoteles de Madrid. A pesar de la complicada situaci\u00f3n que se vive desde marzo, cuando tuvieron que cerrar, con una movilidad internacional y nacional muy limitada que ha hecho que s\u00f3lo hayan podido abrir unos pocos establecimientos y con ocupaciones extraordinariamente bajas, en un ejercicio de resiliencia y con la mirada puesta al futuro, <strong>m\u00e1s de 30 alojamientos<\/strong> no han querido faltar a su cita con los ciudadanos y han preparado <strong>m\u00e1s de 50 actividades presenciales y virtuales<\/strong>.<\/p>\n<p>La hoteler\u00eda y los espect\u00e1culos en directo comparten un presente complicado. En este escenario en el que la crisis de la covid-19 ha lastrado a toda la cadena de valor del turismo, cuya <strong>actividad est\u00e1 vinculada, al 100%, con la llegada de turistas<\/strong> y visitantes nacionales e internacionales, los hoteleros han querido poner en valor <strong>la figura del flamenco como atractivo de Madrid tanto para sus ciudadanos, como para los visitantes<\/strong>.<\/p>\n<p>De hecho, el flamenco cuenta en su promoci\u00f3n a nivel nacional e internacional con el respaldo de la <strong>Comunidad de Madrid<\/strong>, a trav\u00e9s de la <strong>Consejer\u00eda de Cultura y Turismo, del<\/strong> <strong>Ayuntamiento de Madrid, <\/strong>a trav\u00e9s de la<strong> Direcci\u00f3n General de Comercio y Hosteler\u00eda y el \u00c1rea de Turismo<\/strong> y <strong>Turespa\u00f1a<\/strong> entre otros, como uno de los atractivos del destino. Dada la situaci\u00f3n, hoteles y espect\u00e1culos necesitan del apoyo de instituciones, ciudadanos y visitantes, para lograr que los establecimientos que han retomado su actividad, no tengan que cerrar de nuevo.<\/p>\n<p>El Corral de la Morer\u00eda representa, en este caso, a todos los espect\u00e1culos en vivo y, m\u00e1s a\u00fan, aquellos de flamenco, por lo que, para lograr la mayor visibilidad, su propuesta se completa a lo largo de toda la semana en distintos establecimientos de la ciudad que ofrecer\u00e1n <strong>una exclusiva pieza audiovisual<\/strong> preparada para la ocasi\u00f3n. En ella, el bailaor y core\u00f3grafo Eduardo Guerrero, junto a Inma Salom\u00f3n, primera bailarina del Ballet Nacional de Espa\u00f1a e Irene Correa, interpretar\u00e1n el tema musical &#8220;Sin Raz\u00f3n&#8221;, de la cantaora y autora Mar\u00eda Mezcle, les acompa\u00f1an en la m\u00fasica; Carlos Carmona a la guitarra, Bandolero a la percusi\u00f3n y, en una especial colaboraci\u00f3n, Diego Villegas a la arm\u00f3nica. Este elenco recorrer\u00e1 en tres espacios distintos de tres hoteles de la ciudad: <strong>el VP Plaza Espa\u00f1a Design, el Gran Meli\u00e1 Palacio de los Duques, y el Riu Plaza Espa\u00f1a<\/strong>.<\/p>\n<p><strong>PROGRAMACI\u00d3N DE \u2018MADRID HOTEL WEEK\u2019<\/strong><\/p>\n<p>M\u00e1s de 20 propuestas gastron\u00f3micas, que son una de las se\u00f1as de identidad de la oferta hotelera de Madrid; cocteler\u00eda de vanguardia; rutas por el interior de emblem\u00e1ticos hoteles; actividades centradas en el arte; sesiones deportivas y para el bienestar; planes para disfrutar en familia; artes esc\u00e9nicas y propuestas musicales, son algunas de las actividades que ofrece \u2018Madrid Hotel Week\u2019 este a\u00f1o.<\/p>\n<p>La programaci\u00f3n la completan marcas como <strong>Nuevedos<\/strong>, que ya ha grabado un v\u00eddeo que se podr\u00e1 visualizar, a partir de hoy, en <a href=\"http:\/\/www.madridhotelweek.com\" target=\"_blank\" rel=\"noopener noreferrer\">www.madridhotelweek.com<\/a> de los profesionales de Food&amp;Beverage preparando diferentes montajes de mesas en la web de Madrid Hotel Week; <strong>mastercard<\/strong>, que organiza una acci\u00f3n &#8220;Priceless\u201d: una &#8220;Clase de yoga con Ramiro Calle&#8221; online en el <strong>hotel Wellington<\/strong> y un recorrido virtual por el hotel <strong>Four Season y Galer\u00edas Canalejas. <\/strong>Adem\u00e1s, se podr\u00e1 disfrutar de una <strong>lectura dramatizada en directo de Nancho Novo<\/strong>, tanto presencial como v\u00eda online.<\/p>\n<p>Por otro lado, la <strong>Comunidad de Madrid,<\/strong> tambi\u00e9n propondr\u00e1 una visita virtual y guiada a <strong>Alcal\u00e1 de Henares<\/strong> y su <strong>Parador Nacional<\/strong>, as\u00ed como la visualizaci\u00f3n de una video-receta elaborada por el chef <strong>Mario Sandoval<\/strong>, dos estrellas Michelin, y junto con el chef del <strong>Parador de Chinch\u00f3n, Pablo Mu\u00f1oz. <\/strong>Y para finalizar, <strong>Las Llaves de Oro<\/strong> desarrollar\u00e1 una actividad online que permitir\u00e1 a los espectadores descubrir algunos de los secretos mejor guardados de los hoteles m\u00e1s emblem\u00e1ticos de Madrid.<\/p>\n<p>Como no podr\u00eda ser de otro modo, \u2018Madrid Hotel Week\u2019 tambi\u00e9n dedicar\u00e1 una parte de su agenda a los <strong>profesionales del sector hotelero y tur\u00edstico<\/strong>.<\/p>\n<p>La programaci\u00f3n completa de Madrid Hotel Week se puede consultar en el siguiente enlace: <a href=\"http:\/\/www.madridhotelweek.com\" target=\"_blank\" rel=\"noopener noreferrer\">www.madridhotelweek.com<\/a> (se ir\u00e1 actualizando a lo largo de la semana).<\/p>\n<p>Los hoteles participantes, adem\u00e1s de los mencionados Westin Palace, VP Plaza Espa\u00f1a Design, Gran Meli\u00e1 Palacio de los Duques, y Riu Plaza Espa\u00f1a, son: Barcel\u00f3 Emperatriz, Four Seasons, Intercontinental Madrid, Mandarin Oriental Ritz Madrid, NH Collection Madrid Suecia, Hospes Puerta de Alcal\u00e1, \u00danico Madrid, Urso hotel &amp; Spa, Villa Magna y Wellington Madrid; Aloft Madrid Gran Via, Coolrooms Atocha, H10 Villa de la Reina, H10 Puerta de Alcal\u00e1, Madrid Marriot Auditorium Hotel &amp; Conference Center, Meninas, NH Collection Gran V\u00eda, Only You Atocha, Opera, Parador de Alcal\u00e1 de Henares, Parador de Chinch\u00f3n, Pestana Plaza Mayor, Santo Domingo y VP Jard\u00edn de Recoletos; Apartosuites Jardines de Sabatini, Europa y Puerta de Toledo y el Hostal Persal.<\/p>\n<p><strong>TODO SOBRE MADRID HOTEL WEEK<\/strong><\/p>\n<p><em>Hashtag: #madridhotelweek<\/em><\/p>\n<p><em>Website: <\/em><a href=\"http:\/\/www.madridhotelweek.com\"><em>www.madridhotelweek.com<\/em><\/a> (La actualizaci\u00f3n o modificaci\u00f3n de cualquier actividad podr\u00e1 consultarse en esta url)<\/p>\n<p>&nbsp;<\/p>\n<p><iframe src=\"https:\/\/www.youtube.com\/embed\/hNqB_SpcvzM\" width=\"800\" height=\"450\" frameborder=\"0\" allowfullscreen=\"allowfullscreen\"><\/iframe><\/p>\n","protected":false},"excerpt":{"rendered":"<p>Con el apoyo de la Comunidad de Madrid y en colaboraci\u00f3n del Corral de la Morer\u00eda, se podr\u00e1 disfrutar de un espect\u00e1culo en vivo ma\u00f1ana jueves en el hotel Westin Palace y, a trav\u00e9s de una pieza de v\u00eddeo, el \u2018duende\u2019 del popular tablao tambi\u00e9n tendr\u00e1 presencia en distintos establecimientos a lo largo de toda [&hellip;]<\/p>\n","protected":false},"author":1,"featured_media":8227,"comment_status":"closed","ping_status":"open","sticky":false,"template":"","format":"standard","meta":{"footnotes":""},"categories":[1],"tags":[],"class_list":["post-8226","post","type-post","status-publish","format-standard","has-post-thumbnail","hentry","category-actualidad-aehm"],"yoast_head":"<!-- This site is optimized with the Yoast SEO plugin v27.5 - https:\/\/yoast.com\/product\/yoast-seo-wordpress\/ -->\n<title>El arte del flamenco llega a los hoteles con motivo de Madrid Hotel Week - AEHM<\/title>\n<meta name=\"description\" content=\"El flamenco, al igual que otros espect\u00e1culos en vivo, se ha visto duramente golpeado por la crisis y, como muestra de apoyo, ser\u00e1 una de las citas destacadas en el programa de 50 actividades que los hoteleros madrile\u00f1os ofrecen\" \/>\n<meta name=\"robots\" content=\"index, follow, max-snippet:-1, max-image-preview:large, max-video-preview:-1\" \/>\n<link rel=\"canonical\" href=\"https:\/\/aehm.es\/el-arte-del-flamenco-llega-a-los-hoteles-con-motivo-de-madrid-hotel-week\/\" \/>\n<meta property=\"og:locale\" content=\"en_US\" \/>\n<meta property=\"og:type\" content=\"article\" \/>\n<meta property=\"og:title\" content=\"El arte del flamenco llega a los hoteles con motivo de Madrid Hotel Week - AEHM\" \/>\n<meta property=\"og:description\" content=\"El flamenco, al igual que otros espect\u00e1culos en vivo, se ha visto duramente golpeado por la crisis y, como muestra de apoyo, ser\u00e1 una de las citas destacadas en el programa de 50 actividades que los hoteleros madrile\u00f1os ofrecen\" \/>\n<meta property=\"og:url\" content=\"https:\/\/aehm.es\/el-arte-del-flamenco-llega-a-los-hoteles-con-motivo-de-madrid-hotel-week\/\" \/>\n<meta property=\"og:site_name\" content=\"AEHM\" \/>\n<meta property=\"article:publisher\" content=\"https:\/\/www.instagram.com\/hotelesdemadrid\/\" \/>\n<meta property=\"article:published_time\" content=\"2020-11-11T11:33:01+00:00\" \/>\n<meta property=\"og:image\" content=\"https:\/\/aehm.es\/wp-content\/uploads\/2020\/11\/El-flamenco-llega-a-los-hoteles-de-Madrid-1.jpg\" \/>\n\t<meta property=\"og:image:width\" content=\"1800\" \/>\n\t<meta property=\"og:image:height\" content=\"911\" \/>\n\t<meta property=\"og:image:type\" content=\"image\/jpeg\" \/>\n<meta name=\"author\" content=\"richard\" \/>\n<meta name=\"twitter:card\" content=\"summary_large_image\" \/>\n<meta name=\"twitter:creator\" content=\"@HotelesAEHM\" \/>\n<meta name=\"twitter:site\" content=\"@HotelesAEHM\" \/>\n<meta name=\"twitter:label1\" content=\"Written by\" \/>\n\t<meta name=\"twitter:data1\" content=\"richard\" \/>\n\t<meta name=\"twitter:label2\" content=\"Est. reading time\" \/>\n\t<meta name=\"twitter:data2\" content=\"6 minutes\" \/>\n<script type=\"application\/ld+json\" class=\"yoast-schema-graph\">{\"@context\":\"https:\\\/\\\/schema.org\",\"@graph\":[{\"@type\":\"Article\",\"@id\":\"https:\\\/\\\/aehm.es\\\/el-arte-del-flamenco-llega-a-los-hoteles-con-motivo-de-madrid-hotel-week\\\/#article\",\"isPartOf\":{\"@id\":\"https:\\\/\\\/aehm.es\\\/el-arte-del-flamenco-llega-a-los-hoteles-con-motivo-de-madrid-hotel-week\\\/\"},\"author\":{\"name\":\"richard\",\"@id\":\"https:\\\/\\\/aehm.es\\\/#\\\/schema\\\/person\\\/ca1397f4b0bcee246b58a0278b67a95f\"},\"headline\":\"El arte del flamenco llega a los hoteles con motivo de Madrid Hotel Week\",\"datePublished\":\"2020-11-11T11:33:01+00:00\",\"mainEntityOfPage\":{\"@id\":\"https:\\\/\\\/aehm.es\\\/el-arte-del-flamenco-llega-a-los-hoteles-con-motivo-de-madrid-hotel-week\\\/\"},\"wordCount\":1307,\"publisher\":{\"@id\":\"https:\\\/\\\/aehm.es\\\/#organization\"},\"image\":{\"@id\":\"https:\\\/\\\/aehm.es\\\/el-arte-del-flamenco-llega-a-los-hoteles-con-motivo-de-madrid-hotel-week\\\/#primaryimage\"},\"thumbnailUrl\":\"https:\\\/\\\/aehm.es\\\/wp-content\\\/uploads\\\/2020\\\/11\\\/El-flamenco-llega-a-los-hoteles-de-Madrid-1.jpg\",\"articleSection\":[\"Actualidad AEHM\"],\"inLanguage\":\"en-US\"},{\"@type\":\"WebPage\",\"@id\":\"https:\\\/\\\/aehm.es\\\/el-arte-del-flamenco-llega-a-los-hoteles-con-motivo-de-madrid-hotel-week\\\/\",\"url\":\"https:\\\/\\\/aehm.es\\\/el-arte-del-flamenco-llega-a-los-hoteles-con-motivo-de-madrid-hotel-week\\\/\",\"name\":\"El arte del flamenco llega a los hoteles con motivo de Madrid Hotel Week - AEHM\",\"isPartOf\":{\"@id\":\"https:\\\/\\\/aehm.es\\\/#website\"},\"primaryImageOfPage\":{\"@id\":\"https:\\\/\\\/aehm.es\\\/el-arte-del-flamenco-llega-a-los-hoteles-con-motivo-de-madrid-hotel-week\\\/#primaryimage\"},\"image\":{\"@id\":\"https:\\\/\\\/aehm.es\\\/el-arte-del-flamenco-llega-a-los-hoteles-con-motivo-de-madrid-hotel-week\\\/#primaryimage\"},\"thumbnailUrl\":\"https:\\\/\\\/aehm.es\\\/wp-content\\\/uploads\\\/2020\\\/11\\\/El-flamenco-llega-a-los-hoteles-de-Madrid-1.jpg\",\"datePublished\":\"2020-11-11T11:33:01+00:00\",\"description\":\"El flamenco, al igual que otros espect\u00e1culos en vivo, se ha visto duramente golpeado por la crisis y, como muestra de apoyo, ser\u00e1 una de las citas destacadas en el programa de 50 actividades que los hoteleros madrile\u00f1os ofrecen\",\"breadcrumb\":{\"@id\":\"https:\\\/\\\/aehm.es\\\/el-arte-del-flamenco-llega-a-los-hoteles-con-motivo-de-madrid-hotel-week\\\/#breadcrumb\"},\"inLanguage\":\"en-US\",\"potentialAction\":[{\"@type\":\"ReadAction\",\"target\":[\"https:\\\/\\\/aehm.es\\\/el-arte-del-flamenco-llega-a-los-hoteles-con-motivo-de-madrid-hotel-week\\\/\"]}]},{\"@type\":\"ImageObject\",\"inLanguage\":\"en-US\",\"@id\":\"https:\\\/\\\/aehm.es\\\/el-arte-del-flamenco-llega-a-los-hoteles-con-motivo-de-madrid-hotel-week\\\/#primaryimage\",\"url\":\"https:\\\/\\\/aehm.es\\\/wp-content\\\/uploads\\\/2020\\\/11\\\/El-flamenco-llega-a-los-hoteles-de-Madrid-1.jpg\",\"contentUrl\":\"https:\\\/\\\/aehm.es\\\/wp-content\\\/uploads\\\/2020\\\/11\\\/El-flamenco-llega-a-los-hoteles-de-Madrid-1.jpg\",\"width\":1800,\"height\":911},{\"@type\":\"BreadcrumbList\",\"@id\":\"https:\\\/\\\/aehm.es\\\/el-arte-del-flamenco-llega-a-los-hoteles-con-motivo-de-madrid-hotel-week\\\/#breadcrumb\",\"itemListElement\":[{\"@type\":\"ListItem\",\"position\":1,\"name\":\"Portada\",\"item\":\"https:\\\/\\\/aehm.es\\\/en\\\/\"},{\"@type\":\"ListItem\",\"position\":2,\"name\":\"El arte del flamenco llega a los hoteles con motivo de Madrid Hotel Week\"}]},{\"@type\":\"WebSite\",\"@id\":\"https:\\\/\\\/aehm.es\\\/#website\",\"url\":\"https:\\\/\\\/aehm.es\\\/\",\"name\":\"Asociaci\u00f3n Empresarial Hotelera de Madrid\",\"description\":\"La Asociaci\u00f3n Empresarial Hotelera Madrid est\u00e1 formada por m\u00e1s de 300 establecimientos de todas las categor\u00edas y tipolog\u00edas (hoteles, hostales, hostels, apartamentos\u2026) que suman m\u00e1s de 75.000 plazas de alojamiento.\",\"publisher\":{\"@id\":\"https:\\\/\\\/aehm.es\\\/#organization\"},\"alternateName\":\"AEHM\",\"potentialAction\":[{\"@type\":\"SearchAction\",\"target\":{\"@type\":\"EntryPoint\",\"urlTemplate\":\"https:\\\/\\\/aehm.es\\\/?s={search_term_string}\"},\"query-input\":{\"@type\":\"PropertyValueSpecification\",\"valueRequired\":true,\"valueName\":\"search_term_string\"}}],\"inLanguage\":\"en-US\"},{\"@type\":\"Organization\",\"@id\":\"https:\\\/\\\/aehm.es\\\/#organization\",\"name\":\"Asociaci\u00f3n Empresarial Hotelera de Madrid\",\"url\":\"https:\\\/\\\/aehm.es\\\/\",\"logo\":{\"@type\":\"ImageObject\",\"inLanguage\":\"en-US\",\"@id\":\"https:\\\/\\\/aehm.es\\\/#\\\/schema\\\/logo\\\/image\\\/\",\"url\":\"https:\\\/\\\/aehm.es\\\/wp-content\\\/uploads\\\/2021\\\/11\\\/Logo_AEHM_Horiz.png\",\"contentUrl\":\"https:\\\/\\\/aehm.es\\\/wp-content\\\/uploads\\\/2021\\\/11\\\/Logo_AEHM_Horiz.png\",\"width\":600,\"height\":182,\"caption\":\"Asociaci\u00f3n Empresarial Hotelera de Madrid\"},\"image\":{\"@id\":\"https:\\\/\\\/aehm.es\\\/#\\\/schema\\\/logo\\\/image\\\/\"},\"sameAs\":[\"https:\\\/\\\/www.instagram.com\\\/hotelesdemadrid\\\/\",\"https:\\\/\\\/x.com\\\/HotelesAEHM\",\"https:\\\/\\\/www.linkedin.com\\\/company\\\/11166072\\\/\"]},{\"@type\":\"Person\",\"@id\":\"https:\\\/\\\/aehm.es\\\/#\\\/schema\\\/person\\\/ca1397f4b0bcee246b58a0278b67a95f\",\"name\":\"richard\",\"image\":{\"@type\":\"ImageObject\",\"inLanguage\":\"en-US\",\"@id\":\"https:\\\/\\\/secure.gravatar.com\\\/avatar\\\/dd2486a811ecc34bf766b7d8b17d0ea76674186c415867af39660e429e20e1a0?s=96&d=mm&r=g\",\"url\":\"https:\\\/\\\/secure.gravatar.com\\\/avatar\\\/dd2486a811ecc34bf766b7d8b17d0ea76674186c415867af39660e429e20e1a0?s=96&d=mm&r=g\",\"contentUrl\":\"https:\\\/\\\/secure.gravatar.com\\\/avatar\\\/dd2486a811ecc34bf766b7d8b17d0ea76674186c415867af39660e429e20e1a0?s=96&d=mm&r=g\",\"caption\":\"richard\"},\"url\":\"https:\\\/\\\/aehm.es\\\/en\\\/author\\\/richard\\\/\"}]}<\/script>\n<!-- \/ Yoast SEO plugin. -->","yoast_head_json":{"title":"El arte del flamenco llega a los hoteles con motivo de Madrid Hotel Week - AEHM","description":"El flamenco, al igual que otros espect\u00e1culos en vivo, se ha visto duramente golpeado por la crisis y, como muestra de apoyo, ser\u00e1 una de las citas destacadas en el programa de 50 actividades que los hoteleros madrile\u00f1os ofrecen","robots":{"index":"index","follow":"follow","max-snippet":"max-snippet:-1","max-image-preview":"max-image-preview:large","max-video-preview":"max-video-preview:-1"},"canonical":"https:\/\/aehm.es\/el-arte-del-flamenco-llega-a-los-hoteles-con-motivo-de-madrid-hotel-week\/","og_locale":"en_US","og_type":"article","og_title":"El arte del flamenco llega a los hoteles con motivo de Madrid Hotel Week - AEHM","og_description":"El flamenco, al igual que otros espect\u00e1culos en vivo, se ha visto duramente golpeado por la crisis y, como muestra de apoyo, ser\u00e1 una de las citas destacadas en el programa de 50 actividades que los hoteleros madrile\u00f1os ofrecen","og_url":"https:\/\/aehm.es\/el-arte-del-flamenco-llega-a-los-hoteles-con-motivo-de-madrid-hotel-week\/","og_site_name":"AEHM","article_publisher":"https:\/\/www.instagram.com\/hotelesdemadrid\/","article_published_time":"2020-11-11T11:33:01+00:00","og_image":[{"width":1800,"height":911,"url":"https:\/\/aehm.es\/wp-content\/uploads\/2020\/11\/El-flamenco-llega-a-los-hoteles-de-Madrid-1.jpg","type":"image\/jpeg"}],"author":"richard","twitter_card":"summary_large_image","twitter_creator":"@HotelesAEHM","twitter_site":"@HotelesAEHM","twitter_misc":{"Written by":"richard","Est. reading time":"6 minutes"},"schema":{"@context":"https:\/\/schema.org","@graph":[{"@type":"Article","@id":"https:\/\/aehm.es\/el-arte-del-flamenco-llega-a-los-hoteles-con-motivo-de-madrid-hotel-week\/#article","isPartOf":{"@id":"https:\/\/aehm.es\/el-arte-del-flamenco-llega-a-los-hoteles-con-motivo-de-madrid-hotel-week\/"},"author":{"name":"richard","@id":"https:\/\/aehm.es\/#\/schema\/person\/ca1397f4b0bcee246b58a0278b67a95f"},"headline":"El arte del flamenco llega a los hoteles con motivo de Madrid Hotel Week","datePublished":"2020-11-11T11:33:01+00:00","mainEntityOfPage":{"@id":"https:\/\/aehm.es\/el-arte-del-flamenco-llega-a-los-hoteles-con-motivo-de-madrid-hotel-week\/"},"wordCount":1307,"publisher":{"@id":"https:\/\/aehm.es\/#organization"},"image":{"@id":"https:\/\/aehm.es\/el-arte-del-flamenco-llega-a-los-hoteles-con-motivo-de-madrid-hotel-week\/#primaryimage"},"thumbnailUrl":"https:\/\/aehm.es\/wp-content\/uploads\/2020\/11\/El-flamenco-llega-a-los-hoteles-de-Madrid-1.jpg","articleSection":["Actualidad AEHM"],"inLanguage":"en-US"},{"@type":"WebPage","@id":"https:\/\/aehm.es\/el-arte-del-flamenco-llega-a-los-hoteles-con-motivo-de-madrid-hotel-week\/","url":"https:\/\/aehm.es\/el-arte-del-flamenco-llega-a-los-hoteles-con-motivo-de-madrid-hotel-week\/","name":"El arte del flamenco llega a los hoteles con motivo de Madrid Hotel Week - AEHM","isPartOf":{"@id":"https:\/\/aehm.es\/#website"},"primaryImageOfPage":{"@id":"https:\/\/aehm.es\/el-arte-del-flamenco-llega-a-los-hoteles-con-motivo-de-madrid-hotel-week\/#primaryimage"},"image":{"@id":"https:\/\/aehm.es\/el-arte-del-flamenco-llega-a-los-hoteles-con-motivo-de-madrid-hotel-week\/#primaryimage"},"thumbnailUrl":"https:\/\/aehm.es\/wp-content\/uploads\/2020\/11\/El-flamenco-llega-a-los-hoteles-de-Madrid-1.jpg","datePublished":"2020-11-11T11:33:01+00:00","description":"El flamenco, al igual que otros espect\u00e1culos en vivo, se ha visto duramente golpeado por la crisis y, como muestra de apoyo, ser\u00e1 una de las citas destacadas en el programa de 50 actividades que los hoteleros madrile\u00f1os ofrecen","breadcrumb":{"@id":"https:\/\/aehm.es\/el-arte-del-flamenco-llega-a-los-hoteles-con-motivo-de-madrid-hotel-week\/#breadcrumb"},"inLanguage":"en-US","potentialAction":[{"@type":"ReadAction","target":["https:\/\/aehm.es\/el-arte-del-flamenco-llega-a-los-hoteles-con-motivo-de-madrid-hotel-week\/"]}]},{"@type":"ImageObject","inLanguage":"en-US","@id":"https:\/\/aehm.es\/el-arte-del-flamenco-llega-a-los-hoteles-con-motivo-de-madrid-hotel-week\/#primaryimage","url":"https:\/\/aehm.es\/wp-content\/uploads\/2020\/11\/El-flamenco-llega-a-los-hoteles-de-Madrid-1.jpg","contentUrl":"https:\/\/aehm.es\/wp-content\/uploads\/2020\/11\/El-flamenco-llega-a-los-hoteles-de-Madrid-1.jpg","width":1800,"height":911},{"@type":"BreadcrumbList","@id":"https:\/\/aehm.es\/el-arte-del-flamenco-llega-a-los-hoteles-con-motivo-de-madrid-hotel-week\/#breadcrumb","itemListElement":[{"@type":"ListItem","position":1,"name":"Portada","item":"https:\/\/aehm.es\/en\/"},{"@type":"ListItem","position":2,"name":"El arte del flamenco llega a los hoteles con motivo de Madrid Hotel Week"}]},{"@type":"WebSite","@id":"https:\/\/aehm.es\/#website","url":"https:\/\/aehm.es\/","name":"Asociaci\u00f3n Empresarial Hotelera de Madrid","description":"La Asociaci\u00f3n Empresarial Hotelera Madrid est\u00e1 formada por m\u00e1s de 300 establecimientos de todas las categor\u00edas y tipolog\u00edas (hoteles, hostales, hostels, apartamentos\u2026) que suman m\u00e1s de 75.000 plazas de alojamiento.","publisher":{"@id":"https:\/\/aehm.es\/#organization"},"alternateName":"AEHM","potentialAction":[{"@type":"SearchAction","target":{"@type":"EntryPoint","urlTemplate":"https:\/\/aehm.es\/?s={search_term_string}"},"query-input":{"@type":"PropertyValueSpecification","valueRequired":true,"valueName":"search_term_string"}}],"inLanguage":"en-US"},{"@type":"Organization","@id":"https:\/\/aehm.es\/#organization","name":"Asociaci\u00f3n Empresarial Hotelera de Madrid","url":"https:\/\/aehm.es\/","logo":{"@type":"ImageObject","inLanguage":"en-US","@id":"https:\/\/aehm.es\/#\/schema\/logo\/image\/","url":"https:\/\/aehm.es\/wp-content\/uploads\/2021\/11\/Logo_AEHM_Horiz.png","contentUrl":"https:\/\/aehm.es\/wp-content\/uploads\/2021\/11\/Logo_AEHM_Horiz.png","width":600,"height":182,"caption":"Asociaci\u00f3n Empresarial Hotelera de Madrid"},"image":{"@id":"https:\/\/aehm.es\/#\/schema\/logo\/image\/"},"sameAs":["https:\/\/www.instagram.com\/hotelesdemadrid\/","https:\/\/x.com\/HotelesAEHM","https:\/\/www.linkedin.com\/company\/11166072\/"]},{"@type":"Person","@id":"https:\/\/aehm.es\/#\/schema\/person\/ca1397f4b0bcee246b58a0278b67a95f","name":"richard","image":{"@type":"ImageObject","inLanguage":"en-US","@id":"https:\/\/secure.gravatar.com\/avatar\/dd2486a811ecc34bf766b7d8b17d0ea76674186c415867af39660e429e20e1a0?s=96&d=mm&r=g","url":"https:\/\/secure.gravatar.com\/avatar\/dd2486a811ecc34bf766b7d8b17d0ea76674186c415867af39660e429e20e1a0?s=96&d=mm&r=g","contentUrl":"https:\/\/secure.gravatar.com\/avatar\/dd2486a811ecc34bf766b7d8b17d0ea76674186c415867af39660e429e20e1a0?s=96&d=mm&r=g","caption":"richard"},"url":"https:\/\/aehm.es\/en\/author\/richard\/"}]}},"_links":{"self":[{"href":"https:\/\/aehm.es\/en\/wp-json\/wp\/v2\/posts\/8226","targetHints":{"allow":["GET"]}}],"collection":[{"href":"https:\/\/aehm.es\/en\/wp-json\/wp\/v2\/posts"}],"about":[{"href":"https:\/\/aehm.es\/en\/wp-json\/wp\/v2\/types\/post"}],"author":[{"embeddable":true,"href":"https:\/\/aehm.es\/en\/wp-json\/wp\/v2\/users\/1"}],"replies":[{"embeddable":true,"href":"https:\/\/aehm.es\/en\/wp-json\/wp\/v2\/comments?post=8226"}],"version-history":[{"count":0,"href":"https:\/\/aehm.es\/en\/wp-json\/wp\/v2\/posts\/8226\/revisions"}],"wp:featuredmedia":[{"embeddable":true,"href":"https:\/\/aehm.es\/en\/wp-json\/wp\/v2\/media\/8227"}],"wp:attachment":[{"href":"https:\/\/aehm.es\/en\/wp-json\/wp\/v2\/media?parent=8226"}],"wp:term":[{"taxonomy":"category","embeddable":true,"href":"https:\/\/aehm.es\/en\/wp-json\/wp\/v2\/categories?post=8226"},{"taxonomy":"post_tag","embeddable":true,"href":"https:\/\/aehm.es\/en\/wp-json\/wp\/v2\/tags?post=8226"}],"curies":[{"name":"wp","href":"https:\/\/api.w.org\/{rel}","templated":true}]}}