{"id":8192,"date":"2020-10-26T15:09:42","date_gmt":"2020-10-26T15:09:42","guid":{"rendered":"https:\/\/aehm.es\/?p=8192"},"modified":"2020-10-26T15:09:42","modified_gmt":"2020-10-26T15:09:42","slug":"la-junta-directiva-de-aehm-reelige-a-gabriel-garcia-alonso-como-presidente","status":"publish","type":"post","link":"https:\/\/aehm.es\/en\/la-junta-directiva-de-aehm-reelige-a-gabriel-garcia-alonso-como-presidente\/","title":{"rendered":"La Junta Directiva de la Asociaci\u00f3n Empresarial Hotelera de Madrid reelige a Gabriel Garc\u00eda Alonso como presidente"},"content":{"rendered":"<p><em>Madrid, 26 de octubre de 2020.<\/em> Tras la <strong>Junta Directiva<\/strong> que acaba de finalizar, desde la <strong>Asociaci\u00f3n Empresarial Hotelera de Madrid<\/strong> queremos informar de que <strong>Gabriel Garc\u00eda Alonso ha sido reelegido como presidente de la AEHM<\/strong>, en las elecciones que se celebran cada cuatro a\u00f1os.<\/p>\n<p><img fetchpriority=\"high\" decoding=\"async\" class=\"wp-image-334 alignright\" src=\"https:\/\/aehm.es\/wp-content\/uploads\/2017\/06\/Gabriel-Garcia-nuevo-presidente-de-los-hoteleros-madrilenos-1024x498.jpg\" alt=\"\" width=\"400\" height=\"195\" \/><\/p>\n<p>Para hacer frente a esta nueva etapa en un momento muy complejo para el sector tur\u00edsitico en general y hotelero en particular, el <strong>presidente<\/strong> contar\u00e1 con el conocimiento, experiencia y respaldo de la <strong>Junta Directiva<\/strong> que se ha constituido esta ma\u00f1ana, del <strong>Comit\u00e9 Ejecutivo<\/strong>, as\u00ed como de la <strong>secretaria general de la Asociaci\u00f3n Empresarial Hotelera de Madrid<\/strong>, Mar de Miguel.<\/p>\n<p>&nbsp;<\/p>\n","protected":false},"excerpt":{"rendered":"<p>Madrid, 26 de octubre de 2020. Tras la Junta Directiva que acaba de finalizar, desde la Asociaci\u00f3n Empresarial Hotelera de Madrid queremos informar de que Gabriel Garc\u00eda Alonso ha sido reelegido como presidente de la AEHM, en las elecciones que se celebran cada cuatro a\u00f1os. Para hacer frente a esta nueva etapa en un momento [&hellip;]<\/p>\n","protected":false},"author":1,"featured_media":8198,"comment_status":"closed","ping_status":"open","sticky":false,"template":"","format":"standard","meta":{"footnotes":""},"categories":[1],"tags":[],"class_list":["post-8192","post","type-post","status-publish","format-standard","has-post-thumbnail","hentry","category-actualidad-aehm"],"yoast_head":"<!-- This site is optimized with the Yoast SEO plugin v27.4 - https:\/\/yoast.com\/product\/yoast-seo-wordpress\/ -->\n<title>La Junta Directiva de la Asociaci\u00f3n Empresarial Hotelera de Madrid reelige a Gabriel Garc\u00eda Alonso como presidente - AEHM<\/title>\n<meta name=\"description\" content=\"El presidente contar\u00e1 con el conocimiento, experiencia y respaldo de la Junta Directiva, del Comit\u00e9 Ejecutivo, as\u00ed como de la secretaria general Mar de Miguel\" \/>\n<meta name=\"robots\" content=\"index, follow, max-snippet:-1, max-image-preview:large, max-video-preview:-1\" \/>\n<link rel=\"canonical\" href=\"https:\/\/aehm.es\/la-junta-directiva-de-aehm-reelige-a-gabriel-garcia-alonso-como-presidente\/\" \/>\n<meta property=\"og:locale\" content=\"en_US\" \/>\n<meta property=\"og:type\" content=\"article\" \/>\n<meta property=\"og:title\" content=\"La Junta Directiva de la Asociaci\u00f3n Empresarial Hotelera de Madrid reelige a Gabriel Garc\u00eda Alonso como presidente - AEHM\" \/>\n<meta property=\"og:description\" content=\"El presidente contar\u00e1 con el conocimiento, experiencia y respaldo de la Junta Directiva, del Comit\u00e9 Ejecutivo, as\u00ed como de la secretaria general Mar de Miguel\" \/>\n<meta property=\"og:url\" content=\"https:\/\/aehm.es\/la-junta-directiva-de-aehm-reelige-a-gabriel-garcia-alonso-como-presidente\/\" \/>\n<meta property=\"og:site_name\" content=\"AEHM\" \/>\n<meta property=\"article:publisher\" content=\"https:\/\/www.instagram.com\/hotelesdemadrid\/\" \/>\n<meta property=\"article:published_time\" content=\"2020-10-26T15:09:42+00:00\" \/>\n<meta property=\"og:image\" content=\"https:\/\/aehm.es\/wp-content\/uploads\/2020\/10\/Reunion-Junta-Directiva-AEHM-octubre-2020-1.jpg\" \/>\n\t<meta property=\"og:image:width\" content=\"1280\" \/>\n\t<meta property=\"og:image:height\" content=\"718\" \/>\n\t<meta property=\"og:image:type\" content=\"image\/jpeg\" \/>\n<meta name=\"author\" content=\"richard\" \/>\n<meta name=\"twitter:card\" content=\"summary_large_image\" \/>\n<meta name=\"twitter:creator\" content=\"@HotelesAEHM\" \/>\n<meta name=\"twitter:site\" content=\"@HotelesAEHM\" \/>\n<meta name=\"twitter:label1\" content=\"Written by\" \/>\n\t<meta name=\"twitter:data1\" content=\"richard\" \/>\n\t<meta name=\"twitter:label2\" content=\"Est. reading time\" \/>\n\t<meta name=\"twitter:data2\" content=\"1 minute\" \/>\n<script type=\"application\/ld+json\" class=\"yoast-schema-graph\">{\"@context\":\"https:\\\/\\\/schema.org\",\"@graph\":[{\"@type\":\"Article\",\"@id\":\"https:\\\/\\\/aehm.es\\\/la-junta-directiva-de-aehm-reelige-a-gabriel-garcia-alonso-como-presidente\\\/#article\",\"isPartOf\":{\"@id\":\"https:\\\/\\\/aehm.es\\\/la-junta-directiva-de-aehm-reelige-a-gabriel-garcia-alonso-como-presidente\\\/\"},\"author\":{\"name\":\"richard\",\"@id\":\"https:\\\/\\\/aehm.es\\\/#\\\/schema\\\/person\\\/ca1397f4b0bcee246b58a0278b67a95f\"},\"headline\":\"La Junta Directiva de la Asociaci\u00f3n Empresarial Hotelera de Madrid reelige a Gabriel Garc\u00eda Alonso como presidente\",\"datePublished\":\"2020-10-26T15:09:42+00:00\",\"mainEntityOfPage\":{\"@id\":\"https:\\\/\\\/aehm.es\\\/la-junta-directiva-de-aehm-reelige-a-gabriel-garcia-alonso-como-presidente\\\/\"},\"wordCount\":129,\"publisher\":{\"@id\":\"https:\\\/\\\/aehm.es\\\/#organization\"},\"image\":{\"@id\":\"https:\\\/\\\/aehm.es\\\/la-junta-directiva-de-aehm-reelige-a-gabriel-garcia-alonso-como-presidente\\\/#primaryimage\"},\"thumbnailUrl\":\"https:\\\/\\\/aehm.es\\\/wp-content\\\/uploads\\\/2020\\\/10\\\/Reunion-Junta-Directiva-AEHM-octubre-2020-1.jpg\",\"articleSection\":[\"Actualidad AEHM\"],\"inLanguage\":\"en-US\"},{\"@type\":\"WebPage\",\"@id\":\"https:\\\/\\\/aehm.es\\\/la-junta-directiva-de-aehm-reelige-a-gabriel-garcia-alonso-como-presidente\\\/\",\"url\":\"https:\\\/\\\/aehm.es\\\/la-junta-directiva-de-aehm-reelige-a-gabriel-garcia-alonso-como-presidente\\\/\",\"name\":\"La Junta Directiva de la Asociaci\u00f3n Empresarial Hotelera de Madrid reelige a Gabriel Garc\u00eda Alonso como presidente - AEHM\",\"isPartOf\":{\"@id\":\"https:\\\/\\\/aehm.es\\\/#website\"},\"primaryImageOfPage\":{\"@id\":\"https:\\\/\\\/aehm.es\\\/la-junta-directiva-de-aehm-reelige-a-gabriel-garcia-alonso-como-presidente\\\/#primaryimage\"},\"image\":{\"@id\":\"https:\\\/\\\/aehm.es\\\/la-junta-directiva-de-aehm-reelige-a-gabriel-garcia-alonso-como-presidente\\\/#primaryimage\"},\"thumbnailUrl\":\"https:\\\/\\\/aehm.es\\\/wp-content\\\/uploads\\\/2020\\\/10\\\/Reunion-Junta-Directiva-AEHM-octubre-2020-1.jpg\",\"datePublished\":\"2020-10-26T15:09:42+00:00\",\"description\":\"El presidente contar\u00e1 con el conocimiento, experiencia y respaldo de la Junta Directiva, del Comit\u00e9 Ejecutivo, as\u00ed como de la secretaria general Mar de Miguel\",\"breadcrumb\":{\"@id\":\"https:\\\/\\\/aehm.es\\\/la-junta-directiva-de-aehm-reelige-a-gabriel-garcia-alonso-como-presidente\\\/#breadcrumb\"},\"inLanguage\":\"en-US\",\"potentialAction\":[{\"@type\":\"ReadAction\",\"target\":[\"https:\\\/\\\/aehm.es\\\/la-junta-directiva-de-aehm-reelige-a-gabriel-garcia-alonso-como-presidente\\\/\"]}]},{\"@type\":\"ImageObject\",\"inLanguage\":\"en-US\",\"@id\":\"https:\\\/\\\/aehm.es\\\/la-junta-directiva-de-aehm-reelige-a-gabriel-garcia-alonso-como-presidente\\\/#primaryimage\",\"url\":\"https:\\\/\\\/aehm.es\\\/wp-content\\\/uploads\\\/2020\\\/10\\\/Reunion-Junta-Directiva-AEHM-octubre-2020-1.jpg\",\"contentUrl\":\"https:\\\/\\\/aehm.es\\\/wp-content\\\/uploads\\\/2020\\\/10\\\/Reunion-Junta-Directiva-AEHM-octubre-2020-1.jpg\",\"width\":1280,\"height\":718},{\"@type\":\"BreadcrumbList\",\"@id\":\"https:\\\/\\\/aehm.es\\\/la-junta-directiva-de-aehm-reelige-a-gabriel-garcia-alonso-como-presidente\\\/#breadcrumb\",\"itemListElement\":[{\"@type\":\"ListItem\",\"position\":1,\"name\":\"Portada\",\"item\":\"https:\\\/\\\/aehm.es\\\/en\\\/\"},{\"@type\":\"ListItem\",\"position\":2,\"name\":\"La Junta Directiva de la Asociaci\u00f3n Empresarial Hotelera de Madrid reelige a Gabriel Garc\u00eda Alonso como presidente\"}]},{\"@type\":\"WebSite\",\"@id\":\"https:\\\/\\\/aehm.es\\\/#website\",\"url\":\"https:\\\/\\\/aehm.es\\\/\",\"name\":\"Asociaci\u00f3n Empresarial Hotelera de Madrid\",\"description\":\"La Asociaci\u00f3n Empresarial Hotelera Madrid est\u00e1 formada por m\u00e1s de 300 establecimientos de todas las categor\u00edas y tipolog\u00edas (hoteles, hostales, hostels, apartamentos\u2026) que suman m\u00e1s de 75.000 plazas de alojamiento.\",\"publisher\":{\"@id\":\"https:\\\/\\\/aehm.es\\\/#organization\"},\"alternateName\":\"AEHM\",\"potentialAction\":[{\"@type\":\"SearchAction\",\"target\":{\"@type\":\"EntryPoint\",\"urlTemplate\":\"https:\\\/\\\/aehm.es\\\/?s={search_term_string}\"},\"query-input\":{\"@type\":\"PropertyValueSpecification\",\"valueRequired\":true,\"valueName\":\"search_term_string\"}}],\"inLanguage\":\"en-US\"},{\"@type\":\"Organization\",\"@id\":\"https:\\\/\\\/aehm.es\\\/#organization\",\"name\":\"Asociaci\u00f3n Empresarial Hotelera de Madrid\",\"url\":\"https:\\\/\\\/aehm.es\\\/\",\"logo\":{\"@type\":\"ImageObject\",\"inLanguage\":\"en-US\",\"@id\":\"https:\\\/\\\/aehm.es\\\/#\\\/schema\\\/logo\\\/image\\\/\",\"url\":\"https:\\\/\\\/aehm.es\\\/wp-content\\\/uploads\\\/2021\\\/11\\\/Logo_AEHM_Horiz.png\",\"contentUrl\":\"https:\\\/\\\/aehm.es\\\/wp-content\\\/uploads\\\/2021\\\/11\\\/Logo_AEHM_Horiz.png\",\"width\":600,\"height\":182,\"caption\":\"Asociaci\u00f3n Empresarial Hotelera de Madrid\"},\"image\":{\"@id\":\"https:\\\/\\\/aehm.es\\\/#\\\/schema\\\/logo\\\/image\\\/\"},\"sameAs\":[\"https:\\\/\\\/www.instagram.com\\\/hotelesdemadrid\\\/\",\"https:\\\/\\\/x.com\\\/HotelesAEHM\",\"https:\\\/\\\/www.linkedin.com\\\/company\\\/11166072\\\/\"]},{\"@type\":\"Person\",\"@id\":\"https:\\\/\\\/aehm.es\\\/#\\\/schema\\\/person\\\/ca1397f4b0bcee246b58a0278b67a95f\",\"name\":\"richard\",\"image\":{\"@type\":\"ImageObject\",\"inLanguage\":\"en-US\",\"@id\":\"https:\\\/\\\/secure.gravatar.com\\\/avatar\\\/dd2486a811ecc34bf766b7d8b17d0ea76674186c415867af39660e429e20e1a0?s=96&d=mm&r=g\",\"url\":\"https:\\\/\\\/secure.gravatar.com\\\/avatar\\\/dd2486a811ecc34bf766b7d8b17d0ea76674186c415867af39660e429e20e1a0?s=96&d=mm&r=g\",\"contentUrl\":\"https:\\\/\\\/secure.gravatar.com\\\/avatar\\\/dd2486a811ecc34bf766b7d8b17d0ea76674186c415867af39660e429e20e1a0?s=96&d=mm&r=g\",\"caption\":\"richard\"},\"url\":\"https:\\\/\\\/aehm.es\\\/en\\\/author\\\/richard\\\/\"}]}<\/script>\n<!-- \/ Yoast SEO plugin. -->","yoast_head_json":{"title":"La Junta Directiva de la Asociaci\u00f3n Empresarial Hotelera de Madrid reelige a Gabriel Garc\u00eda Alonso como presidente - AEHM","description":"El presidente contar\u00e1 con el conocimiento, experiencia y respaldo de la Junta Directiva, del Comit\u00e9 Ejecutivo, as\u00ed como de la secretaria general Mar de Miguel","robots":{"index":"index","follow":"follow","max-snippet":"max-snippet:-1","max-image-preview":"max-image-preview:large","max-video-preview":"max-video-preview:-1"},"canonical":"https:\/\/aehm.es\/la-junta-directiva-de-aehm-reelige-a-gabriel-garcia-alonso-como-presidente\/","og_locale":"en_US","og_type":"article","og_title":"La Junta Directiva de la Asociaci\u00f3n Empresarial Hotelera de Madrid reelige a Gabriel Garc\u00eda Alonso como presidente - AEHM","og_description":"El presidente contar\u00e1 con el conocimiento, experiencia y respaldo de la Junta Directiva, del Comit\u00e9 Ejecutivo, as\u00ed como de la secretaria general Mar de Miguel","og_url":"https:\/\/aehm.es\/la-junta-directiva-de-aehm-reelige-a-gabriel-garcia-alonso-como-presidente\/","og_site_name":"AEHM","article_publisher":"https:\/\/www.instagram.com\/hotelesdemadrid\/","article_published_time":"2020-10-26T15:09:42+00:00","og_image":[{"width":1280,"height":718,"url":"https:\/\/aehm.es\/wp-content\/uploads\/2020\/10\/Reunion-Junta-Directiva-AEHM-octubre-2020-1.jpg","type":"image\/jpeg"}],"author":"richard","twitter_card":"summary_large_image","twitter_creator":"@HotelesAEHM","twitter_site":"@HotelesAEHM","twitter_misc":{"Written by":"richard","Est. reading time":"1 minute"},"schema":{"@context":"https:\/\/schema.org","@graph":[{"@type":"Article","@id":"https:\/\/aehm.es\/la-junta-directiva-de-aehm-reelige-a-gabriel-garcia-alonso-como-presidente\/#article","isPartOf":{"@id":"https:\/\/aehm.es\/la-junta-directiva-de-aehm-reelige-a-gabriel-garcia-alonso-como-presidente\/"},"author":{"name":"richard","@id":"https:\/\/aehm.es\/#\/schema\/person\/ca1397f4b0bcee246b58a0278b67a95f"},"headline":"La Junta Directiva de la Asociaci\u00f3n Empresarial Hotelera de Madrid reelige a Gabriel Garc\u00eda Alonso como presidente","datePublished":"2020-10-26T15:09:42+00:00","mainEntityOfPage":{"@id":"https:\/\/aehm.es\/la-junta-directiva-de-aehm-reelige-a-gabriel-garcia-alonso-como-presidente\/"},"wordCount":129,"publisher":{"@id":"https:\/\/aehm.es\/#organization"},"image":{"@id":"https:\/\/aehm.es\/la-junta-directiva-de-aehm-reelige-a-gabriel-garcia-alonso-como-presidente\/#primaryimage"},"thumbnailUrl":"https:\/\/aehm.es\/wp-content\/uploads\/2020\/10\/Reunion-Junta-Directiva-AEHM-octubre-2020-1.jpg","articleSection":["Actualidad AEHM"],"inLanguage":"en-US"},{"@type":"WebPage","@id":"https:\/\/aehm.es\/la-junta-directiva-de-aehm-reelige-a-gabriel-garcia-alonso-como-presidente\/","url":"https:\/\/aehm.es\/la-junta-directiva-de-aehm-reelige-a-gabriel-garcia-alonso-como-presidente\/","name":"La Junta Directiva de la Asociaci\u00f3n Empresarial Hotelera de Madrid reelige a Gabriel Garc\u00eda Alonso como presidente - AEHM","isPartOf":{"@id":"https:\/\/aehm.es\/#website"},"primaryImageOfPage":{"@id":"https:\/\/aehm.es\/la-junta-directiva-de-aehm-reelige-a-gabriel-garcia-alonso-como-presidente\/#primaryimage"},"image":{"@id":"https:\/\/aehm.es\/la-junta-directiva-de-aehm-reelige-a-gabriel-garcia-alonso-como-presidente\/#primaryimage"},"thumbnailUrl":"https:\/\/aehm.es\/wp-content\/uploads\/2020\/10\/Reunion-Junta-Directiva-AEHM-octubre-2020-1.jpg","datePublished":"2020-10-26T15:09:42+00:00","description":"El presidente contar\u00e1 con el conocimiento, experiencia y respaldo de la Junta Directiva, del Comit\u00e9 Ejecutivo, as\u00ed como de la secretaria general Mar de Miguel","breadcrumb":{"@id":"https:\/\/aehm.es\/la-junta-directiva-de-aehm-reelige-a-gabriel-garcia-alonso-como-presidente\/#breadcrumb"},"inLanguage":"en-US","potentialAction":[{"@type":"ReadAction","target":["https:\/\/aehm.es\/la-junta-directiva-de-aehm-reelige-a-gabriel-garcia-alonso-como-presidente\/"]}]},{"@type":"ImageObject","inLanguage":"en-US","@id":"https:\/\/aehm.es\/la-junta-directiva-de-aehm-reelige-a-gabriel-garcia-alonso-como-presidente\/#primaryimage","url":"https:\/\/aehm.es\/wp-content\/uploads\/2020\/10\/Reunion-Junta-Directiva-AEHM-octubre-2020-1.jpg","contentUrl":"https:\/\/aehm.es\/wp-content\/uploads\/2020\/10\/Reunion-Junta-Directiva-AEHM-octubre-2020-1.jpg","width":1280,"height":718},{"@type":"BreadcrumbList","@id":"https:\/\/aehm.es\/la-junta-directiva-de-aehm-reelige-a-gabriel-garcia-alonso-como-presidente\/#breadcrumb","itemListElement":[{"@type":"ListItem","position":1,"name":"Portada","item":"https:\/\/aehm.es\/en\/"},{"@type":"ListItem","position":2,"name":"La Junta Directiva de la Asociaci\u00f3n Empresarial Hotelera de Madrid reelige a Gabriel Garc\u00eda Alonso como presidente"}]},{"@type":"WebSite","@id":"https:\/\/aehm.es\/#website","url":"https:\/\/aehm.es\/","name":"Asociaci\u00f3n Empresarial Hotelera de Madrid","description":"La Asociaci\u00f3n Empresarial Hotelera Madrid est\u00e1 formada por m\u00e1s de 300 establecimientos de todas las categor\u00edas y tipolog\u00edas (hoteles, hostales, hostels, apartamentos\u2026) que suman m\u00e1s de 75.000 plazas de alojamiento.","publisher":{"@id":"https:\/\/aehm.es\/#organization"},"alternateName":"AEHM","potentialAction":[{"@type":"SearchAction","target":{"@type":"EntryPoint","urlTemplate":"https:\/\/aehm.es\/?s={search_term_string}"},"query-input":{"@type":"PropertyValueSpecification","valueRequired":true,"valueName":"search_term_string"}}],"inLanguage":"en-US"},{"@type":"Organization","@id":"https:\/\/aehm.es\/#organization","name":"Asociaci\u00f3n Empresarial Hotelera de Madrid","url":"https:\/\/aehm.es\/","logo":{"@type":"ImageObject","inLanguage":"en-US","@id":"https:\/\/aehm.es\/#\/schema\/logo\/image\/","url":"https:\/\/aehm.es\/wp-content\/uploads\/2021\/11\/Logo_AEHM_Horiz.png","contentUrl":"https:\/\/aehm.es\/wp-content\/uploads\/2021\/11\/Logo_AEHM_Horiz.png","width":600,"height":182,"caption":"Asociaci\u00f3n Empresarial Hotelera de Madrid"},"image":{"@id":"https:\/\/aehm.es\/#\/schema\/logo\/image\/"},"sameAs":["https:\/\/www.instagram.com\/hotelesdemadrid\/","https:\/\/x.com\/HotelesAEHM","https:\/\/www.linkedin.com\/company\/11166072\/"]},{"@type":"Person","@id":"https:\/\/aehm.es\/#\/schema\/person\/ca1397f4b0bcee246b58a0278b67a95f","name":"richard","image":{"@type":"ImageObject","inLanguage":"en-US","@id":"https:\/\/secure.gravatar.com\/avatar\/dd2486a811ecc34bf766b7d8b17d0ea76674186c415867af39660e429e20e1a0?s=96&d=mm&r=g","url":"https:\/\/secure.gravatar.com\/avatar\/dd2486a811ecc34bf766b7d8b17d0ea76674186c415867af39660e429e20e1a0?s=96&d=mm&r=g","contentUrl":"https:\/\/secure.gravatar.com\/avatar\/dd2486a811ecc34bf766b7d8b17d0ea76674186c415867af39660e429e20e1a0?s=96&d=mm&r=g","caption":"richard"},"url":"https:\/\/aehm.es\/en\/author\/richard\/"}]}},"_links":{"self":[{"href":"https:\/\/aehm.es\/en\/wp-json\/wp\/v2\/posts\/8192","targetHints":{"allow":["GET"]}}],"collection":[{"href":"https:\/\/aehm.es\/en\/wp-json\/wp\/v2\/posts"}],"about":[{"href":"https:\/\/aehm.es\/en\/wp-json\/wp\/v2\/types\/post"}],"author":[{"embeddable":true,"href":"https:\/\/aehm.es\/en\/wp-json\/wp\/v2\/users\/1"}],"replies":[{"embeddable":true,"href":"https:\/\/aehm.es\/en\/wp-json\/wp\/v2\/comments?post=8192"}],"version-history":[{"count":0,"href":"https:\/\/aehm.es\/en\/wp-json\/wp\/v2\/posts\/8192\/revisions"}],"wp:featuredmedia":[{"embeddable":true,"href":"https:\/\/aehm.es\/en\/wp-json\/wp\/v2\/media\/8198"}],"wp:attachment":[{"href":"https:\/\/aehm.es\/en\/wp-json\/wp\/v2\/media?parent=8192"}],"wp:term":[{"taxonomy":"category","embeddable":true,"href":"https:\/\/aehm.es\/en\/wp-json\/wp\/v2\/categories?post=8192"},{"taxonomy":"post_tag","embeddable":true,"href":"https:\/\/aehm.es\/en\/wp-json\/wp\/v2\/tags?post=8192"}],"curies":[{"name":"wp","href":"https:\/\/api.w.org\/{rel}","templated":true}]}}