{"id":8133,"date":"2020-10-01T00:07:33","date_gmt":"2020-10-01T00:07:33","guid":{"rendered":"https:\/\/aehm.es\/?p=8133"},"modified":"2020-10-01T00:07:33","modified_gmt":"2020-10-01T00:07:33","slug":"los-hoteleros-madrilenos-valoran-positivamente-la-extension-de-los-erte-aprobada-por-el-gobierno-de-espana","status":"publish","type":"post","link":"https:\/\/aehm.es\/en\/los-hoteleros-madrilenos-valoran-positivamente-la-extension-de-los-erte-aprobada-por-el-gobierno-de-espana\/","title":{"rendered":"Los hoteleros madrile\u00f1os valoran positivamente la extensi\u00f3n de los ERTE aprobada por el Gobierno de Espa\u00f1a"},"content":{"rendered":"<p><i><span style=\"font-weight: 400;\">Madrid, 30 de septiembre de 2020.- <\/span><\/i><span style=\"font-weight: 400;\">La <\/span><b>Asociaci\u00f3n Empresarial Hotelera de Madrid<\/b><span style=\"font-weight: 400;\"> (AEHM) <\/span><b>ha mostrado su satisfacci\u00f3n tras el acuerdo alcanzado por el Gobierno, CEOE y los sindicatos mayoritarios para prorrogar los ERTE hasta el 31 de enero del pr\u00f3ximo a\u00f1o<\/b><span style=\"font-weight: 400;\">. Dicho acuerdo permite, adem\u00e1s, una exoneraci\u00f3n de la Seguridad Social del 85% para las empresas de menos de 50 trabajadores y del 75% a las que tienen m\u00e1s de 50.<\/span><\/p>\n<p><b>El presidente de AEHM y vicepresidente de CEHAT<\/b><span style=\"font-weight: 400;\">, Gabriel Garc\u00eda Alonso, ha comentado \u201cvaloramos de manera positiva el acuerdo. Aunque mantiene cierta carga salarial, y eso es un problema para cualquier empresa que no est\u00e9 100% operativa, reconocemos el esfuerzo del Gobierno de Espa\u00f1a para contribuir a preservar el empleo y proteger nuestro sector, que se ha visto muy golpeado por la crisis. Adem\u00e1s, hay que tener presente que el acuerdo abarca no s\u00f3lo el sector del alojamiento, sino una gran parte de la cadena de valor de la industria tur\u00edstica\u201d.<\/span><\/p>\n<p><span style=\"font-weight: 400;\">Tambi\u00e9n ha insistido en que \u201ceste escenario nos da un margen de 4 meses para trabajar, en colaboraci\u00f3n con las administraciones y otros agentes de la industria tur\u00edstica, para promocionar nuestro destino y reactivar nuestro sector. Adem\u00e1s, durante este tiempo tendremos que negociar otras medidas que se hacen necesarias para complementar la extensi\u00f3n de los ERTE y garantizar la viabilidad del m\u00e1ximo posible de puestos de trabajo y de negocios, como rebajas del IVA, ampliaci\u00f3n de los cr\u00e9ditos ICO y moratoria de los mismos y la creaci\u00f3n corredores tur\u00edsticos\u201d.<\/span><\/p>\n<blockquote><p><span style=\"font-weight: 400;\">&#8220;Aunque mantiene cierta carga salarial, y eso es un problema para cualquier empresa que no est\u00e9 100% operativa, reconocemos el esfuerzo del Gobierno de Espa\u00f1a para contribuir a preservar el empleo y proteger nuestro sector, que se ha visto muy golpeado por la crisis&#8221;.<\/span><\/p><\/blockquote>\n<p><span style=\"font-weight: 400;\">Desde la <\/span><b>AEHM tambi\u00e9n se ha calificado de positiva de la medida que exonera en la misma medida tanto a los trabajadores que permanecen en ERTE, como a los que est\u00e1n fuera.<\/b><span style=\"font-weight: 400;\"> \u201centendemos que esta medida ofrece cierta flexibilidad y anima a los empresarios a ser valientes para, en la medida de lo posible, reactivar la actividad. Permite reintegrar a la actividad al personal que sea necesario en cada momento y, si se produce una ca\u00edda en la actividad, tanto empleador como empleado tienen la tranquilidad de que este \u00faltimo estar\u00e1 protegido por la figura del ERTE\u201d, ha enfatizado e<\/span><b>l presidente de AEHM y vicepresidente de CEHAT.\u00a0<\/b><\/p>\n","protected":false},"excerpt":{"rendered":"<p>Madrid, 30 de septiembre de 2020.- La Asociaci\u00f3n Empresarial Hotelera de Madrid (AEHM) ha mostrado su satisfacci\u00f3n tras el acuerdo alcanzado por el Gobierno, CEOE y los sindicatos mayoritarios para prorrogar los ERTE hasta el 31 de enero del pr\u00f3ximo a\u00f1o. Dicho acuerdo permite, adem\u00e1s, una exoneraci\u00f3n de la Seguridad Social del 85% para las [&hellip;]<\/p>\n","protected":false},"author":1,"featured_media":8136,"comment_status":"closed","ping_status":"open","sticky":false,"template":"","format":"standard","meta":{"footnotes":""},"categories":[1],"tags":[],"class_list":["post-8133","post","type-post","status-publish","format-standard","has-post-thumbnail","hentry","category-actualidad-aehm"],"yoast_head":"<!-- This site is optimized with the Yoast SEO plugin v27.5 - https:\/\/yoast.com\/product\/yoast-seo-wordpress\/ -->\n<title>Los hoteleros madrile\u00f1os valoran positivamente la extensi\u00f3n de los ERTE aprobada por el Gobierno de Espa\u00f1a - AEHM<\/title>\n<meta name=\"description\" content=\"AEHM ha mostrado su satisfacci\u00f3n tras el acuerdo alcanzado por el Gobierno, CEOE y los sindicatos mayoritarios para prorrogar los ERTE hasta el 31 de enero del pr\u00f3ximo a\u00f1o\" \/>\n<meta name=\"robots\" content=\"index, follow, max-snippet:-1, max-image-preview:large, max-video-preview:-1\" \/>\n<link rel=\"canonical\" href=\"https:\/\/aehm.es\/los-hoteleros-madrilenos-valoran-positivamente-la-extension-de-los-erte-aprobada-por-el-gobierno-de-espana\/\" \/>\n<meta property=\"og:locale\" content=\"en_US\" \/>\n<meta property=\"og:type\" content=\"article\" \/>\n<meta property=\"og:title\" content=\"Los hoteleros madrile\u00f1os valoran positivamente la extensi\u00f3n de los ERTE aprobada por el Gobierno de Espa\u00f1a\" \/>\n<meta property=\"og:description\" content=\"El acuerdo permite una exoneraci\u00f3n de la Seguridad Social del 85% para las empresas de menos de 50 trabajadores y del 75% a las que tienen m\u00e1s de 50\" \/>\n<meta property=\"og:url\" content=\"https:\/\/aehm.es\/los-hoteleros-madrilenos-valoran-positivamente-la-extension-de-los-erte-aprobada-por-el-gobierno-de-espana\/\" \/>\n<meta property=\"og:site_name\" content=\"AEHM\" \/>\n<meta property=\"article:publisher\" content=\"https:\/\/www.instagram.com\/hotelesdemadrid\/\" \/>\n<meta property=\"article:published_time\" content=\"2020-10-01T00:07:33+00:00\" \/>\n<meta property=\"og:image\" content=\"https:\/\/aehm.es\/wp-content\/uploads\/2018\/09\/Palacio-de-Cibeles-02-e1601537936624-1.jpg\" \/>\n\t<meta property=\"og:image:width\" content=\"1984\" \/>\n\t<meta property=\"og:image:height\" content=\"759\" \/>\n\t<meta property=\"og:image:type\" content=\"image\/jpeg\" \/>\n<meta name=\"author\" content=\"richard\" \/>\n<meta name=\"twitter:card\" content=\"summary_large_image\" \/>\n<meta name=\"twitter:title\" content=\"Los hoteleros madrile\u00f1os valoran positivamente la extensi\u00f3n de los ERTE aprobada por el Gobierno de Espa\u00f1a\" \/>\n<meta name=\"twitter:description\" content=\"El acuerdo permite una exoneraci\u00f3n de la Seguridad Social del 85% para las empresas de menos de 50 trabajadores y del 75% a las que tienen m\u00e1s de 50\" \/>\n<meta name=\"twitter:image\" content=\"https:\/\/aehm.es\/wp-content\/uploads\/2018\/09\/Palacio-de-Cibeles-02-e1601537936624-1.jpg\" \/>\n<meta name=\"twitter:creator\" content=\"@HotelesAEHM\" \/>\n<meta name=\"twitter:site\" content=\"@HotelesAEHM\" \/>\n<meta name=\"twitter:label1\" content=\"Written by\" \/>\n\t<meta name=\"twitter:data1\" content=\"richard\" \/>\n\t<meta name=\"twitter:label2\" content=\"Est. reading time\" \/>\n\t<meta name=\"twitter:data2\" content=\"2 minutes\" \/>\n<script type=\"application\/ld+json\" class=\"yoast-schema-graph\">{\"@context\":\"https:\\\/\\\/schema.org\",\"@graph\":[{\"@type\":\"Article\",\"@id\":\"https:\\\/\\\/aehm.es\\\/los-hoteleros-madrilenos-valoran-positivamente-la-extension-de-los-erte-aprobada-por-el-gobierno-de-espana\\\/#article\",\"isPartOf\":{\"@id\":\"https:\\\/\\\/aehm.es\\\/los-hoteleros-madrilenos-valoran-positivamente-la-extension-de-los-erte-aprobada-por-el-gobierno-de-espana\\\/\"},\"author\":{\"name\":\"richard\",\"@id\":\"https:\\\/\\\/aehm.es\\\/#\\\/schema\\\/person\\\/ca1397f4b0bcee246b58a0278b67a95f\"},\"headline\":\"Los hoteleros madrile\u00f1os valoran positivamente la extensi\u00f3n de los ERTE aprobada por el Gobierno de Espa\u00f1a\",\"datePublished\":\"2020-10-01T00:07:33+00:00\",\"mainEntityOfPage\":{\"@id\":\"https:\\\/\\\/aehm.es\\\/los-hoteleros-madrilenos-valoran-positivamente-la-extension-de-los-erte-aprobada-por-el-gobierno-de-espana\\\/\"},\"wordCount\":439,\"publisher\":{\"@id\":\"https:\\\/\\\/aehm.es\\\/#organization\"},\"image\":{\"@id\":\"https:\\\/\\\/aehm.es\\\/los-hoteleros-madrilenos-valoran-positivamente-la-extension-de-los-erte-aprobada-por-el-gobierno-de-espana\\\/#primaryimage\"},\"thumbnailUrl\":\"https:\\\/\\\/aehm.es\\\/wp-content\\\/uploads\\\/2020\\\/10\\\/El-Gobierno-aprueba-la-extension-de-los-ERTE-1.jpg\",\"articleSection\":[\"Actualidad AEHM\"],\"inLanguage\":\"en-US\"},{\"@type\":\"WebPage\",\"@id\":\"https:\\\/\\\/aehm.es\\\/los-hoteleros-madrilenos-valoran-positivamente-la-extension-de-los-erte-aprobada-por-el-gobierno-de-espana\\\/\",\"url\":\"https:\\\/\\\/aehm.es\\\/los-hoteleros-madrilenos-valoran-positivamente-la-extension-de-los-erte-aprobada-por-el-gobierno-de-espana\\\/\",\"name\":\"Los hoteleros madrile\u00f1os valoran positivamente la extensi\u00f3n de los ERTE aprobada por el Gobierno de Espa\u00f1a - AEHM\",\"isPartOf\":{\"@id\":\"https:\\\/\\\/aehm.es\\\/#website\"},\"primaryImageOfPage\":{\"@id\":\"https:\\\/\\\/aehm.es\\\/los-hoteleros-madrilenos-valoran-positivamente-la-extension-de-los-erte-aprobada-por-el-gobierno-de-espana\\\/#primaryimage\"},\"image\":{\"@id\":\"https:\\\/\\\/aehm.es\\\/los-hoteleros-madrilenos-valoran-positivamente-la-extension-de-los-erte-aprobada-por-el-gobierno-de-espana\\\/#primaryimage\"},\"thumbnailUrl\":\"https:\\\/\\\/aehm.es\\\/wp-content\\\/uploads\\\/2020\\\/10\\\/El-Gobierno-aprueba-la-extension-de-los-ERTE-1.jpg\",\"datePublished\":\"2020-10-01T00:07:33+00:00\",\"description\":\"AEHM ha mostrado su satisfacci\u00f3n tras el acuerdo alcanzado por el Gobierno, CEOE y los sindicatos mayoritarios para prorrogar los ERTE hasta el 31 de enero del pr\u00f3ximo a\u00f1o\",\"breadcrumb\":{\"@id\":\"https:\\\/\\\/aehm.es\\\/los-hoteleros-madrilenos-valoran-positivamente-la-extension-de-los-erte-aprobada-por-el-gobierno-de-espana\\\/#breadcrumb\"},\"inLanguage\":\"en-US\",\"potentialAction\":[{\"@type\":\"ReadAction\",\"target\":[\"https:\\\/\\\/aehm.es\\\/los-hoteleros-madrilenos-valoran-positivamente-la-extension-de-los-erte-aprobada-por-el-gobierno-de-espana\\\/\"]}]},{\"@type\":\"ImageObject\",\"inLanguage\":\"en-US\",\"@id\":\"https:\\\/\\\/aehm.es\\\/los-hoteleros-madrilenos-valoran-positivamente-la-extension-de-los-erte-aprobada-por-el-gobierno-de-espana\\\/#primaryimage\",\"url\":\"https:\\\/\\\/aehm.es\\\/wp-content\\\/uploads\\\/2020\\\/10\\\/El-Gobierno-aprueba-la-extension-de-los-ERTE-1.jpg\",\"contentUrl\":\"https:\\\/\\\/aehm.es\\\/wp-content\\\/uploads\\\/2020\\\/10\\\/El-Gobierno-aprueba-la-extension-de-los-ERTE-1.jpg\",\"width\":1280,\"height\":789},{\"@type\":\"BreadcrumbList\",\"@id\":\"https:\\\/\\\/aehm.es\\\/los-hoteleros-madrilenos-valoran-positivamente-la-extension-de-los-erte-aprobada-por-el-gobierno-de-espana\\\/#breadcrumb\",\"itemListElement\":[{\"@type\":\"ListItem\",\"position\":1,\"name\":\"Portada\",\"item\":\"https:\\\/\\\/aehm.es\\\/en\\\/\"},{\"@type\":\"ListItem\",\"position\":2,\"name\":\"Los hoteleros madrile\u00f1os valoran positivamente la extensi\u00f3n de los ERTE aprobada por el Gobierno de Espa\u00f1a\"}]},{\"@type\":\"WebSite\",\"@id\":\"https:\\\/\\\/aehm.es\\\/#website\",\"url\":\"https:\\\/\\\/aehm.es\\\/\",\"name\":\"Asociaci\u00f3n Empresarial Hotelera de Madrid\",\"description\":\"La Asociaci\u00f3n Empresarial Hotelera Madrid est\u00e1 formada por m\u00e1s de 300 establecimientos de todas las categor\u00edas y tipolog\u00edas (hoteles, hostales, hostels, apartamentos\u2026) que suman m\u00e1s de 75.000 plazas de alojamiento.\",\"publisher\":{\"@id\":\"https:\\\/\\\/aehm.es\\\/#organization\"},\"alternateName\":\"AEHM\",\"potentialAction\":[{\"@type\":\"SearchAction\",\"target\":{\"@type\":\"EntryPoint\",\"urlTemplate\":\"https:\\\/\\\/aehm.es\\\/?s={search_term_string}\"},\"query-input\":{\"@type\":\"PropertyValueSpecification\",\"valueRequired\":true,\"valueName\":\"search_term_string\"}}],\"inLanguage\":\"en-US\"},{\"@type\":\"Organization\",\"@id\":\"https:\\\/\\\/aehm.es\\\/#organization\",\"name\":\"Asociaci\u00f3n Empresarial Hotelera de Madrid\",\"url\":\"https:\\\/\\\/aehm.es\\\/\",\"logo\":{\"@type\":\"ImageObject\",\"inLanguage\":\"en-US\",\"@id\":\"https:\\\/\\\/aehm.es\\\/#\\\/schema\\\/logo\\\/image\\\/\",\"url\":\"https:\\\/\\\/aehm.es\\\/wp-content\\\/uploads\\\/2021\\\/11\\\/Logo_AEHM_Horiz.png\",\"contentUrl\":\"https:\\\/\\\/aehm.es\\\/wp-content\\\/uploads\\\/2021\\\/11\\\/Logo_AEHM_Horiz.png\",\"width\":600,\"height\":182,\"caption\":\"Asociaci\u00f3n Empresarial Hotelera de Madrid\"},\"image\":{\"@id\":\"https:\\\/\\\/aehm.es\\\/#\\\/schema\\\/logo\\\/image\\\/\"},\"sameAs\":[\"https:\\\/\\\/www.instagram.com\\\/hotelesdemadrid\\\/\",\"https:\\\/\\\/x.com\\\/HotelesAEHM\",\"https:\\\/\\\/www.linkedin.com\\\/company\\\/11166072\\\/\"]},{\"@type\":\"Person\",\"@id\":\"https:\\\/\\\/aehm.es\\\/#\\\/schema\\\/person\\\/ca1397f4b0bcee246b58a0278b67a95f\",\"name\":\"richard\",\"image\":{\"@type\":\"ImageObject\",\"inLanguage\":\"en-US\",\"@id\":\"https:\\\/\\\/secure.gravatar.com\\\/avatar\\\/dd2486a811ecc34bf766b7d8b17d0ea76674186c415867af39660e429e20e1a0?s=96&d=mm&r=g\",\"url\":\"https:\\\/\\\/secure.gravatar.com\\\/avatar\\\/dd2486a811ecc34bf766b7d8b17d0ea76674186c415867af39660e429e20e1a0?s=96&d=mm&r=g\",\"contentUrl\":\"https:\\\/\\\/secure.gravatar.com\\\/avatar\\\/dd2486a811ecc34bf766b7d8b17d0ea76674186c415867af39660e429e20e1a0?s=96&d=mm&r=g\",\"caption\":\"richard\"},\"url\":\"https:\\\/\\\/aehm.es\\\/en\\\/author\\\/richard\\\/\"}]}<\/script>\n<!-- \/ Yoast SEO plugin. -->","yoast_head_json":{"title":"Los hoteleros madrile\u00f1os valoran positivamente la extensi\u00f3n de los ERTE aprobada por el Gobierno de Espa\u00f1a - AEHM","description":"AEHM ha mostrado su satisfacci\u00f3n tras el acuerdo alcanzado por el Gobierno, CEOE y los sindicatos mayoritarios para prorrogar los ERTE hasta el 31 de enero del pr\u00f3ximo a\u00f1o","robots":{"index":"index","follow":"follow","max-snippet":"max-snippet:-1","max-image-preview":"max-image-preview:large","max-video-preview":"max-video-preview:-1"},"canonical":"https:\/\/aehm.es\/los-hoteleros-madrilenos-valoran-positivamente-la-extension-de-los-erte-aprobada-por-el-gobierno-de-espana\/","og_locale":"en_US","og_type":"article","og_title":"Los hoteleros madrile\u00f1os valoran positivamente la extensi\u00f3n de los ERTE aprobada por el Gobierno de Espa\u00f1a","og_description":"El acuerdo permite una exoneraci\u00f3n de la Seguridad Social del 85% para las empresas de menos de 50 trabajadores y del 75% a las que tienen m\u00e1s de 50","og_url":"https:\/\/aehm.es\/los-hoteleros-madrilenos-valoran-positivamente-la-extension-de-los-erte-aprobada-por-el-gobierno-de-espana\/","og_site_name":"AEHM","article_publisher":"https:\/\/www.instagram.com\/hotelesdemadrid\/","article_published_time":"2020-10-01T00:07:33+00:00","og_image":[{"width":1984,"height":759,"url":"https:\/\/aehm.es\/wp-content\/uploads\/2018\/09\/Palacio-de-Cibeles-02-e1601537936624-1.jpg","type":"image\/jpeg"}],"author":"richard","twitter_card":"summary_large_image","twitter_title":"Los hoteleros madrile\u00f1os valoran positivamente la extensi\u00f3n de los ERTE aprobada por el Gobierno de Espa\u00f1a","twitter_description":"El acuerdo permite una exoneraci\u00f3n de la Seguridad Social del 85% para las empresas de menos de 50 trabajadores y del 75% a las que tienen m\u00e1s de 50","twitter_image":"https:\/\/aehm.es\/wp-content\/uploads\/2018\/09\/Palacio-de-Cibeles-02-e1601537936624-1.jpg","twitter_creator":"@HotelesAEHM","twitter_site":"@HotelesAEHM","twitter_misc":{"Written by":"richard","Est. reading time":"2 minutes"},"schema":{"@context":"https:\/\/schema.org","@graph":[{"@type":"Article","@id":"https:\/\/aehm.es\/los-hoteleros-madrilenos-valoran-positivamente-la-extension-de-los-erte-aprobada-por-el-gobierno-de-espana\/#article","isPartOf":{"@id":"https:\/\/aehm.es\/los-hoteleros-madrilenos-valoran-positivamente-la-extension-de-los-erte-aprobada-por-el-gobierno-de-espana\/"},"author":{"name":"richard","@id":"https:\/\/aehm.es\/#\/schema\/person\/ca1397f4b0bcee246b58a0278b67a95f"},"headline":"Los hoteleros madrile\u00f1os valoran positivamente la extensi\u00f3n de los ERTE aprobada por el Gobierno de Espa\u00f1a","datePublished":"2020-10-01T00:07:33+00:00","mainEntityOfPage":{"@id":"https:\/\/aehm.es\/los-hoteleros-madrilenos-valoran-positivamente-la-extension-de-los-erte-aprobada-por-el-gobierno-de-espana\/"},"wordCount":439,"publisher":{"@id":"https:\/\/aehm.es\/#organization"},"image":{"@id":"https:\/\/aehm.es\/los-hoteleros-madrilenos-valoran-positivamente-la-extension-de-los-erte-aprobada-por-el-gobierno-de-espana\/#primaryimage"},"thumbnailUrl":"https:\/\/aehm.es\/wp-content\/uploads\/2020\/10\/El-Gobierno-aprueba-la-extension-de-los-ERTE-1.jpg","articleSection":["Actualidad AEHM"],"inLanguage":"en-US"},{"@type":"WebPage","@id":"https:\/\/aehm.es\/los-hoteleros-madrilenos-valoran-positivamente-la-extension-de-los-erte-aprobada-por-el-gobierno-de-espana\/","url":"https:\/\/aehm.es\/los-hoteleros-madrilenos-valoran-positivamente-la-extension-de-los-erte-aprobada-por-el-gobierno-de-espana\/","name":"Los hoteleros madrile\u00f1os valoran positivamente la extensi\u00f3n de los ERTE aprobada por el Gobierno de Espa\u00f1a - AEHM","isPartOf":{"@id":"https:\/\/aehm.es\/#website"},"primaryImageOfPage":{"@id":"https:\/\/aehm.es\/los-hoteleros-madrilenos-valoran-positivamente-la-extension-de-los-erte-aprobada-por-el-gobierno-de-espana\/#primaryimage"},"image":{"@id":"https:\/\/aehm.es\/los-hoteleros-madrilenos-valoran-positivamente-la-extension-de-los-erte-aprobada-por-el-gobierno-de-espana\/#primaryimage"},"thumbnailUrl":"https:\/\/aehm.es\/wp-content\/uploads\/2020\/10\/El-Gobierno-aprueba-la-extension-de-los-ERTE-1.jpg","datePublished":"2020-10-01T00:07:33+00:00","description":"AEHM ha mostrado su satisfacci\u00f3n tras el acuerdo alcanzado por el Gobierno, CEOE y los sindicatos mayoritarios para prorrogar los ERTE hasta el 31 de enero del pr\u00f3ximo a\u00f1o","breadcrumb":{"@id":"https:\/\/aehm.es\/los-hoteleros-madrilenos-valoran-positivamente-la-extension-de-los-erte-aprobada-por-el-gobierno-de-espana\/#breadcrumb"},"inLanguage":"en-US","potentialAction":[{"@type":"ReadAction","target":["https:\/\/aehm.es\/los-hoteleros-madrilenos-valoran-positivamente-la-extension-de-los-erte-aprobada-por-el-gobierno-de-espana\/"]}]},{"@type":"ImageObject","inLanguage":"en-US","@id":"https:\/\/aehm.es\/los-hoteleros-madrilenos-valoran-positivamente-la-extension-de-los-erte-aprobada-por-el-gobierno-de-espana\/#primaryimage","url":"https:\/\/aehm.es\/wp-content\/uploads\/2020\/10\/El-Gobierno-aprueba-la-extension-de-los-ERTE-1.jpg","contentUrl":"https:\/\/aehm.es\/wp-content\/uploads\/2020\/10\/El-Gobierno-aprueba-la-extension-de-los-ERTE-1.jpg","width":1280,"height":789},{"@type":"BreadcrumbList","@id":"https:\/\/aehm.es\/los-hoteleros-madrilenos-valoran-positivamente-la-extension-de-los-erte-aprobada-por-el-gobierno-de-espana\/#breadcrumb","itemListElement":[{"@type":"ListItem","position":1,"name":"Portada","item":"https:\/\/aehm.es\/en\/"},{"@type":"ListItem","position":2,"name":"Los hoteleros madrile\u00f1os valoran positivamente la extensi\u00f3n de los ERTE aprobada por el Gobierno de Espa\u00f1a"}]},{"@type":"WebSite","@id":"https:\/\/aehm.es\/#website","url":"https:\/\/aehm.es\/","name":"Asociaci\u00f3n Empresarial Hotelera de Madrid","description":"La Asociaci\u00f3n Empresarial Hotelera Madrid est\u00e1 formada por m\u00e1s de 300 establecimientos de todas las categor\u00edas y tipolog\u00edas (hoteles, hostales, hostels, apartamentos\u2026) que suman m\u00e1s de 75.000 plazas de alojamiento.","publisher":{"@id":"https:\/\/aehm.es\/#organization"},"alternateName":"AEHM","potentialAction":[{"@type":"SearchAction","target":{"@type":"EntryPoint","urlTemplate":"https:\/\/aehm.es\/?s={search_term_string}"},"query-input":{"@type":"PropertyValueSpecification","valueRequired":true,"valueName":"search_term_string"}}],"inLanguage":"en-US"},{"@type":"Organization","@id":"https:\/\/aehm.es\/#organization","name":"Asociaci\u00f3n Empresarial Hotelera de Madrid","url":"https:\/\/aehm.es\/","logo":{"@type":"ImageObject","inLanguage":"en-US","@id":"https:\/\/aehm.es\/#\/schema\/logo\/image\/","url":"https:\/\/aehm.es\/wp-content\/uploads\/2021\/11\/Logo_AEHM_Horiz.png","contentUrl":"https:\/\/aehm.es\/wp-content\/uploads\/2021\/11\/Logo_AEHM_Horiz.png","width":600,"height":182,"caption":"Asociaci\u00f3n Empresarial Hotelera de Madrid"},"image":{"@id":"https:\/\/aehm.es\/#\/schema\/logo\/image\/"},"sameAs":["https:\/\/www.instagram.com\/hotelesdemadrid\/","https:\/\/x.com\/HotelesAEHM","https:\/\/www.linkedin.com\/company\/11166072\/"]},{"@type":"Person","@id":"https:\/\/aehm.es\/#\/schema\/person\/ca1397f4b0bcee246b58a0278b67a95f","name":"richard","image":{"@type":"ImageObject","inLanguage":"en-US","@id":"https:\/\/secure.gravatar.com\/avatar\/dd2486a811ecc34bf766b7d8b17d0ea76674186c415867af39660e429e20e1a0?s=96&d=mm&r=g","url":"https:\/\/secure.gravatar.com\/avatar\/dd2486a811ecc34bf766b7d8b17d0ea76674186c415867af39660e429e20e1a0?s=96&d=mm&r=g","contentUrl":"https:\/\/secure.gravatar.com\/avatar\/dd2486a811ecc34bf766b7d8b17d0ea76674186c415867af39660e429e20e1a0?s=96&d=mm&r=g","caption":"richard"},"url":"https:\/\/aehm.es\/en\/author\/richard\/"}]}},"_links":{"self":[{"href":"https:\/\/aehm.es\/en\/wp-json\/wp\/v2\/posts\/8133","targetHints":{"allow":["GET"]}}],"collection":[{"href":"https:\/\/aehm.es\/en\/wp-json\/wp\/v2\/posts"}],"about":[{"href":"https:\/\/aehm.es\/en\/wp-json\/wp\/v2\/types\/post"}],"author":[{"embeddable":true,"href":"https:\/\/aehm.es\/en\/wp-json\/wp\/v2\/users\/1"}],"replies":[{"embeddable":true,"href":"https:\/\/aehm.es\/en\/wp-json\/wp\/v2\/comments?post=8133"}],"version-history":[{"count":0,"href":"https:\/\/aehm.es\/en\/wp-json\/wp\/v2\/posts\/8133\/revisions"}],"wp:featuredmedia":[{"embeddable":true,"href":"https:\/\/aehm.es\/en\/wp-json\/wp\/v2\/media\/8136"}],"wp:attachment":[{"href":"https:\/\/aehm.es\/en\/wp-json\/wp\/v2\/media?parent=8133"}],"wp:term":[{"taxonomy":"category","embeddable":true,"href":"https:\/\/aehm.es\/en\/wp-json\/wp\/v2\/categories?post=8133"},{"taxonomy":"post_tag","embeddable":true,"href":"https:\/\/aehm.es\/en\/wp-json\/wp\/v2\/tags?post=8133"}],"curies":[{"name":"wp","href":"https:\/\/api.w.org\/{rel}","templated":true}]}}