{"id":8126,"date":"2020-09-26T08:12:30","date_gmt":"2020-09-26T08:12:30","guid":{"rendered":"https:\/\/aehm.es\/?p=8126"},"modified":"2020-09-26T08:12:30","modified_gmt":"2020-09-26T08:12:30","slug":"estamos-en-un-momento-clave-para-avanzar-y-mejorar-el-exitoso-modelo-turistico-que-siempre-nos-ha-caracterizado","status":"publish","type":"post","link":"https:\/\/aehm.es\/en\/estamos-en-un-momento-clave-para-avanzar-y-mejorar-el-exitoso-modelo-turistico-que-siempre-nos-ha-caracterizado\/","title":{"rendered":"\u201cEstamos en un momento clave para avanzar y mejorar el exitoso modelo tur\u00edstico que siempre nos ha caracterizado\u201d"},"content":{"rendered":"<p>Desde la <strong>Asociaci\u00f3n Empresarial Hotelera de Madrid<\/strong> (AEHM) nos sumamos, un a\u00f1o m\u00e1s, al \u2018D\u00eda Mundial del Turismo\u2019. <strong>Una fecha que siempre hemos celebrado con j\u00fabilo, pero que, lamentablemente, este a\u00f1o se ve enturbiada por la crisis derivada de la pandemia del Covid-19 que ha tenido como consecuencia el par\u00f3n casi la totalidad de la actividad hotelera<\/strong>.<\/p>\n<p>En la AEHM <strong>nos enorgullece haber estado al lado de las instituciones, empresas y ciudadanos para prestar todo el apoyo necesario durante estos meses que han sido tan duros y, tambi\u00e9n, seguir presentes y totalmente dispuestos a d\u00eda de hoy<\/strong>. Pusimos de manera totalmente voluntaria y altruista todos nuestros establecimientos para que fuesen medicalizados y alojasen personal sanitario, distribuimos todo el avituallamiento que fue requerido y colaboramos en la donaci\u00f3n de productos de primera necesidad a trav\u00e9s de la Comunidad de Madrid y el Ayuntamiento. <strong>Una colaboraci\u00f3n, que ha puesto de manifiesto la importancia de mantener un contacto fluido, constante y respetuoso entre las instituciones p\u00fablicas y <\/strong><strong>privadas.<\/strong><\/p>\n<p>No obstante, y sin dejar a un lado la delicada situaci\u00f3n a la que nos enfrentamos, es <strong>preciso seguir unidos y mirar hacia adelante. Porque ahora es un momento clave para revisar y mejorar el exitoso modelo tur\u00edstico que siempre nos ha caracterizado, para adaptarlo a los nuevos tiempos y reforzar la cercan\u00eda con los madrile\u00f1os y viajeros nacionales e internacionales con el objetivo de estar m\u00e1s y mejor preparados a medio-largo plazo.<\/strong><\/p>\n<blockquote><p><strong>Es un momento clave para revisar y mejorar el exitoso modelo tur\u00edstico que siempre nos ha caracterizado, para adaptarlo a los nuevos tiempos y reforzar la cercan\u00eda con los madrile\u00f1os y viajeros nacionales e internacionales con el objetivo de estar m\u00e1s y mejor preparados a medio-largo plazo<\/strong><\/p><\/blockquote>\n<p>El <strong>rigor, la calidad, la seguridad y la profesionalidad<\/strong> han sido nuestros mejores aliados. Sin embargo, ha llegado la hora <strong>de ir un paso m\u00e1s all\u00e1 y de aprovechar este periodo obligado de \u201cimpasse\u201d como un momento apropiado para poner en marcha estrategias concretas enfocadas a la transformaci\u00f3n digital y tecnol\u00f3gica, a estudiar nuevas f\u00f3rmulas que mejoren la experiencia del cliente, a potenciar a\u00fan m\u00e1s el desarrollo de una actividad sostenible y respetuosa con el medioambiente, y tambi\u00e9n para centrarnos en la formaci\u00f3n de todos los profesionales del sector, con el fin de impulsar nuestra competitividad y seguir prestando un servicio de excelencia y adaptado a las nuevas necesidades de los viajeros<\/strong>, que se han visto modificadas ante el actual escenario mundial.<\/p>\n<p>Sabemos <strong>que va a costar trabajo recuperar la imagen y la reputaci\u00f3n de Espa\u00f1a y de Madrid como principales destinos receptores de viajeros extranjeros, empresas multinacionales, as\u00ed como sede de grandes congresos y eventos <\/strong>procedentes de diferentes lugares del mundo, pero estamos seguros de que entre todos podremos salvar este bache que tanto da\u00f1o est\u00e1 haciendo a nivel social y econ\u00f3mico y en todos los \u00e1mbitos territoriales: locales, regionales, nacionales y mundiales. <strong>Con este fin reiteramos nuestra disposici\u00f3n ante las autoridades p\u00fablicas, entidades privadas, as\u00ed como ante el resto de agentes econ\u00f3micos, para trabajar codo con codo y contribuir a superar esta crisis juntos.<\/strong><\/p>\n","protected":false},"excerpt":{"rendered":"<p>Desde la Asociaci\u00f3n Empresarial Hotelera de Madrid (AEHM) nos sumamos, un a\u00f1o m\u00e1s, al \u2018D\u00eda Mundial del Turismo\u2019. Una fecha que siempre hemos celebrado con j\u00fabilo, pero que, lamentablemente, este a\u00f1o se ve enturbiada por la crisis derivada de la pandemia del Covid-19 que ha tenido como consecuencia el par\u00f3n casi la totalidad de la [&hellip;]<\/p>\n","protected":false},"author":1,"featured_media":2115,"comment_status":"closed","ping_status":"open","sticky":false,"template":"","format":"standard","meta":{"footnotes":""},"categories":[1],"tags":[],"class_list":["post-8126","post","type-post","status-publish","format-standard","has-post-thumbnail","hentry","category-actualidad-aehm"],"yoast_head":"<!-- This site is optimized with the Yoast SEO plugin v27.5 - https:\/\/yoast.com\/product\/yoast-seo-wordpress\/ -->\n<title>\u201cEstamos en un momento clave para avanzar y mejorar el exitoso modelo tur\u00edstico que siempre nos ha caracterizado\u201d - AEHM<\/title>\n<meta name=\"description\" content=\"Desde AEHM nos sumamos, un a\u00f1o m\u00e1s, al \u2018D\u00eda Mundial del Turismo\u2019, una fecha que este a\u00f1o se ve enturbiada por la crisis de la Covid-19\" \/>\n<meta name=\"robots\" content=\"index, follow, max-snippet:-1, max-image-preview:large, max-video-preview:-1\" \/>\n<link rel=\"canonical\" href=\"https:\/\/aehm.es\/en\/estamos-en-un-momento-clave-para-avanzar-y-mejorar-el-exitoso-modelo-turistico-que-siempre-nos-ha-caracterizado\/\" \/>\n<meta property=\"og:locale\" content=\"en_US\" \/>\n<meta property=\"og:type\" content=\"article\" \/>\n<meta property=\"og:title\" content=\"\u201cEstamos en un momento clave para avanzar y mejorar el exitoso modelo tur\u00edstico que siempre nos ha caracterizado\u201d - AEHM\" \/>\n<meta property=\"og:description\" content=\"Desde AEHM nos sumamos, un a\u00f1o m\u00e1s, al \u2018D\u00eda Mundial del Turismo\u2019, una fecha que este a\u00f1o se ve enturbiada por la crisis de la Covid-19\" \/>\n<meta property=\"og:url\" content=\"https:\/\/aehm.es\/en\/estamos-en-un-momento-clave-para-avanzar-y-mejorar-el-exitoso-modelo-turistico-que-siempre-nos-ha-caracterizado\/\" \/>\n<meta property=\"og:site_name\" content=\"AEHM\" \/>\n<meta property=\"article:publisher\" content=\"https:\/\/www.instagram.com\/hotelesdemadrid\/\" \/>\n<meta property=\"article:published_time\" content=\"2020-09-26T08:12:30+00:00\" \/>\n<meta property=\"og:image\" content=\"https:\/\/aehm.es\/wp-content\/uploads\/2017\/06\/Palacio-Real-y-Almudena-1.jpg\" \/>\n\t<meta property=\"og:image:width\" content=\"2458\" \/>\n\t<meta property=\"og:image:height\" content=\"1505\" \/>\n\t<meta property=\"og:image:type\" content=\"image\/jpeg\" \/>\n<meta name=\"author\" content=\"richard\" \/>\n<meta name=\"twitter:card\" content=\"summary_large_image\" \/>\n<meta name=\"twitter:creator\" content=\"@HotelesAEHM\" \/>\n<meta name=\"twitter:site\" content=\"@HotelesAEHM\" \/>\n<meta name=\"twitter:label1\" content=\"Written by\" \/>\n\t<meta name=\"twitter:data1\" content=\"richard\" \/>\n\t<meta name=\"twitter:label2\" content=\"Est. reading time\" \/>\n\t<meta name=\"twitter:data2\" content=\"3 minutes\" \/>\n<script type=\"application\/ld+json\" class=\"yoast-schema-graph\">{\"@context\":\"https:\\\/\\\/schema.org\",\"@graph\":[{\"@type\":\"Article\",\"@id\":\"https:\\\/\\\/aehm.es\\\/en\\\/estamos-en-un-momento-clave-para-avanzar-y-mejorar-el-exitoso-modelo-turistico-que-siempre-nos-ha-caracterizado\\\/#article\",\"isPartOf\":{\"@id\":\"https:\\\/\\\/aehm.es\\\/en\\\/estamos-en-un-momento-clave-para-avanzar-y-mejorar-el-exitoso-modelo-turistico-que-siempre-nos-ha-caracterizado\\\/\"},\"author\":{\"name\":\"richard\",\"@id\":\"https:\\\/\\\/aehm.es\\\/#\\\/schema\\\/person\\\/ca1397f4b0bcee246b58a0278b67a95f\"},\"headline\":\"\u201cEstamos en un momento clave para avanzar y mejorar el exitoso modelo tur\u00edstico que siempre nos ha caracterizado\u201d\",\"datePublished\":\"2020-09-26T08:12:30+00:00\",\"mainEntityOfPage\":{\"@id\":\"https:\\\/\\\/aehm.es\\\/en\\\/estamos-en-un-momento-clave-para-avanzar-y-mejorar-el-exitoso-modelo-turistico-que-siempre-nos-ha-caracterizado\\\/\"},\"wordCount\":567,\"publisher\":{\"@id\":\"https:\\\/\\\/aehm.es\\\/#organization\"},\"image\":{\"@id\":\"https:\\\/\\\/aehm.es\\\/en\\\/estamos-en-un-momento-clave-para-avanzar-y-mejorar-el-exitoso-modelo-turistico-que-siempre-nos-ha-caracterizado\\\/#primaryimage\"},\"thumbnailUrl\":\"https:\\\/\\\/aehm.es\\\/wp-content\\\/uploads\\\/2017\\\/06\\\/Palacio-Real-y-Almudena-1.jpg\",\"articleSection\":[\"Actualidad AEHM\"],\"inLanguage\":\"en-US\"},{\"@type\":\"WebPage\",\"@id\":\"https:\\\/\\\/aehm.es\\\/en\\\/estamos-en-un-momento-clave-para-avanzar-y-mejorar-el-exitoso-modelo-turistico-que-siempre-nos-ha-caracterizado\\\/\",\"url\":\"https:\\\/\\\/aehm.es\\\/en\\\/estamos-en-un-momento-clave-para-avanzar-y-mejorar-el-exitoso-modelo-turistico-que-siempre-nos-ha-caracterizado\\\/\",\"name\":\"\u201cEstamos en un momento clave para avanzar y mejorar el exitoso modelo tur\u00edstico que siempre nos ha caracterizado\u201d - AEHM\",\"isPartOf\":{\"@id\":\"https:\\\/\\\/aehm.es\\\/#website\"},\"primaryImageOfPage\":{\"@id\":\"https:\\\/\\\/aehm.es\\\/en\\\/estamos-en-un-momento-clave-para-avanzar-y-mejorar-el-exitoso-modelo-turistico-que-siempre-nos-ha-caracterizado\\\/#primaryimage\"},\"image\":{\"@id\":\"https:\\\/\\\/aehm.es\\\/en\\\/estamos-en-un-momento-clave-para-avanzar-y-mejorar-el-exitoso-modelo-turistico-que-siempre-nos-ha-caracterizado\\\/#primaryimage\"},\"thumbnailUrl\":\"https:\\\/\\\/aehm.es\\\/wp-content\\\/uploads\\\/2017\\\/06\\\/Palacio-Real-y-Almudena-1.jpg\",\"datePublished\":\"2020-09-26T08:12:30+00:00\",\"description\":\"Desde AEHM nos sumamos, un a\u00f1o m\u00e1s, al \u2018D\u00eda Mundial del Turismo\u2019, una fecha que este a\u00f1o se ve enturbiada por la crisis de la Covid-19\",\"breadcrumb\":{\"@id\":\"https:\\\/\\\/aehm.es\\\/en\\\/estamos-en-un-momento-clave-para-avanzar-y-mejorar-el-exitoso-modelo-turistico-que-siempre-nos-ha-caracterizado\\\/#breadcrumb\"},\"inLanguage\":\"en-US\",\"potentialAction\":[{\"@type\":\"ReadAction\",\"target\":[\"https:\\\/\\\/aehm.es\\\/en\\\/estamos-en-un-momento-clave-para-avanzar-y-mejorar-el-exitoso-modelo-turistico-que-siempre-nos-ha-caracterizado\\\/\"]}]},{\"@type\":\"ImageObject\",\"inLanguage\":\"en-US\",\"@id\":\"https:\\\/\\\/aehm.es\\\/en\\\/estamos-en-un-momento-clave-para-avanzar-y-mejorar-el-exitoso-modelo-turistico-que-siempre-nos-ha-caracterizado\\\/#primaryimage\",\"url\":\"https:\\\/\\\/aehm.es\\\/wp-content\\\/uploads\\\/2017\\\/06\\\/Palacio-Real-y-Almudena-1.jpg\",\"contentUrl\":\"https:\\\/\\\/aehm.es\\\/wp-content\\\/uploads\\\/2017\\\/06\\\/Palacio-Real-y-Almudena-1.jpg\",\"width\":2458,\"height\":1505,\"caption\":\"Madrid, Almudena Cathedral, Spain\"},{\"@type\":\"BreadcrumbList\",\"@id\":\"https:\\\/\\\/aehm.es\\\/en\\\/estamos-en-un-momento-clave-para-avanzar-y-mejorar-el-exitoso-modelo-turistico-que-siempre-nos-ha-caracterizado\\\/#breadcrumb\",\"itemListElement\":[{\"@type\":\"ListItem\",\"position\":1,\"name\":\"Portada\",\"item\":\"https:\\\/\\\/aehm.es\\\/en\\\/\"},{\"@type\":\"ListItem\",\"position\":2,\"name\":\"\u201cEstamos en un momento clave para avanzar y mejorar el exitoso modelo tur\u00edstico que siempre nos ha caracterizado\u201d\"}]},{\"@type\":\"WebSite\",\"@id\":\"https:\\\/\\\/aehm.es\\\/#website\",\"url\":\"https:\\\/\\\/aehm.es\\\/\",\"name\":\"Asociaci\u00f3n Empresarial Hotelera de Madrid\",\"description\":\"La Asociaci\u00f3n Empresarial Hotelera Madrid est\u00e1 formada por m\u00e1s de 300 establecimientos de todas las categor\u00edas y tipolog\u00edas (hoteles, hostales, hostels, apartamentos\u2026) que suman m\u00e1s de 75.000 plazas de alojamiento.\",\"publisher\":{\"@id\":\"https:\\\/\\\/aehm.es\\\/#organization\"},\"alternateName\":\"AEHM\",\"potentialAction\":[{\"@type\":\"SearchAction\",\"target\":{\"@type\":\"EntryPoint\",\"urlTemplate\":\"https:\\\/\\\/aehm.es\\\/?s={search_term_string}\"},\"query-input\":{\"@type\":\"PropertyValueSpecification\",\"valueRequired\":true,\"valueName\":\"search_term_string\"}}],\"inLanguage\":\"en-US\"},{\"@type\":\"Organization\",\"@id\":\"https:\\\/\\\/aehm.es\\\/#organization\",\"name\":\"Asociaci\u00f3n Empresarial Hotelera de Madrid\",\"url\":\"https:\\\/\\\/aehm.es\\\/\",\"logo\":{\"@type\":\"ImageObject\",\"inLanguage\":\"en-US\",\"@id\":\"https:\\\/\\\/aehm.es\\\/#\\\/schema\\\/logo\\\/image\\\/\",\"url\":\"https:\\\/\\\/aehm.es\\\/wp-content\\\/uploads\\\/2021\\\/11\\\/Logo_AEHM_Horiz.png\",\"contentUrl\":\"https:\\\/\\\/aehm.es\\\/wp-content\\\/uploads\\\/2021\\\/11\\\/Logo_AEHM_Horiz.png\",\"width\":600,\"height\":182,\"caption\":\"Asociaci\u00f3n Empresarial Hotelera de Madrid\"},\"image\":{\"@id\":\"https:\\\/\\\/aehm.es\\\/#\\\/schema\\\/logo\\\/image\\\/\"},\"sameAs\":[\"https:\\\/\\\/www.instagram.com\\\/hotelesdemadrid\\\/\",\"https:\\\/\\\/x.com\\\/HotelesAEHM\",\"https:\\\/\\\/www.linkedin.com\\\/company\\\/11166072\\\/\"]},{\"@type\":\"Person\",\"@id\":\"https:\\\/\\\/aehm.es\\\/#\\\/schema\\\/person\\\/ca1397f4b0bcee246b58a0278b67a95f\",\"name\":\"richard\",\"image\":{\"@type\":\"ImageObject\",\"inLanguage\":\"en-US\",\"@id\":\"https:\\\/\\\/secure.gravatar.com\\\/avatar\\\/dd2486a811ecc34bf766b7d8b17d0ea76674186c415867af39660e429e20e1a0?s=96&d=mm&r=g\",\"url\":\"https:\\\/\\\/secure.gravatar.com\\\/avatar\\\/dd2486a811ecc34bf766b7d8b17d0ea76674186c415867af39660e429e20e1a0?s=96&d=mm&r=g\",\"contentUrl\":\"https:\\\/\\\/secure.gravatar.com\\\/avatar\\\/dd2486a811ecc34bf766b7d8b17d0ea76674186c415867af39660e429e20e1a0?s=96&d=mm&r=g\",\"caption\":\"richard\"},\"url\":\"https:\\\/\\\/aehm.es\\\/en\\\/author\\\/richard\\\/\"}]}<\/script>\n<!-- \/ Yoast SEO plugin. -->","yoast_head_json":{"title":"\u201cEstamos en un momento clave para avanzar y mejorar el exitoso modelo tur\u00edstico que siempre nos ha caracterizado\u201d - AEHM","description":"Desde AEHM nos sumamos, un a\u00f1o m\u00e1s, al \u2018D\u00eda Mundial del Turismo\u2019, una fecha que este a\u00f1o se ve enturbiada por la crisis de la Covid-19","robots":{"index":"index","follow":"follow","max-snippet":"max-snippet:-1","max-image-preview":"max-image-preview:large","max-video-preview":"max-video-preview:-1"},"canonical":"https:\/\/aehm.es\/en\/estamos-en-un-momento-clave-para-avanzar-y-mejorar-el-exitoso-modelo-turistico-que-siempre-nos-ha-caracterizado\/","og_locale":"en_US","og_type":"article","og_title":"\u201cEstamos en un momento clave para avanzar y mejorar el exitoso modelo tur\u00edstico que siempre nos ha caracterizado\u201d - AEHM","og_description":"Desde AEHM nos sumamos, un a\u00f1o m\u00e1s, al \u2018D\u00eda Mundial del Turismo\u2019, una fecha que este a\u00f1o se ve enturbiada por la crisis de la Covid-19","og_url":"https:\/\/aehm.es\/en\/estamos-en-un-momento-clave-para-avanzar-y-mejorar-el-exitoso-modelo-turistico-que-siempre-nos-ha-caracterizado\/","og_site_name":"AEHM","article_publisher":"https:\/\/www.instagram.com\/hotelesdemadrid\/","article_published_time":"2020-09-26T08:12:30+00:00","og_image":[{"width":2458,"height":1505,"url":"https:\/\/aehm.es\/wp-content\/uploads\/2017\/06\/Palacio-Real-y-Almudena-1.jpg","type":"image\/jpeg"}],"author":"richard","twitter_card":"summary_large_image","twitter_creator":"@HotelesAEHM","twitter_site":"@HotelesAEHM","twitter_misc":{"Written by":"richard","Est. reading time":"3 minutes"},"schema":{"@context":"https:\/\/schema.org","@graph":[{"@type":"Article","@id":"https:\/\/aehm.es\/en\/estamos-en-un-momento-clave-para-avanzar-y-mejorar-el-exitoso-modelo-turistico-que-siempre-nos-ha-caracterizado\/#article","isPartOf":{"@id":"https:\/\/aehm.es\/en\/estamos-en-un-momento-clave-para-avanzar-y-mejorar-el-exitoso-modelo-turistico-que-siempre-nos-ha-caracterizado\/"},"author":{"name":"richard","@id":"https:\/\/aehm.es\/#\/schema\/person\/ca1397f4b0bcee246b58a0278b67a95f"},"headline":"\u201cEstamos en un momento clave para avanzar y mejorar el exitoso modelo tur\u00edstico que siempre nos ha caracterizado\u201d","datePublished":"2020-09-26T08:12:30+00:00","mainEntityOfPage":{"@id":"https:\/\/aehm.es\/en\/estamos-en-un-momento-clave-para-avanzar-y-mejorar-el-exitoso-modelo-turistico-que-siempre-nos-ha-caracterizado\/"},"wordCount":567,"publisher":{"@id":"https:\/\/aehm.es\/#organization"},"image":{"@id":"https:\/\/aehm.es\/en\/estamos-en-un-momento-clave-para-avanzar-y-mejorar-el-exitoso-modelo-turistico-que-siempre-nos-ha-caracterizado\/#primaryimage"},"thumbnailUrl":"https:\/\/aehm.es\/wp-content\/uploads\/2017\/06\/Palacio-Real-y-Almudena-1.jpg","articleSection":["Actualidad AEHM"],"inLanguage":"en-US"},{"@type":"WebPage","@id":"https:\/\/aehm.es\/en\/estamos-en-un-momento-clave-para-avanzar-y-mejorar-el-exitoso-modelo-turistico-que-siempre-nos-ha-caracterizado\/","url":"https:\/\/aehm.es\/en\/estamos-en-un-momento-clave-para-avanzar-y-mejorar-el-exitoso-modelo-turistico-que-siempre-nos-ha-caracterizado\/","name":"\u201cEstamos en un momento clave para avanzar y mejorar el exitoso modelo tur\u00edstico que siempre nos ha caracterizado\u201d - AEHM","isPartOf":{"@id":"https:\/\/aehm.es\/#website"},"primaryImageOfPage":{"@id":"https:\/\/aehm.es\/en\/estamos-en-un-momento-clave-para-avanzar-y-mejorar-el-exitoso-modelo-turistico-que-siempre-nos-ha-caracterizado\/#primaryimage"},"image":{"@id":"https:\/\/aehm.es\/en\/estamos-en-un-momento-clave-para-avanzar-y-mejorar-el-exitoso-modelo-turistico-que-siempre-nos-ha-caracterizado\/#primaryimage"},"thumbnailUrl":"https:\/\/aehm.es\/wp-content\/uploads\/2017\/06\/Palacio-Real-y-Almudena-1.jpg","datePublished":"2020-09-26T08:12:30+00:00","description":"Desde AEHM nos sumamos, un a\u00f1o m\u00e1s, al \u2018D\u00eda Mundial del Turismo\u2019, una fecha que este a\u00f1o se ve enturbiada por la crisis de la Covid-19","breadcrumb":{"@id":"https:\/\/aehm.es\/en\/estamos-en-un-momento-clave-para-avanzar-y-mejorar-el-exitoso-modelo-turistico-que-siempre-nos-ha-caracterizado\/#breadcrumb"},"inLanguage":"en-US","potentialAction":[{"@type":"ReadAction","target":["https:\/\/aehm.es\/en\/estamos-en-un-momento-clave-para-avanzar-y-mejorar-el-exitoso-modelo-turistico-que-siempre-nos-ha-caracterizado\/"]}]},{"@type":"ImageObject","inLanguage":"en-US","@id":"https:\/\/aehm.es\/en\/estamos-en-un-momento-clave-para-avanzar-y-mejorar-el-exitoso-modelo-turistico-que-siempre-nos-ha-caracterizado\/#primaryimage","url":"https:\/\/aehm.es\/wp-content\/uploads\/2017\/06\/Palacio-Real-y-Almudena-1.jpg","contentUrl":"https:\/\/aehm.es\/wp-content\/uploads\/2017\/06\/Palacio-Real-y-Almudena-1.jpg","width":2458,"height":1505,"caption":"Madrid, Almudena Cathedral, Spain"},{"@type":"BreadcrumbList","@id":"https:\/\/aehm.es\/en\/estamos-en-un-momento-clave-para-avanzar-y-mejorar-el-exitoso-modelo-turistico-que-siempre-nos-ha-caracterizado\/#breadcrumb","itemListElement":[{"@type":"ListItem","position":1,"name":"Portada","item":"https:\/\/aehm.es\/en\/"},{"@type":"ListItem","position":2,"name":"\u201cEstamos en un momento clave para avanzar y mejorar el exitoso modelo tur\u00edstico que siempre nos ha caracterizado\u201d"}]},{"@type":"WebSite","@id":"https:\/\/aehm.es\/#website","url":"https:\/\/aehm.es\/","name":"Asociaci\u00f3n Empresarial Hotelera de Madrid","description":"La Asociaci\u00f3n Empresarial Hotelera Madrid est\u00e1 formada por m\u00e1s de 300 establecimientos de todas las categor\u00edas y tipolog\u00edas (hoteles, hostales, hostels, apartamentos\u2026) que suman m\u00e1s de 75.000 plazas de alojamiento.","publisher":{"@id":"https:\/\/aehm.es\/#organization"},"alternateName":"AEHM","potentialAction":[{"@type":"SearchAction","target":{"@type":"EntryPoint","urlTemplate":"https:\/\/aehm.es\/?s={search_term_string}"},"query-input":{"@type":"PropertyValueSpecification","valueRequired":true,"valueName":"search_term_string"}}],"inLanguage":"en-US"},{"@type":"Organization","@id":"https:\/\/aehm.es\/#organization","name":"Asociaci\u00f3n Empresarial Hotelera de Madrid","url":"https:\/\/aehm.es\/","logo":{"@type":"ImageObject","inLanguage":"en-US","@id":"https:\/\/aehm.es\/#\/schema\/logo\/image\/","url":"https:\/\/aehm.es\/wp-content\/uploads\/2021\/11\/Logo_AEHM_Horiz.png","contentUrl":"https:\/\/aehm.es\/wp-content\/uploads\/2021\/11\/Logo_AEHM_Horiz.png","width":600,"height":182,"caption":"Asociaci\u00f3n Empresarial Hotelera de Madrid"},"image":{"@id":"https:\/\/aehm.es\/#\/schema\/logo\/image\/"},"sameAs":["https:\/\/www.instagram.com\/hotelesdemadrid\/","https:\/\/x.com\/HotelesAEHM","https:\/\/www.linkedin.com\/company\/11166072\/"]},{"@type":"Person","@id":"https:\/\/aehm.es\/#\/schema\/person\/ca1397f4b0bcee246b58a0278b67a95f","name":"richard","image":{"@type":"ImageObject","inLanguage":"en-US","@id":"https:\/\/secure.gravatar.com\/avatar\/dd2486a811ecc34bf766b7d8b17d0ea76674186c415867af39660e429e20e1a0?s=96&d=mm&r=g","url":"https:\/\/secure.gravatar.com\/avatar\/dd2486a811ecc34bf766b7d8b17d0ea76674186c415867af39660e429e20e1a0?s=96&d=mm&r=g","contentUrl":"https:\/\/secure.gravatar.com\/avatar\/dd2486a811ecc34bf766b7d8b17d0ea76674186c415867af39660e429e20e1a0?s=96&d=mm&r=g","caption":"richard"},"url":"https:\/\/aehm.es\/en\/author\/richard\/"}]}},"_links":{"self":[{"href":"https:\/\/aehm.es\/en\/wp-json\/wp\/v2\/posts\/8126","targetHints":{"allow":["GET"]}}],"collection":[{"href":"https:\/\/aehm.es\/en\/wp-json\/wp\/v2\/posts"}],"about":[{"href":"https:\/\/aehm.es\/en\/wp-json\/wp\/v2\/types\/post"}],"author":[{"embeddable":true,"href":"https:\/\/aehm.es\/en\/wp-json\/wp\/v2\/users\/1"}],"replies":[{"embeddable":true,"href":"https:\/\/aehm.es\/en\/wp-json\/wp\/v2\/comments?post=8126"}],"version-history":[{"count":0,"href":"https:\/\/aehm.es\/en\/wp-json\/wp\/v2\/posts\/8126\/revisions"}],"wp:featuredmedia":[{"embeddable":true,"href":"https:\/\/aehm.es\/en\/wp-json\/wp\/v2\/media\/2115"}],"wp:attachment":[{"href":"https:\/\/aehm.es\/en\/wp-json\/wp\/v2\/media?parent=8126"}],"wp:term":[{"taxonomy":"category","embeddable":true,"href":"https:\/\/aehm.es\/en\/wp-json\/wp\/v2\/categories?post=8126"},{"taxonomy":"post_tag","embeddable":true,"href":"https:\/\/aehm.es\/en\/wp-json\/wp\/v2\/tags?post=8126"}],"curies":[{"name":"wp","href":"https:\/\/api.w.org\/{rel}","templated":true}]}}