{"id":8098,"date":"2020-09-18T14:45:02","date_gmt":"2020-09-18T14:45:02","guid":{"rendered":"https:\/\/aehm.es\/?p=8098"},"modified":"2020-09-18T14:45:02","modified_gmt":"2020-09-18T14:45:02","slug":"aehm-exige-al-gobierno-erte-especificos-y-medidas-de-apoyo-a-la-industria-turistica","status":"publish","type":"post","link":"https:\/\/aehm.es\/en\/aehm-exige-al-gobierno-erte-especificos-y-medidas-de-apoyo-a-la-industria-turistica\/","title":{"rendered":"La AEHM se suma a las reivindicaciones de CEHAT para exigir al Gobierno unos ERTE espec\u00edficos y medidas de apoyo a la industria tur\u00edstica"},"content":{"rendered":"<p><span style=\"font-weight: 400;\"><em>Madrid, 18 de septiembre de 2020.-<\/em> <\/span><span style=\"font-weight: 400;\">La Asociaci\u00f3n Empresarial Hotelera de Madrid (AEHM) apoya las demandas que esta ma\u00f1ana hac\u00eda p\u00fablicas CEHAT en las que se demandaba al Gobierno una actuaci\u00f3n r\u00e1pida y contundente para permitir la supervivencia de una de las industrias m\u00e1s importantes para el pa\u00eds y para proteger el empleo que \u00e9sta genera a trav\u00e9s de la aprobaci\u00f3n antes del 30 de septiembre de unos ERTE espec\u00edficos para el sector. Estos ERTE, seg\u00fan los profesionales del sector, deber\u00e1n estar vigentes, como m\u00ednimo, hasta Semana Santa de 2021 y, adem\u00e1s, permitir la entrada y salida de trabajadores en funci\u00f3n de la coyuntura tur\u00edstica y contar con una bonificaci\u00f3n de la Seguridad Social de los trabajadores afectados.<\/span><\/p>\n<blockquote><p><span style=\"font-weight: 400;\">&#8220;Es necesario activar los ERTE hasta, al menos, Semana Santa de 2021 y, de este modo, facilitar la viabilidad de las empresas del sector y de los puestos de trabajo que \u00e9stas generan. El turismo ha sido y ser\u00e1 uno de los motores de la econom\u00eda nacional por todo lo que genera, de manera directa e indirecta, para el pa\u00eds&#8221;<\/span><\/p><\/blockquote>\n<p><span style=\"font-weight: 400;\">Dichas demandas obedecen a la necesidad de abordar con una especial sensibilidad la coyuntura de un sector cuya situaci\u00f3n y peso en la econom\u00eda nacional requieren de un tratamiento espec\u00edfico. De hecho, la tur\u00edstica es la industria que m\u00e1s aport\u00f3 en 2019 a la econom\u00eda espa\u00f1ola, hasta alcanzar el 14,3% de su PIB, seg\u00fan el World Travel &amp; Tourism Council (WTTC). La pandemia ha golpeado duramente al turismo, como refleja el hecho de que m\u00e1s del 80% de los hoteles permanezcan cerrados en todo el pa\u00eds y, en el caso concreto de la Comunidad de Madrid, m\u00e1s del 70% de los hoteles mantiene sus puertas cerradas y aquellos que est\u00e1n abiertos tienen una ocupaci\u00f3n inferior al 20%. Toda esta situaci\u00f3n pone en riesgo la supervivencia de numerosas empresas tur\u00edsticas y a los 2,8 millones de puestos de empleo que \u00e9stas generan en Espa\u00f1a.<\/span><\/p>\n<p><span style=\"font-weight: 400;\">Seg\u00fan <strong>Gabriel Garc\u00eda Alonso<\/strong>, presidente de la AEHM y vicepresidente de CEHAT, \u201cestamos viviendo unos momentos muy complicados para el sector y se hacen necesarias medidas contundentes, de urgencia, y que han de ser, necesariamente, espec\u00edficas para el turismo, ya que se trata de una industria clave en la econom\u00eda nacional y uno de los sectores m\u00e1s afectados por la pandemia. Por ello, es necesario activar los ERTE hasta, al menos, Semana Santa de 2021 y, de este modo, facilitar la viabilidad de las empresas del sector y de los puestos de trabajo que \u00e9stas generan. El turismo ha sido y ser\u00e1 uno de los motores de la econom\u00eda nacional por todo lo que genera, de manera directa e indirecta, para el pa\u00eds. Adem\u00e1s, en estos tiempos tan complicados, se hace necesario que todas las administraciones, y en especial el Ejecutivo nacional, muestren su compromiso con la industria espa\u00f1ola del turismo, que es un referente mundial\u201d.<\/span><\/p>\n","protected":false},"excerpt":{"rendered":"<p>Madrid, 18 de septiembre de 2020.- La Asociaci\u00f3n Empresarial Hotelera de Madrid (AEHM) apoya las demandas que esta ma\u00f1ana hac\u00eda p\u00fablicas CEHAT en las que se demandaba al Gobierno una actuaci\u00f3n r\u00e1pida y contundente para permitir la supervivencia de una de las industrias m\u00e1s importantes para el pa\u00eds y para proteger el empleo que \u00e9sta [&hellip;]<\/p>\n","protected":false},"author":1,"featured_media":10162,"comment_status":"closed","ping_status":"open","sticky":false,"template":"","format":"standard","meta":{"footnotes":""},"categories":[1],"tags":[],"class_list":["post-8098","post","type-post","status-publish","format-standard","has-post-thumbnail","hentry","category-actualidad-aehm"],"yoast_head":"<!-- This site is optimized with the Yoast SEO plugin v27.5 - https:\/\/yoast.com\/product\/yoast-seo-wordpress\/ -->\n<title>La AEHM se suma a las reivindicaciones de CEHAT para exigir al Gobierno unos ERTE espec\u00edficos y medidas de apoyo a la industria tur\u00edstica - AEHM<\/title>\n<meta name=\"robots\" content=\"index, follow, max-snippet:-1, max-image-preview:large, max-video-preview:-1\" \/>\n<link rel=\"canonical\" href=\"https:\/\/aehm.es\/aehm-exige-al-gobierno-erte-especificos-y-medidas-de-apoyo-a-la-industria-turistica\/\" \/>\n<meta property=\"og:locale\" content=\"en_US\" \/>\n<meta property=\"og:type\" content=\"article\" \/>\n<meta property=\"og:title\" content=\"La AEHM se suma a las reivindicaciones de CEHAT para exigir al Gobierno unos ERTE espec\u00edficos y medidas de apoyo a la industria tur\u00edstica\" \/>\n<meta property=\"og:description\" content=\"M\u00e1s del 80% de los hoteles permanecen cerrados en todo el pa\u00eds y, en el caso concreto de la Comunidad de Madrid, permanecen cerrados m\u00e1s del 70% de los establecimientos y aquellos que est\u00e1n abiertos tienen una ocupaci\u00f3n inferior al 20%\" \/>\n<meta property=\"og:url\" content=\"https:\/\/aehm.es\/aehm-exige-al-gobierno-erte-especificos-y-medidas-de-apoyo-a-la-industria-turistica\/\" \/>\n<meta property=\"og:site_name\" content=\"AEHM\" \/>\n<meta property=\"article:publisher\" content=\"https:\/\/www.instagram.com\/hotelesdemadrid\/\" \/>\n<meta property=\"article:published_time\" content=\"2020-09-18T14:45:02+00:00\" \/>\n<meta name=\"author\" content=\"richard\" \/>\n<meta name=\"twitter:card\" content=\"summary_large_image\" \/>\n<meta name=\"twitter:title\" content=\"La AEHM se suma a las reivindicaciones de CEHAT para exigir al Gobierno unos ERTE espec\u00edficos y medidas de apoyo a la industria tur\u00edstica\" \/>\n<meta name=\"twitter:description\" content=\"M\u00e1s del 80% de los hoteles permanecen cerrados en todo el pa\u00eds y, en el caso concreto de la Comunidad de Madrid, permanecen cerrados m\u00e1s del 70% de los establecimientos y aquellos que est\u00e1n abiertos tienen una ocupaci\u00f3n inferior al 20%\" \/>\n<meta name=\"twitter:creator\" content=\"@HotelesAEHM\" \/>\n<meta name=\"twitter:site\" content=\"@HotelesAEHM\" \/>\n<meta name=\"twitter:label1\" content=\"Written by\" \/>\n\t<meta name=\"twitter:data1\" content=\"richard\" \/>\n\t<meta name=\"twitter:label2\" content=\"Est. reading time\" \/>\n\t<meta name=\"twitter:data2\" content=\"3 minutes\" \/>\n<script type=\"application\/ld+json\" class=\"yoast-schema-graph\">{\"@context\":\"https:\\\/\\\/schema.org\",\"@graph\":[{\"@type\":\"Article\",\"@id\":\"https:\\\/\\\/aehm.es\\\/aehm-exige-al-gobierno-erte-especificos-y-medidas-de-apoyo-a-la-industria-turistica\\\/#article\",\"isPartOf\":{\"@id\":\"https:\\\/\\\/aehm.es\\\/aehm-exige-al-gobierno-erte-especificos-y-medidas-de-apoyo-a-la-industria-turistica\\\/\"},\"author\":{\"name\":\"richard\",\"@id\":\"https:\\\/\\\/aehm.es\\\/#\\\/schema\\\/person\\\/ca1397f4b0bcee246b58a0278b67a95f\"},\"headline\":\"La AEHM se suma a las reivindicaciones de CEHAT para exigir al Gobierno unos ERTE espec\u00edficos y medidas de apoyo a la industria tur\u00edstica\",\"datePublished\":\"2020-09-18T14:45:02+00:00\",\"mainEntityOfPage\":{\"@id\":\"https:\\\/\\\/aehm.es\\\/aehm-exige-al-gobierno-erte-especificos-y-medidas-de-apoyo-a-la-industria-turistica\\\/\"},\"wordCount\":537,\"publisher\":{\"@id\":\"https:\\\/\\\/aehm.es\\\/#organization\"},\"image\":{\"@id\":\"https:\\\/\\\/aehm.es\\\/aehm-exige-al-gobierno-erte-especificos-y-medidas-de-apoyo-a-la-industria-turistica\\\/#primaryimage\"},\"thumbnailUrl\":\"https:\\\/\\\/aehm.es\\\/wp-content\\\/uploads\\\/2017\\\/06\\\/Plaza-Mayor-Madrid-1.jpg\",\"articleSection\":[\"Actualidad AEHM\"],\"inLanguage\":\"en-US\"},{\"@type\":\"WebPage\",\"@id\":\"https:\\\/\\\/aehm.es\\\/aehm-exige-al-gobierno-erte-especificos-y-medidas-de-apoyo-a-la-industria-turistica\\\/\",\"url\":\"https:\\\/\\\/aehm.es\\\/aehm-exige-al-gobierno-erte-especificos-y-medidas-de-apoyo-a-la-industria-turistica\\\/\",\"name\":\"La AEHM se suma a las reivindicaciones de CEHAT para exigir al Gobierno unos ERTE espec\u00edficos y medidas de apoyo a la industria tur\u00edstica - AEHM\",\"isPartOf\":{\"@id\":\"https:\\\/\\\/aehm.es\\\/#website\"},\"primaryImageOfPage\":{\"@id\":\"https:\\\/\\\/aehm.es\\\/aehm-exige-al-gobierno-erte-especificos-y-medidas-de-apoyo-a-la-industria-turistica\\\/#primaryimage\"},\"image\":{\"@id\":\"https:\\\/\\\/aehm.es\\\/aehm-exige-al-gobierno-erte-especificos-y-medidas-de-apoyo-a-la-industria-turistica\\\/#primaryimage\"},\"thumbnailUrl\":\"https:\\\/\\\/aehm.es\\\/wp-content\\\/uploads\\\/2017\\\/06\\\/Plaza-Mayor-Madrid-1.jpg\",\"datePublished\":\"2020-09-18T14:45:02+00:00\",\"breadcrumb\":{\"@id\":\"https:\\\/\\\/aehm.es\\\/aehm-exige-al-gobierno-erte-especificos-y-medidas-de-apoyo-a-la-industria-turistica\\\/#breadcrumb\"},\"inLanguage\":\"en-US\",\"potentialAction\":[{\"@type\":\"ReadAction\",\"target\":[\"https:\\\/\\\/aehm.es\\\/aehm-exige-al-gobierno-erte-especificos-y-medidas-de-apoyo-a-la-industria-turistica\\\/\"]}]},{\"@type\":\"ImageObject\",\"inLanguage\":\"en-US\",\"@id\":\"https:\\\/\\\/aehm.es\\\/aehm-exige-al-gobierno-erte-especificos-y-medidas-de-apoyo-a-la-industria-turistica\\\/#primaryimage\",\"url\":\"https:\\\/\\\/aehm.es\\\/wp-content\\\/uploads\\\/2017\\\/06\\\/Plaza-Mayor-Madrid-1.jpg\",\"contentUrl\":\"https:\\\/\\\/aehm.es\\\/wp-content\\\/uploads\\\/2017\\\/06\\\/Plaza-Mayor-Madrid-1.jpg\",\"width\":1024,\"height\":562},{\"@type\":\"BreadcrumbList\",\"@id\":\"https:\\\/\\\/aehm.es\\\/aehm-exige-al-gobierno-erte-especificos-y-medidas-de-apoyo-a-la-industria-turistica\\\/#breadcrumb\",\"itemListElement\":[{\"@type\":\"ListItem\",\"position\":1,\"name\":\"Portada\",\"item\":\"https:\\\/\\\/aehm.es\\\/en\\\/\"},{\"@type\":\"ListItem\",\"position\":2,\"name\":\"La AEHM se suma a las reivindicaciones de CEHAT para exigir al Gobierno unos ERTE espec\u00edficos y medidas de apoyo a la industria tur\u00edstica\"}]},{\"@type\":\"WebSite\",\"@id\":\"https:\\\/\\\/aehm.es\\\/#website\",\"url\":\"https:\\\/\\\/aehm.es\\\/\",\"name\":\"Asociaci\u00f3n Empresarial Hotelera de Madrid\",\"description\":\"La Asociaci\u00f3n Empresarial Hotelera Madrid est\u00e1 formada por m\u00e1s de 300 establecimientos de todas las categor\u00edas y tipolog\u00edas (hoteles, hostales, hostels, apartamentos\u2026) que suman m\u00e1s de 75.000 plazas de alojamiento.\",\"publisher\":{\"@id\":\"https:\\\/\\\/aehm.es\\\/#organization\"},\"alternateName\":\"AEHM\",\"potentialAction\":[{\"@type\":\"SearchAction\",\"target\":{\"@type\":\"EntryPoint\",\"urlTemplate\":\"https:\\\/\\\/aehm.es\\\/?s={search_term_string}\"},\"query-input\":{\"@type\":\"PropertyValueSpecification\",\"valueRequired\":true,\"valueName\":\"search_term_string\"}}],\"inLanguage\":\"en-US\"},{\"@type\":\"Organization\",\"@id\":\"https:\\\/\\\/aehm.es\\\/#organization\",\"name\":\"Asociaci\u00f3n Empresarial Hotelera de Madrid\",\"url\":\"https:\\\/\\\/aehm.es\\\/\",\"logo\":{\"@type\":\"ImageObject\",\"inLanguage\":\"en-US\",\"@id\":\"https:\\\/\\\/aehm.es\\\/#\\\/schema\\\/logo\\\/image\\\/\",\"url\":\"https:\\\/\\\/aehm.es\\\/wp-content\\\/uploads\\\/2021\\\/11\\\/Logo_AEHM_Horiz.png\",\"contentUrl\":\"https:\\\/\\\/aehm.es\\\/wp-content\\\/uploads\\\/2021\\\/11\\\/Logo_AEHM_Horiz.png\",\"width\":600,\"height\":182,\"caption\":\"Asociaci\u00f3n Empresarial Hotelera de Madrid\"},\"image\":{\"@id\":\"https:\\\/\\\/aehm.es\\\/#\\\/schema\\\/logo\\\/image\\\/\"},\"sameAs\":[\"https:\\\/\\\/www.instagram.com\\\/hotelesdemadrid\\\/\",\"https:\\\/\\\/x.com\\\/HotelesAEHM\",\"https:\\\/\\\/www.linkedin.com\\\/company\\\/11166072\\\/\"]},{\"@type\":\"Person\",\"@id\":\"https:\\\/\\\/aehm.es\\\/#\\\/schema\\\/person\\\/ca1397f4b0bcee246b58a0278b67a95f\",\"name\":\"richard\",\"image\":{\"@type\":\"ImageObject\",\"inLanguage\":\"en-US\",\"@id\":\"https:\\\/\\\/secure.gravatar.com\\\/avatar\\\/dd2486a811ecc34bf766b7d8b17d0ea76674186c415867af39660e429e20e1a0?s=96&d=mm&r=g\",\"url\":\"https:\\\/\\\/secure.gravatar.com\\\/avatar\\\/dd2486a811ecc34bf766b7d8b17d0ea76674186c415867af39660e429e20e1a0?s=96&d=mm&r=g\",\"contentUrl\":\"https:\\\/\\\/secure.gravatar.com\\\/avatar\\\/dd2486a811ecc34bf766b7d8b17d0ea76674186c415867af39660e429e20e1a0?s=96&d=mm&r=g\",\"caption\":\"richard\"},\"url\":\"https:\\\/\\\/aehm.es\\\/en\\\/author\\\/richard\\\/\"}]}<\/script>\n<!-- \/ Yoast SEO plugin. -->","yoast_head_json":{"title":"La AEHM se suma a las reivindicaciones de CEHAT para exigir al Gobierno unos ERTE espec\u00edficos y medidas de apoyo a la industria tur\u00edstica - AEHM","robots":{"index":"index","follow":"follow","max-snippet":"max-snippet:-1","max-image-preview":"max-image-preview:large","max-video-preview":"max-video-preview:-1"},"canonical":"https:\/\/aehm.es\/aehm-exige-al-gobierno-erte-especificos-y-medidas-de-apoyo-a-la-industria-turistica\/","og_locale":"en_US","og_type":"article","og_title":"La AEHM se suma a las reivindicaciones de CEHAT para exigir al Gobierno unos ERTE espec\u00edficos y medidas de apoyo a la industria tur\u00edstica","og_description":"M\u00e1s del 80% de los hoteles permanecen cerrados en todo el pa\u00eds y, en el caso concreto de la Comunidad de Madrid, permanecen cerrados m\u00e1s del 70% de los establecimientos y aquellos que est\u00e1n abiertos tienen una ocupaci\u00f3n inferior al 20%","og_url":"https:\/\/aehm.es\/aehm-exige-al-gobierno-erte-especificos-y-medidas-de-apoyo-a-la-industria-turistica\/","og_site_name":"AEHM","article_publisher":"https:\/\/www.instagram.com\/hotelesdemadrid\/","article_published_time":"2020-09-18T14:45:02+00:00","author":"richard","twitter_card":"summary_large_image","twitter_title":"La AEHM se suma a las reivindicaciones de CEHAT para exigir al Gobierno unos ERTE espec\u00edficos y medidas de apoyo a la industria tur\u00edstica","twitter_description":"M\u00e1s del 80% de los hoteles permanecen cerrados en todo el pa\u00eds y, en el caso concreto de la Comunidad de Madrid, permanecen cerrados m\u00e1s del 70% de los establecimientos y aquellos que est\u00e1n abiertos tienen una ocupaci\u00f3n inferior al 20%","twitter_creator":"@HotelesAEHM","twitter_site":"@HotelesAEHM","twitter_misc":{"Written by":"richard","Est. reading time":"3 minutes"},"schema":{"@context":"https:\/\/schema.org","@graph":[{"@type":"Article","@id":"https:\/\/aehm.es\/aehm-exige-al-gobierno-erte-especificos-y-medidas-de-apoyo-a-la-industria-turistica\/#article","isPartOf":{"@id":"https:\/\/aehm.es\/aehm-exige-al-gobierno-erte-especificos-y-medidas-de-apoyo-a-la-industria-turistica\/"},"author":{"name":"richard","@id":"https:\/\/aehm.es\/#\/schema\/person\/ca1397f4b0bcee246b58a0278b67a95f"},"headline":"La AEHM se suma a las reivindicaciones de CEHAT para exigir al Gobierno unos ERTE espec\u00edficos y medidas de apoyo a la industria tur\u00edstica","datePublished":"2020-09-18T14:45:02+00:00","mainEntityOfPage":{"@id":"https:\/\/aehm.es\/aehm-exige-al-gobierno-erte-especificos-y-medidas-de-apoyo-a-la-industria-turistica\/"},"wordCount":537,"publisher":{"@id":"https:\/\/aehm.es\/#organization"},"image":{"@id":"https:\/\/aehm.es\/aehm-exige-al-gobierno-erte-especificos-y-medidas-de-apoyo-a-la-industria-turistica\/#primaryimage"},"thumbnailUrl":"https:\/\/aehm.es\/wp-content\/uploads\/2017\/06\/Plaza-Mayor-Madrid-1.jpg","articleSection":["Actualidad AEHM"],"inLanguage":"en-US"},{"@type":"WebPage","@id":"https:\/\/aehm.es\/aehm-exige-al-gobierno-erte-especificos-y-medidas-de-apoyo-a-la-industria-turistica\/","url":"https:\/\/aehm.es\/aehm-exige-al-gobierno-erte-especificos-y-medidas-de-apoyo-a-la-industria-turistica\/","name":"La AEHM se suma a las reivindicaciones de CEHAT para exigir al Gobierno unos ERTE espec\u00edficos y medidas de apoyo a la industria tur\u00edstica - AEHM","isPartOf":{"@id":"https:\/\/aehm.es\/#website"},"primaryImageOfPage":{"@id":"https:\/\/aehm.es\/aehm-exige-al-gobierno-erte-especificos-y-medidas-de-apoyo-a-la-industria-turistica\/#primaryimage"},"image":{"@id":"https:\/\/aehm.es\/aehm-exige-al-gobierno-erte-especificos-y-medidas-de-apoyo-a-la-industria-turistica\/#primaryimage"},"thumbnailUrl":"https:\/\/aehm.es\/wp-content\/uploads\/2017\/06\/Plaza-Mayor-Madrid-1.jpg","datePublished":"2020-09-18T14:45:02+00:00","breadcrumb":{"@id":"https:\/\/aehm.es\/aehm-exige-al-gobierno-erte-especificos-y-medidas-de-apoyo-a-la-industria-turistica\/#breadcrumb"},"inLanguage":"en-US","potentialAction":[{"@type":"ReadAction","target":["https:\/\/aehm.es\/aehm-exige-al-gobierno-erte-especificos-y-medidas-de-apoyo-a-la-industria-turistica\/"]}]},{"@type":"ImageObject","inLanguage":"en-US","@id":"https:\/\/aehm.es\/aehm-exige-al-gobierno-erte-especificos-y-medidas-de-apoyo-a-la-industria-turistica\/#primaryimage","url":"https:\/\/aehm.es\/wp-content\/uploads\/2017\/06\/Plaza-Mayor-Madrid-1.jpg","contentUrl":"https:\/\/aehm.es\/wp-content\/uploads\/2017\/06\/Plaza-Mayor-Madrid-1.jpg","width":1024,"height":562},{"@type":"BreadcrumbList","@id":"https:\/\/aehm.es\/aehm-exige-al-gobierno-erte-especificos-y-medidas-de-apoyo-a-la-industria-turistica\/#breadcrumb","itemListElement":[{"@type":"ListItem","position":1,"name":"Portada","item":"https:\/\/aehm.es\/en\/"},{"@type":"ListItem","position":2,"name":"La AEHM se suma a las reivindicaciones de CEHAT para exigir al Gobierno unos ERTE espec\u00edficos y medidas de apoyo a la industria tur\u00edstica"}]},{"@type":"WebSite","@id":"https:\/\/aehm.es\/#website","url":"https:\/\/aehm.es\/","name":"Asociaci\u00f3n Empresarial Hotelera de Madrid","description":"La Asociaci\u00f3n Empresarial Hotelera Madrid est\u00e1 formada por m\u00e1s de 300 establecimientos de todas las categor\u00edas y tipolog\u00edas (hoteles, hostales, hostels, apartamentos\u2026) que suman m\u00e1s de 75.000 plazas de alojamiento.","publisher":{"@id":"https:\/\/aehm.es\/#organization"},"alternateName":"AEHM","potentialAction":[{"@type":"SearchAction","target":{"@type":"EntryPoint","urlTemplate":"https:\/\/aehm.es\/?s={search_term_string}"},"query-input":{"@type":"PropertyValueSpecification","valueRequired":true,"valueName":"search_term_string"}}],"inLanguage":"en-US"},{"@type":"Organization","@id":"https:\/\/aehm.es\/#organization","name":"Asociaci\u00f3n Empresarial Hotelera de Madrid","url":"https:\/\/aehm.es\/","logo":{"@type":"ImageObject","inLanguage":"en-US","@id":"https:\/\/aehm.es\/#\/schema\/logo\/image\/","url":"https:\/\/aehm.es\/wp-content\/uploads\/2021\/11\/Logo_AEHM_Horiz.png","contentUrl":"https:\/\/aehm.es\/wp-content\/uploads\/2021\/11\/Logo_AEHM_Horiz.png","width":600,"height":182,"caption":"Asociaci\u00f3n Empresarial Hotelera de Madrid"},"image":{"@id":"https:\/\/aehm.es\/#\/schema\/logo\/image\/"},"sameAs":["https:\/\/www.instagram.com\/hotelesdemadrid\/","https:\/\/x.com\/HotelesAEHM","https:\/\/www.linkedin.com\/company\/11166072\/"]},{"@type":"Person","@id":"https:\/\/aehm.es\/#\/schema\/person\/ca1397f4b0bcee246b58a0278b67a95f","name":"richard","image":{"@type":"ImageObject","inLanguage":"en-US","@id":"https:\/\/secure.gravatar.com\/avatar\/dd2486a811ecc34bf766b7d8b17d0ea76674186c415867af39660e429e20e1a0?s=96&d=mm&r=g","url":"https:\/\/secure.gravatar.com\/avatar\/dd2486a811ecc34bf766b7d8b17d0ea76674186c415867af39660e429e20e1a0?s=96&d=mm&r=g","contentUrl":"https:\/\/secure.gravatar.com\/avatar\/dd2486a811ecc34bf766b7d8b17d0ea76674186c415867af39660e429e20e1a0?s=96&d=mm&r=g","caption":"richard"},"url":"https:\/\/aehm.es\/en\/author\/richard\/"}]}},"_links":{"self":[{"href":"https:\/\/aehm.es\/en\/wp-json\/wp\/v2\/posts\/8098","targetHints":{"allow":["GET"]}}],"collection":[{"href":"https:\/\/aehm.es\/en\/wp-json\/wp\/v2\/posts"}],"about":[{"href":"https:\/\/aehm.es\/en\/wp-json\/wp\/v2\/types\/post"}],"author":[{"embeddable":true,"href":"https:\/\/aehm.es\/en\/wp-json\/wp\/v2\/users\/1"}],"replies":[{"embeddable":true,"href":"https:\/\/aehm.es\/en\/wp-json\/wp\/v2\/comments?post=8098"}],"version-history":[{"count":0,"href":"https:\/\/aehm.es\/en\/wp-json\/wp\/v2\/posts\/8098\/revisions"}],"wp:featuredmedia":[{"embeddable":true,"href":"https:\/\/aehm.es\/en\/wp-json\/wp\/v2\/media\/10162"}],"wp:attachment":[{"href":"https:\/\/aehm.es\/en\/wp-json\/wp\/v2\/media?parent=8098"}],"wp:term":[{"taxonomy":"category","embeddable":true,"href":"https:\/\/aehm.es\/en\/wp-json\/wp\/v2\/categories?post=8098"},{"taxonomy":"post_tag","embeddable":true,"href":"https:\/\/aehm.es\/en\/wp-json\/wp\/v2\/tags?post=8098"}],"curies":[{"name":"wp","href":"https:\/\/api.w.org\/{rel}","templated":true}]}}