{"id":8062,"date":"2020-09-08T12:23:47","date_gmt":"2020-09-08T12:23:47","guid":{"rendered":"https:\/\/aehm.es\/?p=8062"},"modified":"2020-09-08T12:23:47","modified_gmt":"2020-09-08T12:23:47","slug":"wttc-visita-madrid-con-aehm","status":"publish","type":"post","link":"https:\/\/aehm.es\/en\/wttc-visita-madrid-con-aehm\/","title":{"rendered":"WTTC visita Madrid de la mano de AEHM para identificar estrategias que fomenten la imagen internacional de la capital"},"content":{"rendered":"<p>El <strong>presidente de la Asociaci\u00f3n Empresarial Hotelera de Madrid, Gabriel Garc\u00eda Alonso<\/strong>, y la <strong>secretaria general, Mar de Miguel<\/strong>, han mantenido un encuentro con la <strong>vicepresidenta del World Travel &amp; Tourism Council (WTTC), Maribel Rodr\u00edguez<\/strong>, y el <strong>presidente del Consejo Nacional Empresarial Tur\u00edstico de M\u00e9xico (CNET)<\/strong> y <strong>miembro de WTTC, Braulio Arsuaga<\/strong>.<\/p>\n<p>De ese modo, los principales portavoces de la Asociaci\u00f3n han tenido la oportunidad de explicar de manera detallada c\u00f3mo se ha estructurado y coordinado el trabajo realizado junto con otras entidades para poner en marcha medidas en \u00e1mbitos como el transporte, la restauraci\u00f3n, los museos, el comercio o la propia hoteler\u00eda, que han logrado convertir Madrid en un destino seguro para sus visitantes. De hecho la capital espa\u00f1ola fue una de las primeras capitales europeas en obtener el reconocimiento por el Consejo Mundial de Viajes y Turismo.<\/p>\n<p>Para Garc\u00eda Alonso este encuentro supone \u201cuna oportunidad muy interesante para poner en valor el trabajo que hemos realizado, no s\u00f3lo en la hoteler\u00eda madrile\u00f1a, si no tambi\u00e9n en otros sectores que, junto con nosotros, construyen destino como la hosteler\u00eda, la oferta cultural y muse\u00edstica, las tiendas o nuestra red de transporte, para desarrollar toda una serie de medidas que pueden hacer de Madrid un referente a nivel global\u201d.<\/p>\n<p>Adem\u00e1s, Rodriguez y Arsuaga han visitado, junto con los responsables de la AEHM, <strong>algunos de los establecimientos asociados donde han podido conocer varios de los ejemplos que tiene la ciudad de establecimientos que han puesto en marcha distintas medidas de seguridad para trabajadores y clientes.<\/strong><\/p>\n<p>La vicepresidenta del WTTC se ha comprometido a hacer llegar, a trav\u00e9s de dicho organismo, las buenas pr\u00e1cticas madrile\u00f1as a nivel internacional para que sean tomadas como referencia as\u00ed como ha compartido los objetivos del consejo para ayudar al sector privado.<\/p>\n<p>La participaci\u00f3n del <strong>World Travel &amp; Tourism Council<\/strong> en este encuentro es de especial importancia, ya que <strong>representa a nivel global al sector privado de la industria del viaje<\/strong>. <strong>La misi\u00f3n principal de este organismo es lograr un turismo fiable, seguro, inclusivo y sostenible.<\/strong> Adem\u00e1s, trabaja para poner en valor el trabajo de la industria, no solo como uno de los grandes motores econ\u00f3micos a nivel mundial, sino como generador de riqueza a traves de las experiencias de los viajeros y la poblaci\u00f3n de los destinos que los acogen.<\/p>\n<figure id=\"attachment_8063\" aria-describedby=\"caption-attachment-8063\" style=\"width: 1024px\" class=\"wp-caption alignleft\"><img fetchpriority=\"high\" decoding=\"async\" class=\"wp-image-8063 size-full\" src=\"https:\/\/aehm.es\/wp-content\/uploads\/2020\/09\/Foto-familia-WTTC-y-AEHM.jpg\" alt=\"\" width=\"1024\" height=\"768\" \/><figcaption id=\"caption-attachment-8063\" class=\"wp-caption-text\">De izquierda a derecha: Gabriel Garc\u00eda Alonso, presidente de AEHM; Maribel Rodr\u00edguez, vicepresidenta del WTTC; Mar de Miguel, secretaria general de AEHM; y Braulio Arsuaga, presidente del CNET y miembro de WTTC.<\/figcaption><\/figure>\n<p>En este sentido, <strong>Maribel Rodr\u00edguez<\/strong> ha comentado que \u201cWTTC considera que el principal reto en este momento es por un lado recobrar la confianza de los viajeros y por otro eliminar las barreras para viajar regional e internacionalmente\u201d. \u00a0Adem\u00e1s, ha a\u00f1adido que \u201ces fundamental que haya una coordinaci\u00f3n internacional en los siguientes puntos; adopci\u00f3n de protocolos estandarizados para\u00a0 proteger la salud de los visitantes y de los empleados, coordinaci\u00f3n internacional para reemplazar las cuarentenas de una manera m\u00e1s efectiva y selectiva, homogeneizaci\u00f3n en el uso de test r\u00e1pidos, fiables, econ\u00f3micos y seguros a la salida del viaje y uso obligatorio de la mascarilla. \u201c Es el momento de pasar a la acci\u00f3n y que las autoridades y empresarios trabajemos unidos en favor del turismo, actividad que presenta el 10,3% del PIB global y el 1 de cada 10 empleos en el planeta\u201d, ha concluido.<\/p>\n<p>Por su parte <strong>Arsuaga, como presidente de CNET<\/strong>, la organizaci\u00f3n nacional de turismo mexicana conformada por empresarios, c\u00e1maras de comercio y asociaciones vinculadas al sector tur\u00edstico, <strong>tambi\u00e9n compartir\u00e1 con sus compatriotas los avances que se han producido en Madrid para hacer frente a los efectos del Covid-19<\/strong>.<\/p>\n<p>Arsuaga afirmaba tras el encuentro \u201ccreemos que es de vital importancia este tipo de reuniones que refuerzan los lazos que tenemos con el sector tur\u00edstico y hotelero de Espa\u00f1a, y en particular poder intercambiar con \u00e9ste las mejores pr\u00e1cticas en cuanto a protocolos internacionales que en materia de higiene y sanidad se han implementado en ambos pa\u00edses, con el fin de garantizar al viajero su seguridad y experiencia desde que sale de su casa, hasta que llega a su destino\u201d.<\/p>\n<p>Para finalizar, <strong>tanto los representantes de la AEHM, como de WTTC y de CNTE compartieron sus preocupaciones e impresiones sobre el presente y el futuro del sector tur\u00edstico e intercambiaron ideas para reactivar una de las industrias m\u00e1s afectadas por la crisis.<\/strong> Todos ellos coincidieron en la <strong>importancia de la prudencia, de la responsabilidad y de la colaboraci\u00f3n entre instituciones y empresas para devolver al sector el papel fundamental que siempre ha tenido en el desarrollo econ\u00f3mico de los pa\u00edses.<\/strong><\/p>\n","protected":false},"excerpt":{"rendered":"<p>El presidente de la Asociaci\u00f3n Empresarial Hotelera de Madrid, Gabriel Garc\u00eda Alonso, y la secretaria general, Mar de Miguel, han mantenido un encuentro con la vicepresidenta del World Travel &amp; Tourism Council (WTTC), Maribel Rodr\u00edguez, y el presidente del Consejo Nacional Empresarial Tur\u00edstico de M\u00e9xico (CNET) y miembro de WTTC, Braulio Arsuaga. De ese modo, [&hellip;]<\/p>\n","protected":false},"author":1,"featured_media":2115,"comment_status":"closed","ping_status":"open","sticky":false,"template":"","format":"standard","meta":{"footnotes":""},"categories":[1],"tags":[],"class_list":["post-8062","post","type-post","status-publish","format-standard","has-post-thumbnail","hentry","category-actualidad-aehm"],"yoast_head":"<!-- This site is optimized with the Yoast SEO plugin v27.5 - https:\/\/yoast.com\/product\/yoast-seo-wordpress\/ -->\n<title>WTTC visita Madrid de la mano de AEHM para identificar estrategias que fomenten la imagen internacional de la capital - AEHM<\/title>\n<meta name=\"robots\" content=\"index, follow, max-snippet:-1, max-image-preview:large, max-video-preview:-1\" \/>\n<link rel=\"canonical\" href=\"https:\/\/aehm.es\/wttc-visita-madrid-con-aehm\/\" \/>\n<meta property=\"og:locale\" content=\"en_US\" \/>\n<meta property=\"og:type\" content=\"article\" \/>\n<meta property=\"og:title\" content=\"WTTC visita Madrid con AEHM para identificar estrategias que fomenten la imagen internacional de la capital\" \/>\n<meta property=\"og:description\" content=\"La vicepresidenta senior del World Travel &amp; Tourism Council y el presidente del Consejo Nacional Empresarial Tur\u00edstico de M\u00e9xico visitaron Madrid acompa\u00f1ados por el presidente y la secretaria general de la Asociaci\u00f3n Empresarial Hotelera de Madrid.\" \/>\n<meta property=\"og:url\" content=\"https:\/\/aehm.es\/wttc-visita-madrid-con-aehm\/\" \/>\n<meta property=\"og:site_name\" content=\"AEHM\" \/>\n<meta property=\"article:publisher\" content=\"https:\/\/www.instagram.com\/hotelesdemadrid\/\" \/>\n<meta property=\"article:published_time\" content=\"2020-09-08T12:23:47+00:00\" \/>\n<meta property=\"og:image\" content=\"https:\/\/aehm.es\/wp-content\/uploads\/2020\/09\/Foto-familia-WTTC-y-AEHM-1.jpg\" \/>\n\t<meta property=\"og:image:width\" content=\"1024\" \/>\n\t<meta property=\"og:image:height\" content=\"768\" \/>\n\t<meta property=\"og:image:type\" content=\"image\/jpeg\" \/>\n<meta name=\"author\" content=\"richard\" \/>\n<meta name=\"twitter:card\" content=\"summary_large_image\" \/>\n<meta name=\"twitter:title\" content=\"WTTC visita Madrid con AEHM para identificar estrategias que fomenten la imagen internacional de la capital\" \/>\n<meta name=\"twitter:description\" content=\"La vicepresidenta senior del World Travel &amp; Tourism Council y el presidente del Consejo Nacional Empresarial Tur\u00edstico de M\u00e9xico visitaron Madrid acompa\u00f1ados por el presidente y la secretaria general de la Asociaci\u00f3n Empresarial Hotelera de Madrid.\" \/>\n<meta name=\"twitter:image\" content=\"https:\/\/aehm.es\/wp-content\/uploads\/2020\/09\/Foto-familia-WTTC-y-AEHM-1.jpg\" \/>\n<meta name=\"twitter:creator\" content=\"@HotelesAEHM\" \/>\n<meta name=\"twitter:site\" content=\"@HotelesAEHM\" \/>\n<meta name=\"twitter:label1\" content=\"Written by\" \/>\n\t<meta name=\"twitter:data1\" content=\"richard\" \/>\n\t<meta name=\"twitter:label2\" content=\"Est. reading time\" \/>\n\t<meta name=\"twitter:data2\" content=\"4 minutes\" \/>\n<script type=\"application\/ld+json\" class=\"yoast-schema-graph\">{\"@context\":\"https:\\\/\\\/schema.org\",\"@graph\":[{\"@type\":\"Article\",\"@id\":\"https:\\\/\\\/aehm.es\\\/wttc-visita-madrid-con-aehm\\\/#article\",\"isPartOf\":{\"@id\":\"https:\\\/\\\/aehm.es\\\/wttc-visita-madrid-con-aehm\\\/\"},\"author\":{\"name\":\"richard\",\"@id\":\"https:\\\/\\\/aehm.es\\\/#\\\/schema\\\/person\\\/ca1397f4b0bcee246b58a0278b67a95f\"},\"headline\":\"WTTC visita Madrid de la mano de AEHM para identificar estrategias que fomenten la imagen internacional de la capital\",\"datePublished\":\"2020-09-08T12:23:47+00:00\",\"mainEntityOfPage\":{\"@id\":\"https:\\\/\\\/aehm.es\\\/wttc-visita-madrid-con-aehm\\\/\"},\"wordCount\":840,\"publisher\":{\"@id\":\"https:\\\/\\\/aehm.es\\\/#organization\"},\"image\":{\"@id\":\"https:\\\/\\\/aehm.es\\\/wttc-visita-madrid-con-aehm\\\/#primaryimage\"},\"thumbnailUrl\":\"https:\\\/\\\/aehm.es\\\/wp-content\\\/uploads\\\/2017\\\/06\\\/Palacio-Real-y-Almudena-1.jpg\",\"articleSection\":[\"Actualidad AEHM\"],\"inLanguage\":\"en-US\"},{\"@type\":\"WebPage\",\"@id\":\"https:\\\/\\\/aehm.es\\\/wttc-visita-madrid-con-aehm\\\/\",\"url\":\"https:\\\/\\\/aehm.es\\\/wttc-visita-madrid-con-aehm\\\/\",\"name\":\"WTTC visita Madrid de la mano de AEHM para identificar estrategias que fomenten la imagen internacional de la capital - AEHM\",\"isPartOf\":{\"@id\":\"https:\\\/\\\/aehm.es\\\/#website\"},\"primaryImageOfPage\":{\"@id\":\"https:\\\/\\\/aehm.es\\\/wttc-visita-madrid-con-aehm\\\/#primaryimage\"},\"image\":{\"@id\":\"https:\\\/\\\/aehm.es\\\/wttc-visita-madrid-con-aehm\\\/#primaryimage\"},\"thumbnailUrl\":\"https:\\\/\\\/aehm.es\\\/wp-content\\\/uploads\\\/2017\\\/06\\\/Palacio-Real-y-Almudena-1.jpg\",\"datePublished\":\"2020-09-08T12:23:47+00:00\",\"breadcrumb\":{\"@id\":\"https:\\\/\\\/aehm.es\\\/wttc-visita-madrid-con-aehm\\\/#breadcrumb\"},\"inLanguage\":\"en-US\",\"potentialAction\":[{\"@type\":\"ReadAction\",\"target\":[\"https:\\\/\\\/aehm.es\\\/wttc-visita-madrid-con-aehm\\\/\"]}]},{\"@type\":\"ImageObject\",\"inLanguage\":\"en-US\",\"@id\":\"https:\\\/\\\/aehm.es\\\/wttc-visita-madrid-con-aehm\\\/#primaryimage\",\"url\":\"https:\\\/\\\/aehm.es\\\/wp-content\\\/uploads\\\/2017\\\/06\\\/Palacio-Real-y-Almudena-1.jpg\",\"contentUrl\":\"https:\\\/\\\/aehm.es\\\/wp-content\\\/uploads\\\/2017\\\/06\\\/Palacio-Real-y-Almudena-1.jpg\",\"width\":2458,\"height\":1505,\"caption\":\"Madrid, Almudena Cathedral, Spain\"},{\"@type\":\"BreadcrumbList\",\"@id\":\"https:\\\/\\\/aehm.es\\\/wttc-visita-madrid-con-aehm\\\/#breadcrumb\",\"itemListElement\":[{\"@type\":\"ListItem\",\"position\":1,\"name\":\"Portada\",\"item\":\"https:\\\/\\\/aehm.es\\\/en\\\/\"},{\"@type\":\"ListItem\",\"position\":2,\"name\":\"WTTC visita Madrid de la mano de AEHM para identificar estrategias que fomenten la imagen internacional de la capital\"}]},{\"@type\":\"WebSite\",\"@id\":\"https:\\\/\\\/aehm.es\\\/#website\",\"url\":\"https:\\\/\\\/aehm.es\\\/\",\"name\":\"Asociaci\u00f3n Empresarial Hotelera de Madrid\",\"description\":\"La Asociaci\u00f3n Empresarial Hotelera Madrid est\u00e1 formada por m\u00e1s de 300 establecimientos de todas las categor\u00edas y tipolog\u00edas (hoteles, hostales, hostels, apartamentos\u2026) que suman m\u00e1s de 75.000 plazas de alojamiento.\",\"publisher\":{\"@id\":\"https:\\\/\\\/aehm.es\\\/#organization\"},\"alternateName\":\"AEHM\",\"potentialAction\":[{\"@type\":\"SearchAction\",\"target\":{\"@type\":\"EntryPoint\",\"urlTemplate\":\"https:\\\/\\\/aehm.es\\\/?s={search_term_string}\"},\"query-input\":{\"@type\":\"PropertyValueSpecification\",\"valueRequired\":true,\"valueName\":\"search_term_string\"}}],\"inLanguage\":\"en-US\"},{\"@type\":\"Organization\",\"@id\":\"https:\\\/\\\/aehm.es\\\/#organization\",\"name\":\"Asociaci\u00f3n Empresarial Hotelera de Madrid\",\"url\":\"https:\\\/\\\/aehm.es\\\/\",\"logo\":{\"@type\":\"ImageObject\",\"inLanguage\":\"en-US\",\"@id\":\"https:\\\/\\\/aehm.es\\\/#\\\/schema\\\/logo\\\/image\\\/\",\"url\":\"https:\\\/\\\/aehm.es\\\/wp-content\\\/uploads\\\/2021\\\/11\\\/Logo_AEHM_Horiz.png\",\"contentUrl\":\"https:\\\/\\\/aehm.es\\\/wp-content\\\/uploads\\\/2021\\\/11\\\/Logo_AEHM_Horiz.png\",\"width\":600,\"height\":182,\"caption\":\"Asociaci\u00f3n Empresarial Hotelera de Madrid\"},\"image\":{\"@id\":\"https:\\\/\\\/aehm.es\\\/#\\\/schema\\\/logo\\\/image\\\/\"},\"sameAs\":[\"https:\\\/\\\/www.instagram.com\\\/hotelesdemadrid\\\/\",\"https:\\\/\\\/x.com\\\/HotelesAEHM\",\"https:\\\/\\\/www.linkedin.com\\\/company\\\/11166072\\\/\"]},{\"@type\":\"Person\",\"@id\":\"https:\\\/\\\/aehm.es\\\/#\\\/schema\\\/person\\\/ca1397f4b0bcee246b58a0278b67a95f\",\"name\":\"richard\",\"image\":{\"@type\":\"ImageObject\",\"inLanguage\":\"en-US\",\"@id\":\"https:\\\/\\\/secure.gravatar.com\\\/avatar\\\/dd2486a811ecc34bf766b7d8b17d0ea76674186c415867af39660e429e20e1a0?s=96&d=mm&r=g\",\"url\":\"https:\\\/\\\/secure.gravatar.com\\\/avatar\\\/dd2486a811ecc34bf766b7d8b17d0ea76674186c415867af39660e429e20e1a0?s=96&d=mm&r=g\",\"contentUrl\":\"https:\\\/\\\/secure.gravatar.com\\\/avatar\\\/dd2486a811ecc34bf766b7d8b17d0ea76674186c415867af39660e429e20e1a0?s=96&d=mm&r=g\",\"caption\":\"richard\"},\"url\":\"https:\\\/\\\/aehm.es\\\/en\\\/author\\\/richard\\\/\"}]}<\/script>\n<!-- \/ Yoast SEO plugin. -->","yoast_head_json":{"title":"WTTC visita Madrid de la mano de AEHM para identificar estrategias que fomenten la imagen internacional de la capital - AEHM","robots":{"index":"index","follow":"follow","max-snippet":"max-snippet:-1","max-image-preview":"max-image-preview:large","max-video-preview":"max-video-preview:-1"},"canonical":"https:\/\/aehm.es\/wttc-visita-madrid-con-aehm\/","og_locale":"en_US","og_type":"article","og_title":"WTTC visita Madrid con AEHM para identificar estrategias que fomenten la imagen internacional de la capital","og_description":"La vicepresidenta senior del World Travel & Tourism Council y el presidente del Consejo Nacional Empresarial Tur\u00edstico de M\u00e9xico visitaron Madrid acompa\u00f1ados por el presidente y la secretaria general de la Asociaci\u00f3n Empresarial Hotelera de Madrid.","og_url":"https:\/\/aehm.es\/wttc-visita-madrid-con-aehm\/","og_site_name":"AEHM","article_publisher":"https:\/\/www.instagram.com\/hotelesdemadrid\/","article_published_time":"2020-09-08T12:23:47+00:00","og_image":[{"width":1024,"height":768,"url":"https:\/\/aehm.es\/wp-content\/uploads\/2020\/09\/Foto-familia-WTTC-y-AEHM-1.jpg","type":"image\/jpeg"}],"author":"richard","twitter_card":"summary_large_image","twitter_title":"WTTC visita Madrid con AEHM para identificar estrategias que fomenten la imagen internacional de la capital","twitter_description":"La vicepresidenta senior del World Travel & Tourism Council y el presidente del Consejo Nacional Empresarial Tur\u00edstico de M\u00e9xico visitaron Madrid acompa\u00f1ados por el presidente y la secretaria general de la Asociaci\u00f3n Empresarial Hotelera de Madrid.","twitter_image":"https:\/\/aehm.es\/wp-content\/uploads\/2020\/09\/Foto-familia-WTTC-y-AEHM-1.jpg","twitter_creator":"@HotelesAEHM","twitter_site":"@HotelesAEHM","twitter_misc":{"Written by":"richard","Est. reading time":"4 minutes"},"schema":{"@context":"https:\/\/schema.org","@graph":[{"@type":"Article","@id":"https:\/\/aehm.es\/wttc-visita-madrid-con-aehm\/#article","isPartOf":{"@id":"https:\/\/aehm.es\/wttc-visita-madrid-con-aehm\/"},"author":{"name":"richard","@id":"https:\/\/aehm.es\/#\/schema\/person\/ca1397f4b0bcee246b58a0278b67a95f"},"headline":"WTTC visita Madrid de la mano de AEHM para identificar estrategias que fomenten la imagen internacional de la capital","datePublished":"2020-09-08T12:23:47+00:00","mainEntityOfPage":{"@id":"https:\/\/aehm.es\/wttc-visita-madrid-con-aehm\/"},"wordCount":840,"publisher":{"@id":"https:\/\/aehm.es\/#organization"},"image":{"@id":"https:\/\/aehm.es\/wttc-visita-madrid-con-aehm\/#primaryimage"},"thumbnailUrl":"https:\/\/aehm.es\/wp-content\/uploads\/2017\/06\/Palacio-Real-y-Almudena-1.jpg","articleSection":["Actualidad AEHM"],"inLanguage":"en-US"},{"@type":"WebPage","@id":"https:\/\/aehm.es\/wttc-visita-madrid-con-aehm\/","url":"https:\/\/aehm.es\/wttc-visita-madrid-con-aehm\/","name":"WTTC visita Madrid de la mano de AEHM para identificar estrategias que fomenten la imagen internacional de la capital - AEHM","isPartOf":{"@id":"https:\/\/aehm.es\/#website"},"primaryImageOfPage":{"@id":"https:\/\/aehm.es\/wttc-visita-madrid-con-aehm\/#primaryimage"},"image":{"@id":"https:\/\/aehm.es\/wttc-visita-madrid-con-aehm\/#primaryimage"},"thumbnailUrl":"https:\/\/aehm.es\/wp-content\/uploads\/2017\/06\/Palacio-Real-y-Almudena-1.jpg","datePublished":"2020-09-08T12:23:47+00:00","breadcrumb":{"@id":"https:\/\/aehm.es\/wttc-visita-madrid-con-aehm\/#breadcrumb"},"inLanguage":"en-US","potentialAction":[{"@type":"ReadAction","target":["https:\/\/aehm.es\/wttc-visita-madrid-con-aehm\/"]}]},{"@type":"ImageObject","inLanguage":"en-US","@id":"https:\/\/aehm.es\/wttc-visita-madrid-con-aehm\/#primaryimage","url":"https:\/\/aehm.es\/wp-content\/uploads\/2017\/06\/Palacio-Real-y-Almudena-1.jpg","contentUrl":"https:\/\/aehm.es\/wp-content\/uploads\/2017\/06\/Palacio-Real-y-Almudena-1.jpg","width":2458,"height":1505,"caption":"Madrid, Almudena Cathedral, Spain"},{"@type":"BreadcrumbList","@id":"https:\/\/aehm.es\/wttc-visita-madrid-con-aehm\/#breadcrumb","itemListElement":[{"@type":"ListItem","position":1,"name":"Portada","item":"https:\/\/aehm.es\/en\/"},{"@type":"ListItem","position":2,"name":"WTTC visita Madrid de la mano de AEHM para identificar estrategias que fomenten la imagen internacional de la capital"}]},{"@type":"WebSite","@id":"https:\/\/aehm.es\/#website","url":"https:\/\/aehm.es\/","name":"Asociaci\u00f3n Empresarial Hotelera de Madrid","description":"La Asociaci\u00f3n Empresarial Hotelera Madrid est\u00e1 formada por m\u00e1s de 300 establecimientos de todas las categor\u00edas y tipolog\u00edas (hoteles, hostales, hostels, apartamentos\u2026) que suman m\u00e1s de 75.000 plazas de alojamiento.","publisher":{"@id":"https:\/\/aehm.es\/#organization"},"alternateName":"AEHM","potentialAction":[{"@type":"SearchAction","target":{"@type":"EntryPoint","urlTemplate":"https:\/\/aehm.es\/?s={search_term_string}"},"query-input":{"@type":"PropertyValueSpecification","valueRequired":true,"valueName":"search_term_string"}}],"inLanguage":"en-US"},{"@type":"Organization","@id":"https:\/\/aehm.es\/#organization","name":"Asociaci\u00f3n Empresarial Hotelera de Madrid","url":"https:\/\/aehm.es\/","logo":{"@type":"ImageObject","inLanguage":"en-US","@id":"https:\/\/aehm.es\/#\/schema\/logo\/image\/","url":"https:\/\/aehm.es\/wp-content\/uploads\/2021\/11\/Logo_AEHM_Horiz.png","contentUrl":"https:\/\/aehm.es\/wp-content\/uploads\/2021\/11\/Logo_AEHM_Horiz.png","width":600,"height":182,"caption":"Asociaci\u00f3n Empresarial Hotelera de Madrid"},"image":{"@id":"https:\/\/aehm.es\/#\/schema\/logo\/image\/"},"sameAs":["https:\/\/www.instagram.com\/hotelesdemadrid\/","https:\/\/x.com\/HotelesAEHM","https:\/\/www.linkedin.com\/company\/11166072\/"]},{"@type":"Person","@id":"https:\/\/aehm.es\/#\/schema\/person\/ca1397f4b0bcee246b58a0278b67a95f","name":"richard","image":{"@type":"ImageObject","inLanguage":"en-US","@id":"https:\/\/secure.gravatar.com\/avatar\/dd2486a811ecc34bf766b7d8b17d0ea76674186c415867af39660e429e20e1a0?s=96&d=mm&r=g","url":"https:\/\/secure.gravatar.com\/avatar\/dd2486a811ecc34bf766b7d8b17d0ea76674186c415867af39660e429e20e1a0?s=96&d=mm&r=g","contentUrl":"https:\/\/secure.gravatar.com\/avatar\/dd2486a811ecc34bf766b7d8b17d0ea76674186c415867af39660e429e20e1a0?s=96&d=mm&r=g","caption":"richard"},"url":"https:\/\/aehm.es\/en\/author\/richard\/"}]}},"_links":{"self":[{"href":"https:\/\/aehm.es\/en\/wp-json\/wp\/v2\/posts\/8062","targetHints":{"allow":["GET"]}}],"collection":[{"href":"https:\/\/aehm.es\/en\/wp-json\/wp\/v2\/posts"}],"about":[{"href":"https:\/\/aehm.es\/en\/wp-json\/wp\/v2\/types\/post"}],"author":[{"embeddable":true,"href":"https:\/\/aehm.es\/en\/wp-json\/wp\/v2\/users\/1"}],"replies":[{"embeddable":true,"href":"https:\/\/aehm.es\/en\/wp-json\/wp\/v2\/comments?post=8062"}],"version-history":[{"count":0,"href":"https:\/\/aehm.es\/en\/wp-json\/wp\/v2\/posts\/8062\/revisions"}],"wp:featuredmedia":[{"embeddable":true,"href":"https:\/\/aehm.es\/en\/wp-json\/wp\/v2\/media\/2115"}],"wp:attachment":[{"href":"https:\/\/aehm.es\/en\/wp-json\/wp\/v2\/media?parent=8062"}],"wp:term":[{"taxonomy":"category","embeddable":true,"href":"https:\/\/aehm.es\/en\/wp-json\/wp\/v2\/categories?post=8062"},{"taxonomy":"post_tag","embeddable":true,"href":"https:\/\/aehm.es\/en\/wp-json\/wp\/v2\/tags?post=8062"}],"curies":[{"name":"wp","href":"https:\/\/api.w.org\/{rel}","templated":true}]}}