{"id":7932,"date":"2020-07-31T08:33:32","date_gmt":"2020-07-31T08:33:32","guid":{"rendered":"https:\/\/aehm.es\/?p=7932"},"modified":"2020-07-31T08:33:32","modified_gmt":"2020-07-31T08:33:32","slug":"informamos-ante-las-dudas-suscitadas-por-las-nuevas-medidas-preventivas-sanitarias-de-la-cam","status":"publish","type":"post","link":"https:\/\/aehm.es\/en\/informamos-ante-las-dudas-suscitadas-por-las-nuevas-medidas-preventivas-sanitarias-de-la-cam\/","title":{"rendered":"Los hoteleros madrile\u00f1os informamos ante las dudas suscitadas por las nuevas medidas preventivas sanitarias de la CAM"},"content":{"rendered":"<p><em>Madrid, 31 de julio de 2020. <\/em>Tras algunas <strong>dudas suscitadas en el sector hotelero ante las nuevas medidas de prevenci\u00f3n sanitaria<\/strong> aprobadas por la Comunidad de Madrid, desde la<strong> Asociaci\u00f3n Empresarial Hotelera de Madrid<\/strong> (AEHM) procedemos a la resoluci\u00f3n de las mismas.<\/p>\n<p>Para ello, y bajo el asesoramiento del <strong>despacho de Abogados Tourism&amp;Law<\/strong>, nos hemos puesto en contacto con la <strong>Consejer\u00eda de Sanidad<\/strong> con el fin trasladar todas aquellas consultas en torno a la diferente <strong>casu\u00edstica que puede darse en un establecimiento hotelero cumpliendo con la ORDEN 920\/2020 de julio<\/strong>.<\/p>\n<p>Dicho lo cual, y valorando que esta nueva normativa atiende a la necesidad de velar por la salud p\u00fablica de todas las personas y evitar la propagaci\u00f3n del virus, desde la AEHM queremos destacar la <strong>importancia del cumplimiento de esta<\/strong>, evitando cualquier interpretaci\u00f3n alejada de la realidad.<\/p>\n<blockquote><p>Desde la AEHM queremos destacar la importancia del cumplimiento de esta, evitando cualquier interpretaci\u00f3n alejada de la realidad<\/p><\/blockquote>\n<p>Por ello, sentimos la necesidad de aclarar los puntos m\u00e1s importantes recogidos en la ORDEN 920\/2020 de julio referentes al sector:<\/p>\n<p>I.- En referencia a la <strong>posibilidad de realizaci\u00f3n de celebraciones tales como bodas, banquetes, comuniones, congresos u otros eventos<\/strong>:<\/p>\n<ul>\n<li>Podr\u00e1n realizarse eventos en los salones de los establecimientos hoteleros, siempre que se respete el aforo m\u00e1ximo del 75% del mismo.<\/li>\n<li>El consumo en el interior del local podr\u00e1 realizarse en barra siempre que se respete la distancia de seguridad de al menos 1.5 m entre clientes.<\/li>\n<li>La ocupaci\u00f3n en mesas podr\u00e1 realizarse siempre que las mismas no sean ocupadas por m\u00e1s de 10 personas.<\/li>\n<li>La barra libre podr\u00e1 llevarse a cabo teniendo en cuenta las medidas de distanciamiento de 1.5 m entre clientes.<\/li>\n<li>Respecto a las terrazas, el aforo ser\u00e1 del 100% de las mesas permitidas en el a\u00f1o inmediatamente anterior en base a la licencia municipal o autorizaci\u00f3n para a\u00f1o 2020, teniendo en cuenta la distancia entre clientes de 1.5 m y la ocupaci\u00f3n m\u00e1xima por mesas de 10 personas.<\/li>\n<\/ul>\n<p>II.- <strong>En referencia a la solicitud de datos personales a clientes<\/strong>:<\/p>\n<ul>\n<li>Ante eventos con agrupaci\u00f3n de personas en los salones de los hoteles, se deber\u00e1 a cabo llevar un registro que recoja la fecha y datos del cliente a fin para facilitar su localizaci\u00f3n en caso haber estado en contacto con casos positivos descubiertos posteriormente.<\/li>\n<li>Estos datos deber\u00e1 realizarse con el consentimiento de los interesados y en el caso de no ser aceptado dicho consentimiento, el establecimiento podr\u00e1 condicionar la entrada al derecho de admisi\u00f3n.<\/li>\n<li>Los datos recogidos a las clientes deber\u00e1n conservarse por un periodo de 28 d\u00edas naturales, respetando lo establecido en la legislaci\u00f3n vigente en materia de protecci\u00f3n de datos y quedando a disposici\u00f3n de las autoridades sanitarias a fin de facilitar el seguimiento de posibles contagios.<\/li>\n<\/ul>\n","protected":false},"excerpt":{"rendered":"<p>Madrid, 31 de julio de 2020. Tras algunas dudas suscitadas en el sector hotelero ante las nuevas medidas de prevenci\u00f3n sanitaria aprobadas por la Comunidad de Madrid, desde la Asociaci\u00f3n Empresarial Hotelera de Madrid (AEHM) procedemos a la resoluci\u00f3n de las mismas. Para ello, y bajo el asesoramiento del despacho de Abogados Tourism&amp;Law, nos hemos [&hellip;]<\/p>\n","protected":false},"author":1,"featured_media":6784,"comment_status":"closed","ping_status":"open","sticky":false,"template":"","format":"standard","meta":{"footnotes":""},"categories":[1],"tags":[],"class_list":["post-7932","post","type-post","status-publish","format-standard","has-post-thumbnail","hentry","category-actualidad-aehm"],"yoast_head":"<!-- This site is optimized with the Yoast SEO plugin v27.5 - https:\/\/yoast.com\/product\/yoast-seo-wordpress\/ -->\n<title>Los hoteleros madrile\u00f1os informamos ante las dudas suscitadas por las nuevas medidas preventivas sanitarias de la CAM - AEHM<\/title>\n<meta name=\"description\" content=\"Desde la AEHM queremos destacar la importancia del cumplimiento de esta, evitando cualquier interpretaci\u00f3n alejada de la realidad.\" \/>\n<meta name=\"robots\" content=\"index, follow, max-snippet:-1, max-image-preview:large, max-video-preview:-1\" \/>\n<link rel=\"canonical\" href=\"https:\/\/aehm.es\/informamos-ante-las-dudas-suscitadas-por-las-nuevas-medidas-preventivas-sanitarias-de-la-cam\/\" \/>\n<meta property=\"og:locale\" content=\"en_US\" \/>\n<meta property=\"og:type\" content=\"article\" \/>\n<meta property=\"og:title\" content=\"Los hoteleros madrile\u00f1os informamos ante las dudas suscitadas por las nuevas medidas preventivas sanitarias de la CAM - AEHM\" \/>\n<meta property=\"og:description\" content=\"Desde la AEHM queremos destacar la importancia del cumplimiento de esta, evitando cualquier interpretaci\u00f3n alejada de la realidad.\" \/>\n<meta property=\"og:url\" content=\"https:\/\/aehm.es\/informamos-ante-las-dudas-suscitadas-por-las-nuevas-medidas-preventivas-sanitarias-de-la-cam\/\" \/>\n<meta property=\"og:site_name\" content=\"AEHM\" \/>\n<meta property=\"article:publisher\" content=\"https:\/\/www.instagram.com\/hotelesdemadrid\/\" \/>\n<meta property=\"article:published_time\" content=\"2020-07-31T08:33:32+00:00\" \/>\n<meta property=\"og:image\" content=\"https:\/\/aehm.es\/wp-content\/uploads\/2020\/03\/1280px-Vista_lateral_de_la_Puerta_del_Sol_de_Madrid-1.jpg\" \/>\n\t<meta property=\"og:image:width\" content=\"1268\" \/>\n\t<meta property=\"og:image:height\" content=\"823\" \/>\n\t<meta property=\"og:image:type\" content=\"image\/jpeg\" \/>\n<meta name=\"author\" content=\"richard\" \/>\n<meta name=\"twitter:card\" content=\"summary_large_image\" \/>\n<meta name=\"twitter:creator\" content=\"@HotelesAEHM\" \/>\n<meta name=\"twitter:site\" content=\"@HotelesAEHM\" \/>\n<meta name=\"twitter:label1\" content=\"Written by\" \/>\n\t<meta name=\"twitter:data1\" content=\"richard\" \/>\n\t<meta name=\"twitter:label2\" content=\"Est. reading time\" \/>\n\t<meta name=\"twitter:data2\" content=\"2 minutes\" \/>\n<script type=\"application\/ld+json\" class=\"yoast-schema-graph\">{\"@context\":\"https:\\\/\\\/schema.org\",\"@graph\":[{\"@type\":\"Article\",\"@id\":\"https:\\\/\\\/aehm.es\\\/informamos-ante-las-dudas-suscitadas-por-las-nuevas-medidas-preventivas-sanitarias-de-la-cam\\\/#article\",\"isPartOf\":{\"@id\":\"https:\\\/\\\/aehm.es\\\/informamos-ante-las-dudas-suscitadas-por-las-nuevas-medidas-preventivas-sanitarias-de-la-cam\\\/\"},\"author\":{\"name\":\"richard\",\"@id\":\"https:\\\/\\\/aehm.es\\\/#\\\/schema\\\/person\\\/ca1397f4b0bcee246b58a0278b67a95f\"},\"headline\":\"Los hoteleros madrile\u00f1os informamos ante las dudas suscitadas por las nuevas medidas preventivas sanitarias de la CAM\",\"datePublished\":\"2020-07-31T08:33:32+00:00\",\"mainEntityOfPage\":{\"@id\":\"https:\\\/\\\/aehm.es\\\/informamos-ante-las-dudas-suscitadas-por-las-nuevas-medidas-preventivas-sanitarias-de-la-cam\\\/\"},\"wordCount\":494,\"publisher\":{\"@id\":\"https:\\\/\\\/aehm.es\\\/#organization\"},\"image\":{\"@id\":\"https:\\\/\\\/aehm.es\\\/informamos-ante-las-dudas-suscitadas-por-las-nuevas-medidas-preventivas-sanitarias-de-la-cam\\\/#primaryimage\"},\"thumbnailUrl\":\"https:\\\/\\\/aehm.es\\\/wp-content\\\/uploads\\\/2020\\\/03\\\/1280px-Vista_lateral_de_la_Puerta_del_Sol_de_Madrid-1.jpg\",\"articleSection\":[\"Actualidad AEHM\"],\"inLanguage\":\"en-US\"},{\"@type\":\"WebPage\",\"@id\":\"https:\\\/\\\/aehm.es\\\/informamos-ante-las-dudas-suscitadas-por-las-nuevas-medidas-preventivas-sanitarias-de-la-cam\\\/\",\"url\":\"https:\\\/\\\/aehm.es\\\/informamos-ante-las-dudas-suscitadas-por-las-nuevas-medidas-preventivas-sanitarias-de-la-cam\\\/\",\"name\":\"Los hoteleros madrile\u00f1os informamos ante las dudas suscitadas por las nuevas medidas preventivas sanitarias de la CAM - AEHM\",\"isPartOf\":{\"@id\":\"https:\\\/\\\/aehm.es\\\/#website\"},\"primaryImageOfPage\":{\"@id\":\"https:\\\/\\\/aehm.es\\\/informamos-ante-las-dudas-suscitadas-por-las-nuevas-medidas-preventivas-sanitarias-de-la-cam\\\/#primaryimage\"},\"image\":{\"@id\":\"https:\\\/\\\/aehm.es\\\/informamos-ante-las-dudas-suscitadas-por-las-nuevas-medidas-preventivas-sanitarias-de-la-cam\\\/#primaryimage\"},\"thumbnailUrl\":\"https:\\\/\\\/aehm.es\\\/wp-content\\\/uploads\\\/2020\\\/03\\\/1280px-Vista_lateral_de_la_Puerta_del_Sol_de_Madrid-1.jpg\",\"datePublished\":\"2020-07-31T08:33:32+00:00\",\"description\":\"Desde la AEHM queremos destacar la importancia del cumplimiento de esta, evitando cualquier interpretaci\u00f3n alejada de la realidad.\",\"breadcrumb\":{\"@id\":\"https:\\\/\\\/aehm.es\\\/informamos-ante-las-dudas-suscitadas-por-las-nuevas-medidas-preventivas-sanitarias-de-la-cam\\\/#breadcrumb\"},\"inLanguage\":\"en-US\",\"potentialAction\":[{\"@type\":\"ReadAction\",\"target\":[\"https:\\\/\\\/aehm.es\\\/informamos-ante-las-dudas-suscitadas-por-las-nuevas-medidas-preventivas-sanitarias-de-la-cam\\\/\"]}]},{\"@type\":\"ImageObject\",\"inLanguage\":\"en-US\",\"@id\":\"https:\\\/\\\/aehm.es\\\/informamos-ante-las-dudas-suscitadas-por-las-nuevas-medidas-preventivas-sanitarias-de-la-cam\\\/#primaryimage\",\"url\":\"https:\\\/\\\/aehm.es\\\/wp-content\\\/uploads\\\/2020\\\/03\\\/1280px-Vista_lateral_de_la_Puerta_del_Sol_de_Madrid-1.jpg\",\"contentUrl\":\"https:\\\/\\\/aehm.es\\\/wp-content\\\/uploads\\\/2020\\\/03\\\/1280px-Vista_lateral_de_la_Puerta_del_Sol_de_Madrid-1.jpg\",\"width\":1268,\"height\":823,\"caption\":\"Imagen de la Puerta del Sol de Madrid desde la Calle Alcal\u00e1\"},{\"@type\":\"BreadcrumbList\",\"@id\":\"https:\\\/\\\/aehm.es\\\/informamos-ante-las-dudas-suscitadas-por-las-nuevas-medidas-preventivas-sanitarias-de-la-cam\\\/#breadcrumb\",\"itemListElement\":[{\"@type\":\"ListItem\",\"position\":1,\"name\":\"Portada\",\"item\":\"https:\\\/\\\/aehm.es\\\/en\\\/\"},{\"@type\":\"ListItem\",\"position\":2,\"name\":\"Los hoteleros madrile\u00f1os informamos ante las dudas suscitadas por las nuevas medidas preventivas sanitarias de la CAM\"}]},{\"@type\":\"WebSite\",\"@id\":\"https:\\\/\\\/aehm.es\\\/#website\",\"url\":\"https:\\\/\\\/aehm.es\\\/\",\"name\":\"Asociaci\u00f3n Empresarial Hotelera de Madrid\",\"description\":\"La Asociaci\u00f3n Empresarial Hotelera Madrid est\u00e1 formada por m\u00e1s de 300 establecimientos de todas las categor\u00edas y tipolog\u00edas (hoteles, hostales, hostels, apartamentos\u2026) que suman m\u00e1s de 75.000 plazas de alojamiento.\",\"publisher\":{\"@id\":\"https:\\\/\\\/aehm.es\\\/#organization\"},\"alternateName\":\"AEHM\",\"potentialAction\":[{\"@type\":\"SearchAction\",\"target\":{\"@type\":\"EntryPoint\",\"urlTemplate\":\"https:\\\/\\\/aehm.es\\\/?s={search_term_string}\"},\"query-input\":{\"@type\":\"PropertyValueSpecification\",\"valueRequired\":true,\"valueName\":\"search_term_string\"}}],\"inLanguage\":\"en-US\"},{\"@type\":\"Organization\",\"@id\":\"https:\\\/\\\/aehm.es\\\/#organization\",\"name\":\"Asociaci\u00f3n Empresarial Hotelera de Madrid\",\"url\":\"https:\\\/\\\/aehm.es\\\/\",\"logo\":{\"@type\":\"ImageObject\",\"inLanguage\":\"en-US\",\"@id\":\"https:\\\/\\\/aehm.es\\\/#\\\/schema\\\/logo\\\/image\\\/\",\"url\":\"https:\\\/\\\/aehm.es\\\/wp-content\\\/uploads\\\/2021\\\/11\\\/Logo_AEHM_Horiz.png\",\"contentUrl\":\"https:\\\/\\\/aehm.es\\\/wp-content\\\/uploads\\\/2021\\\/11\\\/Logo_AEHM_Horiz.png\",\"width\":600,\"height\":182,\"caption\":\"Asociaci\u00f3n Empresarial Hotelera de Madrid\"},\"image\":{\"@id\":\"https:\\\/\\\/aehm.es\\\/#\\\/schema\\\/logo\\\/image\\\/\"},\"sameAs\":[\"https:\\\/\\\/www.instagram.com\\\/hotelesdemadrid\\\/\",\"https:\\\/\\\/x.com\\\/HotelesAEHM\",\"https:\\\/\\\/www.linkedin.com\\\/company\\\/11166072\\\/\"]},{\"@type\":\"Person\",\"@id\":\"https:\\\/\\\/aehm.es\\\/#\\\/schema\\\/person\\\/ca1397f4b0bcee246b58a0278b67a95f\",\"name\":\"richard\",\"image\":{\"@type\":\"ImageObject\",\"inLanguage\":\"en-US\",\"@id\":\"https:\\\/\\\/secure.gravatar.com\\\/avatar\\\/dd2486a811ecc34bf766b7d8b17d0ea76674186c415867af39660e429e20e1a0?s=96&d=mm&r=g\",\"url\":\"https:\\\/\\\/secure.gravatar.com\\\/avatar\\\/dd2486a811ecc34bf766b7d8b17d0ea76674186c415867af39660e429e20e1a0?s=96&d=mm&r=g\",\"contentUrl\":\"https:\\\/\\\/secure.gravatar.com\\\/avatar\\\/dd2486a811ecc34bf766b7d8b17d0ea76674186c415867af39660e429e20e1a0?s=96&d=mm&r=g\",\"caption\":\"richard\"},\"url\":\"https:\\\/\\\/aehm.es\\\/en\\\/author\\\/richard\\\/\"}]}<\/script>\n<!-- \/ Yoast SEO plugin. -->","yoast_head_json":{"title":"Los hoteleros madrile\u00f1os informamos ante las dudas suscitadas por las nuevas medidas preventivas sanitarias de la CAM - AEHM","description":"Desde la AEHM queremos destacar la importancia del cumplimiento de esta, evitando cualquier interpretaci\u00f3n alejada de la realidad.","robots":{"index":"index","follow":"follow","max-snippet":"max-snippet:-1","max-image-preview":"max-image-preview:large","max-video-preview":"max-video-preview:-1"},"canonical":"https:\/\/aehm.es\/informamos-ante-las-dudas-suscitadas-por-las-nuevas-medidas-preventivas-sanitarias-de-la-cam\/","og_locale":"en_US","og_type":"article","og_title":"Los hoteleros madrile\u00f1os informamos ante las dudas suscitadas por las nuevas medidas preventivas sanitarias de la CAM - AEHM","og_description":"Desde la AEHM queremos destacar la importancia del cumplimiento de esta, evitando cualquier interpretaci\u00f3n alejada de la realidad.","og_url":"https:\/\/aehm.es\/informamos-ante-las-dudas-suscitadas-por-las-nuevas-medidas-preventivas-sanitarias-de-la-cam\/","og_site_name":"AEHM","article_publisher":"https:\/\/www.instagram.com\/hotelesdemadrid\/","article_published_time":"2020-07-31T08:33:32+00:00","og_image":[{"width":1268,"height":823,"url":"https:\/\/aehm.es\/wp-content\/uploads\/2020\/03\/1280px-Vista_lateral_de_la_Puerta_del_Sol_de_Madrid-1.jpg","type":"image\/jpeg"}],"author":"richard","twitter_card":"summary_large_image","twitter_creator":"@HotelesAEHM","twitter_site":"@HotelesAEHM","twitter_misc":{"Written by":"richard","Est. reading time":"2 minutes"},"schema":{"@context":"https:\/\/schema.org","@graph":[{"@type":"Article","@id":"https:\/\/aehm.es\/informamos-ante-las-dudas-suscitadas-por-las-nuevas-medidas-preventivas-sanitarias-de-la-cam\/#article","isPartOf":{"@id":"https:\/\/aehm.es\/informamos-ante-las-dudas-suscitadas-por-las-nuevas-medidas-preventivas-sanitarias-de-la-cam\/"},"author":{"name":"richard","@id":"https:\/\/aehm.es\/#\/schema\/person\/ca1397f4b0bcee246b58a0278b67a95f"},"headline":"Los hoteleros madrile\u00f1os informamos ante las dudas suscitadas por las nuevas medidas preventivas sanitarias de la CAM","datePublished":"2020-07-31T08:33:32+00:00","mainEntityOfPage":{"@id":"https:\/\/aehm.es\/informamos-ante-las-dudas-suscitadas-por-las-nuevas-medidas-preventivas-sanitarias-de-la-cam\/"},"wordCount":494,"publisher":{"@id":"https:\/\/aehm.es\/#organization"},"image":{"@id":"https:\/\/aehm.es\/informamos-ante-las-dudas-suscitadas-por-las-nuevas-medidas-preventivas-sanitarias-de-la-cam\/#primaryimage"},"thumbnailUrl":"https:\/\/aehm.es\/wp-content\/uploads\/2020\/03\/1280px-Vista_lateral_de_la_Puerta_del_Sol_de_Madrid-1.jpg","articleSection":["Actualidad AEHM"],"inLanguage":"en-US"},{"@type":"WebPage","@id":"https:\/\/aehm.es\/informamos-ante-las-dudas-suscitadas-por-las-nuevas-medidas-preventivas-sanitarias-de-la-cam\/","url":"https:\/\/aehm.es\/informamos-ante-las-dudas-suscitadas-por-las-nuevas-medidas-preventivas-sanitarias-de-la-cam\/","name":"Los hoteleros madrile\u00f1os informamos ante las dudas suscitadas por las nuevas medidas preventivas sanitarias de la CAM - AEHM","isPartOf":{"@id":"https:\/\/aehm.es\/#website"},"primaryImageOfPage":{"@id":"https:\/\/aehm.es\/informamos-ante-las-dudas-suscitadas-por-las-nuevas-medidas-preventivas-sanitarias-de-la-cam\/#primaryimage"},"image":{"@id":"https:\/\/aehm.es\/informamos-ante-las-dudas-suscitadas-por-las-nuevas-medidas-preventivas-sanitarias-de-la-cam\/#primaryimage"},"thumbnailUrl":"https:\/\/aehm.es\/wp-content\/uploads\/2020\/03\/1280px-Vista_lateral_de_la_Puerta_del_Sol_de_Madrid-1.jpg","datePublished":"2020-07-31T08:33:32+00:00","description":"Desde la AEHM queremos destacar la importancia del cumplimiento de esta, evitando cualquier interpretaci\u00f3n alejada de la realidad.","breadcrumb":{"@id":"https:\/\/aehm.es\/informamos-ante-las-dudas-suscitadas-por-las-nuevas-medidas-preventivas-sanitarias-de-la-cam\/#breadcrumb"},"inLanguage":"en-US","potentialAction":[{"@type":"ReadAction","target":["https:\/\/aehm.es\/informamos-ante-las-dudas-suscitadas-por-las-nuevas-medidas-preventivas-sanitarias-de-la-cam\/"]}]},{"@type":"ImageObject","inLanguage":"en-US","@id":"https:\/\/aehm.es\/informamos-ante-las-dudas-suscitadas-por-las-nuevas-medidas-preventivas-sanitarias-de-la-cam\/#primaryimage","url":"https:\/\/aehm.es\/wp-content\/uploads\/2020\/03\/1280px-Vista_lateral_de_la_Puerta_del_Sol_de_Madrid-1.jpg","contentUrl":"https:\/\/aehm.es\/wp-content\/uploads\/2020\/03\/1280px-Vista_lateral_de_la_Puerta_del_Sol_de_Madrid-1.jpg","width":1268,"height":823,"caption":"Imagen de la Puerta del Sol de Madrid desde la Calle Alcal\u00e1"},{"@type":"BreadcrumbList","@id":"https:\/\/aehm.es\/informamos-ante-las-dudas-suscitadas-por-las-nuevas-medidas-preventivas-sanitarias-de-la-cam\/#breadcrumb","itemListElement":[{"@type":"ListItem","position":1,"name":"Portada","item":"https:\/\/aehm.es\/en\/"},{"@type":"ListItem","position":2,"name":"Los hoteleros madrile\u00f1os informamos ante las dudas suscitadas por las nuevas medidas preventivas sanitarias de la CAM"}]},{"@type":"WebSite","@id":"https:\/\/aehm.es\/#website","url":"https:\/\/aehm.es\/","name":"Asociaci\u00f3n Empresarial Hotelera de Madrid","description":"La Asociaci\u00f3n Empresarial Hotelera Madrid est\u00e1 formada por m\u00e1s de 300 establecimientos de todas las categor\u00edas y tipolog\u00edas (hoteles, hostales, hostels, apartamentos\u2026) que suman m\u00e1s de 75.000 plazas de alojamiento.","publisher":{"@id":"https:\/\/aehm.es\/#organization"},"alternateName":"AEHM","potentialAction":[{"@type":"SearchAction","target":{"@type":"EntryPoint","urlTemplate":"https:\/\/aehm.es\/?s={search_term_string}"},"query-input":{"@type":"PropertyValueSpecification","valueRequired":true,"valueName":"search_term_string"}}],"inLanguage":"en-US"},{"@type":"Organization","@id":"https:\/\/aehm.es\/#organization","name":"Asociaci\u00f3n Empresarial Hotelera de Madrid","url":"https:\/\/aehm.es\/","logo":{"@type":"ImageObject","inLanguage":"en-US","@id":"https:\/\/aehm.es\/#\/schema\/logo\/image\/","url":"https:\/\/aehm.es\/wp-content\/uploads\/2021\/11\/Logo_AEHM_Horiz.png","contentUrl":"https:\/\/aehm.es\/wp-content\/uploads\/2021\/11\/Logo_AEHM_Horiz.png","width":600,"height":182,"caption":"Asociaci\u00f3n Empresarial Hotelera de Madrid"},"image":{"@id":"https:\/\/aehm.es\/#\/schema\/logo\/image\/"},"sameAs":["https:\/\/www.instagram.com\/hotelesdemadrid\/","https:\/\/x.com\/HotelesAEHM","https:\/\/www.linkedin.com\/company\/11166072\/"]},{"@type":"Person","@id":"https:\/\/aehm.es\/#\/schema\/person\/ca1397f4b0bcee246b58a0278b67a95f","name":"richard","image":{"@type":"ImageObject","inLanguage":"en-US","@id":"https:\/\/secure.gravatar.com\/avatar\/dd2486a811ecc34bf766b7d8b17d0ea76674186c415867af39660e429e20e1a0?s=96&d=mm&r=g","url":"https:\/\/secure.gravatar.com\/avatar\/dd2486a811ecc34bf766b7d8b17d0ea76674186c415867af39660e429e20e1a0?s=96&d=mm&r=g","contentUrl":"https:\/\/secure.gravatar.com\/avatar\/dd2486a811ecc34bf766b7d8b17d0ea76674186c415867af39660e429e20e1a0?s=96&d=mm&r=g","caption":"richard"},"url":"https:\/\/aehm.es\/en\/author\/richard\/"}]}},"_links":{"self":[{"href":"https:\/\/aehm.es\/en\/wp-json\/wp\/v2\/posts\/7932","targetHints":{"allow":["GET"]}}],"collection":[{"href":"https:\/\/aehm.es\/en\/wp-json\/wp\/v2\/posts"}],"about":[{"href":"https:\/\/aehm.es\/en\/wp-json\/wp\/v2\/types\/post"}],"author":[{"embeddable":true,"href":"https:\/\/aehm.es\/en\/wp-json\/wp\/v2\/users\/1"}],"replies":[{"embeddable":true,"href":"https:\/\/aehm.es\/en\/wp-json\/wp\/v2\/comments?post=7932"}],"version-history":[{"count":0,"href":"https:\/\/aehm.es\/en\/wp-json\/wp\/v2\/posts\/7932\/revisions"}],"wp:featuredmedia":[{"embeddable":true,"href":"https:\/\/aehm.es\/en\/wp-json\/wp\/v2\/media\/6784"}],"wp:attachment":[{"href":"https:\/\/aehm.es\/en\/wp-json\/wp\/v2\/media?parent=7932"}],"wp:term":[{"taxonomy":"category","embeddable":true,"href":"https:\/\/aehm.es\/en\/wp-json\/wp\/v2\/categories?post=7932"},{"taxonomy":"post_tag","embeddable":true,"href":"https:\/\/aehm.es\/en\/wp-json\/wp\/v2\/tags?post=7932"}],"curies":[{"name":"wp","href":"https:\/\/api.w.org\/{rel}","templated":true}]}}