{"id":7904,"date":"2020-07-27T11:20:15","date_gmt":"2020-07-27T11:20:15","guid":{"rendered":"https:\/\/aehm.es\/?p=7904"},"modified":"2020-07-27T11:20:15","modified_gmt":"2020-07-27T11:20:15","slug":"los-hoteleros-madrilenos-recibieron-el-reconocimiento-de-la-comunidad-de-madrid","status":"publish","type":"post","link":"https:\/\/aehm.es\/en\/los-hoteleros-madrilenos-recibieron-el-reconocimiento-de-la-comunidad-de-madrid\/","title":{"rendered":"Los hoteleros madrile\u00f1os recibieron el reconocimiento de la Comunidad de Madrid por su colaboraci\u00f3n durante la crisis sanitaria del covid-19"},"content":{"rendered":"<p><i><span style=\"font-weight: 400;\">Madrid, 27 de julio de 2020.-<\/span><\/i><span style=\"font-weight: 400;\"> El presidente de la Asociaci\u00f3n Empresarial Hotelera de Madrid, Gabriel Garc\u00eda Alonso, recogi\u00f3 de manos del Consejero de Sanidad de la Comunidad de Madrid, Enrique Ruiz Escudero, una placa conmemorativa que reconoce el compromiso y la colaboraci\u00f3n del sector hotelero durante la crisis sanitaria causada por el covid-19.<\/span><\/p>\n<p><span style=\"font-weight: 400;\">Con dicho reconocimiento, <strong>la administraci\u00f3n regional pone en valor el compromiso de un sector que se puso a disposici\u00f3n de la Consejer\u00eda de Sanidad, a trav\u00e9s de la AEHM, para acoger tanto a pacientes, como a personal sanitario.<\/strong> Esta colaboraci\u00f3n se materializ\u00f3, finalmente, con la puesta en marcha de 13 hoteles medicalizados y otros 22 establecimientos que acogieron a los profesionales sanitarios durante el brote de covid-19.<\/span><\/p>\n<h2><span style=\"font-weight: 400;\"><strong>13 establecimientos que se medicalizaron llegaron a atender a m\u00e1s de 2.700 personas<\/strong><\/span><\/h2>\n<p><span style=\"font-weight: 400;\">El alcance de este dispositivo coordinado entre los hoteles madrile\u00f1os y el Gobierno regional queda reflejado a trav\u00e9s de sus destacables cifras: <strong>los 13 establecimientos que se medicalizaron llegaron a atender a m\u00e1s de 2.700 personas y, entre estos, el Hotel Ayre de Col\u00f3n sigue a\u00fan recibiendo pacientes<\/strong>; mientras que, por su parte, aquellos que se prepararon para acoger a sanitarios, ofrecieron un lugar de descanso y donde evitar el posible contagio a sus familiares a m\u00e1s de 1.500 profesionales cerca de su lugar de trabajo. Adem\u00e1s, todo el sector hotelero se volc\u00f3 frente a esta pandemia ofreciendo camas, mantas, productos de limpieza y desinfecci\u00f3n destinados a hospitales, as\u00ed como alimentos para los centros sociales gestionados por el Ayuntamiento de Madrid.<\/span><\/p>\n<figure id=\"attachment_7910\" aria-describedby=\"caption-attachment-7910\" style=\"width: 350px\" class=\"wp-caption alignright\"><img fetchpriority=\"high\" decoding=\"async\" class=\"wp-image-7910\" src=\"https:\/\/aehm.es\/wp-content\/uploads\/2020\/07\/Presidente-AEHM-recibe-placa-228x300.jpg\" alt=\" El presidente de la Asociaci\u00f3n Empresarial Hotelera de Madrid, Gabriel Garc\u00eda Alonso, recogi\u00f3 de manos del Consejero de Sanidad de la Comunidad de Madrid, Enrique Ruiz Escudero, una placa conmemorativa que reconoce el compromiso y la colaboraci\u00f3n del sector hotelero durante la crisis sanitaria causada por el covid-19.\" width=\"350\" height=\"460\" \/><figcaption id=\"caption-attachment-7910\" class=\"wp-caption-text\">Gabriel Garc\u00eda Alonso, presidente de AEHM, recogi\u00f3 la placa conmemorativa de manos del Consejero de Sanidad de la Comunidad de Madrid, Enrique Ruiz Escudero<\/figcaption><\/figure>\n<p><span style=\"font-weight: 400;\">En palabras del Presidente de la AEHM, Gabriel Garc\u00eda Alonso, \u201ctodos los hoteleros y los trabajadores que conformamos este sector y que formamos esta Asociaci\u00f3n nos sentimos agradecidos al recibir esta placa como reconocimiento tanto de las Instituciones, como de la Sociedad en general por nuestra labor durante esta pandemia. Puedo asegurar que el nuestro siempre ha sido un sector al servicio de las personas y que as\u00ed seguir\u00e1 siendo\u201d.<\/span><\/p>\n<blockquote><p><span style=\"font-weight: 400;\">Puedo asegurar que el nuestro siempre ha sido un sector al servicio de las personas y que as\u00ed seguir\u00e1 siendo<\/span><\/p><\/blockquote>\n<p><span style=\"font-weight: 400;\">Los 13 hoteles medicalizados fueron: Barcel\u00f3 Occidental Aranjuez y Catalonia Plaza Mayor, que tambi\u00e9n acogieron a profesionales sanitarios; y City House Florida Norte, Euroforum Palacio de los Infantes, Ilunion Atrium, Las Provincias, Marriott Auditorium, Miguel \u00c1ngel, NH Parla, Praga Santos, V\u00eda Castellana y V\u00e9rtice Roomspace, adem\u00e1s del mencionado Ayre Col\u00f3n.<\/span><\/p>\n<p><span style=\"font-weight: 400;\">Por su parte, los 22 hoteles que acogieron profesionales sanitarios son: AC Avenida de Am\u00e9rica, Avenida de Legan\u00e9s, B&amp;B Aeropuerto T1, B&amp;B Aeropuerto T4, B&amp;B Hotel Madrid Getafe, Casa Marista Fuentenueva-San Lorenzo del Escorial, Checkin Madrid Parla, Ciudad de M\u00f3stoles, Crowne Plaza Madrid Airport, Ibis Alcobendas, Majadahonda, Paseo del Arte, Petit Palace President, Room Mate Laura, Room Mate Macarena, Room Mate Mario, Room Mate \u00d3scar, Sercotel Madrid Aeropuerto, Slow Suites, Slow Suites Chueca, TH Boadilla y Weare Chamart\u00edn.<\/span><\/p>\n","protected":false},"excerpt":{"rendered":"<p>Madrid, 27 de julio de 2020.- El presidente de la Asociaci\u00f3n Empresarial Hotelera de Madrid, Gabriel Garc\u00eda Alonso, recogi\u00f3 de manos del Consejero de Sanidad de la Comunidad de Madrid, Enrique Ruiz Escudero, una placa conmemorativa que reconoce el compromiso y la colaboraci\u00f3n del sector hotelero durante la crisis sanitaria causada por el covid-19. Con [&hellip;]<\/p>\n","protected":false},"author":1,"featured_media":6809,"comment_status":"closed","ping_status":"open","sticky":false,"template":"","format":"standard","meta":{"footnotes":""},"categories":[1],"tags":[],"class_list":["post-7904","post","type-post","status-publish","format-standard","has-post-thumbnail","hentry","category-actualidad-aehm"],"yoast_head":"<!-- This site is optimized with the Yoast SEO plugin v27.5 - https:\/\/yoast.com\/product\/yoast-seo-wordpress\/ -->\n<title>Los hoteleros madrile\u00f1os recibieron el reconocimiento de la Comunidad de Madrid por su colaboraci\u00f3n durante la crisis sanitaria del covid-19 - AEHM<\/title>\n<meta name=\"description\" content=\"La administraci\u00f3n regional pone en valor el compromiso de un sector que se puso a total disposici\u00f3n de la Consejer\u00eda de Sanidad\" \/>\n<meta name=\"robots\" content=\"index, follow, max-snippet:-1, max-image-preview:large, max-video-preview:-1\" \/>\n<link rel=\"canonical\" href=\"https:\/\/aehm.es\/los-hoteleros-madrilenos-recibieron-el-reconocimiento-de-la-comunidad-de-madrid\/\" \/>\n<meta property=\"og:locale\" content=\"en_US\" \/>\n<meta property=\"og:type\" content=\"article\" \/>\n<meta property=\"og:title\" content=\"Los hoteleros madrile\u00f1os recibieron el reconocimiento de la Comunidad de Madrid por su colaboraci\u00f3n durante la crisis sanitaria del covid-19 - AEHM\" \/>\n<meta property=\"og:description\" content=\"La administraci\u00f3n regional pone en valor el compromiso de un sector que se puso a total disposici\u00f3n de la Consejer\u00eda de Sanidad\" \/>\n<meta property=\"og:url\" content=\"https:\/\/aehm.es\/los-hoteleros-madrilenos-recibieron-el-reconocimiento-de-la-comunidad-de-madrid\/\" \/>\n<meta property=\"og:site_name\" content=\"AEHM\" \/>\n<meta property=\"article:publisher\" content=\"https:\/\/www.instagram.com\/hotelesdemadrid\/\" \/>\n<meta property=\"article:published_time\" content=\"2020-07-27T11:20:15+00:00\" \/>\n<meta property=\"og:image\" content=\"https:\/\/aehm.es\/wp-content\/uploads\/2020\/07\/Gabriel-Garcia-Alonso-presidente-de-AEHM-recogio-la-placa-conmemorativa-de-manos-del-Consejero-de-Sanidad-de-la-Comunidad-de-Madrid-Enrique-Ruiz-Escudero-1.jpg\" \/>\n\t<meta property=\"og:image:width\" content=\"1405\" \/>\n\t<meta property=\"og:image:height\" content=\"868\" \/>\n\t<meta property=\"og:image:type\" content=\"image\/jpeg\" \/>\n<meta name=\"author\" content=\"richard\" \/>\n<meta name=\"twitter:card\" content=\"summary_large_image\" \/>\n<meta name=\"twitter:image\" content=\"https:\/\/aehm.es\/wp-content\/uploads\/2020\/07\/Gabriel-Garcia-Alonso-presidente-de-AEHM-recogio-la-placa-conmemorativa-de-manos-del-Consejero-de-Sanidad-de-la-Comunidad-de-Madrid-Enrique-Ruiz-Escudero-1.jpg\" \/>\n<meta name=\"twitter:creator\" content=\"@HotelesAEHM\" \/>\n<meta name=\"twitter:site\" content=\"@HotelesAEHM\" \/>\n<meta name=\"twitter:label1\" content=\"Written by\" \/>\n\t<meta name=\"twitter:data1\" content=\"richard\" \/>\n\t<meta name=\"twitter:label2\" content=\"Est. reading time\" \/>\n\t<meta name=\"twitter:data2\" content=\"3 minutes\" \/>\n<script type=\"application\/ld+json\" class=\"yoast-schema-graph\">{\"@context\":\"https:\\\/\\\/schema.org\",\"@graph\":[{\"@type\":\"Article\",\"@id\":\"https:\\\/\\\/aehm.es\\\/los-hoteleros-madrilenos-recibieron-el-reconocimiento-de-la-comunidad-de-madrid\\\/#article\",\"isPartOf\":{\"@id\":\"https:\\\/\\\/aehm.es\\\/los-hoteleros-madrilenos-recibieron-el-reconocimiento-de-la-comunidad-de-madrid\\\/\"},\"author\":{\"name\":\"richard\",\"@id\":\"https:\\\/\\\/aehm.es\\\/#\\\/schema\\\/person\\\/ca1397f4b0bcee246b58a0278b67a95f\"},\"headline\":\"Los hoteleros madrile\u00f1os recibieron el reconocimiento de la Comunidad de Madrid por su colaboraci\u00f3n durante la crisis sanitaria del covid-19\",\"datePublished\":\"2020-07-27T11:20:15+00:00\",\"mainEntityOfPage\":{\"@id\":\"https:\\\/\\\/aehm.es\\\/los-hoteleros-madrilenos-recibieron-el-reconocimiento-de-la-comunidad-de-madrid\\\/\"},\"wordCount\":551,\"publisher\":{\"@id\":\"https:\\\/\\\/aehm.es\\\/#organization\"},\"image\":{\"@id\":\"https:\\\/\\\/aehm.es\\\/los-hoteleros-madrilenos-recibieron-el-reconocimiento-de-la-comunidad-de-madrid\\\/#primaryimage\"},\"thumbnailUrl\":\"https:\\\/\\\/aehm.es\\\/wp-content\\\/uploads\\\/2020\\\/03\\\/Imagen-Hotel-Gran-Colon-EFE-1.jpg\",\"articleSection\":[\"Actualidad AEHM\"],\"inLanguage\":\"en-US\"},{\"@type\":\"WebPage\",\"@id\":\"https:\\\/\\\/aehm.es\\\/los-hoteleros-madrilenos-recibieron-el-reconocimiento-de-la-comunidad-de-madrid\\\/\",\"url\":\"https:\\\/\\\/aehm.es\\\/los-hoteleros-madrilenos-recibieron-el-reconocimiento-de-la-comunidad-de-madrid\\\/\",\"name\":\"Los hoteleros madrile\u00f1os recibieron el reconocimiento de la Comunidad de Madrid por su colaboraci\u00f3n durante la crisis sanitaria del covid-19 - AEHM\",\"isPartOf\":{\"@id\":\"https:\\\/\\\/aehm.es\\\/#website\"},\"primaryImageOfPage\":{\"@id\":\"https:\\\/\\\/aehm.es\\\/los-hoteleros-madrilenos-recibieron-el-reconocimiento-de-la-comunidad-de-madrid\\\/#primaryimage\"},\"image\":{\"@id\":\"https:\\\/\\\/aehm.es\\\/los-hoteleros-madrilenos-recibieron-el-reconocimiento-de-la-comunidad-de-madrid\\\/#primaryimage\"},\"thumbnailUrl\":\"https:\\\/\\\/aehm.es\\\/wp-content\\\/uploads\\\/2020\\\/03\\\/Imagen-Hotel-Gran-Colon-EFE-1.jpg\",\"datePublished\":\"2020-07-27T11:20:15+00:00\",\"description\":\"La administraci\u00f3n regional pone en valor el compromiso de un sector que se puso a total disposici\u00f3n de la Consejer\u00eda de Sanidad\",\"breadcrumb\":{\"@id\":\"https:\\\/\\\/aehm.es\\\/los-hoteleros-madrilenos-recibieron-el-reconocimiento-de-la-comunidad-de-madrid\\\/#breadcrumb\"},\"inLanguage\":\"en-US\",\"potentialAction\":[{\"@type\":\"ReadAction\",\"target\":[\"https:\\\/\\\/aehm.es\\\/los-hoteleros-madrilenos-recibieron-el-reconocimiento-de-la-comunidad-de-madrid\\\/\"]}]},{\"@type\":\"ImageObject\",\"inLanguage\":\"en-US\",\"@id\":\"https:\\\/\\\/aehm.es\\\/los-hoteleros-madrilenos-recibieron-el-reconocimiento-de-la-comunidad-de-madrid\\\/#primaryimage\",\"url\":\"https:\\\/\\\/aehm.es\\\/wp-content\\\/uploads\\\/2020\\\/03\\\/Imagen-Hotel-Gran-Colon-EFE-1.jpg\",\"contentUrl\":\"https:\\\/\\\/aehm.es\\\/wp-content\\\/uploads\\\/2020\\\/03\\\/Imagen-Hotel-Gran-Colon-EFE-1.jpg\",\"width\":1600,\"height\":716},{\"@type\":\"BreadcrumbList\",\"@id\":\"https:\\\/\\\/aehm.es\\\/los-hoteleros-madrilenos-recibieron-el-reconocimiento-de-la-comunidad-de-madrid\\\/#breadcrumb\",\"itemListElement\":[{\"@type\":\"ListItem\",\"position\":1,\"name\":\"Portada\",\"item\":\"https:\\\/\\\/aehm.es\\\/en\\\/\"},{\"@type\":\"ListItem\",\"position\":2,\"name\":\"Los hoteleros madrile\u00f1os recibieron el reconocimiento de la Comunidad de Madrid por su colaboraci\u00f3n durante la crisis sanitaria del covid-19\"}]},{\"@type\":\"WebSite\",\"@id\":\"https:\\\/\\\/aehm.es\\\/#website\",\"url\":\"https:\\\/\\\/aehm.es\\\/\",\"name\":\"Asociaci\u00f3n Empresarial Hotelera de Madrid\",\"description\":\"La Asociaci\u00f3n Empresarial Hotelera Madrid est\u00e1 formada por m\u00e1s de 300 establecimientos de todas las categor\u00edas y tipolog\u00edas (hoteles, hostales, hostels, apartamentos\u2026) que suman m\u00e1s de 75.000 plazas de alojamiento.\",\"publisher\":{\"@id\":\"https:\\\/\\\/aehm.es\\\/#organization\"},\"alternateName\":\"AEHM\",\"potentialAction\":[{\"@type\":\"SearchAction\",\"target\":{\"@type\":\"EntryPoint\",\"urlTemplate\":\"https:\\\/\\\/aehm.es\\\/?s={search_term_string}\"},\"query-input\":{\"@type\":\"PropertyValueSpecification\",\"valueRequired\":true,\"valueName\":\"search_term_string\"}}],\"inLanguage\":\"en-US\"},{\"@type\":\"Organization\",\"@id\":\"https:\\\/\\\/aehm.es\\\/#organization\",\"name\":\"Asociaci\u00f3n Empresarial Hotelera de Madrid\",\"url\":\"https:\\\/\\\/aehm.es\\\/\",\"logo\":{\"@type\":\"ImageObject\",\"inLanguage\":\"en-US\",\"@id\":\"https:\\\/\\\/aehm.es\\\/#\\\/schema\\\/logo\\\/image\\\/\",\"url\":\"https:\\\/\\\/aehm.es\\\/wp-content\\\/uploads\\\/2021\\\/11\\\/Logo_AEHM_Horiz.png\",\"contentUrl\":\"https:\\\/\\\/aehm.es\\\/wp-content\\\/uploads\\\/2021\\\/11\\\/Logo_AEHM_Horiz.png\",\"width\":600,\"height\":182,\"caption\":\"Asociaci\u00f3n Empresarial Hotelera de Madrid\"},\"image\":{\"@id\":\"https:\\\/\\\/aehm.es\\\/#\\\/schema\\\/logo\\\/image\\\/\"},\"sameAs\":[\"https:\\\/\\\/www.instagram.com\\\/hotelesdemadrid\\\/\",\"https:\\\/\\\/x.com\\\/HotelesAEHM\",\"https:\\\/\\\/www.linkedin.com\\\/company\\\/11166072\\\/\"]},{\"@type\":\"Person\",\"@id\":\"https:\\\/\\\/aehm.es\\\/#\\\/schema\\\/person\\\/ca1397f4b0bcee246b58a0278b67a95f\",\"name\":\"richard\",\"image\":{\"@type\":\"ImageObject\",\"inLanguage\":\"en-US\",\"@id\":\"https:\\\/\\\/secure.gravatar.com\\\/avatar\\\/dd2486a811ecc34bf766b7d8b17d0ea76674186c415867af39660e429e20e1a0?s=96&d=mm&r=g\",\"url\":\"https:\\\/\\\/secure.gravatar.com\\\/avatar\\\/dd2486a811ecc34bf766b7d8b17d0ea76674186c415867af39660e429e20e1a0?s=96&d=mm&r=g\",\"contentUrl\":\"https:\\\/\\\/secure.gravatar.com\\\/avatar\\\/dd2486a811ecc34bf766b7d8b17d0ea76674186c415867af39660e429e20e1a0?s=96&d=mm&r=g\",\"caption\":\"richard\"},\"url\":\"https:\\\/\\\/aehm.es\\\/en\\\/author\\\/richard\\\/\"}]}<\/script>\n<!-- \/ Yoast SEO plugin. -->","yoast_head_json":{"title":"Los hoteleros madrile\u00f1os recibieron el reconocimiento de la Comunidad de Madrid por su colaboraci\u00f3n durante la crisis sanitaria del covid-19 - AEHM","description":"La administraci\u00f3n regional pone en valor el compromiso de un sector que se puso a total disposici\u00f3n de la Consejer\u00eda de Sanidad","robots":{"index":"index","follow":"follow","max-snippet":"max-snippet:-1","max-image-preview":"max-image-preview:large","max-video-preview":"max-video-preview:-1"},"canonical":"https:\/\/aehm.es\/los-hoteleros-madrilenos-recibieron-el-reconocimiento-de-la-comunidad-de-madrid\/","og_locale":"en_US","og_type":"article","og_title":"Los hoteleros madrile\u00f1os recibieron el reconocimiento de la Comunidad de Madrid por su colaboraci\u00f3n durante la crisis sanitaria del covid-19 - AEHM","og_description":"La administraci\u00f3n regional pone en valor el compromiso de un sector que se puso a total disposici\u00f3n de la Consejer\u00eda de Sanidad","og_url":"https:\/\/aehm.es\/los-hoteleros-madrilenos-recibieron-el-reconocimiento-de-la-comunidad-de-madrid\/","og_site_name":"AEHM","article_publisher":"https:\/\/www.instagram.com\/hotelesdemadrid\/","article_published_time":"2020-07-27T11:20:15+00:00","og_image":[{"width":1405,"height":868,"url":"https:\/\/aehm.es\/wp-content\/uploads\/2020\/07\/Gabriel-Garcia-Alonso-presidente-de-AEHM-recogio-la-placa-conmemorativa-de-manos-del-Consejero-de-Sanidad-de-la-Comunidad-de-Madrid-Enrique-Ruiz-Escudero-1.jpg","type":"image\/jpeg"}],"author":"richard","twitter_card":"summary_large_image","twitter_image":"https:\/\/aehm.es\/wp-content\/uploads\/2020\/07\/Gabriel-Garcia-Alonso-presidente-de-AEHM-recogio-la-placa-conmemorativa-de-manos-del-Consejero-de-Sanidad-de-la-Comunidad-de-Madrid-Enrique-Ruiz-Escudero-1.jpg","twitter_creator":"@HotelesAEHM","twitter_site":"@HotelesAEHM","twitter_misc":{"Written by":"richard","Est. reading time":"3 minutes"},"schema":{"@context":"https:\/\/schema.org","@graph":[{"@type":"Article","@id":"https:\/\/aehm.es\/los-hoteleros-madrilenos-recibieron-el-reconocimiento-de-la-comunidad-de-madrid\/#article","isPartOf":{"@id":"https:\/\/aehm.es\/los-hoteleros-madrilenos-recibieron-el-reconocimiento-de-la-comunidad-de-madrid\/"},"author":{"name":"richard","@id":"https:\/\/aehm.es\/#\/schema\/person\/ca1397f4b0bcee246b58a0278b67a95f"},"headline":"Los hoteleros madrile\u00f1os recibieron el reconocimiento de la Comunidad de Madrid por su colaboraci\u00f3n durante la crisis sanitaria del covid-19","datePublished":"2020-07-27T11:20:15+00:00","mainEntityOfPage":{"@id":"https:\/\/aehm.es\/los-hoteleros-madrilenos-recibieron-el-reconocimiento-de-la-comunidad-de-madrid\/"},"wordCount":551,"publisher":{"@id":"https:\/\/aehm.es\/#organization"},"image":{"@id":"https:\/\/aehm.es\/los-hoteleros-madrilenos-recibieron-el-reconocimiento-de-la-comunidad-de-madrid\/#primaryimage"},"thumbnailUrl":"https:\/\/aehm.es\/wp-content\/uploads\/2020\/03\/Imagen-Hotel-Gran-Colon-EFE-1.jpg","articleSection":["Actualidad AEHM"],"inLanguage":"en-US"},{"@type":"WebPage","@id":"https:\/\/aehm.es\/los-hoteleros-madrilenos-recibieron-el-reconocimiento-de-la-comunidad-de-madrid\/","url":"https:\/\/aehm.es\/los-hoteleros-madrilenos-recibieron-el-reconocimiento-de-la-comunidad-de-madrid\/","name":"Los hoteleros madrile\u00f1os recibieron el reconocimiento de la Comunidad de Madrid por su colaboraci\u00f3n durante la crisis sanitaria del covid-19 - AEHM","isPartOf":{"@id":"https:\/\/aehm.es\/#website"},"primaryImageOfPage":{"@id":"https:\/\/aehm.es\/los-hoteleros-madrilenos-recibieron-el-reconocimiento-de-la-comunidad-de-madrid\/#primaryimage"},"image":{"@id":"https:\/\/aehm.es\/los-hoteleros-madrilenos-recibieron-el-reconocimiento-de-la-comunidad-de-madrid\/#primaryimage"},"thumbnailUrl":"https:\/\/aehm.es\/wp-content\/uploads\/2020\/03\/Imagen-Hotel-Gran-Colon-EFE-1.jpg","datePublished":"2020-07-27T11:20:15+00:00","description":"La administraci\u00f3n regional pone en valor el compromiso de un sector que se puso a total disposici\u00f3n de la Consejer\u00eda de Sanidad","breadcrumb":{"@id":"https:\/\/aehm.es\/los-hoteleros-madrilenos-recibieron-el-reconocimiento-de-la-comunidad-de-madrid\/#breadcrumb"},"inLanguage":"en-US","potentialAction":[{"@type":"ReadAction","target":["https:\/\/aehm.es\/los-hoteleros-madrilenos-recibieron-el-reconocimiento-de-la-comunidad-de-madrid\/"]}]},{"@type":"ImageObject","inLanguage":"en-US","@id":"https:\/\/aehm.es\/los-hoteleros-madrilenos-recibieron-el-reconocimiento-de-la-comunidad-de-madrid\/#primaryimage","url":"https:\/\/aehm.es\/wp-content\/uploads\/2020\/03\/Imagen-Hotel-Gran-Colon-EFE-1.jpg","contentUrl":"https:\/\/aehm.es\/wp-content\/uploads\/2020\/03\/Imagen-Hotel-Gran-Colon-EFE-1.jpg","width":1600,"height":716},{"@type":"BreadcrumbList","@id":"https:\/\/aehm.es\/los-hoteleros-madrilenos-recibieron-el-reconocimiento-de-la-comunidad-de-madrid\/#breadcrumb","itemListElement":[{"@type":"ListItem","position":1,"name":"Portada","item":"https:\/\/aehm.es\/en\/"},{"@type":"ListItem","position":2,"name":"Los hoteleros madrile\u00f1os recibieron el reconocimiento de la Comunidad de Madrid por su colaboraci\u00f3n durante la crisis sanitaria del covid-19"}]},{"@type":"WebSite","@id":"https:\/\/aehm.es\/#website","url":"https:\/\/aehm.es\/","name":"Asociaci\u00f3n Empresarial Hotelera de Madrid","description":"La Asociaci\u00f3n Empresarial Hotelera Madrid est\u00e1 formada por m\u00e1s de 300 establecimientos de todas las categor\u00edas y tipolog\u00edas (hoteles, hostales, hostels, apartamentos\u2026) que suman m\u00e1s de 75.000 plazas de alojamiento.","publisher":{"@id":"https:\/\/aehm.es\/#organization"},"alternateName":"AEHM","potentialAction":[{"@type":"SearchAction","target":{"@type":"EntryPoint","urlTemplate":"https:\/\/aehm.es\/?s={search_term_string}"},"query-input":{"@type":"PropertyValueSpecification","valueRequired":true,"valueName":"search_term_string"}}],"inLanguage":"en-US"},{"@type":"Organization","@id":"https:\/\/aehm.es\/#organization","name":"Asociaci\u00f3n Empresarial Hotelera de Madrid","url":"https:\/\/aehm.es\/","logo":{"@type":"ImageObject","inLanguage":"en-US","@id":"https:\/\/aehm.es\/#\/schema\/logo\/image\/","url":"https:\/\/aehm.es\/wp-content\/uploads\/2021\/11\/Logo_AEHM_Horiz.png","contentUrl":"https:\/\/aehm.es\/wp-content\/uploads\/2021\/11\/Logo_AEHM_Horiz.png","width":600,"height":182,"caption":"Asociaci\u00f3n Empresarial Hotelera de Madrid"},"image":{"@id":"https:\/\/aehm.es\/#\/schema\/logo\/image\/"},"sameAs":["https:\/\/www.instagram.com\/hotelesdemadrid\/","https:\/\/x.com\/HotelesAEHM","https:\/\/www.linkedin.com\/company\/11166072\/"]},{"@type":"Person","@id":"https:\/\/aehm.es\/#\/schema\/person\/ca1397f4b0bcee246b58a0278b67a95f","name":"richard","image":{"@type":"ImageObject","inLanguage":"en-US","@id":"https:\/\/secure.gravatar.com\/avatar\/dd2486a811ecc34bf766b7d8b17d0ea76674186c415867af39660e429e20e1a0?s=96&d=mm&r=g","url":"https:\/\/secure.gravatar.com\/avatar\/dd2486a811ecc34bf766b7d8b17d0ea76674186c415867af39660e429e20e1a0?s=96&d=mm&r=g","contentUrl":"https:\/\/secure.gravatar.com\/avatar\/dd2486a811ecc34bf766b7d8b17d0ea76674186c415867af39660e429e20e1a0?s=96&d=mm&r=g","caption":"richard"},"url":"https:\/\/aehm.es\/en\/author\/richard\/"}]}},"_links":{"self":[{"href":"https:\/\/aehm.es\/en\/wp-json\/wp\/v2\/posts\/7904","targetHints":{"allow":["GET"]}}],"collection":[{"href":"https:\/\/aehm.es\/en\/wp-json\/wp\/v2\/posts"}],"about":[{"href":"https:\/\/aehm.es\/en\/wp-json\/wp\/v2\/types\/post"}],"author":[{"embeddable":true,"href":"https:\/\/aehm.es\/en\/wp-json\/wp\/v2\/users\/1"}],"replies":[{"embeddable":true,"href":"https:\/\/aehm.es\/en\/wp-json\/wp\/v2\/comments?post=7904"}],"version-history":[{"count":0,"href":"https:\/\/aehm.es\/en\/wp-json\/wp\/v2\/posts\/7904\/revisions"}],"wp:featuredmedia":[{"embeddable":true,"href":"https:\/\/aehm.es\/en\/wp-json\/wp\/v2\/media\/6809"}],"wp:attachment":[{"href":"https:\/\/aehm.es\/en\/wp-json\/wp\/v2\/media?parent=7904"}],"wp:term":[{"taxonomy":"category","embeddable":true,"href":"https:\/\/aehm.es\/en\/wp-json\/wp\/v2\/categories?post=7904"},{"taxonomy":"post_tag","embeddable":true,"href":"https:\/\/aehm.es\/en\/wp-json\/wp\/v2\/tags?post=7904"}],"curies":[{"name":"wp","href":"https:\/\/api.w.org\/{rel}","templated":true}]}}