{"id":7756,"date":"2020-06-24T15:05:06","date_gmt":"2020-06-24T15:05:06","guid":{"rendered":"https:\/\/aehm.es\/?p=7756"},"modified":"2020-06-24T15:05:06","modified_gmt":"2020-06-24T15:05:06","slug":"los-hoteleros-madrilenos-y-el-wttc-analizan-el-estado-actual-y-futuro-del-sector-turistico-ante-el-covid-19","status":"publish","type":"post","link":"https:\/\/aehm.es\/en\/los-hoteleros-madrilenos-y-el-wttc-analizan-el-estado-actual-y-futuro-del-sector-turistico-ante-el-covid-19\/","title":{"rendered":"Los hoteleros madrile\u00f1os y el WTTC analizan el estado actual y futuro del sector tur\u00edstico ante el Covid-19"},"content":{"rendered":"<ul>\n<li><strong>El presidente de la Asociaci\u00f3n Empresarial Hotelera de Madrid (AEHM) ha reiterado que es de vital necesidad prolongar los ERTEs ya que, si no hay demanda, es un castigo que los establecimientos asuman gastos sin ingresos<\/strong><\/li>\n<li><strong>El impacto econ\u00f3mico de la crisis del Covid-19 es cinco veces superior al de la crisis de 2008, seg\u00fan la presidenta de la WTTC<\/strong><\/li>\n<\/ul>\n<p><em>\u00a0<\/em><\/p>\n<p><em>Madrid, 24 de junio de 2020. <\/em>El <strong>presidente y la secretaria general de la Asociaci\u00f3n Empresarial Hotelera de Madrid<\/strong> (AEHM), Gabriel Garc\u00eda y Mar de Miguel, <strong>han mantenido un encuentro con la presidenta y con la vicepresidenta del World Travel &amp; Tourism Council<\/strong> (WTTC), Gloria Guevara y Maribel Rodr\u00edguez, en el que se ha debatido sobre la situaci\u00f3n actual del sector tras la crisis del Covid-19, as\u00ed como el proceso que habr\u00eda que seguir para lograr una recuperaci\u00f3n tur\u00edstica a nivel mundial.<\/p>\n<p>Bajo el nombre <em>\u2018La Reapertura del sector a nivel mundial<\/em>\u201d, este encuentro digital ha sido <strong>presentado por el presidente de la Asociaci\u00f3n,<\/strong> quien ha comenzado haciendo un resumen de la situaci\u00f3n a la que se enfrentan los hoteleros madrile\u00f1os. \u201cEl cierre forzoso decretado por el Gobierno por la crisis sanitaria del Covid-19 ha generado enormes p\u00e9rdidas en el sector. Por ello, es de vital necesidad prolongar los ERTEs ya que, si no hay demanda, es un castigo que los establecimientos asuman todos los gastos que conllevan su reapertura sin obtener ingresos\u201d, ha se\u00f1alado.<\/p>\n<p>En este sentido, el presidente ha adelantado que, a fin de recuperar la actividad, se est\u00e1 tratando de reforzar la colaboraci\u00f3n entre la empresa privada y p\u00fablica para la creaci\u00f3n de un fondo destinado a estudiar un plan de choque inteligente que consiga poner en funcionamiento al sector.<\/p>\n<p>Por su lado, la <strong>secretaria general de la AEHM<\/strong> ha a\u00f1adido que \u201ces fundamental recuperar la imagen de Madrid como destino seguro al que viajar, pero, sobre todo, volver a ganar la confianza de los turistas en un contexto clave para la industria en el que hay mucho por lo que luchar\u201d.<\/p>\n<p>Tras estas palabras, la <strong>vicepresidenta del WTTC<\/strong>, Maribel Rodr\u00edguez, ha informado de los pasos que han seguido desde este organismo y de las reuniones mantenidas con agentes tur\u00edsticos internacionales y pa\u00edses, a fin de conocer el alcance del coronavirus y el impacto aproximado que tendr\u00eda en el sector.<\/p>\n<p>Adem\u00e1s, y en l\u00ednea con la intervenci\u00f3n de Gabriel Garc\u00eda, ha recordado que en 2019<em> \u201c<\/em>uno de cada cuatro puestos de trabajo que se creaba en Espa\u00f1a era en el \u00e1rea de viajes y turismo, con un gasto del viajero internacional del 56%\u201d, poniendo de manifiesto que el turismo es una actividad fundamental para el desarrollo de pa\u00eds.<\/p>\n<blockquote><p>Uno de cada cuatro puestos de trabajo que se creaba en Espa\u00f1a era en el \u00e1rea de viajes y turismo, con un gasto del viajero internacional del 56%<\/p><\/blockquote>\n<p>A continuaci\u00f3n, la <strong>presidenta de WTTC<\/strong>, Gloria Guevara, ha puntualizado que el impacto econ\u00f3mico del Covid 19 <strong>\u201cha sido cinco veces superior al de la crisis de 2008\u201d<\/strong> y que, para establecer un periodo aproximado de recuperaci\u00f3n, desde el WTTC han analizado las crisis tur\u00edsticas de los \u00faltimos 90 a\u00f1os, concluyendo que \u201c\u00e9stas son cada vez m\u00e1s frecuentes, pero menos perjudiciales, lo que revela que la industria est\u00e1 cada vez m\u00e1s y mejor preparada\u201d.<\/p>\n<p>Para trazar l\u00edneas comunes, Guevara ha compartido el <strong>Plan de Recuperaci\u00f3n<\/strong> desarrollado por el WTTC, en el que se establecen <strong>cuatro puntos clave<\/strong>: una mayor coordinaci\u00f3n y colaboraci\u00f3n p\u00fablico-privada con apertura de fronteras, eliminaci\u00f3n de cuarentenas y tambi\u00e9n de \u00a0alarmas de viajes no esenciales; el desarrollo de una estrategia que facilite la experiencia de los viajeros en la que se prime la salud y cobren peso las nuevas tecnolog\u00edas; la urgente necesidad de crear protocolos de sanidad y de higiene globales en la industria tur\u00edstica para minimizar los riesgos y recuperar la confianza de los viajeros y, para finalizar, seguir reforzando las medidas de apoyo de los gobiernos al sector.<\/p>\n<p>\u201cDesde la WTTC, junto con nuestros miembros, gobiernos y expertos en salud (siguiendo directrices de la OMS y CSC) hemos trabajado en el desarrollo de protocolos de recuperaci\u00f3n efectivos para optimizar los esfuerzos de todo el sector. Todos \u00e9stos, dise\u00f1ados para reconstruir la confianza de los viajeros y asegurar la alineaci\u00f3n del sector privado\u201d, ha se\u00f1alado.<\/p>\n<p>A este respecto, la <strong>secretaria general de la Asociaci\u00f3n<\/strong>, Mar de Miguel, ha explicado que ya se ha creado un grupo de trabajo a fin de coordinar el protocolo aprobado por el Ministerio de Sanidad con el de otros pa\u00edses para tener una normativa lo m\u00e1s similar posible que no genere confusi\u00f3n entre los turistas.<\/p>\n<blockquote><p>Ya se ha creado un grupo de trabajo a fin de coordinar el protocolo aprobado por el Ministerio de Sanidad con el de otros pa\u00edses para tener una normativa lo m\u00e1s similar posible que no genere confusi\u00f3n entre los turistas.<\/p><\/blockquote>\n<p>Esta jornada ha sido <strong>clausurada por el presidente de la AEHM<\/strong>, Gabriel Garc\u00eda, que ha pedido personalmente a la presidenta y a la vicepresidenta de la WTTC que contin\u00fae apoyando al sector a trav\u00e9s de la creaci\u00f3n de medidas que protejan a los miles de profesionales del sector.<\/p>\n","protected":false},"excerpt":{"rendered":"<p>El presidente de la Asociaci\u00f3n Empresarial Hotelera de Madrid (AEHM) ha reiterado que es de vital necesidad prolongar los ERTEs ya que, si no hay demanda, es un castigo que los establecimientos asuman gastos sin ingresos El impacto econ\u00f3mico de la crisis del Covid-19 es cinco veces superior al de la crisis de 2008, seg\u00fan [&hellip;]<\/p>\n","protected":false},"author":1,"featured_media":7758,"comment_status":"closed","ping_status":"open","sticky":false,"template":"","format":"standard","meta":{"footnotes":""},"categories":[1],"tags":[],"class_list":["post-7756","post","type-post","status-publish","format-standard","has-post-thumbnail","hentry","category-actualidad-aehm"],"yoast_head":"<!-- This site is optimized with the Yoast SEO plugin v27.5 - https:\/\/yoast.com\/product\/yoast-seo-wordpress\/ -->\n<title>Los hoteleros madrile\u00f1os y el WTTC analizan el estado actual y futuro del sector tur\u00edstico ante el Covid-19 - AEHM<\/title>\n<meta name=\"description\" content=\"El impacto econ\u00f3mico de la crisis del Covid-19 es cinco veces superior al de la crisis de 2008, seg\u00fan la presidenta de la WTTC\" \/>\n<meta name=\"robots\" content=\"index, follow, max-snippet:-1, max-image-preview:large, max-video-preview:-1\" \/>\n<link rel=\"canonical\" href=\"https:\/\/aehm.es\/los-hoteleros-madrilenos-y-el-wttc-analizan-el-estado-actual-y-futuro-del-sector-turistico-ante-el-covid-19\/\" \/>\n<meta property=\"og:locale\" content=\"en_US\" \/>\n<meta property=\"og:type\" content=\"article\" \/>\n<meta property=\"og:title\" content=\"Los hoteleros madrile\u00f1os y el WTTC analizan el estado actual y futuro del sector tur\u00edstico ante el Covid-19 - AEHM\" \/>\n<meta property=\"og:description\" content=\"El impacto econ\u00f3mico de la crisis del Covid-19 es cinco veces superior al de la crisis de 2008, seg\u00fan la presidenta de la WTTC\" \/>\n<meta property=\"og:url\" content=\"https:\/\/aehm.es\/los-hoteleros-madrilenos-y-el-wttc-analizan-el-estado-actual-y-futuro-del-sector-turistico-ante-el-covid-19\/\" \/>\n<meta property=\"og:site_name\" content=\"AEHM\" \/>\n<meta property=\"article:publisher\" content=\"https:\/\/www.instagram.com\/hotelesdemadrid\/\" \/>\n<meta property=\"article:published_time\" content=\"2020-06-24T15:05:06+00:00\" \/>\n<meta property=\"og:image\" content=\"https:\/\/aehm.es\/wp-content\/uploads\/2020\/06\/Los-hoteleros-madrilenos-y-el-WTTC-analizan-el-estado-actual-y-futuro-del-sector-turistico-ante-el-Covid-19-1.jpg\" \/>\n\t<meta property=\"og:image:width\" content=\"1200\" \/>\n\t<meta property=\"og:image:height\" content=\"624\" \/>\n\t<meta property=\"og:image:type\" content=\"image\/jpeg\" \/>\n<meta name=\"author\" content=\"richard\" \/>\n<meta name=\"twitter:card\" content=\"summary_large_image\" \/>\n<meta name=\"twitter:image\" content=\"https:\/\/aehm.es\/wp-content\/uploads\/2020\/06\/Los-hoteleros-madrilenos-y-el-WTTC-analizan-el-estado-actual-y-futuro-del-sector-turistico-ante-el-Covid-19-1.jpg\" \/>\n<meta name=\"twitter:creator\" content=\"@HotelesAEHM\" \/>\n<meta name=\"twitter:site\" content=\"@HotelesAEHM\" \/>\n<meta name=\"twitter:label1\" content=\"Written by\" \/>\n\t<meta name=\"twitter:data1\" content=\"richard\" \/>\n\t<meta name=\"twitter:label2\" content=\"Est. reading time\" \/>\n\t<meta name=\"twitter:data2\" content=\"5 minutes\" \/>\n<script type=\"application\/ld+json\" class=\"yoast-schema-graph\">{\"@context\":\"https:\\\/\\\/schema.org\",\"@graph\":[{\"@type\":\"Article\",\"@id\":\"https:\\\/\\\/aehm.es\\\/los-hoteleros-madrilenos-y-el-wttc-analizan-el-estado-actual-y-futuro-del-sector-turistico-ante-el-covid-19\\\/#article\",\"isPartOf\":{\"@id\":\"https:\\\/\\\/aehm.es\\\/los-hoteleros-madrilenos-y-el-wttc-analizan-el-estado-actual-y-futuro-del-sector-turistico-ante-el-covid-19\\\/\"},\"author\":{\"name\":\"richard\",\"@id\":\"https:\\\/\\\/aehm.es\\\/#\\\/schema\\\/person\\\/ca1397f4b0bcee246b58a0278b67a95f\"},\"headline\":\"Los hoteleros madrile\u00f1os y el WTTC analizan el estado actual y futuro del sector tur\u00edstico ante el Covid-19\",\"datePublished\":\"2020-06-24T15:05:06+00:00\",\"mainEntityOfPage\":{\"@id\":\"https:\\\/\\\/aehm.es\\\/los-hoteleros-madrilenos-y-el-wttc-analizan-el-estado-actual-y-futuro-del-sector-turistico-ante-el-covid-19\\\/\"},\"wordCount\":924,\"publisher\":{\"@id\":\"https:\\\/\\\/aehm.es\\\/#organization\"},\"image\":{\"@id\":\"https:\\\/\\\/aehm.es\\\/los-hoteleros-madrilenos-y-el-wttc-analizan-el-estado-actual-y-futuro-del-sector-turistico-ante-el-covid-19\\\/#primaryimage\"},\"thumbnailUrl\":\"https:\\\/\\\/aehm.es\\\/wp-content\\\/uploads\\\/2020\\\/06\\\/Los-hoteleros-madrilenos-y-el-WTTC-analizan-el-estado-actual-y-futuro-del-sector-turistico-ante-el-Covid-19.jpg\",\"articleSection\":[\"Actualidad AEHM\"],\"inLanguage\":\"en-US\"},{\"@type\":\"WebPage\",\"@id\":\"https:\\\/\\\/aehm.es\\\/los-hoteleros-madrilenos-y-el-wttc-analizan-el-estado-actual-y-futuro-del-sector-turistico-ante-el-covid-19\\\/\",\"url\":\"https:\\\/\\\/aehm.es\\\/los-hoteleros-madrilenos-y-el-wttc-analizan-el-estado-actual-y-futuro-del-sector-turistico-ante-el-covid-19\\\/\",\"name\":\"Los hoteleros madrile\u00f1os y el WTTC analizan el estado actual y futuro del sector tur\u00edstico ante el Covid-19 - AEHM\",\"isPartOf\":{\"@id\":\"https:\\\/\\\/aehm.es\\\/#website\"},\"primaryImageOfPage\":{\"@id\":\"https:\\\/\\\/aehm.es\\\/los-hoteleros-madrilenos-y-el-wttc-analizan-el-estado-actual-y-futuro-del-sector-turistico-ante-el-covid-19\\\/#primaryimage\"},\"image\":{\"@id\":\"https:\\\/\\\/aehm.es\\\/los-hoteleros-madrilenos-y-el-wttc-analizan-el-estado-actual-y-futuro-del-sector-turistico-ante-el-covid-19\\\/#primaryimage\"},\"thumbnailUrl\":\"https:\\\/\\\/aehm.es\\\/wp-content\\\/uploads\\\/2020\\\/06\\\/Los-hoteleros-madrilenos-y-el-WTTC-analizan-el-estado-actual-y-futuro-del-sector-turistico-ante-el-Covid-19.jpg\",\"datePublished\":\"2020-06-24T15:05:06+00:00\",\"description\":\"El impacto econ\u00f3mico de la crisis del Covid-19 es cinco veces superior al de la crisis de 2008, seg\u00fan la presidenta de la WTTC\",\"breadcrumb\":{\"@id\":\"https:\\\/\\\/aehm.es\\\/los-hoteleros-madrilenos-y-el-wttc-analizan-el-estado-actual-y-futuro-del-sector-turistico-ante-el-covid-19\\\/#breadcrumb\"},\"inLanguage\":\"en-US\",\"potentialAction\":[{\"@type\":\"ReadAction\",\"target\":[\"https:\\\/\\\/aehm.es\\\/los-hoteleros-madrilenos-y-el-wttc-analizan-el-estado-actual-y-futuro-del-sector-turistico-ante-el-covid-19\\\/\"]}]},{\"@type\":\"ImageObject\",\"inLanguage\":\"en-US\",\"@id\":\"https:\\\/\\\/aehm.es\\\/los-hoteleros-madrilenos-y-el-wttc-analizan-el-estado-actual-y-futuro-del-sector-turistico-ante-el-covid-19\\\/#primaryimage\",\"url\":\"https:\\\/\\\/aehm.es\\\/wp-content\\\/uploads\\\/2020\\\/06\\\/Los-hoteleros-madrilenos-y-el-WTTC-analizan-el-estado-actual-y-futuro-del-sector-turistico-ante-el-Covid-19.jpg\",\"contentUrl\":\"https:\\\/\\\/aehm.es\\\/wp-content\\\/uploads\\\/2020\\\/06\\\/Los-hoteleros-madrilenos-y-el-WTTC-analizan-el-estado-actual-y-futuro-del-sector-turistico-ante-el-Covid-19.jpg\",\"width\":2400,\"height\":1248,\"caption\":\"Imagen nocturna del Templo de Debod en Madrid\"},{\"@type\":\"BreadcrumbList\",\"@id\":\"https:\\\/\\\/aehm.es\\\/los-hoteleros-madrilenos-y-el-wttc-analizan-el-estado-actual-y-futuro-del-sector-turistico-ante-el-covid-19\\\/#breadcrumb\",\"itemListElement\":[{\"@type\":\"ListItem\",\"position\":1,\"name\":\"Portada\",\"item\":\"https:\\\/\\\/aehm.es\\\/en\\\/\"},{\"@type\":\"ListItem\",\"position\":2,\"name\":\"Los hoteleros madrile\u00f1os y el WTTC analizan el estado actual y futuro del sector tur\u00edstico ante el Covid-19\"}]},{\"@type\":\"WebSite\",\"@id\":\"https:\\\/\\\/aehm.es\\\/#website\",\"url\":\"https:\\\/\\\/aehm.es\\\/\",\"name\":\"Asociaci\u00f3n Empresarial Hotelera de Madrid\",\"description\":\"La Asociaci\u00f3n Empresarial Hotelera Madrid est\u00e1 formada por m\u00e1s de 300 establecimientos de todas las categor\u00edas y tipolog\u00edas (hoteles, hostales, hostels, apartamentos\u2026) que suman m\u00e1s de 75.000 plazas de alojamiento.\",\"publisher\":{\"@id\":\"https:\\\/\\\/aehm.es\\\/#organization\"},\"alternateName\":\"AEHM\",\"potentialAction\":[{\"@type\":\"SearchAction\",\"target\":{\"@type\":\"EntryPoint\",\"urlTemplate\":\"https:\\\/\\\/aehm.es\\\/?s={search_term_string}\"},\"query-input\":{\"@type\":\"PropertyValueSpecification\",\"valueRequired\":true,\"valueName\":\"search_term_string\"}}],\"inLanguage\":\"en-US\"},{\"@type\":\"Organization\",\"@id\":\"https:\\\/\\\/aehm.es\\\/#organization\",\"name\":\"Asociaci\u00f3n Empresarial Hotelera de Madrid\",\"url\":\"https:\\\/\\\/aehm.es\\\/\",\"logo\":{\"@type\":\"ImageObject\",\"inLanguage\":\"en-US\",\"@id\":\"https:\\\/\\\/aehm.es\\\/#\\\/schema\\\/logo\\\/image\\\/\",\"url\":\"https:\\\/\\\/aehm.es\\\/wp-content\\\/uploads\\\/2021\\\/11\\\/Logo_AEHM_Horiz.png\",\"contentUrl\":\"https:\\\/\\\/aehm.es\\\/wp-content\\\/uploads\\\/2021\\\/11\\\/Logo_AEHM_Horiz.png\",\"width\":600,\"height\":182,\"caption\":\"Asociaci\u00f3n Empresarial Hotelera de Madrid\"},\"image\":{\"@id\":\"https:\\\/\\\/aehm.es\\\/#\\\/schema\\\/logo\\\/image\\\/\"},\"sameAs\":[\"https:\\\/\\\/www.instagram.com\\\/hotelesdemadrid\\\/\",\"https:\\\/\\\/x.com\\\/HotelesAEHM\",\"https:\\\/\\\/www.linkedin.com\\\/company\\\/11166072\\\/\"]},{\"@type\":\"Person\",\"@id\":\"https:\\\/\\\/aehm.es\\\/#\\\/schema\\\/person\\\/ca1397f4b0bcee246b58a0278b67a95f\",\"name\":\"richard\",\"image\":{\"@type\":\"ImageObject\",\"inLanguage\":\"en-US\",\"@id\":\"https:\\\/\\\/secure.gravatar.com\\\/avatar\\\/dd2486a811ecc34bf766b7d8b17d0ea76674186c415867af39660e429e20e1a0?s=96&d=mm&r=g\",\"url\":\"https:\\\/\\\/secure.gravatar.com\\\/avatar\\\/dd2486a811ecc34bf766b7d8b17d0ea76674186c415867af39660e429e20e1a0?s=96&d=mm&r=g\",\"contentUrl\":\"https:\\\/\\\/secure.gravatar.com\\\/avatar\\\/dd2486a811ecc34bf766b7d8b17d0ea76674186c415867af39660e429e20e1a0?s=96&d=mm&r=g\",\"caption\":\"richard\"},\"url\":\"https:\\\/\\\/aehm.es\\\/en\\\/author\\\/richard\\\/\"}]}<\/script>\n<!-- \/ Yoast SEO plugin. -->","yoast_head_json":{"title":"Los hoteleros madrile\u00f1os y el WTTC analizan el estado actual y futuro del sector tur\u00edstico ante el Covid-19 - AEHM","description":"El impacto econ\u00f3mico de la crisis del Covid-19 es cinco veces superior al de la crisis de 2008, seg\u00fan la presidenta de la WTTC","robots":{"index":"index","follow":"follow","max-snippet":"max-snippet:-1","max-image-preview":"max-image-preview:large","max-video-preview":"max-video-preview:-1"},"canonical":"https:\/\/aehm.es\/los-hoteleros-madrilenos-y-el-wttc-analizan-el-estado-actual-y-futuro-del-sector-turistico-ante-el-covid-19\/","og_locale":"en_US","og_type":"article","og_title":"Los hoteleros madrile\u00f1os y el WTTC analizan el estado actual y futuro del sector tur\u00edstico ante el Covid-19 - AEHM","og_description":"El impacto econ\u00f3mico de la crisis del Covid-19 es cinco veces superior al de la crisis de 2008, seg\u00fan la presidenta de la WTTC","og_url":"https:\/\/aehm.es\/los-hoteleros-madrilenos-y-el-wttc-analizan-el-estado-actual-y-futuro-del-sector-turistico-ante-el-covid-19\/","og_site_name":"AEHM","article_publisher":"https:\/\/www.instagram.com\/hotelesdemadrid\/","article_published_time":"2020-06-24T15:05:06+00:00","og_image":[{"width":1200,"height":624,"url":"https:\/\/aehm.es\/wp-content\/uploads\/2020\/06\/Los-hoteleros-madrilenos-y-el-WTTC-analizan-el-estado-actual-y-futuro-del-sector-turistico-ante-el-Covid-19-1.jpg","type":"image\/jpeg"}],"author":"richard","twitter_card":"summary_large_image","twitter_image":"https:\/\/aehm.es\/wp-content\/uploads\/2020\/06\/Los-hoteleros-madrilenos-y-el-WTTC-analizan-el-estado-actual-y-futuro-del-sector-turistico-ante-el-Covid-19-1.jpg","twitter_creator":"@HotelesAEHM","twitter_site":"@HotelesAEHM","twitter_misc":{"Written by":"richard","Est. reading time":"5 minutes"},"schema":{"@context":"https:\/\/schema.org","@graph":[{"@type":"Article","@id":"https:\/\/aehm.es\/los-hoteleros-madrilenos-y-el-wttc-analizan-el-estado-actual-y-futuro-del-sector-turistico-ante-el-covid-19\/#article","isPartOf":{"@id":"https:\/\/aehm.es\/los-hoteleros-madrilenos-y-el-wttc-analizan-el-estado-actual-y-futuro-del-sector-turistico-ante-el-covid-19\/"},"author":{"name":"richard","@id":"https:\/\/aehm.es\/#\/schema\/person\/ca1397f4b0bcee246b58a0278b67a95f"},"headline":"Los hoteleros madrile\u00f1os y el WTTC analizan el estado actual y futuro del sector tur\u00edstico ante el Covid-19","datePublished":"2020-06-24T15:05:06+00:00","mainEntityOfPage":{"@id":"https:\/\/aehm.es\/los-hoteleros-madrilenos-y-el-wttc-analizan-el-estado-actual-y-futuro-del-sector-turistico-ante-el-covid-19\/"},"wordCount":924,"publisher":{"@id":"https:\/\/aehm.es\/#organization"},"image":{"@id":"https:\/\/aehm.es\/los-hoteleros-madrilenos-y-el-wttc-analizan-el-estado-actual-y-futuro-del-sector-turistico-ante-el-covid-19\/#primaryimage"},"thumbnailUrl":"https:\/\/aehm.es\/wp-content\/uploads\/2020\/06\/Los-hoteleros-madrilenos-y-el-WTTC-analizan-el-estado-actual-y-futuro-del-sector-turistico-ante-el-Covid-19.jpg","articleSection":["Actualidad AEHM"],"inLanguage":"en-US"},{"@type":"WebPage","@id":"https:\/\/aehm.es\/los-hoteleros-madrilenos-y-el-wttc-analizan-el-estado-actual-y-futuro-del-sector-turistico-ante-el-covid-19\/","url":"https:\/\/aehm.es\/los-hoteleros-madrilenos-y-el-wttc-analizan-el-estado-actual-y-futuro-del-sector-turistico-ante-el-covid-19\/","name":"Los hoteleros madrile\u00f1os y el WTTC analizan el estado actual y futuro del sector tur\u00edstico ante el Covid-19 - AEHM","isPartOf":{"@id":"https:\/\/aehm.es\/#website"},"primaryImageOfPage":{"@id":"https:\/\/aehm.es\/los-hoteleros-madrilenos-y-el-wttc-analizan-el-estado-actual-y-futuro-del-sector-turistico-ante-el-covid-19\/#primaryimage"},"image":{"@id":"https:\/\/aehm.es\/los-hoteleros-madrilenos-y-el-wttc-analizan-el-estado-actual-y-futuro-del-sector-turistico-ante-el-covid-19\/#primaryimage"},"thumbnailUrl":"https:\/\/aehm.es\/wp-content\/uploads\/2020\/06\/Los-hoteleros-madrilenos-y-el-WTTC-analizan-el-estado-actual-y-futuro-del-sector-turistico-ante-el-Covid-19.jpg","datePublished":"2020-06-24T15:05:06+00:00","description":"El impacto econ\u00f3mico de la crisis del Covid-19 es cinco veces superior al de la crisis de 2008, seg\u00fan la presidenta de la WTTC","breadcrumb":{"@id":"https:\/\/aehm.es\/los-hoteleros-madrilenos-y-el-wttc-analizan-el-estado-actual-y-futuro-del-sector-turistico-ante-el-covid-19\/#breadcrumb"},"inLanguage":"en-US","potentialAction":[{"@type":"ReadAction","target":["https:\/\/aehm.es\/los-hoteleros-madrilenos-y-el-wttc-analizan-el-estado-actual-y-futuro-del-sector-turistico-ante-el-covid-19\/"]}]},{"@type":"ImageObject","inLanguage":"en-US","@id":"https:\/\/aehm.es\/los-hoteleros-madrilenos-y-el-wttc-analizan-el-estado-actual-y-futuro-del-sector-turistico-ante-el-covid-19\/#primaryimage","url":"https:\/\/aehm.es\/wp-content\/uploads\/2020\/06\/Los-hoteleros-madrilenos-y-el-WTTC-analizan-el-estado-actual-y-futuro-del-sector-turistico-ante-el-Covid-19.jpg","contentUrl":"https:\/\/aehm.es\/wp-content\/uploads\/2020\/06\/Los-hoteleros-madrilenos-y-el-WTTC-analizan-el-estado-actual-y-futuro-del-sector-turistico-ante-el-Covid-19.jpg","width":2400,"height":1248,"caption":"Imagen nocturna del Templo de Debod en Madrid"},{"@type":"BreadcrumbList","@id":"https:\/\/aehm.es\/los-hoteleros-madrilenos-y-el-wttc-analizan-el-estado-actual-y-futuro-del-sector-turistico-ante-el-covid-19\/#breadcrumb","itemListElement":[{"@type":"ListItem","position":1,"name":"Portada","item":"https:\/\/aehm.es\/en\/"},{"@type":"ListItem","position":2,"name":"Los hoteleros madrile\u00f1os y el WTTC analizan el estado actual y futuro del sector tur\u00edstico ante el Covid-19"}]},{"@type":"WebSite","@id":"https:\/\/aehm.es\/#website","url":"https:\/\/aehm.es\/","name":"Asociaci\u00f3n Empresarial Hotelera de Madrid","description":"La Asociaci\u00f3n Empresarial Hotelera Madrid est\u00e1 formada por m\u00e1s de 300 establecimientos de todas las categor\u00edas y tipolog\u00edas (hoteles, hostales, hostels, apartamentos\u2026) que suman m\u00e1s de 75.000 plazas de alojamiento.","publisher":{"@id":"https:\/\/aehm.es\/#organization"},"alternateName":"AEHM","potentialAction":[{"@type":"SearchAction","target":{"@type":"EntryPoint","urlTemplate":"https:\/\/aehm.es\/?s={search_term_string}"},"query-input":{"@type":"PropertyValueSpecification","valueRequired":true,"valueName":"search_term_string"}}],"inLanguage":"en-US"},{"@type":"Organization","@id":"https:\/\/aehm.es\/#organization","name":"Asociaci\u00f3n Empresarial Hotelera de Madrid","url":"https:\/\/aehm.es\/","logo":{"@type":"ImageObject","inLanguage":"en-US","@id":"https:\/\/aehm.es\/#\/schema\/logo\/image\/","url":"https:\/\/aehm.es\/wp-content\/uploads\/2021\/11\/Logo_AEHM_Horiz.png","contentUrl":"https:\/\/aehm.es\/wp-content\/uploads\/2021\/11\/Logo_AEHM_Horiz.png","width":600,"height":182,"caption":"Asociaci\u00f3n Empresarial Hotelera de Madrid"},"image":{"@id":"https:\/\/aehm.es\/#\/schema\/logo\/image\/"},"sameAs":["https:\/\/www.instagram.com\/hotelesdemadrid\/","https:\/\/x.com\/HotelesAEHM","https:\/\/www.linkedin.com\/company\/11166072\/"]},{"@type":"Person","@id":"https:\/\/aehm.es\/#\/schema\/person\/ca1397f4b0bcee246b58a0278b67a95f","name":"richard","image":{"@type":"ImageObject","inLanguage":"en-US","@id":"https:\/\/secure.gravatar.com\/avatar\/dd2486a811ecc34bf766b7d8b17d0ea76674186c415867af39660e429e20e1a0?s=96&d=mm&r=g","url":"https:\/\/secure.gravatar.com\/avatar\/dd2486a811ecc34bf766b7d8b17d0ea76674186c415867af39660e429e20e1a0?s=96&d=mm&r=g","contentUrl":"https:\/\/secure.gravatar.com\/avatar\/dd2486a811ecc34bf766b7d8b17d0ea76674186c415867af39660e429e20e1a0?s=96&d=mm&r=g","caption":"richard"},"url":"https:\/\/aehm.es\/en\/author\/richard\/"}]}},"_links":{"self":[{"href":"https:\/\/aehm.es\/en\/wp-json\/wp\/v2\/posts\/7756","targetHints":{"allow":["GET"]}}],"collection":[{"href":"https:\/\/aehm.es\/en\/wp-json\/wp\/v2\/posts"}],"about":[{"href":"https:\/\/aehm.es\/en\/wp-json\/wp\/v2\/types\/post"}],"author":[{"embeddable":true,"href":"https:\/\/aehm.es\/en\/wp-json\/wp\/v2\/users\/1"}],"replies":[{"embeddable":true,"href":"https:\/\/aehm.es\/en\/wp-json\/wp\/v2\/comments?post=7756"}],"version-history":[{"count":0,"href":"https:\/\/aehm.es\/en\/wp-json\/wp\/v2\/posts\/7756\/revisions"}],"wp:featuredmedia":[{"embeddable":true,"href":"https:\/\/aehm.es\/en\/wp-json\/wp\/v2\/media\/7758"}],"wp:attachment":[{"href":"https:\/\/aehm.es\/en\/wp-json\/wp\/v2\/media?parent=7756"}],"wp:term":[{"taxonomy":"category","embeddable":true,"href":"https:\/\/aehm.es\/en\/wp-json\/wp\/v2\/categories?post=7756"},{"taxonomy":"post_tag","embeddable":true,"href":"https:\/\/aehm.es\/en\/wp-json\/wp\/v2\/tags?post=7756"}],"curies":[{"name":"wp","href":"https:\/\/api.w.org\/{rel}","templated":true}]}}