{"id":7410,"date":"2020-05-14T17:05:36","date_gmt":"2020-05-14T17:05:36","guid":{"rendered":"https:\/\/aehm.es\/?p=7410"},"modified":"2020-05-14T17:05:36","modified_gmt":"2020-05-14T17:05:36","slug":"los-establecimientos-asociados-no-han-percibido-ninguna-contraprestacion-economica-por-ceder-sus-instalaciones","status":"publish","type":"post","link":"https:\/\/aehm.es\/en\/los-establecimientos-asociados-no-han-percibido-ninguna-contraprestacion-economica-por-ceder-sus-instalaciones\/","title":{"rendered":"Los hoteleros madrile\u00f1os informamos que los establecimientos asociados no han percibido ninguna contraprestaci\u00f3n econ\u00f3mica por ceder sus instalaciones ante la emergencia del Covid-19"},"content":{"rendered":"<p><em>Madrid, 14 de mayo de 2020.-<\/em> La Asociaci\u00f3n Empresarial Hotelera de Madrid quiere se\u00f1alar que los establecimientos asociados <strong>no han percibido ninguna contraprestaci\u00f3n econ\u00f3mica por ceder sus instalaciones <\/strong>para atender a los pacientes afectados por el coronavirus y alojar a los profesionales sanitarios.<\/p>\n<p>Adem\u00e1s, quiere aclarar que <strong>han sido los mismos establecimientos quienes han asumido los costes de personal propio, los de mantenimiento y los energ\u00e9ticos,<\/strong> salvo en aquellos casos en los que estos \u00faltimos fueron asumidos por empresas de suministro energ\u00e9tico. Por su parte, la consejer\u00eda ha asumido los gastos de adaptaci\u00f3n de los establecimientos para medicalizarlos, as\u00ed como los gastos de catering y de limpieza. El detalle sobre el tipo de gastos relacionados a la adaptaci\u00f3n y la puesta en marcha de cada establecimiento est\u00e1 recogido en las \u00d3rdenes que ha elevado Sanidad a cada uno de los hoteles.<\/p>\n<h2>Compromiso voluntario y desinteresado<\/h2>\n<p>Por \u00faltimo, la asociaci\u00f3n quiere recordar que, como muestra de compromiso con la sociedad, <strong>desde el primer momento los hoteleros madrile\u00f1os se pusieron a disposici\u00f3n de las autoridades<\/strong> para ayudar y colaborar. En total, m\u00e1s de 40 hoteles con hasta 9.000 camas ofrecieron de forma voluntaria y desinteresada sus instalaciones para atender a pacientes.<\/p>\n<blockquote><p>En total, m\u00e1s de 40 hoteles con hasta 9.000 camas ofrecieron de forma voluntaria y desinteresada sus instalaciones para<\/p><\/blockquote>\n<p>Fruto de ello, estos hoteles medicalizados han atendido a m\u00e1s de 2.700 pacientes. En la actualidad, permanecen habilitados tres de ellos, en los que se siguen recuperando personas afectadas. M\u00e1s de la mitad de los hoteles habilitados para el alojamiento de personal sanitario contin\u00faa operando. En total, en ellos se ha alojado a m\u00e1s de 1.500 sanitarios hasta la fecha.<\/p>\n<p>Todo esto, se ha llevado a cabo en perfecta coordinaci\u00f3n con la Consejer\u00eda de Sanidad, como ha sido pauta desde el principio.<\/p>\n","protected":false},"excerpt":{"rendered":"<p>Madrid, 14 de mayo de 2020.- La Asociaci\u00f3n Empresarial Hotelera de Madrid quiere se\u00f1alar que los establecimientos asociados no han percibido ninguna contraprestaci\u00f3n econ\u00f3mica por ceder sus instalaciones para atender a los pacientes afectados por el coronavirus y alojar a los profesionales sanitarios. Adem\u00e1s, quiere aclarar que han sido los mismos establecimientos quienes han asumido [&hellip;]<\/p>\n","protected":false},"author":1,"featured_media":6809,"comment_status":"closed","ping_status":"open","sticky":false,"template":"","format":"standard","meta":{"footnotes":""},"categories":[1],"tags":[],"class_list":["post-7410","post","type-post","status-publish","format-standard","has-post-thumbnail","hentry","category-actualidad-aehm"],"yoast_head":"<!-- This site is optimized with the Yoast SEO plugin v27.5 - https:\/\/yoast.com\/product\/yoast-seo-wordpress\/ -->\n<title>Los hoteleros madrile\u00f1os informamos que los establecimientos asociados no han percibido ninguna contraprestaci\u00f3n econ\u00f3mica por ceder sus instalaciones ante la emergencia del Covid-19 - AEHM<\/title>\n<meta name=\"description\" content=\"La Asociaci\u00f3n Empresarial Hotelera de Madrid quiere se\u00f1alar que los establecimientos no han percibido ninguna contraprestaci\u00f3n por ceder sus instalaciones\" \/>\n<meta name=\"robots\" content=\"index, follow, max-snippet:-1, max-image-preview:large, max-video-preview:-1\" \/>\n<link rel=\"canonical\" href=\"https:\/\/aehm.es\/los-establecimientos-asociados-no-han-percibido-ninguna-contraprestacion-economica-por-ceder-sus-instalaciones\/\" \/>\n<meta property=\"og:locale\" content=\"en_US\" \/>\n<meta property=\"og:type\" content=\"article\" \/>\n<meta property=\"og:title\" content=\"Los hoteleros madrile\u00f1os informamos que los establecimientos asociados no han percibido ninguna contraprestaci\u00f3n econ\u00f3mica por ceder sus instalaciones ante la emergencia del Covid-19 - AEHM\" \/>\n<meta property=\"og:description\" content=\"La Asociaci\u00f3n Empresarial Hotelera de Madrid quiere se\u00f1alar que los establecimientos no han percibido ninguna contraprestaci\u00f3n por ceder sus instalaciones\" \/>\n<meta property=\"og:url\" content=\"https:\/\/aehm.es\/los-establecimientos-asociados-no-han-percibido-ninguna-contraprestacion-economica-por-ceder-sus-instalaciones\/\" \/>\n<meta property=\"og:site_name\" content=\"AEHM\" \/>\n<meta property=\"article:publisher\" content=\"https:\/\/www.instagram.com\/hotelesdemadrid\/\" \/>\n<meta property=\"article:published_time\" content=\"2020-05-14T17:05:36+00:00\" \/>\n<meta property=\"og:image\" content=\"https:\/\/aehm.es\/wp-content\/uploads\/2020\/05\/AEHM-informa-que-los-establecimientos-asociados-no-han-percibido-ninguna-contraprestacion-por-ceder-sus-instalaciones-1.jpg\" \/>\n\t<meta property=\"og:image:width\" content=\"1200\" \/>\n\t<meta property=\"og:image:height\" content=\"624\" \/>\n\t<meta property=\"og:image:type\" content=\"image\/jpeg\" \/>\n<meta name=\"author\" content=\"richard\" \/>\n<meta name=\"twitter:card\" content=\"summary_large_image\" \/>\n<meta name=\"twitter:image\" content=\"https:\/\/aehm.es\/wp-content\/uploads\/2020\/05\/AEHM-informa-que-los-establecimientos-asociados-no-han-percibido-ninguna-contraprestacion-por-ceder-sus-instalaciones-1.jpg\" \/>\n<meta name=\"twitter:creator\" content=\"@HotelesAEHM\" \/>\n<meta name=\"twitter:site\" content=\"@HotelesAEHM\" \/>\n<meta name=\"twitter:label1\" content=\"Written by\" \/>\n\t<meta name=\"twitter:data1\" content=\"richard\" \/>\n\t<meta name=\"twitter:label2\" content=\"Est. reading time\" \/>\n\t<meta name=\"twitter:data2\" content=\"2 minutes\" \/>\n<script type=\"application\/ld+json\" class=\"yoast-schema-graph\">{\"@context\":\"https:\\\/\\\/schema.org\",\"@graph\":[{\"@type\":\"Article\",\"@id\":\"https:\\\/\\\/aehm.es\\\/los-establecimientos-asociados-no-han-percibido-ninguna-contraprestacion-economica-por-ceder-sus-instalaciones\\\/#article\",\"isPartOf\":{\"@id\":\"https:\\\/\\\/aehm.es\\\/los-establecimientos-asociados-no-han-percibido-ninguna-contraprestacion-economica-por-ceder-sus-instalaciones\\\/\"},\"author\":{\"name\":\"richard\",\"@id\":\"https:\\\/\\\/aehm.es\\\/#\\\/schema\\\/person\\\/ca1397f4b0bcee246b58a0278b67a95f\"},\"headline\":\"Los hoteleros madrile\u00f1os informamos que los establecimientos asociados no han percibido ninguna contraprestaci\u00f3n econ\u00f3mica por ceder sus instalaciones ante la emergencia del Covid-19\",\"datePublished\":\"2020-05-14T17:05:36+00:00\",\"mainEntityOfPage\":{\"@id\":\"https:\\\/\\\/aehm.es\\\/los-establecimientos-asociados-no-han-percibido-ninguna-contraprestacion-economica-por-ceder-sus-instalaciones\\\/\"},\"wordCount\":340,\"publisher\":{\"@id\":\"https:\\\/\\\/aehm.es\\\/#organization\"},\"image\":{\"@id\":\"https:\\\/\\\/aehm.es\\\/los-establecimientos-asociados-no-han-percibido-ninguna-contraprestacion-economica-por-ceder-sus-instalaciones\\\/#primaryimage\"},\"thumbnailUrl\":\"https:\\\/\\\/aehm.es\\\/wp-content\\\/uploads\\\/2020\\\/03\\\/Imagen-Hotel-Gran-Colon-EFE-1.jpg\",\"articleSection\":[\"Actualidad AEHM\"],\"inLanguage\":\"en-US\"},{\"@type\":\"WebPage\",\"@id\":\"https:\\\/\\\/aehm.es\\\/los-establecimientos-asociados-no-han-percibido-ninguna-contraprestacion-economica-por-ceder-sus-instalaciones\\\/\",\"url\":\"https:\\\/\\\/aehm.es\\\/los-establecimientos-asociados-no-han-percibido-ninguna-contraprestacion-economica-por-ceder-sus-instalaciones\\\/\",\"name\":\"Los hoteleros madrile\u00f1os informamos que los establecimientos asociados no han percibido ninguna contraprestaci\u00f3n econ\u00f3mica por ceder sus instalaciones ante la emergencia del Covid-19 - AEHM\",\"isPartOf\":{\"@id\":\"https:\\\/\\\/aehm.es\\\/#website\"},\"primaryImageOfPage\":{\"@id\":\"https:\\\/\\\/aehm.es\\\/los-establecimientos-asociados-no-han-percibido-ninguna-contraprestacion-economica-por-ceder-sus-instalaciones\\\/#primaryimage\"},\"image\":{\"@id\":\"https:\\\/\\\/aehm.es\\\/los-establecimientos-asociados-no-han-percibido-ninguna-contraprestacion-economica-por-ceder-sus-instalaciones\\\/#primaryimage\"},\"thumbnailUrl\":\"https:\\\/\\\/aehm.es\\\/wp-content\\\/uploads\\\/2020\\\/03\\\/Imagen-Hotel-Gran-Colon-EFE-1.jpg\",\"datePublished\":\"2020-05-14T17:05:36+00:00\",\"description\":\"La Asociaci\u00f3n Empresarial Hotelera de Madrid quiere se\u00f1alar que los establecimientos no han percibido ninguna contraprestaci\u00f3n por ceder sus instalaciones\",\"breadcrumb\":{\"@id\":\"https:\\\/\\\/aehm.es\\\/los-establecimientos-asociados-no-han-percibido-ninguna-contraprestacion-economica-por-ceder-sus-instalaciones\\\/#breadcrumb\"},\"inLanguage\":\"en-US\",\"potentialAction\":[{\"@type\":\"ReadAction\",\"target\":[\"https:\\\/\\\/aehm.es\\\/los-establecimientos-asociados-no-han-percibido-ninguna-contraprestacion-economica-por-ceder-sus-instalaciones\\\/\"]}]},{\"@type\":\"ImageObject\",\"inLanguage\":\"en-US\",\"@id\":\"https:\\\/\\\/aehm.es\\\/los-establecimientos-asociados-no-han-percibido-ninguna-contraprestacion-economica-por-ceder-sus-instalaciones\\\/#primaryimage\",\"url\":\"https:\\\/\\\/aehm.es\\\/wp-content\\\/uploads\\\/2020\\\/03\\\/Imagen-Hotel-Gran-Colon-EFE-1.jpg\",\"contentUrl\":\"https:\\\/\\\/aehm.es\\\/wp-content\\\/uploads\\\/2020\\\/03\\\/Imagen-Hotel-Gran-Colon-EFE-1.jpg\",\"width\":1600,\"height\":716},{\"@type\":\"BreadcrumbList\",\"@id\":\"https:\\\/\\\/aehm.es\\\/los-establecimientos-asociados-no-han-percibido-ninguna-contraprestacion-economica-por-ceder-sus-instalaciones\\\/#breadcrumb\",\"itemListElement\":[{\"@type\":\"ListItem\",\"position\":1,\"name\":\"Portada\",\"item\":\"https:\\\/\\\/aehm.es\\\/en\\\/\"},{\"@type\":\"ListItem\",\"position\":2,\"name\":\"Los hoteleros madrile\u00f1os informamos que los establecimientos asociados no han percibido ninguna contraprestaci\u00f3n econ\u00f3mica por ceder sus instalaciones ante la emergencia del Covid-19\"}]},{\"@type\":\"WebSite\",\"@id\":\"https:\\\/\\\/aehm.es\\\/#website\",\"url\":\"https:\\\/\\\/aehm.es\\\/\",\"name\":\"Asociaci\u00f3n Empresarial Hotelera de Madrid\",\"description\":\"La Asociaci\u00f3n Empresarial Hotelera Madrid est\u00e1 formada por m\u00e1s de 300 establecimientos de todas las categor\u00edas y tipolog\u00edas (hoteles, hostales, hostels, apartamentos\u2026) que suman m\u00e1s de 75.000 plazas de alojamiento.\",\"publisher\":{\"@id\":\"https:\\\/\\\/aehm.es\\\/#organization\"},\"alternateName\":\"AEHM\",\"potentialAction\":[{\"@type\":\"SearchAction\",\"target\":{\"@type\":\"EntryPoint\",\"urlTemplate\":\"https:\\\/\\\/aehm.es\\\/?s={search_term_string}\"},\"query-input\":{\"@type\":\"PropertyValueSpecification\",\"valueRequired\":true,\"valueName\":\"search_term_string\"}}],\"inLanguage\":\"en-US\"},{\"@type\":\"Organization\",\"@id\":\"https:\\\/\\\/aehm.es\\\/#organization\",\"name\":\"Asociaci\u00f3n Empresarial Hotelera de Madrid\",\"url\":\"https:\\\/\\\/aehm.es\\\/\",\"logo\":{\"@type\":\"ImageObject\",\"inLanguage\":\"en-US\",\"@id\":\"https:\\\/\\\/aehm.es\\\/#\\\/schema\\\/logo\\\/image\\\/\",\"url\":\"https:\\\/\\\/aehm.es\\\/wp-content\\\/uploads\\\/2021\\\/11\\\/Logo_AEHM_Horiz.png\",\"contentUrl\":\"https:\\\/\\\/aehm.es\\\/wp-content\\\/uploads\\\/2021\\\/11\\\/Logo_AEHM_Horiz.png\",\"width\":600,\"height\":182,\"caption\":\"Asociaci\u00f3n Empresarial Hotelera de Madrid\"},\"image\":{\"@id\":\"https:\\\/\\\/aehm.es\\\/#\\\/schema\\\/logo\\\/image\\\/\"},\"sameAs\":[\"https:\\\/\\\/www.instagram.com\\\/hotelesdemadrid\\\/\",\"https:\\\/\\\/x.com\\\/HotelesAEHM\",\"https:\\\/\\\/www.linkedin.com\\\/company\\\/11166072\\\/\"]},{\"@type\":\"Person\",\"@id\":\"https:\\\/\\\/aehm.es\\\/#\\\/schema\\\/person\\\/ca1397f4b0bcee246b58a0278b67a95f\",\"name\":\"richard\",\"image\":{\"@type\":\"ImageObject\",\"inLanguage\":\"en-US\",\"@id\":\"https:\\\/\\\/secure.gravatar.com\\\/avatar\\\/dd2486a811ecc34bf766b7d8b17d0ea76674186c415867af39660e429e20e1a0?s=96&d=mm&r=g\",\"url\":\"https:\\\/\\\/secure.gravatar.com\\\/avatar\\\/dd2486a811ecc34bf766b7d8b17d0ea76674186c415867af39660e429e20e1a0?s=96&d=mm&r=g\",\"contentUrl\":\"https:\\\/\\\/secure.gravatar.com\\\/avatar\\\/dd2486a811ecc34bf766b7d8b17d0ea76674186c415867af39660e429e20e1a0?s=96&d=mm&r=g\",\"caption\":\"richard\"},\"url\":\"https:\\\/\\\/aehm.es\\\/en\\\/author\\\/richard\\\/\"}]}<\/script>\n<!-- \/ Yoast SEO plugin. -->","yoast_head_json":{"title":"Los hoteleros madrile\u00f1os informamos que los establecimientos asociados no han percibido ninguna contraprestaci\u00f3n econ\u00f3mica por ceder sus instalaciones ante la emergencia del Covid-19 - AEHM","description":"La Asociaci\u00f3n Empresarial Hotelera de Madrid quiere se\u00f1alar que los establecimientos no han percibido ninguna contraprestaci\u00f3n por ceder sus instalaciones","robots":{"index":"index","follow":"follow","max-snippet":"max-snippet:-1","max-image-preview":"max-image-preview:large","max-video-preview":"max-video-preview:-1"},"canonical":"https:\/\/aehm.es\/los-establecimientos-asociados-no-han-percibido-ninguna-contraprestacion-economica-por-ceder-sus-instalaciones\/","og_locale":"en_US","og_type":"article","og_title":"Los hoteleros madrile\u00f1os informamos que los establecimientos asociados no han percibido ninguna contraprestaci\u00f3n econ\u00f3mica por ceder sus instalaciones ante la emergencia del Covid-19 - AEHM","og_description":"La Asociaci\u00f3n Empresarial Hotelera de Madrid quiere se\u00f1alar que los establecimientos no han percibido ninguna contraprestaci\u00f3n por ceder sus instalaciones","og_url":"https:\/\/aehm.es\/los-establecimientos-asociados-no-han-percibido-ninguna-contraprestacion-economica-por-ceder-sus-instalaciones\/","og_site_name":"AEHM","article_publisher":"https:\/\/www.instagram.com\/hotelesdemadrid\/","article_published_time":"2020-05-14T17:05:36+00:00","og_image":[{"width":1200,"height":624,"url":"https:\/\/aehm.es\/wp-content\/uploads\/2020\/05\/AEHM-informa-que-los-establecimientos-asociados-no-han-percibido-ninguna-contraprestacion-por-ceder-sus-instalaciones-1.jpg","type":"image\/jpeg"}],"author":"richard","twitter_card":"summary_large_image","twitter_image":"https:\/\/aehm.es\/wp-content\/uploads\/2020\/05\/AEHM-informa-que-los-establecimientos-asociados-no-han-percibido-ninguna-contraprestacion-por-ceder-sus-instalaciones-1.jpg","twitter_creator":"@HotelesAEHM","twitter_site":"@HotelesAEHM","twitter_misc":{"Written by":"richard","Est. reading time":"2 minutes"},"schema":{"@context":"https:\/\/schema.org","@graph":[{"@type":"Article","@id":"https:\/\/aehm.es\/los-establecimientos-asociados-no-han-percibido-ninguna-contraprestacion-economica-por-ceder-sus-instalaciones\/#article","isPartOf":{"@id":"https:\/\/aehm.es\/los-establecimientos-asociados-no-han-percibido-ninguna-contraprestacion-economica-por-ceder-sus-instalaciones\/"},"author":{"name":"richard","@id":"https:\/\/aehm.es\/#\/schema\/person\/ca1397f4b0bcee246b58a0278b67a95f"},"headline":"Los hoteleros madrile\u00f1os informamos que los establecimientos asociados no han percibido ninguna contraprestaci\u00f3n econ\u00f3mica por ceder sus instalaciones ante la emergencia del Covid-19","datePublished":"2020-05-14T17:05:36+00:00","mainEntityOfPage":{"@id":"https:\/\/aehm.es\/los-establecimientos-asociados-no-han-percibido-ninguna-contraprestacion-economica-por-ceder-sus-instalaciones\/"},"wordCount":340,"publisher":{"@id":"https:\/\/aehm.es\/#organization"},"image":{"@id":"https:\/\/aehm.es\/los-establecimientos-asociados-no-han-percibido-ninguna-contraprestacion-economica-por-ceder-sus-instalaciones\/#primaryimage"},"thumbnailUrl":"https:\/\/aehm.es\/wp-content\/uploads\/2020\/03\/Imagen-Hotel-Gran-Colon-EFE-1.jpg","articleSection":["Actualidad AEHM"],"inLanguage":"en-US"},{"@type":"WebPage","@id":"https:\/\/aehm.es\/los-establecimientos-asociados-no-han-percibido-ninguna-contraprestacion-economica-por-ceder-sus-instalaciones\/","url":"https:\/\/aehm.es\/los-establecimientos-asociados-no-han-percibido-ninguna-contraprestacion-economica-por-ceder-sus-instalaciones\/","name":"Los hoteleros madrile\u00f1os informamos que los establecimientos asociados no han percibido ninguna contraprestaci\u00f3n econ\u00f3mica por ceder sus instalaciones ante la emergencia del Covid-19 - AEHM","isPartOf":{"@id":"https:\/\/aehm.es\/#website"},"primaryImageOfPage":{"@id":"https:\/\/aehm.es\/los-establecimientos-asociados-no-han-percibido-ninguna-contraprestacion-economica-por-ceder-sus-instalaciones\/#primaryimage"},"image":{"@id":"https:\/\/aehm.es\/los-establecimientos-asociados-no-han-percibido-ninguna-contraprestacion-economica-por-ceder-sus-instalaciones\/#primaryimage"},"thumbnailUrl":"https:\/\/aehm.es\/wp-content\/uploads\/2020\/03\/Imagen-Hotel-Gran-Colon-EFE-1.jpg","datePublished":"2020-05-14T17:05:36+00:00","description":"La Asociaci\u00f3n Empresarial Hotelera de Madrid quiere se\u00f1alar que los establecimientos no han percibido ninguna contraprestaci\u00f3n por ceder sus instalaciones","breadcrumb":{"@id":"https:\/\/aehm.es\/los-establecimientos-asociados-no-han-percibido-ninguna-contraprestacion-economica-por-ceder-sus-instalaciones\/#breadcrumb"},"inLanguage":"en-US","potentialAction":[{"@type":"ReadAction","target":["https:\/\/aehm.es\/los-establecimientos-asociados-no-han-percibido-ninguna-contraprestacion-economica-por-ceder-sus-instalaciones\/"]}]},{"@type":"ImageObject","inLanguage":"en-US","@id":"https:\/\/aehm.es\/los-establecimientos-asociados-no-han-percibido-ninguna-contraprestacion-economica-por-ceder-sus-instalaciones\/#primaryimage","url":"https:\/\/aehm.es\/wp-content\/uploads\/2020\/03\/Imagen-Hotel-Gran-Colon-EFE-1.jpg","contentUrl":"https:\/\/aehm.es\/wp-content\/uploads\/2020\/03\/Imagen-Hotel-Gran-Colon-EFE-1.jpg","width":1600,"height":716},{"@type":"BreadcrumbList","@id":"https:\/\/aehm.es\/los-establecimientos-asociados-no-han-percibido-ninguna-contraprestacion-economica-por-ceder-sus-instalaciones\/#breadcrumb","itemListElement":[{"@type":"ListItem","position":1,"name":"Portada","item":"https:\/\/aehm.es\/en\/"},{"@type":"ListItem","position":2,"name":"Los hoteleros madrile\u00f1os informamos que los establecimientos asociados no han percibido ninguna contraprestaci\u00f3n econ\u00f3mica por ceder sus instalaciones ante la emergencia del Covid-19"}]},{"@type":"WebSite","@id":"https:\/\/aehm.es\/#website","url":"https:\/\/aehm.es\/","name":"Asociaci\u00f3n Empresarial Hotelera de Madrid","description":"La Asociaci\u00f3n Empresarial Hotelera Madrid est\u00e1 formada por m\u00e1s de 300 establecimientos de todas las categor\u00edas y tipolog\u00edas (hoteles, hostales, hostels, apartamentos\u2026) que suman m\u00e1s de 75.000 plazas de alojamiento.","publisher":{"@id":"https:\/\/aehm.es\/#organization"},"alternateName":"AEHM","potentialAction":[{"@type":"SearchAction","target":{"@type":"EntryPoint","urlTemplate":"https:\/\/aehm.es\/?s={search_term_string}"},"query-input":{"@type":"PropertyValueSpecification","valueRequired":true,"valueName":"search_term_string"}}],"inLanguage":"en-US"},{"@type":"Organization","@id":"https:\/\/aehm.es\/#organization","name":"Asociaci\u00f3n Empresarial Hotelera de Madrid","url":"https:\/\/aehm.es\/","logo":{"@type":"ImageObject","inLanguage":"en-US","@id":"https:\/\/aehm.es\/#\/schema\/logo\/image\/","url":"https:\/\/aehm.es\/wp-content\/uploads\/2021\/11\/Logo_AEHM_Horiz.png","contentUrl":"https:\/\/aehm.es\/wp-content\/uploads\/2021\/11\/Logo_AEHM_Horiz.png","width":600,"height":182,"caption":"Asociaci\u00f3n Empresarial Hotelera de Madrid"},"image":{"@id":"https:\/\/aehm.es\/#\/schema\/logo\/image\/"},"sameAs":["https:\/\/www.instagram.com\/hotelesdemadrid\/","https:\/\/x.com\/HotelesAEHM","https:\/\/www.linkedin.com\/company\/11166072\/"]},{"@type":"Person","@id":"https:\/\/aehm.es\/#\/schema\/person\/ca1397f4b0bcee246b58a0278b67a95f","name":"richard","image":{"@type":"ImageObject","inLanguage":"en-US","@id":"https:\/\/secure.gravatar.com\/avatar\/dd2486a811ecc34bf766b7d8b17d0ea76674186c415867af39660e429e20e1a0?s=96&d=mm&r=g","url":"https:\/\/secure.gravatar.com\/avatar\/dd2486a811ecc34bf766b7d8b17d0ea76674186c415867af39660e429e20e1a0?s=96&d=mm&r=g","contentUrl":"https:\/\/secure.gravatar.com\/avatar\/dd2486a811ecc34bf766b7d8b17d0ea76674186c415867af39660e429e20e1a0?s=96&d=mm&r=g","caption":"richard"},"url":"https:\/\/aehm.es\/en\/author\/richard\/"}]}},"_links":{"self":[{"href":"https:\/\/aehm.es\/en\/wp-json\/wp\/v2\/posts\/7410","targetHints":{"allow":["GET"]}}],"collection":[{"href":"https:\/\/aehm.es\/en\/wp-json\/wp\/v2\/posts"}],"about":[{"href":"https:\/\/aehm.es\/en\/wp-json\/wp\/v2\/types\/post"}],"author":[{"embeddable":true,"href":"https:\/\/aehm.es\/en\/wp-json\/wp\/v2\/users\/1"}],"replies":[{"embeddable":true,"href":"https:\/\/aehm.es\/en\/wp-json\/wp\/v2\/comments?post=7410"}],"version-history":[{"count":0,"href":"https:\/\/aehm.es\/en\/wp-json\/wp\/v2\/posts\/7410\/revisions"}],"wp:featuredmedia":[{"embeddable":true,"href":"https:\/\/aehm.es\/en\/wp-json\/wp\/v2\/media\/6809"}],"wp:attachment":[{"href":"https:\/\/aehm.es\/en\/wp-json\/wp\/v2\/media?parent=7410"}],"wp:term":[{"taxonomy":"category","embeddable":true,"href":"https:\/\/aehm.es\/en\/wp-json\/wp\/v2\/categories?post=7410"},{"taxonomy":"post_tag","embeddable":true,"href":"https:\/\/aehm.es\/en\/wp-json\/wp\/v2\/tags?post=7410"}],"curies":[{"name":"wp","href":"https:\/\/api.w.org\/{rel}","templated":true}]}}