{"id":7241,"date":"2020-04-29T17:52:09","date_gmt":"2020-04-29T17:52:09","guid":{"rendered":"https:\/\/aehm.es\/?p=7241"},"modified":"2020-04-29T17:52:09","modified_gmt":"2020-04-29T17:52:09","slug":"manifestamos-nuestra-gran-preocupacion-por-el-plan-de-desescalada","status":"publish","type":"post","link":"https:\/\/aehm.es\/en\/manifestamos-nuestra-gran-preocupacion-por-el-plan-de-desescalada\/","title":{"rendered":"Los hoteleros madrile\u00f1os manifestamos nuestra gran preocupaci\u00f3n por el plan de desescalada presentado por el presidente del Gobierno"},"content":{"rendered":"<p style=\"text-align: center;\"><strong>Desde la Asociaci\u00f3n Empresarial Hotelera de Madrid (AEHM) remarcamos la falta de comunicaci\u00f3n y di\u00e1logo mostrado por el Ejecutivo en el dise\u00f1o y planificaci\u00f3n de unas medidas de gran impacto y recordamos la importancia del nuestro sector en la econom\u00eda espa\u00f1ola<\/strong><\/p>\n<p><strong><em>Madrid, 29 de abril de 2020<\/em><\/strong><em>.<\/em> Desde la <strong>Asociaci\u00f3n Empresarial Hotelera de Madrid <\/strong>(AEHM) <strong>queremos manifestar nuestra gran preocupaci\u00f3n por el plan de desescalada de las medidas de confinamiento decretadas este martes ante la pandemia del coronavirus por el presidente del Gobierno<\/strong>, Pedro S\u00e1nchez, tras la reuni\u00f3n del <strong>Consejo de Ministros en que fue aprobado<\/strong> y a falta de su publicaci\u00f3n en el BOE. En este sentido, queremos subrayar lo siguiente:<\/p>\n<ul>\n<li><strong>La profunda preocupaci\u00f3n que ha generado en el sector el contenido de dicho plan y la forma en que se ha dise\u00f1ado<\/strong>, suponiendo ahora un problema a\u00f1adido a la grave crisis coyuntural que ya sufre el turismo. A estas alturas, resulta dif\u00edcil entender por qu\u00e9 el Gobierno no ha tenido la deferencia de consultar ni de informar a los representantes del sector hotelero de las medidas, tiempos y protocolos de ejecuci\u00f3n que comunic\u00f3 este martes al conjunto del pa\u00eds. Lamentamos que se haya evitado el consenso con un sector que siempre ha mantenido una excelente interlocuci\u00f3n y colaboraci\u00f3n con las administraciones p\u00fablicas y que ha demostrado su enorme responsabilidad social.<\/li>\n<li><strong>El malestar provocado por la<\/strong> <strong>falta de respuesta a las peticiones consensuadas entre la CEHAT, CCOO y UGT<\/strong> que se trasladaron al Gobierno el pasado d\u00eda 20 y que planteaban, entre otras cuestiones, la necesidad de concurrencia de la fuerza mayor en el sector derivada del estado de alarma, al menos por un periodo inicial de seis meses, ya que se asum\u00eda que los hoteles seguir\u00edan cerrados, sin actividad y sin ingresos.<\/li>\n<li><strong>La incredulidad que supone contemplar la reapertura <\/strong>de los establecimientos hoteleros en un contexto en el que se imposibilita la llegada de clientes: estando restringidos los traslados interprovinciales, manteni\u00e9ndose cerradas las fronteras, suspendidas las conexiones a\u00e9reas e ignorando que la autorizaci\u00f3n del uso de las \u00e1reas comunes de un establecimiento hotelero le hubiera permitido generar alg\u00fan tipo de ingresos, a\u00fan sin tener demanda suficiente de pernoctaciones.<\/li>\n<\/ul>\n<p>En este contexto, desde la AEHM <strong><span style=\"text-decoration: underline;\"><a href=\"https:\/\/cehat.com\/frontend\/cehat\/CEHAT--Decepcionada-Ante-La-Desescalada-Del-Gobierno--Que-No-Contempla-Las-Especificidades-Del-Secto-vn8485-vst233\" target=\"_blank\" rel=\"noopener noreferrer\">compartimos la decepci\u00f3n de la Confederaci\u00f3n Espa\u00f1ola de Hoteles y Alojamientos Tur\u00edsticos (CEHAT)<\/a><\/span> ante el plan de desescalada del Gobierno<\/strong>, dado a que, entre otras cosas, no resuelve ni especifica c\u00f3mo proceder a la reapertura de los establecimientos hoteleros.<\/p>\n<p>Desde las asociaciones hoteleras, junto al Instituto de Calidad Tur\u00edstica de Espa\u00f1a (ICTE) y otras instituciones, estamos trabajando en el protocolo que habr\u00e1 que implementar en los establecimientos hoteleros y cuyo contenido ser\u00e1 remitido al ministerio de Sanidad para su revisi\u00f3n y aprobaci\u00f3n. <strong>Hasta no contar con un protocolo aprobado por las autoridades correspondientes, ser\u00e1 pr\u00e1cticamente imposible reactivar nuestra actividad sin mayores consecuencias negativas.<\/strong><\/p>\n<blockquote><p><strong>Hasta no contar con un protocolo aprobado por las autoridades correspondientes, ser\u00e1 pr\u00e1cticamente imposible reactivar nuestra actividad sin mayores consecuencias negativas<\/strong><\/p><\/blockquote>\n<p>Asimismo, consideramos fundamental que el SEPE resuelva con urgencia el retraso acumulado en la tramitaci\u00f3n y gesti\u00f3n de ERTEs. Un retraso que est\u00e1 afectando a miles de familias provenientes de un sector que emplea a un n\u00famero importante de personas y que a\u00f1ade a\u00fan m\u00e1s incertidumbre al futuro a nuestra actividad.<\/p>\n<p>Por todo ello, juntamente con CEHAT, <strong>solicitamos una reuni\u00f3n con la ministra de Industria, Turismo y Comercio, Reyes Maroto<\/strong>, para trasladarle la enorme preocupaci\u00f3n que ha generado en el sector el plan anunciado por el Gobierno.<\/p>\n<blockquote><p><strong>Nuestro sector contin\u00faa dispuesto a colaborar con las autoridades en la b\u00fasqueda de soluciones a la crisis<\/strong><\/p><\/blockquote>\n<p>Para finalizar, queremos puntualizar que nuestro sector contin\u00faa dispuesto a colaborar con las autoridades en la b\u00fasqueda de soluciones a la crisis. Cabe recordar, que el turismo ha sido fundamental en la recuperaci\u00f3n econ\u00f3mica de Espa\u00f1a tras la crisis de 2008 y su peso se traduc\u00eda en un 14% del PIB nacional, generando m\u00e1s de 600.000 empleos directos e indirectos.<\/p>\n","protected":false},"excerpt":{"rendered":"<p>Desde la Asociaci\u00f3n Empresarial Hotelera de Madrid (AEHM) remarcamos la falta de comunicaci\u00f3n y di\u00e1logo mostrado por el Ejecutivo en el dise\u00f1o y planificaci\u00f3n de unas medidas de gran impacto y recordamos la importancia del nuestro sector en la econom\u00eda espa\u00f1ola Madrid, 29 de abril de 2020. Desde la Asociaci\u00f3n Empresarial Hotelera de Madrid (AEHM) [&hellip;]<\/p>\n","protected":false},"author":1,"featured_media":7245,"comment_status":"open","ping_status":"open","sticky":false,"template":"","format":"standard","meta":{"footnotes":""},"categories":[1],"tags":[],"class_list":["post-7241","post","type-post","status-publish","format-standard","has-post-thumbnail","hentry","category-actualidad-aehm"],"yoast_head":"<!-- This site is optimized with the Yoast SEO plugin v27.5 - https:\/\/yoast.com\/product\/yoast-seo-wordpress\/ -->\n<title>Los hoteleros madrile\u00f1os manifestamos nuestra gran preocupaci\u00f3n por el plan de desescalada presentado por el presidente del Gobierno - AEHM<\/title>\n<meta name=\"description\" content=\"Remarcamos la falta de di\u00e1logo mostrada por el Ejecutivo en el dise\u00f1o y planificaci\u00f3n de la desescalada y recordamos la importancia del nuestro sector\" \/>\n<meta name=\"robots\" content=\"index, follow, max-snippet:-1, max-image-preview:large, max-video-preview:-1\" \/>\n<link rel=\"canonical\" href=\"https:\/\/aehm.es\/manifestamos-nuestra-gran-preocupacion-por-el-plan-de-desescalada\/\" \/>\n<meta property=\"og:locale\" content=\"en_US\" \/>\n<meta property=\"og:type\" content=\"article\" \/>\n<meta property=\"og:title\" content=\"Los hoteleros madrile\u00f1os manifestamos nuestra gran preocupaci\u00f3n por el plan de desescalada presentado por el presidente del Gobierno - AEHM\" \/>\n<meta property=\"og:description\" content=\"Desde la Asociaci\u00f3n Empresarial Hotelera de Madrid (AEHM) remarcamos la falta de comunicaci\u00f3n y di\u00e1logo mostrado por el Ejecutivo en el dise\u00f1o y planificaci\u00f3n de unas medidas de gran impacto y recordamos la importancia del nuestro sector en la econom\u00eda espa\u00f1ola\" \/>\n<meta property=\"og:url\" content=\"https:\/\/aehm.es\/manifestamos-nuestra-gran-preocupacion-por-el-plan-de-desescalada\/\" \/>\n<meta property=\"og:site_name\" content=\"AEHM\" \/>\n<meta property=\"article:publisher\" content=\"https:\/\/www.instagram.com\/hotelesdemadrid\/\" \/>\n<meta property=\"article:published_time\" content=\"2020-04-29T17:52:09+00:00\" \/>\n<meta property=\"og:image\" content=\"https:\/\/aehm.es\/wp-content\/uploads\/2020\/04\/Preocupacion-por-el-plan-de-desescalada-1.jpg\" \/>\n\t<meta property=\"og:image:width\" content=\"1200\" \/>\n\t<meta property=\"og:image:height\" content=\"600\" \/>\n\t<meta property=\"og:image:type\" content=\"image\/jpeg\" \/>\n<meta name=\"author\" content=\"richard\" \/>\n<meta name=\"twitter:card\" content=\"summary_large_image\" \/>\n<meta name=\"twitter:description\" content=\"Desde la Asociaci\u00f3n Empresarial Hotelera de Madrid (AEHM) remarcamos la falta de comunicaci\u00f3n y di\u00e1logo mostrado por el Ejecutivo en el dise\u00f1o y planificaci\u00f3n de unas medidas de gran impacto y recordamos la importancia del nuestro sector en la econom\u00eda espa\u00f1ola\" \/>\n<meta name=\"twitter:image\" content=\"https:\/\/aehm.es\/wp-content\/uploads\/2020\/04\/Preocupacion-por-el-plan-de-desescalada-1.jpg\" \/>\n<meta name=\"twitter:creator\" content=\"@HotelesAEHM\" \/>\n<meta name=\"twitter:site\" content=\"@HotelesAEHM\" \/>\n<meta name=\"twitter:label1\" content=\"Written by\" \/>\n\t<meta name=\"twitter:data1\" content=\"richard\" \/>\n\t<meta name=\"twitter:label2\" content=\"Est. reading time\" \/>\n\t<meta name=\"twitter:data2\" content=\"4 minutes\" \/>\n<script type=\"application\/ld+json\" class=\"yoast-schema-graph\">{\"@context\":\"https:\\\/\\\/schema.org\",\"@graph\":[{\"@type\":\"Article\",\"@id\":\"https:\\\/\\\/aehm.es\\\/manifestamos-nuestra-gran-preocupacion-por-el-plan-de-desescalada\\\/#article\",\"isPartOf\":{\"@id\":\"https:\\\/\\\/aehm.es\\\/manifestamos-nuestra-gran-preocupacion-por-el-plan-de-desescalada\\\/\"},\"author\":{\"name\":\"richard\",\"@id\":\"https:\\\/\\\/aehm.es\\\/#\\\/schema\\\/person\\\/ca1397f4b0bcee246b58a0278b67a95f\"},\"headline\":\"Los hoteleros madrile\u00f1os manifestamos nuestra gran preocupaci\u00f3n por el plan de desescalada presentado por el presidente del Gobierno\",\"datePublished\":\"2020-04-29T17:52:09+00:00\",\"mainEntityOfPage\":{\"@id\":\"https:\\\/\\\/aehm.es\\\/manifestamos-nuestra-gran-preocupacion-por-el-plan-de-desescalada\\\/\"},\"wordCount\":725,\"commentCount\":0,\"publisher\":{\"@id\":\"https:\\\/\\\/aehm.es\\\/#organization\"},\"image\":{\"@id\":\"https:\\\/\\\/aehm.es\\\/manifestamos-nuestra-gran-preocupacion-por-el-plan-de-desescalada\\\/#primaryimage\"},\"thumbnailUrl\":\"https:\\\/\\\/aehm.es\\\/wp-content\\\/uploads\\\/2020\\\/04\\\/Panoramica-de-Madrid-desde-Ciculo-de-Bellas-Artes-1.jpg\",\"articleSection\":[\"Actualidad AEHM\"],\"inLanguage\":\"en-US\",\"potentialAction\":[{\"@type\":\"CommentAction\",\"name\":\"Comment\",\"target\":[\"https:\\\/\\\/aehm.es\\\/manifestamos-nuestra-gran-preocupacion-por-el-plan-de-desescalada\\\/#respond\"]}]},{\"@type\":\"WebPage\",\"@id\":\"https:\\\/\\\/aehm.es\\\/manifestamos-nuestra-gran-preocupacion-por-el-plan-de-desescalada\\\/\",\"url\":\"https:\\\/\\\/aehm.es\\\/manifestamos-nuestra-gran-preocupacion-por-el-plan-de-desescalada\\\/\",\"name\":\"Los hoteleros madrile\u00f1os manifestamos nuestra gran preocupaci\u00f3n por el plan de desescalada presentado por el presidente del Gobierno - AEHM\",\"isPartOf\":{\"@id\":\"https:\\\/\\\/aehm.es\\\/#website\"},\"primaryImageOfPage\":{\"@id\":\"https:\\\/\\\/aehm.es\\\/manifestamos-nuestra-gran-preocupacion-por-el-plan-de-desescalada\\\/#primaryimage\"},\"image\":{\"@id\":\"https:\\\/\\\/aehm.es\\\/manifestamos-nuestra-gran-preocupacion-por-el-plan-de-desescalada\\\/#primaryimage\"},\"thumbnailUrl\":\"https:\\\/\\\/aehm.es\\\/wp-content\\\/uploads\\\/2020\\\/04\\\/Panoramica-de-Madrid-desde-Ciculo-de-Bellas-Artes-1.jpg\",\"datePublished\":\"2020-04-29T17:52:09+00:00\",\"description\":\"Remarcamos la falta de di\u00e1logo mostrada por el Ejecutivo en el dise\u00f1o y planificaci\u00f3n de la desescalada y recordamos la importancia del nuestro sector\",\"breadcrumb\":{\"@id\":\"https:\\\/\\\/aehm.es\\\/manifestamos-nuestra-gran-preocupacion-por-el-plan-de-desescalada\\\/#breadcrumb\"},\"inLanguage\":\"en-US\",\"potentialAction\":[{\"@type\":\"ReadAction\",\"target\":[\"https:\\\/\\\/aehm.es\\\/manifestamos-nuestra-gran-preocupacion-por-el-plan-de-desescalada\\\/\"]}]},{\"@type\":\"ImageObject\",\"inLanguage\":\"en-US\",\"@id\":\"https:\\\/\\\/aehm.es\\\/manifestamos-nuestra-gran-preocupacion-por-el-plan-de-desescalada\\\/#primaryimage\",\"url\":\"https:\\\/\\\/aehm.es\\\/wp-content\\\/uploads\\\/2020\\\/04\\\/Panoramica-de-Madrid-desde-Ciculo-de-Bellas-Artes-1.jpg\",\"contentUrl\":\"https:\\\/\\\/aehm.es\\\/wp-content\\\/uploads\\\/2020\\\/04\\\/Panoramica-de-Madrid-desde-Ciculo-de-Bellas-Artes-1.jpg\",\"width\":1800,\"height\":900,\"caption\":\"Image de la ciudad de Madrid desde la Azotea del C\u00edrculo de Bellas Artes\"},{\"@type\":\"BreadcrumbList\",\"@id\":\"https:\\\/\\\/aehm.es\\\/manifestamos-nuestra-gran-preocupacion-por-el-plan-de-desescalada\\\/#breadcrumb\",\"itemListElement\":[{\"@type\":\"ListItem\",\"position\":1,\"name\":\"Portada\",\"item\":\"https:\\\/\\\/aehm.es\\\/en\\\/\"},{\"@type\":\"ListItem\",\"position\":2,\"name\":\"Los hoteleros madrile\u00f1os manifestamos nuestra gran preocupaci\u00f3n por el plan de desescalada presentado por el presidente del Gobierno\"}]},{\"@type\":\"WebSite\",\"@id\":\"https:\\\/\\\/aehm.es\\\/#website\",\"url\":\"https:\\\/\\\/aehm.es\\\/\",\"name\":\"Asociaci\u00f3n Empresarial Hotelera de Madrid\",\"description\":\"La Asociaci\u00f3n Empresarial Hotelera Madrid est\u00e1 formada por m\u00e1s de 300 establecimientos de todas las categor\u00edas y tipolog\u00edas (hoteles, hostales, hostels, apartamentos\u2026) que suman m\u00e1s de 75.000 plazas de alojamiento.\",\"publisher\":{\"@id\":\"https:\\\/\\\/aehm.es\\\/#organization\"},\"alternateName\":\"AEHM\",\"potentialAction\":[{\"@type\":\"SearchAction\",\"target\":{\"@type\":\"EntryPoint\",\"urlTemplate\":\"https:\\\/\\\/aehm.es\\\/?s={search_term_string}\"},\"query-input\":{\"@type\":\"PropertyValueSpecification\",\"valueRequired\":true,\"valueName\":\"search_term_string\"}}],\"inLanguage\":\"en-US\"},{\"@type\":\"Organization\",\"@id\":\"https:\\\/\\\/aehm.es\\\/#organization\",\"name\":\"Asociaci\u00f3n Empresarial Hotelera de Madrid\",\"url\":\"https:\\\/\\\/aehm.es\\\/\",\"logo\":{\"@type\":\"ImageObject\",\"inLanguage\":\"en-US\",\"@id\":\"https:\\\/\\\/aehm.es\\\/#\\\/schema\\\/logo\\\/image\\\/\",\"url\":\"https:\\\/\\\/aehm.es\\\/wp-content\\\/uploads\\\/2021\\\/11\\\/Logo_AEHM_Horiz.png\",\"contentUrl\":\"https:\\\/\\\/aehm.es\\\/wp-content\\\/uploads\\\/2021\\\/11\\\/Logo_AEHM_Horiz.png\",\"width\":600,\"height\":182,\"caption\":\"Asociaci\u00f3n Empresarial Hotelera de Madrid\"},\"image\":{\"@id\":\"https:\\\/\\\/aehm.es\\\/#\\\/schema\\\/logo\\\/image\\\/\"},\"sameAs\":[\"https:\\\/\\\/www.instagram.com\\\/hotelesdemadrid\\\/\",\"https:\\\/\\\/x.com\\\/HotelesAEHM\",\"https:\\\/\\\/www.linkedin.com\\\/company\\\/11166072\\\/\"]},{\"@type\":\"Person\",\"@id\":\"https:\\\/\\\/aehm.es\\\/#\\\/schema\\\/person\\\/ca1397f4b0bcee246b58a0278b67a95f\",\"name\":\"richard\",\"image\":{\"@type\":\"ImageObject\",\"inLanguage\":\"en-US\",\"@id\":\"https:\\\/\\\/secure.gravatar.com\\\/avatar\\\/dd2486a811ecc34bf766b7d8b17d0ea76674186c415867af39660e429e20e1a0?s=96&d=mm&r=g\",\"url\":\"https:\\\/\\\/secure.gravatar.com\\\/avatar\\\/dd2486a811ecc34bf766b7d8b17d0ea76674186c415867af39660e429e20e1a0?s=96&d=mm&r=g\",\"contentUrl\":\"https:\\\/\\\/secure.gravatar.com\\\/avatar\\\/dd2486a811ecc34bf766b7d8b17d0ea76674186c415867af39660e429e20e1a0?s=96&d=mm&r=g\",\"caption\":\"richard\"},\"url\":\"https:\\\/\\\/aehm.es\\\/en\\\/author\\\/richard\\\/\"}]}<\/script>\n<!-- \/ Yoast SEO plugin. -->","yoast_head_json":{"title":"Los hoteleros madrile\u00f1os manifestamos nuestra gran preocupaci\u00f3n por el plan de desescalada presentado por el presidente del Gobierno - AEHM","description":"Remarcamos la falta de di\u00e1logo mostrada por el Ejecutivo en el dise\u00f1o y planificaci\u00f3n de la desescalada y recordamos la importancia del nuestro sector","robots":{"index":"index","follow":"follow","max-snippet":"max-snippet:-1","max-image-preview":"max-image-preview:large","max-video-preview":"max-video-preview:-1"},"canonical":"https:\/\/aehm.es\/manifestamos-nuestra-gran-preocupacion-por-el-plan-de-desescalada\/","og_locale":"en_US","og_type":"article","og_title":"Los hoteleros madrile\u00f1os manifestamos nuestra gran preocupaci\u00f3n por el plan de desescalada presentado por el presidente del Gobierno - AEHM","og_description":"Desde la Asociaci\u00f3n Empresarial Hotelera de Madrid (AEHM) remarcamos la falta de comunicaci\u00f3n y di\u00e1logo mostrado por el Ejecutivo en el dise\u00f1o y planificaci\u00f3n de unas medidas de gran impacto y recordamos la importancia del nuestro sector en la econom\u00eda espa\u00f1ola","og_url":"https:\/\/aehm.es\/manifestamos-nuestra-gran-preocupacion-por-el-plan-de-desescalada\/","og_site_name":"AEHM","article_publisher":"https:\/\/www.instagram.com\/hotelesdemadrid\/","article_published_time":"2020-04-29T17:52:09+00:00","og_image":[{"width":1200,"height":600,"url":"https:\/\/aehm.es\/wp-content\/uploads\/2020\/04\/Preocupacion-por-el-plan-de-desescalada-1.jpg","type":"image\/jpeg"}],"author":"richard","twitter_card":"summary_large_image","twitter_description":"Desde la Asociaci\u00f3n Empresarial Hotelera de Madrid (AEHM) remarcamos la falta de comunicaci\u00f3n y di\u00e1logo mostrado por el Ejecutivo en el dise\u00f1o y planificaci\u00f3n de unas medidas de gran impacto y recordamos la importancia del nuestro sector en la econom\u00eda espa\u00f1ola","twitter_image":"https:\/\/aehm.es\/wp-content\/uploads\/2020\/04\/Preocupacion-por-el-plan-de-desescalada-1.jpg","twitter_creator":"@HotelesAEHM","twitter_site":"@HotelesAEHM","twitter_misc":{"Written by":"richard","Est. reading time":"4 minutes"},"schema":{"@context":"https:\/\/schema.org","@graph":[{"@type":"Article","@id":"https:\/\/aehm.es\/manifestamos-nuestra-gran-preocupacion-por-el-plan-de-desescalada\/#article","isPartOf":{"@id":"https:\/\/aehm.es\/manifestamos-nuestra-gran-preocupacion-por-el-plan-de-desescalada\/"},"author":{"name":"richard","@id":"https:\/\/aehm.es\/#\/schema\/person\/ca1397f4b0bcee246b58a0278b67a95f"},"headline":"Los hoteleros madrile\u00f1os manifestamos nuestra gran preocupaci\u00f3n por el plan de desescalada presentado por el presidente del Gobierno","datePublished":"2020-04-29T17:52:09+00:00","mainEntityOfPage":{"@id":"https:\/\/aehm.es\/manifestamos-nuestra-gran-preocupacion-por-el-plan-de-desescalada\/"},"wordCount":725,"commentCount":0,"publisher":{"@id":"https:\/\/aehm.es\/#organization"},"image":{"@id":"https:\/\/aehm.es\/manifestamos-nuestra-gran-preocupacion-por-el-plan-de-desescalada\/#primaryimage"},"thumbnailUrl":"https:\/\/aehm.es\/wp-content\/uploads\/2020\/04\/Panoramica-de-Madrid-desde-Ciculo-de-Bellas-Artes-1.jpg","articleSection":["Actualidad AEHM"],"inLanguage":"en-US","potentialAction":[{"@type":"CommentAction","name":"Comment","target":["https:\/\/aehm.es\/manifestamos-nuestra-gran-preocupacion-por-el-plan-de-desescalada\/#respond"]}]},{"@type":"WebPage","@id":"https:\/\/aehm.es\/manifestamos-nuestra-gran-preocupacion-por-el-plan-de-desescalada\/","url":"https:\/\/aehm.es\/manifestamos-nuestra-gran-preocupacion-por-el-plan-de-desescalada\/","name":"Los hoteleros madrile\u00f1os manifestamos nuestra gran preocupaci\u00f3n por el plan de desescalada presentado por el presidente del Gobierno - AEHM","isPartOf":{"@id":"https:\/\/aehm.es\/#website"},"primaryImageOfPage":{"@id":"https:\/\/aehm.es\/manifestamos-nuestra-gran-preocupacion-por-el-plan-de-desescalada\/#primaryimage"},"image":{"@id":"https:\/\/aehm.es\/manifestamos-nuestra-gran-preocupacion-por-el-plan-de-desescalada\/#primaryimage"},"thumbnailUrl":"https:\/\/aehm.es\/wp-content\/uploads\/2020\/04\/Panoramica-de-Madrid-desde-Ciculo-de-Bellas-Artes-1.jpg","datePublished":"2020-04-29T17:52:09+00:00","description":"Remarcamos la falta de di\u00e1logo mostrada por el Ejecutivo en el dise\u00f1o y planificaci\u00f3n de la desescalada y recordamos la importancia del nuestro sector","breadcrumb":{"@id":"https:\/\/aehm.es\/manifestamos-nuestra-gran-preocupacion-por-el-plan-de-desescalada\/#breadcrumb"},"inLanguage":"en-US","potentialAction":[{"@type":"ReadAction","target":["https:\/\/aehm.es\/manifestamos-nuestra-gran-preocupacion-por-el-plan-de-desescalada\/"]}]},{"@type":"ImageObject","inLanguage":"en-US","@id":"https:\/\/aehm.es\/manifestamos-nuestra-gran-preocupacion-por-el-plan-de-desescalada\/#primaryimage","url":"https:\/\/aehm.es\/wp-content\/uploads\/2020\/04\/Panoramica-de-Madrid-desde-Ciculo-de-Bellas-Artes-1.jpg","contentUrl":"https:\/\/aehm.es\/wp-content\/uploads\/2020\/04\/Panoramica-de-Madrid-desde-Ciculo-de-Bellas-Artes-1.jpg","width":1800,"height":900,"caption":"Image de la ciudad de Madrid desde la Azotea del C\u00edrculo de Bellas Artes"},{"@type":"BreadcrumbList","@id":"https:\/\/aehm.es\/manifestamos-nuestra-gran-preocupacion-por-el-plan-de-desescalada\/#breadcrumb","itemListElement":[{"@type":"ListItem","position":1,"name":"Portada","item":"https:\/\/aehm.es\/en\/"},{"@type":"ListItem","position":2,"name":"Los hoteleros madrile\u00f1os manifestamos nuestra gran preocupaci\u00f3n por el plan de desescalada presentado por el presidente del Gobierno"}]},{"@type":"WebSite","@id":"https:\/\/aehm.es\/#website","url":"https:\/\/aehm.es\/","name":"Asociaci\u00f3n Empresarial Hotelera de Madrid","description":"La Asociaci\u00f3n Empresarial Hotelera Madrid est\u00e1 formada por m\u00e1s de 300 establecimientos de todas las categor\u00edas y tipolog\u00edas (hoteles, hostales, hostels, apartamentos\u2026) que suman m\u00e1s de 75.000 plazas de alojamiento.","publisher":{"@id":"https:\/\/aehm.es\/#organization"},"alternateName":"AEHM","potentialAction":[{"@type":"SearchAction","target":{"@type":"EntryPoint","urlTemplate":"https:\/\/aehm.es\/?s={search_term_string}"},"query-input":{"@type":"PropertyValueSpecification","valueRequired":true,"valueName":"search_term_string"}}],"inLanguage":"en-US"},{"@type":"Organization","@id":"https:\/\/aehm.es\/#organization","name":"Asociaci\u00f3n Empresarial Hotelera de Madrid","url":"https:\/\/aehm.es\/","logo":{"@type":"ImageObject","inLanguage":"en-US","@id":"https:\/\/aehm.es\/#\/schema\/logo\/image\/","url":"https:\/\/aehm.es\/wp-content\/uploads\/2021\/11\/Logo_AEHM_Horiz.png","contentUrl":"https:\/\/aehm.es\/wp-content\/uploads\/2021\/11\/Logo_AEHM_Horiz.png","width":600,"height":182,"caption":"Asociaci\u00f3n Empresarial Hotelera de Madrid"},"image":{"@id":"https:\/\/aehm.es\/#\/schema\/logo\/image\/"},"sameAs":["https:\/\/www.instagram.com\/hotelesdemadrid\/","https:\/\/x.com\/HotelesAEHM","https:\/\/www.linkedin.com\/company\/11166072\/"]},{"@type":"Person","@id":"https:\/\/aehm.es\/#\/schema\/person\/ca1397f4b0bcee246b58a0278b67a95f","name":"richard","image":{"@type":"ImageObject","inLanguage":"en-US","@id":"https:\/\/secure.gravatar.com\/avatar\/dd2486a811ecc34bf766b7d8b17d0ea76674186c415867af39660e429e20e1a0?s=96&d=mm&r=g","url":"https:\/\/secure.gravatar.com\/avatar\/dd2486a811ecc34bf766b7d8b17d0ea76674186c415867af39660e429e20e1a0?s=96&d=mm&r=g","contentUrl":"https:\/\/secure.gravatar.com\/avatar\/dd2486a811ecc34bf766b7d8b17d0ea76674186c415867af39660e429e20e1a0?s=96&d=mm&r=g","caption":"richard"},"url":"https:\/\/aehm.es\/en\/author\/richard\/"}]}},"_links":{"self":[{"href":"https:\/\/aehm.es\/en\/wp-json\/wp\/v2\/posts\/7241","targetHints":{"allow":["GET"]}}],"collection":[{"href":"https:\/\/aehm.es\/en\/wp-json\/wp\/v2\/posts"}],"about":[{"href":"https:\/\/aehm.es\/en\/wp-json\/wp\/v2\/types\/post"}],"author":[{"embeddable":true,"href":"https:\/\/aehm.es\/en\/wp-json\/wp\/v2\/users\/1"}],"replies":[{"embeddable":true,"href":"https:\/\/aehm.es\/en\/wp-json\/wp\/v2\/comments?post=7241"}],"version-history":[{"count":0,"href":"https:\/\/aehm.es\/en\/wp-json\/wp\/v2\/posts\/7241\/revisions"}],"wp:featuredmedia":[{"embeddable":true,"href":"https:\/\/aehm.es\/en\/wp-json\/wp\/v2\/media\/7245"}],"wp:attachment":[{"href":"https:\/\/aehm.es\/en\/wp-json\/wp\/v2\/media?parent=7241"}],"wp:term":[{"taxonomy":"category","embeddable":true,"href":"https:\/\/aehm.es\/en\/wp-json\/wp\/v2\/categories?post=7241"},{"taxonomy":"post_tag","embeddable":true,"href":"https:\/\/aehm.es\/en\/wp-json\/wp\/v2\/tags?post=7241"}],"curies":[{"name":"wp","href":"https:\/\/api.w.org\/{rel}","templated":true}]}}