{"id":6808,"date":"2020-03-21T16:21:53","date_gmt":"2020-03-21T16:21:53","guid":{"rendered":"https:\/\/aehm.es\/?p=6808"},"modified":"2020-03-21T16:21:53","modified_gmt":"2020-03-21T16:21:53","slug":"los-hoteleros-madrilenos-y-la-cam-acuerdan-habilitar-mas-hoteles-medicalizados","status":"publish","type":"post","link":"https:\/\/aehm.es\/en\/los-hoteleros-madrilenos-y-la-cam-acuerdan-habilitar-mas-hoteles-medicalizados\/","title":{"rendered":"Los hoteleros madrile\u00f1os y la Comunidad de Madrid acuerdan habilitar m\u00e1s hoteles para atender a pacientes afectados por coronavirus"},"content":{"rendered":"<ul>\n<li><strong>La secretaria general de la Asociaci\u00f3n Empresarial Hotelera de Madrid (AEHM) ha remarcado que \u201cel sector har\u00e1 todo lo que est\u00e9 en su mano para ayudar a las autoridades sanitarias en la atenci\u00f3n a los pacientes\u201d<\/strong><\/li>\n<li><strong>A lo largo de los \u00faltimos d\u00edas, la AEHM ha seguido recibiendo solicitudes de hoteleros que, de forma voluntaria y desinteresada, ofrecen sus establecimientos para atender a los pacientes<\/strong><\/li>\n<\/ul>\n<p><em>Madrid, 21 de marzo de 2020.-<\/em> Fruto de la colaboraci\u00f3n constante entre <strong>la Asociaci\u00f3n Hotelera de Madrid <\/strong>(AEHM) y la <strong>Consejer\u00eda de Sanidad<\/strong>, <strong>en los pr\u00f3ximos d\u00edas se habilitar\u00e1n nuevos hoteles <\/strong>para la atenci\u00f3n a pacientes afectados por coronavirus. Estos hoteles, se suman al <strong>hotel Ayre Gran Col\u00f3n<\/strong>, que ya est\u00e1 operativo, y al hotel <strong>Marriott Auditorium<\/strong>, que comenzar\u00e1 a recibir pacientes en las pr\u00f3ximas horas.<\/p>\n<p>La Asociaci\u00f3n Empresarial Hotelera de Madrid ha puesto a disposici\u00f3n de la Consejer\u00eda de Sanidad 9.000 plazas en m\u00e1s 40 hoteles para atender a pacientes afectados por el coronavirus. Los nuevos hoteles habilitados por la Consejer\u00eda, y que ha designado en funci\u00f3n a su cercan\u00eda a determinados hospitales, son: <strong>el Hotel V\u00eda Castellana; el Hotel Ilunion Atrium; el Hotel Miguel \u00c1ngel; el Euroforum Palacio de los Infantes; el Hotel Majadahonda; el Hotel Catalonia Plaza Mayor y el Hotel Las Provincias.<\/strong><\/p>\n<p><em>\u201cLos hoteleros de Madrid estamos <strong>preparados para responder a cualquier necesidad<\/strong> de alojamiento que pueda precisar la Comunidad de Madrid. Y tenemos ya listas y preparadas 9.000 camas en m\u00e1s de 40 hoteles que pueden ser m\u00e1s en caso de necesidad\u201d,<\/em> ha asegurado la secretaria general de la AEHM, Mar de Miguel.<\/p>\n<p>La principal funci\u00f3n los hoteles medicalizados es la de alojar a aquellos pacientes que presentan una sintomatolog\u00eda cuyo cuadro requiere seguimiento m\u00e9dico sin necesidad de estar ingresado en un hospital, tanto al inicio de la enfermedad como en la fase final. En resumen, estos hoteles dan apoyo a la atenci\u00f3n que los pacientes reciben en los hospitales.<\/p>\n<p>A lo largo de los \u00faltimos d\u00edas, la Asociaci\u00f3n Empresarial Hotelera de Madrid <strong>ha seguido recibiendo solicitudes de hoteleros<\/strong> ofreciendo de forma voluntaria y desinteresada sus hoteles, lo que demuestra el compromiso y la colaboraci\u00f3n del sector para ayudar a vencer al virus.<\/p>\n<p>\u201cHaremos todo lo que est\u00e9 en nuestro mano para ayudar a las autoridades sanitarias en la atenci\u00f3n a los pacientes. Las autoridades saben que <strong>nuestro compromiso es total<\/strong> y que estamos a su completa y entera disposici\u00f3n en estos momentos en los que es m\u00e1s necesaria que nunca la colaboraci\u00f3n de todos\u201d, ha concluido Mar de Miguel.<\/p>\n<h3 class=\"LC20lb DKV0Md\">\u00a9 Foto : EFE<\/h3>\n","protected":false},"excerpt":{"rendered":"<p>La secretaria general de la Asociaci\u00f3n Empresarial Hotelera de Madrid (AEHM) ha remarcado que \u201cel sector har\u00e1 todo lo que est\u00e9 en su mano para ayudar a las autoridades sanitarias en la atenci\u00f3n a los pacientes\u201d A lo largo de los \u00faltimos d\u00edas, la AEHM ha seguido recibiendo solicitudes de hoteleros que, de forma voluntaria [&hellip;]<\/p>\n","protected":false},"author":1,"featured_media":6809,"comment_status":"open","ping_status":"open","sticky":false,"template":"","format":"standard","meta":{"footnotes":""},"categories":[1],"tags":[],"class_list":["post-6808","post","type-post","status-publish","format-standard","has-post-thumbnail","hentry","category-actualidad-aehm"],"yoast_head":"<!-- This site is optimized with the Yoast SEO plugin v27.5 - https:\/\/yoast.com\/product\/yoast-seo-wordpress\/ -->\n<title>Los hoteleros madrile\u00f1os y la CAM acuerdan habilitar m\u00e1s hoteles medicalizados<\/title>\n<meta name=\"description\" content=\"El sector hotelero madrile\u00f1o har\u00e1 todo lo que est\u00e9 en su mano para ayudar a las autoridades sanitarias en la atenci\u00f3n a los pacientes\" \/>\n<meta name=\"robots\" content=\"index, follow, max-snippet:-1, max-image-preview:large, max-video-preview:-1\" \/>\n<link rel=\"canonical\" href=\"https:\/\/aehm.es\/los-hoteleros-madrilenos-y-la-cam-acuerdan-habilitar-mas-hoteles-medicalizados\/\" \/>\n<meta property=\"og:locale\" content=\"en_US\" \/>\n<meta property=\"og:type\" content=\"article\" \/>\n<meta property=\"og:title\" content=\"Los hoteleros madrile\u00f1os y la CAM acuerdan habilitar m\u00e1s hoteles medicalizados\" \/>\n<meta property=\"og:description\" content=\"El sector hotelero madrile\u00f1o har\u00e1 todo lo que est\u00e9 en su mano para ayudar a las autoridades sanitarias en la atenci\u00f3n a los pacientes\" \/>\n<meta property=\"og:url\" content=\"https:\/\/aehm.es\/los-hoteleros-madrilenos-y-la-cam-acuerdan-habilitar-mas-hoteles-medicalizados\/\" \/>\n<meta property=\"og:site_name\" content=\"AEHM\" \/>\n<meta property=\"article:publisher\" content=\"https:\/\/www.instagram.com\/hotelesdemadrid\/\" \/>\n<meta property=\"article:published_time\" content=\"2020-03-21T16:21:53+00:00\" \/>\n<meta property=\"og:image\" content=\"https:\/\/aehm.es\/wp-content\/uploads\/2020\/03\/Hoteleros-de-Madrid-y-CAM-acuerdan-habilitar-mas-hoteles-medicalizados.jpg\" \/>\n\t<meta property=\"og:image:width\" content=\"1024\" \/>\n\t<meta property=\"og:image:height\" content=\"512\" \/>\n\t<meta property=\"og:image:type\" content=\"image\/jpeg\" \/>\n<meta name=\"author\" content=\"richard\" \/>\n<meta name=\"twitter:card\" content=\"summary_large_image\" \/>\n<meta name=\"twitter:title\" content=\"Los hoteleros madrile\u00f1os y la CAM acuerdan habilitar m\u00e1s hoteles medicalizados\" \/>\n<meta name=\"twitter:description\" content=\"El sector hotelero madrile\u00f1o har\u00e1 todo lo que est\u00e9 en su mano para ayudar a las autoridades sanitarias en la atenci\u00f3n a los pacientes\" \/>\n<meta name=\"twitter:image\" content=\"https:\/\/aehm.es\/wp-content\/uploads\/2020\/03\/Hoteleros-de-Madrid-y-CAM-acuerdan-habilitar-mas-hoteles-medicalizados.jpg\" \/>\n<meta name=\"twitter:creator\" content=\"@HotelesAEHM\" \/>\n<meta name=\"twitter:site\" content=\"@HotelesAEHM\" \/>\n<meta name=\"twitter:label1\" content=\"Written by\" \/>\n\t<meta name=\"twitter:data1\" content=\"richard\" \/>\n\t<meta name=\"twitter:label2\" content=\"Est. reading time\" \/>\n\t<meta name=\"twitter:data2\" content=\"2 minutes\" \/>\n<script type=\"application\/ld+json\" class=\"yoast-schema-graph\">{\"@context\":\"https:\\\/\\\/schema.org\",\"@graph\":[{\"@type\":\"Article\",\"@id\":\"https:\\\/\\\/aehm.es\\\/los-hoteleros-madrilenos-y-la-cam-acuerdan-habilitar-mas-hoteles-medicalizados\\\/#article\",\"isPartOf\":{\"@id\":\"https:\\\/\\\/aehm.es\\\/los-hoteleros-madrilenos-y-la-cam-acuerdan-habilitar-mas-hoteles-medicalizados\\\/\"},\"author\":{\"name\":\"richard\",\"@id\":\"https:\\\/\\\/aehm.es\\\/#\\\/schema\\\/person\\\/ca1397f4b0bcee246b58a0278b67a95f\"},\"headline\":\"Los hoteleros madrile\u00f1os y la Comunidad de Madrid acuerdan habilitar m\u00e1s hoteles para atender a pacientes afectados por coronavirus\",\"datePublished\":\"2020-03-21T16:21:53+00:00\",\"mainEntityOfPage\":{\"@id\":\"https:\\\/\\\/aehm.es\\\/los-hoteleros-madrilenos-y-la-cam-acuerdan-habilitar-mas-hoteles-medicalizados\\\/\"},\"wordCount\":471,\"commentCount\":0,\"publisher\":{\"@id\":\"https:\\\/\\\/aehm.es\\\/#organization\"},\"image\":{\"@id\":\"https:\\\/\\\/aehm.es\\\/los-hoteleros-madrilenos-y-la-cam-acuerdan-habilitar-mas-hoteles-medicalizados\\\/#primaryimage\"},\"thumbnailUrl\":\"https:\\\/\\\/aehm.es\\\/wp-content\\\/uploads\\\/2020\\\/03\\\/Imagen-Hotel-Gran-Colon-EFE-1.jpg\",\"articleSection\":[\"Actualidad AEHM\"],\"inLanguage\":\"en-US\",\"potentialAction\":[{\"@type\":\"CommentAction\",\"name\":\"Comment\",\"target\":[\"https:\\\/\\\/aehm.es\\\/los-hoteleros-madrilenos-y-la-cam-acuerdan-habilitar-mas-hoteles-medicalizados\\\/#respond\"]}]},{\"@type\":\"WebPage\",\"@id\":\"https:\\\/\\\/aehm.es\\\/los-hoteleros-madrilenos-y-la-cam-acuerdan-habilitar-mas-hoteles-medicalizados\\\/\",\"url\":\"https:\\\/\\\/aehm.es\\\/los-hoteleros-madrilenos-y-la-cam-acuerdan-habilitar-mas-hoteles-medicalizados\\\/\",\"name\":\"Los hoteleros madrile\u00f1os y la CAM acuerdan habilitar m\u00e1s hoteles medicalizados\",\"isPartOf\":{\"@id\":\"https:\\\/\\\/aehm.es\\\/#website\"},\"primaryImageOfPage\":{\"@id\":\"https:\\\/\\\/aehm.es\\\/los-hoteleros-madrilenos-y-la-cam-acuerdan-habilitar-mas-hoteles-medicalizados\\\/#primaryimage\"},\"image\":{\"@id\":\"https:\\\/\\\/aehm.es\\\/los-hoteleros-madrilenos-y-la-cam-acuerdan-habilitar-mas-hoteles-medicalizados\\\/#primaryimage\"},\"thumbnailUrl\":\"https:\\\/\\\/aehm.es\\\/wp-content\\\/uploads\\\/2020\\\/03\\\/Imagen-Hotel-Gran-Colon-EFE-1.jpg\",\"datePublished\":\"2020-03-21T16:21:53+00:00\",\"description\":\"El sector hotelero madrile\u00f1o har\u00e1 todo lo que est\u00e9 en su mano para ayudar a las autoridades sanitarias en la atenci\u00f3n a los pacientes\",\"breadcrumb\":{\"@id\":\"https:\\\/\\\/aehm.es\\\/los-hoteleros-madrilenos-y-la-cam-acuerdan-habilitar-mas-hoteles-medicalizados\\\/#breadcrumb\"},\"inLanguage\":\"en-US\",\"potentialAction\":[{\"@type\":\"ReadAction\",\"target\":[\"https:\\\/\\\/aehm.es\\\/los-hoteleros-madrilenos-y-la-cam-acuerdan-habilitar-mas-hoteles-medicalizados\\\/\"]}]},{\"@type\":\"ImageObject\",\"inLanguage\":\"en-US\",\"@id\":\"https:\\\/\\\/aehm.es\\\/los-hoteleros-madrilenos-y-la-cam-acuerdan-habilitar-mas-hoteles-medicalizados\\\/#primaryimage\",\"url\":\"https:\\\/\\\/aehm.es\\\/wp-content\\\/uploads\\\/2020\\\/03\\\/Imagen-Hotel-Gran-Colon-EFE-1.jpg\",\"contentUrl\":\"https:\\\/\\\/aehm.es\\\/wp-content\\\/uploads\\\/2020\\\/03\\\/Imagen-Hotel-Gran-Colon-EFE-1.jpg\",\"width\":1600,\"height\":716},{\"@type\":\"BreadcrumbList\",\"@id\":\"https:\\\/\\\/aehm.es\\\/los-hoteleros-madrilenos-y-la-cam-acuerdan-habilitar-mas-hoteles-medicalizados\\\/#breadcrumb\",\"itemListElement\":[{\"@type\":\"ListItem\",\"position\":1,\"name\":\"Portada\",\"item\":\"https:\\\/\\\/aehm.es\\\/en\\\/\"},{\"@type\":\"ListItem\",\"position\":2,\"name\":\"Los hoteleros madrile\u00f1os y la Comunidad de Madrid acuerdan habilitar m\u00e1s hoteles para atender a pacientes afectados por coronavirus\"}]},{\"@type\":\"WebSite\",\"@id\":\"https:\\\/\\\/aehm.es\\\/#website\",\"url\":\"https:\\\/\\\/aehm.es\\\/\",\"name\":\"Asociaci\u00f3n Empresarial Hotelera de Madrid\",\"description\":\"La Asociaci\u00f3n Empresarial Hotelera Madrid est\u00e1 formada por m\u00e1s de 300 establecimientos de todas las categor\u00edas y tipolog\u00edas (hoteles, hostales, hostels, apartamentos\u2026) que suman m\u00e1s de 75.000 plazas de alojamiento.\",\"publisher\":{\"@id\":\"https:\\\/\\\/aehm.es\\\/#organization\"},\"alternateName\":\"AEHM\",\"potentialAction\":[{\"@type\":\"SearchAction\",\"target\":{\"@type\":\"EntryPoint\",\"urlTemplate\":\"https:\\\/\\\/aehm.es\\\/?s={search_term_string}\"},\"query-input\":{\"@type\":\"PropertyValueSpecification\",\"valueRequired\":true,\"valueName\":\"search_term_string\"}}],\"inLanguage\":\"en-US\"},{\"@type\":\"Organization\",\"@id\":\"https:\\\/\\\/aehm.es\\\/#organization\",\"name\":\"Asociaci\u00f3n Empresarial Hotelera de Madrid\",\"url\":\"https:\\\/\\\/aehm.es\\\/\",\"logo\":{\"@type\":\"ImageObject\",\"inLanguage\":\"en-US\",\"@id\":\"https:\\\/\\\/aehm.es\\\/#\\\/schema\\\/logo\\\/image\\\/\",\"url\":\"https:\\\/\\\/aehm.es\\\/wp-content\\\/uploads\\\/2021\\\/11\\\/Logo_AEHM_Horiz.png\",\"contentUrl\":\"https:\\\/\\\/aehm.es\\\/wp-content\\\/uploads\\\/2021\\\/11\\\/Logo_AEHM_Horiz.png\",\"width\":600,\"height\":182,\"caption\":\"Asociaci\u00f3n Empresarial Hotelera de Madrid\"},\"image\":{\"@id\":\"https:\\\/\\\/aehm.es\\\/#\\\/schema\\\/logo\\\/image\\\/\"},\"sameAs\":[\"https:\\\/\\\/www.instagram.com\\\/hotelesdemadrid\\\/\",\"https:\\\/\\\/x.com\\\/HotelesAEHM\",\"https:\\\/\\\/www.linkedin.com\\\/company\\\/11166072\\\/\"]},{\"@type\":\"Person\",\"@id\":\"https:\\\/\\\/aehm.es\\\/#\\\/schema\\\/person\\\/ca1397f4b0bcee246b58a0278b67a95f\",\"name\":\"richard\",\"image\":{\"@type\":\"ImageObject\",\"inLanguage\":\"en-US\",\"@id\":\"https:\\\/\\\/secure.gravatar.com\\\/avatar\\\/dd2486a811ecc34bf766b7d8b17d0ea76674186c415867af39660e429e20e1a0?s=96&d=mm&r=g\",\"url\":\"https:\\\/\\\/secure.gravatar.com\\\/avatar\\\/dd2486a811ecc34bf766b7d8b17d0ea76674186c415867af39660e429e20e1a0?s=96&d=mm&r=g\",\"contentUrl\":\"https:\\\/\\\/secure.gravatar.com\\\/avatar\\\/dd2486a811ecc34bf766b7d8b17d0ea76674186c415867af39660e429e20e1a0?s=96&d=mm&r=g\",\"caption\":\"richard\"},\"url\":\"https:\\\/\\\/aehm.es\\\/en\\\/author\\\/richard\\\/\"}]}<\/script>\n<!-- \/ Yoast SEO plugin. -->","yoast_head_json":{"title":"Los hoteleros madrile\u00f1os y la CAM acuerdan habilitar m\u00e1s hoteles medicalizados","description":"El sector hotelero madrile\u00f1o har\u00e1 todo lo que est\u00e9 en su mano para ayudar a las autoridades sanitarias en la atenci\u00f3n a los pacientes","robots":{"index":"index","follow":"follow","max-snippet":"max-snippet:-1","max-image-preview":"max-image-preview:large","max-video-preview":"max-video-preview:-1"},"canonical":"https:\/\/aehm.es\/los-hoteleros-madrilenos-y-la-cam-acuerdan-habilitar-mas-hoteles-medicalizados\/","og_locale":"en_US","og_type":"article","og_title":"Los hoteleros madrile\u00f1os y la CAM acuerdan habilitar m\u00e1s hoteles medicalizados","og_description":"El sector hotelero madrile\u00f1o har\u00e1 todo lo que est\u00e9 en su mano para ayudar a las autoridades sanitarias en la atenci\u00f3n a los pacientes","og_url":"https:\/\/aehm.es\/los-hoteleros-madrilenos-y-la-cam-acuerdan-habilitar-mas-hoteles-medicalizados\/","og_site_name":"AEHM","article_publisher":"https:\/\/www.instagram.com\/hotelesdemadrid\/","article_published_time":"2020-03-21T16:21:53+00:00","og_image":[{"width":1024,"height":512,"url":"https:\/\/aehm.es\/wp-content\/uploads\/2020\/03\/Hoteleros-de-Madrid-y-CAM-acuerdan-habilitar-mas-hoteles-medicalizados.jpg","type":"image\/jpeg"}],"author":"richard","twitter_card":"summary_large_image","twitter_title":"Los hoteleros madrile\u00f1os y la CAM acuerdan habilitar m\u00e1s hoteles medicalizados","twitter_description":"El sector hotelero madrile\u00f1o har\u00e1 todo lo que est\u00e9 en su mano para ayudar a las autoridades sanitarias en la atenci\u00f3n a los pacientes","twitter_image":"https:\/\/aehm.es\/wp-content\/uploads\/2020\/03\/Hoteleros-de-Madrid-y-CAM-acuerdan-habilitar-mas-hoteles-medicalizados.jpg","twitter_creator":"@HotelesAEHM","twitter_site":"@HotelesAEHM","twitter_misc":{"Written by":"richard","Est. reading time":"2 minutes"},"schema":{"@context":"https:\/\/schema.org","@graph":[{"@type":"Article","@id":"https:\/\/aehm.es\/los-hoteleros-madrilenos-y-la-cam-acuerdan-habilitar-mas-hoteles-medicalizados\/#article","isPartOf":{"@id":"https:\/\/aehm.es\/los-hoteleros-madrilenos-y-la-cam-acuerdan-habilitar-mas-hoteles-medicalizados\/"},"author":{"name":"richard","@id":"https:\/\/aehm.es\/#\/schema\/person\/ca1397f4b0bcee246b58a0278b67a95f"},"headline":"Los hoteleros madrile\u00f1os y la Comunidad de Madrid acuerdan habilitar m\u00e1s hoteles para atender a pacientes afectados por coronavirus","datePublished":"2020-03-21T16:21:53+00:00","mainEntityOfPage":{"@id":"https:\/\/aehm.es\/los-hoteleros-madrilenos-y-la-cam-acuerdan-habilitar-mas-hoteles-medicalizados\/"},"wordCount":471,"commentCount":0,"publisher":{"@id":"https:\/\/aehm.es\/#organization"},"image":{"@id":"https:\/\/aehm.es\/los-hoteleros-madrilenos-y-la-cam-acuerdan-habilitar-mas-hoteles-medicalizados\/#primaryimage"},"thumbnailUrl":"https:\/\/aehm.es\/wp-content\/uploads\/2020\/03\/Imagen-Hotel-Gran-Colon-EFE-1.jpg","articleSection":["Actualidad AEHM"],"inLanguage":"en-US","potentialAction":[{"@type":"CommentAction","name":"Comment","target":["https:\/\/aehm.es\/los-hoteleros-madrilenos-y-la-cam-acuerdan-habilitar-mas-hoteles-medicalizados\/#respond"]}]},{"@type":"WebPage","@id":"https:\/\/aehm.es\/los-hoteleros-madrilenos-y-la-cam-acuerdan-habilitar-mas-hoteles-medicalizados\/","url":"https:\/\/aehm.es\/los-hoteleros-madrilenos-y-la-cam-acuerdan-habilitar-mas-hoteles-medicalizados\/","name":"Los hoteleros madrile\u00f1os y la CAM acuerdan habilitar m\u00e1s hoteles medicalizados","isPartOf":{"@id":"https:\/\/aehm.es\/#website"},"primaryImageOfPage":{"@id":"https:\/\/aehm.es\/los-hoteleros-madrilenos-y-la-cam-acuerdan-habilitar-mas-hoteles-medicalizados\/#primaryimage"},"image":{"@id":"https:\/\/aehm.es\/los-hoteleros-madrilenos-y-la-cam-acuerdan-habilitar-mas-hoteles-medicalizados\/#primaryimage"},"thumbnailUrl":"https:\/\/aehm.es\/wp-content\/uploads\/2020\/03\/Imagen-Hotel-Gran-Colon-EFE-1.jpg","datePublished":"2020-03-21T16:21:53+00:00","description":"El sector hotelero madrile\u00f1o har\u00e1 todo lo que est\u00e9 en su mano para ayudar a las autoridades sanitarias en la atenci\u00f3n a los pacientes","breadcrumb":{"@id":"https:\/\/aehm.es\/los-hoteleros-madrilenos-y-la-cam-acuerdan-habilitar-mas-hoteles-medicalizados\/#breadcrumb"},"inLanguage":"en-US","potentialAction":[{"@type":"ReadAction","target":["https:\/\/aehm.es\/los-hoteleros-madrilenos-y-la-cam-acuerdan-habilitar-mas-hoteles-medicalizados\/"]}]},{"@type":"ImageObject","inLanguage":"en-US","@id":"https:\/\/aehm.es\/los-hoteleros-madrilenos-y-la-cam-acuerdan-habilitar-mas-hoteles-medicalizados\/#primaryimage","url":"https:\/\/aehm.es\/wp-content\/uploads\/2020\/03\/Imagen-Hotel-Gran-Colon-EFE-1.jpg","contentUrl":"https:\/\/aehm.es\/wp-content\/uploads\/2020\/03\/Imagen-Hotel-Gran-Colon-EFE-1.jpg","width":1600,"height":716},{"@type":"BreadcrumbList","@id":"https:\/\/aehm.es\/los-hoteleros-madrilenos-y-la-cam-acuerdan-habilitar-mas-hoteles-medicalizados\/#breadcrumb","itemListElement":[{"@type":"ListItem","position":1,"name":"Portada","item":"https:\/\/aehm.es\/en\/"},{"@type":"ListItem","position":2,"name":"Los hoteleros madrile\u00f1os y la Comunidad de Madrid acuerdan habilitar m\u00e1s hoteles para atender a pacientes afectados por coronavirus"}]},{"@type":"WebSite","@id":"https:\/\/aehm.es\/#website","url":"https:\/\/aehm.es\/","name":"Asociaci\u00f3n Empresarial Hotelera de Madrid","description":"La Asociaci\u00f3n Empresarial Hotelera Madrid est\u00e1 formada por m\u00e1s de 300 establecimientos de todas las categor\u00edas y tipolog\u00edas (hoteles, hostales, hostels, apartamentos\u2026) que suman m\u00e1s de 75.000 plazas de alojamiento.","publisher":{"@id":"https:\/\/aehm.es\/#organization"},"alternateName":"AEHM","potentialAction":[{"@type":"SearchAction","target":{"@type":"EntryPoint","urlTemplate":"https:\/\/aehm.es\/?s={search_term_string}"},"query-input":{"@type":"PropertyValueSpecification","valueRequired":true,"valueName":"search_term_string"}}],"inLanguage":"en-US"},{"@type":"Organization","@id":"https:\/\/aehm.es\/#organization","name":"Asociaci\u00f3n Empresarial Hotelera de Madrid","url":"https:\/\/aehm.es\/","logo":{"@type":"ImageObject","inLanguage":"en-US","@id":"https:\/\/aehm.es\/#\/schema\/logo\/image\/","url":"https:\/\/aehm.es\/wp-content\/uploads\/2021\/11\/Logo_AEHM_Horiz.png","contentUrl":"https:\/\/aehm.es\/wp-content\/uploads\/2021\/11\/Logo_AEHM_Horiz.png","width":600,"height":182,"caption":"Asociaci\u00f3n Empresarial Hotelera de Madrid"},"image":{"@id":"https:\/\/aehm.es\/#\/schema\/logo\/image\/"},"sameAs":["https:\/\/www.instagram.com\/hotelesdemadrid\/","https:\/\/x.com\/HotelesAEHM","https:\/\/www.linkedin.com\/company\/11166072\/"]},{"@type":"Person","@id":"https:\/\/aehm.es\/#\/schema\/person\/ca1397f4b0bcee246b58a0278b67a95f","name":"richard","image":{"@type":"ImageObject","inLanguage":"en-US","@id":"https:\/\/secure.gravatar.com\/avatar\/dd2486a811ecc34bf766b7d8b17d0ea76674186c415867af39660e429e20e1a0?s=96&d=mm&r=g","url":"https:\/\/secure.gravatar.com\/avatar\/dd2486a811ecc34bf766b7d8b17d0ea76674186c415867af39660e429e20e1a0?s=96&d=mm&r=g","contentUrl":"https:\/\/secure.gravatar.com\/avatar\/dd2486a811ecc34bf766b7d8b17d0ea76674186c415867af39660e429e20e1a0?s=96&d=mm&r=g","caption":"richard"},"url":"https:\/\/aehm.es\/en\/author\/richard\/"}]}},"_links":{"self":[{"href":"https:\/\/aehm.es\/en\/wp-json\/wp\/v2\/posts\/6808","targetHints":{"allow":["GET"]}}],"collection":[{"href":"https:\/\/aehm.es\/en\/wp-json\/wp\/v2\/posts"}],"about":[{"href":"https:\/\/aehm.es\/en\/wp-json\/wp\/v2\/types\/post"}],"author":[{"embeddable":true,"href":"https:\/\/aehm.es\/en\/wp-json\/wp\/v2\/users\/1"}],"replies":[{"embeddable":true,"href":"https:\/\/aehm.es\/en\/wp-json\/wp\/v2\/comments?post=6808"}],"version-history":[{"count":0,"href":"https:\/\/aehm.es\/en\/wp-json\/wp\/v2\/posts\/6808\/revisions"}],"wp:featuredmedia":[{"embeddable":true,"href":"https:\/\/aehm.es\/en\/wp-json\/wp\/v2\/media\/6809"}],"wp:attachment":[{"href":"https:\/\/aehm.es\/en\/wp-json\/wp\/v2\/media?parent=6808"}],"wp:term":[{"taxonomy":"category","embeddable":true,"href":"https:\/\/aehm.es\/en\/wp-json\/wp\/v2\/categories?post=6808"},{"taxonomy":"post_tag","embeddable":true,"href":"https:\/\/aehm.es\/en\/wp-json\/wp\/v2\/tags?post=6808"}],"curies":[{"name":"wp","href":"https:\/\/api.w.org\/{rel}","templated":true}]}}