{"id":6689,"date":"2020-03-11T17:38:53","date_gmt":"2020-03-11T17:38:53","guid":{"rendered":"https:\/\/aehm.es\/?p=6689"},"modified":"2020-03-11T17:38:53","modified_gmt":"2020-03-11T17:38:53","slug":"la-ocupacion-hotelera-en-madrid-se-desploma-y-no-supera-el-15-a-causa-de-la-crisis-del-coronavirus","status":"publish","type":"post","link":"https:\/\/aehm.es\/en\/la-ocupacion-hotelera-en-madrid-se-desploma-y-no-supera-el-15-a-causa-de-la-crisis-del-coronavirus\/","title":{"rendered":"La ocupaci\u00f3n hotelera en Madrid se desploma y no supera el 15 % a causa de la crisis del coronavirus"},"content":{"rendered":"<ul>\n<li><strong>La Asociaci\u00f3n Empresarial Hotelera de Madrid (AEHM) alerta de que ya existe una p\u00e9rdida de empleos en el sector, que ir\u00e1 en aumento en los pr\u00f3ximos d\u00edas<\/strong><\/li>\n<li><strong>Los hoteleros madrile\u00f1os conf\u00edan en que las medidas que ma\u00f1ana va a aprobar el Consejo de Ministros ayuden a paliar en parte los graves da\u00f1os que est\u00e1 sufriendo el sector <\/strong><\/li>\n<li><strong>La AEHM pide tambi\u00e9n al Ayuntamiento y la Comunidad de Madrid un paquete de medidas que ayude al sector hotelero del que dependen casi 15.000 empleos en la regi\u00f3n<\/strong><\/li>\n<\/ul>\n<p><em>Madrid, 11 de marzo de 2020.-<\/em> La crisis del coronavirus est\u00e1 provocando <strong>graves da\u00f1os en el sector hotelero de Madrid<\/strong>. Seg\u00fan los \u00faltimos datos que maneja la <strong>Asociaci\u00f3n Empresarial Hotelera de Madrid<\/strong> (AEHM), la ocupaci\u00f3n de los hoteles de Madrid <strong>se ha desplomado y no supera de media el 15%.<\/strong><\/p>\n<p>Como consecuencia de la anulaci\u00f3n y la cancelaci\u00f3n de reservas, congresos y actividades similares, la asociaci\u00f3n alerta tambi\u00e9n de que ya existe <strong>una p\u00e9rdida de empleos<\/strong> en el sector que se incrementar\u00e1 a medida que contin\u00fae decreciendo la actividad tur\u00edstica en Madrid y la crisis sanitaria siga agudiz\u00e1ndose. \u00a0Seg\u00fan las \u00faltimas cifras, los viajeros internacionales cancelan a un mayor ritmo que los nacionales.<\/p>\n<p>El sector hotelero de Madrid es <strong>uno de los grandes motores de la regi\u00f3n<\/strong> <strong>y genera casi 15.000 empleos<\/strong>. Por ello, y con el fin de hacer frente a las consecuencias que puede tener el coronavirus para el sector, el presidente Gabriel Garc\u00eda Alonso y la secretaria general, Mar de Miguel, de la Asociaci\u00f3n han mantenido diferentes encuentros <strong>con representantes del Ayuntamiento y el Gobierno de la Comunidad de Madrid<\/strong>, en las que ha compartido algunas de las medidas, principalmente fiscales y econ\u00f3micas, que los hoteleros madrile\u00f1os consideran que pueden ayudar a paliar los efectos negativos de la crisis.<\/p>\n<p>No obstante, desde la AEHM esperan que no solo el Ayuntamiento y la Comunidad sino tambi\u00e9n el Gobierno anuncien pronto <strong>un paquete de medidas<\/strong> que abarquen distintos \u00e1mbitos y que <strong>ayuden a mitigar los graves efectos que est\u00e1 causando en el sector esta crisis sanitaria.<\/strong><\/p>\n<blockquote><p>La situaci\u00f3n es extremadamente grave y, por ello, nos ponemos a la disposici\u00f3n del Gobierno y del resto de las administraciones para trabajar juntos<\/p><\/blockquote>\n<p>\u201cConfiamos en que tanto el Gobierno, como la Comunidad de Madrid y el Ayuntamiento tomen en consideraci\u00f3n nuestras peticiones y esperamos expectantes las medidas que tiene previsto anunciar ma\u00f1ana el Consejo de Ministros para que <strong>nuestro sector contin\u00fae a flote<\/strong>. \u00a0La situaci\u00f3n es <strong>extremadamente grave<\/strong> y, por ello, nos ponemos a la disposici\u00f3n del Gobierno y del resto de las administraciones para trabajar juntos\u201d, ha se\u00f1alado el presidente de la AEHM, Gabriel Garc\u00eda.<\/p>\n","protected":false},"excerpt":{"rendered":"<p>La Asociaci\u00f3n Empresarial Hotelera de Madrid (AEHM) alerta de que ya existe una p\u00e9rdida de empleos en el sector, que ir\u00e1 en aumento en los pr\u00f3ximos d\u00edas Los hoteleros madrile\u00f1os conf\u00edan en que las medidas que ma\u00f1ana va a aprobar el Consejo de Ministros ayuden a paliar en parte los graves da\u00f1os que est\u00e1 sufriendo [&hellip;]<\/p>\n","protected":false},"author":1,"featured_media":2115,"comment_status":"open","ping_status":"open","sticky":false,"template":"","format":"standard","meta":{"footnotes":""},"categories":[1],"tags":[],"class_list":["post-6689","post","type-post","status-publish","format-standard","has-post-thumbnail","hentry","category-actualidad-aehm"],"yoast_head":"<!-- This site is optimized with the Yoast SEO plugin v27.5 - https:\/\/yoast.com\/product\/yoast-seo-wordpress\/ -->\n<title>La ocupaci\u00f3n hotelera en Madrid se desploma y no supera el 15 % a causa de la crisis del coronavirus - AEHM<\/title>\n<meta name=\"description\" content=\"La Asociaci\u00f3n Empresarial Hotelera de Madrid (AEHM) alerta de que ya existe una p\u00e9rdida de empleos en el sector, que ir\u00e1 en aumento en los pr\u00f3ximos d\u00edas\" \/>\n<meta name=\"robots\" content=\"index, follow, max-snippet:-1, max-image-preview:large, max-video-preview:-1\" \/>\n<link rel=\"canonical\" href=\"https:\/\/aehm.es\/la-ocupacion-hotelera-en-madrid-se-desploma-y-no-supera-el-15-a-causa-de-la-crisis-del-coronavirus\/\" \/>\n<meta property=\"og:locale\" content=\"en_US\" \/>\n<meta property=\"og:type\" content=\"article\" \/>\n<meta property=\"og:title\" content=\"La ocupaci\u00f3n hotelera en Madrid se desploma y no supera el 15 % a causa de la crisis del coronavirus - AEHM\" \/>\n<meta property=\"og:description\" content=\"La Asociaci\u00f3n Empresarial Hotelera de Madrid (AEHM) alerta de que ya existe una p\u00e9rdida de empleos en el sector, que ir\u00e1 en aumento en los pr\u00f3ximos d\u00edas\" \/>\n<meta property=\"og:url\" content=\"https:\/\/aehm.es\/la-ocupacion-hotelera-en-madrid-se-desploma-y-no-supera-el-15-a-causa-de-la-crisis-del-coronavirus\/\" \/>\n<meta property=\"og:site_name\" content=\"AEHM\" \/>\n<meta property=\"article:publisher\" content=\"https:\/\/www.instagram.com\/hotelesdemadrid\/\" \/>\n<meta property=\"article:published_time\" content=\"2020-03-11T17:38:53+00:00\" \/>\n<meta property=\"og:image\" content=\"https:\/\/aehm.es\/wp-content\/uploads\/2020\/03\/La-ocupacion-hotelera-en-Madrid-se-desploma-por-el-COVID19-1.jpg\" \/>\n\t<meta property=\"og:image:width\" content=\"1024\" \/>\n\t<meta property=\"og:image:height\" content=\"512\" \/>\n\t<meta property=\"og:image:type\" content=\"image\/jpeg\" \/>\n<meta name=\"author\" content=\"richard\" \/>\n<meta name=\"twitter:card\" content=\"summary_large_image\" \/>\n<meta name=\"twitter:image\" content=\"https:\/\/aehm.es\/wp-content\/uploads\/2020\/03\/La-ocupacion-hotelera-en-Madrid-se-desploma-por-el-COVID19-1.jpg\" \/>\n<meta name=\"twitter:creator\" content=\"@HotelesAEHM\" \/>\n<meta name=\"twitter:site\" content=\"@HotelesAEHM\" \/>\n<meta name=\"twitter:label1\" content=\"Written by\" \/>\n\t<meta name=\"twitter:data1\" content=\"richard\" \/>\n\t<meta name=\"twitter:label2\" content=\"Est. reading time\" \/>\n\t<meta name=\"twitter:data2\" content=\"2 minutes\" \/>\n<script type=\"application\/ld+json\" class=\"yoast-schema-graph\">{\"@context\":\"https:\\\/\\\/schema.org\",\"@graph\":[{\"@type\":\"Article\",\"@id\":\"https:\\\/\\\/aehm.es\\\/la-ocupacion-hotelera-en-madrid-se-desploma-y-no-supera-el-15-a-causa-de-la-crisis-del-coronavirus\\\/#article\",\"isPartOf\":{\"@id\":\"https:\\\/\\\/aehm.es\\\/la-ocupacion-hotelera-en-madrid-se-desploma-y-no-supera-el-15-a-causa-de-la-crisis-del-coronavirus\\\/\"},\"author\":{\"name\":\"richard\",\"@id\":\"https:\\\/\\\/aehm.es\\\/#\\\/schema\\\/person\\\/ca1397f4b0bcee246b58a0278b67a95f\"},\"headline\":\"La ocupaci\u00f3n hotelera en Madrid se desploma y no supera el 15 % a causa de la crisis del coronavirus\",\"datePublished\":\"2020-03-11T17:38:53+00:00\",\"mainEntityOfPage\":{\"@id\":\"https:\\\/\\\/aehm.es\\\/la-ocupacion-hotelera-en-madrid-se-desploma-y-no-supera-el-15-a-causa-de-la-crisis-del-coronavirus\\\/\"},\"wordCount\":493,\"commentCount\":0,\"publisher\":{\"@id\":\"https:\\\/\\\/aehm.es\\\/#organization\"},\"image\":{\"@id\":\"https:\\\/\\\/aehm.es\\\/la-ocupacion-hotelera-en-madrid-se-desploma-y-no-supera-el-15-a-causa-de-la-crisis-del-coronavirus\\\/#primaryimage\"},\"thumbnailUrl\":\"https:\\\/\\\/aehm.es\\\/wp-content\\\/uploads\\\/2017\\\/06\\\/Palacio-Real-y-Almudena-1.jpg\",\"articleSection\":[\"Actualidad AEHM\"],\"inLanguage\":\"en-US\",\"potentialAction\":[{\"@type\":\"CommentAction\",\"name\":\"Comment\",\"target\":[\"https:\\\/\\\/aehm.es\\\/la-ocupacion-hotelera-en-madrid-se-desploma-y-no-supera-el-15-a-causa-de-la-crisis-del-coronavirus\\\/#respond\"]}]},{\"@type\":\"WebPage\",\"@id\":\"https:\\\/\\\/aehm.es\\\/la-ocupacion-hotelera-en-madrid-se-desploma-y-no-supera-el-15-a-causa-de-la-crisis-del-coronavirus\\\/\",\"url\":\"https:\\\/\\\/aehm.es\\\/la-ocupacion-hotelera-en-madrid-se-desploma-y-no-supera-el-15-a-causa-de-la-crisis-del-coronavirus\\\/\",\"name\":\"La ocupaci\u00f3n hotelera en Madrid se desploma y no supera el 15 % a causa de la crisis del coronavirus - AEHM\",\"isPartOf\":{\"@id\":\"https:\\\/\\\/aehm.es\\\/#website\"},\"primaryImageOfPage\":{\"@id\":\"https:\\\/\\\/aehm.es\\\/la-ocupacion-hotelera-en-madrid-se-desploma-y-no-supera-el-15-a-causa-de-la-crisis-del-coronavirus\\\/#primaryimage\"},\"image\":{\"@id\":\"https:\\\/\\\/aehm.es\\\/la-ocupacion-hotelera-en-madrid-se-desploma-y-no-supera-el-15-a-causa-de-la-crisis-del-coronavirus\\\/#primaryimage\"},\"thumbnailUrl\":\"https:\\\/\\\/aehm.es\\\/wp-content\\\/uploads\\\/2017\\\/06\\\/Palacio-Real-y-Almudena-1.jpg\",\"datePublished\":\"2020-03-11T17:38:53+00:00\",\"description\":\"La Asociaci\u00f3n Empresarial Hotelera de Madrid (AEHM) alerta de que ya existe una p\u00e9rdida de empleos en el sector, que ir\u00e1 en aumento en los pr\u00f3ximos d\u00edas\",\"breadcrumb\":{\"@id\":\"https:\\\/\\\/aehm.es\\\/la-ocupacion-hotelera-en-madrid-se-desploma-y-no-supera-el-15-a-causa-de-la-crisis-del-coronavirus\\\/#breadcrumb\"},\"inLanguage\":\"en-US\",\"potentialAction\":[{\"@type\":\"ReadAction\",\"target\":[\"https:\\\/\\\/aehm.es\\\/la-ocupacion-hotelera-en-madrid-se-desploma-y-no-supera-el-15-a-causa-de-la-crisis-del-coronavirus\\\/\"]}]},{\"@type\":\"ImageObject\",\"inLanguage\":\"en-US\",\"@id\":\"https:\\\/\\\/aehm.es\\\/la-ocupacion-hotelera-en-madrid-se-desploma-y-no-supera-el-15-a-causa-de-la-crisis-del-coronavirus\\\/#primaryimage\",\"url\":\"https:\\\/\\\/aehm.es\\\/wp-content\\\/uploads\\\/2017\\\/06\\\/Palacio-Real-y-Almudena-1.jpg\",\"contentUrl\":\"https:\\\/\\\/aehm.es\\\/wp-content\\\/uploads\\\/2017\\\/06\\\/Palacio-Real-y-Almudena-1.jpg\",\"width\":2458,\"height\":1505,\"caption\":\"Madrid, Almudena Cathedral, Spain\"},{\"@type\":\"BreadcrumbList\",\"@id\":\"https:\\\/\\\/aehm.es\\\/la-ocupacion-hotelera-en-madrid-se-desploma-y-no-supera-el-15-a-causa-de-la-crisis-del-coronavirus\\\/#breadcrumb\",\"itemListElement\":[{\"@type\":\"ListItem\",\"position\":1,\"name\":\"Portada\",\"item\":\"https:\\\/\\\/aehm.es\\\/en\\\/\"},{\"@type\":\"ListItem\",\"position\":2,\"name\":\"La ocupaci\u00f3n hotelera en Madrid se desploma y no supera el 15 % a causa de la crisis del coronavirus\"}]},{\"@type\":\"WebSite\",\"@id\":\"https:\\\/\\\/aehm.es\\\/#website\",\"url\":\"https:\\\/\\\/aehm.es\\\/\",\"name\":\"Asociaci\u00f3n Empresarial Hotelera de Madrid\",\"description\":\"La Asociaci\u00f3n Empresarial Hotelera Madrid est\u00e1 formada por m\u00e1s de 300 establecimientos de todas las categor\u00edas y tipolog\u00edas (hoteles, hostales, hostels, apartamentos\u2026) que suman m\u00e1s de 75.000 plazas de alojamiento.\",\"publisher\":{\"@id\":\"https:\\\/\\\/aehm.es\\\/#organization\"},\"alternateName\":\"AEHM\",\"potentialAction\":[{\"@type\":\"SearchAction\",\"target\":{\"@type\":\"EntryPoint\",\"urlTemplate\":\"https:\\\/\\\/aehm.es\\\/?s={search_term_string}\"},\"query-input\":{\"@type\":\"PropertyValueSpecification\",\"valueRequired\":true,\"valueName\":\"search_term_string\"}}],\"inLanguage\":\"en-US\"},{\"@type\":\"Organization\",\"@id\":\"https:\\\/\\\/aehm.es\\\/#organization\",\"name\":\"Asociaci\u00f3n Empresarial Hotelera de Madrid\",\"url\":\"https:\\\/\\\/aehm.es\\\/\",\"logo\":{\"@type\":\"ImageObject\",\"inLanguage\":\"en-US\",\"@id\":\"https:\\\/\\\/aehm.es\\\/#\\\/schema\\\/logo\\\/image\\\/\",\"url\":\"https:\\\/\\\/aehm.es\\\/wp-content\\\/uploads\\\/2021\\\/11\\\/Logo_AEHM_Horiz.png\",\"contentUrl\":\"https:\\\/\\\/aehm.es\\\/wp-content\\\/uploads\\\/2021\\\/11\\\/Logo_AEHM_Horiz.png\",\"width\":600,\"height\":182,\"caption\":\"Asociaci\u00f3n Empresarial Hotelera de Madrid\"},\"image\":{\"@id\":\"https:\\\/\\\/aehm.es\\\/#\\\/schema\\\/logo\\\/image\\\/\"},\"sameAs\":[\"https:\\\/\\\/www.instagram.com\\\/hotelesdemadrid\\\/\",\"https:\\\/\\\/x.com\\\/HotelesAEHM\",\"https:\\\/\\\/www.linkedin.com\\\/company\\\/11166072\\\/\"]},{\"@type\":\"Person\",\"@id\":\"https:\\\/\\\/aehm.es\\\/#\\\/schema\\\/person\\\/ca1397f4b0bcee246b58a0278b67a95f\",\"name\":\"richard\",\"image\":{\"@type\":\"ImageObject\",\"inLanguage\":\"en-US\",\"@id\":\"https:\\\/\\\/secure.gravatar.com\\\/avatar\\\/dd2486a811ecc34bf766b7d8b17d0ea76674186c415867af39660e429e20e1a0?s=96&d=mm&r=g\",\"url\":\"https:\\\/\\\/secure.gravatar.com\\\/avatar\\\/dd2486a811ecc34bf766b7d8b17d0ea76674186c415867af39660e429e20e1a0?s=96&d=mm&r=g\",\"contentUrl\":\"https:\\\/\\\/secure.gravatar.com\\\/avatar\\\/dd2486a811ecc34bf766b7d8b17d0ea76674186c415867af39660e429e20e1a0?s=96&d=mm&r=g\",\"caption\":\"richard\"},\"url\":\"https:\\\/\\\/aehm.es\\\/en\\\/author\\\/richard\\\/\"}]}<\/script>\n<!-- \/ Yoast SEO plugin. -->","yoast_head_json":{"title":"La ocupaci\u00f3n hotelera en Madrid se desploma y no supera el 15 % a causa de la crisis del coronavirus - AEHM","description":"La Asociaci\u00f3n Empresarial Hotelera de Madrid (AEHM) alerta de que ya existe una p\u00e9rdida de empleos en el sector, que ir\u00e1 en aumento en los pr\u00f3ximos d\u00edas","robots":{"index":"index","follow":"follow","max-snippet":"max-snippet:-1","max-image-preview":"max-image-preview:large","max-video-preview":"max-video-preview:-1"},"canonical":"https:\/\/aehm.es\/la-ocupacion-hotelera-en-madrid-se-desploma-y-no-supera-el-15-a-causa-de-la-crisis-del-coronavirus\/","og_locale":"en_US","og_type":"article","og_title":"La ocupaci\u00f3n hotelera en Madrid se desploma y no supera el 15 % a causa de la crisis del coronavirus - AEHM","og_description":"La Asociaci\u00f3n Empresarial Hotelera de Madrid (AEHM) alerta de que ya existe una p\u00e9rdida de empleos en el sector, que ir\u00e1 en aumento en los pr\u00f3ximos d\u00edas","og_url":"https:\/\/aehm.es\/la-ocupacion-hotelera-en-madrid-se-desploma-y-no-supera-el-15-a-causa-de-la-crisis-del-coronavirus\/","og_site_name":"AEHM","article_publisher":"https:\/\/www.instagram.com\/hotelesdemadrid\/","article_published_time":"2020-03-11T17:38:53+00:00","og_image":[{"width":1024,"height":512,"url":"https:\/\/aehm.es\/wp-content\/uploads\/2020\/03\/La-ocupacion-hotelera-en-Madrid-se-desploma-por-el-COVID19-1.jpg","type":"image\/jpeg"}],"author":"richard","twitter_card":"summary_large_image","twitter_image":"https:\/\/aehm.es\/wp-content\/uploads\/2020\/03\/La-ocupacion-hotelera-en-Madrid-se-desploma-por-el-COVID19-1.jpg","twitter_creator":"@HotelesAEHM","twitter_site":"@HotelesAEHM","twitter_misc":{"Written by":"richard","Est. reading time":"2 minutes"},"schema":{"@context":"https:\/\/schema.org","@graph":[{"@type":"Article","@id":"https:\/\/aehm.es\/la-ocupacion-hotelera-en-madrid-se-desploma-y-no-supera-el-15-a-causa-de-la-crisis-del-coronavirus\/#article","isPartOf":{"@id":"https:\/\/aehm.es\/la-ocupacion-hotelera-en-madrid-se-desploma-y-no-supera-el-15-a-causa-de-la-crisis-del-coronavirus\/"},"author":{"name":"richard","@id":"https:\/\/aehm.es\/#\/schema\/person\/ca1397f4b0bcee246b58a0278b67a95f"},"headline":"La ocupaci\u00f3n hotelera en Madrid se desploma y no supera el 15 % a causa de la crisis del coronavirus","datePublished":"2020-03-11T17:38:53+00:00","mainEntityOfPage":{"@id":"https:\/\/aehm.es\/la-ocupacion-hotelera-en-madrid-se-desploma-y-no-supera-el-15-a-causa-de-la-crisis-del-coronavirus\/"},"wordCount":493,"commentCount":0,"publisher":{"@id":"https:\/\/aehm.es\/#organization"},"image":{"@id":"https:\/\/aehm.es\/la-ocupacion-hotelera-en-madrid-se-desploma-y-no-supera-el-15-a-causa-de-la-crisis-del-coronavirus\/#primaryimage"},"thumbnailUrl":"https:\/\/aehm.es\/wp-content\/uploads\/2017\/06\/Palacio-Real-y-Almudena-1.jpg","articleSection":["Actualidad AEHM"],"inLanguage":"en-US","potentialAction":[{"@type":"CommentAction","name":"Comment","target":["https:\/\/aehm.es\/la-ocupacion-hotelera-en-madrid-se-desploma-y-no-supera-el-15-a-causa-de-la-crisis-del-coronavirus\/#respond"]}]},{"@type":"WebPage","@id":"https:\/\/aehm.es\/la-ocupacion-hotelera-en-madrid-se-desploma-y-no-supera-el-15-a-causa-de-la-crisis-del-coronavirus\/","url":"https:\/\/aehm.es\/la-ocupacion-hotelera-en-madrid-se-desploma-y-no-supera-el-15-a-causa-de-la-crisis-del-coronavirus\/","name":"La ocupaci\u00f3n hotelera en Madrid se desploma y no supera el 15 % a causa de la crisis del coronavirus - AEHM","isPartOf":{"@id":"https:\/\/aehm.es\/#website"},"primaryImageOfPage":{"@id":"https:\/\/aehm.es\/la-ocupacion-hotelera-en-madrid-se-desploma-y-no-supera-el-15-a-causa-de-la-crisis-del-coronavirus\/#primaryimage"},"image":{"@id":"https:\/\/aehm.es\/la-ocupacion-hotelera-en-madrid-se-desploma-y-no-supera-el-15-a-causa-de-la-crisis-del-coronavirus\/#primaryimage"},"thumbnailUrl":"https:\/\/aehm.es\/wp-content\/uploads\/2017\/06\/Palacio-Real-y-Almudena-1.jpg","datePublished":"2020-03-11T17:38:53+00:00","description":"La Asociaci\u00f3n Empresarial Hotelera de Madrid (AEHM) alerta de que ya existe una p\u00e9rdida de empleos en el sector, que ir\u00e1 en aumento en los pr\u00f3ximos d\u00edas","breadcrumb":{"@id":"https:\/\/aehm.es\/la-ocupacion-hotelera-en-madrid-se-desploma-y-no-supera-el-15-a-causa-de-la-crisis-del-coronavirus\/#breadcrumb"},"inLanguage":"en-US","potentialAction":[{"@type":"ReadAction","target":["https:\/\/aehm.es\/la-ocupacion-hotelera-en-madrid-se-desploma-y-no-supera-el-15-a-causa-de-la-crisis-del-coronavirus\/"]}]},{"@type":"ImageObject","inLanguage":"en-US","@id":"https:\/\/aehm.es\/la-ocupacion-hotelera-en-madrid-se-desploma-y-no-supera-el-15-a-causa-de-la-crisis-del-coronavirus\/#primaryimage","url":"https:\/\/aehm.es\/wp-content\/uploads\/2017\/06\/Palacio-Real-y-Almudena-1.jpg","contentUrl":"https:\/\/aehm.es\/wp-content\/uploads\/2017\/06\/Palacio-Real-y-Almudena-1.jpg","width":2458,"height":1505,"caption":"Madrid, Almudena Cathedral, Spain"},{"@type":"BreadcrumbList","@id":"https:\/\/aehm.es\/la-ocupacion-hotelera-en-madrid-se-desploma-y-no-supera-el-15-a-causa-de-la-crisis-del-coronavirus\/#breadcrumb","itemListElement":[{"@type":"ListItem","position":1,"name":"Portada","item":"https:\/\/aehm.es\/en\/"},{"@type":"ListItem","position":2,"name":"La ocupaci\u00f3n hotelera en Madrid se desploma y no supera el 15 % a causa de la crisis del coronavirus"}]},{"@type":"WebSite","@id":"https:\/\/aehm.es\/#website","url":"https:\/\/aehm.es\/","name":"Asociaci\u00f3n Empresarial Hotelera de Madrid","description":"La Asociaci\u00f3n Empresarial Hotelera Madrid est\u00e1 formada por m\u00e1s de 300 establecimientos de todas las categor\u00edas y tipolog\u00edas (hoteles, hostales, hostels, apartamentos\u2026) que suman m\u00e1s de 75.000 plazas de alojamiento.","publisher":{"@id":"https:\/\/aehm.es\/#organization"},"alternateName":"AEHM","potentialAction":[{"@type":"SearchAction","target":{"@type":"EntryPoint","urlTemplate":"https:\/\/aehm.es\/?s={search_term_string}"},"query-input":{"@type":"PropertyValueSpecification","valueRequired":true,"valueName":"search_term_string"}}],"inLanguage":"en-US"},{"@type":"Organization","@id":"https:\/\/aehm.es\/#organization","name":"Asociaci\u00f3n Empresarial Hotelera de Madrid","url":"https:\/\/aehm.es\/","logo":{"@type":"ImageObject","inLanguage":"en-US","@id":"https:\/\/aehm.es\/#\/schema\/logo\/image\/","url":"https:\/\/aehm.es\/wp-content\/uploads\/2021\/11\/Logo_AEHM_Horiz.png","contentUrl":"https:\/\/aehm.es\/wp-content\/uploads\/2021\/11\/Logo_AEHM_Horiz.png","width":600,"height":182,"caption":"Asociaci\u00f3n Empresarial Hotelera de Madrid"},"image":{"@id":"https:\/\/aehm.es\/#\/schema\/logo\/image\/"},"sameAs":["https:\/\/www.instagram.com\/hotelesdemadrid\/","https:\/\/x.com\/HotelesAEHM","https:\/\/www.linkedin.com\/company\/11166072\/"]},{"@type":"Person","@id":"https:\/\/aehm.es\/#\/schema\/person\/ca1397f4b0bcee246b58a0278b67a95f","name":"richard","image":{"@type":"ImageObject","inLanguage":"en-US","@id":"https:\/\/secure.gravatar.com\/avatar\/dd2486a811ecc34bf766b7d8b17d0ea76674186c415867af39660e429e20e1a0?s=96&d=mm&r=g","url":"https:\/\/secure.gravatar.com\/avatar\/dd2486a811ecc34bf766b7d8b17d0ea76674186c415867af39660e429e20e1a0?s=96&d=mm&r=g","contentUrl":"https:\/\/secure.gravatar.com\/avatar\/dd2486a811ecc34bf766b7d8b17d0ea76674186c415867af39660e429e20e1a0?s=96&d=mm&r=g","caption":"richard"},"url":"https:\/\/aehm.es\/en\/author\/richard\/"}]}},"_links":{"self":[{"href":"https:\/\/aehm.es\/en\/wp-json\/wp\/v2\/posts\/6689","targetHints":{"allow":["GET"]}}],"collection":[{"href":"https:\/\/aehm.es\/en\/wp-json\/wp\/v2\/posts"}],"about":[{"href":"https:\/\/aehm.es\/en\/wp-json\/wp\/v2\/types\/post"}],"author":[{"embeddable":true,"href":"https:\/\/aehm.es\/en\/wp-json\/wp\/v2\/users\/1"}],"replies":[{"embeddable":true,"href":"https:\/\/aehm.es\/en\/wp-json\/wp\/v2\/comments?post=6689"}],"version-history":[{"count":0,"href":"https:\/\/aehm.es\/en\/wp-json\/wp\/v2\/posts\/6689\/revisions"}],"wp:featuredmedia":[{"embeddable":true,"href":"https:\/\/aehm.es\/en\/wp-json\/wp\/v2\/media\/2115"}],"wp:attachment":[{"href":"https:\/\/aehm.es\/en\/wp-json\/wp\/v2\/media?parent=6689"}],"wp:term":[{"taxonomy":"category","embeddable":true,"href":"https:\/\/aehm.es\/en\/wp-json\/wp\/v2\/categories?post=6689"},{"taxonomy":"post_tag","embeddable":true,"href":"https:\/\/aehm.es\/en\/wp-json\/wp\/v2\/tags?post=6689"}],"curies":[{"name":"wp","href":"https:\/\/api.w.org\/{rel}","templated":true}]}}