{"id":6566,"date":"2020-02-24T08:34:22","date_gmt":"2020-02-24T08:34:22","guid":{"rendered":"https:\/\/aehm.es\/?p=6566"},"modified":"2020-02-24T08:34:22","modified_gmt":"2020-02-24T08:34:22","slug":"los-hoteleros-madrilenos-esperan-que-prosperen-las-negociaciones-entre-el-ayuntamiento-y-la-organizacion-del-mad-cool","status":"publish","type":"post","link":"https:\/\/aehm.es\/en\/los-hoteleros-madrilenos-esperan-que-prosperen-las-negociaciones-entre-el-ayuntamiento-y-la-organizacion-del-mad-cool\/","title":{"rendered":"Los hoteleros madrile\u00f1os esperan que prosperen las negociaciones entre el Ayuntamiento y la organizaci\u00f3n del \u2018Mad Cool\u2019 para que siga celebr\u00e1ndose en la capital"},"content":{"rendered":"<ul>\n<li><strong>Tras su primera edici\u00f3n en 2016, este macrofestival se ha convertido en un activo de gran valor para la dinamizaci\u00f3n de la actividad cultural, tur\u00edstica y econ\u00f3mica de la ciudad<\/strong><\/li>\n<li><strong>Un di\u00e1logo m\u00e1s fluido y un mayor compromiso entre agentes p\u00fablicos y privados se convierte en un factor clave para impulsar la promoci\u00f3n de la Madrid<\/strong><\/li>\n<li><strong>Con m\u00e1s de 185.000 asistentes nacionales e internacionales, la \u00faltima edici\u00f3n del \u2018Mad Cool Festival\u2019 dej\u00f3 unos ingresos de m\u00e1s de 65 millones y cre\u00f3 cerca de 5.000 empleos<\/strong><\/li>\n<\/ul>\n<p><em>Madrid, 24 de febrero de 2020.-<\/em> La <strong>Asociaci\u00f3n Empresarial Hotelera de Madrid<\/strong> (AEHM) ha instado al <strong>Ayuntamiento de Madrid<\/strong> y a la organizaci\u00f3n del <strong>\u2018Mad Cool Festival\u2019<\/strong> a un \u201cmayor entendimiento y un di\u00e1logo m\u00e1s fluido\u201d para que este evento siga celebr\u00e1ndose en la capital. En este sentido, ha querido recalcar que <strong>la ciudad cuenta con espacios altamente preparados para acoger este tipo de acontecimientos<\/strong>, tanto por su capacidad como por su buena conectividad y acondicionamiento de las instalaciones.<\/p>\n<p>Para los hoteleros madrile\u00f1os este festival, que se celebra en el mes de julio, se ha convertido en un <strong>activo de gran valor a la hora de dinamizar la actividad cultural, tur\u00edstica y econ\u00f3mica de la capital. <\/strong>De hecho, la pasada edici\u00f3n cont\u00f3 m\u00e1s de 185.000 personas, gener\u00f3 unos ingresos superiores a los 65 millones de euros, cre\u00f3 cerca de 5.000 empleos e hizo que aumentara la ocupaci\u00f3n hotelera durante la celebraci\u00f3n de este acontecimiento.<\/p>\n<p>Para lograr impulsar la promoci\u00f3n Madrid y lograr que se posicione por delante de otras capitales europeas, la secretaria general de la AEHM, Mar de Miguel, considera \u201cfundamental potenciar la colaboraci\u00f3n p\u00fablico-privada, alcanzar una mayor concreci\u00f3n en su compromiso y desarrollar conjuntamente acciones que potencien la visibilidad y las posibilidades que ofrece nuestro destino\u201d<\/p>\n<p>\u201cTenemos que tener en cuenta lo que supone para Madrid ser la sede del \u2018Mad Cool Festival\u2019. En tan solo cuatro a\u00f1os, no solo se ha convertido en el festival m\u00e1s grande de la capital, sino que ha conseguido ser un referente a nivel internacional y un escaparate perfecto para la imagen de la ciudad. Adem\u00e1s, est\u00e1 contribuyendo a desestacionalizar la llegada de turistas y demostrando que nuestro destino ofrece m\u00faltiples actividades y experiencias durante todo el a\u00f1o\u201d, ha se\u00f1alado.<\/p>\n<blockquote><p>Mad Cool Festival est\u00e1 contribuyendo a desestacionalizar la llegada de turistas y demostrando que nuestro destino ofrece m\u00faltiples actividades y experiencias durante todo el a\u00f1o<\/p><\/blockquote>\n<p>\u201cEntendemos que ambas partes, Ayuntamiento y organizaci\u00f3n, son conscientes del impacto que tiene este evento a todos los niveles. Por ello, esperamos que se mantengan en Madrid, contin\u00fae siendo un foco de atracci\u00f3n de miles de seguidores de la m\u00fasica y siga potenciando la actividad econ\u00f3mica de los diferentes sectores implicados\u201d, ha concluido la secretaria general de la AEHM.<\/p>\n","protected":false},"excerpt":{"rendered":"<p>Tras su primera edici\u00f3n en 2016, este macrofestival se ha convertido en un activo de gran valor para la dinamizaci\u00f3n de la actividad cultural, tur\u00edstica y econ\u00f3mica de la ciudad Un di\u00e1logo m\u00e1s fluido y un mayor compromiso entre agentes p\u00fablicos y privados se convierte en un factor clave para impulsar la promoci\u00f3n de la [&hellip;]<\/p>\n","protected":false},"author":1,"featured_media":6567,"comment_status":"open","ping_status":"open","sticky":false,"template":"","format":"standard","meta":{"footnotes":""},"categories":[1],"tags":[],"class_list":["post-6566","post","type-post","status-publish","format-standard","has-post-thumbnail","hentry","category-actualidad-aehm"],"yoast_head":"<!-- This site is optimized with the Yoast SEO plugin v27.5 - https:\/\/yoast.com\/product\/yoast-seo-wordpress\/ -->\n<title>Los hoteleros madrile\u00f1os esperan que prosperen las negociaciones entre el Ayuntamiento y la organizaci\u00f3n del \u2018Mad Cool\u2019 para que siga celebr\u00e1ndose en la capital - AEHM<\/title>\n<meta name=\"description\" content=\"Este festival se ha convertido en un activo de gran valor para la dinamizaci\u00f3n de la actividad cultural, tur\u00edstica y econ\u00f3mica de la ciudad\" \/>\n<meta name=\"robots\" content=\"index, follow, max-snippet:-1, max-image-preview:large, max-video-preview:-1\" \/>\n<link rel=\"canonical\" href=\"https:\/\/aehm.es\/los-hoteleros-madrilenos-esperan-que-prosperen-las-negociaciones-entre-el-ayuntamiento-y-la-organizacion-del-mad-cool\/\" \/>\n<meta property=\"og:locale\" content=\"en_US\" \/>\n<meta property=\"og:type\" content=\"article\" \/>\n<meta property=\"og:title\" content=\"Los hoteleros madrile\u00f1os esperan que prosperen las negociaciones entre el Ayuntamiento y la organizaci\u00f3n del \u2018Mad Cool\u2019 para que siga celebr\u00e1ndose en la capital - AEHM\" \/>\n<meta property=\"og:description\" content=\"Este festival se ha convertido en un activo de gran valor para la dinamizaci\u00f3n de la actividad cultural, tur\u00edstica y econ\u00f3mica de la ciudad\" \/>\n<meta property=\"og:url\" content=\"https:\/\/aehm.es\/los-hoteleros-madrilenos-esperan-que-prosperen-las-negociaciones-entre-el-ayuntamiento-y-la-organizacion-del-mad-cool\/\" \/>\n<meta property=\"og:site_name\" content=\"AEHM\" \/>\n<meta property=\"article:publisher\" content=\"https:\/\/www.instagram.com\/hotelesdemadrid\/\" \/>\n<meta property=\"article:published_time\" content=\"2020-02-24T08:34:22+00:00\" \/>\n<meta property=\"og:image\" content=\"https:\/\/aehm.es\/wp-content\/uploads\/2020\/02\/Festival-Madcool-2019-1-1.jpg\" \/>\n\t<meta property=\"og:image:width\" content=\"1602\" \/>\n\t<meta property=\"og:image:height\" content=\"716\" \/>\n\t<meta property=\"og:image:type\" content=\"image\/jpeg\" \/>\n<meta name=\"author\" content=\"richard\" \/>\n<meta name=\"twitter:card\" content=\"summary_large_image\" \/>\n<meta name=\"twitter:creator\" content=\"@HotelesAEHM\" \/>\n<meta name=\"twitter:site\" content=\"@HotelesAEHM\" \/>\n<meta name=\"twitter:label1\" content=\"Written by\" \/>\n\t<meta name=\"twitter:data1\" content=\"richard\" \/>\n\t<meta name=\"twitter:label2\" content=\"Est. reading time\" \/>\n\t<meta name=\"twitter:data2\" content=\"2 minutes\" \/>\n<script type=\"application\/ld+json\" class=\"yoast-schema-graph\">{\"@context\":\"https:\\\/\\\/schema.org\",\"@graph\":[{\"@type\":\"Article\",\"@id\":\"https:\\\/\\\/aehm.es\\\/los-hoteleros-madrilenos-esperan-que-prosperen-las-negociaciones-entre-el-ayuntamiento-y-la-organizacion-del-mad-cool\\\/#article\",\"isPartOf\":{\"@id\":\"https:\\\/\\\/aehm.es\\\/los-hoteleros-madrilenos-esperan-que-prosperen-las-negociaciones-entre-el-ayuntamiento-y-la-organizacion-del-mad-cool\\\/\"},\"author\":{\"name\":\"richard\",\"@id\":\"https:\\\/\\\/aehm.es\\\/#\\\/schema\\\/person\\\/ca1397f4b0bcee246b58a0278b67a95f\"},\"headline\":\"Los hoteleros madrile\u00f1os esperan que prosperen las negociaciones entre el Ayuntamiento y la organizaci\u00f3n del \u2018Mad Cool\u2019 para que siga celebr\u00e1ndose en la capital\",\"datePublished\":\"2020-02-24T08:34:22+00:00\",\"mainEntityOfPage\":{\"@id\":\"https:\\\/\\\/aehm.es\\\/los-hoteleros-madrilenos-esperan-que-prosperen-las-negociaciones-entre-el-ayuntamiento-y-la-organizacion-del-mad-cool\\\/\"},\"wordCount\":516,\"commentCount\":0,\"publisher\":{\"@id\":\"https:\\\/\\\/aehm.es\\\/#organization\"},\"image\":{\"@id\":\"https:\\\/\\\/aehm.es\\\/los-hoteleros-madrilenos-esperan-que-prosperen-las-negociaciones-entre-el-ayuntamiento-y-la-organizacion-del-mad-cool\\\/#primaryimage\"},\"thumbnailUrl\":\"https:\\\/\\\/aehm.es\\\/wp-content\\\/uploads\\\/2020\\\/02\\\/Festival-Madcool-2019-1-1.jpg\",\"articleSection\":[\"Actualidad AEHM\"],\"inLanguage\":\"en-US\",\"potentialAction\":[{\"@type\":\"CommentAction\",\"name\":\"Comment\",\"target\":[\"https:\\\/\\\/aehm.es\\\/los-hoteleros-madrilenos-esperan-que-prosperen-las-negociaciones-entre-el-ayuntamiento-y-la-organizacion-del-mad-cool\\\/#respond\"]}]},{\"@type\":\"WebPage\",\"@id\":\"https:\\\/\\\/aehm.es\\\/los-hoteleros-madrilenos-esperan-que-prosperen-las-negociaciones-entre-el-ayuntamiento-y-la-organizacion-del-mad-cool\\\/\",\"url\":\"https:\\\/\\\/aehm.es\\\/los-hoteleros-madrilenos-esperan-que-prosperen-las-negociaciones-entre-el-ayuntamiento-y-la-organizacion-del-mad-cool\\\/\",\"name\":\"Los hoteleros madrile\u00f1os esperan que prosperen las negociaciones entre el Ayuntamiento y la organizaci\u00f3n del \u2018Mad Cool\u2019 para que siga celebr\u00e1ndose en la capital - AEHM\",\"isPartOf\":{\"@id\":\"https:\\\/\\\/aehm.es\\\/#website\"},\"primaryImageOfPage\":{\"@id\":\"https:\\\/\\\/aehm.es\\\/los-hoteleros-madrilenos-esperan-que-prosperen-las-negociaciones-entre-el-ayuntamiento-y-la-organizacion-del-mad-cool\\\/#primaryimage\"},\"image\":{\"@id\":\"https:\\\/\\\/aehm.es\\\/los-hoteleros-madrilenos-esperan-que-prosperen-las-negociaciones-entre-el-ayuntamiento-y-la-organizacion-del-mad-cool\\\/#primaryimage\"},\"thumbnailUrl\":\"https:\\\/\\\/aehm.es\\\/wp-content\\\/uploads\\\/2020\\\/02\\\/Festival-Madcool-2019-1-1.jpg\",\"datePublished\":\"2020-02-24T08:34:22+00:00\",\"description\":\"Este festival se ha convertido en un activo de gran valor para la dinamizaci\u00f3n de la actividad cultural, tur\u00edstica y econ\u00f3mica de la ciudad\",\"breadcrumb\":{\"@id\":\"https:\\\/\\\/aehm.es\\\/los-hoteleros-madrilenos-esperan-que-prosperen-las-negociaciones-entre-el-ayuntamiento-y-la-organizacion-del-mad-cool\\\/#breadcrumb\"},\"inLanguage\":\"en-US\",\"potentialAction\":[{\"@type\":\"ReadAction\",\"target\":[\"https:\\\/\\\/aehm.es\\\/los-hoteleros-madrilenos-esperan-que-prosperen-las-negociaciones-entre-el-ayuntamiento-y-la-organizacion-del-mad-cool\\\/\"]}]},{\"@type\":\"ImageObject\",\"inLanguage\":\"en-US\",\"@id\":\"https:\\\/\\\/aehm.es\\\/los-hoteleros-madrilenos-esperan-que-prosperen-las-negociaciones-entre-el-ayuntamiento-y-la-organizacion-del-mad-cool\\\/#primaryimage\",\"url\":\"https:\\\/\\\/aehm.es\\\/wp-content\\\/uploads\\\/2020\\\/02\\\/Festival-Madcool-2019-1-1.jpg\",\"contentUrl\":\"https:\\\/\\\/aehm.es\\\/wp-content\\\/uploads\\\/2020\\\/02\\\/Festival-Madcool-2019-1-1.jpg\",\"width\":1602,\"height\":716},{\"@type\":\"BreadcrumbList\",\"@id\":\"https:\\\/\\\/aehm.es\\\/los-hoteleros-madrilenos-esperan-que-prosperen-las-negociaciones-entre-el-ayuntamiento-y-la-organizacion-del-mad-cool\\\/#breadcrumb\",\"itemListElement\":[{\"@type\":\"ListItem\",\"position\":1,\"name\":\"Portada\",\"item\":\"https:\\\/\\\/aehm.es\\\/en\\\/\"},{\"@type\":\"ListItem\",\"position\":2,\"name\":\"Los hoteleros madrile\u00f1os esperan que prosperen las negociaciones entre el Ayuntamiento y la organizaci\u00f3n del \u2018Mad Cool\u2019 para que siga celebr\u00e1ndose en la capital\"}]},{\"@type\":\"WebSite\",\"@id\":\"https:\\\/\\\/aehm.es\\\/#website\",\"url\":\"https:\\\/\\\/aehm.es\\\/\",\"name\":\"Asociaci\u00f3n Empresarial Hotelera de Madrid\",\"description\":\"La Asociaci\u00f3n Empresarial Hotelera Madrid est\u00e1 formada por m\u00e1s de 300 establecimientos de todas las categor\u00edas y tipolog\u00edas (hoteles, hostales, hostels, apartamentos\u2026) que suman m\u00e1s de 75.000 plazas de alojamiento.\",\"publisher\":{\"@id\":\"https:\\\/\\\/aehm.es\\\/#organization\"},\"alternateName\":\"AEHM\",\"potentialAction\":[{\"@type\":\"SearchAction\",\"target\":{\"@type\":\"EntryPoint\",\"urlTemplate\":\"https:\\\/\\\/aehm.es\\\/?s={search_term_string}\"},\"query-input\":{\"@type\":\"PropertyValueSpecification\",\"valueRequired\":true,\"valueName\":\"search_term_string\"}}],\"inLanguage\":\"en-US\"},{\"@type\":\"Organization\",\"@id\":\"https:\\\/\\\/aehm.es\\\/#organization\",\"name\":\"Asociaci\u00f3n Empresarial Hotelera de Madrid\",\"url\":\"https:\\\/\\\/aehm.es\\\/\",\"logo\":{\"@type\":\"ImageObject\",\"inLanguage\":\"en-US\",\"@id\":\"https:\\\/\\\/aehm.es\\\/#\\\/schema\\\/logo\\\/image\\\/\",\"url\":\"https:\\\/\\\/aehm.es\\\/wp-content\\\/uploads\\\/2021\\\/11\\\/Logo_AEHM_Horiz.png\",\"contentUrl\":\"https:\\\/\\\/aehm.es\\\/wp-content\\\/uploads\\\/2021\\\/11\\\/Logo_AEHM_Horiz.png\",\"width\":600,\"height\":182,\"caption\":\"Asociaci\u00f3n Empresarial Hotelera de Madrid\"},\"image\":{\"@id\":\"https:\\\/\\\/aehm.es\\\/#\\\/schema\\\/logo\\\/image\\\/\"},\"sameAs\":[\"https:\\\/\\\/www.instagram.com\\\/hotelesdemadrid\\\/\",\"https:\\\/\\\/x.com\\\/HotelesAEHM\",\"https:\\\/\\\/www.linkedin.com\\\/company\\\/11166072\\\/\"]},{\"@type\":\"Person\",\"@id\":\"https:\\\/\\\/aehm.es\\\/#\\\/schema\\\/person\\\/ca1397f4b0bcee246b58a0278b67a95f\",\"name\":\"richard\",\"image\":{\"@type\":\"ImageObject\",\"inLanguage\":\"en-US\",\"@id\":\"https:\\\/\\\/secure.gravatar.com\\\/avatar\\\/dd2486a811ecc34bf766b7d8b17d0ea76674186c415867af39660e429e20e1a0?s=96&d=mm&r=g\",\"url\":\"https:\\\/\\\/secure.gravatar.com\\\/avatar\\\/dd2486a811ecc34bf766b7d8b17d0ea76674186c415867af39660e429e20e1a0?s=96&d=mm&r=g\",\"contentUrl\":\"https:\\\/\\\/secure.gravatar.com\\\/avatar\\\/dd2486a811ecc34bf766b7d8b17d0ea76674186c415867af39660e429e20e1a0?s=96&d=mm&r=g\",\"caption\":\"richard\"},\"url\":\"https:\\\/\\\/aehm.es\\\/en\\\/author\\\/richard\\\/\"}]}<\/script>\n<!-- \/ Yoast SEO plugin. -->","yoast_head_json":{"title":"Los hoteleros madrile\u00f1os esperan que prosperen las negociaciones entre el Ayuntamiento y la organizaci\u00f3n del \u2018Mad Cool\u2019 para que siga celebr\u00e1ndose en la capital - AEHM","description":"Este festival se ha convertido en un activo de gran valor para la dinamizaci\u00f3n de la actividad cultural, tur\u00edstica y econ\u00f3mica de la ciudad","robots":{"index":"index","follow":"follow","max-snippet":"max-snippet:-1","max-image-preview":"max-image-preview:large","max-video-preview":"max-video-preview:-1"},"canonical":"https:\/\/aehm.es\/los-hoteleros-madrilenos-esperan-que-prosperen-las-negociaciones-entre-el-ayuntamiento-y-la-organizacion-del-mad-cool\/","og_locale":"en_US","og_type":"article","og_title":"Los hoteleros madrile\u00f1os esperan que prosperen las negociaciones entre el Ayuntamiento y la organizaci\u00f3n del \u2018Mad Cool\u2019 para que siga celebr\u00e1ndose en la capital - AEHM","og_description":"Este festival se ha convertido en un activo de gran valor para la dinamizaci\u00f3n de la actividad cultural, tur\u00edstica y econ\u00f3mica de la ciudad","og_url":"https:\/\/aehm.es\/los-hoteleros-madrilenos-esperan-que-prosperen-las-negociaciones-entre-el-ayuntamiento-y-la-organizacion-del-mad-cool\/","og_site_name":"AEHM","article_publisher":"https:\/\/www.instagram.com\/hotelesdemadrid\/","article_published_time":"2020-02-24T08:34:22+00:00","og_image":[{"width":1602,"height":716,"url":"https:\/\/aehm.es\/wp-content\/uploads\/2020\/02\/Festival-Madcool-2019-1-1.jpg","type":"image\/jpeg"}],"author":"richard","twitter_card":"summary_large_image","twitter_creator":"@HotelesAEHM","twitter_site":"@HotelesAEHM","twitter_misc":{"Written by":"richard","Est. reading time":"2 minutes"},"schema":{"@context":"https:\/\/schema.org","@graph":[{"@type":"Article","@id":"https:\/\/aehm.es\/los-hoteleros-madrilenos-esperan-que-prosperen-las-negociaciones-entre-el-ayuntamiento-y-la-organizacion-del-mad-cool\/#article","isPartOf":{"@id":"https:\/\/aehm.es\/los-hoteleros-madrilenos-esperan-que-prosperen-las-negociaciones-entre-el-ayuntamiento-y-la-organizacion-del-mad-cool\/"},"author":{"name":"richard","@id":"https:\/\/aehm.es\/#\/schema\/person\/ca1397f4b0bcee246b58a0278b67a95f"},"headline":"Los hoteleros madrile\u00f1os esperan que prosperen las negociaciones entre el Ayuntamiento y la organizaci\u00f3n del \u2018Mad Cool\u2019 para que siga celebr\u00e1ndose en la capital","datePublished":"2020-02-24T08:34:22+00:00","mainEntityOfPage":{"@id":"https:\/\/aehm.es\/los-hoteleros-madrilenos-esperan-que-prosperen-las-negociaciones-entre-el-ayuntamiento-y-la-organizacion-del-mad-cool\/"},"wordCount":516,"commentCount":0,"publisher":{"@id":"https:\/\/aehm.es\/#organization"},"image":{"@id":"https:\/\/aehm.es\/los-hoteleros-madrilenos-esperan-que-prosperen-las-negociaciones-entre-el-ayuntamiento-y-la-organizacion-del-mad-cool\/#primaryimage"},"thumbnailUrl":"https:\/\/aehm.es\/wp-content\/uploads\/2020\/02\/Festival-Madcool-2019-1-1.jpg","articleSection":["Actualidad AEHM"],"inLanguage":"en-US","potentialAction":[{"@type":"CommentAction","name":"Comment","target":["https:\/\/aehm.es\/los-hoteleros-madrilenos-esperan-que-prosperen-las-negociaciones-entre-el-ayuntamiento-y-la-organizacion-del-mad-cool\/#respond"]}]},{"@type":"WebPage","@id":"https:\/\/aehm.es\/los-hoteleros-madrilenos-esperan-que-prosperen-las-negociaciones-entre-el-ayuntamiento-y-la-organizacion-del-mad-cool\/","url":"https:\/\/aehm.es\/los-hoteleros-madrilenos-esperan-que-prosperen-las-negociaciones-entre-el-ayuntamiento-y-la-organizacion-del-mad-cool\/","name":"Los hoteleros madrile\u00f1os esperan que prosperen las negociaciones entre el Ayuntamiento y la organizaci\u00f3n del \u2018Mad Cool\u2019 para que siga celebr\u00e1ndose en la capital - AEHM","isPartOf":{"@id":"https:\/\/aehm.es\/#website"},"primaryImageOfPage":{"@id":"https:\/\/aehm.es\/los-hoteleros-madrilenos-esperan-que-prosperen-las-negociaciones-entre-el-ayuntamiento-y-la-organizacion-del-mad-cool\/#primaryimage"},"image":{"@id":"https:\/\/aehm.es\/los-hoteleros-madrilenos-esperan-que-prosperen-las-negociaciones-entre-el-ayuntamiento-y-la-organizacion-del-mad-cool\/#primaryimage"},"thumbnailUrl":"https:\/\/aehm.es\/wp-content\/uploads\/2020\/02\/Festival-Madcool-2019-1-1.jpg","datePublished":"2020-02-24T08:34:22+00:00","description":"Este festival se ha convertido en un activo de gran valor para la dinamizaci\u00f3n de la actividad cultural, tur\u00edstica y econ\u00f3mica de la ciudad","breadcrumb":{"@id":"https:\/\/aehm.es\/los-hoteleros-madrilenos-esperan-que-prosperen-las-negociaciones-entre-el-ayuntamiento-y-la-organizacion-del-mad-cool\/#breadcrumb"},"inLanguage":"en-US","potentialAction":[{"@type":"ReadAction","target":["https:\/\/aehm.es\/los-hoteleros-madrilenos-esperan-que-prosperen-las-negociaciones-entre-el-ayuntamiento-y-la-organizacion-del-mad-cool\/"]}]},{"@type":"ImageObject","inLanguage":"en-US","@id":"https:\/\/aehm.es\/los-hoteleros-madrilenos-esperan-que-prosperen-las-negociaciones-entre-el-ayuntamiento-y-la-organizacion-del-mad-cool\/#primaryimage","url":"https:\/\/aehm.es\/wp-content\/uploads\/2020\/02\/Festival-Madcool-2019-1-1.jpg","contentUrl":"https:\/\/aehm.es\/wp-content\/uploads\/2020\/02\/Festival-Madcool-2019-1-1.jpg","width":1602,"height":716},{"@type":"BreadcrumbList","@id":"https:\/\/aehm.es\/los-hoteleros-madrilenos-esperan-que-prosperen-las-negociaciones-entre-el-ayuntamiento-y-la-organizacion-del-mad-cool\/#breadcrumb","itemListElement":[{"@type":"ListItem","position":1,"name":"Portada","item":"https:\/\/aehm.es\/en\/"},{"@type":"ListItem","position":2,"name":"Los hoteleros madrile\u00f1os esperan que prosperen las negociaciones entre el Ayuntamiento y la organizaci\u00f3n del \u2018Mad Cool\u2019 para que siga celebr\u00e1ndose en la capital"}]},{"@type":"WebSite","@id":"https:\/\/aehm.es\/#website","url":"https:\/\/aehm.es\/","name":"Asociaci\u00f3n Empresarial Hotelera de Madrid","description":"La Asociaci\u00f3n Empresarial Hotelera Madrid est\u00e1 formada por m\u00e1s de 300 establecimientos de todas las categor\u00edas y tipolog\u00edas (hoteles, hostales, hostels, apartamentos\u2026) que suman m\u00e1s de 75.000 plazas de alojamiento.","publisher":{"@id":"https:\/\/aehm.es\/#organization"},"alternateName":"AEHM","potentialAction":[{"@type":"SearchAction","target":{"@type":"EntryPoint","urlTemplate":"https:\/\/aehm.es\/?s={search_term_string}"},"query-input":{"@type":"PropertyValueSpecification","valueRequired":true,"valueName":"search_term_string"}}],"inLanguage":"en-US"},{"@type":"Organization","@id":"https:\/\/aehm.es\/#organization","name":"Asociaci\u00f3n Empresarial Hotelera de Madrid","url":"https:\/\/aehm.es\/","logo":{"@type":"ImageObject","inLanguage":"en-US","@id":"https:\/\/aehm.es\/#\/schema\/logo\/image\/","url":"https:\/\/aehm.es\/wp-content\/uploads\/2021\/11\/Logo_AEHM_Horiz.png","contentUrl":"https:\/\/aehm.es\/wp-content\/uploads\/2021\/11\/Logo_AEHM_Horiz.png","width":600,"height":182,"caption":"Asociaci\u00f3n Empresarial Hotelera de Madrid"},"image":{"@id":"https:\/\/aehm.es\/#\/schema\/logo\/image\/"},"sameAs":["https:\/\/www.instagram.com\/hotelesdemadrid\/","https:\/\/x.com\/HotelesAEHM","https:\/\/www.linkedin.com\/company\/11166072\/"]},{"@type":"Person","@id":"https:\/\/aehm.es\/#\/schema\/person\/ca1397f4b0bcee246b58a0278b67a95f","name":"richard","image":{"@type":"ImageObject","inLanguage":"en-US","@id":"https:\/\/secure.gravatar.com\/avatar\/dd2486a811ecc34bf766b7d8b17d0ea76674186c415867af39660e429e20e1a0?s=96&d=mm&r=g","url":"https:\/\/secure.gravatar.com\/avatar\/dd2486a811ecc34bf766b7d8b17d0ea76674186c415867af39660e429e20e1a0?s=96&d=mm&r=g","contentUrl":"https:\/\/secure.gravatar.com\/avatar\/dd2486a811ecc34bf766b7d8b17d0ea76674186c415867af39660e429e20e1a0?s=96&d=mm&r=g","caption":"richard"},"url":"https:\/\/aehm.es\/en\/author\/richard\/"}]}},"_links":{"self":[{"href":"https:\/\/aehm.es\/en\/wp-json\/wp\/v2\/posts\/6566","targetHints":{"allow":["GET"]}}],"collection":[{"href":"https:\/\/aehm.es\/en\/wp-json\/wp\/v2\/posts"}],"about":[{"href":"https:\/\/aehm.es\/en\/wp-json\/wp\/v2\/types\/post"}],"author":[{"embeddable":true,"href":"https:\/\/aehm.es\/en\/wp-json\/wp\/v2\/users\/1"}],"replies":[{"embeddable":true,"href":"https:\/\/aehm.es\/en\/wp-json\/wp\/v2\/comments?post=6566"}],"version-history":[{"count":0,"href":"https:\/\/aehm.es\/en\/wp-json\/wp\/v2\/posts\/6566\/revisions"}],"wp:featuredmedia":[{"embeddable":true,"href":"https:\/\/aehm.es\/en\/wp-json\/wp\/v2\/media\/6567"}],"wp:attachment":[{"href":"https:\/\/aehm.es\/en\/wp-json\/wp\/v2\/media?parent=6566"}],"wp:term":[{"taxonomy":"category","embeddable":true,"href":"https:\/\/aehm.es\/en\/wp-json\/wp\/v2\/categories?post=6566"},{"taxonomy":"post_tag","embeddable":true,"href":"https:\/\/aehm.es\/en\/wp-json\/wp\/v2\/tags?post=6566"}],"curies":[{"name":"wp","href":"https:\/\/api.w.org\/{rel}","templated":true}]}}