{"id":6434,"date":"2020-01-22T14:46:24","date_gmt":"2020-01-22T14:46:24","guid":{"rendered":"https:\/\/aehm.es\/?p=6434"},"modified":"2020-01-22T14:46:24","modified_gmt":"2020-01-22T14:46:24","slug":"acuerdo-promocion-del-palacio-de-liria","status":"publish","type":"post","link":"https:\/\/aehm.es\/en\/acuerdo-promocion-del-palacio-de-liria\/","title":{"rendered":"Los hoteleros madrile\u00f1os firman un acuerdo con la Fundaci\u00f3n Casa de Alba para la promoci\u00f3n del Palacio de Liria"},"content":{"rendered":"<p>&nbsp;<\/p>\n<ul>\n<li><strong>A trav\u00e9s de este convenio, la Asociaci\u00f3n Empresarial Hotelera de Madrid (AEHM) impulsar\u00e1 la visibilidad de la colecci\u00f3n art\u00edstica y del archivo hist\u00f3rico que alberga esta residencia privada del siglo XVIII<\/strong><\/li>\n<li><strong>Los establecimientos de la regi\u00f3n entregar\u00e1n a sus clientes toda la programaci\u00f3n cultural que ofrece este espacio y tendr\u00e1n la posibilidad de exponer en sus lobbies o entradas, objetos o facs\u00edmiles para dar a conocer este exclusivo palacio<\/strong><\/li>\n<\/ul>\n<p><em>Madrid, 22 de enero de 2020.<\/em> \u2013 La <strong>Asociaci\u00f3n Empresarial Hotelera de Madrid<\/strong> (AEHM) y la <strong>Fundaci\u00f3n Casa de Alba<\/strong> han firmado este mi\u00e9rcoles un acuerdo, en el marco de Fitur, para trabajar de manera conjunta en la promoci\u00f3n del emblem\u00e1tico <strong>Palacio de Liria,<\/strong> con el objetivo de impulsar la visibilidad de la colecci\u00f3n art\u00edstica y del archivo hist\u00f3rico que alberga esta residencia del siglo XVIII entre los ciudadanos y turistas.<\/p>\n<figure id=\"attachment_6442\" aria-describedby=\"caption-attachment-6442\" style=\"width: 900px\" class=\"wp-caption aligncenter\"><img fetchpriority=\"high\" decoding=\"async\" class=\"wp-image-6442 size-full\" src=\"https:\/\/aehm.es\/wp-content\/uploads\/2020\/01\/Firma-acuerdo-AEHM-Palacio-de-Liria.jpg\" alt=\"\" width=\"900\" height=\"675\" \/><figcaption id=\"caption-attachment-6442\" class=\"wp-caption-text\"><strong><em>De izquierda a derecha: secretaria general de AEHM, Mar de Miguel; secretario de la Fundaci\u00f3n Casa de Alba, Emilio Ramirez; presidente de la AEHM, Gabriel Garc\u00eda y el director Cultural de la Fundaci\u00f3n Casa de Alba, \u00c1lvaro Romero.<\/em><\/strong><\/figcaption><\/figure>\n<p>&nbsp;<\/p>\n<p>A trav\u00e9s de este convenio, los establecimientos miembros de la AEHM <strong>entregar\u00e1n a sus clientes informaci\u00f3n sobre la posibilidad de visitar este emblem\u00e1tico edificio, como un espacio destacado dentro de la oferta cultural que ofrece el destino<\/strong>. Adem\u00e1s, tendr\u00e1n la oportunidad de <strong>exponer en sus lobbies o entradas alg\u00fan objeto o facs\u00edmil de alto valor hist\u00f3rico perteneciente a la emblem\u00e1tica Colecci\u00f3n de la Casa de Alba<\/strong> como, por ejemplo, la \u00fanica colecci\u00f3n de cartas aut\u00f3grafas de Crist\u00f3bal Col\u00f3n en manos privadas o el \u00faltimo testamento de Fernando \u2018El Cat\u00f3lico\u2019.<\/p>\n<p>Por otro lado, ambas entidades <strong>estudiar\u00e1n la puesta en marcha acciones comunes vinculadas con la actividad tur\u00edstica-cultural<\/strong> y de presentar iniciativas desarrolladas conjuntamente en ferias o cert\u00e1menes.<\/p>\n<p>El Palacio de Liria, ubicado en pleno centro de Madrid, es una residencia privada actualmente habitada que hasta hace unos meses solo pod\u00eda visitarse, por un grupo muy reducido de personas, los viernes. Desde el mes de septiembre, es posible realizar visitas guiadas todos los d\u00edas de la semana, brindando la oportunidad, a todos aquellos que lo deseen, de descubrir uno de los mayores legados art\u00edsticos de la historia de Espa\u00f1a, fruto de 600 a\u00f1os de mecenazgo y coleccionismo por parte de la Casa de Alba.<\/p>\n<blockquote>\n<p style=\"text-align: left;\"><em>Esta iniciativa personal del actual duque de Alba, ofrece a todos los visitantes de la capital, la oportunidad de vivir un palacio que alberga una de las colecciones de arte m\u00e1s importantes de Espa\u00f1a <\/em><\/p>\n<\/blockquote>\n<p>Seg\u00fan Emilio Ramirez, Secretario de la Fundaci\u00f3n Casa de Alba, <em>\u201cesta iniciativa personal del actual duque de Alba, ofrece a todos los visitantes de la capital, la oportunidad de vivir un palacio que alberga una de las colecciones de arte m\u00e1s importantes de Espa\u00f1a en el entorno de una casa vivida, \u00fanica experiencia de estas caracter\u00edsticas en nuestro pa\u00eds\u201d.<\/em><\/p>\n<h2>El compromiso del sector hotelero con la cultura<\/h2>\n<p><em>\u201cLa firma de este acuerdo es una muestra m\u00e1s del compromiso que mantenemos desde el sector hotelero con la actividad cultural madrile\u00f1a. <strong>Todas aquellas acciones que tengan como objetivo visibilizar el arte e historia de la ciudad, contribuyen, sin lugar a dudas, a posicionar a Madrid como uno de los primeros destinos culturales de Europa<\/strong>. Estamos encantados de poder dar a conocer este maravilloso Palacio entre los turistas que visitan nuestros establecimientos\u201d<\/em>, ha se\u00f1alado el presidente de la AEHM, Gabriel Garc\u00eda.<\/p>\n<p><img decoding=\"async\" class=\"alignnone size-large wp-image-6440\" src=\"https:\/\/aehm.es\/wp-content\/uploads\/2020\/01\/Firma-acuerdo-AEHM-Palacio-de-Liria-stand-AEHM-768x1024.jpg\" alt=\"Secretaria general de AEHM, Mar de Miguel; secretario de la Fundaci\u00f3n Casa de Alba, Emilio Ramirez; presidente de la AEHM, Gabriel Garc\u00eda y el director Cultural de la Fundaci\u00f3n Casa de Alba, \u00c1lvaro Romero.\" width=\"768\" height=\"1024\" \/><\/p>\n<p>&nbsp;<\/p>\n","protected":false},"excerpt":{"rendered":"<p>&nbsp; A trav\u00e9s de este convenio, la Asociaci\u00f3n Empresarial Hotelera de Madrid (AEHM) impulsar\u00e1 la visibilidad de la colecci\u00f3n art\u00edstica y del archivo hist\u00f3rico que alberga esta residencia privada del siglo XVIII Los establecimientos de la regi\u00f3n entregar\u00e1n a sus clientes toda la programaci\u00f3n cultural que ofrece este espacio y tendr\u00e1n la posibilidad de exponer [&hellip;]<\/p>\n","protected":false},"author":1,"featured_media":6435,"comment_status":"open","ping_status":"open","sticky":false,"template":"","format":"standard","meta":{"footnotes":""},"categories":[1],"tags":[],"class_list":["post-6434","post","type-post","status-publish","format-standard","has-post-thumbnail","hentry","category-actualidad-aehm"],"yoast_head":"<!-- This site is optimized with the Yoast SEO plugin v27.5 - https:\/\/yoast.com\/product\/yoast-seo-wordpress\/ -->\n<title>Los hoteleros madrile\u00f1os firman un acuerdo con la Fundaci\u00f3n Casa de Alba para la promoci\u00f3n del Palacio de Liria - AEHM<\/title>\n<meta name=\"robots\" content=\"index, follow, max-snippet:-1, max-image-preview:large, max-video-preview:-1\" \/>\n<link rel=\"canonical\" href=\"https:\/\/aehm.es\/acuerdo-promocion-del-palacio-de-liria\/\" \/>\n<meta property=\"og:locale\" content=\"en_US\" \/>\n<meta property=\"og:type\" content=\"article\" \/>\n<meta property=\"og:title\" content=\"Los hoteleros madrile\u00f1os firman un acuerdo con la Fundaci\u00f3n Casa de Alba para la promoci\u00f3n del Palacio de Liria - AEHM\" \/>\n<meta property=\"og:description\" content=\"&nbsp; A trav\u00e9s de este convenio, la Asociaci\u00f3n Empresarial Hotelera de Madrid (AEHM) impulsar\u00e1 la visibilidad de la colecci\u00f3n art\u00edstica y del archivo hist\u00f3rico que alberga esta residencia privada del siglo XVIII Los establecimientos de la regi\u00f3n entregar\u00e1n a sus clientes toda la programaci\u00f3n cultural que ofrece este espacio y tendr\u00e1n la posibilidad de exponer [&hellip;]\" \/>\n<meta property=\"og:url\" content=\"https:\/\/aehm.es\/acuerdo-promocion-del-palacio-de-liria\/\" \/>\n<meta property=\"og:site_name\" content=\"AEHM\" \/>\n<meta property=\"article:publisher\" content=\"https:\/\/www.instagram.com\/hotelesdemadrid\/\" \/>\n<meta property=\"article:published_time\" content=\"2020-01-22T14:46:24+00:00\" \/>\n<meta property=\"og:image\" content=\"https:\/\/aehm.es\/wp-content\/uploads\/2020\/01\/Palacio_de_Liria_Madrid_wikipedia-1.jpg\" \/>\n\t<meta property=\"og:image:width\" content=\"1800\" \/>\n\t<meta property=\"og:image:height\" content=\"1051\" \/>\n\t<meta property=\"og:image:type\" content=\"image\/jpeg\" \/>\n<meta name=\"author\" content=\"richard\" \/>\n<meta name=\"twitter:card\" content=\"summary_large_image\" \/>\n<meta name=\"twitter:image\" content=\"https:\/\/aehm.es\/wp-content\/uploads\/2020\/01\/Palacio_de_Liria_Madrid_wikipedia-1.jpg\" \/>\n<meta name=\"twitter:creator\" content=\"@HotelesAEHM\" \/>\n<meta name=\"twitter:site\" content=\"@HotelesAEHM\" \/>\n<meta name=\"twitter:label1\" content=\"Written by\" \/>\n\t<meta name=\"twitter:data1\" content=\"richard\" \/>\n\t<meta name=\"twitter:label2\" content=\"Est. reading time\" \/>\n\t<meta name=\"twitter:data2\" content=\"3 minutes\" \/>\n<script type=\"application\/ld+json\" class=\"yoast-schema-graph\">{\"@context\":\"https:\\\/\\\/schema.org\",\"@graph\":[{\"@type\":\"Article\",\"@id\":\"https:\\\/\\\/aehm.es\\\/acuerdo-promocion-del-palacio-de-liria\\\/#article\",\"isPartOf\":{\"@id\":\"https:\\\/\\\/aehm.es\\\/acuerdo-promocion-del-palacio-de-liria\\\/\"},\"author\":{\"name\":\"richard\",\"@id\":\"https:\\\/\\\/aehm.es\\\/#\\\/schema\\\/person\\\/ca1397f4b0bcee246b58a0278b67a95f\"},\"headline\":\"Los hoteleros madrile\u00f1os firman un acuerdo con la Fundaci\u00f3n Casa de Alba para la promoci\u00f3n del Palacio de Liria\",\"datePublished\":\"2020-01-22T14:46:24+00:00\",\"mainEntityOfPage\":{\"@id\":\"https:\\\/\\\/aehm.es\\\/acuerdo-promocion-del-palacio-de-liria\\\/\"},\"wordCount\":647,\"commentCount\":0,\"publisher\":{\"@id\":\"https:\\\/\\\/aehm.es\\\/#organization\"},\"image\":{\"@id\":\"https:\\\/\\\/aehm.es\\\/acuerdo-promocion-del-palacio-de-liria\\\/#primaryimage\"},\"thumbnailUrl\":\"https:\\\/\\\/aehm.es\\\/wp-content\\\/uploads\\\/2020\\\/01\\\/Palacio_de_Liria_Madrid_wikipedia-1.jpg\",\"articleSection\":[\"Actualidad AEHM\"],\"inLanguage\":\"en-US\",\"potentialAction\":[{\"@type\":\"CommentAction\",\"name\":\"Comment\",\"target\":[\"https:\\\/\\\/aehm.es\\\/acuerdo-promocion-del-palacio-de-liria\\\/#respond\"]}]},{\"@type\":\"WebPage\",\"@id\":\"https:\\\/\\\/aehm.es\\\/acuerdo-promocion-del-palacio-de-liria\\\/\",\"url\":\"https:\\\/\\\/aehm.es\\\/acuerdo-promocion-del-palacio-de-liria\\\/\",\"name\":\"Los hoteleros madrile\u00f1os firman un acuerdo con la Fundaci\u00f3n Casa de Alba para la promoci\u00f3n del Palacio de Liria - AEHM\",\"isPartOf\":{\"@id\":\"https:\\\/\\\/aehm.es\\\/#website\"},\"primaryImageOfPage\":{\"@id\":\"https:\\\/\\\/aehm.es\\\/acuerdo-promocion-del-palacio-de-liria\\\/#primaryimage\"},\"image\":{\"@id\":\"https:\\\/\\\/aehm.es\\\/acuerdo-promocion-del-palacio-de-liria\\\/#primaryimage\"},\"thumbnailUrl\":\"https:\\\/\\\/aehm.es\\\/wp-content\\\/uploads\\\/2020\\\/01\\\/Palacio_de_Liria_Madrid_wikipedia-1.jpg\",\"datePublished\":\"2020-01-22T14:46:24+00:00\",\"breadcrumb\":{\"@id\":\"https:\\\/\\\/aehm.es\\\/acuerdo-promocion-del-palacio-de-liria\\\/#breadcrumb\"},\"inLanguage\":\"en-US\",\"potentialAction\":[{\"@type\":\"ReadAction\",\"target\":[\"https:\\\/\\\/aehm.es\\\/acuerdo-promocion-del-palacio-de-liria\\\/\"]}]},{\"@type\":\"ImageObject\",\"inLanguage\":\"en-US\",\"@id\":\"https:\\\/\\\/aehm.es\\\/acuerdo-promocion-del-palacio-de-liria\\\/#primaryimage\",\"url\":\"https:\\\/\\\/aehm.es\\\/wp-content\\\/uploads\\\/2020\\\/01\\\/Palacio_de_Liria_Madrid_wikipedia-1.jpg\",\"contentUrl\":\"https:\\\/\\\/aehm.es\\\/wp-content\\\/uploads\\\/2020\\\/01\\\/Palacio_de_Liria_Madrid_wikipedia-1.jpg\",\"width\":1800,\"height\":1051},{\"@type\":\"BreadcrumbList\",\"@id\":\"https:\\\/\\\/aehm.es\\\/acuerdo-promocion-del-palacio-de-liria\\\/#breadcrumb\",\"itemListElement\":[{\"@type\":\"ListItem\",\"position\":1,\"name\":\"Portada\",\"item\":\"https:\\\/\\\/aehm.es\\\/en\\\/\"},{\"@type\":\"ListItem\",\"position\":2,\"name\":\"Los hoteleros madrile\u00f1os firman un acuerdo con la Fundaci\u00f3n Casa de Alba para la promoci\u00f3n del Palacio de Liria\"}]},{\"@type\":\"WebSite\",\"@id\":\"https:\\\/\\\/aehm.es\\\/#website\",\"url\":\"https:\\\/\\\/aehm.es\\\/\",\"name\":\"Asociaci\u00f3n Empresarial Hotelera de Madrid\",\"description\":\"La Asociaci\u00f3n Empresarial Hotelera Madrid est\u00e1 formada por m\u00e1s de 300 establecimientos de todas las categor\u00edas y tipolog\u00edas (hoteles, hostales, hostels, apartamentos\u2026) que suman m\u00e1s de 75.000 plazas de alojamiento.\",\"publisher\":{\"@id\":\"https:\\\/\\\/aehm.es\\\/#organization\"},\"alternateName\":\"AEHM\",\"potentialAction\":[{\"@type\":\"SearchAction\",\"target\":{\"@type\":\"EntryPoint\",\"urlTemplate\":\"https:\\\/\\\/aehm.es\\\/?s={search_term_string}\"},\"query-input\":{\"@type\":\"PropertyValueSpecification\",\"valueRequired\":true,\"valueName\":\"search_term_string\"}}],\"inLanguage\":\"en-US\"},{\"@type\":\"Organization\",\"@id\":\"https:\\\/\\\/aehm.es\\\/#organization\",\"name\":\"Asociaci\u00f3n Empresarial Hotelera de Madrid\",\"url\":\"https:\\\/\\\/aehm.es\\\/\",\"logo\":{\"@type\":\"ImageObject\",\"inLanguage\":\"en-US\",\"@id\":\"https:\\\/\\\/aehm.es\\\/#\\\/schema\\\/logo\\\/image\\\/\",\"url\":\"https:\\\/\\\/aehm.es\\\/wp-content\\\/uploads\\\/2021\\\/11\\\/Logo_AEHM_Horiz.png\",\"contentUrl\":\"https:\\\/\\\/aehm.es\\\/wp-content\\\/uploads\\\/2021\\\/11\\\/Logo_AEHM_Horiz.png\",\"width\":600,\"height\":182,\"caption\":\"Asociaci\u00f3n Empresarial Hotelera de Madrid\"},\"image\":{\"@id\":\"https:\\\/\\\/aehm.es\\\/#\\\/schema\\\/logo\\\/image\\\/\"},\"sameAs\":[\"https:\\\/\\\/www.instagram.com\\\/hotelesdemadrid\\\/\",\"https:\\\/\\\/x.com\\\/HotelesAEHM\",\"https:\\\/\\\/www.linkedin.com\\\/company\\\/11166072\\\/\"]},{\"@type\":\"Person\",\"@id\":\"https:\\\/\\\/aehm.es\\\/#\\\/schema\\\/person\\\/ca1397f4b0bcee246b58a0278b67a95f\",\"name\":\"richard\",\"image\":{\"@type\":\"ImageObject\",\"inLanguage\":\"en-US\",\"@id\":\"https:\\\/\\\/secure.gravatar.com\\\/avatar\\\/dd2486a811ecc34bf766b7d8b17d0ea76674186c415867af39660e429e20e1a0?s=96&d=mm&r=g\",\"url\":\"https:\\\/\\\/secure.gravatar.com\\\/avatar\\\/dd2486a811ecc34bf766b7d8b17d0ea76674186c415867af39660e429e20e1a0?s=96&d=mm&r=g\",\"contentUrl\":\"https:\\\/\\\/secure.gravatar.com\\\/avatar\\\/dd2486a811ecc34bf766b7d8b17d0ea76674186c415867af39660e429e20e1a0?s=96&d=mm&r=g\",\"caption\":\"richard\"},\"url\":\"https:\\\/\\\/aehm.es\\\/en\\\/author\\\/richard\\\/\"}]}<\/script>\n<!-- \/ Yoast SEO plugin. -->","yoast_head_json":{"title":"Los hoteleros madrile\u00f1os firman un acuerdo con la Fundaci\u00f3n Casa de Alba para la promoci\u00f3n del Palacio de Liria - AEHM","robots":{"index":"index","follow":"follow","max-snippet":"max-snippet:-1","max-image-preview":"max-image-preview:large","max-video-preview":"max-video-preview:-1"},"canonical":"https:\/\/aehm.es\/acuerdo-promocion-del-palacio-de-liria\/","og_locale":"en_US","og_type":"article","og_title":"Los hoteleros madrile\u00f1os firman un acuerdo con la Fundaci\u00f3n Casa de Alba para la promoci\u00f3n del Palacio de Liria - AEHM","og_description":"&nbsp; A trav\u00e9s de este convenio, la Asociaci\u00f3n Empresarial Hotelera de Madrid (AEHM) impulsar\u00e1 la visibilidad de la colecci\u00f3n art\u00edstica y del archivo hist\u00f3rico que alberga esta residencia privada del siglo XVIII Los establecimientos de la regi\u00f3n entregar\u00e1n a sus clientes toda la programaci\u00f3n cultural que ofrece este espacio y tendr\u00e1n la posibilidad de exponer [&hellip;]","og_url":"https:\/\/aehm.es\/acuerdo-promocion-del-palacio-de-liria\/","og_site_name":"AEHM","article_publisher":"https:\/\/www.instagram.com\/hotelesdemadrid\/","article_published_time":"2020-01-22T14:46:24+00:00","og_image":[{"width":1800,"height":1051,"url":"https:\/\/aehm.es\/wp-content\/uploads\/2020\/01\/Palacio_de_Liria_Madrid_wikipedia-1.jpg","type":"image\/jpeg"}],"author":"richard","twitter_card":"summary_large_image","twitter_image":"https:\/\/aehm.es\/wp-content\/uploads\/2020\/01\/Palacio_de_Liria_Madrid_wikipedia-1.jpg","twitter_creator":"@HotelesAEHM","twitter_site":"@HotelesAEHM","twitter_misc":{"Written by":"richard","Est. reading time":"3 minutes"},"schema":{"@context":"https:\/\/schema.org","@graph":[{"@type":"Article","@id":"https:\/\/aehm.es\/acuerdo-promocion-del-palacio-de-liria\/#article","isPartOf":{"@id":"https:\/\/aehm.es\/acuerdo-promocion-del-palacio-de-liria\/"},"author":{"name":"richard","@id":"https:\/\/aehm.es\/#\/schema\/person\/ca1397f4b0bcee246b58a0278b67a95f"},"headline":"Los hoteleros madrile\u00f1os firman un acuerdo con la Fundaci\u00f3n Casa de Alba para la promoci\u00f3n del Palacio de Liria","datePublished":"2020-01-22T14:46:24+00:00","mainEntityOfPage":{"@id":"https:\/\/aehm.es\/acuerdo-promocion-del-palacio-de-liria\/"},"wordCount":647,"commentCount":0,"publisher":{"@id":"https:\/\/aehm.es\/#organization"},"image":{"@id":"https:\/\/aehm.es\/acuerdo-promocion-del-palacio-de-liria\/#primaryimage"},"thumbnailUrl":"https:\/\/aehm.es\/wp-content\/uploads\/2020\/01\/Palacio_de_Liria_Madrid_wikipedia-1.jpg","articleSection":["Actualidad AEHM"],"inLanguage":"en-US","potentialAction":[{"@type":"CommentAction","name":"Comment","target":["https:\/\/aehm.es\/acuerdo-promocion-del-palacio-de-liria\/#respond"]}]},{"@type":"WebPage","@id":"https:\/\/aehm.es\/acuerdo-promocion-del-palacio-de-liria\/","url":"https:\/\/aehm.es\/acuerdo-promocion-del-palacio-de-liria\/","name":"Los hoteleros madrile\u00f1os firman un acuerdo con la Fundaci\u00f3n Casa de Alba para la promoci\u00f3n del Palacio de Liria - AEHM","isPartOf":{"@id":"https:\/\/aehm.es\/#website"},"primaryImageOfPage":{"@id":"https:\/\/aehm.es\/acuerdo-promocion-del-palacio-de-liria\/#primaryimage"},"image":{"@id":"https:\/\/aehm.es\/acuerdo-promocion-del-palacio-de-liria\/#primaryimage"},"thumbnailUrl":"https:\/\/aehm.es\/wp-content\/uploads\/2020\/01\/Palacio_de_Liria_Madrid_wikipedia-1.jpg","datePublished":"2020-01-22T14:46:24+00:00","breadcrumb":{"@id":"https:\/\/aehm.es\/acuerdo-promocion-del-palacio-de-liria\/#breadcrumb"},"inLanguage":"en-US","potentialAction":[{"@type":"ReadAction","target":["https:\/\/aehm.es\/acuerdo-promocion-del-palacio-de-liria\/"]}]},{"@type":"ImageObject","inLanguage":"en-US","@id":"https:\/\/aehm.es\/acuerdo-promocion-del-palacio-de-liria\/#primaryimage","url":"https:\/\/aehm.es\/wp-content\/uploads\/2020\/01\/Palacio_de_Liria_Madrid_wikipedia-1.jpg","contentUrl":"https:\/\/aehm.es\/wp-content\/uploads\/2020\/01\/Palacio_de_Liria_Madrid_wikipedia-1.jpg","width":1800,"height":1051},{"@type":"BreadcrumbList","@id":"https:\/\/aehm.es\/acuerdo-promocion-del-palacio-de-liria\/#breadcrumb","itemListElement":[{"@type":"ListItem","position":1,"name":"Portada","item":"https:\/\/aehm.es\/en\/"},{"@type":"ListItem","position":2,"name":"Los hoteleros madrile\u00f1os firman un acuerdo con la Fundaci\u00f3n Casa de Alba para la promoci\u00f3n del Palacio de Liria"}]},{"@type":"WebSite","@id":"https:\/\/aehm.es\/#website","url":"https:\/\/aehm.es\/","name":"Asociaci\u00f3n Empresarial Hotelera de Madrid","description":"La Asociaci\u00f3n Empresarial Hotelera Madrid est\u00e1 formada por m\u00e1s de 300 establecimientos de todas las categor\u00edas y tipolog\u00edas (hoteles, hostales, hostels, apartamentos\u2026) que suman m\u00e1s de 75.000 plazas de alojamiento.","publisher":{"@id":"https:\/\/aehm.es\/#organization"},"alternateName":"AEHM","potentialAction":[{"@type":"SearchAction","target":{"@type":"EntryPoint","urlTemplate":"https:\/\/aehm.es\/?s={search_term_string}"},"query-input":{"@type":"PropertyValueSpecification","valueRequired":true,"valueName":"search_term_string"}}],"inLanguage":"en-US"},{"@type":"Organization","@id":"https:\/\/aehm.es\/#organization","name":"Asociaci\u00f3n Empresarial Hotelera de Madrid","url":"https:\/\/aehm.es\/","logo":{"@type":"ImageObject","inLanguage":"en-US","@id":"https:\/\/aehm.es\/#\/schema\/logo\/image\/","url":"https:\/\/aehm.es\/wp-content\/uploads\/2021\/11\/Logo_AEHM_Horiz.png","contentUrl":"https:\/\/aehm.es\/wp-content\/uploads\/2021\/11\/Logo_AEHM_Horiz.png","width":600,"height":182,"caption":"Asociaci\u00f3n Empresarial Hotelera de Madrid"},"image":{"@id":"https:\/\/aehm.es\/#\/schema\/logo\/image\/"},"sameAs":["https:\/\/www.instagram.com\/hotelesdemadrid\/","https:\/\/x.com\/HotelesAEHM","https:\/\/www.linkedin.com\/company\/11166072\/"]},{"@type":"Person","@id":"https:\/\/aehm.es\/#\/schema\/person\/ca1397f4b0bcee246b58a0278b67a95f","name":"richard","image":{"@type":"ImageObject","inLanguage":"en-US","@id":"https:\/\/secure.gravatar.com\/avatar\/dd2486a811ecc34bf766b7d8b17d0ea76674186c415867af39660e429e20e1a0?s=96&d=mm&r=g","url":"https:\/\/secure.gravatar.com\/avatar\/dd2486a811ecc34bf766b7d8b17d0ea76674186c415867af39660e429e20e1a0?s=96&d=mm&r=g","contentUrl":"https:\/\/secure.gravatar.com\/avatar\/dd2486a811ecc34bf766b7d8b17d0ea76674186c415867af39660e429e20e1a0?s=96&d=mm&r=g","caption":"richard"},"url":"https:\/\/aehm.es\/en\/author\/richard\/"}]}},"_links":{"self":[{"href":"https:\/\/aehm.es\/en\/wp-json\/wp\/v2\/posts\/6434","targetHints":{"allow":["GET"]}}],"collection":[{"href":"https:\/\/aehm.es\/en\/wp-json\/wp\/v2\/posts"}],"about":[{"href":"https:\/\/aehm.es\/en\/wp-json\/wp\/v2\/types\/post"}],"author":[{"embeddable":true,"href":"https:\/\/aehm.es\/en\/wp-json\/wp\/v2\/users\/1"}],"replies":[{"embeddable":true,"href":"https:\/\/aehm.es\/en\/wp-json\/wp\/v2\/comments?post=6434"}],"version-history":[{"count":0,"href":"https:\/\/aehm.es\/en\/wp-json\/wp\/v2\/posts\/6434\/revisions"}],"wp:featuredmedia":[{"embeddable":true,"href":"https:\/\/aehm.es\/en\/wp-json\/wp\/v2\/media\/6435"}],"wp:attachment":[{"href":"https:\/\/aehm.es\/en\/wp-json\/wp\/v2\/media?parent=6434"}],"wp:term":[{"taxonomy":"category","embeddable":true,"href":"https:\/\/aehm.es\/en\/wp-json\/wp\/v2\/categories?post=6434"},{"taxonomy":"post_tag","embeddable":true,"href":"https:\/\/aehm.es\/en\/wp-json\/wp\/v2\/tags?post=6434"}],"curies":[{"name":"wp","href":"https:\/\/api.w.org\/{rel}","templated":true}]}}