{"id":6112,"date":"2019-09-26T13:30:20","date_gmt":"2019-09-26T13:30:20","guid":{"rendered":"https:\/\/aehm.es\/los-hoteleros-madrilenos-reclamamos-a-las-administraciones-un-mayor-peso-del-sector-turistico-en-la-politica-de-estado\/"},"modified":"2019-09-26T13:30:20","modified_gmt":"2019-09-26T13:30:20","slug":"the-hoteliers-of-madrid-demand-to-the-administrations-a-greater-weight-of-the-tourist-sector-in-the-state-policy","status":"publish","type":"post","link":"https:\/\/aehm.es\/en\/the-hoteliers-of-madrid-demand-to-the-administrations-a-greater-weight-of-the-tourist-sector-in-the-state-policy\/","title":{"rendered":"The hoteliers of Madrid demand to the administrations a greater weight of the tourist sector in the State policy."},"content":{"rendered":"<p>Madrid, September 26, 2019 &#8211; From the Hotel Business Association of Madrid (AEHM) we want to claim to the different administrations in an important date for us, as is the &#8216;World Day of Tourism&#8217;, a greater weight of this sector in the State policy.<\/p>\n<p>In addition to reformulating many of the measures implemented to date and calling on the different governments and political parties that are resolutely committed to the tourism and hotel industry, in the AEHM we consider it necessary to develop a new model of tourism governance that adapts to the reality of the times and is able to respond to the challenges faced by both sectors.<\/p>\n<p>However, we believe that the success of this new &#8220;formula&#8221; will be conditioned by the economic investment and the approach that the different administrations want to give it. Therefore, we can only ask them to bear in mind that tourism is an engine of economic growth, sustainable development, transformation, job creation and social welfare. In fact, its contribution to GDP in 2018 was 14.6% with a total of 2.8 million workers, which represented 14.7% of the country&#8217;s employment.<\/p>\n<p>In the AEHM we believe that today is an appropriate day to value all the potential that this sector has, but also to remember the need to strengthen public-private collaboration to continue along the path of growth at all levels: visibility of the destination, generation of jobs, sustainability and innovation. In this sense, and in order to watch over the sustainable tourism model that we at the Association are committed to, we remind the administrations of the urgent need to curb unfair competition through effective regulations that allow them to conserve the environment and maintain the essence of cities. Only in this way will we be contributing to achieving the Sustainable Development Goals (SDS) set by the United Nations.<\/p>\n<p>The World Tourism Organization (UNWTO) has chosen the theme &#8216;Tourism and employment: a better future for all&#8217; for this year. And the reason is clear: it is necessary to raise awareness about the social, cultural, political and economic value of this sector. How technological advances and innovations can contribute to the creation of intelligent cities that are in harmony with the environment and that generate more and better jobs.<\/p>\n<p>To conclude, we would like to point out that today&#8217;s professionals in the tourism industry face the challenge of the digital revolution. A challenge that can only be overcome if, among others, legislation is revised to encourage innovation or entrepreneurship; if aid or subsidies are granted to finance new technologies; if investment in people&#8217;s skills is increased, as well as in work institutions and, above all, if there is cooperation and communication between the agents involved.<\/p>\n","protected":false},"excerpt":{"rendered":"<p>Madrid, September 26, 2019 &#8211; From the Hotel Business Association of Madrid (AEHM) we want to claim to the different administrations in an important date for us, as is the &#8216;World Day of Tourism&#8217;, a greater weight of this sector in the State policy. In addition to reformulating many of the measures implemented to date [&hellip;]<\/p>\n","protected":false},"author":1,"featured_media":6067,"comment_status":"open","ping_status":"open","sticky":false,"template":"","format":"standard","meta":{"footnotes":""},"categories":[18],"tags":[],"class_list":["post-6112","post","type-post","status-publish","format-standard","has-post-thumbnail","hentry","category-uncategorized"],"yoast_head":"<!-- This site is optimized with the Yoast SEO plugin v27.5 - https:\/\/yoast.com\/product\/yoast-seo-wordpress\/ -->\n<title>The hoteliers of Madrid demand to the administrations a greater weight of the tourist sector in the State policy. - AEHM<\/title>\n<meta name=\"description\" content=\"we want to claim to the different administrations in an important date for us, as is the &#039;World Day of Tourism&#039;, a greater weight of this sector in the State policy\" \/>\n<meta name=\"robots\" content=\"index, follow, max-snippet:-1, max-image-preview:large, max-video-preview:-1\" \/>\n<link rel=\"canonical\" href=\"https:\/\/aehm.es\/the-hoteliers-of-madrid-demand-to-the-administrations-a-greater-weight-of-the-tourist-sector-in-the-state-policy\/\" \/>\n<meta property=\"og:locale\" content=\"en_US\" \/>\n<meta property=\"og:type\" content=\"article\" \/>\n<meta property=\"og:title\" content=\"Los hoteleros madrile\u00f1os reclamamos a las administraciones un mayor peso del sector tur\u00edstico en la pol\u00edtica de Estado\" \/>\n<meta property=\"og:description\" content=\"Desde la Asociaci\u00f3n Empresarial Hotelera de Madrid queremos reclamar a las diferentes administraciones en una fecha importante para nosotros, como es el \u2018D\u00eda Mundial del Turismo\u2019, un mayor peso de este sector en la pol\u00edtica de Estado.\" \/>\n<meta property=\"og:url\" content=\"https:\/\/aehm.es\/the-hoteliers-of-madrid-demand-to-the-administrations-a-greater-weight-of-the-tourist-sector-in-the-state-policy\/\" \/>\n<meta property=\"og:site_name\" content=\"AEHM\" \/>\n<meta property=\"article:publisher\" content=\"https:\/\/www.instagram.com\/hotelesdemadrid\/\" \/>\n<meta property=\"article:published_time\" content=\"2019-09-26T13:30:20+00:00\" \/>\n<meta property=\"og:image\" content=\"https:\/\/aehm.es\/wp-content\/uploads\/2019\/09\/architecture-3240674_1280-1.jpg\" \/>\n\t<meta property=\"og:image:width\" content=\"1280\" \/>\n\t<meta property=\"og:image:height\" content=\"960\" \/>\n\t<meta property=\"og:image:type\" content=\"image\/jpeg\" \/>\n<meta name=\"author\" content=\"richard\" \/>\n<meta name=\"twitter:card\" content=\"summary_large_image\" \/>\n<meta name=\"twitter:title\" content=\"Los hoteleros madrile\u00f1os reclamamos a las administraciones un mayor peso del sector tur\u00edstico en la pol\u00edtica de Estado\" \/>\n<meta name=\"twitter:description\" content=\"Desde la Asociaci\u00f3n Empresarial Hotelera de Madrid queremos reclamar a las diferentes administraciones en una fecha importante para nosotros, como es el \u2018D\u00eda Mundial del Turismo\u2019, un mayor peso de este sector en la pol\u00edtica de Estado.\" \/>\n<meta name=\"twitter:image\" content=\"https:\/\/aehm.es\/wp-content\/uploads\/2019\/09\/architecture-3240674_1280-1.jpg\" \/>\n<meta name=\"twitter:creator\" content=\"@HotelesAEHM\" \/>\n<meta name=\"twitter:site\" content=\"@HotelesAEHM\" \/>\n<meta name=\"twitter:label1\" content=\"Written by\" \/>\n\t<meta name=\"twitter:data1\" content=\"richard\" \/>\n\t<meta name=\"twitter:label2\" content=\"Est. reading time\" \/>\n\t<meta name=\"twitter:data2\" content=\"2 minutes\" \/>\n<script type=\"application\/ld+json\" class=\"yoast-schema-graph\">{\"@context\":\"https:\\\/\\\/schema.org\",\"@graph\":[{\"@type\":\"Article\",\"@id\":\"https:\\\/\\\/aehm.es\\\/the-hoteliers-of-madrid-demand-to-the-administrations-a-greater-weight-of-the-tourist-sector-in-the-state-policy\\\/#article\",\"isPartOf\":{\"@id\":\"https:\\\/\\\/aehm.es\\\/the-hoteliers-of-madrid-demand-to-the-administrations-a-greater-weight-of-the-tourist-sector-in-the-state-policy\\\/\"},\"author\":{\"name\":\"richard\",\"@id\":\"https:\\\/\\\/aehm.es\\\/#\\\/schema\\\/person\\\/ca1397f4b0bcee246b58a0278b67a95f\"},\"headline\":\"The hoteliers of Madrid demand to the administrations a greater weight of the tourist sector in the State policy.\",\"datePublished\":\"2019-09-26T13:30:20+00:00\",\"mainEntityOfPage\":{\"@id\":\"https:\\\/\\\/aehm.es\\\/the-hoteliers-of-madrid-demand-to-the-administrations-a-greater-weight-of-the-tourist-sector-in-the-state-policy\\\/\"},\"wordCount\":467,\"commentCount\":0,\"publisher\":{\"@id\":\"https:\\\/\\\/aehm.es\\\/#organization\"},\"image\":{\"@id\":\"https:\\\/\\\/aehm.es\\\/the-hoteliers-of-madrid-demand-to-the-administrations-a-greater-weight-of-the-tourist-sector-in-the-state-policy\\\/#primaryimage\"},\"thumbnailUrl\":\"https:\\\/\\\/aehm.es\\\/wp-content\\\/uploads\\\/2019\\\/09\\\/architecture-3240674_1280-3.jpg\",\"inLanguage\":\"en-US\",\"potentialAction\":[{\"@type\":\"CommentAction\",\"name\":\"Comment\",\"target\":[\"https:\\\/\\\/aehm.es\\\/the-hoteliers-of-madrid-demand-to-the-administrations-a-greater-weight-of-the-tourist-sector-in-the-state-policy\\\/#respond\"]}]},{\"@type\":\"WebPage\",\"@id\":\"https:\\\/\\\/aehm.es\\\/the-hoteliers-of-madrid-demand-to-the-administrations-a-greater-weight-of-the-tourist-sector-in-the-state-policy\\\/\",\"url\":\"https:\\\/\\\/aehm.es\\\/the-hoteliers-of-madrid-demand-to-the-administrations-a-greater-weight-of-the-tourist-sector-in-the-state-policy\\\/\",\"name\":\"The hoteliers of Madrid demand to the administrations a greater weight of the tourist sector in the State policy. - AEHM\",\"isPartOf\":{\"@id\":\"https:\\\/\\\/aehm.es\\\/#website\"},\"primaryImageOfPage\":{\"@id\":\"https:\\\/\\\/aehm.es\\\/the-hoteliers-of-madrid-demand-to-the-administrations-a-greater-weight-of-the-tourist-sector-in-the-state-policy\\\/#primaryimage\"},\"image\":{\"@id\":\"https:\\\/\\\/aehm.es\\\/the-hoteliers-of-madrid-demand-to-the-administrations-a-greater-weight-of-the-tourist-sector-in-the-state-policy\\\/#primaryimage\"},\"thumbnailUrl\":\"https:\\\/\\\/aehm.es\\\/wp-content\\\/uploads\\\/2019\\\/09\\\/architecture-3240674_1280-3.jpg\",\"datePublished\":\"2019-09-26T13:30:20+00:00\",\"description\":\"we want to claim to the different administrations in an important date for us, as is the 'World Day of Tourism', a greater weight of this sector in the State policy\",\"breadcrumb\":{\"@id\":\"https:\\\/\\\/aehm.es\\\/the-hoteliers-of-madrid-demand-to-the-administrations-a-greater-weight-of-the-tourist-sector-in-the-state-policy\\\/#breadcrumb\"},\"inLanguage\":\"en-US\",\"potentialAction\":[{\"@type\":\"ReadAction\",\"target\":[\"https:\\\/\\\/aehm.es\\\/the-hoteliers-of-madrid-demand-to-the-administrations-a-greater-weight-of-the-tourist-sector-in-the-state-policy\\\/\"]}]},{\"@type\":\"ImageObject\",\"inLanguage\":\"en-US\",\"@id\":\"https:\\\/\\\/aehm.es\\\/the-hoteliers-of-madrid-demand-to-the-administrations-a-greater-weight-of-the-tourist-sector-in-the-state-policy\\\/#primaryimage\",\"url\":\"https:\\\/\\\/aehm.es\\\/wp-content\\\/uploads\\\/2019\\\/09\\\/architecture-3240674_1280-3.jpg\",\"contentUrl\":\"https:\\\/\\\/aehm.es\\\/wp-content\\\/uploads\\\/2019\\\/09\\\/architecture-3240674_1280-3.jpg\",\"width\":1280,\"height\":960},{\"@type\":\"BreadcrumbList\",\"@id\":\"https:\\\/\\\/aehm.es\\\/the-hoteliers-of-madrid-demand-to-the-administrations-a-greater-weight-of-the-tourist-sector-in-the-state-policy\\\/#breadcrumb\",\"itemListElement\":[{\"@type\":\"ListItem\",\"position\":1,\"name\":\"Portada\",\"item\":\"https:\\\/\\\/aehm.es\\\/en\\\/\"},{\"@type\":\"ListItem\",\"position\":2,\"name\":\"The hoteliers of Madrid demand to the administrations a greater weight of the tourist sector in the State policy.\"}]},{\"@type\":\"WebSite\",\"@id\":\"https:\\\/\\\/aehm.es\\\/#website\",\"url\":\"https:\\\/\\\/aehm.es\\\/\",\"name\":\"Asociaci\u00f3n Empresarial Hotelera de Madrid\",\"description\":\"La Asociaci\u00f3n Empresarial Hotelera Madrid est\u00e1 formada por m\u00e1s de 300 establecimientos de todas las categor\u00edas y tipolog\u00edas (hoteles, hostales, hostels, apartamentos\u2026) que suman m\u00e1s de 75.000 plazas de alojamiento.\",\"publisher\":{\"@id\":\"https:\\\/\\\/aehm.es\\\/#organization\"},\"alternateName\":\"AEHM\",\"potentialAction\":[{\"@type\":\"SearchAction\",\"target\":{\"@type\":\"EntryPoint\",\"urlTemplate\":\"https:\\\/\\\/aehm.es\\\/?s={search_term_string}\"},\"query-input\":{\"@type\":\"PropertyValueSpecification\",\"valueRequired\":true,\"valueName\":\"search_term_string\"}}],\"inLanguage\":\"en-US\"},{\"@type\":\"Organization\",\"@id\":\"https:\\\/\\\/aehm.es\\\/#organization\",\"name\":\"Asociaci\u00f3n Empresarial Hotelera de Madrid\",\"url\":\"https:\\\/\\\/aehm.es\\\/\",\"logo\":{\"@type\":\"ImageObject\",\"inLanguage\":\"en-US\",\"@id\":\"https:\\\/\\\/aehm.es\\\/#\\\/schema\\\/logo\\\/image\\\/\",\"url\":\"https:\\\/\\\/aehm.es\\\/wp-content\\\/uploads\\\/2021\\\/11\\\/Logo_AEHM_Horiz.png\",\"contentUrl\":\"https:\\\/\\\/aehm.es\\\/wp-content\\\/uploads\\\/2021\\\/11\\\/Logo_AEHM_Horiz.png\",\"width\":600,\"height\":182,\"caption\":\"Asociaci\u00f3n Empresarial Hotelera de Madrid\"},\"image\":{\"@id\":\"https:\\\/\\\/aehm.es\\\/#\\\/schema\\\/logo\\\/image\\\/\"},\"sameAs\":[\"https:\\\/\\\/www.instagram.com\\\/hotelesdemadrid\\\/\",\"https:\\\/\\\/x.com\\\/HotelesAEHM\",\"https:\\\/\\\/www.linkedin.com\\\/company\\\/11166072\\\/\"]},{\"@type\":\"Person\",\"@id\":\"https:\\\/\\\/aehm.es\\\/#\\\/schema\\\/person\\\/ca1397f4b0bcee246b58a0278b67a95f\",\"name\":\"richard\",\"image\":{\"@type\":\"ImageObject\",\"inLanguage\":\"en-US\",\"@id\":\"https:\\\/\\\/secure.gravatar.com\\\/avatar\\\/dd2486a811ecc34bf766b7d8b17d0ea76674186c415867af39660e429e20e1a0?s=96&d=mm&r=g\",\"url\":\"https:\\\/\\\/secure.gravatar.com\\\/avatar\\\/dd2486a811ecc34bf766b7d8b17d0ea76674186c415867af39660e429e20e1a0?s=96&d=mm&r=g\",\"contentUrl\":\"https:\\\/\\\/secure.gravatar.com\\\/avatar\\\/dd2486a811ecc34bf766b7d8b17d0ea76674186c415867af39660e429e20e1a0?s=96&d=mm&r=g\",\"caption\":\"richard\"},\"url\":\"https:\\\/\\\/aehm.es\\\/en\\\/author\\\/richard\\\/\"}]}<\/script>\n<!-- \/ Yoast SEO plugin. -->","yoast_head_json":{"title":"The hoteliers of Madrid demand to the administrations a greater weight of the tourist sector in the State policy. - AEHM","description":"we want to claim to the different administrations in an important date for us, as is the 'World Day of Tourism', a greater weight of this sector in the State policy","robots":{"index":"index","follow":"follow","max-snippet":"max-snippet:-1","max-image-preview":"max-image-preview:large","max-video-preview":"max-video-preview:-1"},"canonical":"https:\/\/aehm.es\/the-hoteliers-of-madrid-demand-to-the-administrations-a-greater-weight-of-the-tourist-sector-in-the-state-policy\/","og_locale":"en_US","og_type":"article","og_title":"Los hoteleros madrile\u00f1os reclamamos a las administraciones un mayor peso del sector tur\u00edstico en la pol\u00edtica de Estado","og_description":"Desde la Asociaci\u00f3n Empresarial Hotelera de Madrid queremos reclamar a las diferentes administraciones en una fecha importante para nosotros, como es el \u2018D\u00eda Mundial del Turismo\u2019, un mayor peso de este sector en la pol\u00edtica de Estado.","og_url":"https:\/\/aehm.es\/the-hoteliers-of-madrid-demand-to-the-administrations-a-greater-weight-of-the-tourist-sector-in-the-state-policy\/","og_site_name":"AEHM","article_publisher":"https:\/\/www.instagram.com\/hotelesdemadrid\/","article_published_time":"2019-09-26T13:30:20+00:00","og_image":[{"width":1280,"height":960,"url":"https:\/\/aehm.es\/wp-content\/uploads\/2019\/09\/architecture-3240674_1280-1.jpg","type":"image\/jpeg"}],"author":"richard","twitter_card":"summary_large_image","twitter_title":"Los hoteleros madrile\u00f1os reclamamos a las administraciones un mayor peso del sector tur\u00edstico en la pol\u00edtica de Estado","twitter_description":"Desde la Asociaci\u00f3n Empresarial Hotelera de Madrid queremos reclamar a las diferentes administraciones en una fecha importante para nosotros, como es el \u2018D\u00eda Mundial del Turismo\u2019, un mayor peso de este sector en la pol\u00edtica de Estado.","twitter_image":"https:\/\/aehm.es\/wp-content\/uploads\/2019\/09\/architecture-3240674_1280-1.jpg","twitter_creator":"@HotelesAEHM","twitter_site":"@HotelesAEHM","twitter_misc":{"Written by":"richard","Est. reading time":"2 minutes"},"schema":{"@context":"https:\/\/schema.org","@graph":[{"@type":"Article","@id":"https:\/\/aehm.es\/the-hoteliers-of-madrid-demand-to-the-administrations-a-greater-weight-of-the-tourist-sector-in-the-state-policy\/#article","isPartOf":{"@id":"https:\/\/aehm.es\/the-hoteliers-of-madrid-demand-to-the-administrations-a-greater-weight-of-the-tourist-sector-in-the-state-policy\/"},"author":{"name":"richard","@id":"https:\/\/aehm.es\/#\/schema\/person\/ca1397f4b0bcee246b58a0278b67a95f"},"headline":"The hoteliers of Madrid demand to the administrations a greater weight of the tourist sector in the State policy.","datePublished":"2019-09-26T13:30:20+00:00","mainEntityOfPage":{"@id":"https:\/\/aehm.es\/the-hoteliers-of-madrid-demand-to-the-administrations-a-greater-weight-of-the-tourist-sector-in-the-state-policy\/"},"wordCount":467,"commentCount":0,"publisher":{"@id":"https:\/\/aehm.es\/#organization"},"image":{"@id":"https:\/\/aehm.es\/the-hoteliers-of-madrid-demand-to-the-administrations-a-greater-weight-of-the-tourist-sector-in-the-state-policy\/#primaryimage"},"thumbnailUrl":"https:\/\/aehm.es\/wp-content\/uploads\/2019\/09\/architecture-3240674_1280-3.jpg","inLanguage":"en-US","potentialAction":[{"@type":"CommentAction","name":"Comment","target":["https:\/\/aehm.es\/the-hoteliers-of-madrid-demand-to-the-administrations-a-greater-weight-of-the-tourist-sector-in-the-state-policy\/#respond"]}]},{"@type":"WebPage","@id":"https:\/\/aehm.es\/the-hoteliers-of-madrid-demand-to-the-administrations-a-greater-weight-of-the-tourist-sector-in-the-state-policy\/","url":"https:\/\/aehm.es\/the-hoteliers-of-madrid-demand-to-the-administrations-a-greater-weight-of-the-tourist-sector-in-the-state-policy\/","name":"The hoteliers of Madrid demand to the administrations a greater weight of the tourist sector in the State policy. - AEHM","isPartOf":{"@id":"https:\/\/aehm.es\/#website"},"primaryImageOfPage":{"@id":"https:\/\/aehm.es\/the-hoteliers-of-madrid-demand-to-the-administrations-a-greater-weight-of-the-tourist-sector-in-the-state-policy\/#primaryimage"},"image":{"@id":"https:\/\/aehm.es\/the-hoteliers-of-madrid-demand-to-the-administrations-a-greater-weight-of-the-tourist-sector-in-the-state-policy\/#primaryimage"},"thumbnailUrl":"https:\/\/aehm.es\/wp-content\/uploads\/2019\/09\/architecture-3240674_1280-3.jpg","datePublished":"2019-09-26T13:30:20+00:00","description":"we want to claim to the different administrations in an important date for us, as is the 'World Day of Tourism', a greater weight of this sector in the State policy","breadcrumb":{"@id":"https:\/\/aehm.es\/the-hoteliers-of-madrid-demand-to-the-administrations-a-greater-weight-of-the-tourist-sector-in-the-state-policy\/#breadcrumb"},"inLanguage":"en-US","potentialAction":[{"@type":"ReadAction","target":["https:\/\/aehm.es\/the-hoteliers-of-madrid-demand-to-the-administrations-a-greater-weight-of-the-tourist-sector-in-the-state-policy\/"]}]},{"@type":"ImageObject","inLanguage":"en-US","@id":"https:\/\/aehm.es\/the-hoteliers-of-madrid-demand-to-the-administrations-a-greater-weight-of-the-tourist-sector-in-the-state-policy\/#primaryimage","url":"https:\/\/aehm.es\/wp-content\/uploads\/2019\/09\/architecture-3240674_1280-3.jpg","contentUrl":"https:\/\/aehm.es\/wp-content\/uploads\/2019\/09\/architecture-3240674_1280-3.jpg","width":1280,"height":960},{"@type":"BreadcrumbList","@id":"https:\/\/aehm.es\/the-hoteliers-of-madrid-demand-to-the-administrations-a-greater-weight-of-the-tourist-sector-in-the-state-policy\/#breadcrumb","itemListElement":[{"@type":"ListItem","position":1,"name":"Portada","item":"https:\/\/aehm.es\/en\/"},{"@type":"ListItem","position":2,"name":"The hoteliers of Madrid demand to the administrations a greater weight of the tourist sector in the State policy."}]},{"@type":"WebSite","@id":"https:\/\/aehm.es\/#website","url":"https:\/\/aehm.es\/","name":"Asociaci\u00f3n Empresarial Hotelera de Madrid","description":"La Asociaci\u00f3n Empresarial Hotelera Madrid est\u00e1 formada por m\u00e1s de 300 establecimientos de todas las categor\u00edas y tipolog\u00edas (hoteles, hostales, hostels, apartamentos\u2026) que suman m\u00e1s de 75.000 plazas de alojamiento.","publisher":{"@id":"https:\/\/aehm.es\/#organization"},"alternateName":"AEHM","potentialAction":[{"@type":"SearchAction","target":{"@type":"EntryPoint","urlTemplate":"https:\/\/aehm.es\/?s={search_term_string}"},"query-input":{"@type":"PropertyValueSpecification","valueRequired":true,"valueName":"search_term_string"}}],"inLanguage":"en-US"},{"@type":"Organization","@id":"https:\/\/aehm.es\/#organization","name":"Asociaci\u00f3n Empresarial Hotelera de Madrid","url":"https:\/\/aehm.es\/","logo":{"@type":"ImageObject","inLanguage":"en-US","@id":"https:\/\/aehm.es\/#\/schema\/logo\/image\/","url":"https:\/\/aehm.es\/wp-content\/uploads\/2021\/11\/Logo_AEHM_Horiz.png","contentUrl":"https:\/\/aehm.es\/wp-content\/uploads\/2021\/11\/Logo_AEHM_Horiz.png","width":600,"height":182,"caption":"Asociaci\u00f3n Empresarial Hotelera de Madrid"},"image":{"@id":"https:\/\/aehm.es\/#\/schema\/logo\/image\/"},"sameAs":["https:\/\/www.instagram.com\/hotelesdemadrid\/","https:\/\/x.com\/HotelesAEHM","https:\/\/www.linkedin.com\/company\/11166072\/"]},{"@type":"Person","@id":"https:\/\/aehm.es\/#\/schema\/person\/ca1397f4b0bcee246b58a0278b67a95f","name":"richard","image":{"@type":"ImageObject","inLanguage":"en-US","@id":"https:\/\/secure.gravatar.com\/avatar\/dd2486a811ecc34bf766b7d8b17d0ea76674186c415867af39660e429e20e1a0?s=96&d=mm&r=g","url":"https:\/\/secure.gravatar.com\/avatar\/dd2486a811ecc34bf766b7d8b17d0ea76674186c415867af39660e429e20e1a0?s=96&d=mm&r=g","contentUrl":"https:\/\/secure.gravatar.com\/avatar\/dd2486a811ecc34bf766b7d8b17d0ea76674186c415867af39660e429e20e1a0?s=96&d=mm&r=g","caption":"richard"},"url":"https:\/\/aehm.es\/en\/author\/richard\/"}]}},"_links":{"self":[{"href":"https:\/\/aehm.es\/en\/wp-json\/wp\/v2\/posts\/6112","targetHints":{"allow":["GET"]}}],"collection":[{"href":"https:\/\/aehm.es\/en\/wp-json\/wp\/v2\/posts"}],"about":[{"href":"https:\/\/aehm.es\/en\/wp-json\/wp\/v2\/types\/post"}],"author":[{"embeddable":true,"href":"https:\/\/aehm.es\/en\/wp-json\/wp\/v2\/users\/1"}],"replies":[{"embeddable":true,"href":"https:\/\/aehm.es\/en\/wp-json\/wp\/v2\/comments?post=6112"}],"version-history":[{"count":0,"href":"https:\/\/aehm.es\/en\/wp-json\/wp\/v2\/posts\/6112\/revisions"}],"wp:featuredmedia":[{"embeddable":true,"href":"https:\/\/aehm.es\/en\/wp-json\/wp\/v2\/media\/6067"}],"wp:attachment":[{"href":"https:\/\/aehm.es\/en\/wp-json\/wp\/v2\/media?parent=6112"}],"wp:term":[{"taxonomy":"category","embeddable":true,"href":"https:\/\/aehm.es\/en\/wp-json\/wp\/v2\/categories?post=6112"},{"taxonomy":"post_tag","embeddable":true,"href":"https:\/\/aehm.es\/en\/wp-json\/wp\/v2\/tags?post=6112"}],"curies":[{"name":"wp","href":"https:\/\/api.w.org\/{rel}","templated":true}]}}