{"id":6065,"date":"2019-09-26T13:30:20","date_gmt":"2019-09-26T13:30:20","guid":{"rendered":"https:\/\/aehm.es\/?p=6065"},"modified":"2019-09-26T13:30:20","modified_gmt":"2019-09-26T13:30:20","slug":"los-hoteleros-madrilenos-reclamamos-a-las-administraciones-un-mayor-peso-del-sector-turistico-en-la-politica-de-estado","status":"publish","type":"post","link":"https:\/\/aehm.es\/en\/los-hoteleros-madrilenos-reclamamos-a-las-administraciones-un-mayor-peso-del-sector-turistico-en-la-politica-de-estado\/","title":{"rendered":"Los hoteleros madrile\u00f1os reclamamos a las administraciones un mayor peso del sector tur\u00edstico en la pol\u00edtica de Estado"},"content":{"rendered":"<p><strong>Madrid, 26 de septiembre de 2019.-<\/strong> Desde la <strong>Asociaci\u00f3n Empresarial Hotelera de Madrid<\/strong> (AEHM) queremos reclamar a las diferentes administraciones en una fecha importante para nosotros, como es el \u2018D\u00eda Mundial del Turismo\u2019, <strong>un mayor peso de este sector en la pol\u00edtica de Estado<\/strong>.<\/p>\n<p>Adem\u00e1s de <strong>reformular muchas de las medidas puestas en marcha hasta la fecha y de solicitar a los diferentes gobiernos y partidos pol\u00edticos que apuesten decididamente por la industria tur\u00edstica y hotelera<\/strong>, en la AEHM consideramos necesario el desarrollo de un <strong>nuevo modelo de gobernanza tur\u00edstica<\/strong> que se adapte a la realidad de los tiempos y que sea capaz de dar respuesta a los retos a los que se enfrentan ambos sectores.<\/p>\n<p>No obstante, opinamos que el \u00e9xito de esta nueva \u201cf\u00f3rmula\u201d estar\u00e1 <strong>condicionada por la inversi\u00f3n econ\u00f3mica y el enfoque que las diferentes administraciones<\/strong> quieran darle. Por ello, solo podemos pedirles que tengan bien presente que el <strong>turismo es un motor de crecimiento econ\u00f3mico, de desarrollo sostenible, de transformaci\u00f3n, de creaci\u00f3n de empleo y de bienestar social.<\/strong> De hecho, su aportaci\u00f3n el PIB en 2018 fue de un 14,6% con un total de 2,8 millones de trabajadores, lo que supuso un 14,7% del empleo del pa\u00eds.<\/p>\n<p>En la AEHM estimamos que hoy es un d\u00eda apropiado para poner en valor todo el potencial que tiene este sector, pero tambi\u00e9n para recordar la necesidad de<strong> reforzar la colaboraci\u00f3n p\u00fablico-privada<\/strong> para poder continuar por la senda del crecimiento a todos los niveles: visibilidad del destino, generaci\u00f3n de puestos de trabajo, sostenibilidad e innovaci\u00f3n. En este sentido, y a fin de <strong>velar por el modelo de turismo sostenible<\/strong> por el que apostamos desde la Asociaci\u00f3n, <strong>recordamos a las administraciones la urgencia de poner freno a competencia desleal a trav\u00e9s de regulaciones <\/strong>eficaces que permitan conservar el entorno y mantener la esencia de las ciudades. Solo de este modo, estaremos contribuyendo a alcanzar los Objetivos de Desarrollo Sostenible (ODS) marcados por Naciones Unidas.<\/p>\n<p>La Organizaci\u00f3n Mundial del Turismo (OMT) ha elegido para este a\u00f1o el tema \u2018<em>Turismo y empleo: un futuro mejor para todos\u2019<\/em>. Y el motivo es claro: es necesario concienciar sobre el <strong>valor social, cultural, pol\u00edtico y econ\u00f3mico de este sector<\/strong>. De c\u00f3mo los avances tecnol\u00f3gicos y las innovaciones pueden contribuir a la creaci\u00f3n de <strong>ciudades inteligentes<\/strong> que est\u00e9n en armon\u00eda con el entorno y que generen <strong>m\u00e1s empleo y de m\u00e1s calidad<\/strong>.<\/p>\n<p>Para finalizar, queremos destacar que a d\u00eda de hoy los profesionales de la industria tur\u00edstica nos enfrentamos al reto de la revoluci\u00f3n digital. Un desaf\u00edo que solo se podr\u00e1 superar si, entre otros, <strong>se revisan las legislaciones para favorecer la innovaci\u00f3n o el emprendimiento<\/strong>; si se <strong>conceden ayudas o subvenciones<\/strong> para la financiaci\u00f3n de nuevas tecnolog\u00edas, si se aumenta la inversi\u00f3n en las capacidades de las personas, as\u00ed como en las instituciones de trabajo y, sobre todo, si <strong>hay cooperaci\u00f3n y comunicaci\u00f3n entre los agentes implicados<\/strong>.<\/p>\n","protected":false},"excerpt":{"rendered":"<p>Madrid, 26 de septiembre de 2019.- Desde la Asociaci\u00f3n Empresarial Hotelera de Madrid (AEHM) queremos reclamar a las diferentes administraciones en una fecha importante para nosotros, como es el \u2018D\u00eda Mundial del Turismo\u2019, un mayor peso de este sector en la pol\u00edtica de Estado. Adem\u00e1s de reformular muchas de las medidas puestas en marcha hasta [&hellip;]<\/p>\n","protected":false},"author":1,"featured_media":6066,"comment_status":"open","ping_status":"open","sticky":false,"template":"","format":"standard","meta":{"footnotes":""},"categories":[1],"tags":[],"class_list":["post-6065","post","type-post","status-publish","format-standard","has-post-thumbnail","hentry","category-actualidad-aehm"],"yoast_head":"<!-- This site is optimized with the Yoast SEO plugin v27.5 - https:\/\/yoast.com\/product\/yoast-seo-wordpress\/ -->\n<title>Los hoteleros madrile\u00f1os reclamamos a las administraciones un mayor peso del sector tur\u00edstico en la pol\u00edtica de Estado - AEHM<\/title>\n<meta name=\"description\" content=\"Desde la Asociaci\u00f3n Empresarial Hotelera de Madrid queremos reclamar a las diferentes administraciones en una fecha importante para nosotros, como es el \u2018D\u00eda Mundial del Turismo\u2019, un mayor peso de este sector en la pol\u00edtica de Estado.\" \/>\n<meta name=\"robots\" content=\"index, follow, max-snippet:-1, max-image-preview:large, max-video-preview:-1\" \/>\n<link rel=\"canonical\" href=\"https:\/\/aehm.es\/los-hoteleros-madrilenos-reclamamos-a-las-administraciones-un-mayor-peso-del-sector-turistico-en-la-politica-de-estado\/\" \/>\n<meta property=\"og:locale\" content=\"en_US\" \/>\n<meta property=\"og:type\" content=\"article\" \/>\n<meta property=\"og:title\" content=\"Los hoteleros madrile\u00f1os reclamamos a las administraciones un mayor peso del sector tur\u00edstico en la pol\u00edtica de Estado\" \/>\n<meta property=\"og:description\" content=\"Desde la Asociaci\u00f3n Empresarial Hotelera de Madrid queremos reclamar a las diferentes administraciones en una fecha importante para nosotros, como es el \u2018D\u00eda Mundial del Turismo\u2019, un mayor peso de este sector en la pol\u00edtica de Estado.\" \/>\n<meta property=\"og:url\" content=\"https:\/\/aehm.es\/los-hoteleros-madrilenos-reclamamos-a-las-administraciones-un-mayor-peso-del-sector-turistico-en-la-politica-de-estado\/\" \/>\n<meta property=\"og:site_name\" content=\"AEHM\" \/>\n<meta property=\"article:publisher\" content=\"https:\/\/www.instagram.com\/hotelesdemadrid\/\" \/>\n<meta property=\"article:published_time\" content=\"2019-09-26T13:30:20+00:00\" \/>\n<meta property=\"og:image\" content=\"https:\/\/aehm.es\/wp-content\/uploads\/2019\/09\/architecture-3240674_1280-1.jpg\" \/>\n\t<meta property=\"og:image:width\" content=\"1280\" \/>\n\t<meta property=\"og:image:height\" content=\"960\" \/>\n\t<meta property=\"og:image:type\" content=\"image\/jpeg\" \/>\n<meta name=\"author\" content=\"richard\" \/>\n<meta name=\"twitter:card\" content=\"summary_large_image\" \/>\n<meta name=\"twitter:title\" content=\"Los hoteleros madrile\u00f1os reclamamos a las administraciones un mayor peso del sector tur\u00edstico en la pol\u00edtica de Estado\" \/>\n<meta name=\"twitter:description\" content=\"Desde la Asociaci\u00f3n Empresarial Hotelera de Madrid queremos reclamar a las diferentes administraciones en una fecha importante para nosotros, como es el \u2018D\u00eda Mundial del Turismo\u2019, un mayor peso de este sector en la pol\u00edtica de Estado.\" \/>\n<meta name=\"twitter:image\" content=\"https:\/\/aehm.es\/wp-content\/uploads\/2019\/09\/architecture-3240674_1280-1.jpg\" \/>\n<meta name=\"twitter:creator\" content=\"@HotelesAEHM\" \/>\n<meta name=\"twitter:site\" content=\"@HotelesAEHM\" \/>\n<meta name=\"twitter:label1\" content=\"Written by\" \/>\n\t<meta name=\"twitter:data1\" content=\"richard\" \/>\n\t<meta name=\"twitter:label2\" content=\"Est. reading time\" \/>\n\t<meta name=\"twitter:data2\" content=\"3 minutes\" \/>\n<script type=\"application\/ld+json\" class=\"yoast-schema-graph\">{\"@context\":\"https:\\\/\\\/schema.org\",\"@graph\":[{\"@type\":\"Article\",\"@id\":\"https:\\\/\\\/aehm.es\\\/los-hoteleros-madrilenos-reclamamos-a-las-administraciones-un-mayor-peso-del-sector-turistico-en-la-politica-de-estado\\\/#article\",\"isPartOf\":{\"@id\":\"https:\\\/\\\/aehm.es\\\/los-hoteleros-madrilenos-reclamamos-a-las-administraciones-un-mayor-peso-del-sector-turistico-en-la-politica-de-estado\\\/\"},\"author\":{\"name\":\"richard\",\"@id\":\"https:\\\/\\\/aehm.es\\\/#\\\/schema\\\/person\\\/ca1397f4b0bcee246b58a0278b67a95f\"},\"headline\":\"Los hoteleros madrile\u00f1os reclamamos a las administraciones un mayor peso del sector tur\u00edstico en la pol\u00edtica de Estado\",\"datePublished\":\"2019-09-26T13:30:20+00:00\",\"mainEntityOfPage\":{\"@id\":\"https:\\\/\\\/aehm.es\\\/los-hoteleros-madrilenos-reclamamos-a-las-administraciones-un-mayor-peso-del-sector-turistico-en-la-politica-de-estado\\\/\"},\"wordCount\":542,\"commentCount\":0,\"publisher\":{\"@id\":\"https:\\\/\\\/aehm.es\\\/#organization\"},\"image\":{\"@id\":\"https:\\\/\\\/aehm.es\\\/los-hoteleros-madrilenos-reclamamos-a-las-administraciones-un-mayor-peso-del-sector-turistico-en-la-politica-de-estado\\\/#primaryimage\"},\"thumbnailUrl\":\"https:\\\/\\\/aehm.es\\\/wp-content\\\/uploads\\\/2019\\\/09\\\/architecture-3240674_1280-1.jpg\",\"articleSection\":[\"Actualidad AEHM\"],\"inLanguage\":\"en-US\",\"potentialAction\":[{\"@type\":\"CommentAction\",\"name\":\"Comment\",\"target\":[\"https:\\\/\\\/aehm.es\\\/los-hoteleros-madrilenos-reclamamos-a-las-administraciones-un-mayor-peso-del-sector-turistico-en-la-politica-de-estado\\\/#respond\"]}]},{\"@type\":\"WebPage\",\"@id\":\"https:\\\/\\\/aehm.es\\\/los-hoteleros-madrilenos-reclamamos-a-las-administraciones-un-mayor-peso-del-sector-turistico-en-la-politica-de-estado\\\/\",\"url\":\"https:\\\/\\\/aehm.es\\\/los-hoteleros-madrilenos-reclamamos-a-las-administraciones-un-mayor-peso-del-sector-turistico-en-la-politica-de-estado\\\/\",\"name\":\"Los hoteleros madrile\u00f1os reclamamos a las administraciones un mayor peso del sector tur\u00edstico en la pol\u00edtica de Estado - AEHM\",\"isPartOf\":{\"@id\":\"https:\\\/\\\/aehm.es\\\/#website\"},\"primaryImageOfPage\":{\"@id\":\"https:\\\/\\\/aehm.es\\\/los-hoteleros-madrilenos-reclamamos-a-las-administraciones-un-mayor-peso-del-sector-turistico-en-la-politica-de-estado\\\/#primaryimage\"},\"image\":{\"@id\":\"https:\\\/\\\/aehm.es\\\/los-hoteleros-madrilenos-reclamamos-a-las-administraciones-un-mayor-peso-del-sector-turistico-en-la-politica-de-estado\\\/#primaryimage\"},\"thumbnailUrl\":\"https:\\\/\\\/aehm.es\\\/wp-content\\\/uploads\\\/2019\\\/09\\\/architecture-3240674_1280-1.jpg\",\"datePublished\":\"2019-09-26T13:30:20+00:00\",\"description\":\"Desde la Asociaci\u00f3n Empresarial Hotelera de Madrid queremos reclamar a las diferentes administraciones en una fecha importante para nosotros, como es el \u2018D\u00eda Mundial del Turismo\u2019, un mayor peso de este sector en la pol\u00edtica de Estado.\",\"breadcrumb\":{\"@id\":\"https:\\\/\\\/aehm.es\\\/los-hoteleros-madrilenos-reclamamos-a-las-administraciones-un-mayor-peso-del-sector-turistico-en-la-politica-de-estado\\\/#breadcrumb\"},\"inLanguage\":\"en-US\",\"potentialAction\":[{\"@type\":\"ReadAction\",\"target\":[\"https:\\\/\\\/aehm.es\\\/los-hoteleros-madrilenos-reclamamos-a-las-administraciones-un-mayor-peso-del-sector-turistico-en-la-politica-de-estado\\\/\"]}]},{\"@type\":\"ImageObject\",\"inLanguage\":\"en-US\",\"@id\":\"https:\\\/\\\/aehm.es\\\/los-hoteleros-madrilenos-reclamamos-a-las-administraciones-un-mayor-peso-del-sector-turistico-en-la-politica-de-estado\\\/#primaryimage\",\"url\":\"https:\\\/\\\/aehm.es\\\/wp-content\\\/uploads\\\/2019\\\/09\\\/architecture-3240674_1280-1.jpg\",\"contentUrl\":\"https:\\\/\\\/aehm.es\\\/wp-content\\\/uploads\\\/2019\\\/09\\\/architecture-3240674_1280-1.jpg\",\"width\":1280,\"height\":960},{\"@type\":\"BreadcrumbList\",\"@id\":\"https:\\\/\\\/aehm.es\\\/los-hoteleros-madrilenos-reclamamos-a-las-administraciones-un-mayor-peso-del-sector-turistico-en-la-politica-de-estado\\\/#breadcrumb\",\"itemListElement\":[{\"@type\":\"ListItem\",\"position\":1,\"name\":\"Portada\",\"item\":\"https:\\\/\\\/aehm.es\\\/en\\\/\"},{\"@type\":\"ListItem\",\"position\":2,\"name\":\"Los hoteleros madrile\u00f1os reclamamos a las administraciones un mayor peso del sector tur\u00edstico en la pol\u00edtica de Estado\"}]},{\"@type\":\"WebSite\",\"@id\":\"https:\\\/\\\/aehm.es\\\/#website\",\"url\":\"https:\\\/\\\/aehm.es\\\/\",\"name\":\"Asociaci\u00f3n Empresarial Hotelera de Madrid\",\"description\":\"La Asociaci\u00f3n Empresarial Hotelera Madrid est\u00e1 formada por m\u00e1s de 300 establecimientos de todas las categor\u00edas y tipolog\u00edas (hoteles, hostales, hostels, apartamentos\u2026) que suman m\u00e1s de 75.000 plazas de alojamiento.\",\"publisher\":{\"@id\":\"https:\\\/\\\/aehm.es\\\/#organization\"},\"alternateName\":\"AEHM\",\"potentialAction\":[{\"@type\":\"SearchAction\",\"target\":{\"@type\":\"EntryPoint\",\"urlTemplate\":\"https:\\\/\\\/aehm.es\\\/?s={search_term_string}\"},\"query-input\":{\"@type\":\"PropertyValueSpecification\",\"valueRequired\":true,\"valueName\":\"search_term_string\"}}],\"inLanguage\":\"en-US\"},{\"@type\":\"Organization\",\"@id\":\"https:\\\/\\\/aehm.es\\\/#organization\",\"name\":\"Asociaci\u00f3n Empresarial Hotelera de Madrid\",\"url\":\"https:\\\/\\\/aehm.es\\\/\",\"logo\":{\"@type\":\"ImageObject\",\"inLanguage\":\"en-US\",\"@id\":\"https:\\\/\\\/aehm.es\\\/#\\\/schema\\\/logo\\\/image\\\/\",\"url\":\"https:\\\/\\\/aehm.es\\\/wp-content\\\/uploads\\\/2021\\\/11\\\/Logo_AEHM_Horiz.png\",\"contentUrl\":\"https:\\\/\\\/aehm.es\\\/wp-content\\\/uploads\\\/2021\\\/11\\\/Logo_AEHM_Horiz.png\",\"width\":600,\"height\":182,\"caption\":\"Asociaci\u00f3n Empresarial Hotelera de Madrid\"},\"image\":{\"@id\":\"https:\\\/\\\/aehm.es\\\/#\\\/schema\\\/logo\\\/image\\\/\"},\"sameAs\":[\"https:\\\/\\\/www.instagram.com\\\/hotelesdemadrid\\\/\",\"https:\\\/\\\/x.com\\\/HotelesAEHM\",\"https:\\\/\\\/www.linkedin.com\\\/company\\\/11166072\\\/\"]},{\"@type\":\"Person\",\"@id\":\"https:\\\/\\\/aehm.es\\\/#\\\/schema\\\/person\\\/ca1397f4b0bcee246b58a0278b67a95f\",\"name\":\"richard\",\"image\":{\"@type\":\"ImageObject\",\"inLanguage\":\"en-US\",\"@id\":\"https:\\\/\\\/secure.gravatar.com\\\/avatar\\\/dd2486a811ecc34bf766b7d8b17d0ea76674186c415867af39660e429e20e1a0?s=96&d=mm&r=g\",\"url\":\"https:\\\/\\\/secure.gravatar.com\\\/avatar\\\/dd2486a811ecc34bf766b7d8b17d0ea76674186c415867af39660e429e20e1a0?s=96&d=mm&r=g\",\"contentUrl\":\"https:\\\/\\\/secure.gravatar.com\\\/avatar\\\/dd2486a811ecc34bf766b7d8b17d0ea76674186c415867af39660e429e20e1a0?s=96&d=mm&r=g\",\"caption\":\"richard\"},\"url\":\"https:\\\/\\\/aehm.es\\\/en\\\/author\\\/richard\\\/\"}]}<\/script>\n<!-- \/ Yoast SEO plugin. -->","yoast_head_json":{"title":"Los hoteleros madrile\u00f1os reclamamos a las administraciones un mayor peso del sector tur\u00edstico en la pol\u00edtica de Estado - AEHM","description":"Desde la Asociaci\u00f3n Empresarial Hotelera de Madrid queremos reclamar a las diferentes administraciones en una fecha importante para nosotros, como es el \u2018D\u00eda Mundial del Turismo\u2019, un mayor peso de este sector en la pol\u00edtica de Estado.","robots":{"index":"index","follow":"follow","max-snippet":"max-snippet:-1","max-image-preview":"max-image-preview:large","max-video-preview":"max-video-preview:-1"},"canonical":"https:\/\/aehm.es\/los-hoteleros-madrilenos-reclamamos-a-las-administraciones-un-mayor-peso-del-sector-turistico-en-la-politica-de-estado\/","og_locale":"en_US","og_type":"article","og_title":"Los hoteleros madrile\u00f1os reclamamos a las administraciones un mayor peso del sector tur\u00edstico en la pol\u00edtica de Estado","og_description":"Desde la Asociaci\u00f3n Empresarial Hotelera de Madrid queremos reclamar a las diferentes administraciones en una fecha importante para nosotros, como es el \u2018D\u00eda Mundial del Turismo\u2019, un mayor peso de este sector en la pol\u00edtica de Estado.","og_url":"https:\/\/aehm.es\/los-hoteleros-madrilenos-reclamamos-a-las-administraciones-un-mayor-peso-del-sector-turistico-en-la-politica-de-estado\/","og_site_name":"AEHM","article_publisher":"https:\/\/www.instagram.com\/hotelesdemadrid\/","article_published_time":"2019-09-26T13:30:20+00:00","og_image":[{"width":1280,"height":960,"url":"https:\/\/aehm.es\/wp-content\/uploads\/2019\/09\/architecture-3240674_1280-1.jpg","type":"image\/jpeg"}],"author":"richard","twitter_card":"summary_large_image","twitter_title":"Los hoteleros madrile\u00f1os reclamamos a las administraciones un mayor peso del sector tur\u00edstico en la pol\u00edtica de Estado","twitter_description":"Desde la Asociaci\u00f3n Empresarial Hotelera de Madrid queremos reclamar a las diferentes administraciones en una fecha importante para nosotros, como es el \u2018D\u00eda Mundial del Turismo\u2019, un mayor peso de este sector en la pol\u00edtica de Estado.","twitter_image":"https:\/\/aehm.es\/wp-content\/uploads\/2019\/09\/architecture-3240674_1280-1.jpg","twitter_creator":"@HotelesAEHM","twitter_site":"@HotelesAEHM","twitter_misc":{"Written by":"richard","Est. reading time":"3 minutes"},"schema":{"@context":"https:\/\/schema.org","@graph":[{"@type":"Article","@id":"https:\/\/aehm.es\/los-hoteleros-madrilenos-reclamamos-a-las-administraciones-un-mayor-peso-del-sector-turistico-en-la-politica-de-estado\/#article","isPartOf":{"@id":"https:\/\/aehm.es\/los-hoteleros-madrilenos-reclamamos-a-las-administraciones-un-mayor-peso-del-sector-turistico-en-la-politica-de-estado\/"},"author":{"name":"richard","@id":"https:\/\/aehm.es\/#\/schema\/person\/ca1397f4b0bcee246b58a0278b67a95f"},"headline":"Los hoteleros madrile\u00f1os reclamamos a las administraciones un mayor peso del sector tur\u00edstico en la pol\u00edtica de Estado","datePublished":"2019-09-26T13:30:20+00:00","mainEntityOfPage":{"@id":"https:\/\/aehm.es\/los-hoteleros-madrilenos-reclamamos-a-las-administraciones-un-mayor-peso-del-sector-turistico-en-la-politica-de-estado\/"},"wordCount":542,"commentCount":0,"publisher":{"@id":"https:\/\/aehm.es\/#organization"},"image":{"@id":"https:\/\/aehm.es\/los-hoteleros-madrilenos-reclamamos-a-las-administraciones-un-mayor-peso-del-sector-turistico-en-la-politica-de-estado\/#primaryimage"},"thumbnailUrl":"https:\/\/aehm.es\/wp-content\/uploads\/2019\/09\/architecture-3240674_1280-1.jpg","articleSection":["Actualidad AEHM"],"inLanguage":"en-US","potentialAction":[{"@type":"CommentAction","name":"Comment","target":["https:\/\/aehm.es\/los-hoteleros-madrilenos-reclamamos-a-las-administraciones-un-mayor-peso-del-sector-turistico-en-la-politica-de-estado\/#respond"]}]},{"@type":"WebPage","@id":"https:\/\/aehm.es\/los-hoteleros-madrilenos-reclamamos-a-las-administraciones-un-mayor-peso-del-sector-turistico-en-la-politica-de-estado\/","url":"https:\/\/aehm.es\/los-hoteleros-madrilenos-reclamamos-a-las-administraciones-un-mayor-peso-del-sector-turistico-en-la-politica-de-estado\/","name":"Los hoteleros madrile\u00f1os reclamamos a las administraciones un mayor peso del sector tur\u00edstico en la pol\u00edtica de Estado - AEHM","isPartOf":{"@id":"https:\/\/aehm.es\/#website"},"primaryImageOfPage":{"@id":"https:\/\/aehm.es\/los-hoteleros-madrilenos-reclamamos-a-las-administraciones-un-mayor-peso-del-sector-turistico-en-la-politica-de-estado\/#primaryimage"},"image":{"@id":"https:\/\/aehm.es\/los-hoteleros-madrilenos-reclamamos-a-las-administraciones-un-mayor-peso-del-sector-turistico-en-la-politica-de-estado\/#primaryimage"},"thumbnailUrl":"https:\/\/aehm.es\/wp-content\/uploads\/2019\/09\/architecture-3240674_1280-1.jpg","datePublished":"2019-09-26T13:30:20+00:00","description":"Desde la Asociaci\u00f3n Empresarial Hotelera de Madrid queremos reclamar a las diferentes administraciones en una fecha importante para nosotros, como es el \u2018D\u00eda Mundial del Turismo\u2019, un mayor peso de este sector en la pol\u00edtica de Estado.","breadcrumb":{"@id":"https:\/\/aehm.es\/los-hoteleros-madrilenos-reclamamos-a-las-administraciones-un-mayor-peso-del-sector-turistico-en-la-politica-de-estado\/#breadcrumb"},"inLanguage":"en-US","potentialAction":[{"@type":"ReadAction","target":["https:\/\/aehm.es\/los-hoteleros-madrilenos-reclamamos-a-las-administraciones-un-mayor-peso-del-sector-turistico-en-la-politica-de-estado\/"]}]},{"@type":"ImageObject","inLanguage":"en-US","@id":"https:\/\/aehm.es\/los-hoteleros-madrilenos-reclamamos-a-las-administraciones-un-mayor-peso-del-sector-turistico-en-la-politica-de-estado\/#primaryimage","url":"https:\/\/aehm.es\/wp-content\/uploads\/2019\/09\/architecture-3240674_1280-1.jpg","contentUrl":"https:\/\/aehm.es\/wp-content\/uploads\/2019\/09\/architecture-3240674_1280-1.jpg","width":1280,"height":960},{"@type":"BreadcrumbList","@id":"https:\/\/aehm.es\/los-hoteleros-madrilenos-reclamamos-a-las-administraciones-un-mayor-peso-del-sector-turistico-en-la-politica-de-estado\/#breadcrumb","itemListElement":[{"@type":"ListItem","position":1,"name":"Portada","item":"https:\/\/aehm.es\/en\/"},{"@type":"ListItem","position":2,"name":"Los hoteleros madrile\u00f1os reclamamos a las administraciones un mayor peso del sector tur\u00edstico en la pol\u00edtica de Estado"}]},{"@type":"WebSite","@id":"https:\/\/aehm.es\/#website","url":"https:\/\/aehm.es\/","name":"Asociaci\u00f3n Empresarial Hotelera de Madrid","description":"La Asociaci\u00f3n Empresarial Hotelera Madrid est\u00e1 formada por m\u00e1s de 300 establecimientos de todas las categor\u00edas y tipolog\u00edas (hoteles, hostales, hostels, apartamentos\u2026) que suman m\u00e1s de 75.000 plazas de alojamiento.","publisher":{"@id":"https:\/\/aehm.es\/#organization"},"alternateName":"AEHM","potentialAction":[{"@type":"SearchAction","target":{"@type":"EntryPoint","urlTemplate":"https:\/\/aehm.es\/?s={search_term_string}"},"query-input":{"@type":"PropertyValueSpecification","valueRequired":true,"valueName":"search_term_string"}}],"inLanguage":"en-US"},{"@type":"Organization","@id":"https:\/\/aehm.es\/#organization","name":"Asociaci\u00f3n Empresarial Hotelera de Madrid","url":"https:\/\/aehm.es\/","logo":{"@type":"ImageObject","inLanguage":"en-US","@id":"https:\/\/aehm.es\/#\/schema\/logo\/image\/","url":"https:\/\/aehm.es\/wp-content\/uploads\/2021\/11\/Logo_AEHM_Horiz.png","contentUrl":"https:\/\/aehm.es\/wp-content\/uploads\/2021\/11\/Logo_AEHM_Horiz.png","width":600,"height":182,"caption":"Asociaci\u00f3n Empresarial Hotelera de Madrid"},"image":{"@id":"https:\/\/aehm.es\/#\/schema\/logo\/image\/"},"sameAs":["https:\/\/www.instagram.com\/hotelesdemadrid\/","https:\/\/x.com\/HotelesAEHM","https:\/\/www.linkedin.com\/company\/11166072\/"]},{"@type":"Person","@id":"https:\/\/aehm.es\/#\/schema\/person\/ca1397f4b0bcee246b58a0278b67a95f","name":"richard","image":{"@type":"ImageObject","inLanguage":"en-US","@id":"https:\/\/secure.gravatar.com\/avatar\/dd2486a811ecc34bf766b7d8b17d0ea76674186c415867af39660e429e20e1a0?s=96&d=mm&r=g","url":"https:\/\/secure.gravatar.com\/avatar\/dd2486a811ecc34bf766b7d8b17d0ea76674186c415867af39660e429e20e1a0?s=96&d=mm&r=g","contentUrl":"https:\/\/secure.gravatar.com\/avatar\/dd2486a811ecc34bf766b7d8b17d0ea76674186c415867af39660e429e20e1a0?s=96&d=mm&r=g","caption":"richard"},"url":"https:\/\/aehm.es\/en\/author\/richard\/"}]}},"_links":{"self":[{"href":"https:\/\/aehm.es\/en\/wp-json\/wp\/v2\/posts\/6065","targetHints":{"allow":["GET"]}}],"collection":[{"href":"https:\/\/aehm.es\/en\/wp-json\/wp\/v2\/posts"}],"about":[{"href":"https:\/\/aehm.es\/en\/wp-json\/wp\/v2\/types\/post"}],"author":[{"embeddable":true,"href":"https:\/\/aehm.es\/en\/wp-json\/wp\/v2\/users\/1"}],"replies":[{"embeddable":true,"href":"https:\/\/aehm.es\/en\/wp-json\/wp\/v2\/comments?post=6065"}],"version-history":[{"count":0,"href":"https:\/\/aehm.es\/en\/wp-json\/wp\/v2\/posts\/6065\/revisions"}],"wp:featuredmedia":[{"embeddable":true,"href":"https:\/\/aehm.es\/en\/wp-json\/wp\/v2\/media\/6066"}],"wp:attachment":[{"href":"https:\/\/aehm.es\/en\/wp-json\/wp\/v2\/media?parent=6065"}],"wp:term":[{"taxonomy":"category","embeddable":true,"href":"https:\/\/aehm.es\/en\/wp-json\/wp\/v2\/categories?post=6065"},{"taxonomy":"post_tag","embeddable":true,"href":"https:\/\/aehm.es\/en\/wp-json\/wp\/v2\/tags?post=6065"}],"curies":[{"name":"wp","href":"https:\/\/api.w.org\/{rel}","templated":true}]}}