{"id":6015,"date":"2019-09-06T11:08:28","date_gmt":"2019-09-06T11:08:28","guid":{"rendered":"https:\/\/aehm.es\/?p=6015"},"modified":"2019-09-06T11:08:28","modified_gmt":"2019-09-06T11:08:28","slug":"la-ocupacion-media-de-los-hoteles-madrilenos-durante-agosto-ha-superado-el-65-un-22-mas-de-lo-estimado","status":"publish","type":"post","link":"https:\/\/aehm.es\/en\/la-ocupacion-media-de-los-hoteles-madrilenos-durante-agosto-ha-superado-el-65-un-22-mas-de-lo-estimado\/","title":{"rendered":"La ocupaci\u00f3n media de los hoteles madrile\u00f1os durante agosto ha superado el 65%, un 22% m\u00e1s de lo estimado"},"content":{"rendered":"<ul>\n<li><strong>La encuesta realizada por la Asociaci\u00f3n Empresarial Hotelera de Madrid a finales de julio preve\u00eda una ocupaci\u00f3n del 53%<\/strong><\/li>\n<\/ul>\n<ul>\n<li><strong>El porcentaje alcanzado ha superado casi en un 15% al dato registrado durante este mismo periodo del pasado a\u00f1o, cuando fue del 56,5%<\/strong><\/li>\n<\/ul>\n<ul>\n<li><strong>L<\/strong><strong>os viajeros procedentes de Estados Unidos y de pa\u00edses europeos como Italia, Reino Unido o Francia han liderado el ranking de llegada al destino, <\/strong><strong>aunque tambi\u00e9n se ha registrado un aumento de aquellos procedentes de China<\/strong><\/li>\n<\/ul>\n<p><strong>Madrid, 6 de septiembre de 2019.-<\/strong> La <strong>ocupaci\u00f3n hotelera de la Comunidad de Madrid<\/strong> durante el mes de<strong> agosto <\/strong>ha superado el <strong>65%,<\/strong> lo que supone un <strong>incremento aproximado del 22%<\/strong> frente al 53% que se preve\u00eda a finales de julio por la <strong>Asociaci\u00f3n Empresarial Hotelera de Madrid<\/strong> (AEHM). Adem\u00e1s, tambi\u00e9n se ha producido un <strong>aumento <\/strong>cercano al<strong> 15% <\/strong>en las reservas registradas en comparaci\u00f3n con el <strong>mismo periodo del pasado a\u00f1o<\/strong>, cuando el dato fue del 56,5%.<\/p>\n<p><em>\u201cEstas cifras ponen de manifiesto que Madrid sigue siendo un destino atractivo para los viajeros, incluso en los meses de verano. La amplia oferta cultural, gastron\u00f3mica y de ocio que se puede encontrar en la ciudad cada vez es m\u00e1s apreciada por los turistas, quienes no dudan en visitarnos durante el periodo estival\u201d, <\/em>ha se\u00f1alado la AEHM.<\/p>\n<blockquote><p><em>La amplia oferta cultural, gastron\u00f3mica y de ocio que se puede encontrar en la ciudad cada vez es m\u00e1s apreciada por los turistas, quienes no dudan en visitarnos durante el periodo estival.<\/em><\/p><\/blockquote>\n<p>Los viajeros procedentes de <strong>Estados Unidos<\/strong> y de pa\u00edses europeos como <strong>Italia, Reino Unido o Francia<\/strong> han encabezado el ranking de llegadas a la Comunidad de Madrid, aunque tambi\u00e9n han cogido fuerza aquellos procedentes de <strong>Asia <\/strong>(China) y de <strong>Sudam\u00e9rica<\/strong> (Argentina, M\u00e9xico y Brasil), en l\u00ednea con los datos registrados en los \u00faltimos meses.<\/p>\n<p><em>\u201c<\/em><em>Madrid es una ciudad con una oferta hotelera de calidad muy bien valorada y que siempre ha destacado por sus precios competitivos respecto a otras capitales europeas. Este es uno de los principales motivos que llevan a los viajeros a elegir nuestro destino frente a otros\u201d, <\/em>ha a\u00f1adido la Asociaci\u00f3n.<\/p>\n<blockquote><p><em>Madrid es una ciudad con una oferta hotelera de calidad muy bien valorada y que siempre ha destacado por sus precios competitivos respecto a otras capitales europeas.<\/em><\/p><\/blockquote>\n<p>Para la AEHM es fundamental <strong>potenciar y consolidar los mercados los diferentes mercados internacionales<\/strong>, ya que <strong>son estrat\u00e9gicos <\/strong>para el sector tur\u00edstico en general y para el hotelero en particular al aportar un <strong>gasto superior <\/strong>al del resto de viajeros y contribuir a <strong>reducir la estacionalidad<\/strong>.<\/p>\n<p>A pesar de que se est\u00e1n produciendo avances en este sentido, la Asociaci\u00f3n contin\u00faa incidiendo en la necesidad de reforzar la <strong>colaboraci\u00f3n p\u00fablico-privada <\/strong>con la finalidad de poner en marcha<strong> l\u00edneas de trabajo conjuntas <\/strong>destinadas a <strong>fomentar la llegada de viajeros<\/strong> internacionales a Madrid, a <strong>prolongar su estancia<\/strong> tanto en el destino como en los establecimientos de la regi\u00f3n y a <strong>impulsar la imagen de la ciudad<\/strong> fuera de Espa\u00f1a.<\/p>\n","protected":false},"excerpt":{"rendered":"<p>La encuesta realizada por la Asociaci\u00f3n Empresarial Hotelera de Madrid a finales de julio preve\u00eda una ocupaci\u00f3n del 53% El porcentaje alcanzado ha superado casi en un 15% al dato registrado durante este mismo periodo del pasado a\u00f1o, cuando fue del 56,5% Los viajeros procedentes de Estados Unidos y de pa\u00edses europeos como Italia, Reino [&hellip;]<\/p>\n","protected":false},"author":1,"featured_media":6016,"comment_status":"open","ping_status":"open","sticky":false,"template":"","format":"standard","meta":{"footnotes":""},"categories":[1],"tags":[],"class_list":["post-6015","post","type-post","status-publish","format-standard","has-post-thumbnail","hentry","category-actualidad-aehm"],"yoast_head":"<!-- This site is optimized with the Yoast SEO plugin v27.5 - https:\/\/yoast.com\/product\/yoast-seo-wordpress\/ -->\n<title>La ocupaci\u00f3n media de los hoteles madrile\u00f1os durante agosto ha superado el 65%, un 22% m\u00e1s de lo estimado - AEHM<\/title>\n<meta name=\"description\" content=\"La ocupaci\u00f3n hotelera de la Comunidad de Madrid durante el mes de agosto ha superado el 65%, mayor al 53% previsto a finales de julio por la Asociaci\u00f3n Empresarial Hotelera de Madrid (AEHM).\" \/>\n<meta name=\"robots\" content=\"index, follow, max-snippet:-1, max-image-preview:large, max-video-preview:-1\" \/>\n<link rel=\"canonical\" href=\"https:\/\/aehm.es\/la-ocupacion-media-de-los-hoteles-madrilenos-durante-agosto-ha-superado-el-65-un-22-mas-de-lo-estimado\/\" \/>\n<meta property=\"og:locale\" content=\"en_US\" \/>\n<meta property=\"og:type\" content=\"article\" \/>\n<meta property=\"og:title\" content=\"La ocupaci\u00f3n media de los hoteles madrile\u00f1os durante agosto ha superado el 65%, un 22% m\u00e1s de lo estimado\" \/>\n<meta property=\"og:description\" content=\"La ocupaci\u00f3n hotelera de la Comunidad de Madrid durante el mes de agosto ha superado el 65%, mayor al 53% previsto a finales de julio por la Asociaci\u00f3n Empresarial Hotelera de Madrid (AEHM).\" \/>\n<meta property=\"og:url\" content=\"https:\/\/aehm.es\/la-ocupacion-media-de-los-hoteles-madrilenos-durante-agosto-ha-superado-el-65-un-22-mas-de-lo-estimado\/\" \/>\n<meta property=\"og:site_name\" content=\"AEHM\" \/>\n<meta property=\"article:publisher\" content=\"https:\/\/www.instagram.com\/hotelesdemadrid\/\" \/>\n<meta property=\"article:published_time\" content=\"2019-09-06T11:08:28+00:00\" \/>\n<meta property=\"og:image\" content=\"https:\/\/aehm.es\/wp-content\/uploads\/2019\/09\/spanish-flag-flying-at-an-old-building-PSQ25QJ-1-scaled.jpg\" \/>\n\t<meta property=\"og:image:width\" content=\"3480\" \/>\n\t<meta property=\"og:image:height\" content=\"2320\" \/>\n\t<meta property=\"og:image:type\" content=\"image\/jpeg\" \/>\n<meta name=\"author\" content=\"richard\" \/>\n<meta name=\"twitter:card\" content=\"summary_large_image\" \/>\n<meta name=\"twitter:title\" content=\"La ocupaci\u00f3n media de los hoteles madrile\u00f1os durante agosto ha superado el 65%, un 22% m\u00e1s de lo estimado\" \/>\n<meta name=\"twitter:description\" content=\"La ocupaci\u00f3n hotelera de la Comunidad de Madrid durante el mes de agosto ha superado el 65%, mayor al 53% previsto a finales de julio por la Asociaci\u00f3n Empresarial Hotelera de Madrid (AEHM).\" \/>\n<meta name=\"twitter:image\" content=\"https:\/\/aehm.es\/wp-content\/uploads\/2019\/09\/spanish-flag-flying-at-an-old-building-PSQ25QJ-1-scaled.jpg\" \/>\n<meta name=\"twitter:creator\" content=\"@HotelesAEHM\" \/>\n<meta name=\"twitter:site\" content=\"@HotelesAEHM\" \/>\n<meta name=\"twitter:label1\" content=\"Written by\" \/>\n\t<meta name=\"twitter:data1\" content=\"richard\" \/>\n\t<meta name=\"twitter:label2\" content=\"Est. reading time\" \/>\n\t<meta name=\"twitter:data2\" content=\"3 minutes\" \/>\n<script type=\"application\/ld+json\" class=\"yoast-schema-graph\">{\"@context\":\"https:\\\/\\\/schema.org\",\"@graph\":[{\"@type\":\"Article\",\"@id\":\"https:\\\/\\\/aehm.es\\\/la-ocupacion-media-de-los-hoteles-madrilenos-durante-agosto-ha-superado-el-65-un-22-mas-de-lo-estimado\\\/#article\",\"isPartOf\":{\"@id\":\"https:\\\/\\\/aehm.es\\\/la-ocupacion-media-de-los-hoteles-madrilenos-durante-agosto-ha-superado-el-65-un-22-mas-de-lo-estimado\\\/\"},\"author\":{\"name\":\"richard\",\"@id\":\"https:\\\/\\\/aehm.es\\\/#\\\/schema\\\/person\\\/ca1397f4b0bcee246b58a0278b67a95f\"},\"headline\":\"La ocupaci\u00f3n media de los hoteles madrile\u00f1os durante agosto ha superado el 65%, un 22% m\u00e1s de lo estimado\",\"datePublished\":\"2019-09-06T11:08:28+00:00\",\"mainEntityOfPage\":{\"@id\":\"https:\\\/\\\/aehm.es\\\/la-ocupacion-media-de-los-hoteles-madrilenos-durante-agosto-ha-superado-el-65-un-22-mas-de-lo-estimado\\\/\"},\"wordCount\":539,\"commentCount\":0,\"publisher\":{\"@id\":\"https:\\\/\\\/aehm.es\\\/#organization\"},\"image\":{\"@id\":\"https:\\\/\\\/aehm.es\\\/la-ocupacion-media-de-los-hoteles-madrilenos-durante-agosto-ha-superado-el-65-un-22-mas-de-lo-estimado\\\/#primaryimage\"},\"thumbnailUrl\":\"https:\\\/\\\/aehm.es\\\/wp-content\\\/uploads\\\/2019\\\/09\\\/spanish-flag-flying-at-an-old-building-PSQ25QJ-1-scaled.jpg\",\"articleSection\":[\"Actualidad AEHM\"],\"inLanguage\":\"en-US\",\"potentialAction\":[{\"@type\":\"CommentAction\",\"name\":\"Comment\",\"target\":[\"https:\\\/\\\/aehm.es\\\/la-ocupacion-media-de-los-hoteles-madrilenos-durante-agosto-ha-superado-el-65-un-22-mas-de-lo-estimado\\\/#respond\"]}]},{\"@type\":\"WebPage\",\"@id\":\"https:\\\/\\\/aehm.es\\\/la-ocupacion-media-de-los-hoteles-madrilenos-durante-agosto-ha-superado-el-65-un-22-mas-de-lo-estimado\\\/\",\"url\":\"https:\\\/\\\/aehm.es\\\/la-ocupacion-media-de-los-hoteles-madrilenos-durante-agosto-ha-superado-el-65-un-22-mas-de-lo-estimado\\\/\",\"name\":\"La ocupaci\u00f3n media de los hoteles madrile\u00f1os durante agosto ha superado el 65%, un 22% m\u00e1s de lo estimado - AEHM\",\"isPartOf\":{\"@id\":\"https:\\\/\\\/aehm.es\\\/#website\"},\"primaryImageOfPage\":{\"@id\":\"https:\\\/\\\/aehm.es\\\/la-ocupacion-media-de-los-hoteles-madrilenos-durante-agosto-ha-superado-el-65-un-22-mas-de-lo-estimado\\\/#primaryimage\"},\"image\":{\"@id\":\"https:\\\/\\\/aehm.es\\\/la-ocupacion-media-de-los-hoteles-madrilenos-durante-agosto-ha-superado-el-65-un-22-mas-de-lo-estimado\\\/#primaryimage\"},\"thumbnailUrl\":\"https:\\\/\\\/aehm.es\\\/wp-content\\\/uploads\\\/2019\\\/09\\\/spanish-flag-flying-at-an-old-building-PSQ25QJ-1-scaled.jpg\",\"datePublished\":\"2019-09-06T11:08:28+00:00\",\"description\":\"La ocupaci\u00f3n hotelera de la Comunidad de Madrid durante el mes de agosto ha superado el 65%, mayor al 53% previsto a finales de julio por la Asociaci\u00f3n Empresarial Hotelera de Madrid (AEHM).\",\"breadcrumb\":{\"@id\":\"https:\\\/\\\/aehm.es\\\/la-ocupacion-media-de-los-hoteles-madrilenos-durante-agosto-ha-superado-el-65-un-22-mas-de-lo-estimado\\\/#breadcrumb\"},\"inLanguage\":\"en-US\",\"potentialAction\":[{\"@type\":\"ReadAction\",\"target\":[\"https:\\\/\\\/aehm.es\\\/la-ocupacion-media-de-los-hoteles-madrilenos-durante-agosto-ha-superado-el-65-un-22-mas-de-lo-estimado\\\/\"]}]},{\"@type\":\"ImageObject\",\"inLanguage\":\"en-US\",\"@id\":\"https:\\\/\\\/aehm.es\\\/la-ocupacion-media-de-los-hoteles-madrilenos-durante-agosto-ha-superado-el-65-un-22-mas-de-lo-estimado\\\/#primaryimage\",\"url\":\"https:\\\/\\\/aehm.es\\\/wp-content\\\/uploads\\\/2019\\\/09\\\/spanish-flag-flying-at-an-old-building-PSQ25QJ-1-scaled.jpg\",\"contentUrl\":\"https:\\\/\\\/aehm.es\\\/wp-content\\\/uploads\\\/2019\\\/09\\\/spanish-flag-flying-at-an-old-building-PSQ25QJ-1-scaled.jpg\",\"width\":3480,\"height\":2320},{\"@type\":\"BreadcrumbList\",\"@id\":\"https:\\\/\\\/aehm.es\\\/la-ocupacion-media-de-los-hoteles-madrilenos-durante-agosto-ha-superado-el-65-un-22-mas-de-lo-estimado\\\/#breadcrumb\",\"itemListElement\":[{\"@type\":\"ListItem\",\"position\":1,\"name\":\"Portada\",\"item\":\"https:\\\/\\\/aehm.es\\\/en\\\/\"},{\"@type\":\"ListItem\",\"position\":2,\"name\":\"La ocupaci\u00f3n media de los hoteles madrile\u00f1os durante agosto ha superado el 65%, un 22% m\u00e1s de lo estimado\"}]},{\"@type\":\"WebSite\",\"@id\":\"https:\\\/\\\/aehm.es\\\/#website\",\"url\":\"https:\\\/\\\/aehm.es\\\/\",\"name\":\"Asociaci\u00f3n Empresarial Hotelera de Madrid\",\"description\":\"La Asociaci\u00f3n Empresarial Hotelera Madrid est\u00e1 formada por m\u00e1s de 300 establecimientos de todas las categor\u00edas y tipolog\u00edas (hoteles, hostales, hostels, apartamentos\u2026) que suman m\u00e1s de 75.000 plazas de alojamiento.\",\"publisher\":{\"@id\":\"https:\\\/\\\/aehm.es\\\/#organization\"},\"alternateName\":\"AEHM\",\"potentialAction\":[{\"@type\":\"SearchAction\",\"target\":{\"@type\":\"EntryPoint\",\"urlTemplate\":\"https:\\\/\\\/aehm.es\\\/?s={search_term_string}\"},\"query-input\":{\"@type\":\"PropertyValueSpecification\",\"valueRequired\":true,\"valueName\":\"search_term_string\"}}],\"inLanguage\":\"en-US\"},{\"@type\":\"Organization\",\"@id\":\"https:\\\/\\\/aehm.es\\\/#organization\",\"name\":\"Asociaci\u00f3n Empresarial Hotelera de Madrid\",\"url\":\"https:\\\/\\\/aehm.es\\\/\",\"logo\":{\"@type\":\"ImageObject\",\"inLanguage\":\"en-US\",\"@id\":\"https:\\\/\\\/aehm.es\\\/#\\\/schema\\\/logo\\\/image\\\/\",\"url\":\"https:\\\/\\\/aehm.es\\\/wp-content\\\/uploads\\\/2021\\\/11\\\/Logo_AEHM_Horiz.png\",\"contentUrl\":\"https:\\\/\\\/aehm.es\\\/wp-content\\\/uploads\\\/2021\\\/11\\\/Logo_AEHM_Horiz.png\",\"width\":600,\"height\":182,\"caption\":\"Asociaci\u00f3n Empresarial Hotelera de Madrid\"},\"image\":{\"@id\":\"https:\\\/\\\/aehm.es\\\/#\\\/schema\\\/logo\\\/image\\\/\"},\"sameAs\":[\"https:\\\/\\\/www.instagram.com\\\/hotelesdemadrid\\\/\",\"https:\\\/\\\/x.com\\\/HotelesAEHM\",\"https:\\\/\\\/www.linkedin.com\\\/company\\\/11166072\\\/\"]},{\"@type\":\"Person\",\"@id\":\"https:\\\/\\\/aehm.es\\\/#\\\/schema\\\/person\\\/ca1397f4b0bcee246b58a0278b67a95f\",\"name\":\"richard\",\"image\":{\"@type\":\"ImageObject\",\"inLanguage\":\"en-US\",\"@id\":\"https:\\\/\\\/secure.gravatar.com\\\/avatar\\\/dd2486a811ecc34bf766b7d8b17d0ea76674186c415867af39660e429e20e1a0?s=96&d=mm&r=g\",\"url\":\"https:\\\/\\\/secure.gravatar.com\\\/avatar\\\/dd2486a811ecc34bf766b7d8b17d0ea76674186c415867af39660e429e20e1a0?s=96&d=mm&r=g\",\"contentUrl\":\"https:\\\/\\\/secure.gravatar.com\\\/avatar\\\/dd2486a811ecc34bf766b7d8b17d0ea76674186c415867af39660e429e20e1a0?s=96&d=mm&r=g\",\"caption\":\"richard\"},\"url\":\"https:\\\/\\\/aehm.es\\\/en\\\/author\\\/richard\\\/\"}]}<\/script>\n<!-- \/ Yoast SEO plugin. -->","yoast_head_json":{"title":"La ocupaci\u00f3n media de los hoteles madrile\u00f1os durante agosto ha superado el 65%, un 22% m\u00e1s de lo estimado - AEHM","description":"La ocupaci\u00f3n hotelera de la Comunidad de Madrid durante el mes de agosto ha superado el 65%, mayor al 53% previsto a finales de julio por la Asociaci\u00f3n Empresarial Hotelera de Madrid (AEHM).","robots":{"index":"index","follow":"follow","max-snippet":"max-snippet:-1","max-image-preview":"max-image-preview:large","max-video-preview":"max-video-preview:-1"},"canonical":"https:\/\/aehm.es\/la-ocupacion-media-de-los-hoteles-madrilenos-durante-agosto-ha-superado-el-65-un-22-mas-de-lo-estimado\/","og_locale":"en_US","og_type":"article","og_title":"La ocupaci\u00f3n media de los hoteles madrile\u00f1os durante agosto ha superado el 65%, un 22% m\u00e1s de lo estimado","og_description":"La ocupaci\u00f3n hotelera de la Comunidad de Madrid durante el mes de agosto ha superado el 65%, mayor al 53% previsto a finales de julio por la Asociaci\u00f3n Empresarial Hotelera de Madrid (AEHM).","og_url":"https:\/\/aehm.es\/la-ocupacion-media-de-los-hoteles-madrilenos-durante-agosto-ha-superado-el-65-un-22-mas-de-lo-estimado\/","og_site_name":"AEHM","article_publisher":"https:\/\/www.instagram.com\/hotelesdemadrid\/","article_published_time":"2019-09-06T11:08:28+00:00","og_image":[{"width":3480,"height":2320,"url":"https:\/\/aehm.es\/wp-content\/uploads\/2019\/09\/spanish-flag-flying-at-an-old-building-PSQ25QJ-1-scaled.jpg","type":"image\/jpeg"}],"author":"richard","twitter_card":"summary_large_image","twitter_title":"La ocupaci\u00f3n media de los hoteles madrile\u00f1os durante agosto ha superado el 65%, un 22% m\u00e1s de lo estimado","twitter_description":"La ocupaci\u00f3n hotelera de la Comunidad de Madrid durante el mes de agosto ha superado el 65%, mayor al 53% previsto a finales de julio por la Asociaci\u00f3n Empresarial Hotelera de Madrid (AEHM).","twitter_image":"https:\/\/aehm.es\/wp-content\/uploads\/2019\/09\/spanish-flag-flying-at-an-old-building-PSQ25QJ-1-scaled.jpg","twitter_creator":"@HotelesAEHM","twitter_site":"@HotelesAEHM","twitter_misc":{"Written by":"richard","Est. reading time":"3 minutes"},"schema":{"@context":"https:\/\/schema.org","@graph":[{"@type":"Article","@id":"https:\/\/aehm.es\/la-ocupacion-media-de-los-hoteles-madrilenos-durante-agosto-ha-superado-el-65-un-22-mas-de-lo-estimado\/#article","isPartOf":{"@id":"https:\/\/aehm.es\/la-ocupacion-media-de-los-hoteles-madrilenos-durante-agosto-ha-superado-el-65-un-22-mas-de-lo-estimado\/"},"author":{"name":"richard","@id":"https:\/\/aehm.es\/#\/schema\/person\/ca1397f4b0bcee246b58a0278b67a95f"},"headline":"La ocupaci\u00f3n media de los hoteles madrile\u00f1os durante agosto ha superado el 65%, un 22% m\u00e1s de lo estimado","datePublished":"2019-09-06T11:08:28+00:00","mainEntityOfPage":{"@id":"https:\/\/aehm.es\/la-ocupacion-media-de-los-hoteles-madrilenos-durante-agosto-ha-superado-el-65-un-22-mas-de-lo-estimado\/"},"wordCount":539,"commentCount":0,"publisher":{"@id":"https:\/\/aehm.es\/#organization"},"image":{"@id":"https:\/\/aehm.es\/la-ocupacion-media-de-los-hoteles-madrilenos-durante-agosto-ha-superado-el-65-un-22-mas-de-lo-estimado\/#primaryimage"},"thumbnailUrl":"https:\/\/aehm.es\/wp-content\/uploads\/2019\/09\/spanish-flag-flying-at-an-old-building-PSQ25QJ-1-scaled.jpg","articleSection":["Actualidad AEHM"],"inLanguage":"en-US","potentialAction":[{"@type":"CommentAction","name":"Comment","target":["https:\/\/aehm.es\/la-ocupacion-media-de-los-hoteles-madrilenos-durante-agosto-ha-superado-el-65-un-22-mas-de-lo-estimado\/#respond"]}]},{"@type":"WebPage","@id":"https:\/\/aehm.es\/la-ocupacion-media-de-los-hoteles-madrilenos-durante-agosto-ha-superado-el-65-un-22-mas-de-lo-estimado\/","url":"https:\/\/aehm.es\/la-ocupacion-media-de-los-hoteles-madrilenos-durante-agosto-ha-superado-el-65-un-22-mas-de-lo-estimado\/","name":"La ocupaci\u00f3n media de los hoteles madrile\u00f1os durante agosto ha superado el 65%, un 22% m\u00e1s de lo estimado - AEHM","isPartOf":{"@id":"https:\/\/aehm.es\/#website"},"primaryImageOfPage":{"@id":"https:\/\/aehm.es\/la-ocupacion-media-de-los-hoteles-madrilenos-durante-agosto-ha-superado-el-65-un-22-mas-de-lo-estimado\/#primaryimage"},"image":{"@id":"https:\/\/aehm.es\/la-ocupacion-media-de-los-hoteles-madrilenos-durante-agosto-ha-superado-el-65-un-22-mas-de-lo-estimado\/#primaryimage"},"thumbnailUrl":"https:\/\/aehm.es\/wp-content\/uploads\/2019\/09\/spanish-flag-flying-at-an-old-building-PSQ25QJ-1-scaled.jpg","datePublished":"2019-09-06T11:08:28+00:00","description":"La ocupaci\u00f3n hotelera de la Comunidad de Madrid durante el mes de agosto ha superado el 65%, mayor al 53% previsto a finales de julio por la Asociaci\u00f3n Empresarial Hotelera de Madrid (AEHM).","breadcrumb":{"@id":"https:\/\/aehm.es\/la-ocupacion-media-de-los-hoteles-madrilenos-durante-agosto-ha-superado-el-65-un-22-mas-de-lo-estimado\/#breadcrumb"},"inLanguage":"en-US","potentialAction":[{"@type":"ReadAction","target":["https:\/\/aehm.es\/la-ocupacion-media-de-los-hoteles-madrilenos-durante-agosto-ha-superado-el-65-un-22-mas-de-lo-estimado\/"]}]},{"@type":"ImageObject","inLanguage":"en-US","@id":"https:\/\/aehm.es\/la-ocupacion-media-de-los-hoteles-madrilenos-durante-agosto-ha-superado-el-65-un-22-mas-de-lo-estimado\/#primaryimage","url":"https:\/\/aehm.es\/wp-content\/uploads\/2019\/09\/spanish-flag-flying-at-an-old-building-PSQ25QJ-1-scaled.jpg","contentUrl":"https:\/\/aehm.es\/wp-content\/uploads\/2019\/09\/spanish-flag-flying-at-an-old-building-PSQ25QJ-1-scaled.jpg","width":3480,"height":2320},{"@type":"BreadcrumbList","@id":"https:\/\/aehm.es\/la-ocupacion-media-de-los-hoteles-madrilenos-durante-agosto-ha-superado-el-65-un-22-mas-de-lo-estimado\/#breadcrumb","itemListElement":[{"@type":"ListItem","position":1,"name":"Portada","item":"https:\/\/aehm.es\/en\/"},{"@type":"ListItem","position":2,"name":"La ocupaci\u00f3n media de los hoteles madrile\u00f1os durante agosto ha superado el 65%, un 22% m\u00e1s de lo estimado"}]},{"@type":"WebSite","@id":"https:\/\/aehm.es\/#website","url":"https:\/\/aehm.es\/","name":"Asociaci\u00f3n Empresarial Hotelera de Madrid","description":"La Asociaci\u00f3n Empresarial Hotelera Madrid est\u00e1 formada por m\u00e1s de 300 establecimientos de todas las categor\u00edas y tipolog\u00edas (hoteles, hostales, hostels, apartamentos\u2026) que suman m\u00e1s de 75.000 plazas de alojamiento.","publisher":{"@id":"https:\/\/aehm.es\/#organization"},"alternateName":"AEHM","potentialAction":[{"@type":"SearchAction","target":{"@type":"EntryPoint","urlTemplate":"https:\/\/aehm.es\/?s={search_term_string}"},"query-input":{"@type":"PropertyValueSpecification","valueRequired":true,"valueName":"search_term_string"}}],"inLanguage":"en-US"},{"@type":"Organization","@id":"https:\/\/aehm.es\/#organization","name":"Asociaci\u00f3n Empresarial Hotelera de Madrid","url":"https:\/\/aehm.es\/","logo":{"@type":"ImageObject","inLanguage":"en-US","@id":"https:\/\/aehm.es\/#\/schema\/logo\/image\/","url":"https:\/\/aehm.es\/wp-content\/uploads\/2021\/11\/Logo_AEHM_Horiz.png","contentUrl":"https:\/\/aehm.es\/wp-content\/uploads\/2021\/11\/Logo_AEHM_Horiz.png","width":600,"height":182,"caption":"Asociaci\u00f3n Empresarial Hotelera de Madrid"},"image":{"@id":"https:\/\/aehm.es\/#\/schema\/logo\/image\/"},"sameAs":["https:\/\/www.instagram.com\/hotelesdemadrid\/","https:\/\/x.com\/HotelesAEHM","https:\/\/www.linkedin.com\/company\/11166072\/"]},{"@type":"Person","@id":"https:\/\/aehm.es\/#\/schema\/person\/ca1397f4b0bcee246b58a0278b67a95f","name":"richard","image":{"@type":"ImageObject","inLanguage":"en-US","@id":"https:\/\/secure.gravatar.com\/avatar\/dd2486a811ecc34bf766b7d8b17d0ea76674186c415867af39660e429e20e1a0?s=96&d=mm&r=g","url":"https:\/\/secure.gravatar.com\/avatar\/dd2486a811ecc34bf766b7d8b17d0ea76674186c415867af39660e429e20e1a0?s=96&d=mm&r=g","contentUrl":"https:\/\/secure.gravatar.com\/avatar\/dd2486a811ecc34bf766b7d8b17d0ea76674186c415867af39660e429e20e1a0?s=96&d=mm&r=g","caption":"richard"},"url":"https:\/\/aehm.es\/en\/author\/richard\/"}]}},"_links":{"self":[{"href":"https:\/\/aehm.es\/en\/wp-json\/wp\/v2\/posts\/6015","targetHints":{"allow":["GET"]}}],"collection":[{"href":"https:\/\/aehm.es\/en\/wp-json\/wp\/v2\/posts"}],"about":[{"href":"https:\/\/aehm.es\/en\/wp-json\/wp\/v2\/types\/post"}],"author":[{"embeddable":true,"href":"https:\/\/aehm.es\/en\/wp-json\/wp\/v2\/users\/1"}],"replies":[{"embeddable":true,"href":"https:\/\/aehm.es\/en\/wp-json\/wp\/v2\/comments?post=6015"}],"version-history":[{"count":0,"href":"https:\/\/aehm.es\/en\/wp-json\/wp\/v2\/posts\/6015\/revisions"}],"wp:featuredmedia":[{"embeddable":true,"href":"https:\/\/aehm.es\/en\/wp-json\/wp\/v2\/media\/6016"}],"wp:attachment":[{"href":"https:\/\/aehm.es\/en\/wp-json\/wp\/v2\/media?parent=6015"}],"wp:term":[{"taxonomy":"category","embeddable":true,"href":"https:\/\/aehm.es\/en\/wp-json\/wp\/v2\/categories?post=6015"},{"taxonomy":"post_tag","embeddable":true,"href":"https:\/\/aehm.es\/en\/wp-json\/wp\/v2\/tags?post=6015"}],"curies":[{"name":"wp","href":"https:\/\/api.w.org\/{rel}","templated":true}]}}