{"id":5977,"date":"2019-07-30T08:41:28","date_gmt":"2019-07-30T08:41:28","guid":{"rendered":"https:\/\/aehm.es\/?p=5977"},"modified":"2019-07-30T08:41:28","modified_gmt":"2019-07-30T08:41:28","slug":"madrid-hotel-week-en-su-tercera-edicion-se-consolida-como-el-evento-del-sector-con-mas-establecimientos-participantes-y-actividades-a-tres-meses-de-su-inicio","status":"publish","type":"post","link":"https:\/\/aehm.es\/en\/madrid-hotel-week-en-su-tercera-edicion-se-consolida-como-el-evento-del-sector-con-mas-establecimientos-participantes-y-actividades-a-tres-meses-de-su-inicio\/","title":{"rendered":"\u2018Madrid Hotel Week\u2019 en su tercera edici\u00f3n se consolida como el evento del sector con m\u00e1s establecimientos participantes y actividades a tres meses de su inicio"},"content":{"rendered":"<ul>\n<li><strong>A fecha de hoy, el n\u00famero de hoteles que se han sumado a esta iniciativa promovida por la Asociaci\u00f3n Empresarial Hotelera de Madrid (AEHM) supera al del a\u00f1o pasado, al igual que la cantidad de acciones propuestas<\/strong><\/li>\n<\/ul>\n<ul>\n<li><strong>Bajo el claim <em>\u2018Pide tu Deseo\u2019<\/em>, este evento convertir\u00e1 durante una semana a los establecimientos de Madrid en espacios en los que ciudadanos y turistas podr\u00e1n hacer realidad algunos de sus sue\u00f1os<\/strong><\/li>\n<\/ul>\n<ul>\n<li><strong>Una cena secreta en diferentes estancias de un hotel, una visita a un museo de autom\u00f3viles antiguos en el interior de un establecimiento que recorre la historia de Madrid a trav\u00e9s de sus piezas expuestas, un concurso de pintura, una \u2018beauty party\u2019, microteatro o cine solidario son algunas de las actividades de este a\u00f1o<\/strong><\/li>\n<\/ul>\n<p><strong>Madrid, 30 de julio de 2019.- <\/strong>La tercera edici\u00f3n de <strong>\u2018Madrid Hotel Week\u2019<\/strong>, iniciativa promovida por la <strong>Asociaci\u00f3n Empresarial Hotelera de Madrid<\/strong> (AEHM), <strong>se consolida como el evento del sector<\/strong> al contar con un <strong>mayor n\u00famero de establecimientos participantes<\/strong>, as\u00ed como de <strong>actividades e instituciones colaboradoras<\/strong> a tres meses de su inicio.<\/p>\n<p><img fetchpriority=\"high\" decoding=\"async\" class=\"aligncenter wp-image-5978 size-full\" src=\"https:\/\/aehm.es\/wp-content\/uploads\/2019\/07\/logo_226.jpg\" alt=\"\" width=\"650\" height=\"340\" \/><\/p>\n<p><em>\u201cEn 2018 participaron m\u00e1s 50 hoteles y se realizaron m\u00e1s de 100 actividades en diferentes establecimientos de todo Madrid. Que ya hayamos <\/em><em>superado <\/em><em>estas cifras es todo un \u00e9xito y una muestra clara de que el sector apuesta por ofrecer un producto diferencial con el que atraer a madrile\u00f1os y visitantes\u201d,<\/em> han se\u00f1alado desde la AEHM.<strong>\u00a0 <\/strong><\/p>\n<p>Este a\u00f1o, la Asociaci\u00f3n ha apostado por una edici\u00f3n <strong>m\u00e1s sorprende y experiencial<\/strong> con la que quiere dar a conocer el rol que juega este sector a la hora <strong>de impulsar la imagen de Madrid y la de sus hoteles <\/strong>que, a <strong>trav\u00e9s de acciones como esta<\/strong>, se han <strong>convertido en un atractivo m\u00e1s del destino<\/strong> gracias a las m\u00faltiples posibilidades que ofrecen m\u00e1s all\u00e1 del alojamiento.<\/p>\n<blockquote><p><em>\u201cHemos escogido este lema porque todos tenemos deseos que nos gustar\u00edan cumplir. \u2018Madrid Hotel Week\u2019 permitir\u00e1 hacer realidad algunos de estos sue\u00f1os gracias a las sorprendentes y novedosas actividades&#8230;&#8221;<\/em><\/p><\/blockquote>\n<p>Tras <em>\u2018\u00bfEn tu hotel o en el m\u00edo?\u2019<\/em> y <em>\u2018Mejor que en Casa\u2019<\/em>, el <em>claim<\/em> elegido en esta ocasi\u00f3n es <em>\u2018Pide tu Deseo\u2019<\/em>. <em>\u201cHemos escogido este lema porque todos tenemos deseos que nos gustar\u00edan cumplir. \u2018Madrid Hotel Week\u2019 permitir\u00e1 hacer realidad algunos de estos sue\u00f1os gracias a las sorprendentes y novedosas actividades que se podr\u00e1n disfrutar en diferentes espacios de hoteles no solo de la capital, sino tambi\u00e9n de municipios como Las Rozas, Collado Villaba o Alcal\u00e1 de Henares, entre otros<\/em>\u201d.<\/p>\n<p>Al igual que en ediciones anteriores, los <strong>tres primeros d\u00edas<\/strong> (lunes 11, martes 12 y mi\u00e9rcoles 13 de noviembre) <strong>estar\u00e1n destinados a los profesionales del sector<\/strong>, quienes podr\u00e1n asistir a diferentes mesas de debate y conferencias como las que ofrecer\u00e1, por ejemplo, Booking, El Corte Ingl\u00e9s Empresas, las consultora STR Global y CBRE o Caixa Bank.<\/p>\n<div id='gallery-1' class='gallery galleryid-5977 gallery-columns-2 gallery-size-thumbnail'><figure class='gallery-item'>\n\t\t\t<div class='gallery-icon landscape'>\n\t\t\t\t<a href='https:\/\/aehm.es\/en\/mhw\/'><img decoding=\"async\" width=\"150\" height=\"150\" src=\"https:\/\/aehm.es\/wp-content\/uploads\/2019\/07\/MHW-1-150x150.jpg\" class=\"attachment-thumbnail size-thumbnail\" alt=\"\" \/><\/a>\n\t\t\t<\/div><\/figure><figure class='gallery-item'>\n\t\t\t<div class='gallery-icon landscape'>\n\t\t\t\t<a href='https:\/\/aehm.es\/en\/mhw-2\/'><img decoding=\"async\" width=\"150\" height=\"150\" src=\"https:\/\/aehm.es\/wp-content\/uploads\/2019\/07\/MHW-2-1-150x150.jpg\" class=\"attachment-thumbnail size-thumbnail\" alt=\"\" \/><\/a>\n\t\t\t<\/div><\/figure>\n\t\t<\/div>\n\n<p>Ser\u00e1 a partir del <strong>jueves 14 de noviembre y hasta el domingo 17 cuando los hoteles abran sus puertas a todos los p\u00fablicos con una amplia variedad de actividades <\/strong>entre las que se repetir\u00e1n algunas de las tuvieron mayor \u00e9xito el pasado a\u00f1o. Atrayentes propuestas <strong>gastron\u00f3micas<\/strong>; <strong>experiencias sensoriales <\/strong>con originales elaboraciones culinarias; <strong>c\u00f3cteles<\/strong> de vanguardia; <strong>masterclass<\/strong> para ni\u00f1os y adultos; <strong>visitas guiadas<\/strong> por hoteles emblem\u00e1ticos de la ciudad, as\u00ed como de reci\u00e9n apertura; exposiciones de <strong>arte y moda<\/strong>; <strong>cine solidario<\/strong>; una gymkana familiar; <strong>microteatro<\/strong>; <strong>conciertos solidarios<\/strong>; <strong>actuaciones musicales en directo<\/strong> o <strong>experiencias en espacios wellness<\/strong>, son algunas de las propuestas que se podr\u00e1n encontrar en \u2018Madrid Hotel Week\u2019 2019.<\/p>\n<p>Por ejemplo, aquellos que lo deseen podr\u00e1n disfrutar de una <strong>cena secreta<\/strong> en diferentes estancias de un hotel, <strong>visitar un museo de autom\u00f3viles antiguos<\/strong> en el interior de un establecimiento que recorre la historia de Madrid a trav\u00e9s de sus piezas expuestas o participar un concurso de pintura con un premio especial para el ganador. Los amantes de la moda y del teatro tendr\u00e1n la oportunidad de <strong>conocer de primera mano el vestuario que se utiliza en muchos de los musicales<\/strong> de la capital y las personas que disfruten cuid\u00e1ndose podr\u00e1n disfrutar de una <strong>\u2018beauty party\u2019<\/strong>. Adem\u00e1s, tambi\u00e9n ser\u00e1 posible observar el<strong> firmamento<\/strong> mientras se degusta de una tapa elaborada para la ocasi\u00f3n, asistir a una <strong>muestra de product design<\/strong>, participar en un <strong>juego de pistas, enigmas y acertijos<\/strong> o ver <strong>espacios hoteleros ef\u00edmeros en distintos puntos de la ciudad <\/strong>gracias al trabajo desarrollado por los estudiantes del Grado en Dise\u00f1o de Interiores de la <strong>Universidad Polit\u00e9cnica<\/strong><\/p>\n<p><img loading=\"lazy\" decoding=\"async\" class=\"aligncenter wp-image-5986 size-full\" src=\"https:\/\/aehm.es\/wp-content\/uploads\/2019\/07\/Running-Solidario-2017.jpg\" alt=\"\" width=\"800\" height=\"419\" \/><\/p>\n<p>Para esta tercera edici\u00f3n de \u2018Madrid Hotel Week\u2019 la Asociaci\u00f3n Empresarial Hotelera de Madrid ha vuelto a contar con el apoyo del <strong>\u00c1rea de Turismo del Ayuntamiento de Madrid<\/strong>, la <em><strong>Direcci\u00f3n General<\/strong><\/em><strong>\u00a0de\u00a0<em>Comercio<\/em>\u00a0y\u00a0<em>Partenariado<\/em><\/strong><em>, <strong>Patrimonio Nacional<\/strong>, as\u00ed como de otras instituciones privadas que <\/em>han visto en esta iniciativa una oportunidad para ofrecer a madrile\u00f1os y turistas la posibilidad de vivir nuevas experiencias y de conocer Madrid como destino.<\/p>\n<p>El <strong>Museo Thyssen-Bornemisza,<\/strong> <strong>Museo Sorolla<\/strong>, el <strong>L\u00e1zaro Galdiano<\/strong> o el <strong>Colegio Oficial de Arquitectos de Madrid<\/strong>\u00a0(COAM) tambi\u00e9n tendr\u00e1n protagonismo en este evento, que adem\u00e1s contar\u00e1 con la colaboraci\u00f3n especial de <strong>Mastercard<\/strong>, <strong>Mahou<\/strong>, <strong>Las Rozas Village<\/strong> o <strong>Celeste <\/strong>a los que se sumar\u00e1n m\u00e1s participantes durante las pr\u00f3ximas semanas.<\/p>\n","protected":false},"excerpt":{"rendered":"<p>A fecha de hoy, el n\u00famero de hoteles que se han sumado a esta iniciativa promovida por la Asociaci\u00f3n Empresarial Hotelera de Madrid (AEHM) supera al del a\u00f1o pasado, al igual que la cantidad de acciones propuestas Bajo el claim \u2018Pide tu Deseo\u2019, este evento convertir\u00e1 durante una semana a los establecimientos de Madrid en [&hellip;]<\/p>\n","protected":false},"author":1,"featured_media":5984,"comment_status":"open","ping_status":"open","sticky":false,"template":"","format":"standard","meta":{"footnotes":""},"categories":[1],"tags":[],"class_list":["post-5977","post","type-post","status-publish","format-standard","has-post-thumbnail","hentry","category-actualidad-aehm"],"yoast_head":"<!-- This site is optimized with the Yoast SEO plugin v27.5 - https:\/\/yoast.com\/product\/yoast-seo-wordpress\/ -->\n<title>\u2018Madrid Hotel Week\u2019 en su tercera edici\u00f3n se consolida como el evento del sector con m\u00e1s establecimientos participantes y actividades a tres meses de su inicio - AEHM<\/title>\n<meta name=\"description\" content=\"Bajo el claim \u2018Pide tu Deseo\u2019, Madrid Hotel Week convertir\u00e1 a los establecimientos de Madrid en espacios en los que todos podr\u00e1n hacer realidad sus sue\u00f1os.\" \/>\n<meta name=\"robots\" content=\"index, follow, max-snippet:-1, max-image-preview:large, max-video-preview:-1\" \/>\n<link rel=\"canonical\" href=\"https:\/\/aehm.es\/madrid-hotel-week-en-su-tercera-edicion-se-consolida-como-el-evento-del-sector-con-mas-establecimientos-participantes-y-actividades-a-tres-meses-de-su-inicio\/\" \/>\n<meta property=\"og:locale\" content=\"en_US\" \/>\n<meta property=\"og:type\" content=\"article\" \/>\n<meta property=\"og:title\" content=\"\u2018Madrid Hotel Week\u2019 en su tercera edici\u00f3n se consolida como el evento del sector con m\u00e1s establecimientos participantes y actividades a tres meses de su inicio\" \/>\n<meta property=\"og:description\" content=\"Bajo el claim \u2018Pide tu Deseo\u2019, Madrid Hotel Week convertir\u00e1 a los establecimientos de Madrid en espacios en los que todos podr\u00e1n hacer realidad sus sue\u00f1os.\" \/>\n<meta property=\"og:url\" content=\"https:\/\/aehm.es\/madrid-hotel-week-en-su-tercera-edicion-se-consolida-como-el-evento-del-sector-con-mas-establecimientos-participantes-y-actividades-a-tres-meses-de-su-inicio\/\" \/>\n<meta property=\"og:site_name\" content=\"AEHM\" \/>\n<meta property=\"article:publisher\" content=\"https:\/\/www.instagram.com\/hotelesdemadrid\/\" \/>\n<meta property=\"article:published_time\" content=\"2019-07-30T08:41:28+00:00\" \/>\n<meta property=\"og:image\" content=\"https:\/\/aehm.es\/wp-content\/uploads\/2019\/07\/Oferta-gastronomica.jpg\" \/>\n\t<meta property=\"og:image:width\" content=\"1079\" \/>\n\t<meta property=\"og:image:height\" content=\"720\" \/>\n\t<meta property=\"og:image:type\" content=\"image\/jpeg\" \/>\n<meta name=\"author\" content=\"richard\" \/>\n<meta name=\"twitter:card\" content=\"summary_large_image\" \/>\n<meta name=\"twitter:title\" content=\"\u2018Madrid Hotel Week\u2019 en su tercera edici\u00f3n se consolida como el evento del sector con m\u00e1s establecimientos participantes y actividades a tres meses de su inicio\" \/>\n<meta name=\"twitter:description\" content=\"Bajo el claim \u2018Pide tu Deseo\u2019, Madrid Hotel Week convertir\u00e1 a los establecimientos de Madrid en espacios en los que todos podr\u00e1n hacer realidad sus sue\u00f1os.\" \/>\n<meta name=\"twitter:image\" content=\"https:\/\/aehm.es\/wp-content\/uploads\/2019\/07\/Oferta-gastronomica.jpg\" \/>\n<meta name=\"twitter:creator\" content=\"@HotelesAEHM\" \/>\n<meta name=\"twitter:site\" content=\"@HotelesAEHM\" \/>\n<meta name=\"twitter:label1\" content=\"Written by\" \/>\n\t<meta name=\"twitter:data1\" content=\"richard\" \/>\n\t<meta name=\"twitter:label2\" content=\"Est. reading time\" \/>\n\t<meta name=\"twitter:data2\" content=\"5 minutes\" \/>\n<script type=\"application\/ld+json\" class=\"yoast-schema-graph\">{\"@context\":\"https:\\\/\\\/schema.org\",\"@graph\":[{\"@type\":\"Article\",\"@id\":\"https:\\\/\\\/aehm.es\\\/madrid-hotel-week-en-su-tercera-edicion-se-consolida-como-el-evento-del-sector-con-mas-establecimientos-participantes-y-actividades-a-tres-meses-de-su-inicio\\\/#article\",\"isPartOf\":{\"@id\":\"https:\\\/\\\/aehm.es\\\/madrid-hotel-week-en-su-tercera-edicion-se-consolida-como-el-evento-del-sector-con-mas-establecimientos-participantes-y-actividades-a-tres-meses-de-su-inicio\\\/\"},\"author\":{\"name\":\"richard\",\"@id\":\"https:\\\/\\\/aehm.es\\\/#\\\/schema\\\/person\\\/ca1397f4b0bcee246b58a0278b67a95f\"},\"headline\":\"\u2018Madrid Hotel Week\u2019 en su tercera edici\u00f3n se consolida como el evento del sector con m\u00e1s establecimientos participantes y actividades a tres meses de su inicio\",\"datePublished\":\"2019-07-30T08:41:28+00:00\",\"mainEntityOfPage\":{\"@id\":\"https:\\\/\\\/aehm.es\\\/madrid-hotel-week-en-su-tercera-edicion-se-consolida-como-el-evento-del-sector-con-mas-establecimientos-participantes-y-actividades-a-tres-meses-de-su-inicio\\\/\"},\"wordCount\":939,\"commentCount\":0,\"publisher\":{\"@id\":\"https:\\\/\\\/aehm.es\\\/#organization\"},\"image\":{\"@id\":\"https:\\\/\\\/aehm.es\\\/madrid-hotel-week-en-su-tercera-edicion-se-consolida-como-el-evento-del-sector-con-mas-establecimientos-participantes-y-actividades-a-tres-meses-de-su-inicio\\\/#primaryimage\"},\"thumbnailUrl\":\"https:\\\/\\\/aehm.es\\\/wp-content\\\/uploads\\\/2019\\\/07\\\/Oferta-gastronomica.jpg\",\"articleSection\":[\"Actualidad AEHM\"],\"inLanguage\":\"en-US\",\"potentialAction\":[{\"@type\":\"CommentAction\",\"name\":\"Comment\",\"target\":[\"https:\\\/\\\/aehm.es\\\/madrid-hotel-week-en-su-tercera-edicion-se-consolida-como-el-evento-del-sector-con-mas-establecimientos-participantes-y-actividades-a-tres-meses-de-su-inicio\\\/#respond\"]}]},{\"@type\":\"WebPage\",\"@id\":\"https:\\\/\\\/aehm.es\\\/madrid-hotel-week-en-su-tercera-edicion-se-consolida-como-el-evento-del-sector-con-mas-establecimientos-participantes-y-actividades-a-tres-meses-de-su-inicio\\\/\",\"url\":\"https:\\\/\\\/aehm.es\\\/madrid-hotel-week-en-su-tercera-edicion-se-consolida-como-el-evento-del-sector-con-mas-establecimientos-participantes-y-actividades-a-tres-meses-de-su-inicio\\\/\",\"name\":\"\u2018Madrid Hotel Week\u2019 en su tercera edici\u00f3n se consolida como el evento del sector con m\u00e1s establecimientos participantes y actividades a tres meses de su inicio - AEHM\",\"isPartOf\":{\"@id\":\"https:\\\/\\\/aehm.es\\\/#website\"},\"primaryImageOfPage\":{\"@id\":\"https:\\\/\\\/aehm.es\\\/madrid-hotel-week-en-su-tercera-edicion-se-consolida-como-el-evento-del-sector-con-mas-establecimientos-participantes-y-actividades-a-tres-meses-de-su-inicio\\\/#primaryimage\"},\"image\":{\"@id\":\"https:\\\/\\\/aehm.es\\\/madrid-hotel-week-en-su-tercera-edicion-se-consolida-como-el-evento-del-sector-con-mas-establecimientos-participantes-y-actividades-a-tres-meses-de-su-inicio\\\/#primaryimage\"},\"thumbnailUrl\":\"https:\\\/\\\/aehm.es\\\/wp-content\\\/uploads\\\/2019\\\/07\\\/Oferta-gastronomica.jpg\",\"datePublished\":\"2019-07-30T08:41:28+00:00\",\"description\":\"Bajo el claim \u2018Pide tu Deseo\u2019, Madrid Hotel Week convertir\u00e1 a los establecimientos de Madrid en espacios en los que todos podr\u00e1n hacer realidad sus sue\u00f1os.\",\"breadcrumb\":{\"@id\":\"https:\\\/\\\/aehm.es\\\/madrid-hotel-week-en-su-tercera-edicion-se-consolida-como-el-evento-del-sector-con-mas-establecimientos-participantes-y-actividades-a-tres-meses-de-su-inicio\\\/#breadcrumb\"},\"inLanguage\":\"en-US\",\"potentialAction\":[{\"@type\":\"ReadAction\",\"target\":[\"https:\\\/\\\/aehm.es\\\/madrid-hotel-week-en-su-tercera-edicion-se-consolida-como-el-evento-del-sector-con-mas-establecimientos-participantes-y-actividades-a-tres-meses-de-su-inicio\\\/\"]}]},{\"@type\":\"ImageObject\",\"inLanguage\":\"en-US\",\"@id\":\"https:\\\/\\\/aehm.es\\\/madrid-hotel-week-en-su-tercera-edicion-se-consolida-como-el-evento-del-sector-con-mas-establecimientos-participantes-y-actividades-a-tres-meses-de-su-inicio\\\/#primaryimage\",\"url\":\"https:\\\/\\\/aehm.es\\\/wp-content\\\/uploads\\\/2019\\\/07\\\/Oferta-gastronomica.jpg\",\"contentUrl\":\"https:\\\/\\\/aehm.es\\\/wp-content\\\/uploads\\\/2019\\\/07\\\/Oferta-gastronomica.jpg\",\"width\":1079,\"height\":720},{\"@type\":\"BreadcrumbList\",\"@id\":\"https:\\\/\\\/aehm.es\\\/madrid-hotel-week-en-su-tercera-edicion-se-consolida-como-el-evento-del-sector-con-mas-establecimientos-participantes-y-actividades-a-tres-meses-de-su-inicio\\\/#breadcrumb\",\"itemListElement\":[{\"@type\":\"ListItem\",\"position\":1,\"name\":\"Portada\",\"item\":\"https:\\\/\\\/aehm.es\\\/en\\\/\"},{\"@type\":\"ListItem\",\"position\":2,\"name\":\"\u2018Madrid Hotel Week\u2019 en su tercera edici\u00f3n se consolida como el evento del sector con m\u00e1s establecimientos participantes y actividades a tres meses de su inicio\"}]},{\"@type\":\"WebSite\",\"@id\":\"https:\\\/\\\/aehm.es\\\/#website\",\"url\":\"https:\\\/\\\/aehm.es\\\/\",\"name\":\"Asociaci\u00f3n Empresarial Hotelera de Madrid\",\"description\":\"La Asociaci\u00f3n Empresarial Hotelera Madrid est\u00e1 formada por m\u00e1s de 300 establecimientos de todas las categor\u00edas y tipolog\u00edas (hoteles, hostales, hostels, apartamentos\u2026) que suman m\u00e1s de 75.000 plazas de alojamiento.\",\"publisher\":{\"@id\":\"https:\\\/\\\/aehm.es\\\/#organization\"},\"alternateName\":\"AEHM\",\"potentialAction\":[{\"@type\":\"SearchAction\",\"target\":{\"@type\":\"EntryPoint\",\"urlTemplate\":\"https:\\\/\\\/aehm.es\\\/?s={search_term_string}\"},\"query-input\":{\"@type\":\"PropertyValueSpecification\",\"valueRequired\":true,\"valueName\":\"search_term_string\"}}],\"inLanguage\":\"en-US\"},{\"@type\":\"Organization\",\"@id\":\"https:\\\/\\\/aehm.es\\\/#organization\",\"name\":\"Asociaci\u00f3n Empresarial Hotelera de Madrid\",\"url\":\"https:\\\/\\\/aehm.es\\\/\",\"logo\":{\"@type\":\"ImageObject\",\"inLanguage\":\"en-US\",\"@id\":\"https:\\\/\\\/aehm.es\\\/#\\\/schema\\\/logo\\\/image\\\/\",\"url\":\"https:\\\/\\\/aehm.es\\\/wp-content\\\/uploads\\\/2021\\\/11\\\/Logo_AEHM_Horiz.png\",\"contentUrl\":\"https:\\\/\\\/aehm.es\\\/wp-content\\\/uploads\\\/2021\\\/11\\\/Logo_AEHM_Horiz.png\",\"width\":600,\"height\":182,\"caption\":\"Asociaci\u00f3n Empresarial Hotelera de Madrid\"},\"image\":{\"@id\":\"https:\\\/\\\/aehm.es\\\/#\\\/schema\\\/logo\\\/image\\\/\"},\"sameAs\":[\"https:\\\/\\\/www.instagram.com\\\/hotelesdemadrid\\\/\",\"https:\\\/\\\/x.com\\\/HotelesAEHM\",\"https:\\\/\\\/www.linkedin.com\\\/company\\\/11166072\\\/\"]},{\"@type\":\"Person\",\"@id\":\"https:\\\/\\\/aehm.es\\\/#\\\/schema\\\/person\\\/ca1397f4b0bcee246b58a0278b67a95f\",\"name\":\"richard\",\"image\":{\"@type\":\"ImageObject\",\"inLanguage\":\"en-US\",\"@id\":\"https:\\\/\\\/secure.gravatar.com\\\/avatar\\\/dd2486a811ecc34bf766b7d8b17d0ea76674186c415867af39660e429e20e1a0?s=96&d=mm&r=g\",\"url\":\"https:\\\/\\\/secure.gravatar.com\\\/avatar\\\/dd2486a811ecc34bf766b7d8b17d0ea76674186c415867af39660e429e20e1a0?s=96&d=mm&r=g\",\"contentUrl\":\"https:\\\/\\\/secure.gravatar.com\\\/avatar\\\/dd2486a811ecc34bf766b7d8b17d0ea76674186c415867af39660e429e20e1a0?s=96&d=mm&r=g\",\"caption\":\"richard\"},\"url\":\"https:\\\/\\\/aehm.es\\\/en\\\/author\\\/richard\\\/\"}]}<\/script>\n<!-- \/ Yoast SEO plugin. -->","yoast_head_json":{"title":"\u2018Madrid Hotel Week\u2019 en su tercera edici\u00f3n se consolida como el evento del sector con m\u00e1s establecimientos participantes y actividades a tres meses de su inicio - AEHM","description":"Bajo el claim \u2018Pide tu Deseo\u2019, Madrid Hotel Week convertir\u00e1 a los establecimientos de Madrid en espacios en los que todos podr\u00e1n hacer realidad sus sue\u00f1os.","robots":{"index":"index","follow":"follow","max-snippet":"max-snippet:-1","max-image-preview":"max-image-preview:large","max-video-preview":"max-video-preview:-1"},"canonical":"https:\/\/aehm.es\/madrid-hotel-week-en-su-tercera-edicion-se-consolida-como-el-evento-del-sector-con-mas-establecimientos-participantes-y-actividades-a-tres-meses-de-su-inicio\/","og_locale":"en_US","og_type":"article","og_title":"\u2018Madrid Hotel Week\u2019 en su tercera edici\u00f3n se consolida como el evento del sector con m\u00e1s establecimientos participantes y actividades a tres meses de su inicio","og_description":"Bajo el claim \u2018Pide tu Deseo\u2019, Madrid Hotel Week convertir\u00e1 a los establecimientos de Madrid en espacios en los que todos podr\u00e1n hacer realidad sus sue\u00f1os.","og_url":"https:\/\/aehm.es\/madrid-hotel-week-en-su-tercera-edicion-se-consolida-como-el-evento-del-sector-con-mas-establecimientos-participantes-y-actividades-a-tres-meses-de-su-inicio\/","og_site_name":"AEHM","article_publisher":"https:\/\/www.instagram.com\/hotelesdemadrid\/","article_published_time":"2019-07-30T08:41:28+00:00","og_image":[{"width":1079,"height":720,"url":"https:\/\/aehm.es\/wp-content\/uploads\/2019\/07\/Oferta-gastronomica.jpg","type":"image\/jpeg"}],"author":"richard","twitter_card":"summary_large_image","twitter_title":"\u2018Madrid Hotel Week\u2019 en su tercera edici\u00f3n se consolida como el evento del sector con m\u00e1s establecimientos participantes y actividades a tres meses de su inicio","twitter_description":"Bajo el claim \u2018Pide tu Deseo\u2019, Madrid Hotel Week convertir\u00e1 a los establecimientos de Madrid en espacios en los que todos podr\u00e1n hacer realidad sus sue\u00f1os.","twitter_image":"https:\/\/aehm.es\/wp-content\/uploads\/2019\/07\/Oferta-gastronomica.jpg","twitter_creator":"@HotelesAEHM","twitter_site":"@HotelesAEHM","twitter_misc":{"Written by":"richard","Est. reading time":"5 minutes"},"schema":{"@context":"https:\/\/schema.org","@graph":[{"@type":"Article","@id":"https:\/\/aehm.es\/madrid-hotel-week-en-su-tercera-edicion-se-consolida-como-el-evento-del-sector-con-mas-establecimientos-participantes-y-actividades-a-tres-meses-de-su-inicio\/#article","isPartOf":{"@id":"https:\/\/aehm.es\/madrid-hotel-week-en-su-tercera-edicion-se-consolida-como-el-evento-del-sector-con-mas-establecimientos-participantes-y-actividades-a-tres-meses-de-su-inicio\/"},"author":{"name":"richard","@id":"https:\/\/aehm.es\/#\/schema\/person\/ca1397f4b0bcee246b58a0278b67a95f"},"headline":"\u2018Madrid Hotel Week\u2019 en su tercera edici\u00f3n se consolida como el evento del sector con m\u00e1s establecimientos participantes y actividades a tres meses de su inicio","datePublished":"2019-07-30T08:41:28+00:00","mainEntityOfPage":{"@id":"https:\/\/aehm.es\/madrid-hotel-week-en-su-tercera-edicion-se-consolida-como-el-evento-del-sector-con-mas-establecimientos-participantes-y-actividades-a-tres-meses-de-su-inicio\/"},"wordCount":939,"commentCount":0,"publisher":{"@id":"https:\/\/aehm.es\/#organization"},"image":{"@id":"https:\/\/aehm.es\/madrid-hotel-week-en-su-tercera-edicion-se-consolida-como-el-evento-del-sector-con-mas-establecimientos-participantes-y-actividades-a-tres-meses-de-su-inicio\/#primaryimage"},"thumbnailUrl":"https:\/\/aehm.es\/wp-content\/uploads\/2019\/07\/Oferta-gastronomica.jpg","articleSection":["Actualidad AEHM"],"inLanguage":"en-US","potentialAction":[{"@type":"CommentAction","name":"Comment","target":["https:\/\/aehm.es\/madrid-hotel-week-en-su-tercera-edicion-se-consolida-como-el-evento-del-sector-con-mas-establecimientos-participantes-y-actividades-a-tres-meses-de-su-inicio\/#respond"]}]},{"@type":"WebPage","@id":"https:\/\/aehm.es\/madrid-hotel-week-en-su-tercera-edicion-se-consolida-como-el-evento-del-sector-con-mas-establecimientos-participantes-y-actividades-a-tres-meses-de-su-inicio\/","url":"https:\/\/aehm.es\/madrid-hotel-week-en-su-tercera-edicion-se-consolida-como-el-evento-del-sector-con-mas-establecimientos-participantes-y-actividades-a-tres-meses-de-su-inicio\/","name":"\u2018Madrid Hotel Week\u2019 en su tercera edici\u00f3n se consolida como el evento del sector con m\u00e1s establecimientos participantes y actividades a tres meses de su inicio - AEHM","isPartOf":{"@id":"https:\/\/aehm.es\/#website"},"primaryImageOfPage":{"@id":"https:\/\/aehm.es\/madrid-hotel-week-en-su-tercera-edicion-se-consolida-como-el-evento-del-sector-con-mas-establecimientos-participantes-y-actividades-a-tres-meses-de-su-inicio\/#primaryimage"},"image":{"@id":"https:\/\/aehm.es\/madrid-hotel-week-en-su-tercera-edicion-se-consolida-como-el-evento-del-sector-con-mas-establecimientos-participantes-y-actividades-a-tres-meses-de-su-inicio\/#primaryimage"},"thumbnailUrl":"https:\/\/aehm.es\/wp-content\/uploads\/2019\/07\/Oferta-gastronomica.jpg","datePublished":"2019-07-30T08:41:28+00:00","description":"Bajo el claim \u2018Pide tu Deseo\u2019, Madrid Hotel Week convertir\u00e1 a los establecimientos de Madrid en espacios en los que todos podr\u00e1n hacer realidad sus sue\u00f1os.","breadcrumb":{"@id":"https:\/\/aehm.es\/madrid-hotel-week-en-su-tercera-edicion-se-consolida-como-el-evento-del-sector-con-mas-establecimientos-participantes-y-actividades-a-tres-meses-de-su-inicio\/#breadcrumb"},"inLanguage":"en-US","potentialAction":[{"@type":"ReadAction","target":["https:\/\/aehm.es\/madrid-hotel-week-en-su-tercera-edicion-se-consolida-como-el-evento-del-sector-con-mas-establecimientos-participantes-y-actividades-a-tres-meses-de-su-inicio\/"]}]},{"@type":"ImageObject","inLanguage":"en-US","@id":"https:\/\/aehm.es\/madrid-hotel-week-en-su-tercera-edicion-se-consolida-como-el-evento-del-sector-con-mas-establecimientos-participantes-y-actividades-a-tres-meses-de-su-inicio\/#primaryimage","url":"https:\/\/aehm.es\/wp-content\/uploads\/2019\/07\/Oferta-gastronomica.jpg","contentUrl":"https:\/\/aehm.es\/wp-content\/uploads\/2019\/07\/Oferta-gastronomica.jpg","width":1079,"height":720},{"@type":"BreadcrumbList","@id":"https:\/\/aehm.es\/madrid-hotel-week-en-su-tercera-edicion-se-consolida-como-el-evento-del-sector-con-mas-establecimientos-participantes-y-actividades-a-tres-meses-de-su-inicio\/#breadcrumb","itemListElement":[{"@type":"ListItem","position":1,"name":"Portada","item":"https:\/\/aehm.es\/en\/"},{"@type":"ListItem","position":2,"name":"\u2018Madrid Hotel Week\u2019 en su tercera edici\u00f3n se consolida como el evento del sector con m\u00e1s establecimientos participantes y actividades a tres meses de su inicio"}]},{"@type":"WebSite","@id":"https:\/\/aehm.es\/#website","url":"https:\/\/aehm.es\/","name":"Asociaci\u00f3n Empresarial Hotelera de Madrid","description":"La Asociaci\u00f3n Empresarial Hotelera Madrid est\u00e1 formada por m\u00e1s de 300 establecimientos de todas las categor\u00edas y tipolog\u00edas (hoteles, hostales, hostels, apartamentos\u2026) que suman m\u00e1s de 75.000 plazas de alojamiento.","publisher":{"@id":"https:\/\/aehm.es\/#organization"},"alternateName":"AEHM","potentialAction":[{"@type":"SearchAction","target":{"@type":"EntryPoint","urlTemplate":"https:\/\/aehm.es\/?s={search_term_string}"},"query-input":{"@type":"PropertyValueSpecification","valueRequired":true,"valueName":"search_term_string"}}],"inLanguage":"en-US"},{"@type":"Organization","@id":"https:\/\/aehm.es\/#organization","name":"Asociaci\u00f3n Empresarial Hotelera de Madrid","url":"https:\/\/aehm.es\/","logo":{"@type":"ImageObject","inLanguage":"en-US","@id":"https:\/\/aehm.es\/#\/schema\/logo\/image\/","url":"https:\/\/aehm.es\/wp-content\/uploads\/2021\/11\/Logo_AEHM_Horiz.png","contentUrl":"https:\/\/aehm.es\/wp-content\/uploads\/2021\/11\/Logo_AEHM_Horiz.png","width":600,"height":182,"caption":"Asociaci\u00f3n Empresarial Hotelera de Madrid"},"image":{"@id":"https:\/\/aehm.es\/#\/schema\/logo\/image\/"},"sameAs":["https:\/\/www.instagram.com\/hotelesdemadrid\/","https:\/\/x.com\/HotelesAEHM","https:\/\/www.linkedin.com\/company\/11166072\/"]},{"@type":"Person","@id":"https:\/\/aehm.es\/#\/schema\/person\/ca1397f4b0bcee246b58a0278b67a95f","name":"richard","image":{"@type":"ImageObject","inLanguage":"en-US","@id":"https:\/\/secure.gravatar.com\/avatar\/dd2486a811ecc34bf766b7d8b17d0ea76674186c415867af39660e429e20e1a0?s=96&d=mm&r=g","url":"https:\/\/secure.gravatar.com\/avatar\/dd2486a811ecc34bf766b7d8b17d0ea76674186c415867af39660e429e20e1a0?s=96&d=mm&r=g","contentUrl":"https:\/\/secure.gravatar.com\/avatar\/dd2486a811ecc34bf766b7d8b17d0ea76674186c415867af39660e429e20e1a0?s=96&d=mm&r=g","caption":"richard"},"url":"https:\/\/aehm.es\/en\/author\/richard\/"}]}},"_links":{"self":[{"href":"https:\/\/aehm.es\/en\/wp-json\/wp\/v2\/posts\/5977","targetHints":{"allow":["GET"]}}],"collection":[{"href":"https:\/\/aehm.es\/en\/wp-json\/wp\/v2\/posts"}],"about":[{"href":"https:\/\/aehm.es\/en\/wp-json\/wp\/v2\/types\/post"}],"author":[{"embeddable":true,"href":"https:\/\/aehm.es\/en\/wp-json\/wp\/v2\/users\/1"}],"replies":[{"embeddable":true,"href":"https:\/\/aehm.es\/en\/wp-json\/wp\/v2\/comments?post=5977"}],"version-history":[{"count":0,"href":"https:\/\/aehm.es\/en\/wp-json\/wp\/v2\/posts\/5977\/revisions"}],"wp:featuredmedia":[{"embeddable":true,"href":"https:\/\/aehm.es\/en\/wp-json\/wp\/v2\/media\/5984"}],"wp:attachment":[{"href":"https:\/\/aehm.es\/en\/wp-json\/wp\/v2\/media?parent=5977"}],"wp:term":[{"taxonomy":"category","embeddable":true,"href":"https:\/\/aehm.es\/en\/wp-json\/wp\/v2\/categories?post=5977"},{"taxonomy":"post_tag","embeddable":true,"href":"https:\/\/aehm.es\/en\/wp-json\/wp\/v2\/tags?post=5977"}],"curies":[{"name":"wp","href":"https:\/\/api.w.org\/{rel}","templated":true}]}}