{"id":5943,"date":"2019-07-22T14:12:54","date_gmt":"2019-07-22T14:12:54","guid":{"rendered":"https:\/\/aehm.es\/?p=5943"},"modified":"2019-07-22T14:12:54","modified_gmt":"2019-07-22T14:12:54","slug":"los-hoteleros-madrilenos-preven-una-ocupacion-del-53-para-el-mes-de-agosto","status":"publish","type":"post","link":"https:\/\/aehm.es\/en\/los-hoteleros-madrilenos-preven-una-ocupacion-del-53-para-el-mes-de-agosto\/","title":{"rendered":"Los hoteleros madrile\u00f1os prev\u00e9n una ocupaci\u00f3n del 53% para el mes de agosto"},"content":{"rendered":"<ul>\n<li><strong>En 2018 el nivel de reservas finalmente alcanzado para este periodo fue del 56,5%, por lo que es posible que este a\u00f1o se alcancen o superen estas previsiones<\/strong><\/li>\n<\/ul>\n<ul>\n<li><strong>L<\/strong><strong>os viajeros procedentes de Estados Unidos y de pa\u00edses europeos como Italia o Francia, encabezan el ranking de llegadas, <\/strong><strong>en l\u00ednea con los datos registrados durante el primer semestre de 2019<\/strong><\/li>\n<\/ul>\n<p><strong>Madrid, 22 de julio de 2019.-<\/strong> Los <strong>hoteles de la Comunidad de Madrid<\/strong> prev\u00e9n alcanzar una <strong>ocupaci\u00f3n media del 53% durante el mes agosto<\/strong>, seg\u00fan la encuesta realizada por la <strong>Asociaci\u00f3n Empresarial Hotelera de Madrid<\/strong> (AEHM).<\/p>\n<p>En este sentido, cabe recordar que el pasado a\u00f1o el nivel de reservas finalmente alcanzado para este periodo fue del <strong>56,5%, <\/strong>por lo que es posible que este a\u00f1o se alcancen o superen estas previsiones teniendo en cuenta la tendencia actual de elegir destino pocos d\u00edas antes de viajar.<\/p>\n<p>Los visitantes procedentes de <strong>Estados Unidos<\/strong> y de pa\u00edses europeos como <strong>Italia o Francia<\/strong> encabezan el ranking de llegadas a la Comunidad de Madrid, aunque tambi\u00e9n est\u00e1n cogiendo fuerza los procedentes de <strong>Asia <\/strong>(China) y de <strong>Sudam\u00e9rica<\/strong> (Argentina, M\u00e9xico y Brasil), seg\u00fan datos publicados por del <a href=\"https:\/\/socios.esmadridpro.com\/Centro-Inteligencia-Turistica-CIT\"><em>Centro de Inteligencia Tur\u00edstica<\/em><\/a> de la Direcci\u00f3n de Turismo del Ayuntamiento de Madrid para el periodo enero-junio de 2019.<\/p>\n<blockquote><p><em>\u201c<\/em><em>Madrid es una ciudad con una oferta hotelera de calidad muy bien valorada y que siempre ha destacado por sus precios competitivos respecto a otras capitales europeo\u201d, <\/em>ha se\u00f1alado la AEHM.<\/p><\/blockquote>\n<p>La apuesta por <strong>potenciar y consolidar los mercados americanos, asi\u00e1ticos y europeos<\/strong> se encuentra entre las prioridades de la Asociaci\u00f3n Empresarial Hotelera de Madrid al considerar que <strong>son estrat\u00e9gicos <\/strong>para el sector tur\u00edstico en general y para el hotelero en particular, que aportan un <strong>gasto superior <\/strong>al del resto de viajeros y que contribuyen a <strong>reducir la estacionalidad<\/strong>.<\/p>\n<p>Por este motivo, la AEHM ha incidido en la necesidad de reforzar la <strong>colaboraci\u00f3n p\u00fablico-privada <\/strong>con la finalidad de poner en marcha<strong> l\u00edneas estrat\u00e9gicas conjuntas <\/strong>destinadas a <strong>fomentar la llegada de viajeros<\/strong> internacionales a Madrid, a <strong>prolongar su estancia<\/strong> tanto en el destino como en los establecimientos de la regi\u00f3n y a <strong>impulsar la imagen de la ciudad<\/strong> fuera de Espa\u00f1a.<\/p>\n<p><em>\u201cMadrid es una ciudad con un gran patrimonio y unos recursos culturales y art\u00edsticos de gran valor. Sin embargo, es fundamental seguir trabajando en la puesta en marcha de iniciativas novedosas que capten inter\u00e9s de los viajeros no residentes para que destinen al menos tres o cuatro d\u00edas a conocer una parte importante de Madrid\u201d,<\/em> ha concluido la Asociaci\u00f3n.<\/p>\n","protected":false},"excerpt":{"rendered":"<p>En 2018 el nivel de reservas finalmente alcanzado para este periodo fue del 56,5%, por lo que es posible que este a\u00f1o se alcancen o superen estas previsiones Los viajeros procedentes de Estados Unidos y de pa\u00edses europeos como Italia o Francia, encabezan el ranking de llegadas, en l\u00ednea con los datos registrados durante el [&hellip;]<\/p>\n","protected":false},"author":1,"featured_media":2436,"comment_status":"open","ping_status":"open","sticky":false,"template":"","format":"standard","meta":{"footnotes":""},"categories":[1],"tags":[],"class_list":["post-5943","post","type-post","status-publish","format-standard","has-post-thumbnail","hentry","category-actualidad-aehm"],"yoast_head":"<!-- This site is optimized with the Yoast SEO plugin v27.5 - https:\/\/yoast.com\/product\/yoast-seo-wordpress\/ -->\n<title>Los hoteleros madrile\u00f1os prev\u00e9n una ocupaci\u00f3n del 53% para el mes de agosto - AEHM<\/title>\n<meta name=\"description\" content=\"Los hoteles de la Comunidad de Madrid prev\u00e9n alcanzar una ocupaci\u00f3n media del 53% durante el mes agosto, seg\u00fan la encuesta realizada por...\" \/>\n<meta name=\"robots\" content=\"index, follow, max-snippet:-1, max-image-preview:large, max-video-preview:-1\" \/>\n<link rel=\"canonical\" href=\"https:\/\/aehm.es\/los-hoteleros-madrilenos-preven-una-ocupacion-del-53-para-el-mes-de-agosto\/\" \/>\n<meta property=\"og:locale\" content=\"en_US\" \/>\n<meta property=\"og:type\" content=\"article\" \/>\n<meta property=\"og:title\" content=\"Los hoteleros madrile\u00f1os prev\u00e9n una ocupaci\u00f3n del 53% para el mes de agosto\" \/>\n<meta property=\"og:description\" content=\"Los hoteles de la Comunidad de Madrid prev\u00e9n alcanzar una ocupaci\u00f3n media del 53% durante el mes agosto, seg\u00fan la encuesta realizada por la Asociaci\u00f3n Empresarial Hotelera de Madrid\" \/>\n<meta property=\"og:url\" content=\"https:\/\/aehm.es\/los-hoteleros-madrilenos-preven-una-ocupacion-del-53-para-el-mes-de-agosto\/\" \/>\n<meta property=\"og:site_name\" content=\"AEHM\" \/>\n<meta property=\"article:publisher\" content=\"https:\/\/www.instagram.com\/hotelesdemadrid\/\" \/>\n<meta property=\"article:published_time\" content=\"2019-07-22T14:12:54+00:00\" \/>\n<meta property=\"og:image\" content=\"https:\/\/aehm.es\/wp-content\/uploads\/2017\/06\/Puerta-del-Sol-Madrid-AEHM-1.jpg\" \/>\n\t<meta property=\"og:image:width\" content=\"1788\" \/>\n\t<meta property=\"og:image:height\" content=\"900\" \/>\n\t<meta property=\"og:image:type\" content=\"image\/jpeg\" \/>\n<meta name=\"author\" content=\"richard\" \/>\n<meta name=\"twitter:card\" content=\"summary_large_image\" \/>\n<meta name=\"twitter:title\" content=\"Los hoteleros madrile\u00f1os prev\u00e9n una ocupaci\u00f3n del 53% para el mes de agosto\" \/>\n<meta name=\"twitter:description\" content=\"Los hoteles de la Comunidad de Madrid prev\u00e9n alcanzar una ocupaci\u00f3n media del 53% durante el mes agosto, seg\u00fan la encuesta realizada por la Asociaci\u00f3n Empresarial Hotelera de Madrid\" \/>\n<meta name=\"twitter:image\" content=\"https:\/\/aehm.es\/wp-content\/uploads\/2017\/06\/Puerta-del-Sol-Madrid-AEHM-1.jpg\" \/>\n<meta name=\"twitter:creator\" content=\"@HotelesAEHM\" \/>\n<meta name=\"twitter:site\" content=\"@HotelesAEHM\" \/>\n<meta name=\"twitter:label1\" content=\"Written by\" \/>\n\t<meta name=\"twitter:data1\" content=\"richard\" \/>\n\t<meta name=\"twitter:label2\" content=\"Est. reading time\" \/>\n\t<meta name=\"twitter:data2\" content=\"2 minutes\" \/>\n<script type=\"application\/ld+json\" class=\"yoast-schema-graph\">{\"@context\":\"https:\\\/\\\/schema.org\",\"@graph\":[{\"@type\":\"Article\",\"@id\":\"https:\\\/\\\/aehm.es\\\/los-hoteleros-madrilenos-preven-una-ocupacion-del-53-para-el-mes-de-agosto\\\/#article\",\"isPartOf\":{\"@id\":\"https:\\\/\\\/aehm.es\\\/los-hoteleros-madrilenos-preven-una-ocupacion-del-53-para-el-mes-de-agosto\\\/\"},\"author\":{\"name\":\"richard\",\"@id\":\"https:\\\/\\\/aehm.es\\\/#\\\/schema\\\/person\\\/ca1397f4b0bcee246b58a0278b67a95f\"},\"headline\":\"Los hoteleros madrile\u00f1os prev\u00e9n una ocupaci\u00f3n del 53% para el mes de agosto\",\"datePublished\":\"2019-07-22T14:12:54+00:00\",\"mainEntityOfPage\":{\"@id\":\"https:\\\/\\\/aehm.es\\\/los-hoteleros-madrilenos-preven-una-ocupacion-del-53-para-el-mes-de-agosto\\\/\"},\"wordCount\":460,\"commentCount\":0,\"publisher\":{\"@id\":\"https:\\\/\\\/aehm.es\\\/#organization\"},\"image\":{\"@id\":\"https:\\\/\\\/aehm.es\\\/los-hoteleros-madrilenos-preven-una-ocupacion-del-53-para-el-mes-de-agosto\\\/#primaryimage\"},\"thumbnailUrl\":\"https:\\\/\\\/aehm.es\\\/wp-content\\\/uploads\\\/2017\\\/06\\\/Puerta-del-Sol-Madrid-AEHM-1.jpg\",\"articleSection\":[\"Actualidad AEHM\"],\"inLanguage\":\"en-US\",\"potentialAction\":[{\"@type\":\"CommentAction\",\"name\":\"Comment\",\"target\":[\"https:\\\/\\\/aehm.es\\\/los-hoteleros-madrilenos-preven-una-ocupacion-del-53-para-el-mes-de-agosto\\\/#respond\"]}]},{\"@type\":\"WebPage\",\"@id\":\"https:\\\/\\\/aehm.es\\\/los-hoteleros-madrilenos-preven-una-ocupacion-del-53-para-el-mes-de-agosto\\\/\",\"url\":\"https:\\\/\\\/aehm.es\\\/los-hoteleros-madrilenos-preven-una-ocupacion-del-53-para-el-mes-de-agosto\\\/\",\"name\":\"Los hoteleros madrile\u00f1os prev\u00e9n una ocupaci\u00f3n del 53% para el mes de agosto - AEHM\",\"isPartOf\":{\"@id\":\"https:\\\/\\\/aehm.es\\\/#website\"},\"primaryImageOfPage\":{\"@id\":\"https:\\\/\\\/aehm.es\\\/los-hoteleros-madrilenos-preven-una-ocupacion-del-53-para-el-mes-de-agosto\\\/#primaryimage\"},\"image\":{\"@id\":\"https:\\\/\\\/aehm.es\\\/los-hoteleros-madrilenos-preven-una-ocupacion-del-53-para-el-mes-de-agosto\\\/#primaryimage\"},\"thumbnailUrl\":\"https:\\\/\\\/aehm.es\\\/wp-content\\\/uploads\\\/2017\\\/06\\\/Puerta-del-Sol-Madrid-AEHM-1.jpg\",\"datePublished\":\"2019-07-22T14:12:54+00:00\",\"description\":\"Los hoteles de la Comunidad de Madrid prev\u00e9n alcanzar una ocupaci\u00f3n media del 53% durante el mes agosto, seg\u00fan la encuesta realizada por...\",\"breadcrumb\":{\"@id\":\"https:\\\/\\\/aehm.es\\\/los-hoteleros-madrilenos-preven-una-ocupacion-del-53-para-el-mes-de-agosto\\\/#breadcrumb\"},\"inLanguage\":\"en-US\",\"potentialAction\":[{\"@type\":\"ReadAction\",\"target\":[\"https:\\\/\\\/aehm.es\\\/los-hoteleros-madrilenos-preven-una-ocupacion-del-53-para-el-mes-de-agosto\\\/\"]}]},{\"@type\":\"ImageObject\",\"inLanguage\":\"en-US\",\"@id\":\"https:\\\/\\\/aehm.es\\\/los-hoteleros-madrilenos-preven-una-ocupacion-del-53-para-el-mes-de-agosto\\\/#primaryimage\",\"url\":\"https:\\\/\\\/aehm.es\\\/wp-content\\\/uploads\\\/2017\\\/06\\\/Puerta-del-Sol-Madrid-AEHM-1.jpg\",\"contentUrl\":\"https:\\\/\\\/aehm.es\\\/wp-content\\\/uploads\\\/2017\\\/06\\\/Puerta-del-Sol-Madrid-AEHM-1.jpg\",\"width\":1788,\"height\":900},{\"@type\":\"BreadcrumbList\",\"@id\":\"https:\\\/\\\/aehm.es\\\/los-hoteleros-madrilenos-preven-una-ocupacion-del-53-para-el-mes-de-agosto\\\/#breadcrumb\",\"itemListElement\":[{\"@type\":\"ListItem\",\"position\":1,\"name\":\"Portada\",\"item\":\"https:\\\/\\\/aehm.es\\\/en\\\/\"},{\"@type\":\"ListItem\",\"position\":2,\"name\":\"Los hoteleros madrile\u00f1os prev\u00e9n una ocupaci\u00f3n del 53% para el mes de agosto\"}]},{\"@type\":\"WebSite\",\"@id\":\"https:\\\/\\\/aehm.es\\\/#website\",\"url\":\"https:\\\/\\\/aehm.es\\\/\",\"name\":\"Asociaci\u00f3n Empresarial Hotelera de Madrid\",\"description\":\"La Asociaci\u00f3n Empresarial Hotelera Madrid est\u00e1 formada por m\u00e1s de 300 establecimientos de todas las categor\u00edas y tipolog\u00edas (hoteles, hostales, hostels, apartamentos\u2026) que suman m\u00e1s de 75.000 plazas de alojamiento.\",\"publisher\":{\"@id\":\"https:\\\/\\\/aehm.es\\\/#organization\"},\"alternateName\":\"AEHM\",\"potentialAction\":[{\"@type\":\"SearchAction\",\"target\":{\"@type\":\"EntryPoint\",\"urlTemplate\":\"https:\\\/\\\/aehm.es\\\/?s={search_term_string}\"},\"query-input\":{\"@type\":\"PropertyValueSpecification\",\"valueRequired\":true,\"valueName\":\"search_term_string\"}}],\"inLanguage\":\"en-US\"},{\"@type\":\"Organization\",\"@id\":\"https:\\\/\\\/aehm.es\\\/#organization\",\"name\":\"Asociaci\u00f3n Empresarial Hotelera de Madrid\",\"url\":\"https:\\\/\\\/aehm.es\\\/\",\"logo\":{\"@type\":\"ImageObject\",\"inLanguage\":\"en-US\",\"@id\":\"https:\\\/\\\/aehm.es\\\/#\\\/schema\\\/logo\\\/image\\\/\",\"url\":\"https:\\\/\\\/aehm.es\\\/wp-content\\\/uploads\\\/2021\\\/11\\\/Logo_AEHM_Horiz.png\",\"contentUrl\":\"https:\\\/\\\/aehm.es\\\/wp-content\\\/uploads\\\/2021\\\/11\\\/Logo_AEHM_Horiz.png\",\"width\":600,\"height\":182,\"caption\":\"Asociaci\u00f3n Empresarial Hotelera de Madrid\"},\"image\":{\"@id\":\"https:\\\/\\\/aehm.es\\\/#\\\/schema\\\/logo\\\/image\\\/\"},\"sameAs\":[\"https:\\\/\\\/www.instagram.com\\\/hotelesdemadrid\\\/\",\"https:\\\/\\\/x.com\\\/HotelesAEHM\",\"https:\\\/\\\/www.linkedin.com\\\/company\\\/11166072\\\/\"]},{\"@type\":\"Person\",\"@id\":\"https:\\\/\\\/aehm.es\\\/#\\\/schema\\\/person\\\/ca1397f4b0bcee246b58a0278b67a95f\",\"name\":\"richard\",\"image\":{\"@type\":\"ImageObject\",\"inLanguage\":\"en-US\",\"@id\":\"https:\\\/\\\/secure.gravatar.com\\\/avatar\\\/dd2486a811ecc34bf766b7d8b17d0ea76674186c415867af39660e429e20e1a0?s=96&d=mm&r=g\",\"url\":\"https:\\\/\\\/secure.gravatar.com\\\/avatar\\\/dd2486a811ecc34bf766b7d8b17d0ea76674186c415867af39660e429e20e1a0?s=96&d=mm&r=g\",\"contentUrl\":\"https:\\\/\\\/secure.gravatar.com\\\/avatar\\\/dd2486a811ecc34bf766b7d8b17d0ea76674186c415867af39660e429e20e1a0?s=96&d=mm&r=g\",\"caption\":\"richard\"},\"url\":\"https:\\\/\\\/aehm.es\\\/en\\\/author\\\/richard\\\/\"}]}<\/script>\n<!-- \/ Yoast SEO plugin. -->","yoast_head_json":{"title":"Los hoteleros madrile\u00f1os prev\u00e9n una ocupaci\u00f3n del 53% para el mes de agosto - AEHM","description":"Los hoteles de la Comunidad de Madrid prev\u00e9n alcanzar una ocupaci\u00f3n media del 53% durante el mes agosto, seg\u00fan la encuesta realizada por...","robots":{"index":"index","follow":"follow","max-snippet":"max-snippet:-1","max-image-preview":"max-image-preview:large","max-video-preview":"max-video-preview:-1"},"canonical":"https:\/\/aehm.es\/los-hoteleros-madrilenos-preven-una-ocupacion-del-53-para-el-mes-de-agosto\/","og_locale":"en_US","og_type":"article","og_title":"Los hoteleros madrile\u00f1os prev\u00e9n una ocupaci\u00f3n del 53% para el mes de agosto","og_description":"Los hoteles de la Comunidad de Madrid prev\u00e9n alcanzar una ocupaci\u00f3n media del 53% durante el mes agosto, seg\u00fan la encuesta realizada por la Asociaci\u00f3n Empresarial Hotelera de Madrid","og_url":"https:\/\/aehm.es\/los-hoteleros-madrilenos-preven-una-ocupacion-del-53-para-el-mes-de-agosto\/","og_site_name":"AEHM","article_publisher":"https:\/\/www.instagram.com\/hotelesdemadrid\/","article_published_time":"2019-07-22T14:12:54+00:00","og_image":[{"width":1788,"height":900,"url":"https:\/\/aehm.es\/wp-content\/uploads\/2017\/06\/Puerta-del-Sol-Madrid-AEHM-1.jpg","type":"image\/jpeg"}],"author":"richard","twitter_card":"summary_large_image","twitter_title":"Los hoteleros madrile\u00f1os prev\u00e9n una ocupaci\u00f3n del 53% para el mes de agosto","twitter_description":"Los hoteles de la Comunidad de Madrid prev\u00e9n alcanzar una ocupaci\u00f3n media del 53% durante el mes agosto, seg\u00fan la encuesta realizada por la Asociaci\u00f3n Empresarial Hotelera de Madrid","twitter_image":"https:\/\/aehm.es\/wp-content\/uploads\/2017\/06\/Puerta-del-Sol-Madrid-AEHM-1.jpg","twitter_creator":"@HotelesAEHM","twitter_site":"@HotelesAEHM","twitter_misc":{"Written by":"richard","Est. reading time":"2 minutes"},"schema":{"@context":"https:\/\/schema.org","@graph":[{"@type":"Article","@id":"https:\/\/aehm.es\/los-hoteleros-madrilenos-preven-una-ocupacion-del-53-para-el-mes-de-agosto\/#article","isPartOf":{"@id":"https:\/\/aehm.es\/los-hoteleros-madrilenos-preven-una-ocupacion-del-53-para-el-mes-de-agosto\/"},"author":{"name":"richard","@id":"https:\/\/aehm.es\/#\/schema\/person\/ca1397f4b0bcee246b58a0278b67a95f"},"headline":"Los hoteleros madrile\u00f1os prev\u00e9n una ocupaci\u00f3n del 53% para el mes de agosto","datePublished":"2019-07-22T14:12:54+00:00","mainEntityOfPage":{"@id":"https:\/\/aehm.es\/los-hoteleros-madrilenos-preven-una-ocupacion-del-53-para-el-mes-de-agosto\/"},"wordCount":460,"commentCount":0,"publisher":{"@id":"https:\/\/aehm.es\/#organization"},"image":{"@id":"https:\/\/aehm.es\/los-hoteleros-madrilenos-preven-una-ocupacion-del-53-para-el-mes-de-agosto\/#primaryimage"},"thumbnailUrl":"https:\/\/aehm.es\/wp-content\/uploads\/2017\/06\/Puerta-del-Sol-Madrid-AEHM-1.jpg","articleSection":["Actualidad AEHM"],"inLanguage":"en-US","potentialAction":[{"@type":"CommentAction","name":"Comment","target":["https:\/\/aehm.es\/los-hoteleros-madrilenos-preven-una-ocupacion-del-53-para-el-mes-de-agosto\/#respond"]}]},{"@type":"WebPage","@id":"https:\/\/aehm.es\/los-hoteleros-madrilenos-preven-una-ocupacion-del-53-para-el-mes-de-agosto\/","url":"https:\/\/aehm.es\/los-hoteleros-madrilenos-preven-una-ocupacion-del-53-para-el-mes-de-agosto\/","name":"Los hoteleros madrile\u00f1os prev\u00e9n una ocupaci\u00f3n del 53% para el mes de agosto - AEHM","isPartOf":{"@id":"https:\/\/aehm.es\/#website"},"primaryImageOfPage":{"@id":"https:\/\/aehm.es\/los-hoteleros-madrilenos-preven-una-ocupacion-del-53-para-el-mes-de-agosto\/#primaryimage"},"image":{"@id":"https:\/\/aehm.es\/los-hoteleros-madrilenos-preven-una-ocupacion-del-53-para-el-mes-de-agosto\/#primaryimage"},"thumbnailUrl":"https:\/\/aehm.es\/wp-content\/uploads\/2017\/06\/Puerta-del-Sol-Madrid-AEHM-1.jpg","datePublished":"2019-07-22T14:12:54+00:00","description":"Los hoteles de la Comunidad de Madrid prev\u00e9n alcanzar una ocupaci\u00f3n media del 53% durante el mes agosto, seg\u00fan la encuesta realizada por...","breadcrumb":{"@id":"https:\/\/aehm.es\/los-hoteleros-madrilenos-preven-una-ocupacion-del-53-para-el-mes-de-agosto\/#breadcrumb"},"inLanguage":"en-US","potentialAction":[{"@type":"ReadAction","target":["https:\/\/aehm.es\/los-hoteleros-madrilenos-preven-una-ocupacion-del-53-para-el-mes-de-agosto\/"]}]},{"@type":"ImageObject","inLanguage":"en-US","@id":"https:\/\/aehm.es\/los-hoteleros-madrilenos-preven-una-ocupacion-del-53-para-el-mes-de-agosto\/#primaryimage","url":"https:\/\/aehm.es\/wp-content\/uploads\/2017\/06\/Puerta-del-Sol-Madrid-AEHM-1.jpg","contentUrl":"https:\/\/aehm.es\/wp-content\/uploads\/2017\/06\/Puerta-del-Sol-Madrid-AEHM-1.jpg","width":1788,"height":900},{"@type":"BreadcrumbList","@id":"https:\/\/aehm.es\/los-hoteleros-madrilenos-preven-una-ocupacion-del-53-para-el-mes-de-agosto\/#breadcrumb","itemListElement":[{"@type":"ListItem","position":1,"name":"Portada","item":"https:\/\/aehm.es\/en\/"},{"@type":"ListItem","position":2,"name":"Los hoteleros madrile\u00f1os prev\u00e9n una ocupaci\u00f3n del 53% para el mes de agosto"}]},{"@type":"WebSite","@id":"https:\/\/aehm.es\/#website","url":"https:\/\/aehm.es\/","name":"Asociaci\u00f3n Empresarial Hotelera de Madrid","description":"La Asociaci\u00f3n Empresarial Hotelera Madrid est\u00e1 formada por m\u00e1s de 300 establecimientos de todas las categor\u00edas y tipolog\u00edas (hoteles, hostales, hostels, apartamentos\u2026) que suman m\u00e1s de 75.000 plazas de alojamiento.","publisher":{"@id":"https:\/\/aehm.es\/#organization"},"alternateName":"AEHM","potentialAction":[{"@type":"SearchAction","target":{"@type":"EntryPoint","urlTemplate":"https:\/\/aehm.es\/?s={search_term_string}"},"query-input":{"@type":"PropertyValueSpecification","valueRequired":true,"valueName":"search_term_string"}}],"inLanguage":"en-US"},{"@type":"Organization","@id":"https:\/\/aehm.es\/#organization","name":"Asociaci\u00f3n Empresarial Hotelera de Madrid","url":"https:\/\/aehm.es\/","logo":{"@type":"ImageObject","inLanguage":"en-US","@id":"https:\/\/aehm.es\/#\/schema\/logo\/image\/","url":"https:\/\/aehm.es\/wp-content\/uploads\/2021\/11\/Logo_AEHM_Horiz.png","contentUrl":"https:\/\/aehm.es\/wp-content\/uploads\/2021\/11\/Logo_AEHM_Horiz.png","width":600,"height":182,"caption":"Asociaci\u00f3n Empresarial Hotelera de Madrid"},"image":{"@id":"https:\/\/aehm.es\/#\/schema\/logo\/image\/"},"sameAs":["https:\/\/www.instagram.com\/hotelesdemadrid\/","https:\/\/x.com\/HotelesAEHM","https:\/\/www.linkedin.com\/company\/11166072\/"]},{"@type":"Person","@id":"https:\/\/aehm.es\/#\/schema\/person\/ca1397f4b0bcee246b58a0278b67a95f","name":"richard","image":{"@type":"ImageObject","inLanguage":"en-US","@id":"https:\/\/secure.gravatar.com\/avatar\/dd2486a811ecc34bf766b7d8b17d0ea76674186c415867af39660e429e20e1a0?s=96&d=mm&r=g","url":"https:\/\/secure.gravatar.com\/avatar\/dd2486a811ecc34bf766b7d8b17d0ea76674186c415867af39660e429e20e1a0?s=96&d=mm&r=g","contentUrl":"https:\/\/secure.gravatar.com\/avatar\/dd2486a811ecc34bf766b7d8b17d0ea76674186c415867af39660e429e20e1a0?s=96&d=mm&r=g","caption":"richard"},"url":"https:\/\/aehm.es\/en\/author\/richard\/"}]}},"_links":{"self":[{"href":"https:\/\/aehm.es\/en\/wp-json\/wp\/v2\/posts\/5943","targetHints":{"allow":["GET"]}}],"collection":[{"href":"https:\/\/aehm.es\/en\/wp-json\/wp\/v2\/posts"}],"about":[{"href":"https:\/\/aehm.es\/en\/wp-json\/wp\/v2\/types\/post"}],"author":[{"embeddable":true,"href":"https:\/\/aehm.es\/en\/wp-json\/wp\/v2\/users\/1"}],"replies":[{"embeddable":true,"href":"https:\/\/aehm.es\/en\/wp-json\/wp\/v2\/comments?post=5943"}],"version-history":[{"count":0,"href":"https:\/\/aehm.es\/en\/wp-json\/wp\/v2\/posts\/5943\/revisions"}],"wp:featuredmedia":[{"embeddable":true,"href":"https:\/\/aehm.es\/en\/wp-json\/wp\/v2\/media\/2436"}],"wp:attachment":[{"href":"https:\/\/aehm.es\/en\/wp-json\/wp\/v2\/media?parent=5943"}],"wp:term":[{"taxonomy":"category","embeddable":true,"href":"https:\/\/aehm.es\/en\/wp-json\/wp\/v2\/categories?post=5943"},{"taxonomy":"post_tag","embeddable":true,"href":"https:\/\/aehm.es\/en\/wp-json\/wp\/v2\/tags?post=5943"}],"curies":[{"name":"wp","href":"https:\/\/api.w.org\/{rel}","templated":true}]}}