{"id":5887,"date":"2019-07-02T08:54:46","date_gmt":"2019-07-02T08:54:46","guid":{"rendered":"https:\/\/aehm.es\/?p=5887"},"modified":"2019-07-02T08:54:46","modified_gmt":"2019-07-02T08:54:46","slug":"los-hoteleros-madrilenos-preven-una-ocupacion-media-del-80-para-las-fiestas-del-orgullo-2019","status":"publish","type":"post","link":"https:\/\/aehm.es\/en\/los-hoteleros-madrilenos-preven-una-ocupacion-media-del-80-para-las-fiestas-del-orgullo-2019\/","title":{"rendered":"Los hoteleros madrile\u00f1os prev\u00e9n una ocupaci\u00f3n media del 80% para las fiestas del Orgullo 2019"},"content":{"rendered":"<ul>\n<li><strong>Seg\u00fan la encuesta realizada por la Asociaci\u00f3n Empresarial Hotelera de Madrid (AEHM), el d\u00eda con mayor volumen de reservas ser\u00e1 el s\u00e1bado con un 87%<\/strong><\/li>\n<\/ul>\n<ul>\n<li><strong>Es posible que se registre un aumento de cara a los pr\u00f3ximos d\u00edas, ya que el arranque oficial de esta festividad tendr\u00e1 lugar el mi\u00e9rcoles con el preg\u00f3n<\/strong><\/li>\n<\/ul>\n<p><strong>Madrid, 1 de julio de 2019.-<\/strong> Los hoteleros madrile\u00f1os prev\u00e9n alcanzar una <strong>ocupaci\u00f3n media del 80% <\/strong>desde el mi\u00e9rcoles 3 al s\u00e1bado 6 de julio<strong> con motivo de la celebraci\u00f3n del Orgullo LGBT<\/strong>, seg\u00fan se desprende de la encuesta realizada por la <strong>Asociaci\u00f3n Empresarial Hotelera de Madrid <\/strong>(AEHM).<\/p>\n<p>La AEHM ha se\u00f1alado que las reservas podr\u00edan aumentar de cara a los pr\u00f3ximos d\u00edas, ya que el arranque oficial de esta festividad tendr\u00e1 lugar el mi\u00e9rcoles con el preg\u00f3n del Orgullo. En este sentido, la Asociaci\u00f3n tambi\u00e9n ha indicado que el s\u00e1bado ser\u00e1 el d\u00eda con mayor volumen de ocupaci\u00f3n hasta alcanzar el 87%.<\/p>\n<p><em>\u201cLa semana del Orgullo LGTB en Madrid se ha convertido en una de las m\u00e1s importantes de toda Espa\u00f1a y un referente a nivel europeo. Las actividades que se realizan en el marco de esta celebraci\u00f3n son un gran reclamo para miles de visitantes nacionales e internacionales, que ven en nuestra ciudad un destino abierto, respetuoso y multicultural al que viajar\u201d,<\/em> han se\u00f1alado desde AEHM.<\/p>\n<p>En este sentido, han a\u00f1adido que \u201c<em>cada vez son m\u00e1s los establecimientos que ponen al alcance de sus clientes toda la informaci\u00f3n necesaria sobre los eventos que se realizar\u00e1n durante estos d\u00edas para que puedan disfrutarlo en su totalidad\u201d<\/em>.<\/p>\n<p>Para finalizar, la Asociaci\u00f3n ha puntualizado que, en 2018, el balance de ocupaci\u00f3n de los establecimientos hoteleros para estas mismas fechas fue del 81,7%, por lo que es muy posible que en esta ocasi\u00f3n se alcance o incluso se supere este dato.<\/p>\n","protected":false},"excerpt":{"rendered":"<p>Seg\u00fan la encuesta realizada por la Asociaci\u00f3n Empresarial Hotelera de Madrid (AEHM), el d\u00eda con mayor volumen de reservas ser\u00e1 el s\u00e1bado con un 87% Es posible que se registre un aumento de cara a los pr\u00f3ximos d\u00edas, ya que el arranque oficial de esta festividad tendr\u00e1 lugar el mi\u00e9rcoles con el preg\u00f3n Madrid, 1 [&hellip;]<\/p>\n","protected":false},"author":1,"featured_media":5888,"comment_status":"open","ping_status":"open","sticky":false,"template":"","format":"standard","meta":{"footnotes":""},"categories":[1],"tags":[],"class_list":["post-5887","post","type-post","status-publish","format-standard","has-post-thumbnail","hentry","category-actualidad-aehm"],"yoast_head":"<!-- This site is optimized with the Yoast SEO plugin v27.5 - https:\/\/yoast.com\/product\/yoast-seo-wordpress\/ -->\n<title>Los hoteleros madrile\u00f1os prev\u00e9n una ocupaci\u00f3n media del 80% para las fiestas del Orgullo 2019 - AEHM<\/title>\n<meta name=\"description\" content=\"Los hoteleros madrile\u00f1os prev\u00e9n alcanzar una ocupaci\u00f3n media del 80% desde el mi\u00e9rcoles 3 al s\u00e1bado 6 de julio con motivo de la celebraci\u00f3n del Orgullo LGBT\" \/>\n<meta name=\"robots\" content=\"index, follow, max-snippet:-1, max-image-preview:large, max-video-preview:-1\" \/>\n<link rel=\"canonical\" href=\"https:\/\/aehm.es\/los-hoteleros-madrilenos-preven-una-ocupacion-media-del-80-para-las-fiestas-del-orgullo-2019\/\" \/>\n<meta property=\"og:locale\" content=\"en_US\" \/>\n<meta property=\"og:type\" content=\"article\" \/>\n<meta property=\"og:title\" content=\"Los hoteleros madrile\u00f1os prev\u00e9n una ocupaci\u00f3n media del 80% para las fiestas del Orgullo 2019\" \/>\n<meta property=\"og:description\" content=\"Los hoteleros madrile\u00f1os prev\u00e9n alcanzar una ocupaci\u00f3n media del 80% desde el mi\u00e9rcoles 3 al s\u00e1bado 6 de julio con motivo de la celebraci\u00f3n del Orgullo LGBT\" \/>\n<meta property=\"og:url\" content=\"https:\/\/aehm.es\/los-hoteleros-madrilenos-preven-una-ocupacion-media-del-80-para-las-fiestas-del-orgullo-2019\/\" \/>\n<meta property=\"og:site_name\" content=\"AEHM\" \/>\n<meta property=\"article:publisher\" content=\"https:\/\/www.instagram.com\/hotelesdemadrid\/\" \/>\n<meta property=\"article:published_time\" content=\"2019-07-02T08:54:46+00:00\" \/>\n<meta property=\"og:image\" content=\"https:\/\/aehm.es\/wp-content\/uploads\/2019\/07\/Madrid_Pride_Orgullo-1.jpg\" \/>\n\t<meta property=\"og:image:width\" content=\"1200\" \/>\n\t<meta property=\"og:image:height\" content=\"573\" \/>\n\t<meta property=\"og:image:type\" content=\"image\/jpeg\" \/>\n<meta name=\"author\" content=\"richard\" \/>\n<meta name=\"twitter:card\" content=\"summary_large_image\" \/>\n<meta name=\"twitter:title\" content=\"Los hoteleros madrile\u00f1os prev\u00e9n una ocupaci\u00f3n media del 80% para las fiestas del Orgullo 2019\" \/>\n<meta name=\"twitter:description\" content=\"Los hoteleros madrile\u00f1os prev\u00e9n alcanzar una ocupaci\u00f3n media del 80% desde el mi\u00e9rcoles 3 al s\u00e1bado 6 de julio con motivo de la celebraci\u00f3n del Orgullo LGBT\" \/>\n<meta name=\"twitter:image\" content=\"https:\/\/aehm.es\/wp-content\/uploads\/2019\/07\/Madrid_Pride_Orgullo-1.jpg\" \/>\n<meta name=\"twitter:creator\" content=\"@HotelesAEHM\" \/>\n<meta name=\"twitter:site\" content=\"@HotelesAEHM\" \/>\n<meta name=\"twitter:label1\" content=\"Written by\" \/>\n\t<meta name=\"twitter:data1\" content=\"richard\" \/>\n\t<meta name=\"twitter:label2\" content=\"Est. reading time\" \/>\n\t<meta name=\"twitter:data2\" content=\"2 minutes\" \/>\n<script type=\"application\/ld+json\" class=\"yoast-schema-graph\">{\"@context\":\"https:\\\/\\\/schema.org\",\"@graph\":[{\"@type\":\"Article\",\"@id\":\"https:\\\/\\\/aehm.es\\\/los-hoteleros-madrilenos-preven-una-ocupacion-media-del-80-para-las-fiestas-del-orgullo-2019\\\/#article\",\"isPartOf\":{\"@id\":\"https:\\\/\\\/aehm.es\\\/los-hoteleros-madrilenos-preven-una-ocupacion-media-del-80-para-las-fiestas-del-orgullo-2019\\\/\"},\"author\":{\"name\":\"richard\",\"@id\":\"https:\\\/\\\/aehm.es\\\/#\\\/schema\\\/person\\\/ca1397f4b0bcee246b58a0278b67a95f\"},\"headline\":\"Los hoteleros madrile\u00f1os prev\u00e9n una ocupaci\u00f3n media del 80% para las fiestas del Orgullo 2019\",\"datePublished\":\"2019-07-02T08:54:46+00:00\",\"mainEntityOfPage\":{\"@id\":\"https:\\\/\\\/aehm.es\\\/los-hoteleros-madrilenos-preven-una-ocupacion-media-del-80-para-las-fiestas-del-orgullo-2019\\\/\"},\"wordCount\":349,\"commentCount\":0,\"publisher\":{\"@id\":\"https:\\\/\\\/aehm.es\\\/#organization\"},\"image\":{\"@id\":\"https:\\\/\\\/aehm.es\\\/los-hoteleros-madrilenos-preven-una-ocupacion-media-del-80-para-las-fiestas-del-orgullo-2019\\\/#primaryimage\"},\"thumbnailUrl\":\"https:\\\/\\\/aehm.es\\\/wp-content\\\/uploads\\\/2019\\\/07\\\/Madrid_Pride_Orgullo-1.jpg\",\"articleSection\":[\"Actualidad AEHM\"],\"inLanguage\":\"en-US\",\"potentialAction\":[{\"@type\":\"CommentAction\",\"name\":\"Comment\",\"target\":[\"https:\\\/\\\/aehm.es\\\/los-hoteleros-madrilenos-preven-una-ocupacion-media-del-80-para-las-fiestas-del-orgullo-2019\\\/#respond\"]}]},{\"@type\":\"WebPage\",\"@id\":\"https:\\\/\\\/aehm.es\\\/los-hoteleros-madrilenos-preven-una-ocupacion-media-del-80-para-las-fiestas-del-orgullo-2019\\\/\",\"url\":\"https:\\\/\\\/aehm.es\\\/los-hoteleros-madrilenos-preven-una-ocupacion-media-del-80-para-las-fiestas-del-orgullo-2019\\\/\",\"name\":\"Los hoteleros madrile\u00f1os prev\u00e9n una ocupaci\u00f3n media del 80% para las fiestas del Orgullo 2019 - AEHM\",\"isPartOf\":{\"@id\":\"https:\\\/\\\/aehm.es\\\/#website\"},\"primaryImageOfPage\":{\"@id\":\"https:\\\/\\\/aehm.es\\\/los-hoteleros-madrilenos-preven-una-ocupacion-media-del-80-para-las-fiestas-del-orgullo-2019\\\/#primaryimage\"},\"image\":{\"@id\":\"https:\\\/\\\/aehm.es\\\/los-hoteleros-madrilenos-preven-una-ocupacion-media-del-80-para-las-fiestas-del-orgullo-2019\\\/#primaryimage\"},\"thumbnailUrl\":\"https:\\\/\\\/aehm.es\\\/wp-content\\\/uploads\\\/2019\\\/07\\\/Madrid_Pride_Orgullo-1.jpg\",\"datePublished\":\"2019-07-02T08:54:46+00:00\",\"description\":\"Los hoteleros madrile\u00f1os prev\u00e9n alcanzar una ocupaci\u00f3n media del 80% desde el mi\u00e9rcoles 3 al s\u00e1bado 6 de julio con motivo de la celebraci\u00f3n del Orgullo LGBT\",\"breadcrumb\":{\"@id\":\"https:\\\/\\\/aehm.es\\\/los-hoteleros-madrilenos-preven-una-ocupacion-media-del-80-para-las-fiestas-del-orgullo-2019\\\/#breadcrumb\"},\"inLanguage\":\"en-US\",\"potentialAction\":[{\"@type\":\"ReadAction\",\"target\":[\"https:\\\/\\\/aehm.es\\\/los-hoteleros-madrilenos-preven-una-ocupacion-media-del-80-para-las-fiestas-del-orgullo-2019\\\/\"]}]},{\"@type\":\"ImageObject\",\"inLanguage\":\"en-US\",\"@id\":\"https:\\\/\\\/aehm.es\\\/los-hoteleros-madrilenos-preven-una-ocupacion-media-del-80-para-las-fiestas-del-orgullo-2019\\\/#primaryimage\",\"url\":\"https:\\\/\\\/aehm.es\\\/wp-content\\\/uploads\\\/2019\\\/07\\\/Madrid_Pride_Orgullo-1.jpg\",\"contentUrl\":\"https:\\\/\\\/aehm.es\\\/wp-content\\\/uploads\\\/2019\\\/07\\\/Madrid_Pride_Orgullo-1.jpg\",\"width\":1200,\"height\":573},{\"@type\":\"BreadcrumbList\",\"@id\":\"https:\\\/\\\/aehm.es\\\/los-hoteleros-madrilenos-preven-una-ocupacion-media-del-80-para-las-fiestas-del-orgullo-2019\\\/#breadcrumb\",\"itemListElement\":[{\"@type\":\"ListItem\",\"position\":1,\"name\":\"Portada\",\"item\":\"https:\\\/\\\/aehm.es\\\/en\\\/\"},{\"@type\":\"ListItem\",\"position\":2,\"name\":\"Los hoteleros madrile\u00f1os prev\u00e9n una ocupaci\u00f3n media del 80% para las fiestas del Orgullo 2019\"}]},{\"@type\":\"WebSite\",\"@id\":\"https:\\\/\\\/aehm.es\\\/#website\",\"url\":\"https:\\\/\\\/aehm.es\\\/\",\"name\":\"Asociaci\u00f3n Empresarial Hotelera de Madrid\",\"description\":\"La Asociaci\u00f3n Empresarial Hotelera Madrid est\u00e1 formada por m\u00e1s de 300 establecimientos de todas las categor\u00edas y tipolog\u00edas (hoteles, hostales, hostels, apartamentos\u2026) que suman m\u00e1s de 75.000 plazas de alojamiento.\",\"publisher\":{\"@id\":\"https:\\\/\\\/aehm.es\\\/#organization\"},\"alternateName\":\"AEHM\",\"potentialAction\":[{\"@type\":\"SearchAction\",\"target\":{\"@type\":\"EntryPoint\",\"urlTemplate\":\"https:\\\/\\\/aehm.es\\\/?s={search_term_string}\"},\"query-input\":{\"@type\":\"PropertyValueSpecification\",\"valueRequired\":true,\"valueName\":\"search_term_string\"}}],\"inLanguage\":\"en-US\"},{\"@type\":\"Organization\",\"@id\":\"https:\\\/\\\/aehm.es\\\/#organization\",\"name\":\"Asociaci\u00f3n Empresarial Hotelera de Madrid\",\"url\":\"https:\\\/\\\/aehm.es\\\/\",\"logo\":{\"@type\":\"ImageObject\",\"inLanguage\":\"en-US\",\"@id\":\"https:\\\/\\\/aehm.es\\\/#\\\/schema\\\/logo\\\/image\\\/\",\"url\":\"https:\\\/\\\/aehm.es\\\/wp-content\\\/uploads\\\/2021\\\/11\\\/Logo_AEHM_Horiz.png\",\"contentUrl\":\"https:\\\/\\\/aehm.es\\\/wp-content\\\/uploads\\\/2021\\\/11\\\/Logo_AEHM_Horiz.png\",\"width\":600,\"height\":182,\"caption\":\"Asociaci\u00f3n Empresarial Hotelera de Madrid\"},\"image\":{\"@id\":\"https:\\\/\\\/aehm.es\\\/#\\\/schema\\\/logo\\\/image\\\/\"},\"sameAs\":[\"https:\\\/\\\/www.instagram.com\\\/hotelesdemadrid\\\/\",\"https:\\\/\\\/x.com\\\/HotelesAEHM\",\"https:\\\/\\\/www.linkedin.com\\\/company\\\/11166072\\\/\"]},{\"@type\":\"Person\",\"@id\":\"https:\\\/\\\/aehm.es\\\/#\\\/schema\\\/person\\\/ca1397f4b0bcee246b58a0278b67a95f\",\"name\":\"richard\",\"image\":{\"@type\":\"ImageObject\",\"inLanguage\":\"en-US\",\"@id\":\"https:\\\/\\\/secure.gravatar.com\\\/avatar\\\/dd2486a811ecc34bf766b7d8b17d0ea76674186c415867af39660e429e20e1a0?s=96&d=mm&r=g\",\"url\":\"https:\\\/\\\/secure.gravatar.com\\\/avatar\\\/dd2486a811ecc34bf766b7d8b17d0ea76674186c415867af39660e429e20e1a0?s=96&d=mm&r=g\",\"contentUrl\":\"https:\\\/\\\/secure.gravatar.com\\\/avatar\\\/dd2486a811ecc34bf766b7d8b17d0ea76674186c415867af39660e429e20e1a0?s=96&d=mm&r=g\",\"caption\":\"richard\"},\"url\":\"https:\\\/\\\/aehm.es\\\/en\\\/author\\\/richard\\\/\"}]}<\/script>\n<!-- \/ Yoast SEO plugin. -->","yoast_head_json":{"title":"Los hoteleros madrile\u00f1os prev\u00e9n una ocupaci\u00f3n media del 80% para las fiestas del Orgullo 2019 - AEHM","description":"Los hoteleros madrile\u00f1os prev\u00e9n alcanzar una ocupaci\u00f3n media del 80% desde el mi\u00e9rcoles 3 al s\u00e1bado 6 de julio con motivo de la celebraci\u00f3n del Orgullo LGBT","robots":{"index":"index","follow":"follow","max-snippet":"max-snippet:-1","max-image-preview":"max-image-preview:large","max-video-preview":"max-video-preview:-1"},"canonical":"https:\/\/aehm.es\/los-hoteleros-madrilenos-preven-una-ocupacion-media-del-80-para-las-fiestas-del-orgullo-2019\/","og_locale":"en_US","og_type":"article","og_title":"Los hoteleros madrile\u00f1os prev\u00e9n una ocupaci\u00f3n media del 80% para las fiestas del Orgullo 2019","og_description":"Los hoteleros madrile\u00f1os prev\u00e9n alcanzar una ocupaci\u00f3n media del 80% desde el mi\u00e9rcoles 3 al s\u00e1bado 6 de julio con motivo de la celebraci\u00f3n del Orgullo LGBT","og_url":"https:\/\/aehm.es\/los-hoteleros-madrilenos-preven-una-ocupacion-media-del-80-para-las-fiestas-del-orgullo-2019\/","og_site_name":"AEHM","article_publisher":"https:\/\/www.instagram.com\/hotelesdemadrid\/","article_published_time":"2019-07-02T08:54:46+00:00","og_image":[{"width":1200,"height":573,"url":"https:\/\/aehm.es\/wp-content\/uploads\/2019\/07\/Madrid_Pride_Orgullo-1.jpg","type":"image\/jpeg"}],"author":"richard","twitter_card":"summary_large_image","twitter_title":"Los hoteleros madrile\u00f1os prev\u00e9n una ocupaci\u00f3n media del 80% para las fiestas del Orgullo 2019","twitter_description":"Los hoteleros madrile\u00f1os prev\u00e9n alcanzar una ocupaci\u00f3n media del 80% desde el mi\u00e9rcoles 3 al s\u00e1bado 6 de julio con motivo de la celebraci\u00f3n del Orgullo LGBT","twitter_image":"https:\/\/aehm.es\/wp-content\/uploads\/2019\/07\/Madrid_Pride_Orgullo-1.jpg","twitter_creator":"@HotelesAEHM","twitter_site":"@HotelesAEHM","twitter_misc":{"Written by":"richard","Est. reading time":"2 minutes"},"schema":{"@context":"https:\/\/schema.org","@graph":[{"@type":"Article","@id":"https:\/\/aehm.es\/los-hoteleros-madrilenos-preven-una-ocupacion-media-del-80-para-las-fiestas-del-orgullo-2019\/#article","isPartOf":{"@id":"https:\/\/aehm.es\/los-hoteleros-madrilenos-preven-una-ocupacion-media-del-80-para-las-fiestas-del-orgullo-2019\/"},"author":{"name":"richard","@id":"https:\/\/aehm.es\/#\/schema\/person\/ca1397f4b0bcee246b58a0278b67a95f"},"headline":"Los hoteleros madrile\u00f1os prev\u00e9n una ocupaci\u00f3n media del 80% para las fiestas del Orgullo 2019","datePublished":"2019-07-02T08:54:46+00:00","mainEntityOfPage":{"@id":"https:\/\/aehm.es\/los-hoteleros-madrilenos-preven-una-ocupacion-media-del-80-para-las-fiestas-del-orgullo-2019\/"},"wordCount":349,"commentCount":0,"publisher":{"@id":"https:\/\/aehm.es\/#organization"},"image":{"@id":"https:\/\/aehm.es\/los-hoteleros-madrilenos-preven-una-ocupacion-media-del-80-para-las-fiestas-del-orgullo-2019\/#primaryimage"},"thumbnailUrl":"https:\/\/aehm.es\/wp-content\/uploads\/2019\/07\/Madrid_Pride_Orgullo-1.jpg","articleSection":["Actualidad AEHM"],"inLanguage":"en-US","potentialAction":[{"@type":"CommentAction","name":"Comment","target":["https:\/\/aehm.es\/los-hoteleros-madrilenos-preven-una-ocupacion-media-del-80-para-las-fiestas-del-orgullo-2019\/#respond"]}]},{"@type":"WebPage","@id":"https:\/\/aehm.es\/los-hoteleros-madrilenos-preven-una-ocupacion-media-del-80-para-las-fiestas-del-orgullo-2019\/","url":"https:\/\/aehm.es\/los-hoteleros-madrilenos-preven-una-ocupacion-media-del-80-para-las-fiestas-del-orgullo-2019\/","name":"Los hoteleros madrile\u00f1os prev\u00e9n una ocupaci\u00f3n media del 80% para las fiestas del Orgullo 2019 - AEHM","isPartOf":{"@id":"https:\/\/aehm.es\/#website"},"primaryImageOfPage":{"@id":"https:\/\/aehm.es\/los-hoteleros-madrilenos-preven-una-ocupacion-media-del-80-para-las-fiestas-del-orgullo-2019\/#primaryimage"},"image":{"@id":"https:\/\/aehm.es\/los-hoteleros-madrilenos-preven-una-ocupacion-media-del-80-para-las-fiestas-del-orgullo-2019\/#primaryimage"},"thumbnailUrl":"https:\/\/aehm.es\/wp-content\/uploads\/2019\/07\/Madrid_Pride_Orgullo-1.jpg","datePublished":"2019-07-02T08:54:46+00:00","description":"Los hoteleros madrile\u00f1os prev\u00e9n alcanzar una ocupaci\u00f3n media del 80% desde el mi\u00e9rcoles 3 al s\u00e1bado 6 de julio con motivo de la celebraci\u00f3n del Orgullo LGBT","breadcrumb":{"@id":"https:\/\/aehm.es\/los-hoteleros-madrilenos-preven-una-ocupacion-media-del-80-para-las-fiestas-del-orgullo-2019\/#breadcrumb"},"inLanguage":"en-US","potentialAction":[{"@type":"ReadAction","target":["https:\/\/aehm.es\/los-hoteleros-madrilenos-preven-una-ocupacion-media-del-80-para-las-fiestas-del-orgullo-2019\/"]}]},{"@type":"ImageObject","inLanguage":"en-US","@id":"https:\/\/aehm.es\/los-hoteleros-madrilenos-preven-una-ocupacion-media-del-80-para-las-fiestas-del-orgullo-2019\/#primaryimage","url":"https:\/\/aehm.es\/wp-content\/uploads\/2019\/07\/Madrid_Pride_Orgullo-1.jpg","contentUrl":"https:\/\/aehm.es\/wp-content\/uploads\/2019\/07\/Madrid_Pride_Orgullo-1.jpg","width":1200,"height":573},{"@type":"BreadcrumbList","@id":"https:\/\/aehm.es\/los-hoteleros-madrilenos-preven-una-ocupacion-media-del-80-para-las-fiestas-del-orgullo-2019\/#breadcrumb","itemListElement":[{"@type":"ListItem","position":1,"name":"Portada","item":"https:\/\/aehm.es\/en\/"},{"@type":"ListItem","position":2,"name":"Los hoteleros madrile\u00f1os prev\u00e9n una ocupaci\u00f3n media del 80% para las fiestas del Orgullo 2019"}]},{"@type":"WebSite","@id":"https:\/\/aehm.es\/#website","url":"https:\/\/aehm.es\/","name":"Asociaci\u00f3n Empresarial Hotelera de Madrid","description":"La Asociaci\u00f3n Empresarial Hotelera Madrid est\u00e1 formada por m\u00e1s de 300 establecimientos de todas las categor\u00edas y tipolog\u00edas (hoteles, hostales, hostels, apartamentos\u2026) que suman m\u00e1s de 75.000 plazas de alojamiento.","publisher":{"@id":"https:\/\/aehm.es\/#organization"},"alternateName":"AEHM","potentialAction":[{"@type":"SearchAction","target":{"@type":"EntryPoint","urlTemplate":"https:\/\/aehm.es\/?s={search_term_string}"},"query-input":{"@type":"PropertyValueSpecification","valueRequired":true,"valueName":"search_term_string"}}],"inLanguage":"en-US"},{"@type":"Organization","@id":"https:\/\/aehm.es\/#organization","name":"Asociaci\u00f3n Empresarial Hotelera de Madrid","url":"https:\/\/aehm.es\/","logo":{"@type":"ImageObject","inLanguage":"en-US","@id":"https:\/\/aehm.es\/#\/schema\/logo\/image\/","url":"https:\/\/aehm.es\/wp-content\/uploads\/2021\/11\/Logo_AEHM_Horiz.png","contentUrl":"https:\/\/aehm.es\/wp-content\/uploads\/2021\/11\/Logo_AEHM_Horiz.png","width":600,"height":182,"caption":"Asociaci\u00f3n Empresarial Hotelera de Madrid"},"image":{"@id":"https:\/\/aehm.es\/#\/schema\/logo\/image\/"},"sameAs":["https:\/\/www.instagram.com\/hotelesdemadrid\/","https:\/\/x.com\/HotelesAEHM","https:\/\/www.linkedin.com\/company\/11166072\/"]},{"@type":"Person","@id":"https:\/\/aehm.es\/#\/schema\/person\/ca1397f4b0bcee246b58a0278b67a95f","name":"richard","image":{"@type":"ImageObject","inLanguage":"en-US","@id":"https:\/\/secure.gravatar.com\/avatar\/dd2486a811ecc34bf766b7d8b17d0ea76674186c415867af39660e429e20e1a0?s=96&d=mm&r=g","url":"https:\/\/secure.gravatar.com\/avatar\/dd2486a811ecc34bf766b7d8b17d0ea76674186c415867af39660e429e20e1a0?s=96&d=mm&r=g","contentUrl":"https:\/\/secure.gravatar.com\/avatar\/dd2486a811ecc34bf766b7d8b17d0ea76674186c415867af39660e429e20e1a0?s=96&d=mm&r=g","caption":"richard"},"url":"https:\/\/aehm.es\/en\/author\/richard\/"}]}},"_links":{"self":[{"href":"https:\/\/aehm.es\/en\/wp-json\/wp\/v2\/posts\/5887","targetHints":{"allow":["GET"]}}],"collection":[{"href":"https:\/\/aehm.es\/en\/wp-json\/wp\/v2\/posts"}],"about":[{"href":"https:\/\/aehm.es\/en\/wp-json\/wp\/v2\/types\/post"}],"author":[{"embeddable":true,"href":"https:\/\/aehm.es\/en\/wp-json\/wp\/v2\/users\/1"}],"replies":[{"embeddable":true,"href":"https:\/\/aehm.es\/en\/wp-json\/wp\/v2\/comments?post=5887"}],"version-history":[{"count":0,"href":"https:\/\/aehm.es\/en\/wp-json\/wp\/v2\/posts\/5887\/revisions"}],"wp:featuredmedia":[{"embeddable":true,"href":"https:\/\/aehm.es\/en\/wp-json\/wp\/v2\/media\/5888"}],"wp:attachment":[{"href":"https:\/\/aehm.es\/en\/wp-json\/wp\/v2\/media?parent=5887"}],"wp:term":[{"taxonomy":"category","embeddable":true,"href":"https:\/\/aehm.es\/en\/wp-json\/wp\/v2\/categories?post=5887"},{"taxonomy":"post_tag","embeddable":true,"href":"https:\/\/aehm.es\/en\/wp-json\/wp\/v2\/tags?post=5887"}],"curies":[{"name":"wp","href":"https:\/\/api.w.org\/{rel}","templated":true}]}}