{"id":4934,"date":"2018-12-21T08:41:55","date_gmt":"2018-12-21T08:41:55","guid":{"rendered":"https:\/\/aehm.es\/?p=4934"},"modified":"2018-12-21T08:41:55","modified_gmt":"2018-12-21T08:41:55","slug":"los-hoteles-de-madrid-abren-sus-puertas-por-navidad-2018","status":"publish","type":"post","link":"https:\/\/aehm.es\/en\/los-hoteles-de-madrid-abren-sus-puertas-por-navidad-2018\/","title":{"rendered":"Los hoteles de Madrid abren sus puertas por Navidad (2018)"},"content":{"rendered":"<p>Los hoteles de Madrid ofrecen, para estas fechas navide\u00f1as, una amplia selecci\u00f3n de men\u00fas especiales con una extensa oferta gastron\u00f3mica, dise\u00f1ada y elaborada de la mano de grandes chefs para que disfrutes de una Nochebuena, Navidad, Nochevieja y D\u00eda de Reyes acompa\u00f1ada de tus familiares y amigos en un entorno \u00fanico.<\/p>\n<p>Consulta el listado de hoteles y sus ofertas (men\u00fas especiales en las fechas se\u00f1aladas). M\u00e1s informaci\u00f3n y reservas en los enlaces, correos y n\u00fameros indicados.<\/p>\n<h3>HOTEL MELI\u00c1 CASTILLA (<a href=\"https:\/\/aehm.es\/wp-content\/uploads\/2018\/12\/programa-navidad-MELIA-CASTILLA.pdf\" target=\"_blank\" rel=\"noopener noreferrer\">ver programaci\u00f3n<\/a>)<\/h3>\n<p><strong>Cena de gala nochebuena<\/strong><\/p>\n<ul>\n<li><strong>FECHAS<\/strong>: d\u00eda 24 a las 21:00h.<\/li>\n<li><strong>PRECIOS<\/strong>: 160\u20ac (ni\u00f1os menores 12 a\u00f1os &#8211; 45\u20ac)<\/li>\n<li><strong>LUGAR: <\/strong>MELI\u00c1 MADRID CASTILLA, Poeta Joan Maragall 43 &#8211; 28020 Madrid<\/li>\n<li><strong>CORREO RESERVAS<\/strong>: <a href=\"mailto:navidad.melia.castilla@melia.com\">melia.castilla@melia.com<\/a><\/li>\n<li><strong>TEL\u00c9FONO RESERVAS:<\/strong> 915 678 322 de 9:00h. a 18:00h.<\/li>\n<\/ul>\n<p><strong>Almuerzo navidad<\/strong><\/p>\n<ul>\n<li><strong>FECHA:<\/strong> d\u00eda 25 de 13:00h. a 16:00h.<\/li>\n<li><strong>PRECIO: <\/strong>75\u20ac\/45\u20ac<\/li>\n<li><strong>LUGAR: <\/strong>MELI\u00c1 MADRID CASTILLA, Poeta Joan Maragall 43 &#8211; 28020 Madrid<\/li>\n<li><strong>CORREO RESERVAS<\/strong>: <a href=\"mailto:navidad.melia.castilla@melia.com\">melia.castilla@melia.com<\/a><\/li>\n<li><strong>TEL\u00c9FONO RESERVAS:<\/strong> 915 678 322 de 9:00h. a 18:00h.<\/li>\n<\/ul>\n<p><strong>Cena de la gala fin de a\u00f1o (con cotill\u00f3n, discoteca y barra libre)<\/strong><\/p>\n<ul>\n<li><strong>FECHA<\/strong>: d\u00eda 31 a las 21:00h.<\/li>\n<li><strong>PRECIO<\/strong>: 290\u20ac\/140\u20ac<\/li>\n<li><strong>LUGAR: <\/strong>MELI\u00c1 MADRID CASTILLA, Poeta Joan Maragall 43 &#8211; 28020 Madrid<\/li>\n<li><strong>CORREO RESERVAS<\/strong>: <a href=\"mailto:navidad.melia.castilla@melia.com\">melia.castilla@melia.com<\/a><\/li>\n<li><strong>TEL\u00c9FONO RESERVAS:<\/strong> 915 678 322 de 9:00h. a 18:00h.<\/li>\n<\/ul>\n<p><strong>Buffet de gala fin de a\u00f1o<\/strong><\/p>\n<ul>\n<li><strong>FECHAS<\/strong>: D\u00eda 31 a las 21:00h.<\/li>\n<li><strong>PRECIO<\/strong>:195\u20ac\/85\u20ac<\/li>\n<li><strong>LUGAR: <\/strong>MELI\u00c1 MADRID CASTILLA, Poeta Joan Maragall 43 &#8211; 28020 Madrid<\/li>\n<li><strong>CORREO RESERVAS<\/strong>: <a href=\"mailto:navidad.melia.castilla@melia.com\">melia.castilla@melia.com<\/a><\/li>\n<li><strong>TEL\u00c9FONO RESERVAS:<\/strong> 915 678 322 de 9:00h. a 18:00h.<\/li>\n<\/ul>\n<p><strong>Brunch de navidad<\/strong><\/p>\n<ul>\n<li><strong>FECHAS<\/strong>: d\u00eda 25 de 13:00h. a 16:00h.<\/li>\n<li><strong>PRECIOS:<\/strong> 70\u20ac\/50\u20ac<\/li>\n<li><strong>LUGAR: <\/strong>MELI\u00c1 MADRID CASTILLA, Poeta Joan Maragall 43 &#8211; 28020 Madrid<\/li>\n<li><strong>CORREO RESERVAS<\/strong>: <a href=\"mailto:navidad.melia.castilla@melia.com\">melia.castilla@melia.com<\/a><\/li>\n<li><strong>TEL\u00c9FONO RESERVAS:<\/strong> 915 678 322 de 9:00h. a 18:00h.<\/li>\n<\/ul>\n<p><img fetchpriority=\"high\" decoding=\"async\" class=\"aligncenter wp-image-4943 size-full\" src=\"https:\/\/aehm.es\/wp-content\/uploads\/2018\/12\/melia-castilla.jpg\" alt=\"\" width=\"758\" height=\"95\" \/><\/p>\n<h3><strong>HOTEL ELBA MADRID ALCAL\u00c1<\/strong><\/h3>\n<p><strong>Gran Cena de Gala y Noche de Fiesta<\/strong><\/p>\n<ul>\n<li><strong>PRECIO<\/strong>: 190.00 \u20ac\u2013 iva incluido<\/li>\n<li><strong>FECHAS<\/strong>: 31\/12\/2018<\/li>\n<li><strong>LUGAR<\/strong>: Elba Madrid Alcal\u00e1. Calle de Alcal\u00e1, 476, 28027 Madrid<\/li>\n<li><strong>CORREO ELECTR\u00d3NICO\/ TEL\u00c9FONO DE CONTACTO PARA REALIZAR RESERVAS<\/strong>: <a href=\"mailto:Madrid.reservas@hoteleselba.com\">Madrid.reservas@hoteleselba.com<\/a> \u2013 91375 68 00<\/li>\n<li><strong>ADJUNTOS:<\/strong>\u00a0<a href=\"https:\/\/aehm.es\/wp-content\/uploads\/2018\/12\/Programa-FIN-DE-A\u00d1O-2018_Madrid-Alcal\u00e1.pdf\" target=\"_blank\" rel=\"noopener noreferrer\">programa<\/a>, <a href=\"https:\/\/aehm.es\/wp-content\/uploads\/2018\/12\/Men\u00fa-FIN-DE-A\u00d1O-2018_Madrid-Alcal\u00e1.pdf\" target=\"_blank\" rel=\"noopener noreferrer\">men\u00fa<\/a>\u00a0y <a href=\"https:\/\/aehm.es\/wp-content\/uploads\/2018\/12\/EARLY-BOOKING-FIN-DE-A\u00d1O-2018_Madrid-Alcal\u00e1.pdf\" target=\"_blank\" rel=\"noopener noreferrer\">paquete de la cena con alojamiento<\/a>.<\/li>\n<\/ul>\n<h3><strong>HOTEL COURTYARD BY MARRYOT MADRID PRINCESA (<a href=\"https:\/\/aehm.es\/wp-content\/uploads\/2018\/12\/Men\u00fa-de-Navidad-2018-courtyard-princesa.pdf\" target=\"_blank\" rel=\"noopener noreferrer\">ver men\u00fa<\/a>)<\/strong><\/h3>\n<p><strong>Cena de Nochebuena<\/strong><\/p>\n<ul>\n<li><strong>PRECIO<\/strong>: 91,00\u20ac por persona, IVA Incluido<\/li>\n<li><strong>FECHAS<\/strong>: 24 de Diciembre 2018<\/li>\n<li><strong>LUGAR:<\/strong> Salones del Hotel Courtyard by Marriott Madrid Princesa<\/li>\n<li><strong>CORREO ELECTR\u00d3NICO\/ TEL\u00c9FONO DE CONTACTO PARA REALIZAR RESERVAS:<\/strong> eventos@hotelprincesa.es \/ Tel\u00e9fono: 687 03 41 88<\/li>\n<\/ul>\n<p><img decoding=\"async\" class=\"wp-image-4956 size-medium alignright\" src=\"https:\/\/aehm.es\/wp-content\/uploads\/2018\/12\/courtyard-princesa-300x200.jpg\" alt=\"\" width=\"300\" height=\"200\" \/><\/p>\n<p><strong>Almuerzo de Navidad<\/strong><\/p>\n<ul>\n<li><strong>PRECIO<\/strong>: 65,00\u20ac por persona, IVA Incluido<\/li>\n<li><strong>FECHAS<\/strong>: 25 de Diciembre 2018<\/li>\n<li><strong>LUGAR<\/strong>: Salones del Hotel Courtyard by Marriott Madrid Princesa<\/li>\n<li><strong>CORREO ELECTR\u00d3NICO\/ TEL\u00c9FONO DE CONTACTO PARA REALIZAR RESERVAS<\/strong>: eventos@hotelprincesa.es \/ Tel\u00e9fono: 687 03 41 88<\/li>\n<\/ul>\n<p><img decoding=\"async\" class=\"wp-image-4954 size-medium alignright\" src=\"https:\/\/aehm.es\/wp-content\/uploads\/2018\/12\/courtyard-princesa-3-300x200.jpg\" alt=\"\" width=\"300\" height=\"200\" \/><\/p>\n<p><strong>Cena de Nochevieja<\/strong><\/p>\n<ul>\n<li><strong>PRECIO:<\/strong> 195,00\u20ac por persona, IVA Incluido<\/li>\n<li><strong>FECHAS<\/strong>: 31 de Diciembre 2018<\/li>\n<li><strong>LUGAR:<\/strong> Salones del Hotel Courtyard by Marriott Madrid Princesa<\/li>\n<li><strong>CORREO ELECTR\u00d3NICO\/ TEL\u00c9FONO DE CONTACTO PARA REALIZAR RESERVAS<\/strong>: eventos@hotelprincesa.es \/ Tel\u00e9fono: 687 03 41 88<\/li>\n<\/ul>\n<h3><strong>HOTEL WELLINGTON (<a href=\"https:\/\/aehm.es\/wp-content\/uploads\/2018\/12\/Men\u00fa-Navidad-2018-wellington.pdf\" target=\"_blank\" rel=\"noopener noreferrer\">ver men\u00fa<\/a>)<\/strong><\/h3>\n<p><img loading=\"lazy\" decoding=\"async\" class=\"size-medium wp-image-4961 alignright\" src=\"https:\/\/aehm.es\/wp-content\/uploads\/2018\/12\/MG_1349-247x300.jpg\" alt=\"\" width=\"247\" height=\"300\" \/><\/p>\n<p><strong>Cena de Nochebuena<\/strong><\/p>\n<ul>\n<li><strong>PRECIO: <\/strong>220\u20ac men\u00fa infantil 100\u20ac<\/li>\n<li><strong>FECHAS: <\/strong>24 de diciembre desde las 20:30h.<\/li>\n<li><strong>LUGAR<\/strong>: Hotel Wellington<\/li>\n<li><strong>CORREO ELECTR\u00d3NICO:<\/strong>comercial@hotel-wellington.com<\/li>\n<li><strong>TEL\u00c9FONO RESERVAS:<\/strong> 91 423 14 70\/80 de lunes a viernes de 08:00h. a 20:00h.<\/li>\n<\/ul>\n<p>&nbsp;<\/p>\n<p><strong>Cena de Gala de Nochevieja y cotill\u00f3n<\/strong><\/p>\n<ul>\n<li><strong>PRECIO: <\/strong>450\u20ac men\u00fa infantil 200\u20ac<\/li>\n<li><strong>FECHAS: <\/strong>31 de Diciembre desde las 20:30h. y a las 03:00h. picoteo de a\u00f1o nuevo.<\/li>\n<li><strong>LUGAR: <\/strong>Hotel Wellington<\/li>\n<li><strong>CORREO ELECTR\u00d3NICO:<\/strong> comercial@hotel-wellington.com<\/li>\n<li><strong>TEL\u00c9FONO RESERVAS:<\/strong> 91 423 14 70\/80 de lunes a viernes de 08:00h. a 20:00h.<\/li>\n<\/ul>\n<p><img loading=\"lazy\" decoding=\"async\" class=\"size-medium wp-image-4965 alignright\" src=\"https:\/\/aehm.es\/wp-content\/uploads\/2018\/12\/FunkyBoogie-Wellington-343-200x300.jpg\" alt=\"\" width=\"200\" height=\"300\" \/><\/p>\n<p>&nbsp;<\/p>\n<p><strong>Gran buffet de Navidad<\/strong><\/p>\n<ul>\n<li><strong>PRECIO: <\/strong>130\u20ac men\u00fa infantil 70\u20ac<\/li>\n<li><strong>FECHAS<\/strong>: 25 de Diciembre a partir de las 13:00h.<\/li>\n<li><strong>LUGAR:<\/strong> Hotel Wellington<\/li>\n<li><strong>CORREO ELECTR\u00d3NICO:<\/strong> comercial@hotel-wellington.com<\/li>\n<li><strong>TEL\u00c9FONO RESERVAS:<\/strong> 91 423 14 70\/80 de lunes a viernes de 08:00h. a 20:00h.<\/li>\n<\/ul>\n<p>&nbsp;<\/p>\n<p><strong>Gran buffet de a\u00f1o nuevo<\/strong><\/p>\n<ul>\n<li><strong>PRECIO: <\/strong>130\u20ac men\u00fa infantil 70\u20ac<\/li>\n<li><strong>FECHAS: <\/strong>1 de enero a partir de las 13:00h.<\/li>\n<li><strong>LUGAR: <\/strong>Hotel Wellington<\/li>\n<li><strong>CORREO ELECT.:<\/strong> comercial@hotel-wellington.com<\/li>\n<li><strong>TEL\u00c9FONO RESERVAS:<\/strong> 91 423 14 70\/80 de lunes a viernes de 08:00h. a 20:00h.<\/li>\n<\/ul>\n<h3><img loading=\"lazy\" decoding=\"async\" class=\"size-medium wp-image-4963 alignright\" src=\"https:\/\/aehm.es\/wp-content\/uploads\/2018\/12\/FunkyBoogie-Wellington-342-200x300.jpg\" alt=\"\" width=\"200\" height=\"300\" \/><\/h3>\n<p>&nbsp;<\/p>\n<p><strong>Almuerzo Buffet Reyes<\/strong><\/p>\n<ul>\n<li><strong>PRECIO: <\/strong>95\u20ac men\u00fa infantil 55\u20ac<\/li>\n<li><strong>FECHAS: <\/strong>6 de Enero a partir de las 13:00 horas<\/li>\n<li><strong>LUGAR: <\/strong>Hotel Wellington<\/li>\n<li><strong>CORREO ELECT.: <\/strong>comercial@hotel-wellington.com<\/li>\n<li><strong>TEL\u00c9FONO RESERVAS:<\/strong> 91 423 14 70\/80 de lunes a viernes de 08:00h. a 20:00h.<\/li>\n<\/ul>\n<h3><\/h3>\n<h3><strong>HOTEL INTERCONTINENTAL MADRID (<a href=\"https:\/\/aehm.es\/wp-content\/uploads\/2018\/12\/InterContinental-Madrid-Galas-de-Navidad-2018.pdf\" target=\"_blank\" rel=\"noopener noreferrer\">ver men\u00fa<\/a>)<\/strong><\/h3>\n<p><strong>Celebraci\u00f3n de cada Gala Nochebuena<\/strong><\/p>\n<ul>\n<li><strong>PRECIO:<\/strong> 205 \u20ac men\u00fa infantil 80 \u20ac<\/li>\n<li><strong>FECHAS<\/strong>: 24 de diciembre (21:00hrs.)<\/li>\n<li><strong>RESERVAS<\/strong>: <a href=\"mailto:banquetes.icmadrid@ihg.com\">banquetes.icmadrid@ihg.com<\/a> y 91 700 73 71<\/li>\n<\/ul>\n<p><strong>Brunch de Navidad<\/strong><\/p>\n<ul>\n<li><strong>PRECIO:<\/strong> 155 \u20ac 75 \u20ac<\/li>\n<li><strong>FECHAS<\/strong>: 25 de diciembre (13:30hrs.)<\/li>\n<li><strong>RESERVAS<\/strong>: <a href=\"mailto:banquetes.icmadrid@ihg.com\">banquetes.icmadrid@ihg.com<\/a> y 91 700 73 71<\/li>\n<\/ul>\n<p><strong>Gala de Nochevieja\u00a0<\/strong><\/p>\n<ul>\n<li><strong>PRECIO:<\/strong> 495 \u20ac 150 \u20ac (con cotill\u00f3n +150\u20ac)<\/li>\n<li><strong>FECHAS<\/strong>: 31 de diciembre (21:00hrs.)<\/li>\n<li><strong>RESERVAS<\/strong>: <a href=\"mailto:banquetes.icmadrid@ihg.com\">banquetes.icmadrid@ihg.com<\/a> y 91 700 73 71<\/li>\n<\/ul>\n<p><strong>Brunch de A\u00f1o Nuevo<\/strong><\/p>\n<ul>\n<li><strong>PRECIO:<\/strong> 155 \u20ac 75 \u20ac<\/li>\n<li><strong>FECHAS<\/strong>: 1 de Enero (13:30hrs.)<\/li>\n<li><strong>RESERVAS<\/strong>: <a href=\"mailto:banquetes.icmadrid@ihg.com\">banquetes.icmadrid@ihg.com<\/a> y 91 700 73 71<\/li>\n<\/ul>\n<p><strong>Gala de Reyes<\/strong><\/p>\n<ul>\n<li><strong>PRECIO:<\/strong> 155 \u20ac 75 \u20ac<\/li>\n<li><strong>FECHAS<\/strong>: 5 de Enero (21:00hrs.)<\/li>\n<li><strong>RESERVAS<\/strong>: <a href=\"mailto:banquetes.icmadrid@ihg.com\">banquetes.icmadrid@ihg.com<\/a> y 91 700 73 71<\/li>\n<\/ul>\n<p><strong>Brunch de Reyes<\/strong><\/p>\n<ul>\n<li><strong>PRECIO:<\/strong> 120 \u20ac 60 \u20ac<\/li>\n<li><strong>FECHAS<\/strong>: 6 de Enero (13:30hrs.)<\/li>\n<li><strong>RESERVAS<\/strong>: <a href=\"mailto:banquetes.icmadrid@ihg.com\">banquetes.icmadrid@ihg.com<\/a> y 91 700 73 71<\/li>\n<\/ul>\n<h3><strong>EL ENCIN GOLF<\/strong><\/h3>\n<p><strong>Men\u00fa degustaci\u00f3n d\u00eda de Navidad (<a href=\"https:\/\/aehm.es\/wp-content\/uploads\/2018\/12\/MENU-DIA-DE-NAVIDAD-EL-ENCIN-2018.pdf\" target=\"_blank\" rel=\"noopener noreferrer\">ver men\u00fa<\/a>)<\/strong><\/p>\n<ul>\n<li><strong>PRECIO: <\/strong>43\u20ac 23\u20ac<\/li>\n<li><strong>FECHAS: <\/strong>25 de Diciembre<\/li>\n<li><strong>LUGAR: <\/strong>El Encin Golf Club<\/li>\n<li><strong>RESERVAS: <\/strong><a href=\"mailto:encineventos@saboresmasquegolf.com\/918307069\">encineventos@saboresmasquegolf.com\/918307069<\/a><\/li>\n<\/ul>\n<p><strong>Men\u00fa degustaci\u00f3n A\u00f1o Nuevo (<a href=\"https:\/\/aehm.es\/wp-content\/uploads\/2018\/12\/MENU-A\u00d1O-NUEVO-Y-REYES-ENCIN-2018.pdf\" target=\"_blank\" rel=\"noopener noreferrer\">ver men\u00fa<\/a>)<\/strong><\/p>\n<ul>\n<li><strong>PRECIO: <\/strong>43\u20ac 23\u20ac<\/li>\n<li><strong>FECHAS: <\/strong>1 de Enero 2019<\/li>\n<li><strong>LUGAR: <\/strong>El Encin Golf Club<\/li>\n<li><strong>RESERVAS: <\/strong><a href=\"mailto:encineventos@saboresmasquegolf.com\/918307069\">encineventos@saboresmasquegolf.com\/918307069<\/a><\/li>\n<\/ul>\n<p><strong>Men\u00fa degustaci\u00f3n Reyes (<a href=\"https:\/\/aehm.es\/wp-content\/uploads\/2018\/12\/MENU-A\u00d1O-NUEVO-Y-REYES-ENCIN-2018.pdf\" target=\"_blank\" rel=\"noopener noreferrer\">ver men\u00fa<\/a>)<\/strong><\/p>\n<ul>\n<li><strong>PRECIO: <\/strong>43\u20ac 23\u20ac<\/li>\n<li><strong>FECHAS: <\/strong>6 de Enero 2019<\/li>\n<li><strong>LUGAR: <\/strong>El Encin Golf Club<\/li>\n<li><strong>RESERVAS: <\/strong><a href=\"mailto:encineventos@saboresmasquegolf.com\/918307069\">encineventos@saboresmasquegolf.com\/918307069<\/a><\/li>\n<\/ul>\n<h3><strong>POSADA DEL DRAG\u00d3N<\/strong><\/h3>\n<p><strong>Cena 24 diciembre*<\/strong><\/p>\n<ul>\n<li><strong>LUGAR:<\/strong> Posada del Drag\u00f3n, restaurante La Anto\u00f1ita. C\/ Cava Baja 14, 28005 Madrid<\/li>\n<li><strong>RESERVAS<\/strong>: 911191423\u00a0<a href=\"mailto:info@posadadeldragon.com\">info@posadadeldragon.com<\/a><\/li>\n<li><strong>PRECIOS: <\/strong>89\u20ac<\/li>\n<\/ul>\n<p><strong>*Ver men\u00fa:<\/strong> <a href=\"https:\/\/aehm.es\/wp-content\/uploads\/2018\/12\/Menu\u0301-Nochebuena-Posada-del-Drago\u0301n-2018.pdf\" target=\"_blank\" rel=\"noopener noreferrer\">en espa\u00f1ol<\/a>, <a href=\"https:\/\/aehm.es\/wp-content\/uploads\/2018\/12\/Menu-Nochebuena-2018-EN-Posada-del-Dragon.pdf\" target=\"_blank\" rel=\"noopener noreferrer\">en ingl\u00e9s<\/a> y <a href=\"https:\/\/aehm.es\/wp-content\/uploads\/2018\/12\/Menu\u0301-Infantil-Navidad-Posada-del-Drago\u0301n.pdf\" target=\"_blank\" rel=\"noopener noreferrer\">men\u00fa infantil<\/a><\/p>\n<p><strong>Cena 31 de diciembre*<\/strong><\/p>\n<ul>\n<li><strong>LUGAR:<\/strong> Posada del Drag\u00f3n, restaurante La Anto\u00f1ita. C\/ Cava Baja 14, 28005 Madrid<\/li>\n<li><strong>RESERVAS<\/strong>: 911191423\u00a0<a href=\"mailto:info@posadadeldragon.com\">info@posadadeldragon.com<\/a><\/li>\n<li><strong>PRECIOS: <\/strong>99\u20ac<\/li>\n<\/ul>\n<p><strong>*Ver men\u00fa:<\/strong> <a href=\"https:\/\/aehm.es\/wp-content\/uploads\/2018\/12\/Nochevieja-Posada-del-Drago\u0301n-2018.pdf\" target=\"_blank\" rel=\"noopener noreferrer\">en espa\u00f1ol<\/a> y <a href=\"https:\/\/aehm.es\/wp-content\/uploads\/2018\/12\/Menu-Nochevieja-2018-EN-Posada-del-Dragon.pdf\" target=\"_blank\" rel=\"noopener noreferrer\">en ingl\u00e9s<\/a><\/p>\n<h3><strong>HOTEL HYATT GRAN V\u00cdA<\/strong><\/h3>\n<p><img loading=\"lazy\" decoding=\"async\" class=\"wp-image-4994 size-medium alignright\" src=\"https:\/\/aehm.es\/wp-content\/uploads\/2018\/12\/hyatt-granv-300x201.jpg\" alt=\"\" width=\"300\" height=\"201\" \/><\/p>\n<p><strong>Men\u00fa Nochebuena<\/strong><\/p>\n<ul>\n<li><strong>PRECIO:<\/strong> 90 \u20ac<\/li>\n<li><strong>FECHAS:<\/strong> 24 de diciembre<\/li>\n<li><strong>LUGAR: <\/strong>restaurante Hielo y Carb\u00f3n<\/li>\n<li><strong>CORREO ELECTR\u00d3NICO\/ TEL\u00c9FONO DE CONTACTO PARA REALIZAR RESERVAS:<\/strong> <a href=\"mailto:hieloycarbon@hyatt.com\">hieloycarbon@hyatt.com<\/a><\/li>\n<\/ul>\n<p><strong>The Brunch Navidad<\/strong><\/p>\n<ul>\n<li><strong>PRECIO:<\/strong> 50 \u20ac<\/li>\n<li><strong>FECHAS<\/strong>: 25 de diciembre<\/li>\n<li><strong>LUGAR:<\/strong> Hielo y Carb\u00f3n<\/li>\n<li><strong>CORREO ELECTR\u00d3NICO\/ TEL\u00c9FONO DE CONTACTO PARA REALIZAR RESERVAS:<\/strong> <a href=\"mailto:hieloycarbon@hyatt.com\">hieloycarbon@hyatt.com<\/a><\/li>\n<\/ul>\n<p><img loading=\"lazy\" decoding=\"async\" class=\"size-medium wp-image-4990 alignright\" src=\"https:\/\/aehm.es\/wp-content\/uploads\/2018\/12\/hyatt-gran-via3-300x200.jpg\" alt=\"\" width=\"300\" height=\"200\" \/><\/p>\n<p><strong>Men\u00fa Fin de A\u00f1o<\/strong><\/p>\n<ul>\n<li><strong>PRECIO<\/strong>: 130 \u20ac<\/li>\n<li><strong>FECHAS:<\/strong> 31 de diciembre<\/li>\n<li><strong>LUGAR<\/strong>: Hielo y Carb\u00f3n<\/li>\n<li><strong>CORREO ELECTR\u00d3NICO\/ TEL\u00c9FONO DE CONTACTO PARA REALIZAR RESERVAS: <\/strong><a href=\"mailto:hieloycarbon@hyatt.com\">hieloycarbon@hyatt.com<\/a><\/li>\n<\/ul>\n<p>&nbsp;<\/p>\n<p><strong>The Brunch A\u00f1o Nuevo<\/strong><\/p>\n<ul>\n<li><strong>PRECIO<\/strong>: 50 \u20ac<\/li>\n<li><strong>FECHAS<\/strong>: 1 de enero<\/li>\n<li><strong>LUGAR:<\/strong> Hielo y Carb\u00f3n<img loading=\"lazy\" decoding=\"async\" class=\"size-medium wp-image-4996 alignright\" src=\"https:\/\/aehm.es\/wp-content\/uploads\/2018\/12\/hyatt-gv-2-200x300.jpg\" alt=\"\" width=\"200\" height=\"300\" \/><\/li>\n<li><strong>CORREO ELECTR\u00d3NICO\/ TEL\u00c9FONO DE CONTACTO PARA REALIZAR RESERVAS:<\/strong>\u00a0<a href=\"mailto:hieloycarbon@hyatt.com\">hieloycarbon@hyatt.com<\/a><\/li>\n<\/ul>\n<p>&nbsp;<\/p>\n<p><strong>The Brunch Reyes Magos<\/strong><\/p>\n<ul>\n<li><strong>PRECIO<\/strong>: 50 \u20ac<\/li>\n<li><strong>FECHAS:<\/strong> 6 de enero<\/li>\n<li><strong>LUGAR<\/strong>: Hielo y Carb\u00f3n<\/li>\n<li><strong>CORREO ELECTR\u00d3NICO\/ TEL\u00c9FONO DE CONTACTO PARA REALIZAR RESERVAS: <\/strong><a href=\"mailto:hieloycarbon@hyatt.com\">hieloycarbon@hyatt.com<\/a><\/li>\n<\/ul>\n<p>&nbsp;<\/p>\n<p><img loading=\"lazy\" decoding=\"async\" class=\"size-medium wp-image-4992 alignright\" src=\"https:\/\/aehm.es\/wp-content\/uploads\/2018\/12\/hyatt-gran-via4-300x200.jpg\" alt=\"\" width=\"300\" height=\"200\" \/><\/p>\n<p><strong>Rosc\u00f3n de Reyes y chocolate San Gin\u00e9s<\/strong><\/p>\n<ul>\n<li><strong>PRECIO<\/strong>: 10,50 \u20ac<\/li>\n<li><strong>FECHAS:<\/strong> Del 24 de noviembre al 6 de enero<\/li>\n<li><strong>LUGAR<\/strong>: Ondas: vermuter\u00eda + lounge<\/li>\n<li><strong>CORREO ELECTR\u00d3NICO\/ TEL\u00c9FONO DE CONTACTO PARA REALIZAR RESERVAS<\/strong>: <a href=\"mailto:hieloycarbon@hyatt.com\">hieloycarbon@hyatt.com<\/a><\/li>\n<\/ul>\n<h3><strong>POSADA DEL LE\u00d3N<\/strong><\/h3>\n<p><strong>Cena de Gala de Nochebuena<\/strong><\/p>\n<ul>\n<li><strong>PRECIO<\/strong>: 89\u20ac PAX Men\u00fa Adulto (<a href=\"https:\/\/aehm.es\/wp-content\/uploads\/2018\/12\/Menu\u0301-Nochebuena-2018-posada-del-leon.pdf\" target=\"_blank\" rel=\"noopener noreferrer\">ver men\u00fa<\/a>)<\/li>\n<li><strong>PRECIO<\/strong>: 49\u20ac PAX Men\u00fa Ni\u00f1o (<a href=\"https:\/\/aehm.es\/wp-content\/uploads\/2018\/12\/Menu\u0301-Infantil-Navidad-2018-posada-del-leon.pdf\" target=\"_blank\" rel=\"noopener noreferrer\">ver men\u00fa<\/a>)<\/li>\n<li><strong>FECHA<\/strong>: 24 DE DICIEMBRE DE 2018<\/li>\n<li><strong>HORA:<\/strong> 21:00<\/li>\n<li><strong>LUGAR<\/strong>: Posada del Le\u00f3n de Oro \u2013 C\/ Cava Baja 12, Madrid<\/li>\n<li><strong>CORREO DE CONTACTO<u>:<\/u><\/strong><u> <a href=\"mailto:info@posadadelleondeoro.com\">info@posadadelleondeoro.com<\/a><\/u><\/li>\n<li><b>TEL\u00c9FONO<\/b>: 91.119.14.94<\/li>\n<li><strong>IM\u00c1GENES<\/strong>: men\u00fas adjuntos<\/li>\n<\/ul>\n<p><strong>Cena de Gala de Nochevieja (ver men\u00fa)<\/strong><\/p>\n<ul>\n<li><strong>PRECIO<\/strong>: 99\u20ac PAX<\/li>\n<li><strong>PRECIO<\/strong>: 49\u20ac PAX Men\u00fa Ni\u00f1o (hasta 12 a\u00f1os)<\/li>\n<li><strong>FECHA<\/strong>: 24 DE DICIEMBRE DE 2018<\/li>\n<li><strong>HORA<\/strong>: 21:00<\/li>\n<li><strong>LUGAR<\/strong>: Posada del Le\u00f3n de Oro \u2013 C\/ Cava Baja 12, Madrid<\/li>\n<li><strong>CORREO DE CONTACTO<\/strong>: <a href=\"mailto:info@posadadelleondeoro.com\">info@posadadelleondeoro.com<\/a><\/li>\n<li><b>TEL\u00c9FONO<\/b>: 91.119.14.94<\/li>\n<li><strong>IM\u00c1GENES<\/strong>: men\u00fas adjuntos<\/li>\n<\/ul>\n<h3><strong>HOTEL NH COLLETION SUECIA*<\/strong><\/h3>\n<p><strong>Cena de Nochebuena<\/strong><\/p>\n<ul>\n<li><strong>PRECIO<\/strong>: 75\u20ac<\/li>\n<li><strong>FECHA<\/strong>: 24 de Diciembre<\/li>\n<li><strong>LUGAR: <\/strong>NH COLLECTION SUECIA<\/li>\n<li><strong>RESERVAS:<\/strong> 91 200 05 70 | <a href=\"mailto:j.garciaolivares@nh-hotels.com\">garciaolivares@nh-hotels.com<\/a><\/li>\n<\/ul>\n<p><strong>Comida de Navidad<\/strong><\/p>\n<ul>\n<li><strong>PRECIO:<\/strong>45\u20ac<\/li>\n<li><strong>FECHA: <\/strong>25 de Diciembre<\/li>\n<li><strong>LUGAR:<\/strong> NH COLLECTION SUECIA<\/li>\n<li><strong>RESERVAS: <\/strong>91 200 05 70 | <a href=\"mailto:j.garciaolivares@nh-hotels.com\">garciaolivares@nh-hotels.com<\/a><\/li>\n<\/ul>\n<p><strong>Cena de fin de a\u00f1o<\/strong><\/p>\n<ul>\n<li><strong>PRECIO: <\/strong>190\u20ac (con cotill\u00f3n y barra libre 230\u20ac)<\/li>\n<li><strong>FECHA: <\/strong>31 de Diciembre<\/li>\n<li><strong>LUGAR:<\/strong> NH COLLECTION SUECIA<\/li>\n<li><strong>RESERVAS: <\/strong>91 200 05 70 | <a href=\"mailto:j.garciaolivares@nh-hotels.com\">garciaolivares@nh-hotels.com<\/a><\/li>\n<\/ul>\n<p><strong>Brunch de a\u00f1o nuevo<\/strong><\/p>\n<ul>\n<li><strong>PRECIO: <\/strong>50\u20ac<\/li>\n<li><strong>FECHA: <\/strong>1 de Enero<\/li>\n<li><strong>LUGAR: <\/strong>NH COLLECTION SUECIA<\/li>\n<li><strong>RESERVAS:<\/strong> 91 200 05 70 | <a href=\"mailto:j.garciaolivares@nh-hotels.com\">garciaolivares@nh-hotels.com<\/a><\/li>\n<\/ul>\n<p><strong>Comida de Reyes<\/strong><\/p>\n<ul>\n<li><strong>PRECIO: <\/strong>25\u20ac<\/li>\n<li><strong>FECHA: <\/strong>6 de Enero<\/li>\n<li><strong>LUGAR: <\/strong>NH COLLECTION SUECIA<\/li>\n<li><strong>RESERVAS: <\/strong>91 200 05 70 | <a href=\"mailto:j.garciaolivares@nh-hotels.com\">garciaolivares@nh-hotels.com<\/a><\/li>\n<\/ul>\n<p><strong>*Ver men\u00fa:<\/strong> <a href=\"https:\/\/aehm.es\/wp-content\/uploads\/2018\/12\/CASA-SUECIA-Menu\u00b4s-NAVIDAD-2018-2019-ESP.pdf\" target=\"_blank\" rel=\"noopener noreferrer\">en espa\u00f1ol<\/a> y <a href=\"https:\/\/aehm.es\/wp-content\/uploads\/2018\/12\/CASA-SUECIA-Menu\u0301s-NAVIDAD-2018-2019-ENG.pdf\" target=\"_blank\" rel=\"noopener noreferrer\">en ingl\u00e9s<\/a><\/p>\n<h3><strong>LUSSO INFANTAS<\/strong><\/h3>\n<p><strong>Comidas y cenas navide\u00f1as de empresa o amigos (<a href=\"https:\/\/aehm.es\/wp-content\/uploads\/2018\/12\/ES-Men\u00fas-navidad-2018-lusso-infantas.pdf\" target=\"_blank\" rel=\"noopener noreferrer\">ver men\u00fa<\/a>)<\/strong><\/p>\n<ul>\n<li><strong>PRECIO: <\/strong>Desde 35 \u20ac hasta 50 \u20ac<\/li>\n<li><strong>FECHAS: <\/strong>Hasta el 6 de enero. Solo cerramos el 24 y el 31 de diciembre por la noche<\/li>\n<li><strong>LUGAR: <\/strong>Restaurante Ex libris<\/li>\n<li><strong>CORREO ELECTR\u00d3NICO\/ TEL\u00c9FONO DE CONTACTO PARA REALIZAR RESERVAS: \u00a0<\/strong><a href=\"mailto:exlibris@lussohoteles.com\">exlibris@lussohoteles.com<\/a> \/\/ +34 91 521 28 28<\/li>\n<\/ul>\n<h3><strong>PRINCESA DE \u00c9BOLI<\/strong><\/h3>\n<p><strong>Men\u00fa navidad empresas<\/strong><\/p>\n<ul>\n<li><strong>PRECIO:<\/strong> Cocktail de 32\u20ac o 40\u20ac<strong><br \/>\n<\/strong>Men\u00fa de 32\u20ac, 36\u20ac, 40\u20ac o 45\u20ac<\/li>\n<li><strong>RESERVAS:<\/strong> Tel\u00e9fono: 91 263 64 00 Email: comercial@hotelprincesadeeboli.com eventos@hotelprincesadeeboli.com<\/li>\n<\/ul>\n<p><strong>Gran gala fin de a\u00f1o<\/strong><\/p>\n<ul>\n<li><strong>FECHA: <\/strong>31 Diciembre<\/li>\n<li><strong>PRECIO: <\/strong>150\u20ac infantil 40\u20ac<\/li>\n<li><strong>RESERVAS:<\/strong> Tel\u00e9fono: 91 263 64 00 Email: comercial@hotelprincesadeeboli.com eventos@hotelprincesadeeboli.com<\/li>\n<\/ul>\n<p><strong>Brunch buffet a\u00f1o nuevo<\/strong><\/p>\n<ul>\n<li><strong>FECHA: <\/strong>1 de enero<\/li>\n<li><strong>PRECIO: <\/strong>18\u20ac infantil 12\u20ac<\/li>\n<li><strong>RESERVAS:<\/strong> Tel\u00e9fono: 91 263 64 00 Email: comercial@hotelprincesadeeboli.com eventos@hotelprincesadeeboli.com<\/li>\n<\/ul>\n<p><strong>Men\u00fa de reyes<\/strong><\/p>\n<ul>\n<li><strong>FECHA: <\/strong>6 de Enero<\/li>\n<li><strong>PRECIO: <\/strong>30\u20ac infantil 18\u20ac<\/li>\n<li><strong>RESERVAS:<\/strong> Tel\u00e9fono: 91 263 64 00 Email: comercial@hotelprincesadeeboli.com\u00a0eventos@hotelprincesadeeboli.com<\/li>\n<\/ul>\n<h3><img loading=\"lazy\" decoding=\"async\" class=\"size-medium wp-image-5014 alignright\" src=\"https:\/\/aehm.es\/wp-content\/uploads\/2018\/12\/YE2_2903-PRINCESA-DE-EBOLI-300x200.jpg\" alt=\"\" width=\"300\" height=\"200\" \/><\/h3>\n<p><strong>Men\u00fa Gastro semanal<\/strong><\/p>\n<ul>\n<li><strong>FECHA: <\/strong>del 17 al 28 de diciembre<\/li>\n<li><strong>PRECIO: <\/strong>25\u20ac<\/li>\n<li><strong>RESERVAS:<\/strong> Tel\u00e9fono: 91 263 64 00 Email: comercial@hotelprincesadeeboli.com eventos@hotelprincesadeeboli.com<\/li>\n<\/ul>\n<h3><\/h3>\n<h3><strong>HOLIDAY INN MADRID BERNAB\u00c9U<\/strong><\/h3>\n<p><strong>Buffet especial Nochebuena (<a href=\"https:\/\/aehm.es\/wp-content\/uploads\/2018\/12\/Men\u00fa-Nochebuena-holiday-inn-bernabeu.pdf\" target=\"_blank\" rel=\"noopener noreferrer\">ver men\u00fa<\/a>)<\/strong><\/p>\n<ul>\n<li><strong>FECHA Y HORA<\/strong>: 24 de Diciembre de 20:00 hrs a 22:30 hrs<\/li>\n<li><strong>PRECIO<\/strong>: 60\u20ac\/pax Ni\u00f1os de 0 a 4 a\u00f1os gratis, de 4 a 12 a\u00f1os 30\u20ac (50% de descuento) a partir de 12 a\u00f1os pagan el men\u00fa completo<\/li>\n<li><strong>RESERVAS<\/strong>: Fecha de reservas hasta el d\u00eda 23 de diciembre, <a href=\"mailto:mlazaro@hi-madrid.com\">mlazaro@hi-madrid.com<\/a> <a href=\"mailto:events@hi-madrid.comn\">events@hi-madrid.comn<\/a> o Tfno: 91 456 80 21 \/ 03<\/li>\n<li><strong>LUGAR: <\/strong>Holiday Inn Madrid Bernab\u00e9u<\/li>\n<\/ul>\n<p><strong>Men\u00fa Nochevieja (<a href=\"https:\/\/aehm.es\/wp-content\/uploads\/2018\/12\/Men\u00fa-Nochevieja-holiday-inn-madrid-bernabeu.pdf\" target=\"_blank\" rel=\"noopener noreferrer\">ver men\u00fa<\/a>)<\/strong><\/p>\n<ul>\n<li><strong>FECHA Y HORA<\/strong>: 31 de Diciembre de 20:00 hrs a 22:30 hrs<\/li>\n<li><strong>PRECIO<\/strong>: 80\u20ac\/pax Ni\u00f1os de 0 a 4 a\u00f1os gratis, de 4 a 12 a\u00f1os 40\u20ac (50% de descuento) a partir de 12 a\u00f1os pagan el men\u00fa completo<\/li>\n<li><strong>RESERVAS<\/strong>: Fecha de reservas hasta el d\u00eda 30 de diciembre, <a href=\"mailto:mlazaro@hi-madrid.com\">mlazaro@hi-madrid.com<\/a> <a href=\"mailto:events@hi-madrid.comn\">events@hi-madrid.comn<\/a> o Tfno: 91 456 80 21 \/ 03<\/li>\n<li><strong>LUGAR: <\/strong>Holiday Inn Madrid Bernab\u00e9u<\/li>\n<\/ul>\n<p><strong>*Ver otras opciones:<\/strong>\u00a0<a href=\"https:\/\/aehm.es\/wp-content\/uploads\/2018\/12\/Barra-libre_Navidad-holiday-inn-madrid-bernabeu.pdf\" target=\"_blank\" rel=\"noopener noreferrer\">barra libre<\/a>, <a href=\"https:\/\/aehm.es\/wp-content\/uploads\/2018\/12\/Men\u00fas-Gala-Navidad-holiday-inn-bernabeu.pdf\" target=\"_blank\" rel=\"noopener noreferrer\">men\u00fas de gala<\/a> y <a href=\"https:\/\/aehm.es\/wp-content\/uploads\/2018\/12\/Men\u00fas-Vino-Espa\u00f1ol-Navidadholiday-inn-bernabeu.pdf\" target=\"_blank\" rel=\"noopener noreferrer\">vino espa\u00f1ol<\/a><\/p>\n<h3><strong>HOTEL EUROPA<\/strong><\/h3>\n<h3><img loading=\"lazy\" decoding=\"async\" class=\"size-medium wp-image-5026 alignright\" src=\"https:\/\/aehm.es\/wp-content\/uploads\/2018\/12\/hotel-europa-300x200.jpg\" alt=\"\" width=\"300\" height=\"200\" \/><\/h3>\n<p><strong>Cena Nochevieja 2018*<\/strong><\/p>\n<ul>\n<li><strong>PRECIO:<\/strong> 90,00 \u20ac (IVA incluido).<\/li>\n<li><strong>FECHAS<\/strong>: 31 de diciembre. 21:00 horas.<\/li>\n<li><strong>LUGAR<\/strong>: Caf\u00e9 Europa. Calle del Carmen, n\u00ba 4.<\/li>\n<li><strong>CORREO ELECTR\u00d3NICO\/ TEL\u00c9FONO DE CONTACTO PARA REALIZAR RESERVA<\/strong>: <a href=\"mailto:info@hoteleuropa.eu\">info@hoteleuropa.eu<\/a> \/ 91 521 29 00<\/li>\n<\/ul>\n<p><strong>*Ver men\u00fa:<\/strong> <a href=\"https:\/\/aehm.es\/wp-content\/uploads\/2018\/12\/MENU-NOCHEVIEJA-2018-hotel-europa.pdf\" target=\"_blank\" rel=\"noopener noreferrer\">en espa\u00f1ol<\/a> y <a href=\"https:\/\/aehm.es\/wp-content\/uploads\/2018\/12\/MENU-NOCHEVIEJA-2018-INGLES-hotel-europa.pdf\" target=\"_blank\" rel=\"noopener noreferrer\">en ingl\u00e9s<\/a><\/p>\n<h3><strong>ABBA HOTELES<\/strong><\/h3>\n<p><strong>Brunch Especial A\u00f1o Nuevo (<a href=\"https:\/\/aehm.es\/wp-content\/uploads\/2018\/12\/BRUNCH-ABBA-HOTELES-2019.pdf\" target=\"_blank\" rel=\"noopener noreferrer\">ver men\u00fa<\/a>)<\/strong><\/p>\n<ul>\n<li><strong>PRECIO: \u00a0<\/strong>28,60 \u20ac<\/li>\n<li><strong>FECHAS: <\/strong>01\/01\/2019<\/li>\n<li><strong>LUGAR: <\/strong>HOTEL ABBA MADRID<\/li>\n<li><strong>Correo electr\u00f3nico\/ tel\u00e9fono de contacto para realizar reservas: <\/strong><a href=\"mailto:reservas-madrid@abbahoteles.com\">reservas-madrid@abbahoteles.com<\/a><\/li>\n<\/ul>\n<h3><strong>NH COLLECTION EUROBUILDING<\/strong><\/h3>\n<p><strong>Cena de gala Nochevieja (<a href=\"https:\/\/aehm.es\/wp-content\/uploads\/2018\/12\/EL-GRAN-SHOW-DEL-CIRCO-Nochevieja-2018-NH-Collection-Eurobuilding.pdf\" target=\"_blank\" rel=\"noopener noreferrer\">ver men\u00fa<\/a>)<\/strong><\/p>\n<ul>\n<li><strong>PRECIO: <\/strong>299\u20ac y de 12 a 17 a\u00f1os 223\u20ac men\u00fa infantil 109\u20ac,<br \/>\n(OTROS PAQUETES) solo cena sin cotill\u00f3n 249\u20ac, solo cotill\u00f3n 100\u20ac<\/li>\n<li><strong>FECHA:<\/strong> 30 de Diciembre a las 20:00h<\/li>\n<li><strong>LUGAR: <\/strong>NH COLLETION MADRID EUROBUILDING<\/li>\n<li><strong>CORREO RESERVAS:<\/strong> martin@nh-hotels.com &#8211; (+34) 91 353 73 37<\/li>\n<\/ul>\n<h3><strong>PULLMAN MADRID AIRPORT &amp; FERIA<\/strong><\/h3>\n<p><strong>Cena de Nochebuena (<a href=\"https:\/\/aehm.es\/wp-content\/uploads\/2018\/12\/MENU-PULLMAN-NOCHEBUENA.pdf\" target=\"_blank\" rel=\"noopener noreferrer\">ver men\u00fa<\/a>)<\/strong><\/p>\n<ul>\n<li><strong>PRECIO: <\/strong>75\u20ac y men\u00fa infantil 37\u20ac<\/li>\n<li><strong>FECHA: <\/strong>24 de Diciembre<\/li>\n<li><strong>LUGAR:<\/strong> Capital de Espa\u00f1a. 10. Campo de las Naciones 28042, Madrid<\/li>\n<li><strong>RESERVAS:<\/strong> 917 21 00 70 o h1606-sb@accor.com<\/li>\n<\/ul>\n<p><strong>Cena de Nochevieja (<a href=\"https:\/\/aehm.es\/wp-content\/uploads\/2018\/12\/MENU-PULLMAN-NOCHEVIEJA.pdf\" target=\"_blank\" rel=\"noopener noreferrer\">ver men\u00fa<\/a>)<\/strong><\/p>\n<ul>\n<li><strong>PRECIO<\/strong>: 175\u20ac<\/li>\n<li><strong>FECHA: <\/strong>31 de Diciembre a partir de las 20:00h.<\/li>\n<li><strong>LUGAR:<\/strong> Capital de Espa\u00f1a. 10. Campo de las Naciones 28042, Madrid<\/li>\n<li><strong>RESERVAS:<\/strong> 917 21 00 70 o h1606-sb@accor.com<\/li>\n<\/ul>\n<h3><strong>VP PLAZA ESPA\u00d1A<\/strong><\/h3>\n<p><strong>Cena Nochebuena (<a href=\"https:\/\/aehm.es\/wp-content\/uploads\/2018\/12\/VP-PLAZA-ESPA\u00d1A.-1.pdf\" target=\"_blank\" rel=\"noopener noreferrer\">ver men\u00fa<\/a>)<\/strong><\/p>\n<ul>\n<li><strong>PRECIO:<\/strong>115\u20ac<\/li>\n<li><strong>FECHA: <\/strong>D\u00eda 24 de Diciembre<\/li>\n<li><strong>LUGAR: <\/strong>VP PLAZA ESPA\u00d1A (Plaza Espa\u00f1a 3, planta 12 28008 Madrid)<\/li>\n<li><strong>RESERVAS: <\/strong>ginkgo@vphoteles.com<\/li>\n<\/ul>\n<p><strong>Comida Navidad (<a href=\"https:\/\/aehm.es\/wp-content\/uploads\/2018\/12\/VP-PLAZA-ESPA\u00d1A.-1.pdf\" target=\"_blank\" rel=\"noopener noreferrer\">ver men\u00fa<\/a>)<\/strong><\/p>\n<ul>\n<li><strong>PRECIO: <\/strong>95\u20ac<\/li>\n<li><strong>FECHA: <\/strong>D\u00eda 25<\/li>\n<li><strong>LUGAR: <\/strong>VP PLAZA ESPA\u00d1A (Plaza Espa\u00f1a 3, planta 12 28008 Madrid)<\/li>\n<li><strong>RESERVAS: <\/strong>ginkgo@vphoteles.com<\/li>\n<\/ul>\n<p><strong>Noche de Reyes (<a href=\"https:\/\/aehm.es\/wp-content\/uploads\/2018\/12\/VP-PLAZA-ESPA\u00d1A.-1.pdf\" target=\"_blank\" rel=\"noopener noreferrer\">ver men\u00fa<\/a>)<\/strong><\/p>\n<ul>\n<li><strong>PRECIO: <\/strong>85\u20ac men\u00fa infantil 50\u20ac<\/li>\n<li><strong>FECHA: <\/strong>5 Enero<\/li>\n<li><strong>LUGAR: <\/strong>VP PLAZA ESPA\u00d1A (Plaza Espa\u00f1a 3, planta 12 28008 Madrid)<\/li>\n<li><strong>RESERVAS: <\/strong>ginkgo@vphoteles.com<\/li>\n<\/ul>\n<p><strong>Cena Nochevieja (<a href=\"https:\/\/aehm.es\/wp-content\/uploads\/2018\/12\/VP-PLAZA-ESPA\u00d1A_NOCHEVIEJA-1.pdf\" target=\"_blank\" rel=\"noopener noreferrer\">ver men\u00fa<\/a>)<\/strong><\/p>\n<ul>\n<li><strong>PRECIO: <\/strong>240\u20ac, men\u00fa juvenil 12 a 15 a\u00f1os 150\u20ac y men\u00fa infantil menor 12 a\u00f1os 110\u20ac<\/li>\n<li><strong>FECHA: <\/strong>d\u00eda 31 diciembre<\/li>\n<li><strong>LUGAR: <\/strong>VP PLAZA ESPA\u00d1A (Plaza Espa\u00f1a 3, planta 12 28008 Madrid)<\/li>\n<li><strong>RESERVAS: <\/strong>ginkgo@vphoteles.com<\/li>\n<\/ul>\n<p><strong>Cena Nochevieja 2 (<a href=\"https:\/\/aehm.es\/wp-content\/uploads\/2018\/12\/VP-PLAZA-ESPA\u00d1A_MENU-NOCHEVIEJA-2.pdf\" target=\"_blank\" rel=\"noopener noreferrer\">ver men\u00fa<\/a>)<\/strong><\/p>\n<ul>\n<li><strong>PRECIO: <\/strong>180\u20ac, men\u00fa juvenil 12 a 15 a\u00f1os 150\u20ac y men\u00fa infantil menor 12 a\u00f1os 110\u20ac<\/li>\n<li><strong>FECHA: <\/strong>d\u00eda 31 diciembre<\/li>\n<li><strong>LUGAR: <\/strong>VP PLAZA ESPA\u00d1A (Plaza Espa\u00f1a 3, planta 12 28008 Madrid)<\/li>\n<li><strong>RESERVAS: <\/strong>ginkgo@vphoteles.com<\/li>\n<\/ul>\n<p><strong>Otras opciones de men\u00fa:<\/strong> <a href=\"https:\/\/aehm.es\/wp-content\/uploads\/2018\/12\/VP-PLAZA-ESPA\u00d1A-1.pdf\" target=\"_blank\" rel=\"noopener noreferrer\">men\u00fa Ginkgo<\/a>, <a href=\"https:\/\/aehm.es\/wp-content\/uploads\/2018\/12\/VP-PLAZA-ESPA\u00d1A_MENUS-EMPRESAS-1.pdf\" target=\"_blank\" rel=\"noopener noreferrer\">men\u00fa empresa<\/a>, <a href=\"https:\/\/aehm.es\/wp-content\/uploads\/2018\/12\/VP-PLAZA-ESPA\u00d1A_MENUS-ESPECIALES-1.pdf\" target=\"_blank\" rel=\"noopener noreferrer\">men\u00fa especial<\/a>, <a href=\"https:\/\/aehm.es\/wp-content\/uploads\/2018\/12\/VP-PLAZA-ESPA\u00d1A_MENUS-FAMILY_FRIENDS-1.pdf\" target=\"_blank\" rel=\"noopener noreferrer\">men\u00fa familia y amigos<\/a>\u00a0y\u00a0<a href=\"https:\/\/aehm.es\/wp-content\/uploads\/2018\/12\/VPPLAZA-ESPA\u00d1A-men\u00fa-especial.pdf\" target=\"_blank\" rel=\"noopener noreferrer\">men\u00fa especial Ginkgo<\/a><\/p>\n<h3><strong>HOTELES ORFILA Y HERITAGE (<a href=\"https:\/\/aehm.es\/wp-content\/uploads\/2018\/12\/MENU-Navidad-en-los-Hoteles-Orfila-y-Heritage-Madrid.pdf\" target=\"_blank\" rel=\"noopener noreferrer\">ver men\u00fa<\/a>)<\/strong><\/h3>\n<p><strong>Men\u00fa de Nochebuena<\/strong><\/p>\n<ul>\n<li><strong>PRECIO:\u00a0<\/strong>190\u20ac<\/li>\n<li><strong>FECHA:<\/strong> 24 de Diciembre<\/li>\n<li><strong>LUGAR: <\/strong>restaurantes Haroma y Jard\u00edn de Orfila<\/li>\n<li><strong>RESERVAS: <\/strong>Telf: 620 71 65 67 o comunicaci\u00f3n@hotelorfila.com<\/li>\n<\/ul>\n<p><strong>Men\u00fa de Nochevieja<\/strong><\/p>\n<ul>\n<li><strong>PRECIO:\u00a0<\/strong>280\u20ac<\/li>\n<li><strong>FECHA:<\/strong> 31 de Diciembre<\/li>\n<li><strong>LUGAR: <\/strong>restaurantes Haroma y Jard\u00edn de Orfila<\/li>\n<li><strong>RESERVAS: <\/strong>Telf: 620 71 65 67 o comunicaci\u00f3n@hotelorfila.com<\/li>\n<\/ul>\n<p><strong>Brunch<\/strong><\/p>\n<ul>\n<li><strong>PRECIO:<\/strong>75\u20ac<\/li>\n<li><strong>FECHA:<\/strong> 25 de Diciembre y 1 de Enero<\/li>\n<li><strong>LUGAR: <\/strong>restaurantes Haroma y Jard\u00edn de Orfila<\/li>\n<li><strong>RESERVAS: <\/strong>Telf: 620 71 65 67 o comunicaci\u00f3n@hotelorfila.com<\/li>\n<\/ul>\n<h3><strong>HOTEL GRAN MELI\u00c1 FENIX (<a href=\"https:\/\/aehm.es\/wp-content\/uploads\/2018\/12\/Navidades-Gran-Melia-Fenix.pdf\" target=\"_blank\" rel=\"noopener noreferrer\">ver men\u00fa<\/a>)<\/strong><\/h3>\n<p><strong>Cena de Nochebuena<\/strong><\/p>\n<ul>\n<li><strong>PRECIO: <\/strong>200\u20ac<\/li>\n<li><strong>FECHA: <\/strong>24 de Diciembre<\/li>\n<li><strong>LUGAR: <\/strong>Hotel Gran Meli\u00e1 F\u00e9nix<\/li>\n<li><strong>RESERVAS:<\/strong> +34914316700\/sales.gmfenix@melia.com<\/li>\n<\/ul>\n<p><strong>Cena de gala de Nochevieja<\/strong><\/p>\n<ul>\n<li><strong>PRECIO: <\/strong>350\u20ac<\/li>\n<li><strong>FECHA: <\/strong>31 de Diciembre<\/li>\n<li><strong>LUGAR: <\/strong>Hotel Gran Meli\u00e1 F\u00e9nix<\/li>\n<li><strong>RESERVAS:<\/strong> +34914316700\/sales.gmfenix@melia.com<\/li>\n<\/ul>\n<h3><strong>HOTEL GRAN MELI\u00c1 PALACIO DE LOS DUQUES<\/strong><\/h3>\n<p><strong>Cena de Nochebuena (<a href=\"https:\/\/aehm.es\/wp-content\/uploads\/2018\/12\/Navidades-GM-Palacio-de-los-Duques.pdf\" target=\"_blank\" rel=\"noopener noreferrer\">ver men\u00fa<\/a>)<\/strong><\/p>\n<ul>\n<li><strong>PRECIO: <\/strong>195\u20ac<\/li>\n<li><strong>FECHA: <\/strong>24 de Diciembre<\/li>\n<li><strong>LUGAR: <\/strong>Restaurante Montmartre<\/li>\n<li><strong>RESERVAS:<\/strong> + 34 915 416 700 reservations.gmpalacio@melia.com<\/li>\n<\/ul>\n<p><strong>Cena de Nochebuena 2 (<a href=\"https:\/\/aehm.es\/wp-content\/uploads\/2018\/12\/Navidades-GM-Palacio-de-los-Duques.pdf\" target=\"_blank\" rel=\"noopener noreferrer\">ver men\u00fa<\/a>)<\/strong><\/p>\n<ul>\n<li><strong>PRECIO: <\/strong>225\u20ac<\/li>\n<li><strong>FECHA: <\/strong>24 de Diciembre<\/li>\n<li><strong>LUGAR: <\/strong>Restaurante Dos Cielos<\/li>\n<li><strong>RESERVAS:<\/strong> + 34 915 416 700 reservations.gmpalacio@melia.com<\/li>\n<\/ul>\n<p><strong>Cena de gala de Nochevieja (<a href=\"https:\/\/aehm.es\/wp-content\/uploads\/2018\/12\/Cena-Cantada-Fin-de-A\u00f1o-2018-en-espa\u00f1ol.pdf\" target=\"_blank\" rel=\"noopener noreferrer\">ver men\u00fa<\/a>)<\/strong><\/p>\n<ul>\n<li><strong>PRECIO: <\/strong>395\u20ac<\/li>\n<li><strong>FECHA: <\/strong>31 de Diciembre<\/li>\n<li><strong>LUGAR: <\/strong>Hotel Gran Meli\u00e1 Palacio de los Duques<\/li>\n<li><strong>RESERVAS:<\/strong> + 34 915 416 700 reservations.gmpalacio@melia.com<\/li>\n<\/ul>\n<h3><strong>HOTEL \u00d3PERA<\/strong><\/h3>\n<p><strong>Men\u00fa de Noche Buena (<a href=\"https:\/\/aehm.es\/wp-content\/uploads\/2018\/12\/Men\u00fa-Nochebuena-Cartel-con-precio-2018.pdf\" target=\"_blank\" rel=\"noopener noreferrer\">ver men\u00fa<\/a>)<\/strong><\/p>\n<ul>\n<li><strong>PRECIO: \u00a0<\/strong>65,00\u20ac por persona. Men\u00fa Infantil hasta 11 a\u00f1os 40,00\u20ac \u00a0 IVA incluido<\/li>\n<li><strong>FECHAS: <\/strong>24\/12\/2018<\/li>\n<li><strong>LUGAR: <\/strong>restaurante del Hotel \u00d3pera, El Caf\u00e9 de la \u00d3pera<\/li>\n<li><strong>RESERVAS:<\/strong> <a href=\"mailto:info@hotelopera.com\">info@hotelopera.com<\/a> \/ 91 541 28 00<\/li>\n<\/ul>\n<p><strong>Men\u00fa D\u00eda de Navidad (<a href=\"https:\/\/aehm.es\/wp-content\/uploads\/2018\/12\/Men\u00fa-D\u00eda-de-Navidad-con-precio-2018.pdf\" target=\"_blank\" rel=\"noopener noreferrer\">ver men\u00fa<\/a>)<\/strong><\/p>\n<ul>\n<li><strong>PRECIO: <\/strong>\u00a035,00\u20ac \u00a0por persona.\u00a0Men\u00fa Infantil hasta 11 a\u00f1os 20,00\u20ac \u00a0IVA incluido<\/li>\n<li><strong>FECHAS: <\/strong>25\/12\/2018<\/li>\n<li><strong>LUGAR: <\/strong>restaurante del Hotel \u00d3pera, El Caf\u00e9 de la \u00d3pera<\/li>\n<li><strong>RESERVAS:<\/strong> <a href=\"mailto:info@hotelopera.com\">info@hotelopera.com<\/a> \/ 91 541 28 00<\/li>\n<\/ul>\n<p><strong>Gran Cena Cantada Noche Vieja 2018<\/strong><\/p>\n<ul>\n<li><strong>PRECIO: <\/strong>185,00\u20ac \u00a0por persona.\u00a0Men\u00fa Infantil hasta 12 a\u00f1os \u00a085,00\u20ac \u00a0IVA incluido<\/li>\n<li><strong>FECHAS: <\/strong>31\/12\/2018<\/li>\n<li><strong>LUGAR: <\/strong>restaurante del Hotel \u00d3pera, El Caf\u00e9 de la \u00d3pera<\/li>\n<li><strong>RESERVAS:<\/strong> <a href=\"mailto:info@hotelopera.com\">info@hotelopera.com<\/a> \/ 91 541 28 00<\/li>\n<\/ul>\n<p><strong>Men\u00fa de A\u00f1o Nuevo 1 de Enero 2019 (<a href=\"https:\/\/aehm.es\/wp-content\/uploads\/2018\/12\/Men\u00fa-A\u00f1o-Nuevo-con-precio-2019.pdf\" target=\"_blank\" rel=\"noopener noreferrer\">ver men\u00fa<\/a>)<\/strong><\/p>\n<ul>\n<li><strong>PRECIO: <\/strong>35,00\u20ac \u00a0por persona.\u00a0Men\u00fa Infantil hasta 11 a\u00f1os 20,00\u20ac \u00a0IVA incluido<\/li>\n<li><strong>FECHAS: <\/strong>01\/01\/2019<\/li>\n<li><strong>LUGAR: <\/strong>restaurante del Hotel \u00d3pera, El Caf\u00e9 de la \u00d3pera<\/li>\n<li><strong>RESERVAS:<\/strong> <a href=\"mailto:info@hotelopera.com\">info@hotelopera.com<\/a> \/ 91 541 28 00<\/li>\n<\/ul>\n<p><strong>Cena Cantada Gala de Reyes*<\/strong><\/p>\n<ul>\n<li><strong>PRECIO: <\/strong>68,00\u20ac \u00a0por persona.\u00a0Men\u00fa Infantil hasta 12 a\u00f1os 45,00\u20ac \u00a0IVA incluido<\/li>\n<li><strong>FECHAS: <\/strong>05\/01\/2019<\/li>\n<li><strong>LUGAR: <\/strong>restaurante del Hotel \u00d3pera, El Caf\u00e9 de la \u00d3pera<\/li>\n<li><strong>RESERVAS:<\/strong> <a href=\"mailto:info@hotelopera.com\">info@hotelopera.com<\/a> \/ 91 541 28 00<\/li>\n<\/ul>\n<p><strong>*Ver men\u00fa<\/strong>: <a href=\"https:\/\/aehm.es\/wp-content\/uploads\/2018\/12\/Cena-Cantada-Gala-de-Reyes-Espa\u00f1ol-05.01.2019.pdf\" target=\"_blank\" rel=\"noopener noreferrer\">en espa\u00f1ol<\/a> y <a href=\"https:\/\/aehm.es\/wp-content\/uploads\/2018\/12\/Cena-Cantada-Gala-de-Reyes-Ingl\u00e9s-05.01.2019.pdf\" target=\"_blank\" rel=\"noopener noreferrer\">en ingl\u00e9s<\/a><\/p>\n","protected":false},"excerpt":{"rendered":"<p>Los hoteles de Madrid ofrecen, para estas fechas navide\u00f1as, una amplia selecci\u00f3n de men\u00fas especiales con una extensa oferta gastron\u00f3mica, dise\u00f1ada y elaborada de la mano de grandes chefs para que disfrutes de una Nochebuena, Navidad, Nochevieja y D\u00eda de Reyes acompa\u00f1ada de tus familiares y amigos en un entorno \u00fanico. Consulta el listado de [&hellip;]<\/p>\n","protected":false},"author":1,"featured_media":3248,"comment_status":"open","ping_status":"open","sticky":false,"template":"","format":"standard","meta":{"footnotes":""},"categories":[1],"tags":[],"class_list":["post-4934","post","type-post","status-publish","format-standard","has-post-thumbnail","hentry","category-actualidad-aehm"],"yoast_head":"<!-- This site is optimized with the Yoast SEO plugin v27.5 - https:\/\/yoast.com\/product\/yoast-seo-wordpress\/ -->\n<title>Los hoteles de Madrid abren sus puertas por Navidad (2018) - AEHM<\/title>\n<meta name=\"description\" content=\"Los hoteles de la Comunidad de Madrid\u00a0ponen a disposici\u00f3n de todos aquellos que deseen pasar las fiestas navide\u00f1as en un ambiente exclusivo e inolvidable, una amplia gama de men\u00fas especiales y actividades originales.\" \/>\n<meta name=\"robots\" content=\"index, follow, max-snippet:-1, max-image-preview:large, max-video-preview:-1\" \/>\n<link rel=\"canonical\" href=\"https:\/\/aehm.es\/los-hoteles-de-madrid-abren-sus-puertas-por-navidad-2018\/\" \/>\n<meta property=\"og:locale\" content=\"en_US\" \/>\n<meta property=\"og:type\" content=\"article\" \/>\n<meta property=\"og:title\" content=\"Los hoteles de Madrid abren sus puertas por Navidad (2018) - AEHM\" \/>\n<meta property=\"og:description\" content=\"Los hoteles de la Comunidad de Madrid\u00a0ponen a disposici\u00f3n de todos aquellos que deseen pasar las fiestas navide\u00f1as en un ambiente exclusivo e inolvidable, una amplia gama de men\u00fas especiales y actividades originales.\" \/>\n<meta property=\"og:url\" content=\"https:\/\/aehm.es\/los-hoteles-de-madrid-abren-sus-puertas-por-navidad-2018\/\" \/>\n<meta property=\"og:site_name\" content=\"AEHM\" \/>\n<meta property=\"article:publisher\" content=\"https:\/\/www.instagram.com\/hotelesdemadrid\/\" \/>\n<meta property=\"article:published_time\" content=\"2018-12-21T08:41:55+00:00\" \/>\n<meta property=\"og:image\" content=\"https:\/\/aehm.es\/wp-content\/uploads\/2017\/12\/Calle-Arenal-Navidad-1.jpg\" \/>\n\t<meta property=\"og:image:width\" content=\"2000\" \/>\n\t<meta property=\"og:image:height\" content=\"1333\" \/>\n\t<meta property=\"og:image:type\" content=\"image\/jpeg\" \/>\n<meta name=\"author\" content=\"richard\" \/>\n<meta name=\"twitter:card\" content=\"summary_large_image\" \/>\n<meta name=\"twitter:creator\" content=\"@HotelesAEHM\" \/>\n<meta name=\"twitter:site\" content=\"@HotelesAEHM\" \/>\n<meta name=\"twitter:label1\" content=\"Written by\" \/>\n\t<meta name=\"twitter:data1\" content=\"richard\" \/>\n\t<meta name=\"twitter:label2\" content=\"Est. reading time\" \/>\n\t<meta name=\"twitter:data2\" content=\"11 minutes\" \/>\n<script type=\"application\/ld+json\" class=\"yoast-schema-graph\">{\"@context\":\"https:\\\/\\\/schema.org\",\"@graph\":[{\"@type\":\"Article\",\"@id\":\"https:\\\/\\\/aehm.es\\\/los-hoteles-de-madrid-abren-sus-puertas-por-navidad-2018\\\/#article\",\"isPartOf\":{\"@id\":\"https:\\\/\\\/aehm.es\\\/los-hoteles-de-madrid-abren-sus-puertas-por-navidad-2018\\\/\"},\"author\":{\"name\":\"richard\",\"@id\":\"https:\\\/\\\/aehm.es\\\/#\\\/schema\\\/person\\\/ca1397f4b0bcee246b58a0278b67a95f\"},\"headline\":\"Los hoteles de Madrid abren sus puertas por Navidad (2018)\",\"datePublished\":\"2018-12-21T08:41:55+00:00\",\"mainEntityOfPage\":{\"@id\":\"https:\\\/\\\/aehm.es\\\/los-hoteles-de-madrid-abren-sus-puertas-por-navidad-2018\\\/\"},\"wordCount\":2211,\"commentCount\":0,\"publisher\":{\"@id\":\"https:\\\/\\\/aehm.es\\\/#organization\"},\"image\":{\"@id\":\"https:\\\/\\\/aehm.es\\\/los-hoteles-de-madrid-abren-sus-puertas-por-navidad-2018\\\/#primaryimage\"},\"thumbnailUrl\":\"https:\\\/\\\/aehm.es\\\/wp-content\\\/uploads\\\/2017\\\/12\\\/Calle-Arenal-Navidad-1.jpg\",\"articleSection\":[\"Actualidad AEHM\"],\"inLanguage\":\"en-US\",\"potentialAction\":[{\"@type\":\"CommentAction\",\"name\":\"Comment\",\"target\":[\"https:\\\/\\\/aehm.es\\\/los-hoteles-de-madrid-abren-sus-puertas-por-navidad-2018\\\/#respond\"]}]},{\"@type\":\"WebPage\",\"@id\":\"https:\\\/\\\/aehm.es\\\/los-hoteles-de-madrid-abren-sus-puertas-por-navidad-2018\\\/\",\"url\":\"https:\\\/\\\/aehm.es\\\/los-hoteles-de-madrid-abren-sus-puertas-por-navidad-2018\\\/\",\"name\":\"Los hoteles de Madrid abren sus puertas por Navidad (2018) - AEHM\",\"isPartOf\":{\"@id\":\"https:\\\/\\\/aehm.es\\\/#website\"},\"primaryImageOfPage\":{\"@id\":\"https:\\\/\\\/aehm.es\\\/los-hoteles-de-madrid-abren-sus-puertas-por-navidad-2018\\\/#primaryimage\"},\"image\":{\"@id\":\"https:\\\/\\\/aehm.es\\\/los-hoteles-de-madrid-abren-sus-puertas-por-navidad-2018\\\/#primaryimage\"},\"thumbnailUrl\":\"https:\\\/\\\/aehm.es\\\/wp-content\\\/uploads\\\/2017\\\/12\\\/Calle-Arenal-Navidad-1.jpg\",\"datePublished\":\"2018-12-21T08:41:55+00:00\",\"description\":\"Los hoteles de la Comunidad de Madrid\u00a0ponen a disposici\u00f3n de todos aquellos que deseen pasar las fiestas navide\u00f1as en un ambiente exclusivo e inolvidable, una amplia gama de men\u00fas especiales y actividades originales.\",\"breadcrumb\":{\"@id\":\"https:\\\/\\\/aehm.es\\\/los-hoteles-de-madrid-abren-sus-puertas-por-navidad-2018\\\/#breadcrumb\"},\"inLanguage\":\"en-US\",\"potentialAction\":[{\"@type\":\"ReadAction\",\"target\":[\"https:\\\/\\\/aehm.es\\\/los-hoteles-de-madrid-abren-sus-puertas-por-navidad-2018\\\/\"]}]},{\"@type\":\"ImageObject\",\"inLanguage\":\"en-US\",\"@id\":\"https:\\\/\\\/aehm.es\\\/los-hoteles-de-madrid-abren-sus-puertas-por-navidad-2018\\\/#primaryimage\",\"url\":\"https:\\\/\\\/aehm.es\\\/wp-content\\\/uploads\\\/2017\\\/12\\\/Calle-Arenal-Navidad-1.jpg\",\"contentUrl\":\"https:\\\/\\\/aehm.es\\\/wp-content\\\/uploads\\\/2017\\\/12\\\/Calle-Arenal-Navidad-1.jpg\",\"width\":2000,\"height\":1333},{\"@type\":\"BreadcrumbList\",\"@id\":\"https:\\\/\\\/aehm.es\\\/los-hoteles-de-madrid-abren-sus-puertas-por-navidad-2018\\\/#breadcrumb\",\"itemListElement\":[{\"@type\":\"ListItem\",\"position\":1,\"name\":\"Portada\",\"item\":\"https:\\\/\\\/aehm.es\\\/en\\\/\"},{\"@type\":\"ListItem\",\"position\":2,\"name\":\"Los hoteles de Madrid abren sus puertas por Navidad (2018)\"}]},{\"@type\":\"WebSite\",\"@id\":\"https:\\\/\\\/aehm.es\\\/#website\",\"url\":\"https:\\\/\\\/aehm.es\\\/\",\"name\":\"Asociaci\u00f3n Empresarial Hotelera de Madrid\",\"description\":\"La Asociaci\u00f3n Empresarial Hotelera Madrid est\u00e1 formada por m\u00e1s de 300 establecimientos de todas las categor\u00edas y tipolog\u00edas (hoteles, hostales, hostels, apartamentos\u2026) que suman m\u00e1s de 75.000 plazas de alojamiento.\",\"publisher\":{\"@id\":\"https:\\\/\\\/aehm.es\\\/#organization\"},\"alternateName\":\"AEHM\",\"potentialAction\":[{\"@type\":\"SearchAction\",\"target\":{\"@type\":\"EntryPoint\",\"urlTemplate\":\"https:\\\/\\\/aehm.es\\\/?s={search_term_string}\"},\"query-input\":{\"@type\":\"PropertyValueSpecification\",\"valueRequired\":true,\"valueName\":\"search_term_string\"}}],\"inLanguage\":\"en-US\"},{\"@type\":\"Organization\",\"@id\":\"https:\\\/\\\/aehm.es\\\/#organization\",\"name\":\"Asociaci\u00f3n Empresarial Hotelera de Madrid\",\"url\":\"https:\\\/\\\/aehm.es\\\/\",\"logo\":{\"@type\":\"ImageObject\",\"inLanguage\":\"en-US\",\"@id\":\"https:\\\/\\\/aehm.es\\\/#\\\/schema\\\/logo\\\/image\\\/\",\"url\":\"https:\\\/\\\/aehm.es\\\/wp-content\\\/uploads\\\/2021\\\/11\\\/Logo_AEHM_Horiz.png\",\"contentUrl\":\"https:\\\/\\\/aehm.es\\\/wp-content\\\/uploads\\\/2021\\\/11\\\/Logo_AEHM_Horiz.png\",\"width\":600,\"height\":182,\"caption\":\"Asociaci\u00f3n Empresarial Hotelera de Madrid\"},\"image\":{\"@id\":\"https:\\\/\\\/aehm.es\\\/#\\\/schema\\\/logo\\\/image\\\/\"},\"sameAs\":[\"https:\\\/\\\/www.instagram.com\\\/hotelesdemadrid\\\/\",\"https:\\\/\\\/x.com\\\/HotelesAEHM\",\"https:\\\/\\\/www.linkedin.com\\\/company\\\/11166072\\\/\"]},{\"@type\":\"Person\",\"@id\":\"https:\\\/\\\/aehm.es\\\/#\\\/schema\\\/person\\\/ca1397f4b0bcee246b58a0278b67a95f\",\"name\":\"richard\",\"image\":{\"@type\":\"ImageObject\",\"inLanguage\":\"en-US\",\"@id\":\"https:\\\/\\\/secure.gravatar.com\\\/avatar\\\/dd2486a811ecc34bf766b7d8b17d0ea76674186c415867af39660e429e20e1a0?s=96&d=mm&r=g\",\"url\":\"https:\\\/\\\/secure.gravatar.com\\\/avatar\\\/dd2486a811ecc34bf766b7d8b17d0ea76674186c415867af39660e429e20e1a0?s=96&d=mm&r=g\",\"contentUrl\":\"https:\\\/\\\/secure.gravatar.com\\\/avatar\\\/dd2486a811ecc34bf766b7d8b17d0ea76674186c415867af39660e429e20e1a0?s=96&d=mm&r=g\",\"caption\":\"richard\"},\"url\":\"https:\\\/\\\/aehm.es\\\/en\\\/author\\\/richard\\\/\"}]}<\/script>\n<!-- \/ Yoast SEO plugin. -->","yoast_head_json":{"title":"Los hoteles de Madrid abren sus puertas por Navidad (2018) - AEHM","description":"Los hoteles de la Comunidad de Madrid\u00a0ponen a disposici\u00f3n de todos aquellos que deseen pasar las fiestas navide\u00f1as en un ambiente exclusivo e inolvidable, una amplia gama de men\u00fas especiales y actividades originales.","robots":{"index":"index","follow":"follow","max-snippet":"max-snippet:-1","max-image-preview":"max-image-preview:large","max-video-preview":"max-video-preview:-1"},"canonical":"https:\/\/aehm.es\/los-hoteles-de-madrid-abren-sus-puertas-por-navidad-2018\/","og_locale":"en_US","og_type":"article","og_title":"Los hoteles de Madrid abren sus puertas por Navidad (2018) - AEHM","og_description":"Los hoteles de la Comunidad de Madrid\u00a0ponen a disposici\u00f3n de todos aquellos que deseen pasar las fiestas navide\u00f1as en un ambiente exclusivo e inolvidable, una amplia gama de men\u00fas especiales y actividades originales.","og_url":"https:\/\/aehm.es\/los-hoteles-de-madrid-abren-sus-puertas-por-navidad-2018\/","og_site_name":"AEHM","article_publisher":"https:\/\/www.instagram.com\/hotelesdemadrid\/","article_published_time":"2018-12-21T08:41:55+00:00","og_image":[{"width":2000,"height":1333,"url":"https:\/\/aehm.es\/wp-content\/uploads\/2017\/12\/Calle-Arenal-Navidad-1.jpg","type":"image\/jpeg"}],"author":"richard","twitter_card":"summary_large_image","twitter_creator":"@HotelesAEHM","twitter_site":"@HotelesAEHM","twitter_misc":{"Written by":"richard","Est. reading time":"11 minutes"},"schema":{"@context":"https:\/\/schema.org","@graph":[{"@type":"Article","@id":"https:\/\/aehm.es\/los-hoteles-de-madrid-abren-sus-puertas-por-navidad-2018\/#article","isPartOf":{"@id":"https:\/\/aehm.es\/los-hoteles-de-madrid-abren-sus-puertas-por-navidad-2018\/"},"author":{"name":"richard","@id":"https:\/\/aehm.es\/#\/schema\/person\/ca1397f4b0bcee246b58a0278b67a95f"},"headline":"Los hoteles de Madrid abren sus puertas por Navidad (2018)","datePublished":"2018-12-21T08:41:55+00:00","mainEntityOfPage":{"@id":"https:\/\/aehm.es\/los-hoteles-de-madrid-abren-sus-puertas-por-navidad-2018\/"},"wordCount":2211,"commentCount":0,"publisher":{"@id":"https:\/\/aehm.es\/#organization"},"image":{"@id":"https:\/\/aehm.es\/los-hoteles-de-madrid-abren-sus-puertas-por-navidad-2018\/#primaryimage"},"thumbnailUrl":"https:\/\/aehm.es\/wp-content\/uploads\/2017\/12\/Calle-Arenal-Navidad-1.jpg","articleSection":["Actualidad AEHM"],"inLanguage":"en-US","potentialAction":[{"@type":"CommentAction","name":"Comment","target":["https:\/\/aehm.es\/los-hoteles-de-madrid-abren-sus-puertas-por-navidad-2018\/#respond"]}]},{"@type":"WebPage","@id":"https:\/\/aehm.es\/los-hoteles-de-madrid-abren-sus-puertas-por-navidad-2018\/","url":"https:\/\/aehm.es\/los-hoteles-de-madrid-abren-sus-puertas-por-navidad-2018\/","name":"Los hoteles de Madrid abren sus puertas por Navidad (2018) - AEHM","isPartOf":{"@id":"https:\/\/aehm.es\/#website"},"primaryImageOfPage":{"@id":"https:\/\/aehm.es\/los-hoteles-de-madrid-abren-sus-puertas-por-navidad-2018\/#primaryimage"},"image":{"@id":"https:\/\/aehm.es\/los-hoteles-de-madrid-abren-sus-puertas-por-navidad-2018\/#primaryimage"},"thumbnailUrl":"https:\/\/aehm.es\/wp-content\/uploads\/2017\/12\/Calle-Arenal-Navidad-1.jpg","datePublished":"2018-12-21T08:41:55+00:00","description":"Los hoteles de la Comunidad de Madrid\u00a0ponen a disposici\u00f3n de todos aquellos que deseen pasar las fiestas navide\u00f1as en un ambiente exclusivo e inolvidable, una amplia gama de men\u00fas especiales y actividades originales.","breadcrumb":{"@id":"https:\/\/aehm.es\/los-hoteles-de-madrid-abren-sus-puertas-por-navidad-2018\/#breadcrumb"},"inLanguage":"en-US","potentialAction":[{"@type":"ReadAction","target":["https:\/\/aehm.es\/los-hoteles-de-madrid-abren-sus-puertas-por-navidad-2018\/"]}]},{"@type":"ImageObject","inLanguage":"en-US","@id":"https:\/\/aehm.es\/los-hoteles-de-madrid-abren-sus-puertas-por-navidad-2018\/#primaryimage","url":"https:\/\/aehm.es\/wp-content\/uploads\/2017\/12\/Calle-Arenal-Navidad-1.jpg","contentUrl":"https:\/\/aehm.es\/wp-content\/uploads\/2017\/12\/Calle-Arenal-Navidad-1.jpg","width":2000,"height":1333},{"@type":"BreadcrumbList","@id":"https:\/\/aehm.es\/los-hoteles-de-madrid-abren-sus-puertas-por-navidad-2018\/#breadcrumb","itemListElement":[{"@type":"ListItem","position":1,"name":"Portada","item":"https:\/\/aehm.es\/en\/"},{"@type":"ListItem","position":2,"name":"Los hoteles de Madrid abren sus puertas por Navidad (2018)"}]},{"@type":"WebSite","@id":"https:\/\/aehm.es\/#website","url":"https:\/\/aehm.es\/","name":"Asociaci\u00f3n Empresarial Hotelera de Madrid","description":"La Asociaci\u00f3n Empresarial Hotelera Madrid est\u00e1 formada por m\u00e1s de 300 establecimientos de todas las categor\u00edas y tipolog\u00edas (hoteles, hostales, hostels, apartamentos\u2026) que suman m\u00e1s de 75.000 plazas de alojamiento.","publisher":{"@id":"https:\/\/aehm.es\/#organization"},"alternateName":"AEHM","potentialAction":[{"@type":"SearchAction","target":{"@type":"EntryPoint","urlTemplate":"https:\/\/aehm.es\/?s={search_term_string}"},"query-input":{"@type":"PropertyValueSpecification","valueRequired":true,"valueName":"search_term_string"}}],"inLanguage":"en-US"},{"@type":"Organization","@id":"https:\/\/aehm.es\/#organization","name":"Asociaci\u00f3n Empresarial Hotelera de Madrid","url":"https:\/\/aehm.es\/","logo":{"@type":"ImageObject","inLanguage":"en-US","@id":"https:\/\/aehm.es\/#\/schema\/logo\/image\/","url":"https:\/\/aehm.es\/wp-content\/uploads\/2021\/11\/Logo_AEHM_Horiz.png","contentUrl":"https:\/\/aehm.es\/wp-content\/uploads\/2021\/11\/Logo_AEHM_Horiz.png","width":600,"height":182,"caption":"Asociaci\u00f3n Empresarial Hotelera de Madrid"},"image":{"@id":"https:\/\/aehm.es\/#\/schema\/logo\/image\/"},"sameAs":["https:\/\/www.instagram.com\/hotelesdemadrid\/","https:\/\/x.com\/HotelesAEHM","https:\/\/www.linkedin.com\/company\/11166072\/"]},{"@type":"Person","@id":"https:\/\/aehm.es\/#\/schema\/person\/ca1397f4b0bcee246b58a0278b67a95f","name":"richard","image":{"@type":"ImageObject","inLanguage":"en-US","@id":"https:\/\/secure.gravatar.com\/avatar\/dd2486a811ecc34bf766b7d8b17d0ea76674186c415867af39660e429e20e1a0?s=96&d=mm&r=g","url":"https:\/\/secure.gravatar.com\/avatar\/dd2486a811ecc34bf766b7d8b17d0ea76674186c415867af39660e429e20e1a0?s=96&d=mm&r=g","contentUrl":"https:\/\/secure.gravatar.com\/avatar\/dd2486a811ecc34bf766b7d8b17d0ea76674186c415867af39660e429e20e1a0?s=96&d=mm&r=g","caption":"richard"},"url":"https:\/\/aehm.es\/en\/author\/richard\/"}]}},"_links":{"self":[{"href":"https:\/\/aehm.es\/en\/wp-json\/wp\/v2\/posts\/4934","targetHints":{"allow":["GET"]}}],"collection":[{"href":"https:\/\/aehm.es\/en\/wp-json\/wp\/v2\/posts"}],"about":[{"href":"https:\/\/aehm.es\/en\/wp-json\/wp\/v2\/types\/post"}],"author":[{"embeddable":true,"href":"https:\/\/aehm.es\/en\/wp-json\/wp\/v2\/users\/1"}],"replies":[{"embeddable":true,"href":"https:\/\/aehm.es\/en\/wp-json\/wp\/v2\/comments?post=4934"}],"version-history":[{"count":0,"href":"https:\/\/aehm.es\/en\/wp-json\/wp\/v2\/posts\/4934\/revisions"}],"wp:featuredmedia":[{"embeddable":true,"href":"https:\/\/aehm.es\/en\/wp-json\/wp\/v2\/media\/3248"}],"wp:attachment":[{"href":"https:\/\/aehm.es\/en\/wp-json\/wp\/v2\/media?parent=4934"}],"wp:term":[{"taxonomy":"category","embeddable":true,"href":"https:\/\/aehm.es\/en\/wp-json\/wp\/v2\/categories?post=4934"},{"taxonomy":"post_tag","embeddable":true,"href":"https:\/\/aehm.es\/en\/wp-json\/wp\/v2\/tags?post=4934"}],"curies":[{"name":"wp","href":"https:\/\/api.w.org\/{rel}","templated":true}]}}