{"id":4819,"date":"2018-11-21T14:26:45","date_gmt":"2018-11-21T14:26:45","guid":{"rendered":"https:\/\/aehm.es\/?p=4819"},"modified":"2018-11-21T14:26:45","modified_gmt":"2018-11-21T14:26:45","slug":"viii-edicion-del-premio-emprendedoras-para-promover-fomentar-apoyar-impulsar-y-motivar-la-capacidad-emprendedora-de-las-mujeres","status":"publish","type":"post","link":"https:\/\/aehm.es\/en\/viii-edicion-del-premio-emprendedoras-para-promover-fomentar-apoyar-impulsar-y-motivar-la-capacidad-emprendedora-de-las-mujeres\/","title":{"rendered":"VIII Edici\u00f3n del Premio Emprendedoras para promover, fomentar, apoyar, impulsar y motivar la capacidad emprendedora de las mujeres"},"content":{"rendered":"<p><strong>La Asociaci\u00f3n Empresarial Hotelera de Madrid ha formado parte del Jurado de la VIII Edici\u00f3n del Premio Emprendedoras.<\/strong><\/p>\n<p>El <strong>objetivo principal<\/strong> de este premio es contribuir al reconocimiento de <strong>proyectos originales<\/strong>, <strong>creativos e innovadores acometidos por mujeres<\/strong> para promover e impulsar el <strong>emprendimiento femenino<\/strong>, as\u00ed como la generaci\u00f3n de empleo e incremento de la actividad econ\u00f3mica de la ciudad de Madrid.<\/p>\n<p>Adem\u00e1s, han colaborado y tambi\u00e9n han formado parte del Jurado: <a href=\"http:\/\/www.womenalia.com\/\">Womenalia<\/a>, el\u00a0<a href=\"http:\/\/www.villanueva.edu\/\">Centro Universitario Villanueva<\/a>\u00a0,\u00a0<a href=\"http:\/\/aseme.es\/\">ASEME<\/a>\u00a0y la revista <a href=\"http:\/\/www.emprendedores.es\/\">Emprendedores<\/a>.<\/p>\n<p>Los <strong>ganadores<\/strong> de esta edici\u00f3n han sido:<\/p>\n<p><strong><u>CATEGOR\u00cdA IDEA 2018<\/u><\/strong><\/p>\n<p><strong>PRIMER PREMIO<\/strong>: Sara Ramos Colmenarejo. Proyecto: FRAME<\/p>\n<p><strong>SEGUNDO PREMIO<\/strong>: Laura Baquero Barrios. Proyecto: OBRA<\/p>\n<p><strong><u>CATEGOR\u00cdA EMPRESA 2018<\/u><\/strong><\/p>\n<p><strong>PRIMER PREMIO<\/strong>: DSIG\u00d1\u00b7CLOUD<\/p>\n<p><strong>SEGUNDO PREMIO<\/strong>: MIGRALINGUA VOZE SERVICIOS LING\u00dc\u00cdSTICOS SL<\/p>\n<p>Han contribuido en los Premios <strong>El Hotel Westin Palace<\/strong> y el <strong>Hotel Wellington<\/strong>.<\/p>\n","protected":false},"excerpt":{"rendered":"<p>La Asociaci\u00f3n Empresarial Hotelera de Madrid ha formado parte del Jurado de la VIII Edici\u00f3n del Premio Emprendedoras. El objetivo principal de este premio es contribuir al reconocimiento de proyectos originales, creativos e innovadores acometidos por mujeres para promover e impulsar el emprendimiento femenino, as\u00ed como la generaci\u00f3n de empleo e incremento de la actividad [&hellip;]<\/p>\n","protected":false},"author":1,"featured_media":4820,"comment_status":"open","ping_status":"open","sticky":false,"template":"","format":"standard","meta":{"footnotes":""},"categories":[1],"tags":[],"class_list":["post-4819","post","type-post","status-publish","format-standard","has-post-thumbnail","hentry","category-actualidad-aehm"],"yoast_head":"<!-- This site is optimized with the Yoast SEO plugin v27.5 - https:\/\/yoast.com\/product\/yoast-seo-wordpress\/ -->\n<title>VIII Edici\u00f3n del Premio Emprendedoras para promover, fomentar, apoyar, impulsar y motivar la capacidad emprendedora de las mujeres - AEHM<\/title>\n<meta name=\"description\" content=\"El objetivo principal de este premio es contribuir al reconocimiento de proyectos originales, creativos e innovadores acometidos por mujeres para promover e impulsar el emprendimiento femenino, as\u00ed como la generaci\u00f3n de empleo e incremento de la actividad econ\u00f3mica de la ciudad de Madrid.\" \/>\n<meta name=\"robots\" content=\"index, follow, max-snippet:-1, max-image-preview:large, max-video-preview:-1\" \/>\n<link rel=\"canonical\" href=\"https:\/\/aehm.es\/en\/viii-edicion-del-premio-emprendedoras-para-promover-fomentar-apoyar-impulsar-y-motivar-la-capacidad-emprendedora-de-las-mujeres\/\" \/>\n<meta property=\"og:locale\" content=\"en_US\" \/>\n<meta property=\"og:type\" content=\"article\" \/>\n<meta property=\"og:title\" content=\"VIII Edici\u00f3n del Premio Emprendedoras para promover, fomentar, apoyar, impulsar y motivar la capacidad emprendedora de las mujeres - AEHM\" \/>\n<meta property=\"og:description\" content=\"El objetivo principal de este premio es contribuir al reconocimiento de proyectos originales, creativos e innovadores acometidos por mujeres para promover e impulsar el emprendimiento femenino, as\u00ed como la generaci\u00f3n de empleo e incremento de la actividad econ\u00f3mica de la ciudad de Madrid.\" \/>\n<meta property=\"og:url\" content=\"https:\/\/aehm.es\/en\/viii-edicion-del-premio-emprendedoras-para-promover-fomentar-apoyar-impulsar-y-motivar-la-capacidad-emprendedora-de-las-mujeres\/\" \/>\n<meta property=\"og:site_name\" content=\"AEHM\" \/>\n<meta property=\"article:publisher\" content=\"https:\/\/www.instagram.com\/hotelesdemadrid\/\" \/>\n<meta property=\"article:published_time\" content=\"2018-11-21T14:26:45+00:00\" \/>\n<meta property=\"og:image\" content=\"https:\/\/aehm.es\/wp-content\/uploads\/2018\/11\/Premio-Emprendedoras-1.jpg\" \/>\n\t<meta property=\"og:image:width\" content=\"633\" \/>\n\t<meta property=\"og:image:height\" content=\"238\" \/>\n\t<meta property=\"og:image:type\" content=\"image\/jpeg\" \/>\n<meta name=\"author\" content=\"richard\" \/>\n<meta name=\"twitter:card\" content=\"summary_large_image\" \/>\n<meta name=\"twitter:creator\" content=\"@HotelesAEHM\" \/>\n<meta name=\"twitter:site\" content=\"@HotelesAEHM\" \/>\n<meta name=\"twitter:label1\" content=\"Written by\" \/>\n\t<meta name=\"twitter:data1\" content=\"richard\" \/>\n\t<meta name=\"twitter:label2\" content=\"Est. reading time\" \/>\n\t<meta name=\"twitter:data2\" content=\"1 minute\" \/>\n<script type=\"application\/ld+json\" class=\"yoast-schema-graph\">{\"@context\":\"https:\\\/\\\/schema.org\",\"@graph\":[{\"@type\":\"Article\",\"@id\":\"https:\\\/\\\/aehm.es\\\/en\\\/viii-edicion-del-premio-emprendedoras-para-promover-fomentar-apoyar-impulsar-y-motivar-la-capacidad-emprendedora-de-las-mujeres\\\/#article\",\"isPartOf\":{\"@id\":\"https:\\\/\\\/aehm.es\\\/en\\\/viii-edicion-del-premio-emprendedoras-para-promover-fomentar-apoyar-impulsar-y-motivar-la-capacidad-emprendedora-de-las-mujeres\\\/\"},\"author\":{\"name\":\"richard\",\"@id\":\"https:\\\/\\\/aehm.es\\\/#\\\/schema\\\/person\\\/ca1397f4b0bcee246b58a0278b67a95f\"},\"headline\":\"VIII Edici\u00f3n del Premio Emprendedoras para promover, fomentar, apoyar, impulsar y motivar la capacidad emprendedora de las mujeres\",\"datePublished\":\"2018-11-21T14:26:45+00:00\",\"mainEntityOfPage\":{\"@id\":\"https:\\\/\\\/aehm.es\\\/en\\\/viii-edicion-del-premio-emprendedoras-para-promover-fomentar-apoyar-impulsar-y-motivar-la-capacidad-emprendedora-de-las-mujeres\\\/\"},\"wordCount\":159,\"commentCount\":0,\"publisher\":{\"@id\":\"https:\\\/\\\/aehm.es\\\/#organization\"},\"image\":{\"@id\":\"https:\\\/\\\/aehm.es\\\/en\\\/viii-edicion-del-premio-emprendedoras-para-promover-fomentar-apoyar-impulsar-y-motivar-la-capacidad-emprendedora-de-las-mujeres\\\/#primaryimage\"},\"thumbnailUrl\":\"https:\\\/\\\/aehm.es\\\/wp-content\\\/uploads\\\/2018\\\/11\\\/Premio-Emprendedoras-1.jpg\",\"articleSection\":[\"Actualidad AEHM\"],\"inLanguage\":\"en-US\",\"potentialAction\":[{\"@type\":\"CommentAction\",\"name\":\"Comment\",\"target\":[\"https:\\\/\\\/aehm.es\\\/en\\\/viii-edicion-del-premio-emprendedoras-para-promover-fomentar-apoyar-impulsar-y-motivar-la-capacidad-emprendedora-de-las-mujeres\\\/#respond\"]}]},{\"@type\":\"WebPage\",\"@id\":\"https:\\\/\\\/aehm.es\\\/en\\\/viii-edicion-del-premio-emprendedoras-para-promover-fomentar-apoyar-impulsar-y-motivar-la-capacidad-emprendedora-de-las-mujeres\\\/\",\"url\":\"https:\\\/\\\/aehm.es\\\/en\\\/viii-edicion-del-premio-emprendedoras-para-promover-fomentar-apoyar-impulsar-y-motivar-la-capacidad-emprendedora-de-las-mujeres\\\/\",\"name\":\"VIII Edici\u00f3n del Premio Emprendedoras para promover, fomentar, apoyar, impulsar y motivar la capacidad emprendedora de las mujeres - AEHM\",\"isPartOf\":{\"@id\":\"https:\\\/\\\/aehm.es\\\/#website\"},\"primaryImageOfPage\":{\"@id\":\"https:\\\/\\\/aehm.es\\\/en\\\/viii-edicion-del-premio-emprendedoras-para-promover-fomentar-apoyar-impulsar-y-motivar-la-capacidad-emprendedora-de-las-mujeres\\\/#primaryimage\"},\"image\":{\"@id\":\"https:\\\/\\\/aehm.es\\\/en\\\/viii-edicion-del-premio-emprendedoras-para-promover-fomentar-apoyar-impulsar-y-motivar-la-capacidad-emprendedora-de-las-mujeres\\\/#primaryimage\"},\"thumbnailUrl\":\"https:\\\/\\\/aehm.es\\\/wp-content\\\/uploads\\\/2018\\\/11\\\/Premio-Emprendedoras-1.jpg\",\"datePublished\":\"2018-11-21T14:26:45+00:00\",\"description\":\"El objetivo principal de este premio es contribuir al reconocimiento de proyectos originales, creativos e innovadores acometidos por mujeres para promover e impulsar el emprendimiento femenino, as\u00ed como la generaci\u00f3n de empleo e incremento de la actividad econ\u00f3mica de la ciudad de Madrid.\",\"breadcrumb\":{\"@id\":\"https:\\\/\\\/aehm.es\\\/en\\\/viii-edicion-del-premio-emprendedoras-para-promover-fomentar-apoyar-impulsar-y-motivar-la-capacidad-emprendedora-de-las-mujeres\\\/#breadcrumb\"},\"inLanguage\":\"en-US\",\"potentialAction\":[{\"@type\":\"ReadAction\",\"target\":[\"https:\\\/\\\/aehm.es\\\/en\\\/viii-edicion-del-premio-emprendedoras-para-promover-fomentar-apoyar-impulsar-y-motivar-la-capacidad-emprendedora-de-las-mujeres\\\/\"]}]},{\"@type\":\"ImageObject\",\"inLanguage\":\"en-US\",\"@id\":\"https:\\\/\\\/aehm.es\\\/en\\\/viii-edicion-del-premio-emprendedoras-para-promover-fomentar-apoyar-impulsar-y-motivar-la-capacidad-emprendedora-de-las-mujeres\\\/#primaryimage\",\"url\":\"https:\\\/\\\/aehm.es\\\/wp-content\\\/uploads\\\/2018\\\/11\\\/Premio-Emprendedoras-1.jpg\",\"contentUrl\":\"https:\\\/\\\/aehm.es\\\/wp-content\\\/uploads\\\/2018\\\/11\\\/Premio-Emprendedoras-1.jpg\",\"width\":633,\"height\":238},{\"@type\":\"BreadcrumbList\",\"@id\":\"https:\\\/\\\/aehm.es\\\/en\\\/viii-edicion-del-premio-emprendedoras-para-promover-fomentar-apoyar-impulsar-y-motivar-la-capacidad-emprendedora-de-las-mujeres\\\/#breadcrumb\",\"itemListElement\":[{\"@type\":\"ListItem\",\"position\":1,\"name\":\"Portada\",\"item\":\"https:\\\/\\\/aehm.es\\\/en\\\/\"},{\"@type\":\"ListItem\",\"position\":2,\"name\":\"VIII Edici\u00f3n del Premio Emprendedoras para promover, fomentar, apoyar, impulsar y motivar la capacidad emprendedora de las mujeres\"}]},{\"@type\":\"WebSite\",\"@id\":\"https:\\\/\\\/aehm.es\\\/#website\",\"url\":\"https:\\\/\\\/aehm.es\\\/\",\"name\":\"Asociaci\u00f3n Empresarial Hotelera de Madrid\",\"description\":\"La Asociaci\u00f3n Empresarial Hotelera Madrid est\u00e1 formada por m\u00e1s de 300 establecimientos de todas las categor\u00edas y tipolog\u00edas (hoteles, hostales, hostels, apartamentos\u2026) que suman m\u00e1s de 75.000 plazas de alojamiento.\",\"publisher\":{\"@id\":\"https:\\\/\\\/aehm.es\\\/#organization\"},\"alternateName\":\"AEHM\",\"potentialAction\":[{\"@type\":\"SearchAction\",\"target\":{\"@type\":\"EntryPoint\",\"urlTemplate\":\"https:\\\/\\\/aehm.es\\\/?s={search_term_string}\"},\"query-input\":{\"@type\":\"PropertyValueSpecification\",\"valueRequired\":true,\"valueName\":\"search_term_string\"}}],\"inLanguage\":\"en-US\"},{\"@type\":\"Organization\",\"@id\":\"https:\\\/\\\/aehm.es\\\/#organization\",\"name\":\"Asociaci\u00f3n Empresarial Hotelera de Madrid\",\"url\":\"https:\\\/\\\/aehm.es\\\/\",\"logo\":{\"@type\":\"ImageObject\",\"inLanguage\":\"en-US\",\"@id\":\"https:\\\/\\\/aehm.es\\\/#\\\/schema\\\/logo\\\/image\\\/\",\"url\":\"https:\\\/\\\/aehm.es\\\/wp-content\\\/uploads\\\/2021\\\/11\\\/Logo_AEHM_Horiz.png\",\"contentUrl\":\"https:\\\/\\\/aehm.es\\\/wp-content\\\/uploads\\\/2021\\\/11\\\/Logo_AEHM_Horiz.png\",\"width\":600,\"height\":182,\"caption\":\"Asociaci\u00f3n Empresarial Hotelera de Madrid\"},\"image\":{\"@id\":\"https:\\\/\\\/aehm.es\\\/#\\\/schema\\\/logo\\\/image\\\/\"},\"sameAs\":[\"https:\\\/\\\/www.instagram.com\\\/hotelesdemadrid\\\/\",\"https:\\\/\\\/x.com\\\/HotelesAEHM\",\"https:\\\/\\\/www.linkedin.com\\\/company\\\/11166072\\\/\"]},{\"@type\":\"Person\",\"@id\":\"https:\\\/\\\/aehm.es\\\/#\\\/schema\\\/person\\\/ca1397f4b0bcee246b58a0278b67a95f\",\"name\":\"richard\",\"image\":{\"@type\":\"ImageObject\",\"inLanguage\":\"en-US\",\"@id\":\"https:\\\/\\\/secure.gravatar.com\\\/avatar\\\/dd2486a811ecc34bf766b7d8b17d0ea76674186c415867af39660e429e20e1a0?s=96&d=mm&r=g\",\"url\":\"https:\\\/\\\/secure.gravatar.com\\\/avatar\\\/dd2486a811ecc34bf766b7d8b17d0ea76674186c415867af39660e429e20e1a0?s=96&d=mm&r=g\",\"contentUrl\":\"https:\\\/\\\/secure.gravatar.com\\\/avatar\\\/dd2486a811ecc34bf766b7d8b17d0ea76674186c415867af39660e429e20e1a0?s=96&d=mm&r=g\",\"caption\":\"richard\"},\"url\":\"https:\\\/\\\/aehm.es\\\/en\\\/author\\\/richard\\\/\"}]}<\/script>\n<!-- \/ Yoast SEO plugin. -->","yoast_head_json":{"title":"VIII Edici\u00f3n del Premio Emprendedoras para promover, fomentar, apoyar, impulsar y motivar la capacidad emprendedora de las mujeres - AEHM","description":"El objetivo principal de este premio es contribuir al reconocimiento de proyectos originales, creativos e innovadores acometidos por mujeres para promover e impulsar el emprendimiento femenino, as\u00ed como la generaci\u00f3n de empleo e incremento de la actividad econ\u00f3mica de la ciudad de Madrid.","robots":{"index":"index","follow":"follow","max-snippet":"max-snippet:-1","max-image-preview":"max-image-preview:large","max-video-preview":"max-video-preview:-1"},"canonical":"https:\/\/aehm.es\/en\/viii-edicion-del-premio-emprendedoras-para-promover-fomentar-apoyar-impulsar-y-motivar-la-capacidad-emprendedora-de-las-mujeres\/","og_locale":"en_US","og_type":"article","og_title":"VIII Edici\u00f3n del Premio Emprendedoras para promover, fomentar, apoyar, impulsar y motivar la capacidad emprendedora de las mujeres - AEHM","og_description":"El objetivo principal de este premio es contribuir al reconocimiento de proyectos originales, creativos e innovadores acometidos por mujeres para promover e impulsar el emprendimiento femenino, as\u00ed como la generaci\u00f3n de empleo e incremento de la actividad econ\u00f3mica de la ciudad de Madrid.","og_url":"https:\/\/aehm.es\/en\/viii-edicion-del-premio-emprendedoras-para-promover-fomentar-apoyar-impulsar-y-motivar-la-capacidad-emprendedora-de-las-mujeres\/","og_site_name":"AEHM","article_publisher":"https:\/\/www.instagram.com\/hotelesdemadrid\/","article_published_time":"2018-11-21T14:26:45+00:00","og_image":[{"width":633,"height":238,"url":"https:\/\/aehm.es\/wp-content\/uploads\/2018\/11\/Premio-Emprendedoras-1.jpg","type":"image\/jpeg"}],"author":"richard","twitter_card":"summary_large_image","twitter_creator":"@HotelesAEHM","twitter_site":"@HotelesAEHM","twitter_misc":{"Written by":"richard","Est. reading time":"1 minute"},"schema":{"@context":"https:\/\/schema.org","@graph":[{"@type":"Article","@id":"https:\/\/aehm.es\/en\/viii-edicion-del-premio-emprendedoras-para-promover-fomentar-apoyar-impulsar-y-motivar-la-capacidad-emprendedora-de-las-mujeres\/#article","isPartOf":{"@id":"https:\/\/aehm.es\/en\/viii-edicion-del-premio-emprendedoras-para-promover-fomentar-apoyar-impulsar-y-motivar-la-capacidad-emprendedora-de-las-mujeres\/"},"author":{"name":"richard","@id":"https:\/\/aehm.es\/#\/schema\/person\/ca1397f4b0bcee246b58a0278b67a95f"},"headline":"VIII Edici\u00f3n del Premio Emprendedoras para promover, fomentar, apoyar, impulsar y motivar la capacidad emprendedora de las mujeres","datePublished":"2018-11-21T14:26:45+00:00","mainEntityOfPage":{"@id":"https:\/\/aehm.es\/en\/viii-edicion-del-premio-emprendedoras-para-promover-fomentar-apoyar-impulsar-y-motivar-la-capacidad-emprendedora-de-las-mujeres\/"},"wordCount":159,"commentCount":0,"publisher":{"@id":"https:\/\/aehm.es\/#organization"},"image":{"@id":"https:\/\/aehm.es\/en\/viii-edicion-del-premio-emprendedoras-para-promover-fomentar-apoyar-impulsar-y-motivar-la-capacidad-emprendedora-de-las-mujeres\/#primaryimage"},"thumbnailUrl":"https:\/\/aehm.es\/wp-content\/uploads\/2018\/11\/Premio-Emprendedoras-1.jpg","articleSection":["Actualidad AEHM"],"inLanguage":"en-US","potentialAction":[{"@type":"CommentAction","name":"Comment","target":["https:\/\/aehm.es\/en\/viii-edicion-del-premio-emprendedoras-para-promover-fomentar-apoyar-impulsar-y-motivar-la-capacidad-emprendedora-de-las-mujeres\/#respond"]}]},{"@type":"WebPage","@id":"https:\/\/aehm.es\/en\/viii-edicion-del-premio-emprendedoras-para-promover-fomentar-apoyar-impulsar-y-motivar-la-capacidad-emprendedora-de-las-mujeres\/","url":"https:\/\/aehm.es\/en\/viii-edicion-del-premio-emprendedoras-para-promover-fomentar-apoyar-impulsar-y-motivar-la-capacidad-emprendedora-de-las-mujeres\/","name":"VIII Edici\u00f3n del Premio Emprendedoras para promover, fomentar, apoyar, impulsar y motivar la capacidad emprendedora de las mujeres - AEHM","isPartOf":{"@id":"https:\/\/aehm.es\/#website"},"primaryImageOfPage":{"@id":"https:\/\/aehm.es\/en\/viii-edicion-del-premio-emprendedoras-para-promover-fomentar-apoyar-impulsar-y-motivar-la-capacidad-emprendedora-de-las-mujeres\/#primaryimage"},"image":{"@id":"https:\/\/aehm.es\/en\/viii-edicion-del-premio-emprendedoras-para-promover-fomentar-apoyar-impulsar-y-motivar-la-capacidad-emprendedora-de-las-mujeres\/#primaryimage"},"thumbnailUrl":"https:\/\/aehm.es\/wp-content\/uploads\/2018\/11\/Premio-Emprendedoras-1.jpg","datePublished":"2018-11-21T14:26:45+00:00","description":"El objetivo principal de este premio es contribuir al reconocimiento de proyectos originales, creativos e innovadores acometidos por mujeres para promover e impulsar el emprendimiento femenino, as\u00ed como la generaci\u00f3n de empleo e incremento de la actividad econ\u00f3mica de la ciudad de Madrid.","breadcrumb":{"@id":"https:\/\/aehm.es\/en\/viii-edicion-del-premio-emprendedoras-para-promover-fomentar-apoyar-impulsar-y-motivar-la-capacidad-emprendedora-de-las-mujeres\/#breadcrumb"},"inLanguage":"en-US","potentialAction":[{"@type":"ReadAction","target":["https:\/\/aehm.es\/en\/viii-edicion-del-premio-emprendedoras-para-promover-fomentar-apoyar-impulsar-y-motivar-la-capacidad-emprendedora-de-las-mujeres\/"]}]},{"@type":"ImageObject","inLanguage":"en-US","@id":"https:\/\/aehm.es\/en\/viii-edicion-del-premio-emprendedoras-para-promover-fomentar-apoyar-impulsar-y-motivar-la-capacidad-emprendedora-de-las-mujeres\/#primaryimage","url":"https:\/\/aehm.es\/wp-content\/uploads\/2018\/11\/Premio-Emprendedoras-1.jpg","contentUrl":"https:\/\/aehm.es\/wp-content\/uploads\/2018\/11\/Premio-Emprendedoras-1.jpg","width":633,"height":238},{"@type":"BreadcrumbList","@id":"https:\/\/aehm.es\/en\/viii-edicion-del-premio-emprendedoras-para-promover-fomentar-apoyar-impulsar-y-motivar-la-capacidad-emprendedora-de-las-mujeres\/#breadcrumb","itemListElement":[{"@type":"ListItem","position":1,"name":"Portada","item":"https:\/\/aehm.es\/en\/"},{"@type":"ListItem","position":2,"name":"VIII Edici\u00f3n del Premio Emprendedoras para promover, fomentar, apoyar, impulsar y motivar la capacidad emprendedora de las mujeres"}]},{"@type":"WebSite","@id":"https:\/\/aehm.es\/#website","url":"https:\/\/aehm.es\/","name":"Asociaci\u00f3n Empresarial Hotelera de Madrid","description":"La Asociaci\u00f3n Empresarial Hotelera Madrid est\u00e1 formada por m\u00e1s de 300 establecimientos de todas las categor\u00edas y tipolog\u00edas (hoteles, hostales, hostels, apartamentos\u2026) que suman m\u00e1s de 75.000 plazas de alojamiento.","publisher":{"@id":"https:\/\/aehm.es\/#organization"},"alternateName":"AEHM","potentialAction":[{"@type":"SearchAction","target":{"@type":"EntryPoint","urlTemplate":"https:\/\/aehm.es\/?s={search_term_string}"},"query-input":{"@type":"PropertyValueSpecification","valueRequired":true,"valueName":"search_term_string"}}],"inLanguage":"en-US"},{"@type":"Organization","@id":"https:\/\/aehm.es\/#organization","name":"Asociaci\u00f3n Empresarial Hotelera de Madrid","url":"https:\/\/aehm.es\/","logo":{"@type":"ImageObject","inLanguage":"en-US","@id":"https:\/\/aehm.es\/#\/schema\/logo\/image\/","url":"https:\/\/aehm.es\/wp-content\/uploads\/2021\/11\/Logo_AEHM_Horiz.png","contentUrl":"https:\/\/aehm.es\/wp-content\/uploads\/2021\/11\/Logo_AEHM_Horiz.png","width":600,"height":182,"caption":"Asociaci\u00f3n Empresarial Hotelera de Madrid"},"image":{"@id":"https:\/\/aehm.es\/#\/schema\/logo\/image\/"},"sameAs":["https:\/\/www.instagram.com\/hotelesdemadrid\/","https:\/\/x.com\/HotelesAEHM","https:\/\/www.linkedin.com\/company\/11166072\/"]},{"@type":"Person","@id":"https:\/\/aehm.es\/#\/schema\/person\/ca1397f4b0bcee246b58a0278b67a95f","name":"richard","image":{"@type":"ImageObject","inLanguage":"en-US","@id":"https:\/\/secure.gravatar.com\/avatar\/dd2486a811ecc34bf766b7d8b17d0ea76674186c415867af39660e429e20e1a0?s=96&d=mm&r=g","url":"https:\/\/secure.gravatar.com\/avatar\/dd2486a811ecc34bf766b7d8b17d0ea76674186c415867af39660e429e20e1a0?s=96&d=mm&r=g","contentUrl":"https:\/\/secure.gravatar.com\/avatar\/dd2486a811ecc34bf766b7d8b17d0ea76674186c415867af39660e429e20e1a0?s=96&d=mm&r=g","caption":"richard"},"url":"https:\/\/aehm.es\/en\/author\/richard\/"}]}},"_links":{"self":[{"href":"https:\/\/aehm.es\/en\/wp-json\/wp\/v2\/posts\/4819","targetHints":{"allow":["GET"]}}],"collection":[{"href":"https:\/\/aehm.es\/en\/wp-json\/wp\/v2\/posts"}],"about":[{"href":"https:\/\/aehm.es\/en\/wp-json\/wp\/v2\/types\/post"}],"author":[{"embeddable":true,"href":"https:\/\/aehm.es\/en\/wp-json\/wp\/v2\/users\/1"}],"replies":[{"embeddable":true,"href":"https:\/\/aehm.es\/en\/wp-json\/wp\/v2\/comments?post=4819"}],"version-history":[{"count":0,"href":"https:\/\/aehm.es\/en\/wp-json\/wp\/v2\/posts\/4819\/revisions"}],"wp:featuredmedia":[{"embeddable":true,"href":"https:\/\/aehm.es\/en\/wp-json\/wp\/v2\/media\/4820"}],"wp:attachment":[{"href":"https:\/\/aehm.es\/en\/wp-json\/wp\/v2\/media?parent=4819"}],"wp:term":[{"taxonomy":"category","embeddable":true,"href":"https:\/\/aehm.es\/en\/wp-json\/wp\/v2\/categories?post=4819"},{"taxonomy":"post_tag","embeddable":true,"href":"https:\/\/aehm.es\/en\/wp-json\/wp\/v2\/tags?post=4819"}],"curies":[{"name":"wp","href":"https:\/\/api.w.org\/{rel}","templated":true}]}}