{"id":4705,"date":"2018-11-08T08:42:57","date_gmt":"2018-11-08T08:42:57","guid":{"rendered":"https:\/\/aehm.es\/?p=4705"},"modified":"2018-11-08T08:42:57","modified_gmt":"2018-11-08T08:42:57","slug":"las-calles-de-la-ciudad-se-ondean-al-ritmo-de-madrid-hotel-week","status":"publish","type":"post","link":"https:\/\/aehm.es\/en\/las-calles-de-la-ciudad-se-ondean-al-ritmo-de-madrid-hotel-week\/","title":{"rendered":"Las calles de la ciudad se ondean al ritmo de \u201cMadrid Hotel Week\u201d"},"content":{"rendered":"<p>Cientos de banderolas de <strong>\u2018Madrid Hotel Week\u2019 <\/strong>ondean por las calles de la ciudad con motivo de la celebraci\u00f3n de la segunda edici\u00f3n de esta iniciativa promovida por segundo a\u00f1o consecutivo por la <strong>Asociaci\u00f3n Empresarial Hotelera de Madrid<\/strong> (AEHM). Un completo programa de actividades que se celebra desde el lunes 5 hasta el domingo 11 de noviembre en m\u00e1s de 45 hoteles de Madrid con el objetivo de mostrar la amplia variedad de servicios y actividades que los hoteles de Madrid ofrecen m\u00e1s all\u00e1 del alojamiento.<\/p>\n<p>Tanto el <strong>\u00c1rea de Turismo del Ayuntamiento de Madrid<\/strong> como la <strong>Direcci\u00f3n General de Comercio y Emprendimiento<\/strong> han doblado su apuesta por este proyecto puesto en marcha por primera vez en 2017 para poner en valor el papel que juegan estos establecimientos en la configuraci\u00f3n y dinamizaci\u00f3n de los barrios.<\/p>\n<p>Dicha actuaci\u00f3n promocional permitir\u00e1 dar a conocer las m\u00e1s de 100 actividades culturales, profesionales y de ocio destinadas a los ciudadanos, a lo profesionales y a los turistas que visitan la ciudad, durante esta semana.<\/p>\n","protected":false},"excerpt":{"rendered":"<p>Cientos de banderolas de \u2018Madrid Hotel Week\u2019 ondean por las calles de la ciudad con motivo de la celebraci\u00f3n de la segunda edici\u00f3n de esta iniciativa promovida por segundo a\u00f1o consecutivo por la Asociaci\u00f3n Empresarial Hotelera de Madrid (AEHM). Un completo programa de actividades que se celebra desde el lunes 5 hasta el domingo 11 [&hellip;]<\/p>\n","protected":false},"author":1,"featured_media":4706,"comment_status":"open","ping_status":"open","sticky":false,"template":"","format":"standard","meta":{"footnotes":""},"categories":[1],"tags":[],"class_list":["post-4705","post","type-post","status-publish","format-standard","has-post-thumbnail","hentry","category-actualidad-aehm"],"yoast_head":"<!-- This site is optimized with the Yoast SEO plugin v27.5 - https:\/\/yoast.com\/product\/yoast-seo-wordpress\/ -->\n<title>Las calles de la ciudad se ondean al ritmo de \u201cMadrid Hotel Week\u201d - AEHM<\/title>\n<meta name=\"description\" content=\"Cientos de banderolas de \u2018Madrid Hotel Week\u2019 ondean por las calles de la ciudad con motivo de la celebraci\u00f3n de la segunda edici\u00f3n de esta iniciativa promovida por segundo a\u00f1o consecutivo por la Asociaci\u00f3n Empresarial Hotelera de Madrid (AEHM).\" \/>\n<meta name=\"robots\" content=\"index, follow, max-snippet:-1, max-image-preview:large, max-video-preview:-1\" \/>\n<link rel=\"canonical\" href=\"https:\/\/aehm.es\/las-calles-de-la-ciudad-se-ondean-al-ritmo-de-madrid-hotel-week\/\" \/>\n<meta property=\"og:locale\" content=\"en_US\" \/>\n<meta property=\"og:type\" content=\"article\" \/>\n<meta property=\"og:title\" content=\"Las calles de la ciudad se ondean al ritmo de \u201cMadrid Hotel Week\u201d - AEHM\" \/>\n<meta property=\"og:description\" content=\"Cientos de banderolas de \u2018Madrid Hotel Week\u2019 ondean por las calles de la ciudad con motivo de la celebraci\u00f3n de la segunda edici\u00f3n de esta iniciativa promovida por segundo a\u00f1o consecutivo por la Asociaci\u00f3n Empresarial Hotelera de Madrid (AEHM).\" \/>\n<meta property=\"og:url\" content=\"https:\/\/aehm.es\/las-calles-de-la-ciudad-se-ondean-al-ritmo-de-madrid-hotel-week\/\" \/>\n<meta property=\"og:site_name\" content=\"AEHM\" \/>\n<meta property=\"article:publisher\" content=\"https:\/\/www.instagram.com\/hotelesdemadrid\/\" \/>\n<meta property=\"article:published_time\" content=\"2018-11-08T08:42:57+00:00\" \/>\n<meta property=\"og:image\" content=\"https:\/\/aehm.es\/wp-content\/uploads\/2018\/11\/MHW2018-1.jpg\" \/>\n\t<meta property=\"og:image:width\" content=\"670\" \/>\n\t<meta property=\"og:image:height\" content=\"365\" \/>\n\t<meta property=\"og:image:type\" content=\"image\/jpeg\" \/>\n<meta name=\"author\" content=\"richard\" \/>\n<meta name=\"twitter:card\" content=\"summary_large_image\" \/>\n<meta name=\"twitter:image\" content=\"https:\/\/aehm.es\/wp-content\/uploads\/2018\/11\/MHW2018.jpg\" \/>\n<meta name=\"twitter:creator\" content=\"@HotelesAEHM\" \/>\n<meta name=\"twitter:site\" content=\"@HotelesAEHM\" \/>\n<meta name=\"twitter:label1\" content=\"Written by\" \/>\n\t<meta name=\"twitter:data1\" content=\"richard\" \/>\n\t<meta name=\"twitter:label2\" content=\"Est. reading time\" \/>\n\t<meta name=\"twitter:data2\" content=\"1 minute\" \/>\n<script type=\"application\/ld+json\" class=\"yoast-schema-graph\">{\"@context\":\"https:\\\/\\\/schema.org\",\"@graph\":[{\"@type\":\"Article\",\"@id\":\"https:\\\/\\\/aehm.es\\\/las-calles-de-la-ciudad-se-ondean-al-ritmo-de-madrid-hotel-week\\\/#article\",\"isPartOf\":{\"@id\":\"https:\\\/\\\/aehm.es\\\/las-calles-de-la-ciudad-se-ondean-al-ritmo-de-madrid-hotel-week\\\/\"},\"author\":{\"name\":\"richard\",\"@id\":\"https:\\\/\\\/aehm.es\\\/#\\\/schema\\\/person\\\/ca1397f4b0bcee246b58a0278b67a95f\"},\"headline\":\"Las calles de la ciudad se ondean al ritmo de \u201cMadrid Hotel Week\u201d\",\"datePublished\":\"2018-11-08T08:42:57+00:00\",\"mainEntityOfPage\":{\"@id\":\"https:\\\/\\\/aehm.es\\\/las-calles-de-la-ciudad-se-ondean-al-ritmo-de-madrid-hotel-week\\\/\"},\"wordCount\":190,\"commentCount\":0,\"publisher\":{\"@id\":\"https:\\\/\\\/aehm.es\\\/#organization\"},\"image\":{\"@id\":\"https:\\\/\\\/aehm.es\\\/las-calles-de-la-ciudad-se-ondean-al-ritmo-de-madrid-hotel-week\\\/#primaryimage\"},\"thumbnailUrl\":\"https:\\\/\\\/aehm.es\\\/wp-content\\\/uploads\\\/2018\\\/11\\\/MHW2018-1.jpg\",\"articleSection\":[\"Actualidad AEHM\"],\"inLanguage\":\"en-US\",\"potentialAction\":[{\"@type\":\"CommentAction\",\"name\":\"Comment\",\"target\":[\"https:\\\/\\\/aehm.es\\\/las-calles-de-la-ciudad-se-ondean-al-ritmo-de-madrid-hotel-week\\\/#respond\"]}]},{\"@type\":\"WebPage\",\"@id\":\"https:\\\/\\\/aehm.es\\\/las-calles-de-la-ciudad-se-ondean-al-ritmo-de-madrid-hotel-week\\\/\",\"url\":\"https:\\\/\\\/aehm.es\\\/las-calles-de-la-ciudad-se-ondean-al-ritmo-de-madrid-hotel-week\\\/\",\"name\":\"Las calles de la ciudad se ondean al ritmo de \u201cMadrid Hotel Week\u201d - AEHM\",\"isPartOf\":{\"@id\":\"https:\\\/\\\/aehm.es\\\/#website\"},\"primaryImageOfPage\":{\"@id\":\"https:\\\/\\\/aehm.es\\\/las-calles-de-la-ciudad-se-ondean-al-ritmo-de-madrid-hotel-week\\\/#primaryimage\"},\"image\":{\"@id\":\"https:\\\/\\\/aehm.es\\\/las-calles-de-la-ciudad-se-ondean-al-ritmo-de-madrid-hotel-week\\\/#primaryimage\"},\"thumbnailUrl\":\"https:\\\/\\\/aehm.es\\\/wp-content\\\/uploads\\\/2018\\\/11\\\/MHW2018-1.jpg\",\"datePublished\":\"2018-11-08T08:42:57+00:00\",\"description\":\"Cientos de banderolas de \u2018Madrid Hotel Week\u2019 ondean por las calles de la ciudad con motivo de la celebraci\u00f3n de la segunda edici\u00f3n de esta iniciativa promovida por segundo a\u00f1o consecutivo por la Asociaci\u00f3n Empresarial Hotelera de Madrid (AEHM).\",\"breadcrumb\":{\"@id\":\"https:\\\/\\\/aehm.es\\\/las-calles-de-la-ciudad-se-ondean-al-ritmo-de-madrid-hotel-week\\\/#breadcrumb\"},\"inLanguage\":\"en-US\",\"potentialAction\":[{\"@type\":\"ReadAction\",\"target\":[\"https:\\\/\\\/aehm.es\\\/las-calles-de-la-ciudad-se-ondean-al-ritmo-de-madrid-hotel-week\\\/\"]}]},{\"@type\":\"ImageObject\",\"inLanguage\":\"en-US\",\"@id\":\"https:\\\/\\\/aehm.es\\\/las-calles-de-la-ciudad-se-ondean-al-ritmo-de-madrid-hotel-week\\\/#primaryimage\",\"url\":\"https:\\\/\\\/aehm.es\\\/wp-content\\\/uploads\\\/2018\\\/11\\\/MHW2018-1.jpg\",\"contentUrl\":\"https:\\\/\\\/aehm.es\\\/wp-content\\\/uploads\\\/2018\\\/11\\\/MHW2018-1.jpg\",\"width\":670,\"height\":365},{\"@type\":\"BreadcrumbList\",\"@id\":\"https:\\\/\\\/aehm.es\\\/las-calles-de-la-ciudad-se-ondean-al-ritmo-de-madrid-hotel-week\\\/#breadcrumb\",\"itemListElement\":[{\"@type\":\"ListItem\",\"position\":1,\"name\":\"Portada\",\"item\":\"https:\\\/\\\/aehm.es\\\/en\\\/\"},{\"@type\":\"ListItem\",\"position\":2,\"name\":\"Las calles de la ciudad se ondean al ritmo de \u201cMadrid Hotel Week\u201d\"}]},{\"@type\":\"WebSite\",\"@id\":\"https:\\\/\\\/aehm.es\\\/#website\",\"url\":\"https:\\\/\\\/aehm.es\\\/\",\"name\":\"Asociaci\u00f3n Empresarial Hotelera de Madrid\",\"description\":\"La Asociaci\u00f3n Empresarial Hotelera Madrid est\u00e1 formada por m\u00e1s de 300 establecimientos de todas las categor\u00edas y tipolog\u00edas (hoteles, hostales, hostels, apartamentos\u2026) que suman m\u00e1s de 75.000 plazas de alojamiento.\",\"publisher\":{\"@id\":\"https:\\\/\\\/aehm.es\\\/#organization\"},\"alternateName\":\"AEHM\",\"potentialAction\":[{\"@type\":\"SearchAction\",\"target\":{\"@type\":\"EntryPoint\",\"urlTemplate\":\"https:\\\/\\\/aehm.es\\\/?s={search_term_string}\"},\"query-input\":{\"@type\":\"PropertyValueSpecification\",\"valueRequired\":true,\"valueName\":\"search_term_string\"}}],\"inLanguage\":\"en-US\"},{\"@type\":\"Organization\",\"@id\":\"https:\\\/\\\/aehm.es\\\/#organization\",\"name\":\"Asociaci\u00f3n Empresarial Hotelera de Madrid\",\"url\":\"https:\\\/\\\/aehm.es\\\/\",\"logo\":{\"@type\":\"ImageObject\",\"inLanguage\":\"en-US\",\"@id\":\"https:\\\/\\\/aehm.es\\\/#\\\/schema\\\/logo\\\/image\\\/\",\"url\":\"https:\\\/\\\/aehm.es\\\/wp-content\\\/uploads\\\/2021\\\/11\\\/Logo_AEHM_Horiz.png\",\"contentUrl\":\"https:\\\/\\\/aehm.es\\\/wp-content\\\/uploads\\\/2021\\\/11\\\/Logo_AEHM_Horiz.png\",\"width\":600,\"height\":182,\"caption\":\"Asociaci\u00f3n Empresarial Hotelera de Madrid\"},\"image\":{\"@id\":\"https:\\\/\\\/aehm.es\\\/#\\\/schema\\\/logo\\\/image\\\/\"},\"sameAs\":[\"https:\\\/\\\/www.instagram.com\\\/hotelesdemadrid\\\/\",\"https:\\\/\\\/x.com\\\/HotelesAEHM\",\"https:\\\/\\\/www.linkedin.com\\\/company\\\/11166072\\\/\"]},{\"@type\":\"Person\",\"@id\":\"https:\\\/\\\/aehm.es\\\/#\\\/schema\\\/person\\\/ca1397f4b0bcee246b58a0278b67a95f\",\"name\":\"richard\",\"image\":{\"@type\":\"ImageObject\",\"inLanguage\":\"en-US\",\"@id\":\"https:\\\/\\\/secure.gravatar.com\\\/avatar\\\/dd2486a811ecc34bf766b7d8b17d0ea76674186c415867af39660e429e20e1a0?s=96&d=mm&r=g\",\"url\":\"https:\\\/\\\/secure.gravatar.com\\\/avatar\\\/dd2486a811ecc34bf766b7d8b17d0ea76674186c415867af39660e429e20e1a0?s=96&d=mm&r=g\",\"contentUrl\":\"https:\\\/\\\/secure.gravatar.com\\\/avatar\\\/dd2486a811ecc34bf766b7d8b17d0ea76674186c415867af39660e429e20e1a0?s=96&d=mm&r=g\",\"caption\":\"richard\"},\"url\":\"https:\\\/\\\/aehm.es\\\/en\\\/author\\\/richard\\\/\"}]}<\/script>\n<!-- \/ Yoast SEO plugin. -->","yoast_head_json":{"title":"Las calles de la ciudad se ondean al ritmo de \u201cMadrid Hotel Week\u201d - AEHM","description":"Cientos de banderolas de \u2018Madrid Hotel Week\u2019 ondean por las calles de la ciudad con motivo de la celebraci\u00f3n de la segunda edici\u00f3n de esta iniciativa promovida por segundo a\u00f1o consecutivo por la Asociaci\u00f3n Empresarial Hotelera de Madrid (AEHM).","robots":{"index":"index","follow":"follow","max-snippet":"max-snippet:-1","max-image-preview":"max-image-preview:large","max-video-preview":"max-video-preview:-1"},"canonical":"https:\/\/aehm.es\/las-calles-de-la-ciudad-se-ondean-al-ritmo-de-madrid-hotel-week\/","og_locale":"en_US","og_type":"article","og_title":"Las calles de la ciudad se ondean al ritmo de \u201cMadrid Hotel Week\u201d - AEHM","og_description":"Cientos de banderolas de \u2018Madrid Hotel Week\u2019 ondean por las calles de la ciudad con motivo de la celebraci\u00f3n de la segunda edici\u00f3n de esta iniciativa promovida por segundo a\u00f1o consecutivo por la Asociaci\u00f3n Empresarial Hotelera de Madrid (AEHM).","og_url":"https:\/\/aehm.es\/las-calles-de-la-ciudad-se-ondean-al-ritmo-de-madrid-hotel-week\/","og_site_name":"AEHM","article_publisher":"https:\/\/www.instagram.com\/hotelesdemadrid\/","article_published_time":"2018-11-08T08:42:57+00:00","og_image":[{"width":670,"height":365,"url":"https:\/\/aehm.es\/wp-content\/uploads\/2018\/11\/MHW2018-1.jpg","type":"image\/jpeg"}],"author":"richard","twitter_card":"summary_large_image","twitter_image":"https:\/\/aehm.es\/wp-content\/uploads\/2018\/11\/MHW2018.jpg","twitter_creator":"@HotelesAEHM","twitter_site":"@HotelesAEHM","twitter_misc":{"Written by":"richard","Est. reading time":"1 minute"},"schema":{"@context":"https:\/\/schema.org","@graph":[{"@type":"Article","@id":"https:\/\/aehm.es\/las-calles-de-la-ciudad-se-ondean-al-ritmo-de-madrid-hotel-week\/#article","isPartOf":{"@id":"https:\/\/aehm.es\/las-calles-de-la-ciudad-se-ondean-al-ritmo-de-madrid-hotel-week\/"},"author":{"name":"richard","@id":"https:\/\/aehm.es\/#\/schema\/person\/ca1397f4b0bcee246b58a0278b67a95f"},"headline":"Las calles de la ciudad se ondean al ritmo de \u201cMadrid Hotel Week\u201d","datePublished":"2018-11-08T08:42:57+00:00","mainEntityOfPage":{"@id":"https:\/\/aehm.es\/las-calles-de-la-ciudad-se-ondean-al-ritmo-de-madrid-hotel-week\/"},"wordCount":190,"commentCount":0,"publisher":{"@id":"https:\/\/aehm.es\/#organization"},"image":{"@id":"https:\/\/aehm.es\/las-calles-de-la-ciudad-se-ondean-al-ritmo-de-madrid-hotel-week\/#primaryimage"},"thumbnailUrl":"https:\/\/aehm.es\/wp-content\/uploads\/2018\/11\/MHW2018-1.jpg","articleSection":["Actualidad AEHM"],"inLanguage":"en-US","potentialAction":[{"@type":"CommentAction","name":"Comment","target":["https:\/\/aehm.es\/las-calles-de-la-ciudad-se-ondean-al-ritmo-de-madrid-hotel-week\/#respond"]}]},{"@type":"WebPage","@id":"https:\/\/aehm.es\/las-calles-de-la-ciudad-se-ondean-al-ritmo-de-madrid-hotel-week\/","url":"https:\/\/aehm.es\/las-calles-de-la-ciudad-se-ondean-al-ritmo-de-madrid-hotel-week\/","name":"Las calles de la ciudad se ondean al ritmo de \u201cMadrid Hotel Week\u201d - AEHM","isPartOf":{"@id":"https:\/\/aehm.es\/#website"},"primaryImageOfPage":{"@id":"https:\/\/aehm.es\/las-calles-de-la-ciudad-se-ondean-al-ritmo-de-madrid-hotel-week\/#primaryimage"},"image":{"@id":"https:\/\/aehm.es\/las-calles-de-la-ciudad-se-ondean-al-ritmo-de-madrid-hotel-week\/#primaryimage"},"thumbnailUrl":"https:\/\/aehm.es\/wp-content\/uploads\/2018\/11\/MHW2018-1.jpg","datePublished":"2018-11-08T08:42:57+00:00","description":"Cientos de banderolas de \u2018Madrid Hotel Week\u2019 ondean por las calles de la ciudad con motivo de la celebraci\u00f3n de la segunda edici\u00f3n de esta iniciativa promovida por segundo a\u00f1o consecutivo por la Asociaci\u00f3n Empresarial Hotelera de Madrid (AEHM).","breadcrumb":{"@id":"https:\/\/aehm.es\/las-calles-de-la-ciudad-se-ondean-al-ritmo-de-madrid-hotel-week\/#breadcrumb"},"inLanguage":"en-US","potentialAction":[{"@type":"ReadAction","target":["https:\/\/aehm.es\/las-calles-de-la-ciudad-se-ondean-al-ritmo-de-madrid-hotel-week\/"]}]},{"@type":"ImageObject","inLanguage":"en-US","@id":"https:\/\/aehm.es\/las-calles-de-la-ciudad-se-ondean-al-ritmo-de-madrid-hotel-week\/#primaryimage","url":"https:\/\/aehm.es\/wp-content\/uploads\/2018\/11\/MHW2018-1.jpg","contentUrl":"https:\/\/aehm.es\/wp-content\/uploads\/2018\/11\/MHW2018-1.jpg","width":670,"height":365},{"@type":"BreadcrumbList","@id":"https:\/\/aehm.es\/las-calles-de-la-ciudad-se-ondean-al-ritmo-de-madrid-hotel-week\/#breadcrumb","itemListElement":[{"@type":"ListItem","position":1,"name":"Portada","item":"https:\/\/aehm.es\/en\/"},{"@type":"ListItem","position":2,"name":"Las calles de la ciudad se ondean al ritmo de \u201cMadrid Hotel Week\u201d"}]},{"@type":"WebSite","@id":"https:\/\/aehm.es\/#website","url":"https:\/\/aehm.es\/","name":"Asociaci\u00f3n Empresarial Hotelera de Madrid","description":"La Asociaci\u00f3n Empresarial Hotelera Madrid est\u00e1 formada por m\u00e1s de 300 establecimientos de todas las categor\u00edas y tipolog\u00edas (hoteles, hostales, hostels, apartamentos\u2026) que suman m\u00e1s de 75.000 plazas de alojamiento.","publisher":{"@id":"https:\/\/aehm.es\/#organization"},"alternateName":"AEHM","potentialAction":[{"@type":"SearchAction","target":{"@type":"EntryPoint","urlTemplate":"https:\/\/aehm.es\/?s={search_term_string}"},"query-input":{"@type":"PropertyValueSpecification","valueRequired":true,"valueName":"search_term_string"}}],"inLanguage":"en-US"},{"@type":"Organization","@id":"https:\/\/aehm.es\/#organization","name":"Asociaci\u00f3n Empresarial Hotelera de Madrid","url":"https:\/\/aehm.es\/","logo":{"@type":"ImageObject","inLanguage":"en-US","@id":"https:\/\/aehm.es\/#\/schema\/logo\/image\/","url":"https:\/\/aehm.es\/wp-content\/uploads\/2021\/11\/Logo_AEHM_Horiz.png","contentUrl":"https:\/\/aehm.es\/wp-content\/uploads\/2021\/11\/Logo_AEHM_Horiz.png","width":600,"height":182,"caption":"Asociaci\u00f3n Empresarial Hotelera de Madrid"},"image":{"@id":"https:\/\/aehm.es\/#\/schema\/logo\/image\/"},"sameAs":["https:\/\/www.instagram.com\/hotelesdemadrid\/","https:\/\/x.com\/HotelesAEHM","https:\/\/www.linkedin.com\/company\/11166072\/"]},{"@type":"Person","@id":"https:\/\/aehm.es\/#\/schema\/person\/ca1397f4b0bcee246b58a0278b67a95f","name":"richard","image":{"@type":"ImageObject","inLanguage":"en-US","@id":"https:\/\/secure.gravatar.com\/avatar\/dd2486a811ecc34bf766b7d8b17d0ea76674186c415867af39660e429e20e1a0?s=96&d=mm&r=g","url":"https:\/\/secure.gravatar.com\/avatar\/dd2486a811ecc34bf766b7d8b17d0ea76674186c415867af39660e429e20e1a0?s=96&d=mm&r=g","contentUrl":"https:\/\/secure.gravatar.com\/avatar\/dd2486a811ecc34bf766b7d8b17d0ea76674186c415867af39660e429e20e1a0?s=96&d=mm&r=g","caption":"richard"},"url":"https:\/\/aehm.es\/en\/author\/richard\/"}]}},"_links":{"self":[{"href":"https:\/\/aehm.es\/en\/wp-json\/wp\/v2\/posts\/4705","targetHints":{"allow":["GET"]}}],"collection":[{"href":"https:\/\/aehm.es\/en\/wp-json\/wp\/v2\/posts"}],"about":[{"href":"https:\/\/aehm.es\/en\/wp-json\/wp\/v2\/types\/post"}],"author":[{"embeddable":true,"href":"https:\/\/aehm.es\/en\/wp-json\/wp\/v2\/users\/1"}],"replies":[{"embeddable":true,"href":"https:\/\/aehm.es\/en\/wp-json\/wp\/v2\/comments?post=4705"}],"version-history":[{"count":0,"href":"https:\/\/aehm.es\/en\/wp-json\/wp\/v2\/posts\/4705\/revisions"}],"wp:featuredmedia":[{"embeddable":true,"href":"https:\/\/aehm.es\/en\/wp-json\/wp\/v2\/media\/4706"}],"wp:attachment":[{"href":"https:\/\/aehm.es\/en\/wp-json\/wp\/v2\/media?parent=4705"}],"wp:term":[{"taxonomy":"category","embeddable":true,"href":"https:\/\/aehm.es\/en\/wp-json\/wp\/v2\/categories?post=4705"},{"taxonomy":"post_tag","embeddable":true,"href":"https:\/\/aehm.es\/en\/wp-json\/wp\/v2\/tags?post=4705"}],"curies":[{"name":"wp","href":"https:\/\/api.w.org\/{rel}","templated":true}]}}