{"id":4692,"date":"2018-11-07T15:00:42","date_gmt":"2018-11-07T15:00:42","guid":{"rendered":"https:\/\/aehm.es\/?p=4692"},"modified":"2018-11-07T15:00:42","modified_gmt":"2018-11-07T15:00:42","slug":"los-hoteleros-madrilenos-y-el-madwomenfest-unidos-contra-la-violencia-de-genero","status":"publish","type":"post","link":"https:\/\/aehm.es\/en\/los-hoteleros-madrilenos-y-el-madwomenfest-unidos-contra-la-violencia-de-genero\/","title":{"rendered":"Los hoteleros madrile\u00f1os y el \u2018MadWomenFest\u2019, unidos contra la violencia de g\u00e9nero"},"content":{"rendered":"<ul>\n<li><strong>La Asociaci\u00f3n Empresarial Hotelera de Madrid (AEHM) colabora con la Fundaci\u00f3n Pilar Jurado para celebrar el \u2018MadWomenFest\u2019 en el marco de \u2018Madrid Hotel Week\u2019, una iniciativa que este a\u00f1o otorga especial protagonismo a la mujer<\/strong><\/li>\n<li><strong>El Hotel Madrid Marriott Auditorium, asociado a la AEHM, ha cedido gratuitamente sus instalaciones a la organizaci\u00f3n de este festival musical como muestra del compromiso del sector hotelero con la lucha contra la violencia de g\u00e9nero y la desigualdad entre sexos.<\/strong><\/li>\n<li><strong>Los fondos recaudados con la venta de entradas ir\u00e1n destinados a la financiaci\u00f3n de una cooperativa constituida por estas mujeres mediante un concurso publicado por el \u00c1rea de Emprendimiento del Ayuntamiento de Madrid<\/strong><\/li>\n<\/ul>\n<p><strong>Madrid, 6 de noviembre de 2018.- <\/strong>La <strong>Asociaci\u00f3n Empresarial Hotelera de Madrid<\/strong> (AEHM) colabora <strong>Fundaci\u00f3n Pilar Jurado<\/strong> para celebrar el <strong>\u2018MadWomenFest\u2019<\/strong> en el marco de <strong>\u2018Madrid Hotel Week\u2019<\/strong>, una iniciativa que este a\u00f1o otorga especial protagonismo a la mujer.<\/p>\n<p>Este macroconcierto, que forma parte del programa de actividades de \u2018Madrid Hotel Week\u2019, tendr\u00e1 lugar el pr\u00f3ximo <strong>viernes 9 de noviembre a las 21.00 horas<\/strong> en el <strong>Hotel Madrid Marriott Auditorium<\/strong>, asociado a la AEHM, que ha cedido sus espacios para la celebraci\u00f3n de este festival como muestra del compromiso del sector hotelero con la lucha contra la violencia de g\u00e9nero y la desigualdad entre sexos.<\/p>\n<p>El \u2018MadWomenFest\u2019 a\u00fana cultura, m\u00fasica y sociedad\u00a0 y est\u00e1 apoyado l\u00edderes de opini\u00f3n y artistas de primer nivel como Pilar Jurado (directora Creativa y Ejecutiva del festival), Fran Perea, Magic Magno, Amistades Peligrosas o la Orchestra della Scala Aretina con el objetivo de que el mensaje alcance a toda la sociedad.<\/p>\n<p>Con los fondos recaudados tras la venta de entradas de este megaconcierto, el \u2018MadWomenFest\u2019 aspira a crear una cooperativa constituida por mujeres v\u00edctimas de violencia de g\u00e9nero, mediante concurso publicado por el \u00e1rea de Emprendimiento del Ayuntamiento de Madrid, para que \u00e9stas puedan iniciar una nueva vida.<\/p>\n<p>Este festival, que naci\u00f3 en 2017 al igual que \u2018Madrid Hotel Week\u2019, cont\u00f3 el a\u00f1o pasado con el apoyo de la <strong>Fiscal\u00eda General del Estado<\/strong>; todo un hito, ya que fue la primera vez en la historia en la que el logo de esta instituci\u00f3n apareci\u00f3 en una acci\u00f3n no jur\u00eddica. Tambi\u00e9n fue galardonado con el <strong>\u2018Premio Menina\u2019<\/strong> de manos del Presidente de Gobierno, Mariano Rajoy, por su compromiso en la erradicaci\u00f3n de la violencia sobre las mujeres. Adem\u00e1s, la <strong>Organizaci\u00f3n de Naciones Unidas<\/strong> (ONU) ha reconocido el <strong>\u2018MadWomenFest\u2019 <\/strong>como iniciativa con gran compromiso con sus Objetivos de Desarrollo Sostenible para 2030, en lo que se refiere a su lucha por la igualdad de g\u00e9neros.<\/p>\n<p style=\"text-align: center;\"><span style=\"font-family: Roboto;\"><strong>MEGACONCIERTO MADWOMENFEST<br \/>\n<\/strong><strong>CONTRA LA VIOLENCIA DE G\u00c9NERO<\/strong><\/span><\/p>\n<p style=\"text-align: center;\"><span style=\"font-family: Roboto;\">#YoSoyUnaMadwoman<\/span><br \/>\n<span style=\"font-family: Roboto;\">9 de noviembre de 2018<\/span><br \/>\n<span style=\"font-family: Roboto;\">21.00 horas<\/span><\/p>\n<p style=\"text-align: center;\"><span style=\"font-family: Roboto;\">Hotel Madrid Marriott Auditorium<\/span><br \/>\n<span style=\"font-family: Roboto;\">Av. De Arag\u00f3n 400, 28022 Madrid<\/span><\/p>\n<p><strong>COMPRA DE ENTRADAS:<\/strong> <a href=\"https:\/\/madwomenfest.com\/evento\/megaconcierto-la-violencia-genero-madrid\/\">https:\/\/madwomenfest.com\/evento\/megaconcierto-la-violencia-genero-madrid\/<\/a><\/p>\n<p>&nbsp;<\/p>\n<p>Tanto la celebraci\u00f3n de \u2018Madrid Hotel Week\u2019 como el \u2018MadWomenFest\u2019 coinciden con la celebraci\u00f3n del <strong>II Foro Mundial sobre las Violencias Urbanas y la Educaci\u00f3n para la Convivencia y la Paz <\/strong>organizado por el Ayuntamiento de Madrid y que tiene lugar <strong>desde este lunes 5 hasta el mi\u00e9rcoles 8 de noviembre en Matadero Madrid<\/strong>. Unas jornadas en la que se realizan diversos talleres y conferencias centradas en la mujer, como la realizada este martes sobre \u2018Empoderamiento de las mujeres y la lucha contra las violencias de g\u00e9nero, en el marco de la Agenda 2030\u2019.<\/p>\n<p><strong><u>Madrid Hotel Week<\/u><\/strong><\/p>\n<p>\u2018Madrid Hotel Week\u2019 nace con la idea de celebrarse anualmente y persigue mostrar el lado m\u00e1s vanguardista y experiencial de los hoteles de la Comunidad, abriendo sus puertas a todo tipo de p\u00fablico, y acercando al ciudadano el amplio abanico de posibilidades que ofrecen, m\u00e1s all\u00e1 del alojamiento.<\/p>\n<p>Su finalidad es poner en valor el papel que juegan los establecimientos madrile\u00f1os en la configuraci\u00f3n y dinamizaci\u00f3n de los barrios, transmitir a la poblaci\u00f3n que son espacios abiertos que se pueden visitar y resaltar la influencia que tienen a la hora de atraer turistas a Madrid, quienes llegan movidos, en gran parte, por la excelente calidad y el amplio abanico de servicios que ofrecen estos espacios. El 90% de ellas tendr\u00e1 lugar en m\u00e1s de 45 hoteles, tanto de Madrid capital, como del resto de la Comunidad, mientras que el 10% restante se celebrar\u00e1 en otros espacios e instituciones.<\/p>\n<p><strong>Encu\u00e9ntranos en:<br \/>\n<\/strong><em>Website:\u00a0<a href=\"https:\/\/www.madridhotelweek.com\/\" target=\"_blank\" rel=\"noopener\">www.madridhotelweek.com<\/a><br \/>\n<\/em>Instagram:\u00a0<a href=\"https:\/\/www.instagram.com\/madridhotelweek\/\" target=\"_blank\" rel=\"noopener\">@madridhotelweek<\/a><br \/>\nFacebook:\u00a0<a href=\"https:\/\/www.facebook.com\/madridhotelweek\" target=\"_blank\" rel=\"noopener\">@madridhotelweek<\/a><br \/>\nTwitter:\u00a0<a href=\"https:\/\/twitter.com\/madridhotelweek\" target=\"_blank\" rel=\"noopener\">@madridhotelweek<\/a><\/p>\n","protected":false},"excerpt":{"rendered":"<p>La Asociaci\u00f3n Empresarial Hotelera de Madrid (AEHM) colabora con la Fundaci\u00f3n Pilar Jurado para celebrar el \u2018MadWomenFest\u2019 en el marco de \u2018Madrid Hotel Week\u2019, una iniciativa que este a\u00f1o otorga especial protagonismo a la mujer El Hotel Madrid Marriott Auditorium, asociado a la AEHM, ha cedido gratuitamente sus instalaciones a la organizaci\u00f3n de este festival [&hellip;]<\/p>\n","protected":false},"author":1,"featured_media":4703,"comment_status":"open","ping_status":"open","sticky":false,"template":"","format":"standard","meta":{"footnotes":""},"categories":[1],"tags":[],"class_list":["post-4692","post","type-post","status-publish","format-standard","has-post-thumbnail","hentry","category-actualidad-aehm"],"yoast_head":"<!-- This site is optimized with the Yoast SEO plugin v27.5 - https:\/\/yoast.com\/product\/yoast-seo-wordpress\/ -->\n<title>Los hoteleros madrile\u00f1os y el \u2018MadWomenFest\u2019, unidos contra la violencia de g\u00e9nero - AEHM<\/title>\n<meta name=\"description\" content=\"La Asociaci\u00f3n Empresarial Hotelera de Madrid (AEHM) colabora Fundaci\u00f3n Pilar Jurado para celebrar el \u2018MadWomenFest\u2019 en el marco de \u2018Madrid Hotel Week\u2019, una iniciativa que este a\u00f1o otorga especial protagonismo a la mujer, que tendr\u00e1 lugar el pr\u00f3ximo viernes 9 de noviembre a las 21.00 horas en el Hotel Madrid Marriott Auditorium.\" \/>\n<meta name=\"robots\" content=\"index, follow, max-snippet:-1, max-image-preview:large, max-video-preview:-1\" \/>\n<link rel=\"canonical\" href=\"https:\/\/aehm.es\/los-hoteleros-madrilenos-y-el-madwomenfest-unidos-contra-la-violencia-de-genero\/\" \/>\n<meta property=\"og:locale\" content=\"en_US\" \/>\n<meta property=\"og:type\" content=\"article\" \/>\n<meta property=\"og:title\" content=\"Los hoteleros madrile\u00f1os y el \u2018MadWomenFest\u2019, unidos contra la violencia de g\u00e9nero - AEHM\" \/>\n<meta property=\"og:description\" content=\"La Asociaci\u00f3n Empresarial Hotelera de Madrid (AEHM) colabora Fundaci\u00f3n Pilar Jurado para celebrar el \u2018MadWomenFest\u2019 en el marco de \u2018Madrid Hotel Week\u2019, una iniciativa que este a\u00f1o otorga especial protagonismo a la mujer, que tendr\u00e1 lugar el pr\u00f3ximo viernes 9 de noviembre a las 21.00 horas en el Hotel Madrid Marriott Auditorium.\" \/>\n<meta property=\"og:url\" content=\"https:\/\/aehm.es\/los-hoteleros-madrilenos-y-el-madwomenfest-unidos-contra-la-violencia-de-genero\/\" \/>\n<meta property=\"og:site_name\" content=\"AEHM\" \/>\n<meta property=\"article:publisher\" content=\"https:\/\/www.instagram.com\/hotelesdemadrid\/\" \/>\n<meta property=\"article:published_time\" content=\"2018-11-07T15:00:42+00:00\" \/>\n<meta property=\"og:image\" content=\"https:\/\/aehm.es\/wp-content\/uploads\/2018\/11\/Madwomenfest-2017-002-1.jpg\" \/>\n\t<meta property=\"og:image:width\" content=\"1024\" \/>\n\t<meta property=\"og:image:height\" content=\"438\" \/>\n\t<meta property=\"og:image:type\" content=\"image\/jpeg\" \/>\n<meta name=\"author\" content=\"richard\" \/>\n<meta name=\"twitter:card\" content=\"summary_large_image\" \/>\n<meta name=\"twitter:creator\" content=\"@HotelesAEHM\" \/>\n<meta name=\"twitter:site\" content=\"@HotelesAEHM\" \/>\n<meta name=\"twitter:label1\" content=\"Written by\" \/>\n\t<meta name=\"twitter:data1\" content=\"richard\" \/>\n\t<meta name=\"twitter:label2\" content=\"Est. reading time\" \/>\n\t<meta name=\"twitter:data2\" content=\"4 minutes\" \/>\n<script type=\"application\/ld+json\" class=\"yoast-schema-graph\">{\"@context\":\"https:\\\/\\\/schema.org\",\"@graph\":[{\"@type\":\"Article\",\"@id\":\"https:\\\/\\\/aehm.es\\\/los-hoteleros-madrilenos-y-el-madwomenfest-unidos-contra-la-violencia-de-genero\\\/#article\",\"isPartOf\":{\"@id\":\"https:\\\/\\\/aehm.es\\\/los-hoteleros-madrilenos-y-el-madwomenfest-unidos-contra-la-violencia-de-genero\\\/\"},\"author\":{\"name\":\"richard\",\"@id\":\"https:\\\/\\\/aehm.es\\\/#\\\/schema\\\/person\\\/ca1397f4b0bcee246b58a0278b67a95f\"},\"headline\":\"Los hoteleros madrile\u00f1os y el \u2018MadWomenFest\u2019, unidos contra la violencia de g\u00e9nero\",\"datePublished\":\"2018-11-07T15:00:42+00:00\",\"mainEntityOfPage\":{\"@id\":\"https:\\\/\\\/aehm.es\\\/los-hoteleros-madrilenos-y-el-madwomenfest-unidos-contra-la-violencia-de-genero\\\/\"},\"wordCount\":761,\"commentCount\":0,\"publisher\":{\"@id\":\"https:\\\/\\\/aehm.es\\\/#organization\"},\"image\":{\"@id\":\"https:\\\/\\\/aehm.es\\\/los-hoteleros-madrilenos-y-el-madwomenfest-unidos-contra-la-violencia-de-genero\\\/#primaryimage\"},\"thumbnailUrl\":\"https:\\\/\\\/aehm.es\\\/wp-content\\\/uploads\\\/2018\\\/11\\\/Madwomenfest-2017-002-1.jpg\",\"articleSection\":[\"Actualidad AEHM\"],\"inLanguage\":\"en-US\",\"potentialAction\":[{\"@type\":\"CommentAction\",\"name\":\"Comment\",\"target\":[\"https:\\\/\\\/aehm.es\\\/los-hoteleros-madrilenos-y-el-madwomenfest-unidos-contra-la-violencia-de-genero\\\/#respond\"]}]},{\"@type\":\"WebPage\",\"@id\":\"https:\\\/\\\/aehm.es\\\/los-hoteleros-madrilenos-y-el-madwomenfest-unidos-contra-la-violencia-de-genero\\\/\",\"url\":\"https:\\\/\\\/aehm.es\\\/los-hoteleros-madrilenos-y-el-madwomenfest-unidos-contra-la-violencia-de-genero\\\/\",\"name\":\"Los hoteleros madrile\u00f1os y el \u2018MadWomenFest\u2019, unidos contra la violencia de g\u00e9nero - AEHM\",\"isPartOf\":{\"@id\":\"https:\\\/\\\/aehm.es\\\/#website\"},\"primaryImageOfPage\":{\"@id\":\"https:\\\/\\\/aehm.es\\\/los-hoteleros-madrilenos-y-el-madwomenfest-unidos-contra-la-violencia-de-genero\\\/#primaryimage\"},\"image\":{\"@id\":\"https:\\\/\\\/aehm.es\\\/los-hoteleros-madrilenos-y-el-madwomenfest-unidos-contra-la-violencia-de-genero\\\/#primaryimage\"},\"thumbnailUrl\":\"https:\\\/\\\/aehm.es\\\/wp-content\\\/uploads\\\/2018\\\/11\\\/Madwomenfest-2017-002-1.jpg\",\"datePublished\":\"2018-11-07T15:00:42+00:00\",\"description\":\"La Asociaci\u00f3n Empresarial Hotelera de Madrid (AEHM) colabora Fundaci\u00f3n Pilar Jurado para celebrar el \u2018MadWomenFest\u2019 en el marco de \u2018Madrid Hotel Week\u2019, una iniciativa que este a\u00f1o otorga especial protagonismo a la mujer, que tendr\u00e1 lugar el pr\u00f3ximo viernes 9 de noviembre a las 21.00 horas en el Hotel Madrid Marriott Auditorium.\",\"breadcrumb\":{\"@id\":\"https:\\\/\\\/aehm.es\\\/los-hoteleros-madrilenos-y-el-madwomenfest-unidos-contra-la-violencia-de-genero\\\/#breadcrumb\"},\"inLanguage\":\"en-US\",\"potentialAction\":[{\"@type\":\"ReadAction\",\"target\":[\"https:\\\/\\\/aehm.es\\\/los-hoteleros-madrilenos-y-el-madwomenfest-unidos-contra-la-violencia-de-genero\\\/\"]}]},{\"@type\":\"ImageObject\",\"inLanguage\":\"en-US\",\"@id\":\"https:\\\/\\\/aehm.es\\\/los-hoteleros-madrilenos-y-el-madwomenfest-unidos-contra-la-violencia-de-genero\\\/#primaryimage\",\"url\":\"https:\\\/\\\/aehm.es\\\/wp-content\\\/uploads\\\/2018\\\/11\\\/Madwomenfest-2017-002-1.jpg\",\"contentUrl\":\"https:\\\/\\\/aehm.es\\\/wp-content\\\/uploads\\\/2018\\\/11\\\/Madwomenfest-2017-002-1.jpg\",\"width\":1024,\"height\":438},{\"@type\":\"BreadcrumbList\",\"@id\":\"https:\\\/\\\/aehm.es\\\/los-hoteleros-madrilenos-y-el-madwomenfest-unidos-contra-la-violencia-de-genero\\\/#breadcrumb\",\"itemListElement\":[{\"@type\":\"ListItem\",\"position\":1,\"name\":\"Portada\",\"item\":\"https:\\\/\\\/aehm.es\\\/en\\\/\"},{\"@type\":\"ListItem\",\"position\":2,\"name\":\"Los hoteleros madrile\u00f1os y el \u2018MadWomenFest\u2019, unidos contra la violencia de g\u00e9nero\"}]},{\"@type\":\"WebSite\",\"@id\":\"https:\\\/\\\/aehm.es\\\/#website\",\"url\":\"https:\\\/\\\/aehm.es\\\/\",\"name\":\"Asociaci\u00f3n Empresarial Hotelera de Madrid\",\"description\":\"La Asociaci\u00f3n Empresarial Hotelera Madrid est\u00e1 formada por m\u00e1s de 300 establecimientos de todas las categor\u00edas y tipolog\u00edas (hoteles, hostales, hostels, apartamentos\u2026) que suman m\u00e1s de 75.000 plazas de alojamiento.\",\"publisher\":{\"@id\":\"https:\\\/\\\/aehm.es\\\/#organization\"},\"alternateName\":\"AEHM\",\"potentialAction\":[{\"@type\":\"SearchAction\",\"target\":{\"@type\":\"EntryPoint\",\"urlTemplate\":\"https:\\\/\\\/aehm.es\\\/?s={search_term_string}\"},\"query-input\":{\"@type\":\"PropertyValueSpecification\",\"valueRequired\":true,\"valueName\":\"search_term_string\"}}],\"inLanguage\":\"en-US\"},{\"@type\":\"Organization\",\"@id\":\"https:\\\/\\\/aehm.es\\\/#organization\",\"name\":\"Asociaci\u00f3n Empresarial Hotelera de Madrid\",\"url\":\"https:\\\/\\\/aehm.es\\\/\",\"logo\":{\"@type\":\"ImageObject\",\"inLanguage\":\"en-US\",\"@id\":\"https:\\\/\\\/aehm.es\\\/#\\\/schema\\\/logo\\\/image\\\/\",\"url\":\"https:\\\/\\\/aehm.es\\\/wp-content\\\/uploads\\\/2021\\\/11\\\/Logo_AEHM_Horiz.png\",\"contentUrl\":\"https:\\\/\\\/aehm.es\\\/wp-content\\\/uploads\\\/2021\\\/11\\\/Logo_AEHM_Horiz.png\",\"width\":600,\"height\":182,\"caption\":\"Asociaci\u00f3n Empresarial Hotelera de Madrid\"},\"image\":{\"@id\":\"https:\\\/\\\/aehm.es\\\/#\\\/schema\\\/logo\\\/image\\\/\"},\"sameAs\":[\"https:\\\/\\\/www.instagram.com\\\/hotelesdemadrid\\\/\",\"https:\\\/\\\/x.com\\\/HotelesAEHM\",\"https:\\\/\\\/www.linkedin.com\\\/company\\\/11166072\\\/\"]},{\"@type\":\"Person\",\"@id\":\"https:\\\/\\\/aehm.es\\\/#\\\/schema\\\/person\\\/ca1397f4b0bcee246b58a0278b67a95f\",\"name\":\"richard\",\"image\":{\"@type\":\"ImageObject\",\"inLanguage\":\"en-US\",\"@id\":\"https:\\\/\\\/secure.gravatar.com\\\/avatar\\\/dd2486a811ecc34bf766b7d8b17d0ea76674186c415867af39660e429e20e1a0?s=96&d=mm&r=g\",\"url\":\"https:\\\/\\\/secure.gravatar.com\\\/avatar\\\/dd2486a811ecc34bf766b7d8b17d0ea76674186c415867af39660e429e20e1a0?s=96&d=mm&r=g\",\"contentUrl\":\"https:\\\/\\\/secure.gravatar.com\\\/avatar\\\/dd2486a811ecc34bf766b7d8b17d0ea76674186c415867af39660e429e20e1a0?s=96&d=mm&r=g\",\"caption\":\"richard\"},\"url\":\"https:\\\/\\\/aehm.es\\\/en\\\/author\\\/richard\\\/\"}]}<\/script>\n<!-- \/ Yoast SEO plugin. -->","yoast_head_json":{"title":"Los hoteleros madrile\u00f1os y el \u2018MadWomenFest\u2019, unidos contra la violencia de g\u00e9nero - AEHM","description":"La Asociaci\u00f3n Empresarial Hotelera de Madrid (AEHM) colabora Fundaci\u00f3n Pilar Jurado para celebrar el \u2018MadWomenFest\u2019 en el marco de \u2018Madrid Hotel Week\u2019, una iniciativa que este a\u00f1o otorga especial protagonismo a la mujer, que tendr\u00e1 lugar el pr\u00f3ximo viernes 9 de noviembre a las 21.00 horas en el Hotel Madrid Marriott Auditorium.","robots":{"index":"index","follow":"follow","max-snippet":"max-snippet:-1","max-image-preview":"max-image-preview:large","max-video-preview":"max-video-preview:-1"},"canonical":"https:\/\/aehm.es\/los-hoteleros-madrilenos-y-el-madwomenfest-unidos-contra-la-violencia-de-genero\/","og_locale":"en_US","og_type":"article","og_title":"Los hoteleros madrile\u00f1os y el \u2018MadWomenFest\u2019, unidos contra la violencia de g\u00e9nero - AEHM","og_description":"La Asociaci\u00f3n Empresarial Hotelera de Madrid (AEHM) colabora Fundaci\u00f3n Pilar Jurado para celebrar el \u2018MadWomenFest\u2019 en el marco de \u2018Madrid Hotel Week\u2019, una iniciativa que este a\u00f1o otorga especial protagonismo a la mujer, que tendr\u00e1 lugar el pr\u00f3ximo viernes 9 de noviembre a las 21.00 horas en el Hotel Madrid Marriott Auditorium.","og_url":"https:\/\/aehm.es\/los-hoteleros-madrilenos-y-el-madwomenfest-unidos-contra-la-violencia-de-genero\/","og_site_name":"AEHM","article_publisher":"https:\/\/www.instagram.com\/hotelesdemadrid\/","article_published_time":"2018-11-07T15:00:42+00:00","og_image":[{"width":1024,"height":438,"url":"https:\/\/aehm.es\/wp-content\/uploads\/2018\/11\/Madwomenfest-2017-002-1.jpg","type":"image\/jpeg"}],"author":"richard","twitter_card":"summary_large_image","twitter_creator":"@HotelesAEHM","twitter_site":"@HotelesAEHM","twitter_misc":{"Written by":"richard","Est. reading time":"4 minutes"},"schema":{"@context":"https:\/\/schema.org","@graph":[{"@type":"Article","@id":"https:\/\/aehm.es\/los-hoteleros-madrilenos-y-el-madwomenfest-unidos-contra-la-violencia-de-genero\/#article","isPartOf":{"@id":"https:\/\/aehm.es\/los-hoteleros-madrilenos-y-el-madwomenfest-unidos-contra-la-violencia-de-genero\/"},"author":{"name":"richard","@id":"https:\/\/aehm.es\/#\/schema\/person\/ca1397f4b0bcee246b58a0278b67a95f"},"headline":"Los hoteleros madrile\u00f1os y el \u2018MadWomenFest\u2019, unidos contra la violencia de g\u00e9nero","datePublished":"2018-11-07T15:00:42+00:00","mainEntityOfPage":{"@id":"https:\/\/aehm.es\/los-hoteleros-madrilenos-y-el-madwomenfest-unidos-contra-la-violencia-de-genero\/"},"wordCount":761,"commentCount":0,"publisher":{"@id":"https:\/\/aehm.es\/#organization"},"image":{"@id":"https:\/\/aehm.es\/los-hoteleros-madrilenos-y-el-madwomenfest-unidos-contra-la-violencia-de-genero\/#primaryimage"},"thumbnailUrl":"https:\/\/aehm.es\/wp-content\/uploads\/2018\/11\/Madwomenfest-2017-002-1.jpg","articleSection":["Actualidad AEHM"],"inLanguage":"en-US","potentialAction":[{"@type":"CommentAction","name":"Comment","target":["https:\/\/aehm.es\/los-hoteleros-madrilenos-y-el-madwomenfest-unidos-contra-la-violencia-de-genero\/#respond"]}]},{"@type":"WebPage","@id":"https:\/\/aehm.es\/los-hoteleros-madrilenos-y-el-madwomenfest-unidos-contra-la-violencia-de-genero\/","url":"https:\/\/aehm.es\/los-hoteleros-madrilenos-y-el-madwomenfest-unidos-contra-la-violencia-de-genero\/","name":"Los hoteleros madrile\u00f1os y el \u2018MadWomenFest\u2019, unidos contra la violencia de g\u00e9nero - AEHM","isPartOf":{"@id":"https:\/\/aehm.es\/#website"},"primaryImageOfPage":{"@id":"https:\/\/aehm.es\/los-hoteleros-madrilenos-y-el-madwomenfest-unidos-contra-la-violencia-de-genero\/#primaryimage"},"image":{"@id":"https:\/\/aehm.es\/los-hoteleros-madrilenos-y-el-madwomenfest-unidos-contra-la-violencia-de-genero\/#primaryimage"},"thumbnailUrl":"https:\/\/aehm.es\/wp-content\/uploads\/2018\/11\/Madwomenfest-2017-002-1.jpg","datePublished":"2018-11-07T15:00:42+00:00","description":"La Asociaci\u00f3n Empresarial Hotelera de Madrid (AEHM) colabora Fundaci\u00f3n Pilar Jurado para celebrar el \u2018MadWomenFest\u2019 en el marco de \u2018Madrid Hotel Week\u2019, una iniciativa que este a\u00f1o otorga especial protagonismo a la mujer, que tendr\u00e1 lugar el pr\u00f3ximo viernes 9 de noviembre a las 21.00 horas en el Hotel Madrid Marriott Auditorium.","breadcrumb":{"@id":"https:\/\/aehm.es\/los-hoteleros-madrilenos-y-el-madwomenfest-unidos-contra-la-violencia-de-genero\/#breadcrumb"},"inLanguage":"en-US","potentialAction":[{"@type":"ReadAction","target":["https:\/\/aehm.es\/los-hoteleros-madrilenos-y-el-madwomenfest-unidos-contra-la-violencia-de-genero\/"]}]},{"@type":"ImageObject","inLanguage":"en-US","@id":"https:\/\/aehm.es\/los-hoteleros-madrilenos-y-el-madwomenfest-unidos-contra-la-violencia-de-genero\/#primaryimage","url":"https:\/\/aehm.es\/wp-content\/uploads\/2018\/11\/Madwomenfest-2017-002-1.jpg","contentUrl":"https:\/\/aehm.es\/wp-content\/uploads\/2018\/11\/Madwomenfest-2017-002-1.jpg","width":1024,"height":438},{"@type":"BreadcrumbList","@id":"https:\/\/aehm.es\/los-hoteleros-madrilenos-y-el-madwomenfest-unidos-contra-la-violencia-de-genero\/#breadcrumb","itemListElement":[{"@type":"ListItem","position":1,"name":"Portada","item":"https:\/\/aehm.es\/en\/"},{"@type":"ListItem","position":2,"name":"Los hoteleros madrile\u00f1os y el \u2018MadWomenFest\u2019, unidos contra la violencia de g\u00e9nero"}]},{"@type":"WebSite","@id":"https:\/\/aehm.es\/#website","url":"https:\/\/aehm.es\/","name":"Asociaci\u00f3n Empresarial Hotelera de Madrid","description":"La Asociaci\u00f3n Empresarial Hotelera Madrid est\u00e1 formada por m\u00e1s de 300 establecimientos de todas las categor\u00edas y tipolog\u00edas (hoteles, hostales, hostels, apartamentos\u2026) que suman m\u00e1s de 75.000 plazas de alojamiento.","publisher":{"@id":"https:\/\/aehm.es\/#organization"},"alternateName":"AEHM","potentialAction":[{"@type":"SearchAction","target":{"@type":"EntryPoint","urlTemplate":"https:\/\/aehm.es\/?s={search_term_string}"},"query-input":{"@type":"PropertyValueSpecification","valueRequired":true,"valueName":"search_term_string"}}],"inLanguage":"en-US"},{"@type":"Organization","@id":"https:\/\/aehm.es\/#organization","name":"Asociaci\u00f3n Empresarial Hotelera de Madrid","url":"https:\/\/aehm.es\/","logo":{"@type":"ImageObject","inLanguage":"en-US","@id":"https:\/\/aehm.es\/#\/schema\/logo\/image\/","url":"https:\/\/aehm.es\/wp-content\/uploads\/2021\/11\/Logo_AEHM_Horiz.png","contentUrl":"https:\/\/aehm.es\/wp-content\/uploads\/2021\/11\/Logo_AEHM_Horiz.png","width":600,"height":182,"caption":"Asociaci\u00f3n Empresarial Hotelera de Madrid"},"image":{"@id":"https:\/\/aehm.es\/#\/schema\/logo\/image\/"},"sameAs":["https:\/\/www.instagram.com\/hotelesdemadrid\/","https:\/\/x.com\/HotelesAEHM","https:\/\/www.linkedin.com\/company\/11166072\/"]},{"@type":"Person","@id":"https:\/\/aehm.es\/#\/schema\/person\/ca1397f4b0bcee246b58a0278b67a95f","name":"richard","image":{"@type":"ImageObject","inLanguage":"en-US","@id":"https:\/\/secure.gravatar.com\/avatar\/dd2486a811ecc34bf766b7d8b17d0ea76674186c415867af39660e429e20e1a0?s=96&d=mm&r=g","url":"https:\/\/secure.gravatar.com\/avatar\/dd2486a811ecc34bf766b7d8b17d0ea76674186c415867af39660e429e20e1a0?s=96&d=mm&r=g","contentUrl":"https:\/\/secure.gravatar.com\/avatar\/dd2486a811ecc34bf766b7d8b17d0ea76674186c415867af39660e429e20e1a0?s=96&d=mm&r=g","caption":"richard"},"url":"https:\/\/aehm.es\/en\/author\/richard\/"}]}},"_links":{"self":[{"href":"https:\/\/aehm.es\/en\/wp-json\/wp\/v2\/posts\/4692","targetHints":{"allow":["GET"]}}],"collection":[{"href":"https:\/\/aehm.es\/en\/wp-json\/wp\/v2\/posts"}],"about":[{"href":"https:\/\/aehm.es\/en\/wp-json\/wp\/v2\/types\/post"}],"author":[{"embeddable":true,"href":"https:\/\/aehm.es\/en\/wp-json\/wp\/v2\/users\/1"}],"replies":[{"embeddable":true,"href":"https:\/\/aehm.es\/en\/wp-json\/wp\/v2\/comments?post=4692"}],"version-history":[{"count":0,"href":"https:\/\/aehm.es\/en\/wp-json\/wp\/v2\/posts\/4692\/revisions"}],"wp:featuredmedia":[{"embeddable":true,"href":"https:\/\/aehm.es\/en\/wp-json\/wp\/v2\/media\/4703"}],"wp:attachment":[{"href":"https:\/\/aehm.es\/en\/wp-json\/wp\/v2\/media?parent=4692"}],"wp:term":[{"taxonomy":"category","embeddable":true,"href":"https:\/\/aehm.es\/en\/wp-json\/wp\/v2\/categories?post=4692"},{"taxonomy":"post_tag","embeddable":true,"href":"https:\/\/aehm.es\/en\/wp-json\/wp\/v2\/tags?post=4692"}],"curies":[{"name":"wp","href":"https:\/\/api.w.org\/{rel}","templated":true}]}}