{"id":4649,"date":"2018-10-11T14:11:56","date_gmt":"2018-10-11T14:11:56","guid":{"rendered":"https:\/\/aehm.es\/?p=4649"},"modified":"2018-10-11T14:11:56","modified_gmt":"2018-10-11T14:11:56","slug":"los-hoteleros-madrilenos-trasladamos-nuestras-condolencias-por-los-fallecidos-en-las-inundaciones-de-la-isla-de-mallorca","status":"publish","type":"post","link":"https:\/\/aehm.es\/en\/los-hoteleros-madrilenos-trasladamos-nuestras-condolencias-por-los-fallecidos-en-las-inundaciones-de-la-isla-de-mallorca\/","title":{"rendered":"Los hoteleros madrile\u00f1os trasladamos nuestras condolencias por los fallecidos en las inundaciones de  la isla de Mallorca"},"content":{"rendered":"<p><strong>Madrid, 11 de octubre de 2018.-<\/strong> Desde la <strong>Asociaci\u00f3n Empresarial Hotelera de Madrid<\/strong> (AEHM) queremos trasladar nuestras <strong>condolencias a los familiares y vecinos de los fallecidos a consecuencia de las inundaciones que se produjeron esta semana en la isla de Mallorca<\/strong>.<\/p>\n<p>En el sector hotelero lamentamos enormemente esta tragedia que se ha saldado hasta la fecha con m\u00e1s 10 v\u00edctimas mortales, dos de ellos turistas brit\u00e1nicos, y al menos tres desaparecidos, entre los que se encuentra un ni\u00f1o de 5 a\u00f1os.<\/p>\n<p>Desde la AEHM, en nombre de todo el sector hotelero madrile\u00f1o, queremos mostrar todo <strong>nuestro apoyo tanto a los ciudadanos de la isla como a los cientos de turistas que estaban pasando sus vacaciones<\/strong> cuando comenzaron estas lluvias torrenciales y las calles quedaron anegadas causando grandes destrozos.<\/p>\n<p>Asimismo, manifestamos todo nuestro apoyo a la<strong> Federaci\u00f3n Empresarial Hotelera de Mallorca<\/strong> que se ha ofrecido a albergar a las familias afectadas por las inundaciones, as\u00ed como avituallamiento y apoyo log\u00edstico al personal de emergencias, sanitarios y del 112.<\/p>\n<p>Mallorca, que es por excelencia uno de los destinos prioritarios para los viajeros europeos, ha sufrido un duro golpe del que esperamos que se recupere en el menor tiempo posible para que toda la poblaci\u00f3n pueda retomar su d\u00eda a d\u00eda.<\/p>\n","protected":false},"excerpt":{"rendered":"<p>Madrid, 11 de octubre de 2018.- Desde la Asociaci\u00f3n Empresarial Hotelera de Madrid (AEHM) queremos trasladar nuestras condolencias a los familiares y vecinos de los fallecidos a consecuencia de las inundaciones que se produjeron esta semana en la isla de Mallorca. En el sector hotelero lamentamos enormemente esta tragedia que se ha saldado hasta la [&hellip;]<\/p>\n","protected":false},"author":1,"featured_media":0,"comment_status":"open","ping_status":"open","sticky":false,"template":"","format":"standard","meta":{"footnotes":""},"categories":[1],"tags":[],"class_list":["post-4649","post","type-post","status-publish","format-standard","hentry","category-actualidad-aehm"],"yoast_head":"<!-- This site is optimized with the Yoast SEO plugin v27.5 - https:\/\/yoast.com\/product\/yoast-seo-wordpress\/ -->\n<title>Los hoteleros madrile\u00f1os trasladamos nuestras condolencias por los fallecidos en las inundaciones de la isla de Mallorca - AEHM<\/title>\n<meta name=\"description\" content=\"Desde la Asociaci\u00f3n Empresarial Hotelera de Madrid (AEHM) queremos trasladar nuestras condolencias a los familiares y vecinos de los fallecidos a consecuencia de las inundaciones que se produjeron esta semana en la isla de Mallorca.\" \/>\n<meta name=\"robots\" content=\"index, follow, max-snippet:-1, max-image-preview:large, max-video-preview:-1\" \/>\n<link rel=\"canonical\" href=\"https:\/\/aehm.es\/los-hoteleros-madrilenos-trasladamos-nuestras-condolencias-por-los-fallecidos-en-las-inundaciones-de-la-isla-de-mallorca\/\" \/>\n<meta property=\"og:locale\" content=\"en_US\" \/>\n<meta property=\"og:type\" content=\"article\" \/>\n<meta property=\"og:title\" content=\"Los hoteleros madrile\u00f1os trasladamos nuestras condolencias por los fallecidos en las inundaciones de la isla de Mallorca\" \/>\n<meta property=\"og:description\" content=\"Desde la Asociaci\u00f3n Empresarial Hotelera de Madrid (AEHM) queremos trasladar nuestras condolencias a los familiares y vecinos de los fallecidos a consecuencia de las inundaciones que se produjeron esta semana en la isla de Mallorca.\" \/>\n<meta property=\"og:url\" content=\"https:\/\/aehm.es\/los-hoteleros-madrilenos-trasladamos-nuestras-condolencias-por-los-fallecidos-en-las-inundaciones-de-la-isla-de-mallorca\/\" \/>\n<meta property=\"og:site_name\" content=\"AEHM\" \/>\n<meta property=\"article:publisher\" content=\"https:\/\/www.instagram.com\/hotelesdemadrid\/\" \/>\n<meta property=\"article:published_time\" content=\"2018-10-11T14:11:56+00:00\" \/>\n<meta property=\"og:image\" content=\"https:\/\/aehm.es\/wp-content\/uploads\/2018\/09\/logoaehm-1.png\" \/>\n\t<meta property=\"og:image:width\" content=\"1024\" \/>\n\t<meta property=\"og:image:height\" content=\"512\" \/>\n\t<meta property=\"og:image:type\" content=\"image\/png\" \/>\n<meta name=\"author\" content=\"richard\" \/>\n<meta name=\"twitter:card\" content=\"summary_large_image\" \/>\n<meta name=\"twitter:title\" content=\"Los hoteleros madrile\u00f1os trasladamos nuestras condolencias por los fallecidos en las inundaciones de la isla de Mallorca\" \/>\n<meta name=\"twitter:description\" content=\"Desde la Asociaci\u00f3n Empresarial Hotelera de Madrid (AEHM) queremos trasladar nuestras condolencias a los familiares y vecinos de los fallecidos a consecuencia de las inundaciones que se produjeron esta semana en la isla de Mallorca.\" \/>\n<meta name=\"twitter:image\" content=\"https:\/\/aehm.es\/wp-content\/uploads\/2018\/09\/logoaehm.png\" \/>\n<meta name=\"twitter:creator\" content=\"@HotelesAEHM\" \/>\n<meta name=\"twitter:site\" content=\"@HotelesAEHM\" \/>\n<meta name=\"twitter:label1\" content=\"Written by\" \/>\n\t<meta name=\"twitter:data1\" content=\"richard\" \/>\n\t<meta name=\"twitter:label2\" content=\"Est. reading time\" \/>\n\t<meta name=\"twitter:data2\" content=\"1 minute\" \/>\n<script type=\"application\/ld+json\" class=\"yoast-schema-graph\">{\"@context\":\"https:\\\/\\\/schema.org\",\"@graph\":[{\"@type\":\"Article\",\"@id\":\"https:\\\/\\\/aehm.es\\\/los-hoteleros-madrilenos-trasladamos-nuestras-condolencias-por-los-fallecidos-en-las-inundaciones-de-la-isla-de-mallorca\\\/#article\",\"isPartOf\":{\"@id\":\"https:\\\/\\\/aehm.es\\\/los-hoteleros-madrilenos-trasladamos-nuestras-condolencias-por-los-fallecidos-en-las-inundaciones-de-la-isla-de-mallorca\\\/\"},\"author\":{\"name\":\"richard\",\"@id\":\"https:\\\/\\\/aehm.es\\\/#\\\/schema\\\/person\\\/ca1397f4b0bcee246b58a0278b67a95f\"},\"headline\":\"Los hoteleros madrile\u00f1os trasladamos nuestras condolencias por los fallecidos en las inundaciones de la isla de Mallorca\",\"datePublished\":\"2018-10-11T14:11:56+00:00\",\"mainEntityOfPage\":{\"@id\":\"https:\\\/\\\/aehm.es\\\/los-hoteleros-madrilenos-trasladamos-nuestras-condolencias-por-los-fallecidos-en-las-inundaciones-de-la-isla-de-mallorca\\\/\"},\"wordCount\":234,\"commentCount\":0,\"publisher\":{\"@id\":\"https:\\\/\\\/aehm.es\\\/#organization\"},\"articleSection\":[\"Actualidad AEHM\"],\"inLanguage\":\"en-US\",\"potentialAction\":[{\"@type\":\"CommentAction\",\"name\":\"Comment\",\"target\":[\"https:\\\/\\\/aehm.es\\\/los-hoteleros-madrilenos-trasladamos-nuestras-condolencias-por-los-fallecidos-en-las-inundaciones-de-la-isla-de-mallorca\\\/#respond\"]}]},{\"@type\":\"WebPage\",\"@id\":\"https:\\\/\\\/aehm.es\\\/los-hoteleros-madrilenos-trasladamos-nuestras-condolencias-por-los-fallecidos-en-las-inundaciones-de-la-isla-de-mallorca\\\/\",\"url\":\"https:\\\/\\\/aehm.es\\\/los-hoteleros-madrilenos-trasladamos-nuestras-condolencias-por-los-fallecidos-en-las-inundaciones-de-la-isla-de-mallorca\\\/\",\"name\":\"Los hoteleros madrile\u00f1os trasladamos nuestras condolencias por los fallecidos en las inundaciones de la isla de Mallorca - AEHM\",\"isPartOf\":{\"@id\":\"https:\\\/\\\/aehm.es\\\/#website\"},\"datePublished\":\"2018-10-11T14:11:56+00:00\",\"description\":\"Desde la Asociaci\u00f3n Empresarial Hotelera de Madrid (AEHM) queremos trasladar nuestras condolencias a los familiares y vecinos de los fallecidos a consecuencia de las inundaciones que se produjeron esta semana en la isla de Mallorca.\",\"breadcrumb\":{\"@id\":\"https:\\\/\\\/aehm.es\\\/los-hoteleros-madrilenos-trasladamos-nuestras-condolencias-por-los-fallecidos-en-las-inundaciones-de-la-isla-de-mallorca\\\/#breadcrumb\"},\"inLanguage\":\"en-US\",\"potentialAction\":[{\"@type\":\"ReadAction\",\"target\":[\"https:\\\/\\\/aehm.es\\\/los-hoteleros-madrilenos-trasladamos-nuestras-condolencias-por-los-fallecidos-en-las-inundaciones-de-la-isla-de-mallorca\\\/\"]}]},{\"@type\":\"BreadcrumbList\",\"@id\":\"https:\\\/\\\/aehm.es\\\/los-hoteleros-madrilenos-trasladamos-nuestras-condolencias-por-los-fallecidos-en-las-inundaciones-de-la-isla-de-mallorca\\\/#breadcrumb\",\"itemListElement\":[{\"@type\":\"ListItem\",\"position\":1,\"name\":\"Portada\",\"item\":\"https:\\\/\\\/aehm.es\\\/en\\\/\"},{\"@type\":\"ListItem\",\"position\":2,\"name\":\"Los hoteleros madrile\u00f1os trasladamos nuestras condolencias por los fallecidos en las inundaciones de la isla de Mallorca\"}]},{\"@type\":\"WebSite\",\"@id\":\"https:\\\/\\\/aehm.es\\\/#website\",\"url\":\"https:\\\/\\\/aehm.es\\\/\",\"name\":\"Asociaci\u00f3n Empresarial Hotelera de Madrid\",\"description\":\"La Asociaci\u00f3n Empresarial Hotelera Madrid est\u00e1 formada por m\u00e1s de 300 establecimientos de todas las categor\u00edas y tipolog\u00edas (hoteles, hostales, hostels, apartamentos\u2026) que suman m\u00e1s de 75.000 plazas de alojamiento.\",\"publisher\":{\"@id\":\"https:\\\/\\\/aehm.es\\\/#organization\"},\"alternateName\":\"AEHM\",\"potentialAction\":[{\"@type\":\"SearchAction\",\"target\":{\"@type\":\"EntryPoint\",\"urlTemplate\":\"https:\\\/\\\/aehm.es\\\/?s={search_term_string}\"},\"query-input\":{\"@type\":\"PropertyValueSpecification\",\"valueRequired\":true,\"valueName\":\"search_term_string\"}}],\"inLanguage\":\"en-US\"},{\"@type\":\"Organization\",\"@id\":\"https:\\\/\\\/aehm.es\\\/#organization\",\"name\":\"Asociaci\u00f3n Empresarial Hotelera de Madrid\",\"url\":\"https:\\\/\\\/aehm.es\\\/\",\"logo\":{\"@type\":\"ImageObject\",\"inLanguage\":\"en-US\",\"@id\":\"https:\\\/\\\/aehm.es\\\/#\\\/schema\\\/logo\\\/image\\\/\",\"url\":\"https:\\\/\\\/aehm.es\\\/wp-content\\\/uploads\\\/2021\\\/11\\\/Logo_AEHM_Horiz.png\",\"contentUrl\":\"https:\\\/\\\/aehm.es\\\/wp-content\\\/uploads\\\/2021\\\/11\\\/Logo_AEHM_Horiz.png\",\"width\":600,\"height\":182,\"caption\":\"Asociaci\u00f3n Empresarial Hotelera de Madrid\"},\"image\":{\"@id\":\"https:\\\/\\\/aehm.es\\\/#\\\/schema\\\/logo\\\/image\\\/\"},\"sameAs\":[\"https:\\\/\\\/www.instagram.com\\\/hotelesdemadrid\\\/\",\"https:\\\/\\\/x.com\\\/HotelesAEHM\",\"https:\\\/\\\/www.linkedin.com\\\/company\\\/11166072\\\/\"]},{\"@type\":\"Person\",\"@id\":\"https:\\\/\\\/aehm.es\\\/#\\\/schema\\\/person\\\/ca1397f4b0bcee246b58a0278b67a95f\",\"name\":\"richard\",\"image\":{\"@type\":\"ImageObject\",\"inLanguage\":\"en-US\",\"@id\":\"https:\\\/\\\/secure.gravatar.com\\\/avatar\\\/dd2486a811ecc34bf766b7d8b17d0ea76674186c415867af39660e429e20e1a0?s=96&d=mm&r=g\",\"url\":\"https:\\\/\\\/secure.gravatar.com\\\/avatar\\\/dd2486a811ecc34bf766b7d8b17d0ea76674186c415867af39660e429e20e1a0?s=96&d=mm&r=g\",\"contentUrl\":\"https:\\\/\\\/secure.gravatar.com\\\/avatar\\\/dd2486a811ecc34bf766b7d8b17d0ea76674186c415867af39660e429e20e1a0?s=96&d=mm&r=g\",\"caption\":\"richard\"},\"url\":\"https:\\\/\\\/aehm.es\\\/en\\\/author\\\/richard\\\/\"}]}<\/script>\n<!-- \/ Yoast SEO plugin. -->","yoast_head_json":{"title":"Los hoteleros madrile\u00f1os trasladamos nuestras condolencias por los fallecidos en las inundaciones de la isla de Mallorca - AEHM","description":"Desde la Asociaci\u00f3n Empresarial Hotelera de Madrid (AEHM) queremos trasladar nuestras condolencias a los familiares y vecinos de los fallecidos a consecuencia de las inundaciones que se produjeron esta semana en la isla de Mallorca.","robots":{"index":"index","follow":"follow","max-snippet":"max-snippet:-1","max-image-preview":"max-image-preview:large","max-video-preview":"max-video-preview:-1"},"canonical":"https:\/\/aehm.es\/los-hoteleros-madrilenos-trasladamos-nuestras-condolencias-por-los-fallecidos-en-las-inundaciones-de-la-isla-de-mallorca\/","og_locale":"en_US","og_type":"article","og_title":"Los hoteleros madrile\u00f1os trasladamos nuestras condolencias por los fallecidos en las inundaciones de la isla de Mallorca","og_description":"Desde la Asociaci\u00f3n Empresarial Hotelera de Madrid (AEHM) queremos trasladar nuestras condolencias a los familiares y vecinos de los fallecidos a consecuencia de las inundaciones que se produjeron esta semana en la isla de Mallorca.","og_url":"https:\/\/aehm.es\/los-hoteleros-madrilenos-trasladamos-nuestras-condolencias-por-los-fallecidos-en-las-inundaciones-de-la-isla-de-mallorca\/","og_site_name":"AEHM","article_publisher":"https:\/\/www.instagram.com\/hotelesdemadrid\/","article_published_time":"2018-10-11T14:11:56+00:00","og_image":[{"width":1024,"height":512,"url":"https:\/\/aehm.es\/wp-content\/uploads\/2018\/09\/logoaehm-1.png","type":"image\/png"}],"author":"richard","twitter_card":"summary_large_image","twitter_title":"Los hoteleros madrile\u00f1os trasladamos nuestras condolencias por los fallecidos en las inundaciones de la isla de Mallorca","twitter_description":"Desde la Asociaci\u00f3n Empresarial Hotelera de Madrid (AEHM) queremos trasladar nuestras condolencias a los familiares y vecinos de los fallecidos a consecuencia de las inundaciones que se produjeron esta semana en la isla de Mallorca.","twitter_image":"https:\/\/aehm.es\/wp-content\/uploads\/2018\/09\/logoaehm.png","twitter_creator":"@HotelesAEHM","twitter_site":"@HotelesAEHM","twitter_misc":{"Written by":"richard","Est. reading time":"1 minute"},"schema":{"@context":"https:\/\/schema.org","@graph":[{"@type":"Article","@id":"https:\/\/aehm.es\/los-hoteleros-madrilenos-trasladamos-nuestras-condolencias-por-los-fallecidos-en-las-inundaciones-de-la-isla-de-mallorca\/#article","isPartOf":{"@id":"https:\/\/aehm.es\/los-hoteleros-madrilenos-trasladamos-nuestras-condolencias-por-los-fallecidos-en-las-inundaciones-de-la-isla-de-mallorca\/"},"author":{"name":"richard","@id":"https:\/\/aehm.es\/#\/schema\/person\/ca1397f4b0bcee246b58a0278b67a95f"},"headline":"Los hoteleros madrile\u00f1os trasladamos nuestras condolencias por los fallecidos en las inundaciones de la isla de Mallorca","datePublished":"2018-10-11T14:11:56+00:00","mainEntityOfPage":{"@id":"https:\/\/aehm.es\/los-hoteleros-madrilenos-trasladamos-nuestras-condolencias-por-los-fallecidos-en-las-inundaciones-de-la-isla-de-mallorca\/"},"wordCount":234,"commentCount":0,"publisher":{"@id":"https:\/\/aehm.es\/#organization"},"articleSection":["Actualidad AEHM"],"inLanguage":"en-US","potentialAction":[{"@type":"CommentAction","name":"Comment","target":["https:\/\/aehm.es\/los-hoteleros-madrilenos-trasladamos-nuestras-condolencias-por-los-fallecidos-en-las-inundaciones-de-la-isla-de-mallorca\/#respond"]}]},{"@type":"WebPage","@id":"https:\/\/aehm.es\/los-hoteleros-madrilenos-trasladamos-nuestras-condolencias-por-los-fallecidos-en-las-inundaciones-de-la-isla-de-mallorca\/","url":"https:\/\/aehm.es\/los-hoteleros-madrilenos-trasladamos-nuestras-condolencias-por-los-fallecidos-en-las-inundaciones-de-la-isla-de-mallorca\/","name":"Los hoteleros madrile\u00f1os trasladamos nuestras condolencias por los fallecidos en las inundaciones de la isla de Mallorca - AEHM","isPartOf":{"@id":"https:\/\/aehm.es\/#website"},"datePublished":"2018-10-11T14:11:56+00:00","description":"Desde la Asociaci\u00f3n Empresarial Hotelera de Madrid (AEHM) queremos trasladar nuestras condolencias a los familiares y vecinos de los fallecidos a consecuencia de las inundaciones que se produjeron esta semana en la isla de Mallorca.","breadcrumb":{"@id":"https:\/\/aehm.es\/los-hoteleros-madrilenos-trasladamos-nuestras-condolencias-por-los-fallecidos-en-las-inundaciones-de-la-isla-de-mallorca\/#breadcrumb"},"inLanguage":"en-US","potentialAction":[{"@type":"ReadAction","target":["https:\/\/aehm.es\/los-hoteleros-madrilenos-trasladamos-nuestras-condolencias-por-los-fallecidos-en-las-inundaciones-de-la-isla-de-mallorca\/"]}]},{"@type":"BreadcrumbList","@id":"https:\/\/aehm.es\/los-hoteleros-madrilenos-trasladamos-nuestras-condolencias-por-los-fallecidos-en-las-inundaciones-de-la-isla-de-mallorca\/#breadcrumb","itemListElement":[{"@type":"ListItem","position":1,"name":"Portada","item":"https:\/\/aehm.es\/en\/"},{"@type":"ListItem","position":2,"name":"Los hoteleros madrile\u00f1os trasladamos nuestras condolencias por los fallecidos en las inundaciones de la isla de Mallorca"}]},{"@type":"WebSite","@id":"https:\/\/aehm.es\/#website","url":"https:\/\/aehm.es\/","name":"Asociaci\u00f3n Empresarial Hotelera de Madrid","description":"La Asociaci\u00f3n Empresarial Hotelera Madrid est\u00e1 formada por m\u00e1s de 300 establecimientos de todas las categor\u00edas y tipolog\u00edas (hoteles, hostales, hostels, apartamentos\u2026) que suman m\u00e1s de 75.000 plazas de alojamiento.","publisher":{"@id":"https:\/\/aehm.es\/#organization"},"alternateName":"AEHM","potentialAction":[{"@type":"SearchAction","target":{"@type":"EntryPoint","urlTemplate":"https:\/\/aehm.es\/?s={search_term_string}"},"query-input":{"@type":"PropertyValueSpecification","valueRequired":true,"valueName":"search_term_string"}}],"inLanguage":"en-US"},{"@type":"Organization","@id":"https:\/\/aehm.es\/#organization","name":"Asociaci\u00f3n Empresarial Hotelera de Madrid","url":"https:\/\/aehm.es\/","logo":{"@type":"ImageObject","inLanguage":"en-US","@id":"https:\/\/aehm.es\/#\/schema\/logo\/image\/","url":"https:\/\/aehm.es\/wp-content\/uploads\/2021\/11\/Logo_AEHM_Horiz.png","contentUrl":"https:\/\/aehm.es\/wp-content\/uploads\/2021\/11\/Logo_AEHM_Horiz.png","width":600,"height":182,"caption":"Asociaci\u00f3n Empresarial Hotelera de Madrid"},"image":{"@id":"https:\/\/aehm.es\/#\/schema\/logo\/image\/"},"sameAs":["https:\/\/www.instagram.com\/hotelesdemadrid\/","https:\/\/x.com\/HotelesAEHM","https:\/\/www.linkedin.com\/company\/11166072\/"]},{"@type":"Person","@id":"https:\/\/aehm.es\/#\/schema\/person\/ca1397f4b0bcee246b58a0278b67a95f","name":"richard","image":{"@type":"ImageObject","inLanguage":"en-US","@id":"https:\/\/secure.gravatar.com\/avatar\/dd2486a811ecc34bf766b7d8b17d0ea76674186c415867af39660e429e20e1a0?s=96&d=mm&r=g","url":"https:\/\/secure.gravatar.com\/avatar\/dd2486a811ecc34bf766b7d8b17d0ea76674186c415867af39660e429e20e1a0?s=96&d=mm&r=g","contentUrl":"https:\/\/secure.gravatar.com\/avatar\/dd2486a811ecc34bf766b7d8b17d0ea76674186c415867af39660e429e20e1a0?s=96&d=mm&r=g","caption":"richard"},"url":"https:\/\/aehm.es\/en\/author\/richard\/"}]}},"_links":{"self":[{"href":"https:\/\/aehm.es\/en\/wp-json\/wp\/v2\/posts\/4649","targetHints":{"allow":["GET"]}}],"collection":[{"href":"https:\/\/aehm.es\/en\/wp-json\/wp\/v2\/posts"}],"about":[{"href":"https:\/\/aehm.es\/en\/wp-json\/wp\/v2\/types\/post"}],"author":[{"embeddable":true,"href":"https:\/\/aehm.es\/en\/wp-json\/wp\/v2\/users\/1"}],"replies":[{"embeddable":true,"href":"https:\/\/aehm.es\/en\/wp-json\/wp\/v2\/comments?post=4649"}],"version-history":[{"count":0,"href":"https:\/\/aehm.es\/en\/wp-json\/wp\/v2\/posts\/4649\/revisions"}],"wp:attachment":[{"href":"https:\/\/aehm.es\/en\/wp-json\/wp\/v2\/media?parent=4649"}],"wp:term":[{"taxonomy":"category","embeddable":true,"href":"https:\/\/aehm.es\/en\/wp-json\/wp\/v2\/categories?post=4649"},{"taxonomy":"post_tag","embeddable":true,"href":"https:\/\/aehm.es\/en\/wp-json\/wp\/v2\/tags?post=4649"}],"curies":[{"name":"wp","href":"https:\/\/api.w.org\/{rel}","templated":true}]}}