{"id":4597,"date":"2018-09-26T13:51:50","date_gmt":"2018-09-26T13:51:50","guid":{"rendered":"https:\/\/aehm.es\/?p=4597"},"modified":"2018-09-26T13:51:50","modified_gmt":"2018-09-26T13:51:50","slug":"los-hoteleros-madrilenos-y-la-agencia-para-el-empleo-colaboraran-para-incentivar-la-insercion-laboral-de-las-personas-desempleadas-en-el-sector","status":"publish","type":"post","link":"https:\/\/aehm.es\/en\/los-hoteleros-madrilenos-y-la-agencia-para-el-empleo-colaboraran-para-incentivar-la-insercion-laboral-de-las-personas-desempleadas-en-el-sector\/","title":{"rendered":"Los hoteleros madrile\u00f1os y la Agencia para el Empleo colaborar\u00e1n para incentivar la inserci\u00f3n laboral de las personas desempleadas en el sector"},"content":{"rendered":"<ul>\n<li><strong>Este acuerdo tiene como objetivo la creaci\u00f3n de empleo estable y de calidad teniendo en cuenta el papel clave que juegan los empleados de los hoteles a la hora de ofrecer un servicio de calidad y excelencia a sus clientes.<\/strong><strong>\u00a0<\/strong><\/li>\n<\/ul>\n<ul>\n<li><strong>La Asociaci\u00f3n Empresarial Hotelera de Madrid (AEHM), a trav\u00e9s del programa de intermediaci\u00f3n suscrito con este organismo p\u00fablico, pondr\u00e1 en conocimiento de \u00e9ste aquellas ofertas de trabajo que les hagan llegar los establecimientos asociados.<\/strong><\/li>\n<\/ul>\n<p><strong>Madrid, 26 de septiembre de 2018.-<\/strong> La <strong>Asociaci\u00f3n Empresarial Hotelera de Madrid<\/strong> (AEHM) y la <strong>Agencia para el Empleo de Madrid, <\/strong>en el marco del \u2018D\u00eda Mundial del Turismo\u2019, han firmado un acuerdo de colaboraci\u00f3n con el objetivo de <strong>incentivar la inserci\u00f3n laboral de las personas desempleadas en el sector hotelero. <\/strong>Para ello, se pondr\u00e1n en marcha diferentes l\u00edneas de actuaci\u00f3n conjunta destinas a la creaci\u00f3n de <strong>puestos de trabajo estables y de calidad.<\/strong><\/p>\n<p>Conscientes del <strong>papel clave que juegan los empleados de los hoteles<\/strong> a la hora de ofrecer un <strong>servicio de calidad y de excelencia <\/strong>a sus clientes, el presidente de la AEHM, Gabriel Garc\u00eda, y la gerente de la Agencia para el Empleo de Madrid, Bel\u00e9n Garc\u00eda, han suscrito este convenio para trabajar de la mano en materia de <strong>intermediaci\u00f3n laboral <\/strong>aprovechando tanto las infraestructuras como los recursos materiales y humanos con los que cuentan ambas entidades.<\/p>\n<figure id=\"attachment_4598\" aria-describedby=\"caption-attachment-4598\" style=\"width: 510px\" class=\"wp-caption aligncenter\"><img fetchpriority=\"high\" decoding=\"async\" class=\"wp-image-4598 size-full\" src=\"https:\/\/aehm.es\/wp-content\/uploads\/2018\/09\/Firma-convenio-AEHM-y-Agencia-de-Empleo.jpg\" alt=\"\" width=\"510\" height=\"490\" \/><figcaption id=\"caption-attachment-4598\" class=\"wp-caption-text\">El presidente de la AEHM, Gabriel Garc\u00eda, y la gerente de la Agencia para el Empleo de Madrid, Bel\u00e9n Garc\u00eda.<\/figcaption><\/figure>\n<p><em>\u201cEstamos seguros de que este acuerdo impulsar\u00e1 la creaci\u00f3n de empleo de calidad y abrir\u00e1 las puertas a las muchas personas que se encuentran sin trabajo actualmente, contribuyendo, de este modo, a dinamizar la actividad econ\u00f3mica de Madrid y a fomentar la cohesi\u00f3n social\u201d<\/em>, ha se\u00f1alado el presidente de la AEHM, Gabriel Garc\u00eda.<\/p>\n<p>A trav\u00e9s de esta colaboraci\u00f3n p\u00fablico-privada, la Asociaci\u00f3n pondr\u00e1 en conocimiento del organismo madrile\u00f1o aquellas ofertas de trabajo que les hagan llegar los establecimientos asociados, as\u00ed como todos los detalles sobre los perfiles profesionales requeridos y las condiciones de contrataci\u00f3n de los mismos.<\/p>\n<p>Por su lado, la entidad p\u00fablica atender\u00e1 de forma personalizada y especializada aquellas ofertas laborales recibidas desde la AEHM para cubrir eficazmente las necesidades de contrataci\u00f3n de trabajadores. Tambi\u00e9n facilitar\u00e1 los espacios necesarios para llevar a cabo los procesos de selecci\u00f3n de personal y derivar\u00e1 a los candidatos seleccionados junto con las posibles ayudas y modalidades de contrataci\u00f3n a la Asociaci\u00f3n.<\/p>\n","protected":false},"excerpt":{"rendered":"<p>Este acuerdo tiene como objetivo la creaci\u00f3n de empleo estable y de calidad teniendo en cuenta el papel clave que juegan los empleados de los hoteles a la hora de ofrecer un servicio de calidad y excelencia a sus clientes.\u00a0 La Asociaci\u00f3n Empresarial Hotelera de Madrid (AEHM), a trav\u00e9s del programa de intermediaci\u00f3n suscrito con [&hellip;]<\/p>\n","protected":false},"author":1,"featured_media":4598,"comment_status":"open","ping_status":"open","sticky":false,"template":"","format":"standard","meta":{"footnotes":""},"categories":[1],"tags":[],"class_list":["post-4597","post","type-post","status-publish","format-standard","has-post-thumbnail","hentry","category-actualidad-aehm"],"yoast_head":"<!-- This site is optimized with the Yoast SEO plugin v27.4 - https:\/\/yoast.com\/product\/yoast-seo-wordpress\/ -->\n<title>Los hoteleros madrile\u00f1os y la Agencia para el Empleo colaborar\u00e1n para incentivar la inserci\u00f3n laboral de las personas desempleadas en el sector - AEHM<\/title>\n<meta name=\"description\" content=\"La Asociaci\u00f3n Empresarial Hotelera de Madrid (AEHM) y la Agencia para el Empleo de Madrid, en el marco del \u2018D\u00eda Mundial del Turismo\u2019, han firmado un acuerdo de colaboraci\u00f3n con el objetivo de incentivar la inserci\u00f3n laboral de las personas desempleadas en el sector hotelero.\" \/>\n<meta name=\"robots\" content=\"index, follow, max-snippet:-1, max-image-preview:large, max-video-preview:-1\" \/>\n<link rel=\"canonical\" href=\"https:\/\/aehm.es\/los-hoteleros-madrilenos-y-la-agencia-para-el-empleo-colaboraran-para-incentivar-la-insercion-laboral-de-las-personas-desempleadas-en-el-sector\/\" \/>\n<meta property=\"og:locale\" content=\"en_US\" \/>\n<meta property=\"og:type\" content=\"article\" \/>\n<meta property=\"og:title\" content=\"Los hoteleros madrile\u00f1os y la Agencia para el Empleo colaborar\u00e1n para incentivar la inserci\u00f3n laboral de las personas desempleadas en el sector - AEHM\" \/>\n<meta property=\"og:description\" content=\"La Asociaci\u00f3n Empresarial Hotelera de Madrid (AEHM) y la Agencia para el Empleo de Madrid, en el marco del \u2018D\u00eda Mundial del Turismo\u2019, han firmado un acuerdo de colaboraci\u00f3n con el objetivo de incentivar la inserci\u00f3n laboral de las personas desempleadas en el sector hotelero.\" \/>\n<meta property=\"og:url\" content=\"https:\/\/aehm.es\/los-hoteleros-madrilenos-y-la-agencia-para-el-empleo-colaboraran-para-incentivar-la-insercion-laboral-de-las-personas-desempleadas-en-el-sector\/\" \/>\n<meta property=\"og:site_name\" content=\"AEHM\" \/>\n<meta property=\"article:publisher\" content=\"https:\/\/www.instagram.com\/hotelesdemadrid\/\" \/>\n<meta property=\"article:published_time\" content=\"2018-09-26T13:51:50+00:00\" \/>\n<meta property=\"og:image\" content=\"https:\/\/aehm.es\/wp-content\/uploads\/2018\/09\/Firma-convenio-AEHM-y-Agencia-de-Empleo-1.jpg\" \/>\n\t<meta property=\"og:image:width\" content=\"510\" \/>\n\t<meta property=\"og:image:height\" content=\"490\" \/>\n\t<meta property=\"og:image:type\" content=\"image\/jpeg\" \/>\n<meta name=\"author\" content=\"richard\" \/>\n<meta name=\"twitter:card\" content=\"summary_large_image\" \/>\n<meta name=\"twitter:creator\" content=\"@HotelesAEHM\" \/>\n<meta name=\"twitter:site\" content=\"@HotelesAEHM\" \/>\n<meta name=\"twitter:label1\" content=\"Written by\" \/>\n\t<meta name=\"twitter:data1\" content=\"richard\" \/>\n\t<meta name=\"twitter:label2\" content=\"Est. reading time\" \/>\n\t<meta name=\"twitter:data2\" content=\"2 minutes\" \/>\n<script type=\"application\/ld+json\" class=\"yoast-schema-graph\">{\"@context\":\"https:\\\/\\\/schema.org\",\"@graph\":[{\"@type\":\"Article\",\"@id\":\"https:\\\/\\\/aehm.es\\\/los-hoteleros-madrilenos-y-la-agencia-para-el-empleo-colaboraran-para-incentivar-la-insercion-laboral-de-las-personas-desempleadas-en-el-sector\\\/#article\",\"isPartOf\":{\"@id\":\"https:\\\/\\\/aehm.es\\\/los-hoteleros-madrilenos-y-la-agencia-para-el-empleo-colaboraran-para-incentivar-la-insercion-laboral-de-las-personas-desempleadas-en-el-sector\\\/\"},\"author\":{\"name\":\"richard\",\"@id\":\"https:\\\/\\\/aehm.es\\\/#\\\/schema\\\/person\\\/ca1397f4b0bcee246b58a0278b67a95f\"},\"headline\":\"Los hoteleros madrile\u00f1os y la Agencia para el Empleo colaborar\u00e1n para incentivar la inserci\u00f3n laboral de las personas desempleadas en el sector\",\"datePublished\":\"2018-09-26T13:51:50+00:00\",\"mainEntityOfPage\":{\"@id\":\"https:\\\/\\\/aehm.es\\\/los-hoteleros-madrilenos-y-la-agencia-para-el-empleo-colaboraran-para-incentivar-la-insercion-laboral-de-las-personas-desempleadas-en-el-sector\\\/\"},\"wordCount\":469,\"commentCount\":0,\"publisher\":{\"@id\":\"https:\\\/\\\/aehm.es\\\/#organization\"},\"image\":{\"@id\":\"https:\\\/\\\/aehm.es\\\/los-hoteleros-madrilenos-y-la-agencia-para-el-empleo-colaboraran-para-incentivar-la-insercion-laboral-de-las-personas-desempleadas-en-el-sector\\\/#primaryimage\"},\"thumbnailUrl\":\"https:\\\/\\\/aehm.es\\\/wp-content\\\/uploads\\\/2018\\\/09\\\/Firma-convenio-AEHM-y-Agencia-de-Empleo-1.jpg\",\"articleSection\":[\"Actualidad AEHM\"],\"inLanguage\":\"en-US\",\"potentialAction\":[{\"@type\":\"CommentAction\",\"name\":\"Comment\",\"target\":[\"https:\\\/\\\/aehm.es\\\/los-hoteleros-madrilenos-y-la-agencia-para-el-empleo-colaboraran-para-incentivar-la-insercion-laboral-de-las-personas-desempleadas-en-el-sector\\\/#respond\"]}]},{\"@type\":\"WebPage\",\"@id\":\"https:\\\/\\\/aehm.es\\\/los-hoteleros-madrilenos-y-la-agencia-para-el-empleo-colaboraran-para-incentivar-la-insercion-laboral-de-las-personas-desempleadas-en-el-sector\\\/\",\"url\":\"https:\\\/\\\/aehm.es\\\/los-hoteleros-madrilenos-y-la-agencia-para-el-empleo-colaboraran-para-incentivar-la-insercion-laboral-de-las-personas-desempleadas-en-el-sector\\\/\",\"name\":\"Los hoteleros madrile\u00f1os y la Agencia para el Empleo colaborar\u00e1n para incentivar la inserci\u00f3n laboral de las personas desempleadas en el sector - AEHM\",\"isPartOf\":{\"@id\":\"https:\\\/\\\/aehm.es\\\/#website\"},\"primaryImageOfPage\":{\"@id\":\"https:\\\/\\\/aehm.es\\\/los-hoteleros-madrilenos-y-la-agencia-para-el-empleo-colaboraran-para-incentivar-la-insercion-laboral-de-las-personas-desempleadas-en-el-sector\\\/#primaryimage\"},\"image\":{\"@id\":\"https:\\\/\\\/aehm.es\\\/los-hoteleros-madrilenos-y-la-agencia-para-el-empleo-colaboraran-para-incentivar-la-insercion-laboral-de-las-personas-desempleadas-en-el-sector\\\/#primaryimage\"},\"thumbnailUrl\":\"https:\\\/\\\/aehm.es\\\/wp-content\\\/uploads\\\/2018\\\/09\\\/Firma-convenio-AEHM-y-Agencia-de-Empleo-1.jpg\",\"datePublished\":\"2018-09-26T13:51:50+00:00\",\"description\":\"La Asociaci\u00f3n Empresarial Hotelera de Madrid (AEHM) y la Agencia para el Empleo de Madrid, en el marco del \u2018D\u00eda Mundial del Turismo\u2019, han firmado un acuerdo de colaboraci\u00f3n con el objetivo de incentivar la inserci\u00f3n laboral de las personas desempleadas en el sector hotelero.\",\"breadcrumb\":{\"@id\":\"https:\\\/\\\/aehm.es\\\/los-hoteleros-madrilenos-y-la-agencia-para-el-empleo-colaboraran-para-incentivar-la-insercion-laboral-de-las-personas-desempleadas-en-el-sector\\\/#breadcrumb\"},\"inLanguage\":\"en-US\",\"potentialAction\":[{\"@type\":\"ReadAction\",\"target\":[\"https:\\\/\\\/aehm.es\\\/los-hoteleros-madrilenos-y-la-agencia-para-el-empleo-colaboraran-para-incentivar-la-insercion-laboral-de-las-personas-desempleadas-en-el-sector\\\/\"]}]},{\"@type\":\"ImageObject\",\"inLanguage\":\"en-US\",\"@id\":\"https:\\\/\\\/aehm.es\\\/los-hoteleros-madrilenos-y-la-agencia-para-el-empleo-colaboraran-para-incentivar-la-insercion-laboral-de-las-personas-desempleadas-en-el-sector\\\/#primaryimage\",\"url\":\"https:\\\/\\\/aehm.es\\\/wp-content\\\/uploads\\\/2018\\\/09\\\/Firma-convenio-AEHM-y-Agencia-de-Empleo-1.jpg\",\"contentUrl\":\"https:\\\/\\\/aehm.es\\\/wp-content\\\/uploads\\\/2018\\\/09\\\/Firma-convenio-AEHM-y-Agencia-de-Empleo-1.jpg\",\"width\":510,\"height\":490},{\"@type\":\"BreadcrumbList\",\"@id\":\"https:\\\/\\\/aehm.es\\\/los-hoteleros-madrilenos-y-la-agencia-para-el-empleo-colaboraran-para-incentivar-la-insercion-laboral-de-las-personas-desempleadas-en-el-sector\\\/#breadcrumb\",\"itemListElement\":[{\"@type\":\"ListItem\",\"position\":1,\"name\":\"Portada\",\"item\":\"https:\\\/\\\/aehm.es\\\/en\\\/\"},{\"@type\":\"ListItem\",\"position\":2,\"name\":\"Los hoteleros madrile\u00f1os y la Agencia para el Empleo colaborar\u00e1n para incentivar la inserci\u00f3n laboral de las personas desempleadas en el sector\"}]},{\"@type\":\"WebSite\",\"@id\":\"https:\\\/\\\/aehm.es\\\/#website\",\"url\":\"https:\\\/\\\/aehm.es\\\/\",\"name\":\"Asociaci\u00f3n Empresarial Hotelera de Madrid\",\"description\":\"La Asociaci\u00f3n Empresarial Hotelera Madrid est\u00e1 formada por m\u00e1s de 300 establecimientos de todas las categor\u00edas y tipolog\u00edas (hoteles, hostales, hostels, apartamentos\u2026) que suman m\u00e1s de 75.000 plazas de alojamiento.\",\"publisher\":{\"@id\":\"https:\\\/\\\/aehm.es\\\/#organization\"},\"alternateName\":\"AEHM\",\"potentialAction\":[{\"@type\":\"SearchAction\",\"target\":{\"@type\":\"EntryPoint\",\"urlTemplate\":\"https:\\\/\\\/aehm.es\\\/?s={search_term_string}\"},\"query-input\":{\"@type\":\"PropertyValueSpecification\",\"valueRequired\":true,\"valueName\":\"search_term_string\"}}],\"inLanguage\":\"en-US\"},{\"@type\":\"Organization\",\"@id\":\"https:\\\/\\\/aehm.es\\\/#organization\",\"name\":\"Asociaci\u00f3n Empresarial Hotelera de Madrid\",\"url\":\"https:\\\/\\\/aehm.es\\\/\",\"logo\":{\"@type\":\"ImageObject\",\"inLanguage\":\"en-US\",\"@id\":\"https:\\\/\\\/aehm.es\\\/#\\\/schema\\\/logo\\\/image\\\/\",\"url\":\"https:\\\/\\\/aehm.es\\\/wp-content\\\/uploads\\\/2021\\\/11\\\/Logo_AEHM_Horiz.png\",\"contentUrl\":\"https:\\\/\\\/aehm.es\\\/wp-content\\\/uploads\\\/2021\\\/11\\\/Logo_AEHM_Horiz.png\",\"width\":600,\"height\":182,\"caption\":\"Asociaci\u00f3n Empresarial Hotelera de Madrid\"},\"image\":{\"@id\":\"https:\\\/\\\/aehm.es\\\/#\\\/schema\\\/logo\\\/image\\\/\"},\"sameAs\":[\"https:\\\/\\\/www.instagram.com\\\/hotelesdemadrid\\\/\",\"https:\\\/\\\/x.com\\\/HotelesAEHM\",\"https:\\\/\\\/www.linkedin.com\\\/company\\\/11166072\\\/\"]},{\"@type\":\"Person\",\"@id\":\"https:\\\/\\\/aehm.es\\\/#\\\/schema\\\/person\\\/ca1397f4b0bcee246b58a0278b67a95f\",\"name\":\"richard\",\"image\":{\"@type\":\"ImageObject\",\"inLanguage\":\"en-US\",\"@id\":\"https:\\\/\\\/secure.gravatar.com\\\/avatar\\\/dd2486a811ecc34bf766b7d8b17d0ea76674186c415867af39660e429e20e1a0?s=96&d=mm&r=g\",\"url\":\"https:\\\/\\\/secure.gravatar.com\\\/avatar\\\/dd2486a811ecc34bf766b7d8b17d0ea76674186c415867af39660e429e20e1a0?s=96&d=mm&r=g\",\"contentUrl\":\"https:\\\/\\\/secure.gravatar.com\\\/avatar\\\/dd2486a811ecc34bf766b7d8b17d0ea76674186c415867af39660e429e20e1a0?s=96&d=mm&r=g\",\"caption\":\"richard\"},\"url\":\"https:\\\/\\\/aehm.es\\\/en\\\/author\\\/richard\\\/\"}]}<\/script>\n<!-- \/ Yoast SEO plugin. -->","yoast_head_json":{"title":"Los hoteleros madrile\u00f1os y la Agencia para el Empleo colaborar\u00e1n para incentivar la inserci\u00f3n laboral de las personas desempleadas en el sector - AEHM","description":"La Asociaci\u00f3n Empresarial Hotelera de Madrid (AEHM) y la Agencia para el Empleo de Madrid, en el marco del \u2018D\u00eda Mundial del Turismo\u2019, han firmado un acuerdo de colaboraci\u00f3n con el objetivo de incentivar la inserci\u00f3n laboral de las personas desempleadas en el sector hotelero.","robots":{"index":"index","follow":"follow","max-snippet":"max-snippet:-1","max-image-preview":"max-image-preview:large","max-video-preview":"max-video-preview:-1"},"canonical":"https:\/\/aehm.es\/los-hoteleros-madrilenos-y-la-agencia-para-el-empleo-colaboraran-para-incentivar-la-insercion-laboral-de-las-personas-desempleadas-en-el-sector\/","og_locale":"en_US","og_type":"article","og_title":"Los hoteleros madrile\u00f1os y la Agencia para el Empleo colaborar\u00e1n para incentivar la inserci\u00f3n laboral de las personas desempleadas en el sector - AEHM","og_description":"La Asociaci\u00f3n Empresarial Hotelera de Madrid (AEHM) y la Agencia para el Empleo de Madrid, en el marco del \u2018D\u00eda Mundial del Turismo\u2019, han firmado un acuerdo de colaboraci\u00f3n con el objetivo de incentivar la inserci\u00f3n laboral de las personas desempleadas en el sector hotelero.","og_url":"https:\/\/aehm.es\/los-hoteleros-madrilenos-y-la-agencia-para-el-empleo-colaboraran-para-incentivar-la-insercion-laboral-de-las-personas-desempleadas-en-el-sector\/","og_site_name":"AEHM","article_publisher":"https:\/\/www.instagram.com\/hotelesdemadrid\/","article_published_time":"2018-09-26T13:51:50+00:00","og_image":[{"width":510,"height":490,"url":"https:\/\/aehm.es\/wp-content\/uploads\/2018\/09\/Firma-convenio-AEHM-y-Agencia-de-Empleo-1.jpg","type":"image\/jpeg"}],"author":"richard","twitter_card":"summary_large_image","twitter_creator":"@HotelesAEHM","twitter_site":"@HotelesAEHM","twitter_misc":{"Written by":"richard","Est. reading time":"2 minutes"},"schema":{"@context":"https:\/\/schema.org","@graph":[{"@type":"Article","@id":"https:\/\/aehm.es\/los-hoteleros-madrilenos-y-la-agencia-para-el-empleo-colaboraran-para-incentivar-la-insercion-laboral-de-las-personas-desempleadas-en-el-sector\/#article","isPartOf":{"@id":"https:\/\/aehm.es\/los-hoteleros-madrilenos-y-la-agencia-para-el-empleo-colaboraran-para-incentivar-la-insercion-laboral-de-las-personas-desempleadas-en-el-sector\/"},"author":{"name":"richard","@id":"https:\/\/aehm.es\/#\/schema\/person\/ca1397f4b0bcee246b58a0278b67a95f"},"headline":"Los hoteleros madrile\u00f1os y la Agencia para el Empleo colaborar\u00e1n para incentivar la inserci\u00f3n laboral de las personas desempleadas en el sector","datePublished":"2018-09-26T13:51:50+00:00","mainEntityOfPage":{"@id":"https:\/\/aehm.es\/los-hoteleros-madrilenos-y-la-agencia-para-el-empleo-colaboraran-para-incentivar-la-insercion-laboral-de-las-personas-desempleadas-en-el-sector\/"},"wordCount":469,"commentCount":0,"publisher":{"@id":"https:\/\/aehm.es\/#organization"},"image":{"@id":"https:\/\/aehm.es\/los-hoteleros-madrilenos-y-la-agencia-para-el-empleo-colaboraran-para-incentivar-la-insercion-laboral-de-las-personas-desempleadas-en-el-sector\/#primaryimage"},"thumbnailUrl":"https:\/\/aehm.es\/wp-content\/uploads\/2018\/09\/Firma-convenio-AEHM-y-Agencia-de-Empleo-1.jpg","articleSection":["Actualidad AEHM"],"inLanguage":"en-US","potentialAction":[{"@type":"CommentAction","name":"Comment","target":["https:\/\/aehm.es\/los-hoteleros-madrilenos-y-la-agencia-para-el-empleo-colaboraran-para-incentivar-la-insercion-laboral-de-las-personas-desempleadas-en-el-sector\/#respond"]}]},{"@type":"WebPage","@id":"https:\/\/aehm.es\/los-hoteleros-madrilenos-y-la-agencia-para-el-empleo-colaboraran-para-incentivar-la-insercion-laboral-de-las-personas-desempleadas-en-el-sector\/","url":"https:\/\/aehm.es\/los-hoteleros-madrilenos-y-la-agencia-para-el-empleo-colaboraran-para-incentivar-la-insercion-laboral-de-las-personas-desempleadas-en-el-sector\/","name":"Los hoteleros madrile\u00f1os y la Agencia para el Empleo colaborar\u00e1n para incentivar la inserci\u00f3n laboral de las personas desempleadas en el sector - AEHM","isPartOf":{"@id":"https:\/\/aehm.es\/#website"},"primaryImageOfPage":{"@id":"https:\/\/aehm.es\/los-hoteleros-madrilenos-y-la-agencia-para-el-empleo-colaboraran-para-incentivar-la-insercion-laboral-de-las-personas-desempleadas-en-el-sector\/#primaryimage"},"image":{"@id":"https:\/\/aehm.es\/los-hoteleros-madrilenos-y-la-agencia-para-el-empleo-colaboraran-para-incentivar-la-insercion-laboral-de-las-personas-desempleadas-en-el-sector\/#primaryimage"},"thumbnailUrl":"https:\/\/aehm.es\/wp-content\/uploads\/2018\/09\/Firma-convenio-AEHM-y-Agencia-de-Empleo-1.jpg","datePublished":"2018-09-26T13:51:50+00:00","description":"La Asociaci\u00f3n Empresarial Hotelera de Madrid (AEHM) y la Agencia para el Empleo de Madrid, en el marco del \u2018D\u00eda Mundial del Turismo\u2019, han firmado un acuerdo de colaboraci\u00f3n con el objetivo de incentivar la inserci\u00f3n laboral de las personas desempleadas en el sector hotelero.","breadcrumb":{"@id":"https:\/\/aehm.es\/los-hoteleros-madrilenos-y-la-agencia-para-el-empleo-colaboraran-para-incentivar-la-insercion-laboral-de-las-personas-desempleadas-en-el-sector\/#breadcrumb"},"inLanguage":"en-US","potentialAction":[{"@type":"ReadAction","target":["https:\/\/aehm.es\/los-hoteleros-madrilenos-y-la-agencia-para-el-empleo-colaboraran-para-incentivar-la-insercion-laboral-de-las-personas-desempleadas-en-el-sector\/"]}]},{"@type":"ImageObject","inLanguage":"en-US","@id":"https:\/\/aehm.es\/los-hoteleros-madrilenos-y-la-agencia-para-el-empleo-colaboraran-para-incentivar-la-insercion-laboral-de-las-personas-desempleadas-en-el-sector\/#primaryimage","url":"https:\/\/aehm.es\/wp-content\/uploads\/2018\/09\/Firma-convenio-AEHM-y-Agencia-de-Empleo-1.jpg","contentUrl":"https:\/\/aehm.es\/wp-content\/uploads\/2018\/09\/Firma-convenio-AEHM-y-Agencia-de-Empleo-1.jpg","width":510,"height":490},{"@type":"BreadcrumbList","@id":"https:\/\/aehm.es\/los-hoteleros-madrilenos-y-la-agencia-para-el-empleo-colaboraran-para-incentivar-la-insercion-laboral-de-las-personas-desempleadas-en-el-sector\/#breadcrumb","itemListElement":[{"@type":"ListItem","position":1,"name":"Portada","item":"https:\/\/aehm.es\/en\/"},{"@type":"ListItem","position":2,"name":"Los hoteleros madrile\u00f1os y la Agencia para el Empleo colaborar\u00e1n para incentivar la inserci\u00f3n laboral de las personas desempleadas en el sector"}]},{"@type":"WebSite","@id":"https:\/\/aehm.es\/#website","url":"https:\/\/aehm.es\/","name":"Asociaci\u00f3n Empresarial Hotelera de Madrid","description":"La Asociaci\u00f3n Empresarial Hotelera Madrid est\u00e1 formada por m\u00e1s de 300 establecimientos de todas las categor\u00edas y tipolog\u00edas (hoteles, hostales, hostels, apartamentos\u2026) que suman m\u00e1s de 75.000 plazas de alojamiento.","publisher":{"@id":"https:\/\/aehm.es\/#organization"},"alternateName":"AEHM","potentialAction":[{"@type":"SearchAction","target":{"@type":"EntryPoint","urlTemplate":"https:\/\/aehm.es\/?s={search_term_string}"},"query-input":{"@type":"PropertyValueSpecification","valueRequired":true,"valueName":"search_term_string"}}],"inLanguage":"en-US"},{"@type":"Organization","@id":"https:\/\/aehm.es\/#organization","name":"Asociaci\u00f3n Empresarial Hotelera de Madrid","url":"https:\/\/aehm.es\/","logo":{"@type":"ImageObject","inLanguage":"en-US","@id":"https:\/\/aehm.es\/#\/schema\/logo\/image\/","url":"https:\/\/aehm.es\/wp-content\/uploads\/2021\/11\/Logo_AEHM_Horiz.png","contentUrl":"https:\/\/aehm.es\/wp-content\/uploads\/2021\/11\/Logo_AEHM_Horiz.png","width":600,"height":182,"caption":"Asociaci\u00f3n Empresarial Hotelera de Madrid"},"image":{"@id":"https:\/\/aehm.es\/#\/schema\/logo\/image\/"},"sameAs":["https:\/\/www.instagram.com\/hotelesdemadrid\/","https:\/\/x.com\/HotelesAEHM","https:\/\/www.linkedin.com\/company\/11166072\/"]},{"@type":"Person","@id":"https:\/\/aehm.es\/#\/schema\/person\/ca1397f4b0bcee246b58a0278b67a95f","name":"richard","image":{"@type":"ImageObject","inLanguage":"en-US","@id":"https:\/\/secure.gravatar.com\/avatar\/dd2486a811ecc34bf766b7d8b17d0ea76674186c415867af39660e429e20e1a0?s=96&d=mm&r=g","url":"https:\/\/secure.gravatar.com\/avatar\/dd2486a811ecc34bf766b7d8b17d0ea76674186c415867af39660e429e20e1a0?s=96&d=mm&r=g","contentUrl":"https:\/\/secure.gravatar.com\/avatar\/dd2486a811ecc34bf766b7d8b17d0ea76674186c415867af39660e429e20e1a0?s=96&d=mm&r=g","caption":"richard"},"url":"https:\/\/aehm.es\/en\/author\/richard\/"}]}},"_links":{"self":[{"href":"https:\/\/aehm.es\/en\/wp-json\/wp\/v2\/posts\/4597","targetHints":{"allow":["GET"]}}],"collection":[{"href":"https:\/\/aehm.es\/en\/wp-json\/wp\/v2\/posts"}],"about":[{"href":"https:\/\/aehm.es\/en\/wp-json\/wp\/v2\/types\/post"}],"author":[{"embeddable":true,"href":"https:\/\/aehm.es\/en\/wp-json\/wp\/v2\/users\/1"}],"replies":[{"embeddable":true,"href":"https:\/\/aehm.es\/en\/wp-json\/wp\/v2\/comments?post=4597"}],"version-history":[{"count":0,"href":"https:\/\/aehm.es\/en\/wp-json\/wp\/v2\/posts\/4597\/revisions"}],"wp:featuredmedia":[{"embeddable":true,"href":"https:\/\/aehm.es\/en\/wp-json\/wp\/v2\/media\/4598"}],"wp:attachment":[{"href":"https:\/\/aehm.es\/en\/wp-json\/wp\/v2\/media?parent=4597"}],"wp:term":[{"taxonomy":"category","embeddable":true,"href":"https:\/\/aehm.es\/en\/wp-json\/wp\/v2\/categories?post=4597"},{"taxonomy":"post_tag","embeddable":true,"href":"https:\/\/aehm.es\/en\/wp-json\/wp\/v2\/tags?post=4597"}],"curies":[{"name":"wp","href":"https:\/\/api.w.org\/{rel}","templated":true}]}}