{"id":4508,"date":"2018-09-19T07:56:11","date_gmt":"2018-09-19T07:56:11","guid":{"rendered":"https:\/\/aehm.es\/?p=4508"},"modified":"2018-09-19T07:56:11","modified_gmt":"2018-09-19T07:56:11","slug":"los-hoteleros-madrilenos-lamentamos-el-accidente-acaecido-en-el-hotel-ritz","status":"publish","type":"post","link":"https:\/\/aehm.es\/en\/los-hoteleros-madrilenos-lamentamos-el-accidente-acaecido-en-el-hotel-ritz\/","title":{"rendered":"Los hoteleros madrile\u00f1os lamentamos el accidente acaecido en el Hotel Ritz"},"content":{"rendered":"<p><strong>Madrid, 19 de septiembre de 2018.-<\/strong> Desde la <strong>Asociaci\u00f3n Empresarial Hotelera de Madrid<\/strong> (AEHM) queremos comunicar que lamentamos el accidente acaecido ayer martes en el emblem\u00e1tico Hotel Ritz de Madrid, actualmente en proceso de una reforma \u00edntegra.<\/p>\n<p>Debido a la magnitud de este acontecimiento, que se ha saldado con una persona fallecida y al menos once heridos de diversa consideraci\u00f3n, tanto nuestro presidente Gabriel Garc\u00eda como nuestra secretaria general Mar de Miguel se trasladaron al lugar de los hechos para mostrar su apoyo a los responsables del hotel.<\/p>\n<p>Igualmente, desde la AEHM transmitimos nuestras condolencias a los familiares del trabajador fallecido y esperamos la pronta recuperaci\u00f3n de las v\u00edctimas heridas en este accidente.<\/p>\n<p>En este sentido, tambi\u00e9n queremos hacer manifiesto todo nuestro apoyo a la empresa propietaria del Hotel Ritz, Mandarin Oriental and Olayan Group, as\u00ed como trasladar todo nuestro afecto tanto a los empleados de este establecimiento tan representativo de Madrid como a los trabajadores de la empresa constructora.<\/p>\n<p>La AEHM, en nombre de todo el sector hotelero de Madrid, ha puesto a disposici\u00f3n del director general del Hotel Ritz todo el soporte y apoyo que pueda ser necesario para acoger a familiares de los afectados en este suceso o ante cualquier otra circunstancia que lo pudiera requerir.<\/p>\n","protected":false},"excerpt":{"rendered":"<p>Madrid, 19 de septiembre de 2018.- Desde la Asociaci\u00f3n Empresarial Hotelera de Madrid (AEHM) queremos comunicar que lamentamos el accidente acaecido ayer martes en el emblem\u00e1tico Hotel Ritz de Madrid, actualmente en proceso de una reforma \u00edntegra. Debido a la magnitud de este acontecimiento, que se ha saldado con una persona fallecida y al menos [&hellip;]<\/p>\n","protected":false},"author":1,"featured_media":0,"comment_status":"open","ping_status":"open","sticky":false,"template":"","format":"standard","meta":{"footnotes":""},"categories":[1],"tags":[],"class_list":["post-4508","post","type-post","status-publish","format-standard","hentry","category-actualidad-aehm"],"yoast_head":"<!-- This site is optimized with the Yoast SEO plugin v27.5 - https:\/\/yoast.com\/product\/yoast-seo-wordpress\/ -->\n<title>Los hoteleros madrile\u00f1os lamentamos el accidente acaecido en el Hotel Ritz - AEHM<\/title>\n<meta name=\"robots\" content=\"index, follow, max-snippet:-1, max-image-preview:large, max-video-preview:-1\" \/>\n<link rel=\"canonical\" href=\"https:\/\/aehm.es\/los-hoteleros-madrilenos-lamentamos-el-accidente-acaecido-en-el-hotel-ritz\/\" \/>\n<meta property=\"og:locale\" content=\"en_US\" \/>\n<meta property=\"og:type\" content=\"article\" \/>\n<meta property=\"og:title\" content=\"Los hoteleros madrile\u00f1os lamentamos el accidente acaecido en el Hotel Ritz - AEHM\" \/>\n<meta property=\"og:description\" content=\"Madrid, 19 de septiembre de 2018.- Desde la Asociaci\u00f3n Empresarial Hotelera de Madrid (AEHM) queremos comunicar que lamentamos el accidente acaecido ayer martes en el emblem\u00e1tico Hotel Ritz de Madrid, actualmente en proceso de una reforma \u00edntegra. Debido a la magnitud de este acontecimiento, que se ha saldado con una persona fallecida y al menos [&hellip;]\" \/>\n<meta property=\"og:url\" content=\"https:\/\/aehm.es\/los-hoteleros-madrilenos-lamentamos-el-accidente-acaecido-en-el-hotel-ritz\/\" \/>\n<meta property=\"og:site_name\" content=\"AEHM\" \/>\n<meta property=\"article:publisher\" content=\"https:\/\/www.instagram.com\/hotelesdemadrid\/\" \/>\n<meta property=\"article:published_time\" content=\"2018-09-19T07:56:11+00:00\" \/>\n<meta property=\"og:image\" content=\"https:\/\/aehm.es\/wp-content\/uploads\/2018\/09\/logoaehm-1.png\" \/>\n\t<meta property=\"og:image:width\" content=\"1024\" \/>\n\t<meta property=\"og:image:height\" content=\"512\" \/>\n\t<meta property=\"og:image:type\" content=\"image\/png\" \/>\n<meta name=\"author\" content=\"richard\" \/>\n<meta name=\"twitter:card\" content=\"summary_large_image\" \/>\n<meta name=\"twitter:image\" content=\"https:\/\/aehm.es\/wp-content\/uploads\/2018\/09\/logoaehm.png\" \/>\n<meta name=\"twitter:creator\" content=\"@HotelesAEHM\" \/>\n<meta name=\"twitter:site\" content=\"@HotelesAEHM\" \/>\n<meta name=\"twitter:label1\" content=\"Written by\" \/>\n\t<meta name=\"twitter:data1\" content=\"richard\" \/>\n\t<meta name=\"twitter:label2\" content=\"Est. reading time\" \/>\n\t<meta name=\"twitter:data2\" content=\"1 minute\" \/>\n<script type=\"application\/ld+json\" class=\"yoast-schema-graph\">{\"@context\":\"https:\\\/\\\/schema.org\",\"@graph\":[{\"@type\":\"Article\",\"@id\":\"https:\\\/\\\/aehm.es\\\/los-hoteleros-madrilenos-lamentamos-el-accidente-acaecido-en-el-hotel-ritz\\\/#article\",\"isPartOf\":{\"@id\":\"https:\\\/\\\/aehm.es\\\/los-hoteleros-madrilenos-lamentamos-el-accidente-acaecido-en-el-hotel-ritz\\\/\"},\"author\":{\"name\":\"richard\",\"@id\":\"https:\\\/\\\/aehm.es\\\/#\\\/schema\\\/person\\\/ca1397f4b0bcee246b58a0278b67a95f\"},\"headline\":\"Los hoteleros madrile\u00f1os lamentamos el accidente acaecido en el Hotel Ritz\",\"datePublished\":\"2018-09-19T07:56:11+00:00\",\"mainEntityOfPage\":{\"@id\":\"https:\\\/\\\/aehm.es\\\/los-hoteleros-madrilenos-lamentamos-el-accidente-acaecido-en-el-hotel-ritz\\\/\"},\"wordCount\":228,\"commentCount\":0,\"publisher\":{\"@id\":\"https:\\\/\\\/aehm.es\\\/#organization\"},\"articleSection\":[\"Actualidad AEHM\"],\"inLanguage\":\"en-US\",\"potentialAction\":[{\"@type\":\"CommentAction\",\"name\":\"Comment\",\"target\":[\"https:\\\/\\\/aehm.es\\\/los-hoteleros-madrilenos-lamentamos-el-accidente-acaecido-en-el-hotel-ritz\\\/#respond\"]}]},{\"@type\":\"WebPage\",\"@id\":\"https:\\\/\\\/aehm.es\\\/los-hoteleros-madrilenos-lamentamos-el-accidente-acaecido-en-el-hotel-ritz\\\/\",\"url\":\"https:\\\/\\\/aehm.es\\\/los-hoteleros-madrilenos-lamentamos-el-accidente-acaecido-en-el-hotel-ritz\\\/\",\"name\":\"Los hoteleros madrile\u00f1os lamentamos el accidente acaecido en el Hotel Ritz - AEHM\",\"isPartOf\":{\"@id\":\"https:\\\/\\\/aehm.es\\\/#website\"},\"datePublished\":\"2018-09-19T07:56:11+00:00\",\"breadcrumb\":{\"@id\":\"https:\\\/\\\/aehm.es\\\/los-hoteleros-madrilenos-lamentamos-el-accidente-acaecido-en-el-hotel-ritz\\\/#breadcrumb\"},\"inLanguage\":\"en-US\",\"potentialAction\":[{\"@type\":\"ReadAction\",\"target\":[\"https:\\\/\\\/aehm.es\\\/los-hoteleros-madrilenos-lamentamos-el-accidente-acaecido-en-el-hotel-ritz\\\/\"]}]},{\"@type\":\"BreadcrumbList\",\"@id\":\"https:\\\/\\\/aehm.es\\\/los-hoteleros-madrilenos-lamentamos-el-accidente-acaecido-en-el-hotel-ritz\\\/#breadcrumb\",\"itemListElement\":[{\"@type\":\"ListItem\",\"position\":1,\"name\":\"Portada\",\"item\":\"https:\\\/\\\/aehm.es\\\/en\\\/\"},{\"@type\":\"ListItem\",\"position\":2,\"name\":\"Los hoteleros madrile\u00f1os lamentamos el accidente acaecido en el Hotel Ritz\"}]},{\"@type\":\"WebSite\",\"@id\":\"https:\\\/\\\/aehm.es\\\/#website\",\"url\":\"https:\\\/\\\/aehm.es\\\/\",\"name\":\"Asociaci\u00f3n Empresarial Hotelera de Madrid\",\"description\":\"La Asociaci\u00f3n Empresarial Hotelera Madrid est\u00e1 formada por m\u00e1s de 300 establecimientos de todas las categor\u00edas y tipolog\u00edas (hoteles, hostales, hostels, apartamentos\u2026) que suman m\u00e1s de 75.000 plazas de alojamiento.\",\"publisher\":{\"@id\":\"https:\\\/\\\/aehm.es\\\/#organization\"},\"alternateName\":\"AEHM\",\"potentialAction\":[{\"@type\":\"SearchAction\",\"target\":{\"@type\":\"EntryPoint\",\"urlTemplate\":\"https:\\\/\\\/aehm.es\\\/?s={search_term_string}\"},\"query-input\":{\"@type\":\"PropertyValueSpecification\",\"valueRequired\":true,\"valueName\":\"search_term_string\"}}],\"inLanguage\":\"en-US\"},{\"@type\":\"Organization\",\"@id\":\"https:\\\/\\\/aehm.es\\\/#organization\",\"name\":\"Asociaci\u00f3n Empresarial Hotelera de Madrid\",\"url\":\"https:\\\/\\\/aehm.es\\\/\",\"logo\":{\"@type\":\"ImageObject\",\"inLanguage\":\"en-US\",\"@id\":\"https:\\\/\\\/aehm.es\\\/#\\\/schema\\\/logo\\\/image\\\/\",\"url\":\"https:\\\/\\\/aehm.es\\\/wp-content\\\/uploads\\\/2021\\\/11\\\/Logo_AEHM_Horiz.png\",\"contentUrl\":\"https:\\\/\\\/aehm.es\\\/wp-content\\\/uploads\\\/2021\\\/11\\\/Logo_AEHM_Horiz.png\",\"width\":600,\"height\":182,\"caption\":\"Asociaci\u00f3n Empresarial Hotelera de Madrid\"},\"image\":{\"@id\":\"https:\\\/\\\/aehm.es\\\/#\\\/schema\\\/logo\\\/image\\\/\"},\"sameAs\":[\"https:\\\/\\\/www.instagram.com\\\/hotelesdemadrid\\\/\",\"https:\\\/\\\/x.com\\\/HotelesAEHM\",\"https:\\\/\\\/www.linkedin.com\\\/company\\\/11166072\\\/\"]},{\"@type\":\"Person\",\"@id\":\"https:\\\/\\\/aehm.es\\\/#\\\/schema\\\/person\\\/ca1397f4b0bcee246b58a0278b67a95f\",\"name\":\"richard\",\"image\":{\"@type\":\"ImageObject\",\"inLanguage\":\"en-US\",\"@id\":\"https:\\\/\\\/secure.gravatar.com\\\/avatar\\\/dd2486a811ecc34bf766b7d8b17d0ea76674186c415867af39660e429e20e1a0?s=96&d=mm&r=g\",\"url\":\"https:\\\/\\\/secure.gravatar.com\\\/avatar\\\/dd2486a811ecc34bf766b7d8b17d0ea76674186c415867af39660e429e20e1a0?s=96&d=mm&r=g\",\"contentUrl\":\"https:\\\/\\\/secure.gravatar.com\\\/avatar\\\/dd2486a811ecc34bf766b7d8b17d0ea76674186c415867af39660e429e20e1a0?s=96&d=mm&r=g\",\"caption\":\"richard\"},\"url\":\"https:\\\/\\\/aehm.es\\\/en\\\/author\\\/richard\\\/\"}]}<\/script>\n<!-- \/ Yoast SEO plugin. -->","yoast_head_json":{"title":"Los hoteleros madrile\u00f1os lamentamos el accidente acaecido en el Hotel Ritz - AEHM","robots":{"index":"index","follow":"follow","max-snippet":"max-snippet:-1","max-image-preview":"max-image-preview:large","max-video-preview":"max-video-preview:-1"},"canonical":"https:\/\/aehm.es\/los-hoteleros-madrilenos-lamentamos-el-accidente-acaecido-en-el-hotel-ritz\/","og_locale":"en_US","og_type":"article","og_title":"Los hoteleros madrile\u00f1os lamentamos el accidente acaecido en el Hotel Ritz - AEHM","og_description":"Madrid, 19 de septiembre de 2018.- Desde la Asociaci\u00f3n Empresarial Hotelera de Madrid (AEHM) queremos comunicar que lamentamos el accidente acaecido ayer martes en el emblem\u00e1tico Hotel Ritz de Madrid, actualmente en proceso de una reforma \u00edntegra. Debido a la magnitud de este acontecimiento, que se ha saldado con una persona fallecida y al menos [&hellip;]","og_url":"https:\/\/aehm.es\/los-hoteleros-madrilenos-lamentamos-el-accidente-acaecido-en-el-hotel-ritz\/","og_site_name":"AEHM","article_publisher":"https:\/\/www.instagram.com\/hotelesdemadrid\/","article_published_time":"2018-09-19T07:56:11+00:00","og_image":[{"width":1024,"height":512,"url":"https:\/\/aehm.es\/wp-content\/uploads\/2018\/09\/logoaehm-1.png","type":"image\/png"}],"author":"richard","twitter_card":"summary_large_image","twitter_image":"https:\/\/aehm.es\/wp-content\/uploads\/2018\/09\/logoaehm.png","twitter_creator":"@HotelesAEHM","twitter_site":"@HotelesAEHM","twitter_misc":{"Written by":"richard","Est. reading time":"1 minute"},"schema":{"@context":"https:\/\/schema.org","@graph":[{"@type":"Article","@id":"https:\/\/aehm.es\/los-hoteleros-madrilenos-lamentamos-el-accidente-acaecido-en-el-hotel-ritz\/#article","isPartOf":{"@id":"https:\/\/aehm.es\/los-hoteleros-madrilenos-lamentamos-el-accidente-acaecido-en-el-hotel-ritz\/"},"author":{"name":"richard","@id":"https:\/\/aehm.es\/#\/schema\/person\/ca1397f4b0bcee246b58a0278b67a95f"},"headline":"Los hoteleros madrile\u00f1os lamentamos el accidente acaecido en el Hotel Ritz","datePublished":"2018-09-19T07:56:11+00:00","mainEntityOfPage":{"@id":"https:\/\/aehm.es\/los-hoteleros-madrilenos-lamentamos-el-accidente-acaecido-en-el-hotel-ritz\/"},"wordCount":228,"commentCount":0,"publisher":{"@id":"https:\/\/aehm.es\/#organization"},"articleSection":["Actualidad AEHM"],"inLanguage":"en-US","potentialAction":[{"@type":"CommentAction","name":"Comment","target":["https:\/\/aehm.es\/los-hoteleros-madrilenos-lamentamos-el-accidente-acaecido-en-el-hotel-ritz\/#respond"]}]},{"@type":"WebPage","@id":"https:\/\/aehm.es\/los-hoteleros-madrilenos-lamentamos-el-accidente-acaecido-en-el-hotel-ritz\/","url":"https:\/\/aehm.es\/los-hoteleros-madrilenos-lamentamos-el-accidente-acaecido-en-el-hotel-ritz\/","name":"Los hoteleros madrile\u00f1os lamentamos el accidente acaecido en el Hotel Ritz - AEHM","isPartOf":{"@id":"https:\/\/aehm.es\/#website"},"datePublished":"2018-09-19T07:56:11+00:00","breadcrumb":{"@id":"https:\/\/aehm.es\/los-hoteleros-madrilenos-lamentamos-el-accidente-acaecido-en-el-hotel-ritz\/#breadcrumb"},"inLanguage":"en-US","potentialAction":[{"@type":"ReadAction","target":["https:\/\/aehm.es\/los-hoteleros-madrilenos-lamentamos-el-accidente-acaecido-en-el-hotel-ritz\/"]}]},{"@type":"BreadcrumbList","@id":"https:\/\/aehm.es\/los-hoteleros-madrilenos-lamentamos-el-accidente-acaecido-en-el-hotel-ritz\/#breadcrumb","itemListElement":[{"@type":"ListItem","position":1,"name":"Portada","item":"https:\/\/aehm.es\/en\/"},{"@type":"ListItem","position":2,"name":"Los hoteleros madrile\u00f1os lamentamos el accidente acaecido en el Hotel Ritz"}]},{"@type":"WebSite","@id":"https:\/\/aehm.es\/#website","url":"https:\/\/aehm.es\/","name":"Asociaci\u00f3n Empresarial Hotelera de Madrid","description":"La Asociaci\u00f3n Empresarial Hotelera Madrid est\u00e1 formada por m\u00e1s de 300 establecimientos de todas las categor\u00edas y tipolog\u00edas (hoteles, hostales, hostels, apartamentos\u2026) que suman m\u00e1s de 75.000 plazas de alojamiento.","publisher":{"@id":"https:\/\/aehm.es\/#organization"},"alternateName":"AEHM","potentialAction":[{"@type":"SearchAction","target":{"@type":"EntryPoint","urlTemplate":"https:\/\/aehm.es\/?s={search_term_string}"},"query-input":{"@type":"PropertyValueSpecification","valueRequired":true,"valueName":"search_term_string"}}],"inLanguage":"en-US"},{"@type":"Organization","@id":"https:\/\/aehm.es\/#organization","name":"Asociaci\u00f3n Empresarial Hotelera de Madrid","url":"https:\/\/aehm.es\/","logo":{"@type":"ImageObject","inLanguage":"en-US","@id":"https:\/\/aehm.es\/#\/schema\/logo\/image\/","url":"https:\/\/aehm.es\/wp-content\/uploads\/2021\/11\/Logo_AEHM_Horiz.png","contentUrl":"https:\/\/aehm.es\/wp-content\/uploads\/2021\/11\/Logo_AEHM_Horiz.png","width":600,"height":182,"caption":"Asociaci\u00f3n Empresarial Hotelera de Madrid"},"image":{"@id":"https:\/\/aehm.es\/#\/schema\/logo\/image\/"},"sameAs":["https:\/\/www.instagram.com\/hotelesdemadrid\/","https:\/\/x.com\/HotelesAEHM","https:\/\/www.linkedin.com\/company\/11166072\/"]},{"@type":"Person","@id":"https:\/\/aehm.es\/#\/schema\/person\/ca1397f4b0bcee246b58a0278b67a95f","name":"richard","image":{"@type":"ImageObject","inLanguage":"en-US","@id":"https:\/\/secure.gravatar.com\/avatar\/dd2486a811ecc34bf766b7d8b17d0ea76674186c415867af39660e429e20e1a0?s=96&d=mm&r=g","url":"https:\/\/secure.gravatar.com\/avatar\/dd2486a811ecc34bf766b7d8b17d0ea76674186c415867af39660e429e20e1a0?s=96&d=mm&r=g","contentUrl":"https:\/\/secure.gravatar.com\/avatar\/dd2486a811ecc34bf766b7d8b17d0ea76674186c415867af39660e429e20e1a0?s=96&d=mm&r=g","caption":"richard"},"url":"https:\/\/aehm.es\/en\/author\/richard\/"}]}},"_links":{"self":[{"href":"https:\/\/aehm.es\/en\/wp-json\/wp\/v2\/posts\/4508","targetHints":{"allow":["GET"]}}],"collection":[{"href":"https:\/\/aehm.es\/en\/wp-json\/wp\/v2\/posts"}],"about":[{"href":"https:\/\/aehm.es\/en\/wp-json\/wp\/v2\/types\/post"}],"author":[{"embeddable":true,"href":"https:\/\/aehm.es\/en\/wp-json\/wp\/v2\/users\/1"}],"replies":[{"embeddable":true,"href":"https:\/\/aehm.es\/en\/wp-json\/wp\/v2\/comments?post=4508"}],"version-history":[{"count":0,"href":"https:\/\/aehm.es\/en\/wp-json\/wp\/v2\/posts\/4508\/revisions"}],"wp:attachment":[{"href":"https:\/\/aehm.es\/en\/wp-json\/wp\/v2\/media?parent=4508"}],"wp:term":[{"taxonomy":"category","embeddable":true,"href":"https:\/\/aehm.es\/en\/wp-json\/wp\/v2\/categories?post=4508"},{"taxonomy":"post_tag","embeddable":true,"href":"https:\/\/aehm.es\/en\/wp-json\/wp\/v2\/tags?post=4508"}],"curies":[{"name":"wp","href":"https:\/\/api.w.org\/{rel}","templated":true}]}}