{"id":4262,"date":"2018-07-12T08:55:58","date_gmt":"2018-07-12T08:55:58","guid":{"rendered":"https:\/\/aehm.es\/?p=4262"},"modified":"2018-07-12T08:55:58","modified_gmt":"2018-07-12T08:55:58","slug":"los-hoteleros-madrilenos-no-estan-de-acuerdo-con-la-creacion-de-una-tasa-turistica","status":"publish","type":"post","link":"https:\/\/aehm.es\/en\/los-hoteleros-madrilenos-no-estan-de-acuerdo-con-la-creacion-de-una-tasa-turistica\/","title":{"rendered":"Los hoteleros madrile\u00f1os no est\u00e1n de acuerdo con la creaci\u00f3n de una tasa tur\u00edstica"},"content":{"rendered":"<p><strong>Madrid, 11 de julio de 2018.-<\/strong> En la <strong>Asociaci\u00f3n Empresarial Hotelera de Madrid<\/strong> (AEHM) <strong>no estamos de acuerdo con la creaci\u00f3n e implantaci\u00f3n de una tasa tur\u00edstica<\/strong> en la capital, ya que de esta forma se perjudicar\u00eda directamente al sector.<\/p>\n<p>En la AEHM consideramos que la medida anunciada este mi\u00e9rcoles por el delegado de Econom\u00eda y Hacienda, Jorge Garc\u00eda Casta\u00f1o, en el Pleno de Presupuestos <strong>afectar\u00eda negativamente a la industria tur\u00edstica en general y a los hoteleros en particular <\/strong>y adem\u00e1s frenar\u00eda el desarrollo econ\u00f3mico de Madrid.<\/p>\n<p>Los hoteleros madrile\u00f1os apostamos tanto por el desarrollo sostenible del destino como por un turismo de calidad, pero la tasa no es el mejor mecanismo para lograrlo. Por este motivo, <strong>rechazamos su creaci\u00f3n<\/strong> y seguiremos centrando nuestros esfuerzos en <strong>mejorar la calidad y los servicios de nuestra oferta hotelera<\/strong> con la finalidad de satisfacer las necesidades de los miles de turistas nacionales e internacionales que nos visitan cada a\u00f1o.<\/p>\n","protected":false},"excerpt":{"rendered":"<p>Madrid, 11 de julio de 2018.- En la Asociaci\u00f3n Empresarial Hotelera de Madrid (AEHM) no estamos de acuerdo con la creaci\u00f3n e implantaci\u00f3n de una tasa tur\u00edstica en la capital, ya que de esta forma se perjudicar\u00eda directamente al sector. En la AEHM consideramos que la medida anunciada este mi\u00e9rcoles por el delegado de Econom\u00eda [&hellip;]<\/p>\n","protected":false},"author":1,"featured_media":4285,"comment_status":"open","ping_status":"open","sticky":false,"template":"","format":"standard","meta":{"footnotes":""},"categories":[1],"tags":[],"class_list":["post-4262","post","type-post","status-publish","format-standard","has-post-thumbnail","hentry","category-actualidad-aehm"],"yoast_head":"<!-- This site is optimized with the Yoast SEO plugin v27.5 - https:\/\/yoast.com\/product\/yoast-seo-wordpress\/ -->\n<title>Los hoteleros madrile\u00f1os no est\u00e1n de acuerdo con la creaci\u00f3n de una tasa tur\u00edstica - AEHM<\/title>\n<meta name=\"description\" content=\"En AEHM consideramos que la medida anunciada por el delegado de Econom\u00eda y Hacienda, afectar\u00eda negativamente a la industria tur\u00edstica y a los hoteleros.\" \/>\n<meta name=\"robots\" content=\"index, follow, max-snippet:-1, max-image-preview:large, max-video-preview:-1\" \/>\n<link rel=\"canonical\" href=\"https:\/\/aehm.es\/los-hoteleros-madrilenos-no-estan-de-acuerdo-con-la-creacion-de-una-tasa-turistica\/\" \/>\n<meta property=\"og:locale\" content=\"en_US\" \/>\n<meta property=\"og:type\" content=\"article\" \/>\n<meta property=\"og:title\" content=\"Los hoteleros madrile\u00f1os no est\u00e1n de acuerdo con la creaci\u00f3n de una tasa tur\u00edstica - AEHM\" \/>\n<meta property=\"og:description\" content=\"En AEHM consideramos que la medida anunciada por el delegado de Econom\u00eda y Hacienda, afectar\u00eda negativamente a la industria tur\u00edstica y a los hoteleros.\" \/>\n<meta property=\"og:url\" content=\"https:\/\/aehm.es\/los-hoteleros-madrilenos-no-estan-de-acuerdo-con-la-creacion-de-una-tasa-turistica\/\" \/>\n<meta property=\"og:site_name\" content=\"AEHM\" \/>\n<meta property=\"article:publisher\" content=\"https:\/\/www.instagram.com\/hotelesdemadrid\/\" \/>\n<meta property=\"article:published_time\" content=\"2018-07-12T08:55:58+00:00\" \/>\n<meta property=\"og:image\" content=\"https:\/\/aehm.es\/wp-content\/uploads\/2018\/07\/turismo-madrid-oso-sol-1.jpg\" \/>\n\t<meta property=\"og:image:width\" content=\"1125\" \/>\n\t<meta property=\"og:image:height\" content=\"635\" \/>\n\t<meta property=\"og:image:type\" content=\"image\/jpeg\" \/>\n<meta name=\"author\" content=\"richard\" \/>\n<meta name=\"twitter:card\" content=\"summary_large_image\" \/>\n<meta name=\"twitter:creator\" content=\"@HotelesAEHM\" \/>\n<meta name=\"twitter:site\" content=\"@HotelesAEHM\" \/>\n<meta name=\"twitter:label1\" content=\"Written by\" \/>\n\t<meta name=\"twitter:data1\" content=\"richard\" \/>\n\t<meta name=\"twitter:label2\" content=\"Est. reading time\" \/>\n\t<meta name=\"twitter:data2\" content=\"1 minute\" \/>\n<script type=\"application\/ld+json\" class=\"yoast-schema-graph\">{\"@context\":\"https:\\\/\\\/schema.org\",\"@graph\":[{\"@type\":\"Article\",\"@id\":\"https:\\\/\\\/aehm.es\\\/los-hoteleros-madrilenos-no-estan-de-acuerdo-con-la-creacion-de-una-tasa-turistica\\\/#article\",\"isPartOf\":{\"@id\":\"https:\\\/\\\/aehm.es\\\/los-hoteleros-madrilenos-no-estan-de-acuerdo-con-la-creacion-de-una-tasa-turistica\\\/\"},\"author\":{\"name\":\"richard\",\"@id\":\"https:\\\/\\\/aehm.es\\\/#\\\/schema\\\/person\\\/ca1397f4b0bcee246b58a0278b67a95f\"},\"headline\":\"Los hoteleros madrile\u00f1os no est\u00e1n de acuerdo con la creaci\u00f3n de una tasa tur\u00edstica\",\"datePublished\":\"2018-07-12T08:55:58+00:00\",\"mainEntityOfPage\":{\"@id\":\"https:\\\/\\\/aehm.es\\\/los-hoteleros-madrilenos-no-estan-de-acuerdo-con-la-creacion-de-una-tasa-turistica\\\/\"},\"wordCount\":190,\"commentCount\":0,\"publisher\":{\"@id\":\"https:\\\/\\\/aehm.es\\\/#organization\"},\"image\":{\"@id\":\"https:\\\/\\\/aehm.es\\\/los-hoteleros-madrilenos-no-estan-de-acuerdo-con-la-creacion-de-una-tasa-turistica\\\/#primaryimage\"},\"thumbnailUrl\":\"https:\\\/\\\/aehm.es\\\/wp-content\\\/uploads\\\/2018\\\/07\\\/turismo-madrid-oso-sol-1.jpg\",\"articleSection\":[\"Actualidad AEHM\"],\"inLanguage\":\"en-US\",\"potentialAction\":[{\"@type\":\"CommentAction\",\"name\":\"Comment\",\"target\":[\"https:\\\/\\\/aehm.es\\\/los-hoteleros-madrilenos-no-estan-de-acuerdo-con-la-creacion-de-una-tasa-turistica\\\/#respond\"]}]},{\"@type\":\"WebPage\",\"@id\":\"https:\\\/\\\/aehm.es\\\/los-hoteleros-madrilenos-no-estan-de-acuerdo-con-la-creacion-de-una-tasa-turistica\\\/\",\"url\":\"https:\\\/\\\/aehm.es\\\/los-hoteleros-madrilenos-no-estan-de-acuerdo-con-la-creacion-de-una-tasa-turistica\\\/\",\"name\":\"Los hoteleros madrile\u00f1os no est\u00e1n de acuerdo con la creaci\u00f3n de una tasa tur\u00edstica - AEHM\",\"isPartOf\":{\"@id\":\"https:\\\/\\\/aehm.es\\\/#website\"},\"primaryImageOfPage\":{\"@id\":\"https:\\\/\\\/aehm.es\\\/los-hoteleros-madrilenos-no-estan-de-acuerdo-con-la-creacion-de-una-tasa-turistica\\\/#primaryimage\"},\"image\":{\"@id\":\"https:\\\/\\\/aehm.es\\\/los-hoteleros-madrilenos-no-estan-de-acuerdo-con-la-creacion-de-una-tasa-turistica\\\/#primaryimage\"},\"thumbnailUrl\":\"https:\\\/\\\/aehm.es\\\/wp-content\\\/uploads\\\/2018\\\/07\\\/turismo-madrid-oso-sol-1.jpg\",\"datePublished\":\"2018-07-12T08:55:58+00:00\",\"description\":\"En AEHM consideramos que la medida anunciada por el delegado de Econom\u00eda y Hacienda, afectar\u00eda negativamente a la industria tur\u00edstica y a los hoteleros.\",\"breadcrumb\":{\"@id\":\"https:\\\/\\\/aehm.es\\\/los-hoteleros-madrilenos-no-estan-de-acuerdo-con-la-creacion-de-una-tasa-turistica\\\/#breadcrumb\"},\"inLanguage\":\"en-US\",\"potentialAction\":[{\"@type\":\"ReadAction\",\"target\":[\"https:\\\/\\\/aehm.es\\\/los-hoteleros-madrilenos-no-estan-de-acuerdo-con-la-creacion-de-una-tasa-turistica\\\/\"]}]},{\"@type\":\"ImageObject\",\"inLanguage\":\"en-US\",\"@id\":\"https:\\\/\\\/aehm.es\\\/los-hoteleros-madrilenos-no-estan-de-acuerdo-con-la-creacion-de-una-tasa-turistica\\\/#primaryimage\",\"url\":\"https:\\\/\\\/aehm.es\\\/wp-content\\\/uploads\\\/2018\\\/07\\\/turismo-madrid-oso-sol-1.jpg\",\"contentUrl\":\"https:\\\/\\\/aehm.es\\\/wp-content\\\/uploads\\\/2018\\\/07\\\/turismo-madrid-oso-sol-1.jpg\",\"width\":1125,\"height\":635},{\"@type\":\"BreadcrumbList\",\"@id\":\"https:\\\/\\\/aehm.es\\\/los-hoteleros-madrilenos-no-estan-de-acuerdo-con-la-creacion-de-una-tasa-turistica\\\/#breadcrumb\",\"itemListElement\":[{\"@type\":\"ListItem\",\"position\":1,\"name\":\"Portada\",\"item\":\"https:\\\/\\\/aehm.es\\\/en\\\/\"},{\"@type\":\"ListItem\",\"position\":2,\"name\":\"Los hoteleros madrile\u00f1os no est\u00e1n de acuerdo con la creaci\u00f3n de una tasa tur\u00edstica\"}]},{\"@type\":\"WebSite\",\"@id\":\"https:\\\/\\\/aehm.es\\\/#website\",\"url\":\"https:\\\/\\\/aehm.es\\\/\",\"name\":\"Asociaci\u00f3n Empresarial Hotelera de Madrid\",\"description\":\"La Asociaci\u00f3n Empresarial Hotelera Madrid est\u00e1 formada por m\u00e1s de 300 establecimientos de todas las categor\u00edas y tipolog\u00edas (hoteles, hostales, hostels, apartamentos\u2026) que suman m\u00e1s de 75.000 plazas de alojamiento.\",\"publisher\":{\"@id\":\"https:\\\/\\\/aehm.es\\\/#organization\"},\"alternateName\":\"AEHM\",\"potentialAction\":[{\"@type\":\"SearchAction\",\"target\":{\"@type\":\"EntryPoint\",\"urlTemplate\":\"https:\\\/\\\/aehm.es\\\/?s={search_term_string}\"},\"query-input\":{\"@type\":\"PropertyValueSpecification\",\"valueRequired\":true,\"valueName\":\"search_term_string\"}}],\"inLanguage\":\"en-US\"},{\"@type\":\"Organization\",\"@id\":\"https:\\\/\\\/aehm.es\\\/#organization\",\"name\":\"Asociaci\u00f3n Empresarial Hotelera de Madrid\",\"url\":\"https:\\\/\\\/aehm.es\\\/\",\"logo\":{\"@type\":\"ImageObject\",\"inLanguage\":\"en-US\",\"@id\":\"https:\\\/\\\/aehm.es\\\/#\\\/schema\\\/logo\\\/image\\\/\",\"url\":\"https:\\\/\\\/aehm.es\\\/wp-content\\\/uploads\\\/2021\\\/11\\\/Logo_AEHM_Horiz.png\",\"contentUrl\":\"https:\\\/\\\/aehm.es\\\/wp-content\\\/uploads\\\/2021\\\/11\\\/Logo_AEHM_Horiz.png\",\"width\":600,\"height\":182,\"caption\":\"Asociaci\u00f3n Empresarial Hotelera de Madrid\"},\"image\":{\"@id\":\"https:\\\/\\\/aehm.es\\\/#\\\/schema\\\/logo\\\/image\\\/\"},\"sameAs\":[\"https:\\\/\\\/www.instagram.com\\\/hotelesdemadrid\\\/\",\"https:\\\/\\\/x.com\\\/HotelesAEHM\",\"https:\\\/\\\/www.linkedin.com\\\/company\\\/11166072\\\/\"]},{\"@type\":\"Person\",\"@id\":\"https:\\\/\\\/aehm.es\\\/#\\\/schema\\\/person\\\/ca1397f4b0bcee246b58a0278b67a95f\",\"name\":\"richard\",\"image\":{\"@type\":\"ImageObject\",\"inLanguage\":\"en-US\",\"@id\":\"https:\\\/\\\/secure.gravatar.com\\\/avatar\\\/dd2486a811ecc34bf766b7d8b17d0ea76674186c415867af39660e429e20e1a0?s=96&d=mm&r=g\",\"url\":\"https:\\\/\\\/secure.gravatar.com\\\/avatar\\\/dd2486a811ecc34bf766b7d8b17d0ea76674186c415867af39660e429e20e1a0?s=96&d=mm&r=g\",\"contentUrl\":\"https:\\\/\\\/secure.gravatar.com\\\/avatar\\\/dd2486a811ecc34bf766b7d8b17d0ea76674186c415867af39660e429e20e1a0?s=96&d=mm&r=g\",\"caption\":\"richard\"},\"url\":\"https:\\\/\\\/aehm.es\\\/en\\\/author\\\/richard\\\/\"}]}<\/script>\n<!-- \/ Yoast SEO plugin. -->","yoast_head_json":{"title":"Los hoteleros madrile\u00f1os no est\u00e1n de acuerdo con la creaci\u00f3n de una tasa tur\u00edstica - AEHM","description":"En AEHM consideramos que la medida anunciada por el delegado de Econom\u00eda y Hacienda, afectar\u00eda negativamente a la industria tur\u00edstica y a los hoteleros.","robots":{"index":"index","follow":"follow","max-snippet":"max-snippet:-1","max-image-preview":"max-image-preview:large","max-video-preview":"max-video-preview:-1"},"canonical":"https:\/\/aehm.es\/los-hoteleros-madrilenos-no-estan-de-acuerdo-con-la-creacion-de-una-tasa-turistica\/","og_locale":"en_US","og_type":"article","og_title":"Los hoteleros madrile\u00f1os no est\u00e1n de acuerdo con la creaci\u00f3n de una tasa tur\u00edstica - AEHM","og_description":"En AEHM consideramos que la medida anunciada por el delegado de Econom\u00eda y Hacienda, afectar\u00eda negativamente a la industria tur\u00edstica y a los hoteleros.","og_url":"https:\/\/aehm.es\/los-hoteleros-madrilenos-no-estan-de-acuerdo-con-la-creacion-de-una-tasa-turistica\/","og_site_name":"AEHM","article_publisher":"https:\/\/www.instagram.com\/hotelesdemadrid\/","article_published_time":"2018-07-12T08:55:58+00:00","og_image":[{"width":1125,"height":635,"url":"https:\/\/aehm.es\/wp-content\/uploads\/2018\/07\/turismo-madrid-oso-sol-1.jpg","type":"image\/jpeg"}],"author":"richard","twitter_card":"summary_large_image","twitter_creator":"@HotelesAEHM","twitter_site":"@HotelesAEHM","twitter_misc":{"Written by":"richard","Est. reading time":"1 minute"},"schema":{"@context":"https:\/\/schema.org","@graph":[{"@type":"Article","@id":"https:\/\/aehm.es\/los-hoteleros-madrilenos-no-estan-de-acuerdo-con-la-creacion-de-una-tasa-turistica\/#article","isPartOf":{"@id":"https:\/\/aehm.es\/los-hoteleros-madrilenos-no-estan-de-acuerdo-con-la-creacion-de-una-tasa-turistica\/"},"author":{"name":"richard","@id":"https:\/\/aehm.es\/#\/schema\/person\/ca1397f4b0bcee246b58a0278b67a95f"},"headline":"Los hoteleros madrile\u00f1os no est\u00e1n de acuerdo con la creaci\u00f3n de una tasa tur\u00edstica","datePublished":"2018-07-12T08:55:58+00:00","mainEntityOfPage":{"@id":"https:\/\/aehm.es\/los-hoteleros-madrilenos-no-estan-de-acuerdo-con-la-creacion-de-una-tasa-turistica\/"},"wordCount":190,"commentCount":0,"publisher":{"@id":"https:\/\/aehm.es\/#organization"},"image":{"@id":"https:\/\/aehm.es\/los-hoteleros-madrilenos-no-estan-de-acuerdo-con-la-creacion-de-una-tasa-turistica\/#primaryimage"},"thumbnailUrl":"https:\/\/aehm.es\/wp-content\/uploads\/2018\/07\/turismo-madrid-oso-sol-1.jpg","articleSection":["Actualidad AEHM"],"inLanguage":"en-US","potentialAction":[{"@type":"CommentAction","name":"Comment","target":["https:\/\/aehm.es\/los-hoteleros-madrilenos-no-estan-de-acuerdo-con-la-creacion-de-una-tasa-turistica\/#respond"]}]},{"@type":"WebPage","@id":"https:\/\/aehm.es\/los-hoteleros-madrilenos-no-estan-de-acuerdo-con-la-creacion-de-una-tasa-turistica\/","url":"https:\/\/aehm.es\/los-hoteleros-madrilenos-no-estan-de-acuerdo-con-la-creacion-de-una-tasa-turistica\/","name":"Los hoteleros madrile\u00f1os no est\u00e1n de acuerdo con la creaci\u00f3n de una tasa tur\u00edstica - AEHM","isPartOf":{"@id":"https:\/\/aehm.es\/#website"},"primaryImageOfPage":{"@id":"https:\/\/aehm.es\/los-hoteleros-madrilenos-no-estan-de-acuerdo-con-la-creacion-de-una-tasa-turistica\/#primaryimage"},"image":{"@id":"https:\/\/aehm.es\/los-hoteleros-madrilenos-no-estan-de-acuerdo-con-la-creacion-de-una-tasa-turistica\/#primaryimage"},"thumbnailUrl":"https:\/\/aehm.es\/wp-content\/uploads\/2018\/07\/turismo-madrid-oso-sol-1.jpg","datePublished":"2018-07-12T08:55:58+00:00","description":"En AEHM consideramos que la medida anunciada por el delegado de Econom\u00eda y Hacienda, afectar\u00eda negativamente a la industria tur\u00edstica y a los hoteleros.","breadcrumb":{"@id":"https:\/\/aehm.es\/los-hoteleros-madrilenos-no-estan-de-acuerdo-con-la-creacion-de-una-tasa-turistica\/#breadcrumb"},"inLanguage":"en-US","potentialAction":[{"@type":"ReadAction","target":["https:\/\/aehm.es\/los-hoteleros-madrilenos-no-estan-de-acuerdo-con-la-creacion-de-una-tasa-turistica\/"]}]},{"@type":"ImageObject","inLanguage":"en-US","@id":"https:\/\/aehm.es\/los-hoteleros-madrilenos-no-estan-de-acuerdo-con-la-creacion-de-una-tasa-turistica\/#primaryimage","url":"https:\/\/aehm.es\/wp-content\/uploads\/2018\/07\/turismo-madrid-oso-sol-1.jpg","contentUrl":"https:\/\/aehm.es\/wp-content\/uploads\/2018\/07\/turismo-madrid-oso-sol-1.jpg","width":1125,"height":635},{"@type":"BreadcrumbList","@id":"https:\/\/aehm.es\/los-hoteleros-madrilenos-no-estan-de-acuerdo-con-la-creacion-de-una-tasa-turistica\/#breadcrumb","itemListElement":[{"@type":"ListItem","position":1,"name":"Portada","item":"https:\/\/aehm.es\/en\/"},{"@type":"ListItem","position":2,"name":"Los hoteleros madrile\u00f1os no est\u00e1n de acuerdo con la creaci\u00f3n de una tasa tur\u00edstica"}]},{"@type":"WebSite","@id":"https:\/\/aehm.es\/#website","url":"https:\/\/aehm.es\/","name":"Asociaci\u00f3n Empresarial Hotelera de Madrid","description":"La Asociaci\u00f3n Empresarial Hotelera Madrid est\u00e1 formada por m\u00e1s de 300 establecimientos de todas las categor\u00edas y tipolog\u00edas (hoteles, hostales, hostels, apartamentos\u2026) que suman m\u00e1s de 75.000 plazas de alojamiento.","publisher":{"@id":"https:\/\/aehm.es\/#organization"},"alternateName":"AEHM","potentialAction":[{"@type":"SearchAction","target":{"@type":"EntryPoint","urlTemplate":"https:\/\/aehm.es\/?s={search_term_string}"},"query-input":{"@type":"PropertyValueSpecification","valueRequired":true,"valueName":"search_term_string"}}],"inLanguage":"en-US"},{"@type":"Organization","@id":"https:\/\/aehm.es\/#organization","name":"Asociaci\u00f3n Empresarial Hotelera de Madrid","url":"https:\/\/aehm.es\/","logo":{"@type":"ImageObject","inLanguage":"en-US","@id":"https:\/\/aehm.es\/#\/schema\/logo\/image\/","url":"https:\/\/aehm.es\/wp-content\/uploads\/2021\/11\/Logo_AEHM_Horiz.png","contentUrl":"https:\/\/aehm.es\/wp-content\/uploads\/2021\/11\/Logo_AEHM_Horiz.png","width":600,"height":182,"caption":"Asociaci\u00f3n Empresarial Hotelera de Madrid"},"image":{"@id":"https:\/\/aehm.es\/#\/schema\/logo\/image\/"},"sameAs":["https:\/\/www.instagram.com\/hotelesdemadrid\/","https:\/\/x.com\/HotelesAEHM","https:\/\/www.linkedin.com\/company\/11166072\/"]},{"@type":"Person","@id":"https:\/\/aehm.es\/#\/schema\/person\/ca1397f4b0bcee246b58a0278b67a95f","name":"richard","image":{"@type":"ImageObject","inLanguage":"en-US","@id":"https:\/\/secure.gravatar.com\/avatar\/dd2486a811ecc34bf766b7d8b17d0ea76674186c415867af39660e429e20e1a0?s=96&d=mm&r=g","url":"https:\/\/secure.gravatar.com\/avatar\/dd2486a811ecc34bf766b7d8b17d0ea76674186c415867af39660e429e20e1a0?s=96&d=mm&r=g","contentUrl":"https:\/\/secure.gravatar.com\/avatar\/dd2486a811ecc34bf766b7d8b17d0ea76674186c415867af39660e429e20e1a0?s=96&d=mm&r=g","caption":"richard"},"url":"https:\/\/aehm.es\/en\/author\/richard\/"}]}},"_links":{"self":[{"href":"https:\/\/aehm.es\/en\/wp-json\/wp\/v2\/posts\/4262","targetHints":{"allow":["GET"]}}],"collection":[{"href":"https:\/\/aehm.es\/en\/wp-json\/wp\/v2\/posts"}],"about":[{"href":"https:\/\/aehm.es\/en\/wp-json\/wp\/v2\/types\/post"}],"author":[{"embeddable":true,"href":"https:\/\/aehm.es\/en\/wp-json\/wp\/v2\/users\/1"}],"replies":[{"embeddable":true,"href":"https:\/\/aehm.es\/en\/wp-json\/wp\/v2\/comments?post=4262"}],"version-history":[{"count":0,"href":"https:\/\/aehm.es\/en\/wp-json\/wp\/v2\/posts\/4262\/revisions"}],"wp:featuredmedia":[{"embeddable":true,"href":"https:\/\/aehm.es\/en\/wp-json\/wp\/v2\/media\/4285"}],"wp:attachment":[{"href":"https:\/\/aehm.es\/en\/wp-json\/wp\/v2\/media?parent=4262"}],"wp:term":[{"taxonomy":"category","embeddable":true,"href":"https:\/\/aehm.es\/en\/wp-json\/wp\/v2\/categories?post=4262"},{"taxonomy":"post_tag","embeddable":true,"href":"https:\/\/aehm.es\/en\/wp-json\/wp\/v2\/tags?post=4262"}],"curies":[{"name":"wp","href":"https:\/\/api.w.org\/{rel}","templated":true}]}}