{"id":4050,"date":"2018-06-07T15:10:20","date_gmt":"2018-06-07T15:10:20","guid":{"rendered":"https:\/\/aehm.es\/?p=4050"},"modified":"2018-06-07T15:10:20","modified_gmt":"2018-06-07T15:10:20","slug":"los-hoteleros-madrilenos-senalan-que-el-plan-especial-de-hospedaje-del-ayuntamiento-sobre-las-viviendas-turisticas-parece-que-va-por-el-buen-camino","status":"publish","type":"post","link":"https:\/\/aehm.es\/en\/los-hoteleros-madrilenos-senalan-que-el-plan-especial-de-hospedaje-del-ayuntamiento-sobre-las-viviendas-turisticas-parece-que-va-por-el-buen-camino\/","title":{"rendered":"Los hoteleros madrile\u00f1os se\u00f1alan que el Plan Especial de Hospedaje del Ayuntamiento sobre las viviendas tur\u00edsticas \u201cparece que va por el buen camino\u201d"},"content":{"rendered":"<p>El presidente de la <strong>Asociaci\u00f3n Empresarial Hotelera de Madrid<\/strong>, Gabriel Garc\u00eda, ha declarado que el \u2018Plan Especial de Implantaci\u00f3n de Uso de Hospedaje\u2019 desarrollado por el Ayuntamiento para tratar de frenar el crecimiento descontrolado de las viviendas de alquiler de uso tur\u00edstico (VUT) en la capital <em>\u201cparece que va por el buen camino\u201d<\/em>. As\u00ed lo ha se\u00f1alado durante su intervenci\u00f3n en la mesa redonda \u2018Turistas Go Home?\u2019 organizada por el Ayuntamiento de Madrid y el Colegio Oficial de Arquitectos de Madrid (COAM) en la que han participado representantes del Consistorio de Madrid y Barcelona, de asociaciones vecinales y de plataformas de viviendas de alquiler de uso tur\u00edstico.<\/p>\n<p>Adem\u00e1s, en este encuentro Garc\u00eda ha a\u00f1adido que el sector hotelero considera <em>\u201cmuy importante la puesta en marcha de esta normativa\u201d<\/em> para tratar de frenar la subida del precio de los alquileres y seguir manteniendo a Madrid como destino tur\u00edstico de inter\u00e9s.<\/p>\n<p><em>\u201cA trav\u00e9s de esta medida, el Ayuntamiento est\u00e1 demostrando que es sensible con la problem\u00e1tica de las VUT, ya que esta oferta no reglada perjudica el modelo de turismo sostenible que defendemos desde el sector hotelero y atenta contra el modelo de convivencia ciudadana\u201d<\/em>, ha recalcado.<\/p>\n<figure id=\"attachment_4056\" aria-describedby=\"caption-attachment-4056\" style=\"width: 671px\" class=\"wp-caption aligncenter\"><img fetchpriority=\"high\" decoding=\"async\" class=\"wp-image-4056 size-full\" src=\"https:\/\/aehm.es\/wp-content\/uploads\/2018\/06\/AEHM-COAM.jpg\" alt=\"\" width=\"671\" height=\"418\" \/><figcaption id=\"caption-attachment-4056\" class=\"wp-caption-text\">De izquierda a derecha: Sergio Vinay (Responsable de Pol\u00edticas P\u00fablicas Airbnb), Janet Sanz (Regidora de Urbanismo, Ecolog\u00eda y Movilidad del Ayuntamiento de Barcelona), Jos\u00e9 Manuel Calvo del Olmo (Delegado \u00c1rea de Gobierno de Desarrollo Urbano Sostenible del Ayuntamiento de Madrid), Jos\u00e9 Mar\u00eda Ezquiaga (Decano Colegio Oficial de Arquitectos de Madrid), Leticia Garcia (Representante FRAVM) y Gabriel Garc\u00eda (Presidente AEHM).<\/figcaption><\/figure>\n<p>No obstante, el presidente de los hoteleros madrile\u00f1os ha mostrado ciertas reticencias ante dos medidas contempladas en este plan: el l\u00edmite de 90 d\u00edas de alquiler para que las VUT sean consideradas actividad econ\u00f3mica y el fuerte tratamiento restrictivo que aplicar\u00e1 el Consistorio tambi\u00e9n sobre la actividad hotelera de la capital. Respecto a este \u00faltimo punto, el presidente de la AEHM ha querido recordar que \u201c<em>el sector ya cumple con m\u00e1s de 400 normas para garantizar los est\u00e1ndares de seguridad, calidad y accesibilidad con el objetivo de salvaguardar los derechos de nuestros clientes y, por supuesto, respetando al m\u00e1ximo el Plan de Ordenaci\u00f3n Urbana\u201d.<\/em><\/p>\n<p><em>\u201cA los hoteleros nos gustar\u00eda conocer las medidas que implementar\u00e1 el Ayuntamiento para controlar las VUT, dado que implicar\u00eda poner en marcha un sistema muy potente de inspecciones para controlar su actividad y garantizar que cumplen la normativa y salvaguardan los derechos de los turistas<\/em>\u201d, ha concluido.<\/p>\n","protected":false},"excerpt":{"rendered":"<p>El presidente de la Asociaci\u00f3n Empresarial Hotelera de Madrid, Gabriel Garc\u00eda, ha declarado que el \u2018Plan Especial de Implantaci\u00f3n de Uso de Hospedaje\u2019 desarrollado por el Ayuntamiento para tratar de frenar el crecimiento descontrolado de las viviendas de alquiler de uso tur\u00edstico (VUT) en la capital \u201cparece que va por el buen camino\u201d. As\u00ed lo [&hellip;]<\/p>\n","protected":false},"author":1,"featured_media":4067,"comment_status":"open","ping_status":"open","sticky":false,"template":"","format":"standard","meta":{"footnotes":""},"categories":[1],"tags":[],"class_list":["post-4050","post","type-post","status-publish","format-standard","has-post-thumbnail","hentry","category-actualidad-aehm"],"yoast_head":"<!-- This site is optimized with the Yoast SEO plugin v27.5 - https:\/\/yoast.com\/product\/yoast-seo-wordpress\/ -->\n<title>Los hoteleros madrile\u00f1os se\u00f1alan que el Plan Especial de Hospedaje del Ayuntamiento sobre las viviendas tur\u00edsticas \u201cparece que va por el buen camino\u201d - AEHM<\/title>\n<meta name=\"description\" content=\"El presidente de la Asociaci\u00f3n Empresarial Hotelera de Madrid, Gabriel Garc\u00eda, ha declarado que el \u2018Plan Especial de Implantaci\u00f3n de Uso de Hospedaje\u2019 sobre las viviendas de alquiler de uso tur\u00edstico (VUT) desarrollado por el Ayuntamiento, \u201cparece que va por el buen camino\u201d.\" \/>\n<meta name=\"robots\" content=\"index, follow, max-snippet:-1, max-image-preview:large, max-video-preview:-1\" \/>\n<link rel=\"canonical\" href=\"https:\/\/aehm.es\/los-hoteleros-madrilenos-senalan-que-el-plan-especial-de-hospedaje-del-ayuntamiento-sobre-las-viviendas-turisticas-parece-que-va-por-el-buen-camino\/\" \/>\n<meta property=\"og:locale\" content=\"en_US\" \/>\n<meta property=\"og:type\" content=\"article\" \/>\n<meta property=\"og:title\" content=\"Los hoteleros madrile\u00f1os se\u00f1alan que el Plan Especial de Hospedaje del Ayuntamiento sobre las viviendas tur\u00edsticas \u201cparece que va por el buen camino\u201d - AEHM\" \/>\n<meta property=\"og:description\" content=\"El presidente de la Asociaci\u00f3n Empresarial Hotelera de Madrid, Gabriel Garc\u00eda, ha declarado que el \u2018Plan Especial de Implantaci\u00f3n de Uso de Hospedaje\u2019 sobre las viviendas de alquiler de uso tur\u00edstico (VUT) desarrollado por el Ayuntamiento, \u201cparece que va por el buen camino\u201d.\" \/>\n<meta property=\"og:url\" content=\"https:\/\/aehm.es\/los-hoteleros-madrilenos-senalan-que-el-plan-especial-de-hospedaje-del-ayuntamiento-sobre-las-viviendas-turisticas-parece-que-va-por-el-buen-camino\/\" \/>\n<meta property=\"og:site_name\" content=\"AEHM\" \/>\n<meta property=\"article:publisher\" content=\"https:\/\/www.instagram.com\/hotelesdemadrid\/\" \/>\n<meta property=\"article:published_time\" content=\"2018-06-07T15:10:20+00:00\" \/>\n<meta property=\"og:image\" content=\"https:\/\/aehm.es\/wp-content\/uploads\/2018\/06\/AEHM-habla-sobre-el-plan-del-ayuntamiento-sobre-las-VUT-en-el-COAM-1.jpg\" \/>\n\t<meta property=\"og:image:width\" content=\"1200\" \/>\n\t<meta property=\"og:image:height\" content=\"900\" \/>\n\t<meta property=\"og:image:type\" content=\"image\/jpeg\" \/>\n<meta name=\"author\" content=\"richard\" \/>\n<meta name=\"twitter:card\" content=\"summary_large_image\" \/>\n<meta name=\"twitter:creator\" content=\"@HotelesAEHM\" \/>\n<meta name=\"twitter:site\" content=\"@HotelesAEHM\" \/>\n<meta name=\"twitter:label1\" content=\"Written by\" \/>\n\t<meta name=\"twitter:data1\" content=\"richard\" \/>\n\t<meta name=\"twitter:label2\" content=\"Est. reading time\" \/>\n\t<meta name=\"twitter:data2\" content=\"2 minutes\" \/>\n<script type=\"application\/ld+json\" class=\"yoast-schema-graph\">{\"@context\":\"https:\\\/\\\/schema.org\",\"@graph\":[{\"@type\":\"Article\",\"@id\":\"https:\\\/\\\/aehm.es\\\/los-hoteleros-madrilenos-senalan-que-el-plan-especial-de-hospedaje-del-ayuntamiento-sobre-las-viviendas-turisticas-parece-que-va-por-el-buen-camino\\\/#article\",\"isPartOf\":{\"@id\":\"https:\\\/\\\/aehm.es\\\/los-hoteleros-madrilenos-senalan-que-el-plan-especial-de-hospedaje-del-ayuntamiento-sobre-las-viviendas-turisticas-parece-que-va-por-el-buen-camino\\\/\"},\"author\":{\"name\":\"richard\",\"@id\":\"https:\\\/\\\/aehm.es\\\/#\\\/schema\\\/person\\\/ca1397f4b0bcee246b58a0278b67a95f\"},\"headline\":\"Los hoteleros madrile\u00f1os se\u00f1alan que el Plan Especial de Hospedaje del Ayuntamiento sobre las viviendas tur\u00edsticas \u201cparece que va por el buen camino\u201d\",\"datePublished\":\"2018-06-07T15:10:20+00:00\",\"mainEntityOfPage\":{\"@id\":\"https:\\\/\\\/aehm.es\\\/los-hoteleros-madrilenos-senalan-que-el-plan-especial-de-hospedaje-del-ayuntamiento-sobre-las-viviendas-turisticas-parece-que-va-por-el-buen-camino\\\/\"},\"wordCount\":466,\"commentCount\":0,\"publisher\":{\"@id\":\"https:\\\/\\\/aehm.es\\\/#organization\"},\"image\":{\"@id\":\"https:\\\/\\\/aehm.es\\\/los-hoteleros-madrilenos-senalan-que-el-plan-especial-de-hospedaje-del-ayuntamiento-sobre-las-viviendas-turisticas-parece-que-va-por-el-buen-camino\\\/#primaryimage\"},\"thumbnailUrl\":\"https:\\\/\\\/aehm.es\\\/wp-content\\\/uploads\\\/2018\\\/06\\\/AEHM-habla-sobre-el-plan-del-ayuntamiento-sobre-las-VUT-en-el-COAM-1.jpg\",\"articleSection\":[\"Actualidad AEHM\"],\"inLanguage\":\"en-US\",\"potentialAction\":[{\"@type\":\"CommentAction\",\"name\":\"Comment\",\"target\":[\"https:\\\/\\\/aehm.es\\\/los-hoteleros-madrilenos-senalan-que-el-plan-especial-de-hospedaje-del-ayuntamiento-sobre-las-viviendas-turisticas-parece-que-va-por-el-buen-camino\\\/#respond\"]}]},{\"@type\":\"WebPage\",\"@id\":\"https:\\\/\\\/aehm.es\\\/los-hoteleros-madrilenos-senalan-que-el-plan-especial-de-hospedaje-del-ayuntamiento-sobre-las-viviendas-turisticas-parece-que-va-por-el-buen-camino\\\/\",\"url\":\"https:\\\/\\\/aehm.es\\\/los-hoteleros-madrilenos-senalan-que-el-plan-especial-de-hospedaje-del-ayuntamiento-sobre-las-viviendas-turisticas-parece-que-va-por-el-buen-camino\\\/\",\"name\":\"Los hoteleros madrile\u00f1os se\u00f1alan que el Plan Especial de Hospedaje del Ayuntamiento sobre las viviendas tur\u00edsticas \u201cparece que va por el buen camino\u201d - AEHM\",\"isPartOf\":{\"@id\":\"https:\\\/\\\/aehm.es\\\/#website\"},\"primaryImageOfPage\":{\"@id\":\"https:\\\/\\\/aehm.es\\\/los-hoteleros-madrilenos-senalan-que-el-plan-especial-de-hospedaje-del-ayuntamiento-sobre-las-viviendas-turisticas-parece-que-va-por-el-buen-camino\\\/#primaryimage\"},\"image\":{\"@id\":\"https:\\\/\\\/aehm.es\\\/los-hoteleros-madrilenos-senalan-que-el-plan-especial-de-hospedaje-del-ayuntamiento-sobre-las-viviendas-turisticas-parece-que-va-por-el-buen-camino\\\/#primaryimage\"},\"thumbnailUrl\":\"https:\\\/\\\/aehm.es\\\/wp-content\\\/uploads\\\/2018\\\/06\\\/AEHM-habla-sobre-el-plan-del-ayuntamiento-sobre-las-VUT-en-el-COAM-1.jpg\",\"datePublished\":\"2018-06-07T15:10:20+00:00\",\"description\":\"El presidente de la Asociaci\u00f3n Empresarial Hotelera de Madrid, Gabriel Garc\u00eda, ha declarado que el \u2018Plan Especial de Implantaci\u00f3n de Uso de Hospedaje\u2019 sobre las viviendas de alquiler de uso tur\u00edstico (VUT) desarrollado por el Ayuntamiento, \u201cparece que va por el buen camino\u201d.\",\"breadcrumb\":{\"@id\":\"https:\\\/\\\/aehm.es\\\/los-hoteleros-madrilenos-senalan-que-el-plan-especial-de-hospedaje-del-ayuntamiento-sobre-las-viviendas-turisticas-parece-que-va-por-el-buen-camino\\\/#breadcrumb\"},\"inLanguage\":\"en-US\",\"potentialAction\":[{\"@type\":\"ReadAction\",\"target\":[\"https:\\\/\\\/aehm.es\\\/los-hoteleros-madrilenos-senalan-que-el-plan-especial-de-hospedaje-del-ayuntamiento-sobre-las-viviendas-turisticas-parece-que-va-por-el-buen-camino\\\/\"]}]},{\"@type\":\"ImageObject\",\"inLanguage\":\"en-US\",\"@id\":\"https:\\\/\\\/aehm.es\\\/los-hoteleros-madrilenos-senalan-que-el-plan-especial-de-hospedaje-del-ayuntamiento-sobre-las-viviendas-turisticas-parece-que-va-por-el-buen-camino\\\/#primaryimage\",\"url\":\"https:\\\/\\\/aehm.es\\\/wp-content\\\/uploads\\\/2018\\\/06\\\/AEHM-habla-sobre-el-plan-del-ayuntamiento-sobre-las-VUT-en-el-COAM-1.jpg\",\"contentUrl\":\"https:\\\/\\\/aehm.es\\\/wp-content\\\/uploads\\\/2018\\\/06\\\/AEHM-habla-sobre-el-plan-del-ayuntamiento-sobre-las-VUT-en-el-COAM-1.jpg\",\"width\":1200,\"height\":900,\"caption\":\"AEHM afirma que el \u2018Plan Especial de Implantaci\u00f3n de Uso de Hospedaje\u2019 va por buen camino\"},{\"@type\":\"BreadcrumbList\",\"@id\":\"https:\\\/\\\/aehm.es\\\/los-hoteleros-madrilenos-senalan-que-el-plan-especial-de-hospedaje-del-ayuntamiento-sobre-las-viviendas-turisticas-parece-que-va-por-el-buen-camino\\\/#breadcrumb\",\"itemListElement\":[{\"@type\":\"ListItem\",\"position\":1,\"name\":\"Portada\",\"item\":\"https:\\\/\\\/aehm.es\\\/en\\\/\"},{\"@type\":\"ListItem\",\"position\":2,\"name\":\"Los hoteleros madrile\u00f1os se\u00f1alan que el Plan Especial de Hospedaje del Ayuntamiento sobre las viviendas tur\u00edsticas \u201cparece que va por el buen camino\u201d\"}]},{\"@type\":\"WebSite\",\"@id\":\"https:\\\/\\\/aehm.es\\\/#website\",\"url\":\"https:\\\/\\\/aehm.es\\\/\",\"name\":\"Asociaci\u00f3n Empresarial Hotelera de Madrid\",\"description\":\"La Asociaci\u00f3n Empresarial Hotelera Madrid est\u00e1 formada por m\u00e1s de 300 establecimientos de todas las categor\u00edas y tipolog\u00edas (hoteles, hostales, hostels, apartamentos\u2026) que suman m\u00e1s de 75.000 plazas de alojamiento.\",\"publisher\":{\"@id\":\"https:\\\/\\\/aehm.es\\\/#organization\"},\"alternateName\":\"AEHM\",\"potentialAction\":[{\"@type\":\"SearchAction\",\"target\":{\"@type\":\"EntryPoint\",\"urlTemplate\":\"https:\\\/\\\/aehm.es\\\/?s={search_term_string}\"},\"query-input\":{\"@type\":\"PropertyValueSpecification\",\"valueRequired\":true,\"valueName\":\"search_term_string\"}}],\"inLanguage\":\"en-US\"},{\"@type\":\"Organization\",\"@id\":\"https:\\\/\\\/aehm.es\\\/#organization\",\"name\":\"Asociaci\u00f3n Empresarial Hotelera de Madrid\",\"url\":\"https:\\\/\\\/aehm.es\\\/\",\"logo\":{\"@type\":\"ImageObject\",\"inLanguage\":\"en-US\",\"@id\":\"https:\\\/\\\/aehm.es\\\/#\\\/schema\\\/logo\\\/image\\\/\",\"url\":\"https:\\\/\\\/aehm.es\\\/wp-content\\\/uploads\\\/2021\\\/11\\\/Logo_AEHM_Horiz.png\",\"contentUrl\":\"https:\\\/\\\/aehm.es\\\/wp-content\\\/uploads\\\/2021\\\/11\\\/Logo_AEHM_Horiz.png\",\"width\":600,\"height\":182,\"caption\":\"Asociaci\u00f3n Empresarial Hotelera de Madrid\"},\"image\":{\"@id\":\"https:\\\/\\\/aehm.es\\\/#\\\/schema\\\/logo\\\/image\\\/\"},\"sameAs\":[\"https:\\\/\\\/www.instagram.com\\\/hotelesdemadrid\\\/\",\"https:\\\/\\\/x.com\\\/HotelesAEHM\",\"https:\\\/\\\/www.linkedin.com\\\/company\\\/11166072\\\/\"]},{\"@type\":\"Person\",\"@id\":\"https:\\\/\\\/aehm.es\\\/#\\\/schema\\\/person\\\/ca1397f4b0bcee246b58a0278b67a95f\",\"name\":\"richard\",\"image\":{\"@type\":\"ImageObject\",\"inLanguage\":\"en-US\",\"@id\":\"https:\\\/\\\/secure.gravatar.com\\\/avatar\\\/dd2486a811ecc34bf766b7d8b17d0ea76674186c415867af39660e429e20e1a0?s=96&d=mm&r=g\",\"url\":\"https:\\\/\\\/secure.gravatar.com\\\/avatar\\\/dd2486a811ecc34bf766b7d8b17d0ea76674186c415867af39660e429e20e1a0?s=96&d=mm&r=g\",\"contentUrl\":\"https:\\\/\\\/secure.gravatar.com\\\/avatar\\\/dd2486a811ecc34bf766b7d8b17d0ea76674186c415867af39660e429e20e1a0?s=96&d=mm&r=g\",\"caption\":\"richard\"},\"url\":\"https:\\\/\\\/aehm.es\\\/en\\\/author\\\/richard\\\/\"}]}<\/script>\n<!-- \/ Yoast SEO plugin. -->","yoast_head_json":{"title":"Los hoteleros madrile\u00f1os se\u00f1alan que el Plan Especial de Hospedaje del Ayuntamiento sobre las viviendas tur\u00edsticas \u201cparece que va por el buen camino\u201d - AEHM","description":"El presidente de la Asociaci\u00f3n Empresarial Hotelera de Madrid, Gabriel Garc\u00eda, ha declarado que el \u2018Plan Especial de Implantaci\u00f3n de Uso de Hospedaje\u2019 sobre las viviendas de alquiler de uso tur\u00edstico (VUT) desarrollado por el Ayuntamiento, \u201cparece que va por el buen camino\u201d.","robots":{"index":"index","follow":"follow","max-snippet":"max-snippet:-1","max-image-preview":"max-image-preview:large","max-video-preview":"max-video-preview:-1"},"canonical":"https:\/\/aehm.es\/los-hoteleros-madrilenos-senalan-que-el-plan-especial-de-hospedaje-del-ayuntamiento-sobre-las-viviendas-turisticas-parece-que-va-por-el-buen-camino\/","og_locale":"en_US","og_type":"article","og_title":"Los hoteleros madrile\u00f1os se\u00f1alan que el Plan Especial de Hospedaje del Ayuntamiento sobre las viviendas tur\u00edsticas \u201cparece que va por el buen camino\u201d - AEHM","og_description":"El presidente de la Asociaci\u00f3n Empresarial Hotelera de Madrid, Gabriel Garc\u00eda, ha declarado que el \u2018Plan Especial de Implantaci\u00f3n de Uso de Hospedaje\u2019 sobre las viviendas de alquiler de uso tur\u00edstico (VUT) desarrollado por el Ayuntamiento, \u201cparece que va por el buen camino\u201d.","og_url":"https:\/\/aehm.es\/los-hoteleros-madrilenos-senalan-que-el-plan-especial-de-hospedaje-del-ayuntamiento-sobre-las-viviendas-turisticas-parece-que-va-por-el-buen-camino\/","og_site_name":"AEHM","article_publisher":"https:\/\/www.instagram.com\/hotelesdemadrid\/","article_published_time":"2018-06-07T15:10:20+00:00","og_image":[{"width":1200,"height":900,"url":"https:\/\/aehm.es\/wp-content\/uploads\/2018\/06\/AEHM-habla-sobre-el-plan-del-ayuntamiento-sobre-las-VUT-en-el-COAM-1.jpg","type":"image\/jpeg"}],"author":"richard","twitter_card":"summary_large_image","twitter_creator":"@HotelesAEHM","twitter_site":"@HotelesAEHM","twitter_misc":{"Written by":"richard","Est. reading time":"2 minutes"},"schema":{"@context":"https:\/\/schema.org","@graph":[{"@type":"Article","@id":"https:\/\/aehm.es\/los-hoteleros-madrilenos-senalan-que-el-plan-especial-de-hospedaje-del-ayuntamiento-sobre-las-viviendas-turisticas-parece-que-va-por-el-buen-camino\/#article","isPartOf":{"@id":"https:\/\/aehm.es\/los-hoteleros-madrilenos-senalan-que-el-plan-especial-de-hospedaje-del-ayuntamiento-sobre-las-viviendas-turisticas-parece-que-va-por-el-buen-camino\/"},"author":{"name":"richard","@id":"https:\/\/aehm.es\/#\/schema\/person\/ca1397f4b0bcee246b58a0278b67a95f"},"headline":"Los hoteleros madrile\u00f1os se\u00f1alan que el Plan Especial de Hospedaje del Ayuntamiento sobre las viviendas tur\u00edsticas \u201cparece que va por el buen camino\u201d","datePublished":"2018-06-07T15:10:20+00:00","mainEntityOfPage":{"@id":"https:\/\/aehm.es\/los-hoteleros-madrilenos-senalan-que-el-plan-especial-de-hospedaje-del-ayuntamiento-sobre-las-viviendas-turisticas-parece-que-va-por-el-buen-camino\/"},"wordCount":466,"commentCount":0,"publisher":{"@id":"https:\/\/aehm.es\/#organization"},"image":{"@id":"https:\/\/aehm.es\/los-hoteleros-madrilenos-senalan-que-el-plan-especial-de-hospedaje-del-ayuntamiento-sobre-las-viviendas-turisticas-parece-que-va-por-el-buen-camino\/#primaryimage"},"thumbnailUrl":"https:\/\/aehm.es\/wp-content\/uploads\/2018\/06\/AEHM-habla-sobre-el-plan-del-ayuntamiento-sobre-las-VUT-en-el-COAM-1.jpg","articleSection":["Actualidad AEHM"],"inLanguage":"en-US","potentialAction":[{"@type":"CommentAction","name":"Comment","target":["https:\/\/aehm.es\/los-hoteleros-madrilenos-senalan-que-el-plan-especial-de-hospedaje-del-ayuntamiento-sobre-las-viviendas-turisticas-parece-que-va-por-el-buen-camino\/#respond"]}]},{"@type":"WebPage","@id":"https:\/\/aehm.es\/los-hoteleros-madrilenos-senalan-que-el-plan-especial-de-hospedaje-del-ayuntamiento-sobre-las-viviendas-turisticas-parece-que-va-por-el-buen-camino\/","url":"https:\/\/aehm.es\/los-hoteleros-madrilenos-senalan-que-el-plan-especial-de-hospedaje-del-ayuntamiento-sobre-las-viviendas-turisticas-parece-que-va-por-el-buen-camino\/","name":"Los hoteleros madrile\u00f1os se\u00f1alan que el Plan Especial de Hospedaje del Ayuntamiento sobre las viviendas tur\u00edsticas \u201cparece que va por el buen camino\u201d - AEHM","isPartOf":{"@id":"https:\/\/aehm.es\/#website"},"primaryImageOfPage":{"@id":"https:\/\/aehm.es\/los-hoteleros-madrilenos-senalan-que-el-plan-especial-de-hospedaje-del-ayuntamiento-sobre-las-viviendas-turisticas-parece-que-va-por-el-buen-camino\/#primaryimage"},"image":{"@id":"https:\/\/aehm.es\/los-hoteleros-madrilenos-senalan-que-el-plan-especial-de-hospedaje-del-ayuntamiento-sobre-las-viviendas-turisticas-parece-que-va-por-el-buen-camino\/#primaryimage"},"thumbnailUrl":"https:\/\/aehm.es\/wp-content\/uploads\/2018\/06\/AEHM-habla-sobre-el-plan-del-ayuntamiento-sobre-las-VUT-en-el-COAM-1.jpg","datePublished":"2018-06-07T15:10:20+00:00","description":"El presidente de la Asociaci\u00f3n Empresarial Hotelera de Madrid, Gabriel Garc\u00eda, ha declarado que el \u2018Plan Especial de Implantaci\u00f3n de Uso de Hospedaje\u2019 sobre las viviendas de alquiler de uso tur\u00edstico (VUT) desarrollado por el Ayuntamiento, \u201cparece que va por el buen camino\u201d.","breadcrumb":{"@id":"https:\/\/aehm.es\/los-hoteleros-madrilenos-senalan-que-el-plan-especial-de-hospedaje-del-ayuntamiento-sobre-las-viviendas-turisticas-parece-que-va-por-el-buen-camino\/#breadcrumb"},"inLanguage":"en-US","potentialAction":[{"@type":"ReadAction","target":["https:\/\/aehm.es\/los-hoteleros-madrilenos-senalan-que-el-plan-especial-de-hospedaje-del-ayuntamiento-sobre-las-viviendas-turisticas-parece-que-va-por-el-buen-camino\/"]}]},{"@type":"ImageObject","inLanguage":"en-US","@id":"https:\/\/aehm.es\/los-hoteleros-madrilenos-senalan-que-el-plan-especial-de-hospedaje-del-ayuntamiento-sobre-las-viviendas-turisticas-parece-que-va-por-el-buen-camino\/#primaryimage","url":"https:\/\/aehm.es\/wp-content\/uploads\/2018\/06\/AEHM-habla-sobre-el-plan-del-ayuntamiento-sobre-las-VUT-en-el-COAM-1.jpg","contentUrl":"https:\/\/aehm.es\/wp-content\/uploads\/2018\/06\/AEHM-habla-sobre-el-plan-del-ayuntamiento-sobre-las-VUT-en-el-COAM-1.jpg","width":1200,"height":900,"caption":"AEHM afirma que el \u2018Plan Especial de Implantaci\u00f3n de Uso de Hospedaje\u2019 va por buen camino"},{"@type":"BreadcrumbList","@id":"https:\/\/aehm.es\/los-hoteleros-madrilenos-senalan-que-el-plan-especial-de-hospedaje-del-ayuntamiento-sobre-las-viviendas-turisticas-parece-que-va-por-el-buen-camino\/#breadcrumb","itemListElement":[{"@type":"ListItem","position":1,"name":"Portada","item":"https:\/\/aehm.es\/en\/"},{"@type":"ListItem","position":2,"name":"Los hoteleros madrile\u00f1os se\u00f1alan que el Plan Especial de Hospedaje del Ayuntamiento sobre las viviendas tur\u00edsticas \u201cparece que va por el buen camino\u201d"}]},{"@type":"WebSite","@id":"https:\/\/aehm.es\/#website","url":"https:\/\/aehm.es\/","name":"Asociaci\u00f3n Empresarial Hotelera de Madrid","description":"La Asociaci\u00f3n Empresarial Hotelera Madrid est\u00e1 formada por m\u00e1s de 300 establecimientos de todas las categor\u00edas y tipolog\u00edas (hoteles, hostales, hostels, apartamentos\u2026) que suman m\u00e1s de 75.000 plazas de alojamiento.","publisher":{"@id":"https:\/\/aehm.es\/#organization"},"alternateName":"AEHM","potentialAction":[{"@type":"SearchAction","target":{"@type":"EntryPoint","urlTemplate":"https:\/\/aehm.es\/?s={search_term_string}"},"query-input":{"@type":"PropertyValueSpecification","valueRequired":true,"valueName":"search_term_string"}}],"inLanguage":"en-US"},{"@type":"Organization","@id":"https:\/\/aehm.es\/#organization","name":"Asociaci\u00f3n Empresarial Hotelera de Madrid","url":"https:\/\/aehm.es\/","logo":{"@type":"ImageObject","inLanguage":"en-US","@id":"https:\/\/aehm.es\/#\/schema\/logo\/image\/","url":"https:\/\/aehm.es\/wp-content\/uploads\/2021\/11\/Logo_AEHM_Horiz.png","contentUrl":"https:\/\/aehm.es\/wp-content\/uploads\/2021\/11\/Logo_AEHM_Horiz.png","width":600,"height":182,"caption":"Asociaci\u00f3n Empresarial Hotelera de Madrid"},"image":{"@id":"https:\/\/aehm.es\/#\/schema\/logo\/image\/"},"sameAs":["https:\/\/www.instagram.com\/hotelesdemadrid\/","https:\/\/x.com\/HotelesAEHM","https:\/\/www.linkedin.com\/company\/11166072\/"]},{"@type":"Person","@id":"https:\/\/aehm.es\/#\/schema\/person\/ca1397f4b0bcee246b58a0278b67a95f","name":"richard","image":{"@type":"ImageObject","inLanguage":"en-US","@id":"https:\/\/secure.gravatar.com\/avatar\/dd2486a811ecc34bf766b7d8b17d0ea76674186c415867af39660e429e20e1a0?s=96&d=mm&r=g","url":"https:\/\/secure.gravatar.com\/avatar\/dd2486a811ecc34bf766b7d8b17d0ea76674186c415867af39660e429e20e1a0?s=96&d=mm&r=g","contentUrl":"https:\/\/secure.gravatar.com\/avatar\/dd2486a811ecc34bf766b7d8b17d0ea76674186c415867af39660e429e20e1a0?s=96&d=mm&r=g","caption":"richard"},"url":"https:\/\/aehm.es\/en\/author\/richard\/"}]}},"_links":{"self":[{"href":"https:\/\/aehm.es\/en\/wp-json\/wp\/v2\/posts\/4050","targetHints":{"allow":["GET"]}}],"collection":[{"href":"https:\/\/aehm.es\/en\/wp-json\/wp\/v2\/posts"}],"about":[{"href":"https:\/\/aehm.es\/en\/wp-json\/wp\/v2\/types\/post"}],"author":[{"embeddable":true,"href":"https:\/\/aehm.es\/en\/wp-json\/wp\/v2\/users\/1"}],"replies":[{"embeddable":true,"href":"https:\/\/aehm.es\/en\/wp-json\/wp\/v2\/comments?post=4050"}],"version-history":[{"count":0,"href":"https:\/\/aehm.es\/en\/wp-json\/wp\/v2\/posts\/4050\/revisions"}],"wp:featuredmedia":[{"embeddable":true,"href":"https:\/\/aehm.es\/en\/wp-json\/wp\/v2\/media\/4067"}],"wp:attachment":[{"href":"https:\/\/aehm.es\/en\/wp-json\/wp\/v2\/media?parent=4050"}],"wp:term":[{"taxonomy":"category","embeddable":true,"href":"https:\/\/aehm.es\/en\/wp-json\/wp\/v2\/categories?post=4050"},{"taxonomy":"post_tag","embeddable":true,"href":"https:\/\/aehm.es\/en\/wp-json\/wp\/v2\/tags?post=4050"}],"curies":[{"name":"wp","href":"https:\/\/api.w.org\/{rel}","templated":true}]}}