{"id":3563,"date":"2018-03-01T10:43:33","date_gmt":"2018-03-01T10:43:33","guid":{"rendered":"https:\/\/aehm.es\/?p=3563"},"modified":"2018-03-01T10:43:33","modified_gmt":"2018-03-01T10:43:33","slug":"los-hoteleros-madrilenos-valoran-positivamente-gobierno-central-tome-medidas-frenar-fraude-fiscal-torno-las-viviendas-uso-turistico","status":"publish","type":"post","link":"https:\/\/aehm.es\/en\/los-hoteleros-madrilenos-valoran-positivamente-gobierno-central-tome-medidas-frenar-fraude-fiscal-torno-las-viviendas-uso-turistico\/","title":{"rendered":"Los hoteleros madrile\u00f1os valoran positivamente que el Gobierno Central tome medidas para frenar el fraude fiscal en torno a las viviendas de uso tur\u00edstico"},"content":{"rendered":"<ul>\n<li><strong>La Asociaci\u00f3n Empresarial Hotelera de Madrid (AEHM) apoya as\u00ed la decisi\u00f3n tomada por el Ministro de Hacienda y Funci\u00f3n P\u00fablica, Crist\u00f3bal Montoro, que persigue regular esta nueva modalidad de alojamiento alegal.<\/strong><\/li>\n<\/ul>\n<p><strong>Madrid, 01 de marzo de 2018.-<\/strong> La <strong>Asociaci\u00f3n Empresarial Hotelera de Madrid<\/strong> (AEHM) valora positivamente la medida anunciada por Ministro de Hacienda y Funci\u00f3n P\u00fablica, Crist\u00f3bal Montoro, que persigue <strong>poner freno<\/strong> <strong>al fraude fiscal en torno a las viviendas de alquiler de uso tur\u00edstico<\/strong> (VUT) intensificando la inspecci\u00f3n de las plataformas que anuncian esta nueva modalidad de alojamiento alegal.<\/p>\n<p><em>\u201cNos complace saber que el Gobierno Central, y en concreto el ministerio que dirige Montoro, sea sensible a la problem\u00e1tica que supone el crecimiento descontrolado de las VUT. Por ello, celebramos y vemos muy positivamente que haya puesto en marcha una serie de medidas fiscales para poner freno a la problem\u00e1tica que ello supone\u201d,<\/em> ha se\u00f1alado la secretaria general de la AEHM, Mar de Miguel.<\/p>\n<blockquote><p><em>&#8220;Por ello, celebramos y vemos muy positivamente que haya puesto en marcha una serie de medidas fiscales para poner freno a la problem\u00e1tica que ello supone\u201d<\/em><\/p><\/blockquote>\n<p>Tal y como se desprende de la medida anunciada por Montoro, Hacienda pondr\u00e1 en marcha un control trimestral sobre las plataformas que anuncian VUT. En este sentido, la identificaci\u00f3n del titular real del piso ser\u00e1 obligatoria, as\u00ed como tener detalles sobre las caracter\u00edsticas del inmueble y, adem\u00e1s, notificar las operaciones que se realicen en relaci\u00f3n al n\u00famero de d\u00edas de estancia y el precio final que se paga al propietario.<\/p>\n<p><em>\u201cPara el sector hotelero, que se ponga en marcha una medida de estas caracter\u00edsticas supone un paso muy importante. Actualmente, somos testigos de un fen\u00f3meno que debe ser regulado de manera urgente y precisa para asegurar la sostenibilidad del destino. Nos alegra saber que todas las Administraciones, tanto la central, como la auton\u00f3mica y local, est\u00e1n poniendo de su parte para elaborar una normativa sobre esta nueva modalidad de alojamiento\u201d,<\/em> ha concluido Mar de Miguel.<\/p>\n","protected":false},"excerpt":{"rendered":"<p>La Asociaci\u00f3n Empresarial Hotelera de Madrid (AEHM) apoya as\u00ed la decisi\u00f3n tomada por el Ministro de Hacienda y Funci\u00f3n P\u00fablica, Crist\u00f3bal Montoro, que persigue regular esta nueva modalidad de alojamiento alegal. Madrid, 01 de marzo de 2018.- La Asociaci\u00f3n Empresarial Hotelera de Madrid (AEHM) valora positivamente la medida anunciada por Ministro de Hacienda y Funci\u00f3n [&hellip;]<\/p>\n","protected":false},"author":1,"featured_media":3568,"comment_status":"open","ping_status":"open","sticky":false,"template":"","format":"standard","meta":{"footnotes":""},"categories":[1],"tags":[],"class_list":["post-3563","post","type-post","status-publish","format-standard","has-post-thumbnail","hentry","category-actualidad-aehm"],"yoast_head":"<!-- This site is optimized with the Yoast SEO plugin v27.5 - https:\/\/yoast.com\/product\/yoast-seo-wordpress\/ -->\n<title>Los hoteleros madrile\u00f1os valoran positivamente que el Gobierno Central tome medidas para frenar el fraude fiscal en torno a las viviendas de uso tur\u00edstico - AEHM<\/title>\n<meta name=\"robots\" content=\"index, follow, max-snippet:-1, max-image-preview:large, max-video-preview:-1\" \/>\n<link rel=\"canonical\" href=\"https:\/\/aehm.es\/los-hoteleros-madrilenos-valoran-positivamente-gobierno-central-tome-medidas-frenar-fraude-fiscal-torno-las-viviendas-uso-turistico\/\" \/>\n<meta property=\"og:locale\" content=\"en_US\" \/>\n<meta property=\"og:type\" content=\"article\" \/>\n<meta property=\"og:title\" content=\"Los hoteleros madrile\u00f1os valoran positivamente que el Gobierno Central tome medidas para frenar el fraude fiscal en torno a las viviendas de uso tur\u00edstico - AEHM\" \/>\n<meta property=\"og:description\" content=\"La Asociaci\u00f3n Empresarial Hotelera de Madrid (AEHM) apoya as\u00ed la decisi\u00f3n tomada por el Ministro de Hacienda y Funci\u00f3n P\u00fablica, Crist\u00f3bal Montoro, que persigue regular esta nueva modalidad de alojamiento alegal. Madrid, 01 de marzo de 2018.- La Asociaci\u00f3n Empresarial Hotelera de Madrid (AEHM) valora positivamente la medida anunciada por Ministro de Hacienda y Funci\u00f3n [&hellip;]\" \/>\n<meta property=\"og:url\" content=\"https:\/\/aehm.es\/los-hoteleros-madrilenos-valoran-positivamente-gobierno-central-tome-medidas-frenar-fraude-fiscal-torno-las-viviendas-uso-turistico\/\" \/>\n<meta property=\"og:site_name\" content=\"AEHM\" \/>\n<meta property=\"article:publisher\" content=\"https:\/\/www.instagram.com\/hotelesdemadrid\/\" \/>\n<meta property=\"article:published_time\" content=\"2018-03-01T10:43:33+00:00\" \/>\n<meta property=\"og:image\" content=\"https:\/\/aehm.es\/wp-content\/uploads\/2018\/03\/Real_Casa_de_la_Aduana_Madrid_01-1.jpg\" \/>\n\t<meta property=\"og:image:width\" content=\"1024\" \/>\n\t<meta property=\"og:image:height\" content=\"809\" \/>\n\t<meta property=\"og:image:type\" content=\"image\/jpeg\" \/>\n<meta name=\"author\" content=\"richard\" \/>\n<meta name=\"twitter:card\" content=\"summary_large_image\" \/>\n<meta name=\"twitter:creator\" content=\"@HotelesAEHM\" \/>\n<meta name=\"twitter:site\" content=\"@HotelesAEHM\" \/>\n<meta name=\"twitter:label1\" content=\"Written by\" \/>\n\t<meta name=\"twitter:data1\" content=\"richard\" \/>\n\t<meta name=\"twitter:label2\" content=\"Est. reading time\" \/>\n\t<meta name=\"twitter:data2\" content=\"2 minutes\" \/>\n<script type=\"application\/ld+json\" class=\"yoast-schema-graph\">{\"@context\":\"https:\\\/\\\/schema.org\",\"@graph\":[{\"@type\":\"Article\",\"@id\":\"https:\\\/\\\/aehm.es\\\/los-hoteleros-madrilenos-valoran-positivamente-gobierno-central-tome-medidas-frenar-fraude-fiscal-torno-las-viviendas-uso-turistico\\\/#article\",\"isPartOf\":{\"@id\":\"https:\\\/\\\/aehm.es\\\/los-hoteleros-madrilenos-valoran-positivamente-gobierno-central-tome-medidas-frenar-fraude-fiscal-torno-las-viviendas-uso-turistico\\\/\"},\"author\":{\"name\":\"richard\",\"@id\":\"https:\\\/\\\/aehm.es\\\/#\\\/schema\\\/person\\\/ca1397f4b0bcee246b58a0278b67a95f\"},\"headline\":\"Los hoteleros madrile\u00f1os valoran positivamente que el Gobierno Central tome medidas para frenar el fraude fiscal en torno a las viviendas de uso tur\u00edstico\",\"datePublished\":\"2018-03-01T10:43:33+00:00\",\"mainEntityOfPage\":{\"@id\":\"https:\\\/\\\/aehm.es\\\/los-hoteleros-madrilenos-valoran-positivamente-gobierno-central-tome-medidas-frenar-fraude-fiscal-torno-las-viviendas-uso-turistico\\\/\"},\"wordCount\":376,\"commentCount\":0,\"publisher\":{\"@id\":\"https:\\\/\\\/aehm.es\\\/#organization\"},\"image\":{\"@id\":\"https:\\\/\\\/aehm.es\\\/los-hoteleros-madrilenos-valoran-positivamente-gobierno-central-tome-medidas-frenar-fraude-fiscal-torno-las-viviendas-uso-turistico\\\/#primaryimage\"},\"thumbnailUrl\":\"https:\\\/\\\/aehm.es\\\/wp-content\\\/uploads\\\/2018\\\/03\\\/Real_Casa_de_la_Aduana_Madrid_01-1.jpg\",\"articleSection\":[\"Actualidad AEHM\"],\"inLanguage\":\"en-US\",\"potentialAction\":[{\"@type\":\"CommentAction\",\"name\":\"Comment\",\"target\":[\"https:\\\/\\\/aehm.es\\\/los-hoteleros-madrilenos-valoran-positivamente-gobierno-central-tome-medidas-frenar-fraude-fiscal-torno-las-viviendas-uso-turistico\\\/#respond\"]}]},{\"@type\":\"WebPage\",\"@id\":\"https:\\\/\\\/aehm.es\\\/los-hoteleros-madrilenos-valoran-positivamente-gobierno-central-tome-medidas-frenar-fraude-fiscal-torno-las-viviendas-uso-turistico\\\/\",\"url\":\"https:\\\/\\\/aehm.es\\\/los-hoteleros-madrilenos-valoran-positivamente-gobierno-central-tome-medidas-frenar-fraude-fiscal-torno-las-viviendas-uso-turistico\\\/\",\"name\":\"Los hoteleros madrile\u00f1os valoran positivamente que el Gobierno Central tome medidas para frenar el fraude fiscal en torno a las viviendas de uso tur\u00edstico - AEHM\",\"isPartOf\":{\"@id\":\"https:\\\/\\\/aehm.es\\\/#website\"},\"primaryImageOfPage\":{\"@id\":\"https:\\\/\\\/aehm.es\\\/los-hoteleros-madrilenos-valoran-positivamente-gobierno-central-tome-medidas-frenar-fraude-fiscal-torno-las-viviendas-uso-turistico\\\/#primaryimage\"},\"image\":{\"@id\":\"https:\\\/\\\/aehm.es\\\/los-hoteleros-madrilenos-valoran-positivamente-gobierno-central-tome-medidas-frenar-fraude-fiscal-torno-las-viviendas-uso-turistico\\\/#primaryimage\"},\"thumbnailUrl\":\"https:\\\/\\\/aehm.es\\\/wp-content\\\/uploads\\\/2018\\\/03\\\/Real_Casa_de_la_Aduana_Madrid_01-1.jpg\",\"datePublished\":\"2018-03-01T10:43:33+00:00\",\"breadcrumb\":{\"@id\":\"https:\\\/\\\/aehm.es\\\/los-hoteleros-madrilenos-valoran-positivamente-gobierno-central-tome-medidas-frenar-fraude-fiscal-torno-las-viviendas-uso-turistico\\\/#breadcrumb\"},\"inLanguage\":\"en-US\",\"potentialAction\":[{\"@type\":\"ReadAction\",\"target\":[\"https:\\\/\\\/aehm.es\\\/los-hoteleros-madrilenos-valoran-positivamente-gobierno-central-tome-medidas-frenar-fraude-fiscal-torno-las-viviendas-uso-turistico\\\/\"]}]},{\"@type\":\"ImageObject\",\"inLanguage\":\"en-US\",\"@id\":\"https:\\\/\\\/aehm.es\\\/los-hoteleros-madrilenos-valoran-positivamente-gobierno-central-tome-medidas-frenar-fraude-fiscal-torno-las-viviendas-uso-turistico\\\/#primaryimage\",\"url\":\"https:\\\/\\\/aehm.es\\\/wp-content\\\/uploads\\\/2018\\\/03\\\/Real_Casa_de_la_Aduana_Madrid_01-1.jpg\",\"contentUrl\":\"https:\\\/\\\/aehm.es\\\/wp-content\\\/uploads\\\/2018\\\/03\\\/Real_Casa_de_la_Aduana_Madrid_01-1.jpg\",\"width\":1024,\"height\":809},{\"@type\":\"BreadcrumbList\",\"@id\":\"https:\\\/\\\/aehm.es\\\/los-hoteleros-madrilenos-valoran-positivamente-gobierno-central-tome-medidas-frenar-fraude-fiscal-torno-las-viviendas-uso-turistico\\\/#breadcrumb\",\"itemListElement\":[{\"@type\":\"ListItem\",\"position\":1,\"name\":\"Portada\",\"item\":\"https:\\\/\\\/aehm.es\\\/en\\\/\"},{\"@type\":\"ListItem\",\"position\":2,\"name\":\"Los hoteleros madrile\u00f1os valoran positivamente que el Gobierno Central tome medidas para frenar el fraude fiscal en torno a las viviendas de uso tur\u00edstico\"}]},{\"@type\":\"WebSite\",\"@id\":\"https:\\\/\\\/aehm.es\\\/#website\",\"url\":\"https:\\\/\\\/aehm.es\\\/\",\"name\":\"Asociaci\u00f3n Empresarial Hotelera de Madrid\",\"description\":\"La Asociaci\u00f3n Empresarial Hotelera Madrid est\u00e1 formada por m\u00e1s de 300 establecimientos de todas las categor\u00edas y tipolog\u00edas (hoteles, hostales, hostels, apartamentos\u2026) que suman m\u00e1s de 75.000 plazas de alojamiento.\",\"publisher\":{\"@id\":\"https:\\\/\\\/aehm.es\\\/#organization\"},\"alternateName\":\"AEHM\",\"potentialAction\":[{\"@type\":\"SearchAction\",\"target\":{\"@type\":\"EntryPoint\",\"urlTemplate\":\"https:\\\/\\\/aehm.es\\\/?s={search_term_string}\"},\"query-input\":{\"@type\":\"PropertyValueSpecification\",\"valueRequired\":true,\"valueName\":\"search_term_string\"}}],\"inLanguage\":\"en-US\"},{\"@type\":\"Organization\",\"@id\":\"https:\\\/\\\/aehm.es\\\/#organization\",\"name\":\"Asociaci\u00f3n Empresarial Hotelera de Madrid\",\"url\":\"https:\\\/\\\/aehm.es\\\/\",\"logo\":{\"@type\":\"ImageObject\",\"inLanguage\":\"en-US\",\"@id\":\"https:\\\/\\\/aehm.es\\\/#\\\/schema\\\/logo\\\/image\\\/\",\"url\":\"https:\\\/\\\/aehm.es\\\/wp-content\\\/uploads\\\/2021\\\/11\\\/Logo_AEHM_Horiz.png\",\"contentUrl\":\"https:\\\/\\\/aehm.es\\\/wp-content\\\/uploads\\\/2021\\\/11\\\/Logo_AEHM_Horiz.png\",\"width\":600,\"height\":182,\"caption\":\"Asociaci\u00f3n Empresarial Hotelera de Madrid\"},\"image\":{\"@id\":\"https:\\\/\\\/aehm.es\\\/#\\\/schema\\\/logo\\\/image\\\/\"},\"sameAs\":[\"https:\\\/\\\/www.instagram.com\\\/hotelesdemadrid\\\/\",\"https:\\\/\\\/x.com\\\/HotelesAEHM\",\"https:\\\/\\\/www.linkedin.com\\\/company\\\/11166072\\\/\"]},{\"@type\":\"Person\",\"@id\":\"https:\\\/\\\/aehm.es\\\/#\\\/schema\\\/person\\\/ca1397f4b0bcee246b58a0278b67a95f\",\"name\":\"richard\",\"image\":{\"@type\":\"ImageObject\",\"inLanguage\":\"en-US\",\"@id\":\"https:\\\/\\\/secure.gravatar.com\\\/avatar\\\/dd2486a811ecc34bf766b7d8b17d0ea76674186c415867af39660e429e20e1a0?s=96&d=mm&r=g\",\"url\":\"https:\\\/\\\/secure.gravatar.com\\\/avatar\\\/dd2486a811ecc34bf766b7d8b17d0ea76674186c415867af39660e429e20e1a0?s=96&d=mm&r=g\",\"contentUrl\":\"https:\\\/\\\/secure.gravatar.com\\\/avatar\\\/dd2486a811ecc34bf766b7d8b17d0ea76674186c415867af39660e429e20e1a0?s=96&d=mm&r=g\",\"caption\":\"richard\"},\"url\":\"https:\\\/\\\/aehm.es\\\/en\\\/author\\\/richard\\\/\"}]}<\/script>\n<!-- \/ Yoast SEO plugin. -->","yoast_head_json":{"title":"Los hoteleros madrile\u00f1os valoran positivamente que el Gobierno Central tome medidas para frenar el fraude fiscal en torno a las viviendas de uso tur\u00edstico - AEHM","robots":{"index":"index","follow":"follow","max-snippet":"max-snippet:-1","max-image-preview":"max-image-preview:large","max-video-preview":"max-video-preview:-1"},"canonical":"https:\/\/aehm.es\/los-hoteleros-madrilenos-valoran-positivamente-gobierno-central-tome-medidas-frenar-fraude-fiscal-torno-las-viviendas-uso-turistico\/","og_locale":"en_US","og_type":"article","og_title":"Los hoteleros madrile\u00f1os valoran positivamente que el Gobierno Central tome medidas para frenar el fraude fiscal en torno a las viviendas de uso tur\u00edstico - AEHM","og_description":"La Asociaci\u00f3n Empresarial Hotelera de Madrid (AEHM) apoya as\u00ed la decisi\u00f3n tomada por el Ministro de Hacienda y Funci\u00f3n P\u00fablica, Crist\u00f3bal Montoro, que persigue regular esta nueva modalidad de alojamiento alegal. Madrid, 01 de marzo de 2018.- La Asociaci\u00f3n Empresarial Hotelera de Madrid (AEHM) valora positivamente la medida anunciada por Ministro de Hacienda y Funci\u00f3n [&hellip;]","og_url":"https:\/\/aehm.es\/los-hoteleros-madrilenos-valoran-positivamente-gobierno-central-tome-medidas-frenar-fraude-fiscal-torno-las-viviendas-uso-turistico\/","og_site_name":"AEHM","article_publisher":"https:\/\/www.instagram.com\/hotelesdemadrid\/","article_published_time":"2018-03-01T10:43:33+00:00","og_image":[{"width":1024,"height":809,"url":"https:\/\/aehm.es\/wp-content\/uploads\/2018\/03\/Real_Casa_de_la_Aduana_Madrid_01-1.jpg","type":"image\/jpeg"}],"author":"richard","twitter_card":"summary_large_image","twitter_creator":"@HotelesAEHM","twitter_site":"@HotelesAEHM","twitter_misc":{"Written by":"richard","Est. reading time":"2 minutes"},"schema":{"@context":"https:\/\/schema.org","@graph":[{"@type":"Article","@id":"https:\/\/aehm.es\/los-hoteleros-madrilenos-valoran-positivamente-gobierno-central-tome-medidas-frenar-fraude-fiscal-torno-las-viviendas-uso-turistico\/#article","isPartOf":{"@id":"https:\/\/aehm.es\/los-hoteleros-madrilenos-valoran-positivamente-gobierno-central-tome-medidas-frenar-fraude-fiscal-torno-las-viviendas-uso-turistico\/"},"author":{"name":"richard","@id":"https:\/\/aehm.es\/#\/schema\/person\/ca1397f4b0bcee246b58a0278b67a95f"},"headline":"Los hoteleros madrile\u00f1os valoran positivamente que el Gobierno Central tome medidas para frenar el fraude fiscal en torno a las viviendas de uso tur\u00edstico","datePublished":"2018-03-01T10:43:33+00:00","mainEntityOfPage":{"@id":"https:\/\/aehm.es\/los-hoteleros-madrilenos-valoran-positivamente-gobierno-central-tome-medidas-frenar-fraude-fiscal-torno-las-viviendas-uso-turistico\/"},"wordCount":376,"commentCount":0,"publisher":{"@id":"https:\/\/aehm.es\/#organization"},"image":{"@id":"https:\/\/aehm.es\/los-hoteleros-madrilenos-valoran-positivamente-gobierno-central-tome-medidas-frenar-fraude-fiscal-torno-las-viviendas-uso-turistico\/#primaryimage"},"thumbnailUrl":"https:\/\/aehm.es\/wp-content\/uploads\/2018\/03\/Real_Casa_de_la_Aduana_Madrid_01-1.jpg","articleSection":["Actualidad AEHM"],"inLanguage":"en-US","potentialAction":[{"@type":"CommentAction","name":"Comment","target":["https:\/\/aehm.es\/los-hoteleros-madrilenos-valoran-positivamente-gobierno-central-tome-medidas-frenar-fraude-fiscal-torno-las-viviendas-uso-turistico\/#respond"]}]},{"@type":"WebPage","@id":"https:\/\/aehm.es\/los-hoteleros-madrilenos-valoran-positivamente-gobierno-central-tome-medidas-frenar-fraude-fiscal-torno-las-viviendas-uso-turistico\/","url":"https:\/\/aehm.es\/los-hoteleros-madrilenos-valoran-positivamente-gobierno-central-tome-medidas-frenar-fraude-fiscal-torno-las-viviendas-uso-turistico\/","name":"Los hoteleros madrile\u00f1os valoran positivamente que el Gobierno Central tome medidas para frenar el fraude fiscal en torno a las viviendas de uso tur\u00edstico - AEHM","isPartOf":{"@id":"https:\/\/aehm.es\/#website"},"primaryImageOfPage":{"@id":"https:\/\/aehm.es\/los-hoteleros-madrilenos-valoran-positivamente-gobierno-central-tome-medidas-frenar-fraude-fiscal-torno-las-viviendas-uso-turistico\/#primaryimage"},"image":{"@id":"https:\/\/aehm.es\/los-hoteleros-madrilenos-valoran-positivamente-gobierno-central-tome-medidas-frenar-fraude-fiscal-torno-las-viviendas-uso-turistico\/#primaryimage"},"thumbnailUrl":"https:\/\/aehm.es\/wp-content\/uploads\/2018\/03\/Real_Casa_de_la_Aduana_Madrid_01-1.jpg","datePublished":"2018-03-01T10:43:33+00:00","breadcrumb":{"@id":"https:\/\/aehm.es\/los-hoteleros-madrilenos-valoran-positivamente-gobierno-central-tome-medidas-frenar-fraude-fiscal-torno-las-viviendas-uso-turistico\/#breadcrumb"},"inLanguage":"en-US","potentialAction":[{"@type":"ReadAction","target":["https:\/\/aehm.es\/los-hoteleros-madrilenos-valoran-positivamente-gobierno-central-tome-medidas-frenar-fraude-fiscal-torno-las-viviendas-uso-turistico\/"]}]},{"@type":"ImageObject","inLanguage":"en-US","@id":"https:\/\/aehm.es\/los-hoteleros-madrilenos-valoran-positivamente-gobierno-central-tome-medidas-frenar-fraude-fiscal-torno-las-viviendas-uso-turistico\/#primaryimage","url":"https:\/\/aehm.es\/wp-content\/uploads\/2018\/03\/Real_Casa_de_la_Aduana_Madrid_01-1.jpg","contentUrl":"https:\/\/aehm.es\/wp-content\/uploads\/2018\/03\/Real_Casa_de_la_Aduana_Madrid_01-1.jpg","width":1024,"height":809},{"@type":"BreadcrumbList","@id":"https:\/\/aehm.es\/los-hoteleros-madrilenos-valoran-positivamente-gobierno-central-tome-medidas-frenar-fraude-fiscal-torno-las-viviendas-uso-turistico\/#breadcrumb","itemListElement":[{"@type":"ListItem","position":1,"name":"Portada","item":"https:\/\/aehm.es\/en\/"},{"@type":"ListItem","position":2,"name":"Los hoteleros madrile\u00f1os valoran positivamente que el Gobierno Central tome medidas para frenar el fraude fiscal en torno a las viviendas de uso tur\u00edstico"}]},{"@type":"WebSite","@id":"https:\/\/aehm.es\/#website","url":"https:\/\/aehm.es\/","name":"Asociaci\u00f3n Empresarial Hotelera de Madrid","description":"La Asociaci\u00f3n Empresarial Hotelera Madrid est\u00e1 formada por m\u00e1s de 300 establecimientos de todas las categor\u00edas y tipolog\u00edas (hoteles, hostales, hostels, apartamentos\u2026) que suman m\u00e1s de 75.000 plazas de alojamiento.","publisher":{"@id":"https:\/\/aehm.es\/#organization"},"alternateName":"AEHM","potentialAction":[{"@type":"SearchAction","target":{"@type":"EntryPoint","urlTemplate":"https:\/\/aehm.es\/?s={search_term_string}"},"query-input":{"@type":"PropertyValueSpecification","valueRequired":true,"valueName":"search_term_string"}}],"inLanguage":"en-US"},{"@type":"Organization","@id":"https:\/\/aehm.es\/#organization","name":"Asociaci\u00f3n Empresarial Hotelera de Madrid","url":"https:\/\/aehm.es\/","logo":{"@type":"ImageObject","inLanguage":"en-US","@id":"https:\/\/aehm.es\/#\/schema\/logo\/image\/","url":"https:\/\/aehm.es\/wp-content\/uploads\/2021\/11\/Logo_AEHM_Horiz.png","contentUrl":"https:\/\/aehm.es\/wp-content\/uploads\/2021\/11\/Logo_AEHM_Horiz.png","width":600,"height":182,"caption":"Asociaci\u00f3n Empresarial Hotelera de Madrid"},"image":{"@id":"https:\/\/aehm.es\/#\/schema\/logo\/image\/"},"sameAs":["https:\/\/www.instagram.com\/hotelesdemadrid\/","https:\/\/x.com\/HotelesAEHM","https:\/\/www.linkedin.com\/company\/11166072\/"]},{"@type":"Person","@id":"https:\/\/aehm.es\/#\/schema\/person\/ca1397f4b0bcee246b58a0278b67a95f","name":"richard","image":{"@type":"ImageObject","inLanguage":"en-US","@id":"https:\/\/secure.gravatar.com\/avatar\/dd2486a811ecc34bf766b7d8b17d0ea76674186c415867af39660e429e20e1a0?s=96&d=mm&r=g","url":"https:\/\/secure.gravatar.com\/avatar\/dd2486a811ecc34bf766b7d8b17d0ea76674186c415867af39660e429e20e1a0?s=96&d=mm&r=g","contentUrl":"https:\/\/secure.gravatar.com\/avatar\/dd2486a811ecc34bf766b7d8b17d0ea76674186c415867af39660e429e20e1a0?s=96&d=mm&r=g","caption":"richard"},"url":"https:\/\/aehm.es\/en\/author\/richard\/"}]}},"_links":{"self":[{"href":"https:\/\/aehm.es\/en\/wp-json\/wp\/v2\/posts\/3563","targetHints":{"allow":["GET"]}}],"collection":[{"href":"https:\/\/aehm.es\/en\/wp-json\/wp\/v2\/posts"}],"about":[{"href":"https:\/\/aehm.es\/en\/wp-json\/wp\/v2\/types\/post"}],"author":[{"embeddable":true,"href":"https:\/\/aehm.es\/en\/wp-json\/wp\/v2\/users\/1"}],"replies":[{"embeddable":true,"href":"https:\/\/aehm.es\/en\/wp-json\/wp\/v2\/comments?post=3563"}],"version-history":[{"count":0,"href":"https:\/\/aehm.es\/en\/wp-json\/wp\/v2\/posts\/3563\/revisions"}],"wp:featuredmedia":[{"embeddable":true,"href":"https:\/\/aehm.es\/en\/wp-json\/wp\/v2\/media\/3568"}],"wp:attachment":[{"href":"https:\/\/aehm.es\/en\/wp-json\/wp\/v2\/media?parent=3563"}],"wp:term":[{"taxonomy":"category","embeddable":true,"href":"https:\/\/aehm.es\/en\/wp-json\/wp\/v2\/categories?post=3563"},{"taxonomy":"post_tag","embeddable":true,"href":"https:\/\/aehm.es\/en\/wp-json\/wp\/v2\/tags?post=3563"}],"curies":[{"name":"wp","href":"https:\/\/api.w.org\/{rel}","templated":true}]}}