{"id":3331,"date":"2018-01-19T13:10:18","date_gmt":"2018-01-19T13:10:18","guid":{"rendered":"https:\/\/aehm.es\/?p=3331"},"modified":"2018-01-19T13:10:18","modified_gmt":"2018-01-19T13:10:18","slug":"stand-la-asociacion-empresarial-hotelera-madrid-recibe-galardon-premios-los-mejorres-stands-fitur-2018","status":"publish","type":"post","link":"https:\/\/aehm.es\/en\/stand-la-asociacion-empresarial-hotelera-madrid-recibe-galardon-premios-los-mejorres-stands-fitur-2018\/","title":{"rendered":"El stand de la Asociaci\u00f3n Empresarial Hotelera de Madrid recibe el galard\u00f3n &#8220;Premios a los Mejores Stands de FITUR 2018&#8221;"},"content":{"rendered":"<p>La <strong>Asociaci\u00f3n Empresarial Hotelera de Madrid<\/strong> (AEHM), ha recibido el galard\u00f3n <strong>\u2018Premios a los Mejores Stands de FITUR\u2019<\/strong> por su profesionalidad, su capacidad de promoci\u00f3n y, sobre todo, por su original y rompedor dise\u00f1o. La directora de FITUR, Ana Larra\u00f1aga, ha hecho entrega del diploma a la secretaria general de la AEHM, Mar de Miguel, quien ha declarado estar orgullosa despu\u00e9s del trabajo que han realizado.<\/p>\n<p><em>\u201cEstamos muy orgullosos de haber recibido este premio. Para nosotros la edici\u00f3n de este a\u00f1o era muy especial porque quer\u00edamos transmitir la esencia que hay detr\u00e1s de cada una de las siglas de la AEHM y, gracias al esfuerzo, lo hemos conseguido. Es todo un privilegio recibir este diploma por parte de la directora de FITUR\u201d<\/em>.<\/p>\n<p><img fetchpriority=\"high\" decoding=\"async\" class=\"aligncenter wp-image-3338 size-large\" src=\"https:\/\/aehm.es\/wp-content\/uploads\/2018\/01\/Premio-Stand-AEHM-en-fitur-2018-1024x683.jpg\" alt=\"\" width=\"980\" height=\"654\" \/><\/p>\n<p>Adem\u00e1s, Mar de Miguel ha querido agradecer la colaboraci\u00f3n especial de El Corte Ingl\u00e9s Divisi\u00f3n Empresas en el dise\u00f1o del stand, as\u00ed como al resto de patrocinadores que han colaborado activamente durante estos d\u00edas como, por ejemplo, <strong>Grupo<\/strong> <strong>Norte\u00f1os, Mahou, Caf\u00e9 Baqu\u00e9 o Cooperama<\/strong>, entre otros.<\/p>\n<blockquote><p>Mar de Miguel ha querido agradecer la colaboraci\u00f3n especial de <a href=\"https:\/\/www.elcorteingles.es\/empresas\/\" target=\"_blank\" rel=\"noopener\">El Corte Ingl\u00e9s Divisi\u00f3n Empresas<\/a> en el dise\u00f1o del stand, as\u00ed como al resto de patrocinadores que han colaborado activamente durante estos d\u00edas como, por ejemplo, <strong>Grupo<\/strong> <strong>Norte\u00f1os, Mahou, Caf\u00e9 Baqu\u00e9 o Cooperama<\/strong>, entre otros.<\/p><\/blockquote>\n<p><em>\u201cEste es un \u00e9xito de todos pero, en especial, de los asociados que han confiado y apoyado nuestro proyecto. Felicidades\u201d,<\/em> ha concluido.<\/p>\n<div id='gallery-1' class='gallery galleryid-3331 gallery-columns-2 gallery-size-medium'><figure class='gallery-item'>\n\t\t\t<div class='gallery-icon landscape'>\n\t\t\t\t<a href='https:\/\/aehm.es\/wp-content\/uploads\/2018\/01\/Stand-AEHM-en-Fitur-2018-1-1.jpg'><img decoding=\"async\" width=\"300\" height=\"225\" src=\"https:\/\/aehm.es\/wp-content\/uploads\/2018\/01\/Stand-AEHM-en-Fitur-2018-1-1-300x225.jpg\" class=\"attachment-medium size-medium\" alt=\"\" srcset=\"https:\/\/aehm.es\/wp-content\/uploads\/2018\/01\/Stand-AEHM-en-Fitur-2018-1-1-300x225.jpg 300w, https:\/\/aehm.es\/wp-content\/uploads\/2018\/01\/Stand-AEHM-en-Fitur-2018-1-1-1024x768.jpg 1024w, https:\/\/aehm.es\/wp-content\/uploads\/2018\/01\/Stand-AEHM-en-Fitur-2018-1-1-768x576.jpg 768w, https:\/\/aehm.es\/wp-content\/uploads\/2018\/01\/Stand-AEHM-en-Fitur-2018-1-1-1536x1152.jpg 1536w, https:\/\/aehm.es\/wp-content\/uploads\/2018\/01\/Stand-AEHM-en-Fitur-2018-1-1.jpg 1600w\" sizes=\"(max-width: 300px) 100vw, 300px\" \/><\/a>\n\t\t\t<\/div><\/figure><figure class='gallery-item'>\n\t\t\t<div class='gallery-icon landscape'>\n\t\t\t\t<a href='https:\/\/aehm.es\/wp-content\/uploads\/2018\/01\/Stand-AEHM-en-Fitur-2018-cafeteria-1.jpg'><img decoding=\"async\" width=\"300\" height=\"225\" src=\"https:\/\/aehm.es\/wp-content\/uploads\/2018\/01\/Stand-AEHM-en-Fitur-2018-cafeteria-1-300x225.jpg\" class=\"attachment-medium size-medium\" alt=\"\" srcset=\"https:\/\/aehm.es\/wp-content\/uploads\/2018\/01\/Stand-AEHM-en-Fitur-2018-cafeteria-1-300x225.jpg 300w, https:\/\/aehm.es\/wp-content\/uploads\/2018\/01\/Stand-AEHM-en-Fitur-2018-cafeteria-1-1024x768.jpg 1024w, https:\/\/aehm.es\/wp-content\/uploads\/2018\/01\/Stand-AEHM-en-Fitur-2018-cafeteria-1-768x576.jpg 768w, https:\/\/aehm.es\/wp-content\/uploads\/2018\/01\/Stand-AEHM-en-Fitur-2018-cafeteria-1-1536x1152.jpg 1536w, https:\/\/aehm.es\/wp-content\/uploads\/2018\/01\/Stand-AEHM-en-Fitur-2018-cafeteria-1.jpg 1600w\" sizes=\"(max-width: 300px) 100vw, 300px\" \/><\/a>\n\t\t\t<\/div><\/figure><figure class='gallery-item'>\n\t\t\t<div class='gallery-icon portrait'>\n\t\t\t\t<a href='https:\/\/aehm.es\/wp-content\/uploads\/2018\/01\/Stand-AEHM-en-Fitur-2018-dormitorio-1.jpg'><img loading=\"lazy\" decoding=\"async\" width=\"225\" height=\"300\" src=\"https:\/\/aehm.es\/wp-content\/uploads\/2018\/01\/Stand-AEHM-en-Fitur-2018-dormitorio-1-225x300.jpg\" class=\"attachment-medium size-medium\" alt=\"\" srcset=\"https:\/\/aehm.es\/wp-content\/uploads\/2018\/01\/Stand-AEHM-en-Fitur-2018-dormitorio-1-225x300.jpg 225w, https:\/\/aehm.es\/wp-content\/uploads\/2018\/01\/Stand-AEHM-en-Fitur-2018-dormitorio-1-768x1024.jpg 768w, https:\/\/aehm.es\/wp-content\/uploads\/2018\/01\/Stand-AEHM-en-Fitur-2018-dormitorio-1-1152x1536.jpg 1152w, https:\/\/aehm.es\/wp-content\/uploads\/2018\/01\/Stand-AEHM-en-Fitur-2018-dormitorio-1.jpg 1200w\" sizes=\"(max-width: 225px) 100vw, 225px\" \/><\/a>\n\t\t\t<\/div><\/figure><figure class='gallery-item'>\n\t\t\t<div class='gallery-icon landscape'>\n\t\t\t\t<a href='https:\/\/aehm.es\/wp-content\/uploads\/2018\/01\/Stand-AEHM-en-Fitur-2018-frontal-1.jpg'><img loading=\"lazy\" decoding=\"async\" width=\"300\" height=\"225\" src=\"https:\/\/aehm.es\/wp-content\/uploads\/2018\/01\/Stand-AEHM-en-Fitur-2018-frontal-1-300x225.jpg\" class=\"attachment-medium size-medium\" alt=\"\" srcset=\"https:\/\/aehm.es\/wp-content\/uploads\/2018\/01\/Stand-AEHM-en-Fitur-2018-frontal-1-300x225.jpg 300w, https:\/\/aehm.es\/wp-content\/uploads\/2018\/01\/Stand-AEHM-en-Fitur-2018-frontal-1-1024x768.jpg 1024w, https:\/\/aehm.es\/wp-content\/uploads\/2018\/01\/Stand-AEHM-en-Fitur-2018-frontal-1-768x576.jpg 768w, https:\/\/aehm.es\/wp-content\/uploads\/2018\/01\/Stand-AEHM-en-Fitur-2018-frontal-1-1536x1152.jpg 1536w, https:\/\/aehm.es\/wp-content\/uploads\/2018\/01\/Stand-AEHM-en-Fitur-2018-frontal-1.jpg 1600w\" sizes=\"(max-width: 300px) 100vw, 300px\" \/><\/a>\n\t\t\t<\/div><\/figure>\n\t\t<\/div>\n\n","protected":false},"excerpt":{"rendered":"<p>La Asociaci\u00f3n Empresarial Hotelera de Madrid (AEHM), ha recibido el galard\u00f3n \u2018Premios a los Mejores Stands de FITUR\u2019 por su profesionalidad, su capacidad de promoci\u00f3n y, sobre todo, por su original y rompedor dise\u00f1o. La directora de FITUR, Ana Larra\u00f1aga, ha hecho entrega del diploma a la secretaria general de la AEHM, Mar de Miguel, [&hellip;]<\/p>\n","protected":false},"author":1,"featured_media":3338,"comment_status":"open","ping_status":"open","sticky":false,"template":"","format":"standard","meta":{"footnotes":""},"categories":[1],"tags":[],"class_list":["post-3331","post","type-post","status-publish","format-standard","has-post-thumbnail","hentry","category-actualidad-aehm"],"yoast_head":"<!-- This site is optimized with the Yoast SEO plugin v27.5 - https:\/\/yoast.com\/product\/yoast-seo-wordpress\/ -->\n<title>El stand de la Asociaci\u00f3n Empresarial Hotelera de Madrid recibe el galard\u00f3n &quot;Premios a los Mejores Stands de FITUR 2018&quot; - AEHM<\/title>\n<meta name=\"robots\" content=\"index, follow, max-snippet:-1, max-image-preview:large, max-video-preview:-1\" \/>\n<link rel=\"canonical\" href=\"https:\/\/aehm.es\/stand-la-asociacion-empresarial-hotelera-madrid-recibe-galardon-premios-los-mejorres-stands-fitur-2018\/\" \/>\n<meta property=\"og:locale\" content=\"en_US\" \/>\n<meta property=\"og:type\" content=\"article\" \/>\n<meta property=\"og:title\" content=\"El stand de la Asociaci\u00f3n Empresarial Hotelera de Madrid recibe el galard\u00f3n &quot;Premios a los Mejores Stands de FITUR 2018&quot; - AEHM\" \/>\n<meta property=\"og:description\" content=\"La Asociaci\u00f3n Empresarial Hotelera de Madrid (AEHM), ha recibido el galard\u00f3n \u2018Premios a los Mejores Stands de FITUR\u2019 por su profesionalidad, su capacidad de promoci\u00f3n y, sobre todo, por su original y rompedor dise\u00f1o. La directora de FITUR, Ana Larra\u00f1aga, ha hecho entrega del diploma a la secretaria general de la AEHM, Mar de Miguel, [&hellip;]\" \/>\n<meta property=\"og:url\" content=\"https:\/\/aehm.es\/stand-la-asociacion-empresarial-hotelera-madrid-recibe-galardon-premios-los-mejorres-stands-fitur-2018\/\" \/>\n<meta property=\"og:site_name\" content=\"AEHM\" \/>\n<meta property=\"article:publisher\" content=\"https:\/\/www.instagram.com\/hotelesdemadrid\/\" \/>\n<meta property=\"article:published_time\" content=\"2018-01-19T13:10:18+00:00\" \/>\n<meta property=\"og:image\" content=\"https:\/\/aehm.es\/wp-content\/uploads\/2018\/01\/Premio-Stand-AEHM-en-fitur-2018-1.jpg\" \/>\n\t<meta property=\"og:image:width\" content=\"1800\" \/>\n\t<meta property=\"og:image:height\" content=\"1200\" \/>\n\t<meta property=\"og:image:type\" content=\"image\/jpeg\" \/>\n<meta name=\"author\" content=\"richard\" \/>\n<meta name=\"twitter:card\" content=\"summary_large_image\" \/>\n<meta name=\"twitter:creator\" content=\"@HotelesAEHM\" \/>\n<meta name=\"twitter:site\" content=\"@HotelesAEHM\" \/>\n<meta name=\"twitter:label1\" content=\"Written by\" \/>\n\t<meta name=\"twitter:data1\" content=\"richard\" \/>\n\t<meta name=\"twitter:label2\" content=\"Est. reading time\" \/>\n\t<meta name=\"twitter:data2\" content=\"1 minute\" \/>\n<script type=\"application\/ld+json\" class=\"yoast-schema-graph\">{\"@context\":\"https:\\\/\\\/schema.org\",\"@graph\":[{\"@type\":\"Article\",\"@id\":\"https:\\\/\\\/aehm.es\\\/stand-la-asociacion-empresarial-hotelera-madrid-recibe-galardon-premios-los-mejorres-stands-fitur-2018\\\/#article\",\"isPartOf\":{\"@id\":\"https:\\\/\\\/aehm.es\\\/stand-la-asociacion-empresarial-hotelera-madrid-recibe-galardon-premios-los-mejorres-stands-fitur-2018\\\/\"},\"author\":{\"name\":\"richard\",\"@id\":\"https:\\\/\\\/aehm.es\\\/#\\\/schema\\\/person\\\/ca1397f4b0bcee246b58a0278b67a95f\"},\"headline\":\"El stand de la Asociaci\u00f3n Empresarial Hotelera de Madrid recibe el galard\u00f3n &#8220;Premios a los Mejores Stands de FITUR 2018&#8221;\",\"datePublished\":\"2018-01-19T13:10:18+00:00\",\"mainEntityOfPage\":{\"@id\":\"https:\\\/\\\/aehm.es\\\/stand-la-asociacion-empresarial-hotelera-madrid-recibe-galardon-premios-los-mejorres-stands-fitur-2018\\\/\"},\"wordCount\":286,\"commentCount\":0,\"publisher\":{\"@id\":\"https:\\\/\\\/aehm.es\\\/#organization\"},\"image\":{\"@id\":\"https:\\\/\\\/aehm.es\\\/stand-la-asociacion-empresarial-hotelera-madrid-recibe-galardon-premios-los-mejorres-stands-fitur-2018\\\/#primaryimage\"},\"thumbnailUrl\":\"https:\\\/\\\/aehm.es\\\/wp-content\\\/uploads\\\/2018\\\/01\\\/Premio-Stand-AEHM-en-fitur-2018-1.jpg\",\"articleSection\":[\"Actualidad AEHM\"],\"inLanguage\":\"en-US\",\"potentialAction\":[{\"@type\":\"CommentAction\",\"name\":\"Comment\",\"target\":[\"https:\\\/\\\/aehm.es\\\/stand-la-asociacion-empresarial-hotelera-madrid-recibe-galardon-premios-los-mejorres-stands-fitur-2018\\\/#respond\"]}]},{\"@type\":\"WebPage\",\"@id\":\"https:\\\/\\\/aehm.es\\\/stand-la-asociacion-empresarial-hotelera-madrid-recibe-galardon-premios-los-mejorres-stands-fitur-2018\\\/\",\"url\":\"https:\\\/\\\/aehm.es\\\/stand-la-asociacion-empresarial-hotelera-madrid-recibe-galardon-premios-los-mejorres-stands-fitur-2018\\\/\",\"name\":\"El stand de la Asociaci\u00f3n Empresarial Hotelera de Madrid recibe el galard\u00f3n \\\"Premios a los Mejores Stands de FITUR 2018\\\" - AEHM\",\"isPartOf\":{\"@id\":\"https:\\\/\\\/aehm.es\\\/#website\"},\"primaryImageOfPage\":{\"@id\":\"https:\\\/\\\/aehm.es\\\/stand-la-asociacion-empresarial-hotelera-madrid-recibe-galardon-premios-los-mejorres-stands-fitur-2018\\\/#primaryimage\"},\"image\":{\"@id\":\"https:\\\/\\\/aehm.es\\\/stand-la-asociacion-empresarial-hotelera-madrid-recibe-galardon-premios-los-mejorres-stands-fitur-2018\\\/#primaryimage\"},\"thumbnailUrl\":\"https:\\\/\\\/aehm.es\\\/wp-content\\\/uploads\\\/2018\\\/01\\\/Premio-Stand-AEHM-en-fitur-2018-1.jpg\",\"datePublished\":\"2018-01-19T13:10:18+00:00\",\"breadcrumb\":{\"@id\":\"https:\\\/\\\/aehm.es\\\/stand-la-asociacion-empresarial-hotelera-madrid-recibe-galardon-premios-los-mejorres-stands-fitur-2018\\\/#breadcrumb\"},\"inLanguage\":\"en-US\",\"potentialAction\":[{\"@type\":\"ReadAction\",\"target\":[\"https:\\\/\\\/aehm.es\\\/stand-la-asociacion-empresarial-hotelera-madrid-recibe-galardon-premios-los-mejorres-stands-fitur-2018\\\/\"]}]},{\"@type\":\"ImageObject\",\"inLanguage\":\"en-US\",\"@id\":\"https:\\\/\\\/aehm.es\\\/stand-la-asociacion-empresarial-hotelera-madrid-recibe-galardon-premios-los-mejorres-stands-fitur-2018\\\/#primaryimage\",\"url\":\"https:\\\/\\\/aehm.es\\\/wp-content\\\/uploads\\\/2018\\\/01\\\/Premio-Stand-AEHM-en-fitur-2018-1.jpg\",\"contentUrl\":\"https:\\\/\\\/aehm.es\\\/wp-content\\\/uploads\\\/2018\\\/01\\\/Premio-Stand-AEHM-en-fitur-2018-1.jpg\",\"width\":1800,\"height\":1200},{\"@type\":\"BreadcrumbList\",\"@id\":\"https:\\\/\\\/aehm.es\\\/stand-la-asociacion-empresarial-hotelera-madrid-recibe-galardon-premios-los-mejorres-stands-fitur-2018\\\/#breadcrumb\",\"itemListElement\":[{\"@type\":\"ListItem\",\"position\":1,\"name\":\"Portada\",\"item\":\"https:\\\/\\\/aehm.es\\\/en\\\/\"},{\"@type\":\"ListItem\",\"position\":2,\"name\":\"El stand de la Asociaci\u00f3n Empresarial Hotelera de Madrid recibe el galard\u00f3n \u00abPremios a los Mejores Stands de FITUR 2018\u00bb\"}]},{\"@type\":\"WebSite\",\"@id\":\"https:\\\/\\\/aehm.es\\\/#website\",\"url\":\"https:\\\/\\\/aehm.es\\\/\",\"name\":\"Asociaci\u00f3n Empresarial Hotelera de Madrid\",\"description\":\"La Asociaci\u00f3n Empresarial Hotelera Madrid est\u00e1 formada por m\u00e1s de 300 establecimientos de todas las categor\u00edas y tipolog\u00edas (hoteles, hostales, hostels, apartamentos\u2026) que suman m\u00e1s de 75.000 plazas de alojamiento.\",\"publisher\":{\"@id\":\"https:\\\/\\\/aehm.es\\\/#organization\"},\"alternateName\":\"AEHM\",\"potentialAction\":[{\"@type\":\"SearchAction\",\"target\":{\"@type\":\"EntryPoint\",\"urlTemplate\":\"https:\\\/\\\/aehm.es\\\/?s={search_term_string}\"},\"query-input\":{\"@type\":\"PropertyValueSpecification\",\"valueRequired\":true,\"valueName\":\"search_term_string\"}}],\"inLanguage\":\"en-US\"},{\"@type\":\"Organization\",\"@id\":\"https:\\\/\\\/aehm.es\\\/#organization\",\"name\":\"Asociaci\u00f3n Empresarial Hotelera de Madrid\",\"url\":\"https:\\\/\\\/aehm.es\\\/\",\"logo\":{\"@type\":\"ImageObject\",\"inLanguage\":\"en-US\",\"@id\":\"https:\\\/\\\/aehm.es\\\/#\\\/schema\\\/logo\\\/image\\\/\",\"url\":\"https:\\\/\\\/aehm.es\\\/wp-content\\\/uploads\\\/2021\\\/11\\\/Logo_AEHM_Horiz.png\",\"contentUrl\":\"https:\\\/\\\/aehm.es\\\/wp-content\\\/uploads\\\/2021\\\/11\\\/Logo_AEHM_Horiz.png\",\"width\":600,\"height\":182,\"caption\":\"Asociaci\u00f3n Empresarial Hotelera de Madrid\"},\"image\":{\"@id\":\"https:\\\/\\\/aehm.es\\\/#\\\/schema\\\/logo\\\/image\\\/\"},\"sameAs\":[\"https:\\\/\\\/www.instagram.com\\\/hotelesdemadrid\\\/\",\"https:\\\/\\\/x.com\\\/HotelesAEHM\",\"https:\\\/\\\/www.linkedin.com\\\/company\\\/11166072\\\/\"]},{\"@type\":\"Person\",\"@id\":\"https:\\\/\\\/aehm.es\\\/#\\\/schema\\\/person\\\/ca1397f4b0bcee246b58a0278b67a95f\",\"name\":\"richard\",\"image\":{\"@type\":\"ImageObject\",\"inLanguage\":\"en-US\",\"@id\":\"https:\\\/\\\/secure.gravatar.com\\\/avatar\\\/dd2486a811ecc34bf766b7d8b17d0ea76674186c415867af39660e429e20e1a0?s=96&d=mm&r=g\",\"url\":\"https:\\\/\\\/secure.gravatar.com\\\/avatar\\\/dd2486a811ecc34bf766b7d8b17d0ea76674186c415867af39660e429e20e1a0?s=96&d=mm&r=g\",\"contentUrl\":\"https:\\\/\\\/secure.gravatar.com\\\/avatar\\\/dd2486a811ecc34bf766b7d8b17d0ea76674186c415867af39660e429e20e1a0?s=96&d=mm&r=g\",\"caption\":\"richard\"},\"url\":\"https:\\\/\\\/aehm.es\\\/en\\\/author\\\/richard\\\/\"}]}<\/script>\n<!-- \/ Yoast SEO plugin. -->","yoast_head_json":{"title":"El stand de la Asociaci\u00f3n Empresarial Hotelera de Madrid recibe el galard\u00f3n \"Premios a los Mejores Stands de FITUR 2018\" - AEHM","robots":{"index":"index","follow":"follow","max-snippet":"max-snippet:-1","max-image-preview":"max-image-preview:large","max-video-preview":"max-video-preview:-1"},"canonical":"https:\/\/aehm.es\/stand-la-asociacion-empresarial-hotelera-madrid-recibe-galardon-premios-los-mejorres-stands-fitur-2018\/","og_locale":"en_US","og_type":"article","og_title":"El stand de la Asociaci\u00f3n Empresarial Hotelera de Madrid recibe el galard\u00f3n \"Premios a los Mejores Stands de FITUR 2018\" - AEHM","og_description":"La Asociaci\u00f3n Empresarial Hotelera de Madrid (AEHM), ha recibido el galard\u00f3n \u2018Premios a los Mejores Stands de FITUR\u2019 por su profesionalidad, su capacidad de promoci\u00f3n y, sobre todo, por su original y rompedor dise\u00f1o. La directora de FITUR, Ana Larra\u00f1aga, ha hecho entrega del diploma a la secretaria general de la AEHM, Mar de Miguel, [&hellip;]","og_url":"https:\/\/aehm.es\/stand-la-asociacion-empresarial-hotelera-madrid-recibe-galardon-premios-los-mejorres-stands-fitur-2018\/","og_site_name":"AEHM","article_publisher":"https:\/\/www.instagram.com\/hotelesdemadrid\/","article_published_time":"2018-01-19T13:10:18+00:00","og_image":[{"width":1800,"height":1200,"url":"https:\/\/aehm.es\/wp-content\/uploads\/2018\/01\/Premio-Stand-AEHM-en-fitur-2018-1.jpg","type":"image\/jpeg"}],"author":"richard","twitter_card":"summary_large_image","twitter_creator":"@HotelesAEHM","twitter_site":"@HotelesAEHM","twitter_misc":{"Written by":"richard","Est. reading time":"1 minute"},"schema":{"@context":"https:\/\/schema.org","@graph":[{"@type":"Article","@id":"https:\/\/aehm.es\/stand-la-asociacion-empresarial-hotelera-madrid-recibe-galardon-premios-los-mejorres-stands-fitur-2018\/#article","isPartOf":{"@id":"https:\/\/aehm.es\/stand-la-asociacion-empresarial-hotelera-madrid-recibe-galardon-premios-los-mejorres-stands-fitur-2018\/"},"author":{"name":"richard","@id":"https:\/\/aehm.es\/#\/schema\/person\/ca1397f4b0bcee246b58a0278b67a95f"},"headline":"El stand de la Asociaci\u00f3n Empresarial Hotelera de Madrid recibe el galard\u00f3n &#8220;Premios a los Mejores Stands de FITUR 2018&#8221;","datePublished":"2018-01-19T13:10:18+00:00","mainEntityOfPage":{"@id":"https:\/\/aehm.es\/stand-la-asociacion-empresarial-hotelera-madrid-recibe-galardon-premios-los-mejorres-stands-fitur-2018\/"},"wordCount":286,"commentCount":0,"publisher":{"@id":"https:\/\/aehm.es\/#organization"},"image":{"@id":"https:\/\/aehm.es\/stand-la-asociacion-empresarial-hotelera-madrid-recibe-galardon-premios-los-mejorres-stands-fitur-2018\/#primaryimage"},"thumbnailUrl":"https:\/\/aehm.es\/wp-content\/uploads\/2018\/01\/Premio-Stand-AEHM-en-fitur-2018-1.jpg","articleSection":["Actualidad AEHM"],"inLanguage":"en-US","potentialAction":[{"@type":"CommentAction","name":"Comment","target":["https:\/\/aehm.es\/stand-la-asociacion-empresarial-hotelera-madrid-recibe-galardon-premios-los-mejorres-stands-fitur-2018\/#respond"]}]},{"@type":"WebPage","@id":"https:\/\/aehm.es\/stand-la-asociacion-empresarial-hotelera-madrid-recibe-galardon-premios-los-mejorres-stands-fitur-2018\/","url":"https:\/\/aehm.es\/stand-la-asociacion-empresarial-hotelera-madrid-recibe-galardon-premios-los-mejorres-stands-fitur-2018\/","name":"El stand de la Asociaci\u00f3n Empresarial Hotelera de Madrid recibe el galard\u00f3n \"Premios a los Mejores Stands de FITUR 2018\" - AEHM","isPartOf":{"@id":"https:\/\/aehm.es\/#website"},"primaryImageOfPage":{"@id":"https:\/\/aehm.es\/stand-la-asociacion-empresarial-hotelera-madrid-recibe-galardon-premios-los-mejorres-stands-fitur-2018\/#primaryimage"},"image":{"@id":"https:\/\/aehm.es\/stand-la-asociacion-empresarial-hotelera-madrid-recibe-galardon-premios-los-mejorres-stands-fitur-2018\/#primaryimage"},"thumbnailUrl":"https:\/\/aehm.es\/wp-content\/uploads\/2018\/01\/Premio-Stand-AEHM-en-fitur-2018-1.jpg","datePublished":"2018-01-19T13:10:18+00:00","breadcrumb":{"@id":"https:\/\/aehm.es\/stand-la-asociacion-empresarial-hotelera-madrid-recibe-galardon-premios-los-mejorres-stands-fitur-2018\/#breadcrumb"},"inLanguage":"en-US","potentialAction":[{"@type":"ReadAction","target":["https:\/\/aehm.es\/stand-la-asociacion-empresarial-hotelera-madrid-recibe-galardon-premios-los-mejorres-stands-fitur-2018\/"]}]},{"@type":"ImageObject","inLanguage":"en-US","@id":"https:\/\/aehm.es\/stand-la-asociacion-empresarial-hotelera-madrid-recibe-galardon-premios-los-mejorres-stands-fitur-2018\/#primaryimage","url":"https:\/\/aehm.es\/wp-content\/uploads\/2018\/01\/Premio-Stand-AEHM-en-fitur-2018-1.jpg","contentUrl":"https:\/\/aehm.es\/wp-content\/uploads\/2018\/01\/Premio-Stand-AEHM-en-fitur-2018-1.jpg","width":1800,"height":1200},{"@type":"BreadcrumbList","@id":"https:\/\/aehm.es\/stand-la-asociacion-empresarial-hotelera-madrid-recibe-galardon-premios-los-mejorres-stands-fitur-2018\/#breadcrumb","itemListElement":[{"@type":"ListItem","position":1,"name":"Portada","item":"https:\/\/aehm.es\/en\/"},{"@type":"ListItem","position":2,"name":"El stand de la Asociaci\u00f3n Empresarial Hotelera de Madrid recibe el galard\u00f3n \u00abPremios a los Mejores Stands de FITUR 2018\u00bb"}]},{"@type":"WebSite","@id":"https:\/\/aehm.es\/#website","url":"https:\/\/aehm.es\/","name":"Asociaci\u00f3n Empresarial Hotelera de Madrid","description":"La Asociaci\u00f3n Empresarial Hotelera Madrid est\u00e1 formada por m\u00e1s de 300 establecimientos de todas las categor\u00edas y tipolog\u00edas (hoteles, hostales, hostels, apartamentos\u2026) que suman m\u00e1s de 75.000 plazas de alojamiento.","publisher":{"@id":"https:\/\/aehm.es\/#organization"},"alternateName":"AEHM","potentialAction":[{"@type":"SearchAction","target":{"@type":"EntryPoint","urlTemplate":"https:\/\/aehm.es\/?s={search_term_string}"},"query-input":{"@type":"PropertyValueSpecification","valueRequired":true,"valueName":"search_term_string"}}],"inLanguage":"en-US"},{"@type":"Organization","@id":"https:\/\/aehm.es\/#organization","name":"Asociaci\u00f3n Empresarial Hotelera de Madrid","url":"https:\/\/aehm.es\/","logo":{"@type":"ImageObject","inLanguage":"en-US","@id":"https:\/\/aehm.es\/#\/schema\/logo\/image\/","url":"https:\/\/aehm.es\/wp-content\/uploads\/2021\/11\/Logo_AEHM_Horiz.png","contentUrl":"https:\/\/aehm.es\/wp-content\/uploads\/2021\/11\/Logo_AEHM_Horiz.png","width":600,"height":182,"caption":"Asociaci\u00f3n Empresarial Hotelera de Madrid"},"image":{"@id":"https:\/\/aehm.es\/#\/schema\/logo\/image\/"},"sameAs":["https:\/\/www.instagram.com\/hotelesdemadrid\/","https:\/\/x.com\/HotelesAEHM","https:\/\/www.linkedin.com\/company\/11166072\/"]},{"@type":"Person","@id":"https:\/\/aehm.es\/#\/schema\/person\/ca1397f4b0bcee246b58a0278b67a95f","name":"richard","image":{"@type":"ImageObject","inLanguage":"en-US","@id":"https:\/\/secure.gravatar.com\/avatar\/dd2486a811ecc34bf766b7d8b17d0ea76674186c415867af39660e429e20e1a0?s=96&d=mm&r=g","url":"https:\/\/secure.gravatar.com\/avatar\/dd2486a811ecc34bf766b7d8b17d0ea76674186c415867af39660e429e20e1a0?s=96&d=mm&r=g","contentUrl":"https:\/\/secure.gravatar.com\/avatar\/dd2486a811ecc34bf766b7d8b17d0ea76674186c415867af39660e429e20e1a0?s=96&d=mm&r=g","caption":"richard"},"url":"https:\/\/aehm.es\/en\/author\/richard\/"}]}},"_links":{"self":[{"href":"https:\/\/aehm.es\/en\/wp-json\/wp\/v2\/posts\/3331","targetHints":{"allow":["GET"]}}],"collection":[{"href":"https:\/\/aehm.es\/en\/wp-json\/wp\/v2\/posts"}],"about":[{"href":"https:\/\/aehm.es\/en\/wp-json\/wp\/v2\/types\/post"}],"author":[{"embeddable":true,"href":"https:\/\/aehm.es\/en\/wp-json\/wp\/v2\/users\/1"}],"replies":[{"embeddable":true,"href":"https:\/\/aehm.es\/en\/wp-json\/wp\/v2\/comments?post=3331"}],"version-history":[{"count":0,"href":"https:\/\/aehm.es\/en\/wp-json\/wp\/v2\/posts\/3331\/revisions"}],"wp:featuredmedia":[{"embeddable":true,"href":"https:\/\/aehm.es\/en\/wp-json\/wp\/v2\/media\/3338"}],"wp:attachment":[{"href":"https:\/\/aehm.es\/en\/wp-json\/wp\/v2\/media?parent=3331"}],"wp:term":[{"taxonomy":"category","embeddable":true,"href":"https:\/\/aehm.es\/en\/wp-json\/wp\/v2\/categories?post=3331"},{"taxonomy":"post_tag","embeddable":true,"href":"https:\/\/aehm.es\/en\/wp-json\/wp\/v2\/tags?post=3331"}],"curies":[{"name":"wp","href":"https:\/\/api.w.org\/{rel}","templated":true}]}}