{"id":3313,"date":"2018-01-18T15:43:25","date_gmt":"2018-01-18T15:43:25","guid":{"rendered":"https:\/\/aehm.es\/?p=3313"},"modified":"2018-01-18T15:43:25","modified_gmt":"2018-01-18T15:43:25","slug":"los-hoteleros-madrilenos-area-turismo-del-ayuntamiento-madrid-colaboraran-la-segunda-edicion-la-madrid-hotel-week","status":"publish","type":"post","link":"https:\/\/aehm.es\/en\/los-hoteleros-madrilenos-area-turismo-del-ayuntamiento-madrid-colaboraran-la-segunda-edicion-la-madrid-hotel-week\/","title":{"rendered":"Los hoteleros madrile\u00f1os y el \u00c1rea de Turismo del Ayuntamiento de Madrid colaborar\u00e1n en la segunda edici\u00f3n de la \u2018Madrid Hotel Week\u2019"},"content":{"rendered":"<p>&nbsp;<\/p>\n<ul>\n<li><strong>El presidente de la AEHM, Gabriel Garc\u00eda, y el director del \u00c1rea de Turismo de Madrid Destino (Ayuntamiento de Madrid), Miguel Sanz, han firmado un convenio de colaboraci\u00f3n para el desarrollo de la \u2018MHW 2018\u2019 en el marco de Fitur<\/strong><\/li>\n<li><strong>Se trata de una iniciativa que pretende convertir a los establecimientos hoteleros madrile\u00f1os en los principales protagonistas de disciplinas tan diversas como la <\/strong><strong>arquitectura, cultura, gastronom\u00eda, dise\u00f1o, tecnolog\u00eda, arte, m\u00fasica, mercados municipales, artesan\u00eda, deporte, escena e historia<\/strong><\/li>\n<\/ul>\n<p><strong>Madrid, 18 de enero de 2018.-<\/strong> El presidente de la <strong>Asociaci\u00f3n Empresarial Hotelera de Madrid<\/strong> (AEHM), Gabriel Garc\u00eda, y el <strong>director del \u00c1rea de Turismo de Madrid Destino (Ayuntamiento de Madrid)<\/strong>, Miguel Sanz, han firmado un convenio de colaboraci\u00f3n para el desarrollo de la segunda edici\u00f3n de \u2018<a href=\"https:\/\/www.madridhotelweek.com\/\" target=\"_blank\" rel=\"noopener\">Madrid Hotel Week<\/a>\u2019 que tendr\u00e1 lugar del 5 al 11 de noviembre en distintos establecimientos hoteleros y en destacadas instituciones de Madrid.<\/p>\n<p>La firma de dicho acuerdo, que ha tenido lugar este jueves en el marco de Fitur, nace del <strong>compromiso del sector hotelero<\/strong> y del <strong>Ayuntamiento de Madrid <\/strong>de <strong>poner en valor la oferta de estos establecimientos <\/strong>como un atractivo m\u00e1s que ofrece el destino para potenciar, de este modo, la llegada de turistas internacionales durante la semana en la que se celebrar\u00e1 la \u2018Madrid Hotel Week 2018\u2019.<\/p>\n<p>Esta segunda edici\u00f3n, adem\u00e1s de estar orientada a impulsar la llegada de visitantes internacionales, as\u00ed como nacionales, no deja de lado a los ciudadanos de la capital d\u00e1ndoles la oportunidad de conocer el amplio abanico de posibilidades que ofrecen los hoteles m\u00e1s all\u00e1 del alojamiento.<\/p>\n<figure id=\"attachment_3321\" aria-describedby=\"caption-attachment-3321\" style=\"width: 900px\" class=\"wp-caption aligncenter\"><img fetchpriority=\"high\" decoding=\"async\" class=\"wp-image-3321 size-full\" src=\"https:\/\/aehm.es\/wp-content\/uploads\/2018\/01\/Mar-de-Miguel-durante-la-firma-de-convenio-Ayuntamiento-Madrid-y-AEHM-por-la-Madrid-Hotel-Week.jpg\" alt=\"\" width=\"900\" height=\"402\" \/><figcaption id=\"caption-attachment-3321\" class=\"wp-caption-text\">Mar de Miguel, Secretaria General AEHM explica el convenio firmado por el Ayuntamiento Madrid y la Asociaci\u00f3n Empresarial Hotelera de Madrid<\/figcaption><\/figure>\n<p><em>\u201cFirmar este convenio en una cita tan relevante como es Fitur es una muestra m\u00e1s del compromiso de nuestro sector hotelero, referente de calidad y sostenibilidad, con la imagen que se proyecta del destino. Estamos seguros de que contar con el apoyo del \u00c1rea de Turismo del Ayuntamiento nos permitir\u00e1 desarrollar muchas m\u00e1s acciones para la \u2018Madrid Hotel Week 2018\u2019\u201d,<\/em> ha se\u00f1alado la secretaria general de la AEHM, Mar de Miguel.<\/p>\n<blockquote><p><em>Estamos seguros de que contar con el apoyo del \u00c1rea de Turismo del Ayuntamiento nos permitir\u00e1 desarrollar muchas m\u00e1s acciones para la \u2018Madrid Hotel Week 2018\u2019,<\/em> ha se\u00f1alado la secretaria general de la AEHM, Mar de Miguel.<\/p>\n<p>&nbsp;<\/p><\/blockquote>\n<p>Por su lado, el director del \u00c1rea de Turismo de Madrid Destino, Miguel Sanz, ha indicado que<em> &#8220;Los hoteles son el coraz\u00f3n del sector tur\u00edstico. Es importante que su integraci\u00f3n en el modelo de la ciudad sea sostenible para optimizar la creaci\u00f3n de empleo y riqueza, as\u00ed como la buena convivencia y el desarrollo de los madrile\u00f1os\u201d<\/em>.<\/p>\n<figure id=\"attachment_3314\" aria-describedby=\"caption-attachment-3314\" style=\"width: 980px\" class=\"wp-caption aligncenter\"><img decoding=\"async\" class=\"wp-image-3314 size-large\" src=\"https:\/\/aehm.es\/wp-content\/uploads\/2018\/01\/Firma-acuerdo-de-colaboracion-AEHM-y-Ayuntamiento-de-Madrid-Madrid-Hotel-Week-2018-1024x683.jpg\" alt=\"Acuerdo Munimad y AEHM firmado en FITUR 2018\" width=\"980\" height=\"654\" \/><figcaption id=\"caption-attachment-3314\" class=\"wp-caption-text\">A la izquierda Miguel Sanz, director del \u00c1rea de Turismo de Madrid Destino (Ayuntamiento de Madrid), a la derecha Gabriel Garc\u00eda, presidente de la AEHM<\/figcaption><\/figure>\n<p>Durante la primera edici\u00f3n 2017, tanto madrile\u00f1os como visitantes y profesionales del sector, tuvieron la oportunidad de disfrutar de <strong>81 actividades en m\u00e1s de 50 hoteles<\/strong> y en <strong>m\u00e1s de diez instituciones<\/strong> (Instituto de Empresa, Museo Thyssen-Bornemisza, Museo L\u00e1zaro Galdiano, entre otros) que giraban en torno a disciplinas tan diversas como aquellas relacionadas con la <strong>arquitectura, cultura, gastronom\u00eda, dise\u00f1o, tecnolog\u00eda, arte, m\u00fasica, mercados municipales, artesan\u00eda, deporte, escena e historia<\/strong> que se desarrollaron entre el 3 y 12 de noviembre de 2017.<\/p>\n","protected":false},"excerpt":{"rendered":"<p>&nbsp; El presidente de la AEHM, Gabriel Garc\u00eda, y el director del \u00c1rea de Turismo de Madrid Destino (Ayuntamiento de Madrid), Miguel Sanz, han firmado un convenio de colaboraci\u00f3n para el desarrollo de la \u2018MHW 2018\u2019 en el marco de Fitur Se trata de una iniciativa que pretende convertir a los establecimientos hoteleros madrile\u00f1os en [&hellip;]<\/p>\n","protected":false},"author":1,"featured_media":3314,"comment_status":"open","ping_status":"open","sticky":false,"template":"","format":"standard","meta":{"footnotes":""},"categories":[1],"tags":[],"class_list":["post-3313","post","type-post","status-publish","format-standard","has-post-thumbnail","hentry","category-actualidad-aehm"],"yoast_head":"<!-- This site is optimized with the Yoast SEO plugin v27.5 - https:\/\/yoast.com\/product\/yoast-seo-wordpress\/ -->\n<title>Los hoteleros madrile\u00f1os y el \u00c1rea de Turismo del Ayuntamiento de Madrid colaborar\u00e1n en la segunda edici\u00f3n de la \u2018Madrid Hotel Week\u2019 - AEHM<\/title>\n<meta name=\"robots\" content=\"index, follow, max-snippet:-1, max-image-preview:large, max-video-preview:-1\" \/>\n<link rel=\"canonical\" href=\"https:\/\/aehm.es\/los-hoteleros-madrilenos-area-turismo-del-ayuntamiento-madrid-colaboraran-la-segunda-edicion-la-madrid-hotel-week\/\" \/>\n<meta property=\"og:locale\" content=\"en_US\" \/>\n<meta property=\"og:type\" content=\"article\" \/>\n<meta property=\"og:title\" content=\"Los hoteleros madrile\u00f1os y el \u00c1rea de Turismo del Ayuntamiento de Madrid colaborar\u00e1n en la segunda edici\u00f3n de la \u2018Madrid Hotel Week\u2019 - AEHM\" \/>\n<meta property=\"og:description\" content=\"&nbsp; El presidente de la AEHM, Gabriel Garc\u00eda, y el director del \u00c1rea de Turismo de Madrid Destino (Ayuntamiento de Madrid), Miguel Sanz, han firmado un convenio de colaboraci\u00f3n para el desarrollo de la \u2018MHW 2018\u2019 en el marco de Fitur Se trata de una iniciativa que pretende convertir a los establecimientos hoteleros madrile\u00f1os en [&hellip;]\" \/>\n<meta property=\"og:url\" content=\"https:\/\/aehm.es\/los-hoteleros-madrilenos-area-turismo-del-ayuntamiento-madrid-colaboraran-la-segunda-edicion-la-madrid-hotel-week\/\" \/>\n<meta property=\"og:site_name\" content=\"AEHM\" \/>\n<meta property=\"article:publisher\" content=\"https:\/\/www.instagram.com\/hotelesdemadrid\/\" \/>\n<meta property=\"article:published_time\" content=\"2018-01-18T15:43:25+00:00\" \/>\n<meta property=\"og:image\" content=\"https:\/\/aehm.es\/wp-content\/uploads\/2018\/01\/Firma-acuerdo-de-colaboracion-AEHM-y-Ayuntamiento-de-Madrid-Madrid-Hotel-Week-2018-1.jpg\" \/>\n\t<meta property=\"og:image:width\" content=\"1800\" \/>\n\t<meta property=\"og:image:height\" content=\"1200\" \/>\n\t<meta property=\"og:image:type\" content=\"image\/jpeg\" \/>\n<meta name=\"author\" content=\"richard\" \/>\n<meta name=\"twitter:card\" content=\"summary_large_image\" \/>\n<meta name=\"twitter:creator\" content=\"@HotelesAEHM\" \/>\n<meta name=\"twitter:site\" content=\"@HotelesAEHM\" \/>\n<meta name=\"twitter:label1\" content=\"Written by\" \/>\n\t<meta name=\"twitter:data1\" content=\"richard\" \/>\n\t<meta name=\"twitter:label2\" content=\"Est. reading time\" \/>\n\t<meta name=\"twitter:data2\" content=\"3 minutes\" \/>\n<script type=\"application\/ld+json\" class=\"yoast-schema-graph\">{\"@context\":\"https:\\\/\\\/schema.org\",\"@graph\":[{\"@type\":\"Article\",\"@id\":\"https:\\\/\\\/aehm.es\\\/los-hoteleros-madrilenos-area-turismo-del-ayuntamiento-madrid-colaboraran-la-segunda-edicion-la-madrid-hotel-week\\\/#article\",\"isPartOf\":{\"@id\":\"https:\\\/\\\/aehm.es\\\/los-hoteleros-madrilenos-area-turismo-del-ayuntamiento-madrid-colaboraran-la-segunda-edicion-la-madrid-hotel-week\\\/\"},\"author\":{\"name\":\"richard\",\"@id\":\"https:\\\/\\\/aehm.es\\\/#\\\/schema\\\/person\\\/ca1397f4b0bcee246b58a0278b67a95f\"},\"headline\":\"Los hoteleros madrile\u00f1os y el \u00c1rea de Turismo del Ayuntamiento de Madrid colaborar\u00e1n en la segunda edici\u00f3n de la \u2018Madrid Hotel Week\u2019\",\"datePublished\":\"2018-01-18T15:43:25+00:00\",\"mainEntityOfPage\":{\"@id\":\"https:\\\/\\\/aehm.es\\\/los-hoteleros-madrilenos-area-turismo-del-ayuntamiento-madrid-colaboraran-la-segunda-edicion-la-madrid-hotel-week\\\/\"},\"wordCount\":617,\"commentCount\":0,\"publisher\":{\"@id\":\"https:\\\/\\\/aehm.es\\\/#organization\"},\"image\":{\"@id\":\"https:\\\/\\\/aehm.es\\\/los-hoteleros-madrilenos-area-turismo-del-ayuntamiento-madrid-colaboraran-la-segunda-edicion-la-madrid-hotel-week\\\/#primaryimage\"},\"thumbnailUrl\":\"https:\\\/\\\/aehm.es\\\/wp-content\\\/uploads\\\/2018\\\/01\\\/Firma-acuerdo-de-colaboracion-AEHM-y-Ayuntamiento-de-Madrid-Madrid-Hotel-Week-2018-1.jpg\",\"articleSection\":[\"Actualidad AEHM\"],\"inLanguage\":\"en-US\",\"potentialAction\":[{\"@type\":\"CommentAction\",\"name\":\"Comment\",\"target\":[\"https:\\\/\\\/aehm.es\\\/los-hoteleros-madrilenos-area-turismo-del-ayuntamiento-madrid-colaboraran-la-segunda-edicion-la-madrid-hotel-week\\\/#respond\"]}]},{\"@type\":\"WebPage\",\"@id\":\"https:\\\/\\\/aehm.es\\\/los-hoteleros-madrilenos-area-turismo-del-ayuntamiento-madrid-colaboraran-la-segunda-edicion-la-madrid-hotel-week\\\/\",\"url\":\"https:\\\/\\\/aehm.es\\\/los-hoteleros-madrilenos-area-turismo-del-ayuntamiento-madrid-colaboraran-la-segunda-edicion-la-madrid-hotel-week\\\/\",\"name\":\"Los hoteleros madrile\u00f1os y el \u00c1rea de Turismo del Ayuntamiento de Madrid colaborar\u00e1n en la segunda edici\u00f3n de la \u2018Madrid Hotel Week\u2019 - AEHM\",\"isPartOf\":{\"@id\":\"https:\\\/\\\/aehm.es\\\/#website\"},\"primaryImageOfPage\":{\"@id\":\"https:\\\/\\\/aehm.es\\\/los-hoteleros-madrilenos-area-turismo-del-ayuntamiento-madrid-colaboraran-la-segunda-edicion-la-madrid-hotel-week\\\/#primaryimage\"},\"image\":{\"@id\":\"https:\\\/\\\/aehm.es\\\/los-hoteleros-madrilenos-area-turismo-del-ayuntamiento-madrid-colaboraran-la-segunda-edicion-la-madrid-hotel-week\\\/#primaryimage\"},\"thumbnailUrl\":\"https:\\\/\\\/aehm.es\\\/wp-content\\\/uploads\\\/2018\\\/01\\\/Firma-acuerdo-de-colaboracion-AEHM-y-Ayuntamiento-de-Madrid-Madrid-Hotel-Week-2018-1.jpg\",\"datePublished\":\"2018-01-18T15:43:25+00:00\",\"breadcrumb\":{\"@id\":\"https:\\\/\\\/aehm.es\\\/los-hoteleros-madrilenos-area-turismo-del-ayuntamiento-madrid-colaboraran-la-segunda-edicion-la-madrid-hotel-week\\\/#breadcrumb\"},\"inLanguage\":\"en-US\",\"potentialAction\":[{\"@type\":\"ReadAction\",\"target\":[\"https:\\\/\\\/aehm.es\\\/los-hoteleros-madrilenos-area-turismo-del-ayuntamiento-madrid-colaboraran-la-segunda-edicion-la-madrid-hotel-week\\\/\"]}]},{\"@type\":\"ImageObject\",\"inLanguage\":\"en-US\",\"@id\":\"https:\\\/\\\/aehm.es\\\/los-hoteleros-madrilenos-area-turismo-del-ayuntamiento-madrid-colaboraran-la-segunda-edicion-la-madrid-hotel-week\\\/#primaryimage\",\"url\":\"https:\\\/\\\/aehm.es\\\/wp-content\\\/uploads\\\/2018\\\/01\\\/Firma-acuerdo-de-colaboracion-AEHM-y-Ayuntamiento-de-Madrid-Madrid-Hotel-Week-2018-1.jpg\",\"contentUrl\":\"https:\\\/\\\/aehm.es\\\/wp-content\\\/uploads\\\/2018\\\/01\\\/Firma-acuerdo-de-colaboracion-AEHM-y-Ayuntamiento-de-Madrid-Madrid-Hotel-Week-2018-1.jpg\",\"width\":1800,\"height\":1200,\"caption\":\"Acuerdo Munimad y AEHM firmado en FITUR 2018\"},{\"@type\":\"BreadcrumbList\",\"@id\":\"https:\\\/\\\/aehm.es\\\/los-hoteleros-madrilenos-area-turismo-del-ayuntamiento-madrid-colaboraran-la-segunda-edicion-la-madrid-hotel-week\\\/#breadcrumb\",\"itemListElement\":[{\"@type\":\"ListItem\",\"position\":1,\"name\":\"Portada\",\"item\":\"https:\\\/\\\/aehm.es\\\/en\\\/\"},{\"@type\":\"ListItem\",\"position\":2,\"name\":\"Los hoteleros madrile\u00f1os y el \u00c1rea de Turismo del Ayuntamiento de Madrid colaborar\u00e1n en la segunda edici\u00f3n de la \u2018Madrid Hotel Week\u2019\"}]},{\"@type\":\"WebSite\",\"@id\":\"https:\\\/\\\/aehm.es\\\/#website\",\"url\":\"https:\\\/\\\/aehm.es\\\/\",\"name\":\"Asociaci\u00f3n Empresarial Hotelera de Madrid\",\"description\":\"La Asociaci\u00f3n Empresarial Hotelera Madrid est\u00e1 formada por m\u00e1s de 300 establecimientos de todas las categor\u00edas y tipolog\u00edas (hoteles, hostales, hostels, apartamentos\u2026) que suman m\u00e1s de 75.000 plazas de alojamiento.\",\"publisher\":{\"@id\":\"https:\\\/\\\/aehm.es\\\/#organization\"},\"alternateName\":\"AEHM\",\"potentialAction\":[{\"@type\":\"SearchAction\",\"target\":{\"@type\":\"EntryPoint\",\"urlTemplate\":\"https:\\\/\\\/aehm.es\\\/?s={search_term_string}\"},\"query-input\":{\"@type\":\"PropertyValueSpecification\",\"valueRequired\":true,\"valueName\":\"search_term_string\"}}],\"inLanguage\":\"en-US\"},{\"@type\":\"Organization\",\"@id\":\"https:\\\/\\\/aehm.es\\\/#organization\",\"name\":\"Asociaci\u00f3n Empresarial Hotelera de Madrid\",\"url\":\"https:\\\/\\\/aehm.es\\\/\",\"logo\":{\"@type\":\"ImageObject\",\"inLanguage\":\"en-US\",\"@id\":\"https:\\\/\\\/aehm.es\\\/#\\\/schema\\\/logo\\\/image\\\/\",\"url\":\"https:\\\/\\\/aehm.es\\\/wp-content\\\/uploads\\\/2021\\\/11\\\/Logo_AEHM_Horiz.png\",\"contentUrl\":\"https:\\\/\\\/aehm.es\\\/wp-content\\\/uploads\\\/2021\\\/11\\\/Logo_AEHM_Horiz.png\",\"width\":600,\"height\":182,\"caption\":\"Asociaci\u00f3n Empresarial Hotelera de Madrid\"},\"image\":{\"@id\":\"https:\\\/\\\/aehm.es\\\/#\\\/schema\\\/logo\\\/image\\\/\"},\"sameAs\":[\"https:\\\/\\\/www.instagram.com\\\/hotelesdemadrid\\\/\",\"https:\\\/\\\/x.com\\\/HotelesAEHM\",\"https:\\\/\\\/www.linkedin.com\\\/company\\\/11166072\\\/\"]},{\"@type\":\"Person\",\"@id\":\"https:\\\/\\\/aehm.es\\\/#\\\/schema\\\/person\\\/ca1397f4b0bcee246b58a0278b67a95f\",\"name\":\"richard\",\"image\":{\"@type\":\"ImageObject\",\"inLanguage\":\"en-US\",\"@id\":\"https:\\\/\\\/secure.gravatar.com\\\/avatar\\\/dd2486a811ecc34bf766b7d8b17d0ea76674186c415867af39660e429e20e1a0?s=96&d=mm&r=g\",\"url\":\"https:\\\/\\\/secure.gravatar.com\\\/avatar\\\/dd2486a811ecc34bf766b7d8b17d0ea76674186c415867af39660e429e20e1a0?s=96&d=mm&r=g\",\"contentUrl\":\"https:\\\/\\\/secure.gravatar.com\\\/avatar\\\/dd2486a811ecc34bf766b7d8b17d0ea76674186c415867af39660e429e20e1a0?s=96&d=mm&r=g\",\"caption\":\"richard\"},\"url\":\"https:\\\/\\\/aehm.es\\\/en\\\/author\\\/richard\\\/\"}]}<\/script>\n<!-- \/ Yoast SEO plugin. -->","yoast_head_json":{"title":"Los hoteleros madrile\u00f1os y el \u00c1rea de Turismo del Ayuntamiento de Madrid colaborar\u00e1n en la segunda edici\u00f3n de la \u2018Madrid Hotel Week\u2019 - AEHM","robots":{"index":"index","follow":"follow","max-snippet":"max-snippet:-1","max-image-preview":"max-image-preview:large","max-video-preview":"max-video-preview:-1"},"canonical":"https:\/\/aehm.es\/los-hoteleros-madrilenos-area-turismo-del-ayuntamiento-madrid-colaboraran-la-segunda-edicion-la-madrid-hotel-week\/","og_locale":"en_US","og_type":"article","og_title":"Los hoteleros madrile\u00f1os y el \u00c1rea de Turismo del Ayuntamiento de Madrid colaborar\u00e1n en la segunda edici\u00f3n de la \u2018Madrid Hotel Week\u2019 - AEHM","og_description":"&nbsp; El presidente de la AEHM, Gabriel Garc\u00eda, y el director del \u00c1rea de Turismo de Madrid Destino (Ayuntamiento de Madrid), Miguel Sanz, han firmado un convenio de colaboraci\u00f3n para el desarrollo de la \u2018MHW 2018\u2019 en el marco de Fitur Se trata de una iniciativa que pretende convertir a los establecimientos hoteleros madrile\u00f1os en [&hellip;]","og_url":"https:\/\/aehm.es\/los-hoteleros-madrilenos-area-turismo-del-ayuntamiento-madrid-colaboraran-la-segunda-edicion-la-madrid-hotel-week\/","og_site_name":"AEHM","article_publisher":"https:\/\/www.instagram.com\/hotelesdemadrid\/","article_published_time":"2018-01-18T15:43:25+00:00","og_image":[{"width":1800,"height":1200,"url":"https:\/\/aehm.es\/wp-content\/uploads\/2018\/01\/Firma-acuerdo-de-colaboracion-AEHM-y-Ayuntamiento-de-Madrid-Madrid-Hotel-Week-2018-1.jpg","type":"image\/jpeg"}],"author":"richard","twitter_card":"summary_large_image","twitter_creator":"@HotelesAEHM","twitter_site":"@HotelesAEHM","twitter_misc":{"Written by":"richard","Est. reading time":"3 minutes"},"schema":{"@context":"https:\/\/schema.org","@graph":[{"@type":"Article","@id":"https:\/\/aehm.es\/los-hoteleros-madrilenos-area-turismo-del-ayuntamiento-madrid-colaboraran-la-segunda-edicion-la-madrid-hotel-week\/#article","isPartOf":{"@id":"https:\/\/aehm.es\/los-hoteleros-madrilenos-area-turismo-del-ayuntamiento-madrid-colaboraran-la-segunda-edicion-la-madrid-hotel-week\/"},"author":{"name":"richard","@id":"https:\/\/aehm.es\/#\/schema\/person\/ca1397f4b0bcee246b58a0278b67a95f"},"headline":"Los hoteleros madrile\u00f1os y el \u00c1rea de Turismo del Ayuntamiento de Madrid colaborar\u00e1n en la segunda edici\u00f3n de la \u2018Madrid Hotel Week\u2019","datePublished":"2018-01-18T15:43:25+00:00","mainEntityOfPage":{"@id":"https:\/\/aehm.es\/los-hoteleros-madrilenos-area-turismo-del-ayuntamiento-madrid-colaboraran-la-segunda-edicion-la-madrid-hotel-week\/"},"wordCount":617,"commentCount":0,"publisher":{"@id":"https:\/\/aehm.es\/#organization"},"image":{"@id":"https:\/\/aehm.es\/los-hoteleros-madrilenos-area-turismo-del-ayuntamiento-madrid-colaboraran-la-segunda-edicion-la-madrid-hotel-week\/#primaryimage"},"thumbnailUrl":"https:\/\/aehm.es\/wp-content\/uploads\/2018\/01\/Firma-acuerdo-de-colaboracion-AEHM-y-Ayuntamiento-de-Madrid-Madrid-Hotel-Week-2018-1.jpg","articleSection":["Actualidad AEHM"],"inLanguage":"en-US","potentialAction":[{"@type":"CommentAction","name":"Comment","target":["https:\/\/aehm.es\/los-hoteleros-madrilenos-area-turismo-del-ayuntamiento-madrid-colaboraran-la-segunda-edicion-la-madrid-hotel-week\/#respond"]}]},{"@type":"WebPage","@id":"https:\/\/aehm.es\/los-hoteleros-madrilenos-area-turismo-del-ayuntamiento-madrid-colaboraran-la-segunda-edicion-la-madrid-hotel-week\/","url":"https:\/\/aehm.es\/los-hoteleros-madrilenos-area-turismo-del-ayuntamiento-madrid-colaboraran-la-segunda-edicion-la-madrid-hotel-week\/","name":"Los hoteleros madrile\u00f1os y el \u00c1rea de Turismo del Ayuntamiento de Madrid colaborar\u00e1n en la segunda edici\u00f3n de la \u2018Madrid Hotel Week\u2019 - AEHM","isPartOf":{"@id":"https:\/\/aehm.es\/#website"},"primaryImageOfPage":{"@id":"https:\/\/aehm.es\/los-hoteleros-madrilenos-area-turismo-del-ayuntamiento-madrid-colaboraran-la-segunda-edicion-la-madrid-hotel-week\/#primaryimage"},"image":{"@id":"https:\/\/aehm.es\/los-hoteleros-madrilenos-area-turismo-del-ayuntamiento-madrid-colaboraran-la-segunda-edicion-la-madrid-hotel-week\/#primaryimage"},"thumbnailUrl":"https:\/\/aehm.es\/wp-content\/uploads\/2018\/01\/Firma-acuerdo-de-colaboracion-AEHM-y-Ayuntamiento-de-Madrid-Madrid-Hotel-Week-2018-1.jpg","datePublished":"2018-01-18T15:43:25+00:00","breadcrumb":{"@id":"https:\/\/aehm.es\/los-hoteleros-madrilenos-area-turismo-del-ayuntamiento-madrid-colaboraran-la-segunda-edicion-la-madrid-hotel-week\/#breadcrumb"},"inLanguage":"en-US","potentialAction":[{"@type":"ReadAction","target":["https:\/\/aehm.es\/los-hoteleros-madrilenos-area-turismo-del-ayuntamiento-madrid-colaboraran-la-segunda-edicion-la-madrid-hotel-week\/"]}]},{"@type":"ImageObject","inLanguage":"en-US","@id":"https:\/\/aehm.es\/los-hoteleros-madrilenos-area-turismo-del-ayuntamiento-madrid-colaboraran-la-segunda-edicion-la-madrid-hotel-week\/#primaryimage","url":"https:\/\/aehm.es\/wp-content\/uploads\/2018\/01\/Firma-acuerdo-de-colaboracion-AEHM-y-Ayuntamiento-de-Madrid-Madrid-Hotel-Week-2018-1.jpg","contentUrl":"https:\/\/aehm.es\/wp-content\/uploads\/2018\/01\/Firma-acuerdo-de-colaboracion-AEHM-y-Ayuntamiento-de-Madrid-Madrid-Hotel-Week-2018-1.jpg","width":1800,"height":1200,"caption":"Acuerdo Munimad y AEHM firmado en FITUR 2018"},{"@type":"BreadcrumbList","@id":"https:\/\/aehm.es\/los-hoteleros-madrilenos-area-turismo-del-ayuntamiento-madrid-colaboraran-la-segunda-edicion-la-madrid-hotel-week\/#breadcrumb","itemListElement":[{"@type":"ListItem","position":1,"name":"Portada","item":"https:\/\/aehm.es\/en\/"},{"@type":"ListItem","position":2,"name":"Los hoteleros madrile\u00f1os y el \u00c1rea de Turismo del Ayuntamiento de Madrid colaborar\u00e1n en la segunda edici\u00f3n de la \u2018Madrid Hotel Week\u2019"}]},{"@type":"WebSite","@id":"https:\/\/aehm.es\/#website","url":"https:\/\/aehm.es\/","name":"Asociaci\u00f3n Empresarial Hotelera de Madrid","description":"La Asociaci\u00f3n Empresarial Hotelera Madrid est\u00e1 formada por m\u00e1s de 300 establecimientos de todas las categor\u00edas y tipolog\u00edas (hoteles, hostales, hostels, apartamentos\u2026) que suman m\u00e1s de 75.000 plazas de alojamiento.","publisher":{"@id":"https:\/\/aehm.es\/#organization"},"alternateName":"AEHM","potentialAction":[{"@type":"SearchAction","target":{"@type":"EntryPoint","urlTemplate":"https:\/\/aehm.es\/?s={search_term_string}"},"query-input":{"@type":"PropertyValueSpecification","valueRequired":true,"valueName":"search_term_string"}}],"inLanguage":"en-US"},{"@type":"Organization","@id":"https:\/\/aehm.es\/#organization","name":"Asociaci\u00f3n Empresarial Hotelera de Madrid","url":"https:\/\/aehm.es\/","logo":{"@type":"ImageObject","inLanguage":"en-US","@id":"https:\/\/aehm.es\/#\/schema\/logo\/image\/","url":"https:\/\/aehm.es\/wp-content\/uploads\/2021\/11\/Logo_AEHM_Horiz.png","contentUrl":"https:\/\/aehm.es\/wp-content\/uploads\/2021\/11\/Logo_AEHM_Horiz.png","width":600,"height":182,"caption":"Asociaci\u00f3n Empresarial Hotelera de Madrid"},"image":{"@id":"https:\/\/aehm.es\/#\/schema\/logo\/image\/"},"sameAs":["https:\/\/www.instagram.com\/hotelesdemadrid\/","https:\/\/x.com\/HotelesAEHM","https:\/\/www.linkedin.com\/company\/11166072\/"]},{"@type":"Person","@id":"https:\/\/aehm.es\/#\/schema\/person\/ca1397f4b0bcee246b58a0278b67a95f","name":"richard","image":{"@type":"ImageObject","inLanguage":"en-US","@id":"https:\/\/secure.gravatar.com\/avatar\/dd2486a811ecc34bf766b7d8b17d0ea76674186c415867af39660e429e20e1a0?s=96&d=mm&r=g","url":"https:\/\/secure.gravatar.com\/avatar\/dd2486a811ecc34bf766b7d8b17d0ea76674186c415867af39660e429e20e1a0?s=96&d=mm&r=g","contentUrl":"https:\/\/secure.gravatar.com\/avatar\/dd2486a811ecc34bf766b7d8b17d0ea76674186c415867af39660e429e20e1a0?s=96&d=mm&r=g","caption":"richard"},"url":"https:\/\/aehm.es\/en\/author\/richard\/"}]}},"_links":{"self":[{"href":"https:\/\/aehm.es\/en\/wp-json\/wp\/v2\/posts\/3313","targetHints":{"allow":["GET"]}}],"collection":[{"href":"https:\/\/aehm.es\/en\/wp-json\/wp\/v2\/posts"}],"about":[{"href":"https:\/\/aehm.es\/en\/wp-json\/wp\/v2\/types\/post"}],"author":[{"embeddable":true,"href":"https:\/\/aehm.es\/en\/wp-json\/wp\/v2\/users\/1"}],"replies":[{"embeddable":true,"href":"https:\/\/aehm.es\/en\/wp-json\/wp\/v2\/comments?post=3313"}],"version-history":[{"count":0,"href":"https:\/\/aehm.es\/en\/wp-json\/wp\/v2\/posts\/3313\/revisions"}],"wp:featuredmedia":[{"embeddable":true,"href":"https:\/\/aehm.es\/en\/wp-json\/wp\/v2\/media\/3314"}],"wp:attachment":[{"href":"https:\/\/aehm.es\/en\/wp-json\/wp\/v2\/media?parent=3313"}],"wp:term":[{"taxonomy":"category","embeddable":true,"href":"https:\/\/aehm.es\/en\/wp-json\/wp\/v2\/categories?post=3313"},{"taxonomy":"post_tag","embeddable":true,"href":"https:\/\/aehm.es\/en\/wp-json\/wp\/v2\/tags?post=3313"}],"curies":[{"name":"wp","href":"https:\/\/api.w.org\/{rel}","templated":true}]}}