{"id":3274,"date":"2018-01-17T10:40:58","date_gmt":"2018-01-17T10:40:58","guid":{"rendered":"https:\/\/aehm.es\/?p=3274"},"modified":"2018-01-17T10:40:58","modified_gmt":"2018-01-17T10:40:58","slug":"la-asociacion-empresarial-hotelera-de-madrid-irrumpe-en-fitur-2018-recreando-un-hotel","status":"publish","type":"post","link":"https:\/\/aehm.es\/en\/la-asociacion-empresarial-hotelera-de-madrid-irrumpe-en-fitur-2018-recreando-un-hotel\/","title":{"rendered":"La Asociaci\u00f3n Empresarial Hotelera de Madrid irrumpe en Fitur 2018 recreando un hotel con las \u00faltimas tendencias en interiorismo"},"content":{"rendered":"<ul>\n<li><strong>El stand 10D24, de 174 metros cuadrados, ofrecer\u00e1 al p\u00fablico profesional y a los ciudadanos cuatro ambientes que emulan las principales estancias de un hotel<\/strong><\/li>\n<li><strong>LA AEHM ha organizado para esta edici\u00f3n de Fitur numerosos encuentros profesionales, varias actividades organizadas y diversas experiencias gastron\u00f3micas, entre otras<\/strong><\/li>\n<\/ul>\n<p><\/strong> La <strong>Asociaci\u00f3n Empresarial Hotelera de Madrid<\/strong> (AEHM), en su firme apuesta por promocionar la <strong>calidad de la planta hotelera madrile\u00f1a<\/strong>, participar\u00e1 en <strong>Fitur 2018 <\/strong>con un stand de 174 metros cuadrados (10D24) que recrear\u00e1 un establecimiento hotelero decorado seg\u00fan las \u00faltimas tendencias en interiorismo<strong>.<\/strong> Para la Asociaci\u00f3n, formar parte de un evento como este es fundamental para <strong>poner en valor el modelo de turismo sostenible por el que aboga el sector <\/strong>en pos de <strong>consolidar l<\/strong>a <strong>imagen de excelencia de los establecimientos de la regi\u00f3n<\/strong>, as\u00ed como la <strong>imagen del destino<\/strong>.<\/p>\n<p>El stand de la AEHM se divide en cuatro ambientes decorados por el <strong>Corte Ingl\u00e9s Divisi\u00f3n Empresas<\/strong>, donde se celebrar\u00e1n numerosos encuentros profesionales y varias actividades organizadas gracias a la colaboraci\u00f3n del <strong>Grupo<\/strong> <strong>Norte\u00f1os, Mahou, Caf\u00e9 Baqu\u00e9 y Cooperama,<\/strong> entre otros, y que se distribuir\u00e1n entre el mi\u00e9rcoles 17 de enero y el viernes 19 de enero.<\/p>\n<p><em>\u201cParticipar en esta cita anual es imprescindible para dar a conocer la excelente oferta de nuestros establecimientos y, a su vez, es una plataforma para impulsar la llegada de turistas nacionales e internacionales, en gran parte, por las experiencias que pueden disfrutar en nuestros hoteles\u201d,<\/em> ha se\u00f1alado la secretaria general de la AEHM, Mar de Miguel.<\/p>\n<p><strong>Programa de actividades y experiencias <\/strong><\/p>\n<p>Entre el programa de actividades que la AEHM celebrar\u00e1 en su stand en el marco de la 38 edici\u00f3n de la feria, destaca el <strong>I Encuentro de Inversi\u00f3n Hotelera<\/strong> organizado por la <strong>AEHM<\/strong> junto con <strong>Christie &amp; Co <\/strong>en el que se analizar\u00e1n las principales tendencias europeas de viajes e inversi\u00f3n hotelera destacando aquellas zonas que han incrementado su importancia para el turismo.<\/p>\n<p>Adem\u00e1s, tambi\u00e9n se llevar\u00e1 a cabo la firma<strong> del<\/strong> <strong>convenio de colaboraci\u00f3n que la Asociaci\u00f3n suscribir\u00e1 con el \u00c1rea de Turismo del Ayuntamiento de Madrid<\/strong> para promocionar y apoyar la segunda edici\u00f3n de la <a href=\"https:\/\/www.madridhotelweek.com\/\" target=\"_blank\" rel=\"noopener\"><strong>\u2018Madrid Hotel Week\u2019<\/strong><\/a>. Se trata de una iniciativa que, durante la semana del 5 al 11 de noviembre de 2018, convertir\u00e1 a los<strong> hoteles de la regi\u00f3n <\/strong>en los principales <strong>protagonistas <\/strong><strong>de disciplinas tan diversas como la <\/strong><strong>arquitectura, cultura, gastronom\u00eda, dise\u00f1o, tecnolog\u00eda, arte, m\u00fasica, mercados municipales, artesan\u00eda, deporte, escena e historia. <\/strong>La firma de este convenio tendr\u00e1 lugar el jueves, 18 de noviembre, a las 12.30 en el stand de la AEHM (Pabell\u00f3n 10D24)<strong>.<\/strong><\/p>\n<p>Por otra parte, se celebrar\u00e1n distintas actividades orientadas al profesional de la hoteler\u00eda y el turismo, as\u00ed como varias sesiones de networking en las que los profesionales podr\u00e1n conocer todos los detalles de las \u00faltimas tendencias en interiorismo de la mano del Corte Ingl\u00e9s Divisi\u00f3n Empresas.<\/p>\n<p>Asimismo, la AEHM ofrecer\u00e1 diversas experiencias, entre las que destacan una <strong>degustaci\u00f3n de la amplia variedad de caf\u00e9s<\/strong> <strong>de Caf\u00e9s Baqu\u00e9<\/strong> y la cata de <strong>cata de cervezas<\/strong> <strong>Mahou<\/strong> maridada con los <strong>productos de alta calidad del Grupo Norte\u00f1os<\/strong>.<\/p>\n<div id='gallery-1' class='gallery galleryid-3274 gallery-columns-2 gallery-size-medium'><figure class='gallery-item'>\n\t\t\t<div class='gallery-icon landscape'>\n\t\t\t\t<a href='https:\/\/aehm.es\/wp-content\/uploads\/2018\/01\/Stand-AEHM-en-Fitur-2018-1-1.jpg'><img fetchpriority=\"high\" decoding=\"async\" width=\"300\" height=\"225\" src=\"https:\/\/aehm.es\/wp-content\/uploads\/2018\/01\/Stand-AEHM-en-Fitur-2018-1-1-300x225.jpg\" class=\"attachment-medium size-medium\" alt=\"\" srcset=\"https:\/\/aehm.es\/wp-content\/uploads\/2018\/01\/Stand-AEHM-en-Fitur-2018-1-1-300x225.jpg 300w, https:\/\/aehm.es\/wp-content\/uploads\/2018\/01\/Stand-AEHM-en-Fitur-2018-1-1-1024x768.jpg 1024w, https:\/\/aehm.es\/wp-content\/uploads\/2018\/01\/Stand-AEHM-en-Fitur-2018-1-1-768x576.jpg 768w, https:\/\/aehm.es\/wp-content\/uploads\/2018\/01\/Stand-AEHM-en-Fitur-2018-1-1-1536x1152.jpg 1536w, https:\/\/aehm.es\/wp-content\/uploads\/2018\/01\/Stand-AEHM-en-Fitur-2018-1-1.jpg 1600w\" sizes=\"(max-width: 300px) 100vw, 300px\" \/><\/a>\n\t\t\t<\/div><\/figure><figure class='gallery-item'>\n\t\t\t<div class='gallery-icon landscape'>\n\t\t\t\t<a href='https:\/\/aehm.es\/wp-content\/uploads\/2018\/01\/Stand-AEHM-en-Fitur-2018-cafeteria-1.jpg'><img decoding=\"async\" width=\"300\" height=\"225\" src=\"https:\/\/aehm.es\/wp-content\/uploads\/2018\/01\/Stand-AEHM-en-Fitur-2018-cafeteria-1-300x225.jpg\" class=\"attachment-medium size-medium\" alt=\"\" srcset=\"https:\/\/aehm.es\/wp-content\/uploads\/2018\/01\/Stand-AEHM-en-Fitur-2018-cafeteria-1-300x225.jpg 300w, https:\/\/aehm.es\/wp-content\/uploads\/2018\/01\/Stand-AEHM-en-Fitur-2018-cafeteria-1-1024x768.jpg 1024w, https:\/\/aehm.es\/wp-content\/uploads\/2018\/01\/Stand-AEHM-en-Fitur-2018-cafeteria-1-768x576.jpg 768w, https:\/\/aehm.es\/wp-content\/uploads\/2018\/01\/Stand-AEHM-en-Fitur-2018-cafeteria-1-1536x1152.jpg 1536w, https:\/\/aehm.es\/wp-content\/uploads\/2018\/01\/Stand-AEHM-en-Fitur-2018-cafeteria-1.jpg 1600w\" sizes=\"(max-width: 300px) 100vw, 300px\" \/><\/a>\n\t\t\t<\/div><\/figure><figure class='gallery-item'>\n\t\t\t<div class='gallery-icon portrait'>\n\t\t\t\t<a href='https:\/\/aehm.es\/wp-content\/uploads\/2018\/01\/Stand-AEHM-en-Fitur-2018-dormitorio-1.jpg'><img decoding=\"async\" width=\"225\" height=\"300\" src=\"https:\/\/aehm.es\/wp-content\/uploads\/2018\/01\/Stand-AEHM-en-Fitur-2018-dormitorio-1-225x300.jpg\" class=\"attachment-medium size-medium\" alt=\"\" srcset=\"https:\/\/aehm.es\/wp-content\/uploads\/2018\/01\/Stand-AEHM-en-Fitur-2018-dormitorio-1-225x300.jpg 225w, https:\/\/aehm.es\/wp-content\/uploads\/2018\/01\/Stand-AEHM-en-Fitur-2018-dormitorio-1-768x1024.jpg 768w, https:\/\/aehm.es\/wp-content\/uploads\/2018\/01\/Stand-AEHM-en-Fitur-2018-dormitorio-1-1152x1536.jpg 1152w, https:\/\/aehm.es\/wp-content\/uploads\/2018\/01\/Stand-AEHM-en-Fitur-2018-dormitorio-1.jpg 1200w\" sizes=\"(max-width: 225px) 100vw, 225px\" \/><\/a>\n\t\t\t<\/div><\/figure><figure class='gallery-item'>\n\t\t\t<div class='gallery-icon landscape'>\n\t\t\t\t<a href='https:\/\/aehm.es\/wp-content\/uploads\/2018\/01\/Stand-AEHM-en-Fitur-2018-frontal-1.jpg'><img loading=\"lazy\" decoding=\"async\" width=\"300\" height=\"225\" src=\"https:\/\/aehm.es\/wp-content\/uploads\/2018\/01\/Stand-AEHM-en-Fitur-2018-frontal-1-300x225.jpg\" class=\"attachment-medium size-medium\" alt=\"\" srcset=\"https:\/\/aehm.es\/wp-content\/uploads\/2018\/01\/Stand-AEHM-en-Fitur-2018-frontal-1-300x225.jpg 300w, https:\/\/aehm.es\/wp-content\/uploads\/2018\/01\/Stand-AEHM-en-Fitur-2018-frontal-1-1024x768.jpg 1024w, https:\/\/aehm.es\/wp-content\/uploads\/2018\/01\/Stand-AEHM-en-Fitur-2018-frontal-1-768x576.jpg 768w, https:\/\/aehm.es\/wp-content\/uploads\/2018\/01\/Stand-AEHM-en-Fitur-2018-frontal-1-1536x1152.jpg 1536w, https:\/\/aehm.es\/wp-content\/uploads\/2018\/01\/Stand-AEHM-en-Fitur-2018-frontal-1.jpg 1600w\" sizes=\"(max-width: 300px) 100vw, 300px\" \/><\/a>\n\t\t\t<\/div><\/figure>\n\t\t<\/div>\n\n","protected":false},"excerpt":{"rendered":"<p>El stand 10D24, de 174 metros cuadrados, ofrecer\u00e1 al p\u00fablico profesional y a los ciudadanos cuatro ambientes que emulan las principales estancias de un hotel LA AEHM ha organizado para esta edici\u00f3n de Fitur numerosos encuentros profesionales, varias actividades organizadas y diversas experiencias gastron\u00f3micas, entre otras La Asociaci\u00f3n Empresarial Hotelera de Madrid (AEHM), en su [&hellip;]<\/p>\n","protected":false},"author":1,"featured_media":10326,"comment_status":"open","ping_status":"open","sticky":false,"template":"","format":"standard","meta":{"footnotes":""},"categories":[1],"tags":[],"class_list":["post-3274","post","type-post","status-publish","format-standard","has-post-thumbnail","hentry","category-actualidad-aehm"],"yoast_head":"<!-- This site is optimized with the Yoast SEO plugin v27.5 - https:\/\/yoast.com\/product\/yoast-seo-wordpress\/ -->\n<title>La Asociaci\u00f3n Empresarial Hotelera de Madrid irrumpe en Fitur 2018 recreando un hotel con las \u00faltimas tendencias en interiorismo - AEHM<\/title>\n<meta name=\"description\" content=\"El stand 10D24, de 174 metros cuadrados, ofrecer\u00e1 al p\u00fablico profesional y a los ciudadanos cuatro ambientes que emulan las principales estancias de un hotel\" \/>\n<meta name=\"robots\" content=\"index, follow, max-snippet:-1, max-image-preview:large, max-video-preview:-1\" \/>\n<link rel=\"canonical\" href=\"https:\/\/aehm.es\/en\/la-asociacion-empresarial-hotelera-de-madrid-irrumpe-en-fitur-2018-recreando-un-hotel\/\" \/>\n<meta property=\"og:locale\" content=\"en_US\" \/>\n<meta property=\"og:type\" content=\"article\" \/>\n<meta property=\"og:title\" content=\"La Asociaci\u00f3n Empresarial Hotelera de Madrid irrumpe en Fitur 2018 recreando un hotel con las \u00faltimas tendencias en interiorismo - AEHM\" \/>\n<meta property=\"og:description\" content=\"El stand 10D24, de 174 metros cuadrados, ofrecer\u00e1 al p\u00fablico profesional y a los ciudadanos cuatro ambientes que emulan las principales estancias de un hotel\" \/>\n<meta property=\"og:url\" content=\"https:\/\/aehm.es\/en\/la-asociacion-empresarial-hotelera-de-madrid-irrumpe-en-fitur-2018-recreando-un-hotel\/\" \/>\n<meta property=\"og:site_name\" content=\"AEHM\" \/>\n<meta property=\"article:publisher\" content=\"https:\/\/www.instagram.com\/hotelesdemadrid\/\" \/>\n<meta property=\"article:published_time\" content=\"2018-01-17T10:40:58+00:00\" \/>\n<meta property=\"og:image\" content=\"https:\/\/aehm.es\/wp-content\/uploads\/2018\/01\/Stand-AEHM-en-Fitur-2018-2.jpg\" \/>\n\t<meta property=\"og:image:width\" content=\"1600\" \/>\n\t<meta property=\"og:image:height\" content=\"1200\" \/>\n\t<meta property=\"og:image:type\" content=\"image\/jpeg\" \/>\n<meta name=\"author\" content=\"richard\" \/>\n<meta name=\"twitter:card\" content=\"summary_large_image\" \/>\n<meta name=\"twitter:creator\" content=\"@HotelesAEHM\" \/>\n<meta name=\"twitter:site\" content=\"@HotelesAEHM\" \/>\n<meta name=\"twitter:label1\" content=\"Written by\" \/>\n\t<meta name=\"twitter:data1\" content=\"richard\" \/>\n\t<meta name=\"twitter:label2\" content=\"Est. reading time\" \/>\n\t<meta name=\"twitter:data2\" content=\"3 minutes\" \/>\n<script type=\"application\/ld+json\" class=\"yoast-schema-graph\">{\"@context\":\"https:\\\/\\\/schema.org\",\"@graph\":[{\"@type\":\"Article\",\"@id\":\"https:\\\/\\\/aehm.es\\\/en\\\/la-asociacion-empresarial-hotelera-de-madrid-irrumpe-en-fitur-2018-recreando-un-hotel\\\/#article\",\"isPartOf\":{\"@id\":\"https:\\\/\\\/aehm.es\\\/en\\\/la-asociacion-empresarial-hotelera-de-madrid-irrumpe-en-fitur-2018-recreando-un-hotel\\\/\"},\"author\":{\"name\":\"richard\",\"@id\":\"https:\\\/\\\/aehm.es\\\/#\\\/schema\\\/person\\\/ca1397f4b0bcee246b58a0278b67a95f\"},\"headline\":\"La Asociaci\u00f3n Empresarial Hotelera de Madrid irrumpe en Fitur 2018 recreando un hotel con las \u00faltimas tendencias en interiorismo\",\"datePublished\":\"2018-01-17T10:40:58+00:00\",\"mainEntityOfPage\":{\"@id\":\"https:\\\/\\\/aehm.es\\\/en\\\/la-asociacion-empresarial-hotelera-de-madrid-irrumpe-en-fitur-2018-recreando-un-hotel\\\/\"},\"wordCount\":567,\"commentCount\":0,\"publisher\":{\"@id\":\"https:\\\/\\\/aehm.es\\\/#organization\"},\"image\":{\"@id\":\"https:\\\/\\\/aehm.es\\\/en\\\/la-asociacion-empresarial-hotelera-de-madrid-irrumpe-en-fitur-2018-recreando-un-hotel\\\/#primaryimage\"},\"thumbnailUrl\":\"https:\\\/\\\/aehm.es\\\/wp-content\\\/uploads\\\/2018\\\/01\\\/Stand-AEHM-en-Fitur-2018-2.jpg\",\"articleSection\":[\"Actualidad AEHM\"],\"inLanguage\":\"en-US\",\"potentialAction\":[{\"@type\":\"CommentAction\",\"name\":\"Comment\",\"target\":[\"https:\\\/\\\/aehm.es\\\/en\\\/la-asociacion-empresarial-hotelera-de-madrid-irrumpe-en-fitur-2018-recreando-un-hotel\\\/#respond\"]}]},{\"@type\":\"WebPage\",\"@id\":\"https:\\\/\\\/aehm.es\\\/en\\\/la-asociacion-empresarial-hotelera-de-madrid-irrumpe-en-fitur-2018-recreando-un-hotel\\\/\",\"url\":\"https:\\\/\\\/aehm.es\\\/en\\\/la-asociacion-empresarial-hotelera-de-madrid-irrumpe-en-fitur-2018-recreando-un-hotel\\\/\",\"name\":\"La Asociaci\u00f3n Empresarial Hotelera de Madrid irrumpe en Fitur 2018 recreando un hotel con las \u00faltimas tendencias en interiorismo - AEHM\",\"isPartOf\":{\"@id\":\"https:\\\/\\\/aehm.es\\\/#website\"},\"primaryImageOfPage\":{\"@id\":\"https:\\\/\\\/aehm.es\\\/en\\\/la-asociacion-empresarial-hotelera-de-madrid-irrumpe-en-fitur-2018-recreando-un-hotel\\\/#primaryimage\"},\"image\":{\"@id\":\"https:\\\/\\\/aehm.es\\\/en\\\/la-asociacion-empresarial-hotelera-de-madrid-irrumpe-en-fitur-2018-recreando-un-hotel\\\/#primaryimage\"},\"thumbnailUrl\":\"https:\\\/\\\/aehm.es\\\/wp-content\\\/uploads\\\/2018\\\/01\\\/Stand-AEHM-en-Fitur-2018-2.jpg\",\"datePublished\":\"2018-01-17T10:40:58+00:00\",\"description\":\"El stand 10D24, de 174 metros cuadrados, ofrecer\u00e1 al p\u00fablico profesional y a los ciudadanos cuatro ambientes que emulan las principales estancias de un hotel\",\"breadcrumb\":{\"@id\":\"https:\\\/\\\/aehm.es\\\/en\\\/la-asociacion-empresarial-hotelera-de-madrid-irrumpe-en-fitur-2018-recreando-un-hotel\\\/#breadcrumb\"},\"inLanguage\":\"en-US\",\"potentialAction\":[{\"@type\":\"ReadAction\",\"target\":[\"https:\\\/\\\/aehm.es\\\/en\\\/la-asociacion-empresarial-hotelera-de-madrid-irrumpe-en-fitur-2018-recreando-un-hotel\\\/\"]}]},{\"@type\":\"ImageObject\",\"inLanguage\":\"en-US\",\"@id\":\"https:\\\/\\\/aehm.es\\\/en\\\/la-asociacion-empresarial-hotelera-de-madrid-irrumpe-en-fitur-2018-recreando-un-hotel\\\/#primaryimage\",\"url\":\"https:\\\/\\\/aehm.es\\\/wp-content\\\/uploads\\\/2018\\\/01\\\/Stand-AEHM-en-Fitur-2018-2.jpg\",\"contentUrl\":\"https:\\\/\\\/aehm.es\\\/wp-content\\\/uploads\\\/2018\\\/01\\\/Stand-AEHM-en-Fitur-2018-2.jpg\",\"width\":1600,\"height\":1200},{\"@type\":\"BreadcrumbList\",\"@id\":\"https:\\\/\\\/aehm.es\\\/en\\\/la-asociacion-empresarial-hotelera-de-madrid-irrumpe-en-fitur-2018-recreando-un-hotel\\\/#breadcrumb\",\"itemListElement\":[{\"@type\":\"ListItem\",\"position\":1,\"name\":\"Portada\",\"item\":\"https:\\\/\\\/aehm.es\\\/en\\\/\"},{\"@type\":\"ListItem\",\"position\":2,\"name\":\"La Asociaci\u00f3n Empresarial Hotelera de Madrid irrumpe en Fitur 2018 recreando un hotel con las \u00faltimas tendencias en interiorismo\"}]},{\"@type\":\"WebSite\",\"@id\":\"https:\\\/\\\/aehm.es\\\/#website\",\"url\":\"https:\\\/\\\/aehm.es\\\/\",\"name\":\"Asociaci\u00f3n Empresarial Hotelera de Madrid\",\"description\":\"La Asociaci\u00f3n Empresarial Hotelera Madrid est\u00e1 formada por m\u00e1s de 300 establecimientos de todas las categor\u00edas y tipolog\u00edas (hoteles, hostales, hostels, apartamentos\u2026) que suman m\u00e1s de 75.000 plazas de alojamiento.\",\"publisher\":{\"@id\":\"https:\\\/\\\/aehm.es\\\/#organization\"},\"alternateName\":\"AEHM\",\"potentialAction\":[{\"@type\":\"SearchAction\",\"target\":{\"@type\":\"EntryPoint\",\"urlTemplate\":\"https:\\\/\\\/aehm.es\\\/?s={search_term_string}\"},\"query-input\":{\"@type\":\"PropertyValueSpecification\",\"valueRequired\":true,\"valueName\":\"search_term_string\"}}],\"inLanguage\":\"en-US\"},{\"@type\":\"Organization\",\"@id\":\"https:\\\/\\\/aehm.es\\\/#organization\",\"name\":\"Asociaci\u00f3n Empresarial Hotelera de Madrid\",\"url\":\"https:\\\/\\\/aehm.es\\\/\",\"logo\":{\"@type\":\"ImageObject\",\"inLanguage\":\"en-US\",\"@id\":\"https:\\\/\\\/aehm.es\\\/#\\\/schema\\\/logo\\\/image\\\/\",\"url\":\"https:\\\/\\\/aehm.es\\\/wp-content\\\/uploads\\\/2021\\\/11\\\/Logo_AEHM_Horiz.png\",\"contentUrl\":\"https:\\\/\\\/aehm.es\\\/wp-content\\\/uploads\\\/2021\\\/11\\\/Logo_AEHM_Horiz.png\",\"width\":600,\"height\":182,\"caption\":\"Asociaci\u00f3n Empresarial Hotelera de Madrid\"},\"image\":{\"@id\":\"https:\\\/\\\/aehm.es\\\/#\\\/schema\\\/logo\\\/image\\\/\"},\"sameAs\":[\"https:\\\/\\\/www.instagram.com\\\/hotelesdemadrid\\\/\",\"https:\\\/\\\/x.com\\\/HotelesAEHM\",\"https:\\\/\\\/www.linkedin.com\\\/company\\\/11166072\\\/\"]},{\"@type\":\"Person\",\"@id\":\"https:\\\/\\\/aehm.es\\\/#\\\/schema\\\/person\\\/ca1397f4b0bcee246b58a0278b67a95f\",\"name\":\"richard\",\"image\":{\"@type\":\"ImageObject\",\"inLanguage\":\"en-US\",\"@id\":\"https:\\\/\\\/secure.gravatar.com\\\/avatar\\\/dd2486a811ecc34bf766b7d8b17d0ea76674186c415867af39660e429e20e1a0?s=96&d=mm&r=g\",\"url\":\"https:\\\/\\\/secure.gravatar.com\\\/avatar\\\/dd2486a811ecc34bf766b7d8b17d0ea76674186c415867af39660e429e20e1a0?s=96&d=mm&r=g\",\"contentUrl\":\"https:\\\/\\\/secure.gravatar.com\\\/avatar\\\/dd2486a811ecc34bf766b7d8b17d0ea76674186c415867af39660e429e20e1a0?s=96&d=mm&r=g\",\"caption\":\"richard\"},\"url\":\"https:\\\/\\\/aehm.es\\\/en\\\/author\\\/richard\\\/\"}]}<\/script>\n<!-- \/ Yoast SEO plugin. -->","yoast_head_json":{"title":"La Asociaci\u00f3n Empresarial Hotelera de Madrid irrumpe en Fitur 2018 recreando un hotel con las \u00faltimas tendencias en interiorismo - AEHM","description":"El stand 10D24, de 174 metros cuadrados, ofrecer\u00e1 al p\u00fablico profesional y a los ciudadanos cuatro ambientes que emulan las principales estancias de un hotel","robots":{"index":"index","follow":"follow","max-snippet":"max-snippet:-1","max-image-preview":"max-image-preview:large","max-video-preview":"max-video-preview:-1"},"canonical":"https:\/\/aehm.es\/en\/la-asociacion-empresarial-hotelera-de-madrid-irrumpe-en-fitur-2018-recreando-un-hotel\/","og_locale":"en_US","og_type":"article","og_title":"La Asociaci\u00f3n Empresarial Hotelera de Madrid irrumpe en Fitur 2018 recreando un hotel con las \u00faltimas tendencias en interiorismo - AEHM","og_description":"El stand 10D24, de 174 metros cuadrados, ofrecer\u00e1 al p\u00fablico profesional y a los ciudadanos cuatro ambientes que emulan las principales estancias de un hotel","og_url":"https:\/\/aehm.es\/en\/la-asociacion-empresarial-hotelera-de-madrid-irrumpe-en-fitur-2018-recreando-un-hotel\/","og_site_name":"AEHM","article_publisher":"https:\/\/www.instagram.com\/hotelesdemadrid\/","article_published_time":"2018-01-17T10:40:58+00:00","og_image":[{"width":1600,"height":1200,"url":"https:\/\/aehm.es\/wp-content\/uploads\/2018\/01\/Stand-AEHM-en-Fitur-2018-2.jpg","type":"image\/jpeg"}],"author":"richard","twitter_card":"summary_large_image","twitter_creator":"@HotelesAEHM","twitter_site":"@HotelesAEHM","twitter_misc":{"Written by":"richard","Est. reading time":"3 minutes"},"schema":{"@context":"https:\/\/schema.org","@graph":[{"@type":"Article","@id":"https:\/\/aehm.es\/en\/la-asociacion-empresarial-hotelera-de-madrid-irrumpe-en-fitur-2018-recreando-un-hotel\/#article","isPartOf":{"@id":"https:\/\/aehm.es\/en\/la-asociacion-empresarial-hotelera-de-madrid-irrumpe-en-fitur-2018-recreando-un-hotel\/"},"author":{"name":"richard","@id":"https:\/\/aehm.es\/#\/schema\/person\/ca1397f4b0bcee246b58a0278b67a95f"},"headline":"La Asociaci\u00f3n Empresarial Hotelera de Madrid irrumpe en Fitur 2018 recreando un hotel con las \u00faltimas tendencias en interiorismo","datePublished":"2018-01-17T10:40:58+00:00","mainEntityOfPage":{"@id":"https:\/\/aehm.es\/en\/la-asociacion-empresarial-hotelera-de-madrid-irrumpe-en-fitur-2018-recreando-un-hotel\/"},"wordCount":567,"commentCount":0,"publisher":{"@id":"https:\/\/aehm.es\/#organization"},"image":{"@id":"https:\/\/aehm.es\/en\/la-asociacion-empresarial-hotelera-de-madrid-irrumpe-en-fitur-2018-recreando-un-hotel\/#primaryimage"},"thumbnailUrl":"https:\/\/aehm.es\/wp-content\/uploads\/2018\/01\/Stand-AEHM-en-Fitur-2018-2.jpg","articleSection":["Actualidad AEHM"],"inLanguage":"en-US","potentialAction":[{"@type":"CommentAction","name":"Comment","target":["https:\/\/aehm.es\/en\/la-asociacion-empresarial-hotelera-de-madrid-irrumpe-en-fitur-2018-recreando-un-hotel\/#respond"]}]},{"@type":"WebPage","@id":"https:\/\/aehm.es\/en\/la-asociacion-empresarial-hotelera-de-madrid-irrumpe-en-fitur-2018-recreando-un-hotel\/","url":"https:\/\/aehm.es\/en\/la-asociacion-empresarial-hotelera-de-madrid-irrumpe-en-fitur-2018-recreando-un-hotel\/","name":"La Asociaci\u00f3n Empresarial Hotelera de Madrid irrumpe en Fitur 2018 recreando un hotel con las \u00faltimas tendencias en interiorismo - AEHM","isPartOf":{"@id":"https:\/\/aehm.es\/#website"},"primaryImageOfPage":{"@id":"https:\/\/aehm.es\/en\/la-asociacion-empresarial-hotelera-de-madrid-irrumpe-en-fitur-2018-recreando-un-hotel\/#primaryimage"},"image":{"@id":"https:\/\/aehm.es\/en\/la-asociacion-empresarial-hotelera-de-madrid-irrumpe-en-fitur-2018-recreando-un-hotel\/#primaryimage"},"thumbnailUrl":"https:\/\/aehm.es\/wp-content\/uploads\/2018\/01\/Stand-AEHM-en-Fitur-2018-2.jpg","datePublished":"2018-01-17T10:40:58+00:00","description":"El stand 10D24, de 174 metros cuadrados, ofrecer\u00e1 al p\u00fablico profesional y a los ciudadanos cuatro ambientes que emulan las principales estancias de un hotel","breadcrumb":{"@id":"https:\/\/aehm.es\/en\/la-asociacion-empresarial-hotelera-de-madrid-irrumpe-en-fitur-2018-recreando-un-hotel\/#breadcrumb"},"inLanguage":"en-US","potentialAction":[{"@type":"ReadAction","target":["https:\/\/aehm.es\/en\/la-asociacion-empresarial-hotelera-de-madrid-irrumpe-en-fitur-2018-recreando-un-hotel\/"]}]},{"@type":"ImageObject","inLanguage":"en-US","@id":"https:\/\/aehm.es\/en\/la-asociacion-empresarial-hotelera-de-madrid-irrumpe-en-fitur-2018-recreando-un-hotel\/#primaryimage","url":"https:\/\/aehm.es\/wp-content\/uploads\/2018\/01\/Stand-AEHM-en-Fitur-2018-2.jpg","contentUrl":"https:\/\/aehm.es\/wp-content\/uploads\/2018\/01\/Stand-AEHM-en-Fitur-2018-2.jpg","width":1600,"height":1200},{"@type":"BreadcrumbList","@id":"https:\/\/aehm.es\/en\/la-asociacion-empresarial-hotelera-de-madrid-irrumpe-en-fitur-2018-recreando-un-hotel\/#breadcrumb","itemListElement":[{"@type":"ListItem","position":1,"name":"Portada","item":"https:\/\/aehm.es\/en\/"},{"@type":"ListItem","position":2,"name":"La Asociaci\u00f3n Empresarial Hotelera de Madrid irrumpe en Fitur 2018 recreando un hotel con las \u00faltimas tendencias en interiorismo"}]},{"@type":"WebSite","@id":"https:\/\/aehm.es\/#website","url":"https:\/\/aehm.es\/","name":"Asociaci\u00f3n Empresarial Hotelera de Madrid","description":"La Asociaci\u00f3n Empresarial Hotelera Madrid est\u00e1 formada por m\u00e1s de 300 establecimientos de todas las categor\u00edas y tipolog\u00edas (hoteles, hostales, hostels, apartamentos\u2026) que suman m\u00e1s de 75.000 plazas de alojamiento.","publisher":{"@id":"https:\/\/aehm.es\/#organization"},"alternateName":"AEHM","potentialAction":[{"@type":"SearchAction","target":{"@type":"EntryPoint","urlTemplate":"https:\/\/aehm.es\/?s={search_term_string}"},"query-input":{"@type":"PropertyValueSpecification","valueRequired":true,"valueName":"search_term_string"}}],"inLanguage":"en-US"},{"@type":"Organization","@id":"https:\/\/aehm.es\/#organization","name":"Asociaci\u00f3n Empresarial Hotelera de Madrid","url":"https:\/\/aehm.es\/","logo":{"@type":"ImageObject","inLanguage":"en-US","@id":"https:\/\/aehm.es\/#\/schema\/logo\/image\/","url":"https:\/\/aehm.es\/wp-content\/uploads\/2021\/11\/Logo_AEHM_Horiz.png","contentUrl":"https:\/\/aehm.es\/wp-content\/uploads\/2021\/11\/Logo_AEHM_Horiz.png","width":600,"height":182,"caption":"Asociaci\u00f3n Empresarial Hotelera de Madrid"},"image":{"@id":"https:\/\/aehm.es\/#\/schema\/logo\/image\/"},"sameAs":["https:\/\/www.instagram.com\/hotelesdemadrid\/","https:\/\/x.com\/HotelesAEHM","https:\/\/www.linkedin.com\/company\/11166072\/"]},{"@type":"Person","@id":"https:\/\/aehm.es\/#\/schema\/person\/ca1397f4b0bcee246b58a0278b67a95f","name":"richard","image":{"@type":"ImageObject","inLanguage":"en-US","@id":"https:\/\/secure.gravatar.com\/avatar\/dd2486a811ecc34bf766b7d8b17d0ea76674186c415867af39660e429e20e1a0?s=96&d=mm&r=g","url":"https:\/\/secure.gravatar.com\/avatar\/dd2486a811ecc34bf766b7d8b17d0ea76674186c415867af39660e429e20e1a0?s=96&d=mm&r=g","contentUrl":"https:\/\/secure.gravatar.com\/avatar\/dd2486a811ecc34bf766b7d8b17d0ea76674186c415867af39660e429e20e1a0?s=96&d=mm&r=g","caption":"richard"},"url":"https:\/\/aehm.es\/en\/author\/richard\/"}]}},"_links":{"self":[{"href":"https:\/\/aehm.es\/en\/wp-json\/wp\/v2\/posts\/3274","targetHints":{"allow":["GET"]}}],"collection":[{"href":"https:\/\/aehm.es\/en\/wp-json\/wp\/v2\/posts"}],"about":[{"href":"https:\/\/aehm.es\/en\/wp-json\/wp\/v2\/types\/post"}],"author":[{"embeddable":true,"href":"https:\/\/aehm.es\/en\/wp-json\/wp\/v2\/users\/1"}],"replies":[{"embeddable":true,"href":"https:\/\/aehm.es\/en\/wp-json\/wp\/v2\/comments?post=3274"}],"version-history":[{"count":0,"href":"https:\/\/aehm.es\/en\/wp-json\/wp\/v2\/posts\/3274\/revisions"}],"wp:featuredmedia":[{"embeddable":true,"href":"https:\/\/aehm.es\/en\/wp-json\/wp\/v2\/media\/10326"}],"wp:attachment":[{"href":"https:\/\/aehm.es\/en\/wp-json\/wp\/v2\/media?parent=3274"}],"wp:term":[{"taxonomy":"category","embeddable":true,"href":"https:\/\/aehm.es\/en\/wp-json\/wp\/v2\/categories?post=3274"},{"taxonomy":"post_tag","embeddable":true,"href":"https:\/\/aehm.es\/en\/wp-json\/wp\/v2\/tags?post=3274"}],"curies":[{"name":"wp","href":"https:\/\/api.w.org\/{rel}","templated":true}]}}