{"id":3145,"date":"2017-12-21T16:41:39","date_gmt":"2017-12-21T16:41:39","guid":{"rendered":"https:\/\/aehm.es\/?p=3145"},"modified":"2017-12-21T16:41:39","modified_gmt":"2017-12-21T16:41:39","slug":"los-hoteleros-madrilenos-totalmente-del-borrador-del-decreto-la-comunidad-regular-las-viviendas-alquiler-uso-turistico","status":"publish","type":"post","link":"https:\/\/aehm.es\/en\/los-hoteleros-madrilenos-totalmente-del-borrador-del-decreto-la-comunidad-regular-las-viviendas-alquiler-uso-turistico\/","title":{"rendered":"Los hoteleros madrile\u00f1os, totalmente en contra del borrador del Decreto de la Comunidad para regular las viviendas de alquiler de uso tur\u00edstico"},"content":{"rendered":"<p><strong>Madrid, 21 de diciembre de 2017.-<\/strong> La <strong>Asociaci\u00f3n Empresarial Hotelera de Madrid<\/strong> (AEHM) est\u00e1 <strong>totalmente en contra del borrador del Decreto <\/strong>emitido por la Comunidad de Madrid<strong> para la regulaci\u00f3n de las viviendas de alquiler de uso tur\u00edstico<\/strong> ya que es regresivo, pone en <strong>riesgo el modelo de turismo sostenible que defiende el sector<\/strong> y va en contra de las decisiones que se est\u00e1n tomando en Europa en torno a la econom\u00eda colaborativa.<\/p>\n<p>La AEHM ha estado esperando m\u00e1s de dos a\u00f1os a que el Gobierno de la regi\u00f3n modificara el Decreto de 2014 con el objetivo de frenar el crecimiento descontrolado de las VUT ilegales. Sin embargo, el borrador publicado este jueves por Cifuentes <strong>permite lo que antes no se permit\u00eda<\/strong>, <strong>desregula m\u00e1s que regula<\/strong> <strong>y supone un peligro para la calidad tur\u00edstica del destino<\/strong>.<\/p>\n<p>As\u00ed, la Asociaci\u00f3n considera que el borrador de este documento no recoge las peticiones del sector y reclama nuevamente la creaci\u00f3n de una <strong>normativa eficaz, s\u00f3lida y estable que <\/strong>salvaguarde los derechos de los <strong>consumidores<\/strong> y que ponga fin a la competencia desleal a la que se enfrenta la industria hotelera de Madrid.<\/p>\n<p><strong>S<\/strong><strong>obre la AEHM <\/strong><\/p>\n<p>La Asociaci\u00f3n Empresarial Hotelera de Madrid representa aproximadamente a 300 establecimientos implantados en la Comunidad de Madrid, de todas las categor\u00edas y dimensiones, desde los grandes hoteles de 5 estrellas hasta los peque\u00f1os hostales.<\/p>\n<p>La organizaci\u00f3n acoge tanto a las grandes cadenas hoteleras espa\u00f1olas y a las principales cadenas internacionales que tienen establecimientos en la Comunidad de Madrid, como a las medianas empresas, a los hoteles independientes y tambi\u00e9n por supuesto, a las m\u00e1s peque\u00f1as pymes hoteleras de gesti\u00f3n familiar<\/p>\n<p>La misi\u00f3n fundamental de la Asociaci\u00f3n es representar a los hoteleros ante las m\u00faltiples Administraciones P\u00fablicas e Instituciones, tanto p\u00fablicas como privadas, y ante las Organizaciones empresariales, Sindicales y C\u00e1mara de Comercio.<\/p>\n<p>&nbsp;<\/p>\n","protected":false},"excerpt":{"rendered":"<p>Madrid, 21 de diciembre de 2017.- La Asociaci\u00f3n Empresarial Hotelera de Madrid (AEHM) est\u00e1 totalmente en contra del borrador del Decreto emitido por la Comunidad de Madrid para la regulaci\u00f3n de las viviendas de alquiler de uso tur\u00edstico ya que es regresivo, pone en riesgo el modelo de turismo sostenible que defiende el sector y [&hellip;]<\/p>\n","protected":false},"author":1,"featured_media":0,"comment_status":"open","ping_status":"open","sticky":false,"template":"","format":"standard","meta":{"footnotes":""},"categories":[1],"tags":[],"class_list":["post-3145","post","type-post","status-publish","format-standard","hentry","category-actualidad-aehm"],"yoast_head":"<!-- This site is optimized with the Yoast SEO plugin v27.5 - https:\/\/yoast.com\/product\/yoast-seo-wordpress\/ -->\n<title>Los hoteleros madrile\u00f1os, totalmente en contra del borrador del Decreto de la Comunidad para regular las viviendas de alquiler de uso tur\u00edstico - AEHM<\/title>\n<meta name=\"robots\" content=\"index, follow, max-snippet:-1, max-image-preview:large, max-video-preview:-1\" \/>\n<link rel=\"canonical\" href=\"https:\/\/aehm.es\/los-hoteleros-madrilenos-totalmente-del-borrador-del-decreto-la-comunidad-regular-las-viviendas-alquiler-uso-turistico\/\" \/>\n<meta property=\"og:locale\" content=\"en_US\" \/>\n<meta property=\"og:type\" content=\"article\" \/>\n<meta property=\"og:title\" content=\"Los hoteleros madrile\u00f1os, totalmente en contra del borrador del Decreto de la Comunidad para regular las viviendas de alquiler de uso tur\u00edstico - AEHM\" \/>\n<meta property=\"og:description\" content=\"Madrid, 21 de diciembre de 2017.- La Asociaci\u00f3n Empresarial Hotelera de Madrid (AEHM) est\u00e1 totalmente en contra del borrador del Decreto emitido por la Comunidad de Madrid para la regulaci\u00f3n de las viviendas de alquiler de uso tur\u00edstico ya que es regresivo, pone en riesgo el modelo de turismo sostenible que defiende el sector y [&hellip;]\" \/>\n<meta property=\"og:url\" content=\"https:\/\/aehm.es\/los-hoteleros-madrilenos-totalmente-del-borrador-del-decreto-la-comunidad-regular-las-viviendas-alquiler-uso-turistico\/\" \/>\n<meta property=\"og:site_name\" content=\"AEHM\" \/>\n<meta property=\"article:publisher\" content=\"https:\/\/www.instagram.com\/hotelesdemadrid\/\" \/>\n<meta property=\"article:published_time\" content=\"2017-12-21T16:41:39+00:00\" \/>\n<meta name=\"author\" content=\"richard\" \/>\n<meta name=\"twitter:card\" content=\"summary_large_image\" \/>\n<meta name=\"twitter:creator\" content=\"@HotelesAEHM\" \/>\n<meta name=\"twitter:site\" content=\"@HotelesAEHM\" \/>\n<meta name=\"twitter:label1\" content=\"Written by\" \/>\n\t<meta name=\"twitter:data1\" content=\"richard\" \/>\n\t<meta name=\"twitter:label2\" content=\"Est. reading time\" \/>\n\t<meta name=\"twitter:data2\" content=\"2 minutes\" \/>\n<script type=\"application\/ld+json\" class=\"yoast-schema-graph\">{\"@context\":\"https:\\\/\\\/schema.org\",\"@graph\":[{\"@type\":\"Article\",\"@id\":\"https:\\\/\\\/aehm.es\\\/los-hoteleros-madrilenos-totalmente-del-borrador-del-decreto-la-comunidad-regular-las-viviendas-alquiler-uso-turistico\\\/#article\",\"isPartOf\":{\"@id\":\"https:\\\/\\\/aehm.es\\\/los-hoteleros-madrilenos-totalmente-del-borrador-del-decreto-la-comunidad-regular-las-viviendas-alquiler-uso-turistico\\\/\"},\"author\":{\"name\":\"richard\",\"@id\":\"https:\\\/\\\/aehm.es\\\/#\\\/schema\\\/person\\\/ca1397f4b0bcee246b58a0278b67a95f\"},\"headline\":\"Los hoteleros madrile\u00f1os, totalmente en contra del borrador del Decreto de la Comunidad para regular las viviendas de alquiler de uso tur\u00edstico\",\"datePublished\":\"2017-12-21T16:41:39+00:00\",\"mainEntityOfPage\":{\"@id\":\"https:\\\/\\\/aehm.es\\\/los-hoteleros-madrilenos-totalmente-del-borrador-del-decreto-la-comunidad-regular-las-viviendas-alquiler-uso-turistico\\\/\"},\"wordCount\":355,\"commentCount\":0,\"publisher\":{\"@id\":\"https:\\\/\\\/aehm.es\\\/#organization\"},\"articleSection\":[\"Actualidad AEHM\"],\"inLanguage\":\"en-US\",\"potentialAction\":[{\"@type\":\"CommentAction\",\"name\":\"Comment\",\"target\":[\"https:\\\/\\\/aehm.es\\\/los-hoteleros-madrilenos-totalmente-del-borrador-del-decreto-la-comunidad-regular-las-viviendas-alquiler-uso-turistico\\\/#respond\"]}]},{\"@type\":\"WebPage\",\"@id\":\"https:\\\/\\\/aehm.es\\\/los-hoteleros-madrilenos-totalmente-del-borrador-del-decreto-la-comunidad-regular-las-viviendas-alquiler-uso-turistico\\\/\",\"url\":\"https:\\\/\\\/aehm.es\\\/los-hoteleros-madrilenos-totalmente-del-borrador-del-decreto-la-comunidad-regular-las-viviendas-alquiler-uso-turistico\\\/\",\"name\":\"Los hoteleros madrile\u00f1os, totalmente en contra del borrador del Decreto de la Comunidad para regular las viviendas de alquiler de uso tur\u00edstico - AEHM\",\"isPartOf\":{\"@id\":\"https:\\\/\\\/aehm.es\\\/#website\"},\"datePublished\":\"2017-12-21T16:41:39+00:00\",\"breadcrumb\":{\"@id\":\"https:\\\/\\\/aehm.es\\\/los-hoteleros-madrilenos-totalmente-del-borrador-del-decreto-la-comunidad-regular-las-viviendas-alquiler-uso-turistico\\\/#breadcrumb\"},\"inLanguage\":\"en-US\",\"potentialAction\":[{\"@type\":\"ReadAction\",\"target\":[\"https:\\\/\\\/aehm.es\\\/los-hoteleros-madrilenos-totalmente-del-borrador-del-decreto-la-comunidad-regular-las-viviendas-alquiler-uso-turistico\\\/\"]}]},{\"@type\":\"BreadcrumbList\",\"@id\":\"https:\\\/\\\/aehm.es\\\/los-hoteleros-madrilenos-totalmente-del-borrador-del-decreto-la-comunidad-regular-las-viviendas-alquiler-uso-turistico\\\/#breadcrumb\",\"itemListElement\":[{\"@type\":\"ListItem\",\"position\":1,\"name\":\"Portada\",\"item\":\"https:\\\/\\\/aehm.es\\\/en\\\/\"},{\"@type\":\"ListItem\",\"position\":2,\"name\":\"Los hoteleros madrile\u00f1os, totalmente en contra del borrador del Decreto de la Comunidad para regular las viviendas de alquiler de uso tur\u00edstico\"}]},{\"@type\":\"WebSite\",\"@id\":\"https:\\\/\\\/aehm.es\\\/#website\",\"url\":\"https:\\\/\\\/aehm.es\\\/\",\"name\":\"Asociaci\u00f3n Empresarial Hotelera de Madrid\",\"description\":\"La Asociaci\u00f3n Empresarial Hotelera Madrid est\u00e1 formada por m\u00e1s de 300 establecimientos de todas las categor\u00edas y tipolog\u00edas (hoteles, hostales, hostels, apartamentos\u2026) que suman m\u00e1s de 75.000 plazas de alojamiento.\",\"publisher\":{\"@id\":\"https:\\\/\\\/aehm.es\\\/#organization\"},\"alternateName\":\"AEHM\",\"potentialAction\":[{\"@type\":\"SearchAction\",\"target\":{\"@type\":\"EntryPoint\",\"urlTemplate\":\"https:\\\/\\\/aehm.es\\\/?s={search_term_string}\"},\"query-input\":{\"@type\":\"PropertyValueSpecification\",\"valueRequired\":true,\"valueName\":\"search_term_string\"}}],\"inLanguage\":\"en-US\"},{\"@type\":\"Organization\",\"@id\":\"https:\\\/\\\/aehm.es\\\/#organization\",\"name\":\"Asociaci\u00f3n Empresarial Hotelera de Madrid\",\"url\":\"https:\\\/\\\/aehm.es\\\/\",\"logo\":{\"@type\":\"ImageObject\",\"inLanguage\":\"en-US\",\"@id\":\"https:\\\/\\\/aehm.es\\\/#\\\/schema\\\/logo\\\/image\\\/\",\"url\":\"https:\\\/\\\/aehm.es\\\/wp-content\\\/uploads\\\/2021\\\/11\\\/Logo_AEHM_Horiz.png\",\"contentUrl\":\"https:\\\/\\\/aehm.es\\\/wp-content\\\/uploads\\\/2021\\\/11\\\/Logo_AEHM_Horiz.png\",\"width\":600,\"height\":182,\"caption\":\"Asociaci\u00f3n Empresarial Hotelera de Madrid\"},\"image\":{\"@id\":\"https:\\\/\\\/aehm.es\\\/#\\\/schema\\\/logo\\\/image\\\/\"},\"sameAs\":[\"https:\\\/\\\/www.instagram.com\\\/hotelesdemadrid\\\/\",\"https:\\\/\\\/x.com\\\/HotelesAEHM\",\"https:\\\/\\\/www.linkedin.com\\\/company\\\/11166072\\\/\"]},{\"@type\":\"Person\",\"@id\":\"https:\\\/\\\/aehm.es\\\/#\\\/schema\\\/person\\\/ca1397f4b0bcee246b58a0278b67a95f\",\"name\":\"richard\",\"image\":{\"@type\":\"ImageObject\",\"inLanguage\":\"en-US\",\"@id\":\"https:\\\/\\\/secure.gravatar.com\\\/avatar\\\/dd2486a811ecc34bf766b7d8b17d0ea76674186c415867af39660e429e20e1a0?s=96&d=mm&r=g\",\"url\":\"https:\\\/\\\/secure.gravatar.com\\\/avatar\\\/dd2486a811ecc34bf766b7d8b17d0ea76674186c415867af39660e429e20e1a0?s=96&d=mm&r=g\",\"contentUrl\":\"https:\\\/\\\/secure.gravatar.com\\\/avatar\\\/dd2486a811ecc34bf766b7d8b17d0ea76674186c415867af39660e429e20e1a0?s=96&d=mm&r=g\",\"caption\":\"richard\"},\"url\":\"https:\\\/\\\/aehm.es\\\/en\\\/author\\\/richard\\\/\"}]}<\/script>\n<!-- \/ Yoast SEO plugin. -->","yoast_head_json":{"title":"Los hoteleros madrile\u00f1os, totalmente en contra del borrador del Decreto de la Comunidad para regular las viviendas de alquiler de uso tur\u00edstico - AEHM","robots":{"index":"index","follow":"follow","max-snippet":"max-snippet:-1","max-image-preview":"max-image-preview:large","max-video-preview":"max-video-preview:-1"},"canonical":"https:\/\/aehm.es\/los-hoteleros-madrilenos-totalmente-del-borrador-del-decreto-la-comunidad-regular-las-viviendas-alquiler-uso-turistico\/","og_locale":"en_US","og_type":"article","og_title":"Los hoteleros madrile\u00f1os, totalmente en contra del borrador del Decreto de la Comunidad para regular las viviendas de alquiler de uso tur\u00edstico - AEHM","og_description":"Madrid, 21 de diciembre de 2017.- La Asociaci\u00f3n Empresarial Hotelera de Madrid (AEHM) est\u00e1 totalmente en contra del borrador del Decreto emitido por la Comunidad de Madrid para la regulaci\u00f3n de las viviendas de alquiler de uso tur\u00edstico ya que es regresivo, pone en riesgo el modelo de turismo sostenible que defiende el sector y [&hellip;]","og_url":"https:\/\/aehm.es\/los-hoteleros-madrilenos-totalmente-del-borrador-del-decreto-la-comunidad-regular-las-viviendas-alquiler-uso-turistico\/","og_site_name":"AEHM","article_publisher":"https:\/\/www.instagram.com\/hotelesdemadrid\/","article_published_time":"2017-12-21T16:41:39+00:00","author":"richard","twitter_card":"summary_large_image","twitter_creator":"@HotelesAEHM","twitter_site":"@HotelesAEHM","twitter_misc":{"Written by":"richard","Est. reading time":"2 minutes"},"schema":{"@context":"https:\/\/schema.org","@graph":[{"@type":"Article","@id":"https:\/\/aehm.es\/los-hoteleros-madrilenos-totalmente-del-borrador-del-decreto-la-comunidad-regular-las-viviendas-alquiler-uso-turistico\/#article","isPartOf":{"@id":"https:\/\/aehm.es\/los-hoteleros-madrilenos-totalmente-del-borrador-del-decreto-la-comunidad-regular-las-viviendas-alquiler-uso-turistico\/"},"author":{"name":"richard","@id":"https:\/\/aehm.es\/#\/schema\/person\/ca1397f4b0bcee246b58a0278b67a95f"},"headline":"Los hoteleros madrile\u00f1os, totalmente en contra del borrador del Decreto de la Comunidad para regular las viviendas de alquiler de uso tur\u00edstico","datePublished":"2017-12-21T16:41:39+00:00","mainEntityOfPage":{"@id":"https:\/\/aehm.es\/los-hoteleros-madrilenos-totalmente-del-borrador-del-decreto-la-comunidad-regular-las-viviendas-alquiler-uso-turistico\/"},"wordCount":355,"commentCount":0,"publisher":{"@id":"https:\/\/aehm.es\/#organization"},"articleSection":["Actualidad AEHM"],"inLanguage":"en-US","potentialAction":[{"@type":"CommentAction","name":"Comment","target":["https:\/\/aehm.es\/los-hoteleros-madrilenos-totalmente-del-borrador-del-decreto-la-comunidad-regular-las-viviendas-alquiler-uso-turistico\/#respond"]}]},{"@type":"WebPage","@id":"https:\/\/aehm.es\/los-hoteleros-madrilenos-totalmente-del-borrador-del-decreto-la-comunidad-regular-las-viviendas-alquiler-uso-turistico\/","url":"https:\/\/aehm.es\/los-hoteleros-madrilenos-totalmente-del-borrador-del-decreto-la-comunidad-regular-las-viviendas-alquiler-uso-turistico\/","name":"Los hoteleros madrile\u00f1os, totalmente en contra del borrador del Decreto de la Comunidad para regular las viviendas de alquiler de uso tur\u00edstico - AEHM","isPartOf":{"@id":"https:\/\/aehm.es\/#website"},"datePublished":"2017-12-21T16:41:39+00:00","breadcrumb":{"@id":"https:\/\/aehm.es\/los-hoteleros-madrilenos-totalmente-del-borrador-del-decreto-la-comunidad-regular-las-viviendas-alquiler-uso-turistico\/#breadcrumb"},"inLanguage":"en-US","potentialAction":[{"@type":"ReadAction","target":["https:\/\/aehm.es\/los-hoteleros-madrilenos-totalmente-del-borrador-del-decreto-la-comunidad-regular-las-viviendas-alquiler-uso-turistico\/"]}]},{"@type":"BreadcrumbList","@id":"https:\/\/aehm.es\/los-hoteleros-madrilenos-totalmente-del-borrador-del-decreto-la-comunidad-regular-las-viviendas-alquiler-uso-turistico\/#breadcrumb","itemListElement":[{"@type":"ListItem","position":1,"name":"Portada","item":"https:\/\/aehm.es\/en\/"},{"@type":"ListItem","position":2,"name":"Los hoteleros madrile\u00f1os, totalmente en contra del borrador del Decreto de la Comunidad para regular las viviendas de alquiler de uso tur\u00edstico"}]},{"@type":"WebSite","@id":"https:\/\/aehm.es\/#website","url":"https:\/\/aehm.es\/","name":"Asociaci\u00f3n Empresarial Hotelera de Madrid","description":"La Asociaci\u00f3n Empresarial Hotelera Madrid est\u00e1 formada por m\u00e1s de 300 establecimientos de todas las categor\u00edas y tipolog\u00edas (hoteles, hostales, hostels, apartamentos\u2026) que suman m\u00e1s de 75.000 plazas de alojamiento.","publisher":{"@id":"https:\/\/aehm.es\/#organization"},"alternateName":"AEHM","potentialAction":[{"@type":"SearchAction","target":{"@type":"EntryPoint","urlTemplate":"https:\/\/aehm.es\/?s={search_term_string}"},"query-input":{"@type":"PropertyValueSpecification","valueRequired":true,"valueName":"search_term_string"}}],"inLanguage":"en-US"},{"@type":"Organization","@id":"https:\/\/aehm.es\/#organization","name":"Asociaci\u00f3n Empresarial Hotelera de Madrid","url":"https:\/\/aehm.es\/","logo":{"@type":"ImageObject","inLanguage":"en-US","@id":"https:\/\/aehm.es\/#\/schema\/logo\/image\/","url":"https:\/\/aehm.es\/wp-content\/uploads\/2021\/11\/Logo_AEHM_Horiz.png","contentUrl":"https:\/\/aehm.es\/wp-content\/uploads\/2021\/11\/Logo_AEHM_Horiz.png","width":600,"height":182,"caption":"Asociaci\u00f3n Empresarial Hotelera de Madrid"},"image":{"@id":"https:\/\/aehm.es\/#\/schema\/logo\/image\/"},"sameAs":["https:\/\/www.instagram.com\/hotelesdemadrid\/","https:\/\/x.com\/HotelesAEHM","https:\/\/www.linkedin.com\/company\/11166072\/"]},{"@type":"Person","@id":"https:\/\/aehm.es\/#\/schema\/person\/ca1397f4b0bcee246b58a0278b67a95f","name":"richard","image":{"@type":"ImageObject","inLanguage":"en-US","@id":"https:\/\/secure.gravatar.com\/avatar\/dd2486a811ecc34bf766b7d8b17d0ea76674186c415867af39660e429e20e1a0?s=96&d=mm&r=g","url":"https:\/\/secure.gravatar.com\/avatar\/dd2486a811ecc34bf766b7d8b17d0ea76674186c415867af39660e429e20e1a0?s=96&d=mm&r=g","contentUrl":"https:\/\/secure.gravatar.com\/avatar\/dd2486a811ecc34bf766b7d8b17d0ea76674186c415867af39660e429e20e1a0?s=96&d=mm&r=g","caption":"richard"},"url":"https:\/\/aehm.es\/en\/author\/richard\/"}]}},"_links":{"self":[{"href":"https:\/\/aehm.es\/en\/wp-json\/wp\/v2\/posts\/3145","targetHints":{"allow":["GET"]}}],"collection":[{"href":"https:\/\/aehm.es\/en\/wp-json\/wp\/v2\/posts"}],"about":[{"href":"https:\/\/aehm.es\/en\/wp-json\/wp\/v2\/types\/post"}],"author":[{"embeddable":true,"href":"https:\/\/aehm.es\/en\/wp-json\/wp\/v2\/users\/1"}],"replies":[{"embeddable":true,"href":"https:\/\/aehm.es\/en\/wp-json\/wp\/v2\/comments?post=3145"}],"version-history":[{"count":0,"href":"https:\/\/aehm.es\/en\/wp-json\/wp\/v2\/posts\/3145\/revisions"}],"wp:attachment":[{"href":"https:\/\/aehm.es\/en\/wp-json\/wp\/v2\/media?parent=3145"}],"wp:term":[{"taxonomy":"category","embeddable":true,"href":"https:\/\/aehm.es\/en\/wp-json\/wp\/v2\/categories?post=3145"},{"taxonomy":"post_tag","embeddable":true,"href":"https:\/\/aehm.es\/en\/wp-json\/wp\/v2\/tags?post=3145"}],"curies":[{"name":"wp","href":"https:\/\/api.w.org\/{rel}","templated":true}]}}