{"id":3135,"date":"2017-12-22T10:22:26","date_gmt":"2017-12-22T10:22:26","guid":{"rendered":"https:\/\/aehm.es\/?p=3135"},"modified":"2017-12-22T10:22:26","modified_gmt":"2017-12-22T10:22:26","slug":"los-hoteles-madrid-abren-puertas-los-ciudadanos-turistas-visiten-las-ciudad-estas-fiestas","status":"publish","type":"post","link":"https:\/\/aehm.es\/en\/los-hoteles-madrid-abren-puertas-los-ciudadanos-turistas-visiten-las-ciudad-estas-fiestas\/","title":{"rendered":"Los hoteles de Madrid abren sus puertas a los ciudadanos y turistas que visiten las ciudad en estas fiestas"},"content":{"rendered":"<p>Los hoteles de la Comunidad de Madrid\u00a0 (miembros de la Asociaci\u00f3n Empresarial Hotelera de Madrid) ponen a disposici\u00f3n de todos aquellos que deseen pasar las fiestas navide\u00f1as en un ambiente exclusivo e inolvidable, una amplia gama de men\u00fas especiales y actividades originales.<\/p>\n<p>Con una extensa oferta gastron\u00f3mica, dise\u00f1ada y elaborada de la mano de grandes chefs, estos establecimientos abren sus puertas a un abanico de sabores y sensaciones que, en algunos casos, ser\u00e1n amenizados con actuaciones y m\u00fasica en directo.<\/p>\n<p>De este modo, un a\u00f1o m\u00e1s, los hoteles de Madrid quieren sorprender a grupos de amigos, familias y turistas que deciden disfrutar estos d\u00edas de una manera diferente. Adem\u00e1s, la reserva puede incluir precios espaciales en el alojamiento para finalizar el d\u00eda de una manera distinta de la habitual.<\/p>\n<h2>Nochebuena, navidad, nochevieja, reyes&#8230;<\/h2>\n<p>Men\u00fas especiales de navidad para grupos o empresas y men\u00fas de nochebuena, navidad, nochevieja, y reyes, adem\u00e1s de otras actividades navide\u00f1as, una decoraci\u00f3n incre\u00edble para la ocasi\u00f3n, y descuentos y ofertas de navidad en los siguientes hoteles (men\u00fas especiales en las fechas se\u00f1aladas y m\u00e1s informaci\u00f3n y reservas en los enlaces, correos y n\u00fameros indicados).\u00a0Consulta el listado de hoteles y sus ofertas:<\/p>\n<p><strong>&#8211; Ayre Gran Hotel Col\u00f3n<\/strong>: Men\u00fas grupos; buffet 24 diciembre; 1 y 6 enero: gala fin de a\u00f1o. Buffet: restauracion.colon@ayrehoteles.com o 914009900. Nochevieja: comercial.colon@ayrehoteles.com o 914009907.<\/p>\n<ul>\n<li><a href=\"https:\/\/aehm.es\/wp-content\/uploads\/2016\/12\/Menu-nochevieja.pdf\" target=\"_blank\" rel=\"noopener\">Menu nochevieja<\/a><\/li>\n<li><a href=\"https:\/\/aehm.es\/wp-content\/uploads\/2016\/12\/Menus-navidad.pdf\" target=\"_blank\" rel=\"noopener\">Menus navidad<\/a><\/li>\n<\/ul>\n<p><strong>&#8211; Hotel Catalonia Puerta del Sol. <\/strong>31 diciembre. M\u00e1s informaci\u00f3n: puertadelsol@cataloniahotels.com &#8211; 913697171 eventos.madrid@cataloniahotels.com &#8211; 914203770<\/p>\n<ul>\n<li><a href=\"https:\/\/aehm.es\/wp-content\/uploads\/2016\/12\/Menu-Nochevieja-2017-Catalonia-Puerta-del-Sol.pdf\" target=\"_blank\" rel=\"noopener\">Menu Nochevieja 2017\u00a0<\/a><\/li>\n<\/ul>\n<p><strong>&#8211; Crowne Plaza. <\/strong>Men\u00fas navide\u00f1os. M\u00e1s informaci\u00f3n: sales@crowneplazamadrid.com<\/p>\n<ul>\n<li><a href=\"https:\/\/aehm.es\/wp-content\/uploads\/2016\/12\/Men\u00fas-navidad-2017.pdf\" target=\"_blank\" rel=\"noopener\">Men\u00fas navidad 2017<\/a><\/li>\n<\/ul>\n<p><strong>&#8211; Hotel Abba Madrid. <\/strong>24dic., 1 enero. M\u00e1s informaci\u00f3n: reservas-madrid@abbahoteles.com \/ 912125000<\/p>\n<ul>\n<li><a href=\"https:\/\/aehm.es\/wp-content\/uploads\/2016\/12\/Men\u00fa-navidad.pdf\" target=\"_blank\" rel=\"noopener\">Men\u00fa navidad<\/a><\/li>\n<li><a href=\"https:\/\/aehm.es\/wp-content\/uploads\/2016\/12\/Men\u00fa-cocktails.pdf\" target=\"_blank\" rel=\"noopener\">Men\u00fa cocktails<\/a><\/li>\n<\/ul>\n<p><strong>&#8211; <a href=\"http:\/\/madrid.intercontinental.com\/pdf\/NAVIDAD-2017-INTERCONTINENTAL.pdf\" target=\"_blank\" rel=\"noopener\">Hotel Intercontinental<\/a>. <\/strong>Galas navide\u00f1as de cine: 24dic., 25dic, 31dic., 1enero, 5enero, 6enero.\u00a0M\u00e1s informaci\u00f3n: Virginia \u00c1vila: 917007371 \/ <a href=\"mailto:banquetes.icmadrid@ihg.com\">banquetes.icmadrid@ihg.com<\/a><\/p>\n<ul>\n<li><a href=\"https:\/\/aehm.es\/wp-content\/uploads\/2016\/12\/Programa-completo-Navidad-de-Cine.pdf\" target=\"_blank\" rel=\"noopener\">Programa completo Navidad de Cine<\/a><\/li>\n<\/ul>\n<p><strong>&#8211; Hotel Isla de la Garena. <\/strong>Men\u00fas especiales para grupos. M\u00e1s informaci\u00f3n: 918781670 \/ <a href=\"mailto:comercial@hotelislagarena.com\">comercial@hotelislagarena.com<\/a><\/p>\n<ul>\n<li><a href=\"https:\/\/aehm.es\/wp-content\/uploads\/2016\/12\/Men\u00fa-nochevieja-.pdf\" target=\"_blank\" rel=\"noopener\">Men\u00fa nochevieja<\/a><\/li>\n<li><a href=\"https:\/\/aehm.es\/wp-content\/uploads\/2016\/12\/Men\u00fa-navidad-a\u00f1o-nuevo-y-reyes.-.pdf\" target=\"_blank\" rel=\"noopener\">Men\u00fa navidad, a\u00f1o nuevo y reyes.<\/a><\/li>\n<\/ul>\n<p><strong>&#8211; <a href=\"http:\/\/www.hotelislagarena.com\/navidad.html\" target=\"_blank\" rel=\"noopener\">Hotel Majadahonda<\/a>. <\/strong>Grupos, men\u00fa estrella, y men\u00fas especiales 24, 25, 31dic., 1 y 6 enero M\u00e1s informaci\u00f3n: comercial@hotelmajadahonda.com \/ 916382122<\/p>\n<ul>\n<li><a href=\"https:\/\/aehm.es\/wp-content\/uploads\/2016\/12\/Men\u00fa-navidad-a\u00f1o-nuevo-y-reyes-2017.pdf\" target=\"_blank\" rel=\"noopener\">Men\u00fa navidad, a\u00f1o nuevo y reyes 2017<\/a><\/li>\n<\/ul>\n<p><strong>&#8211; <a href=\"http:\/\/www.hotelmiguelangel.com\/navidad\/\" target=\"_blank\" rel=\"noopener\">Hotel Miguel \u00c1ngel<\/a>.<\/strong> Men\u00fas especiales 24, 31dic ; coro g\u00f3spel; cabalgata de reyes.\u00a0M\u00e1s informaci\u00f3n: \u00a0 914520529\/30. Coro g\u00f3spel:\u00a0<a href=\"mailto:guestrelations.miguelangel@grupobluebay.com\">guestrelations.miguelangel@grupobluebay.com<\/a><\/p>\n<ul>\n<li>\u00a0<a href=\"https:\/\/aehm.es\/wp-content\/uploads\/2016\/12\/Programa-completo-Galas-de-Navidad.pdf\" target=\"_blank\" rel=\"noopener\">Programa completo Galas de Navidad<\/a><\/li>\n<\/ul>\n<p><strong>&#8211; <a href=\"http:\/\/www.hotelorfila.com\/Gastronomia.aspx\" target=\"_blank\" rel=\"noopener\">Hotel Orfila<\/a>. <\/strong>Galas especiales 24 y 31dic.\u00a0M\u00e1s informaci\u00f3n:\u00a0<a href=\"mailto:inforeservas@hotelorfila.com\">inforeservas@hotelorfila.com<\/a><\/p>\n<div id='gallery-1' class='gallery galleryid-3135 gallery-columns-3 gallery-size-thumbnail'><figure class='gallery-item'>\n\t\t\t<div class='gallery-icon landscape'>\n\t\t\t\t<a href='https:\/\/aehm.es\/en\/menu-nochevieja-3\/'><img decoding=\"async\" width=\"150\" height=\"150\" src=\"https:\/\/aehm.es\/wp-content\/uploads\/2016\/12\/Menu-Nochevieja-150x150.png\" class=\"attachment-thumbnail size-thumbnail\" alt=\"\" \/><\/a>\n\t\t\t<\/div><\/figure><figure class='gallery-item'>\n\t\t\t<div class='gallery-icon landscape'>\n\t\t\t\t<a href='https:\/\/aehm.es\/en\/menu-nochebuena\/'><img decoding=\"async\" width=\"150\" height=\"150\" src=\"https:\/\/aehm.es\/wp-content\/uploads\/2016\/12\/Menu-Nochebuena-150x150.png\" class=\"attachment-thumbnail size-thumbnail\" alt=\"\" \/><\/a>\n\t\t\t<\/div><\/figure>\n\t\t<\/div>\n\n<p><strong>&#8211; <a href=\"https:\/\/eventos.hotelsantodomingo.es\/es\/producto\/menus-para-grupos-navidad-2017\" target=\"_blank\" rel=\"noopener\">Hotel Santo Domingo<\/a>. <\/strong>Men\u00fas especiales 24 y 31dic. Nochebuena y nochevieja: 915479911 \/ reservas@restaurantesando.es Cena+ fiesta nochevieja: 915479800 \/ <a href=\"mailto:comercial@hotelsantodomingo.es\">comercial@hotelsantodomingo.es<\/a><\/p>\n<div id='gallery-2' class='gallery galleryid-3135 gallery-columns-3 gallery-size-thumbnail'><figure class='gallery-item'>\n\t\t\t<div class='gallery-icon portrait'>\n\t\t\t\t<a href='https:\/\/aehm.es\/en\/santo-domingo-menu-nocheviejafiesta\/'><img decoding=\"async\" width=\"150\" height=\"150\" src=\"https:\/\/aehm.es\/wp-content\/uploads\/2016\/12\/Santo-Domingo-Menu-nocheviejafiesta-150x150.png\" class=\"attachment-thumbnail size-thumbnail\" alt=\"\" \/><\/a>\n\t\t\t<\/div><\/figure><figure class='gallery-item'>\n\t\t\t<div class='gallery-icon portrait'>\n\t\t\t\t<a href='https:\/\/aehm.es\/en\/santo-domingo-menu-navidad\/'><img loading=\"lazy\" decoding=\"async\" width=\"150\" height=\"150\" src=\"https:\/\/aehm.es\/wp-content\/uploads\/2016\/12\/Santo-Domingo-Menu-Navidad-150x150.png\" class=\"attachment-thumbnail size-thumbnail\" alt=\"\" \/><\/a>\n\t\t\t<\/div><\/figure><figure class='gallery-item'>\n\t\t\t<div class='gallery-icon portrait'>\n\t\t\t\t<a href='https:\/\/aehm.es\/en\/santo-domingo-menu-nochebuena\/'><img loading=\"lazy\" decoding=\"async\" width=\"150\" height=\"150\" src=\"https:\/\/aehm.es\/wp-content\/uploads\/2016\/12\/Santo-Domingo-Menu-nochebuena-150x150.png\" class=\"attachment-thumbnail size-thumbnail\" alt=\"\" \/><\/a>\n\t\t\t<\/div><\/figure>\n\t\t<\/div>\n\n<p><strong>&#8211; <a href=\"http:\/\/www.hotel-wellington.com\/es\/restaurantes-enmadrid.html#celebraciones_navideas_2017\" target=\"_blank\" rel=\"noopener\">Hotel Wellington<\/a>. <\/strong>Men\u00fas especiales 24, 25, 31dic., y 1, 5, 6 enero. M\u00e1s informaci\u00f3n: 914231470\/80 &#8211; comercial@hotel-wellington.com<\/p>\n<ul>\n<li><a href=\"https:\/\/aehm.es\/wp-content\/uploads\/2016\/12\/Programa-completo-navidad-espa\u00f1ol-e-ingl\u00e9s.pdf\" target=\"_blank\" rel=\"noopener\">Programa completo navidad (espa\u00f1ol e ingl\u00e9s)<\/a><\/li>\n<\/ul>\n<p><strong>&#8211; Hotel Iberostar Las Letras. <\/strong>Men\u00fas grupos y men\u00fas especiales navidad y nochevieja. Empresas: 915237980 \/ leteve@iberostar.com \/ letev1@iberostar.com\u00a0 \u00a0Men\u00fas navidad: 915237980 \/ letbar@iberostar.com \/ <a href=\"mailto:let.rsv@iberostar.com\">let.rsv@iberostar.com<\/a><\/p>\n<ul>\n<li><a href=\"https:\/\/aehm.es\/wp-content\/uploads\/2017\/12\/Menus-navidad-y-nochevieja-Iberosar-Las-Letras.pdf\">Menus navidad y nochevieja<\/a><\/li>\n<\/ul>\n<p><strong>&#8211; <a href=\"http:\/\/www.espanol.marriott.com\/hotelwebsites\/us\/m\/madad\/madad_pdf\/Men-_Navidad_Restaurante_Kalma.pdf\" target=\"_blank\" rel=\"noopener\">Madrid Marriott Auditorium Hotel &amp; Conference Center<\/a>. <\/strong>Men\u00fas especiales 24, 25, 31dic., y 1 enero; paquetes especiales navidad.\u00a0M\u00e1s informaci\u00f3n: reservas.madad@marriott.com \/ 914004400<\/p>\n<ul>\n<li><a href=\"https:\/\/aehm.es\/wp-content\/uploads\/2016\/12\/Men\u00fas-nochevieja-y-a\u00f1o-nuevo-Marriot.pdf\" target=\"_blank\" rel=\"noopener\">Men\u00fas nochevieja y a\u00f1o nuevo<\/a><\/li>\n<li><a href=\"https:\/\/aehm.es\/wp-content\/uploads\/2016\/12\/Men\u00fas-nochebuena-y-navidad-Marriot.pdf\" target=\"_blank\" rel=\"noopener\">Men\u00fas nochebuena y navidad<\/a><\/li>\n<\/ul>\n<p><strong>&#8211; Hotel Meli\u00e1 Madrid Princesa. <\/strong>Men\u00fas empresas y men\u00fas especiales 24, 25, 31dic. y 1 enero.\u00a0M\u00e1s informaci\u00f3n: ventas.melia.madrid.princesa@melia.com \/ 915418200<\/p>\n<ul>\n<li><a href=\"https:\/\/aehm.es\/wp-content\/uploads\/2016\/12\/Men\u00fas-Nochebuena-y-Navidad-Princesa.pdf\" target=\"_blank\" rel=\"noopener\">Men\u00fas Nochebuena y Navidad<\/a><\/li>\n<li><a href=\"https:\/\/aehm.es\/wp-content\/uploads\/2016\/12\/Men\u00fa-nochevieja-y-a\u00f1o-nuevo-Princesa.pdf\" target=\"_blank\" rel=\"noopener\">Men\u00fa nochevieja y a\u00f1o nuevo<\/a><\/li>\n<\/ul>\n<p><strong><a href=\"http:\/\/www.onlyyouhotels.com\/hoteles\/only-you-hotel-atocha\/activate\/la-navidad\/\" target=\"_blank\" rel=\"noopener\">&#8211; Only YOU Hotel Atocha<\/a>.<\/strong> Cocktails especiales grupos y men\u00fas especiales 25, 31dic, 1, 5 y 6 enero. <u>\u00a0M\u00e1s informaci\u00f3n:\u00a0<\/u>sales.madrid@onlyyouhotels.com \/\u00a0<a href=\"mailto:navidad@onlyyouhotels.com\">navidad@onlyyouhotels.com<\/a> \/ 910 05 22 22 \/ 913 07 38 44.\u00a0 Coktails: events.atocha@onlyyouhotels.com \/ 913073844<\/p>\n<ul>\n<li><a href=\"https:\/\/aehm.es\/wp-content\/uploads\/2016\/12\/Men\u00fas-navidad-nochevieja-a\u00f1o-nuevo-5-enero-y-reyes.pdf\" target=\"_blank\" rel=\"noopener\">Men\u00fas navidad, nochevieja, a\u00f1o nuevo, 5 enero y reyes<\/a><\/li>\n<\/ul>\n<p><strong>&#8211; Only YOU Boutique Hotel. <\/strong>Men\u00fas especiales 24, 25, 31dic., 1 enero; Brunch bazar 3, 10 y 17dic. M\u00e1s informaci\u00f3n: 913 07 38 44\/ navidad@onlyyouhotels.com \/ sales.madrid@onlyyouhotels.com \/91 005 22 22<\/p>\n<ul>\n<li><a href=\"https:\/\/aehm.es\/wp-content\/uploads\/2016\/12\/Men\u00fas-nochebuena-navidad-nochevieja-a\u00f1o-nuevo-Only-you.pdf\" target=\"_blank\" rel=\"noopener\">Men\u00fas nochebuena, navidad, nochevieja y a\u00f1o nuevo<\/a><\/li>\n<\/ul>\n<p><strong><a href=\"http:\/\/www.parador.es\/es\/paradores\/parador-de-alcala-de-henares\" target=\"_blank\" rel=\"noopener\">&#8211; Parador de Alcal\u00e1 de Henares<\/a>. <\/strong>Men\u00fas especiales 24 y 31dic; Paquetes especiales nochebuena, nochevieja y reyes. M\u00e1s informaci\u00f3n: alcala@parador.es \/ 918880330<\/p>\n<ul>\n<li><a href=\"https:\/\/aehm.es\/wp-content\/uploads\/2016\/12\/Paquete-especial-nochebuena-Parador-Alcala.pdf\" target=\"_blank\" rel=\"noopener\">Paquete especial nochebuena<\/a><\/li>\n<li><a href=\"https:\/\/aehm.es\/wp-content\/uploads\/2016\/12\/Men\u00fa-nochevieja-Parador-Alcal\u00e1.pdf\" target=\"_blank\" rel=\"noopener\">Men\u00fa nochevieja <\/a><\/li>\n<\/ul>\n<p><strong><a href=\"http:\/\/www.parador.es\/es\/paradores\/parador-de-chinchon\" target=\"_blank\" rel=\"noopener\">Parador de Chinch\u00f3n<\/a>. <\/strong>Men\u00fas empresas y men\u00fas especiales 24 y 31dic.\u00a0M\u00e1s informaci\u00f3n:\u00a0<a href=\"mailto:recepcion.chinchon@parador.es\">recepcion.chinchon@parador.es<\/a> \/ 918940836<\/p>\n<ul>\n<li><a href=\"https:\/\/aehm.es\/wp-content\/uploads\/2016\/12\/Men\u00fa-nochebuena-Chinchon.pdf\" target=\"_blank\" rel=\"noopener\">Men\u00fa nochebuena<\/a><\/li>\n<li><a href=\"https:\/\/aehm.es\/wp-content\/uploads\/2016\/12\/Men\u00fa-nochevieja-Chinchon.pdf\" target=\"_blank\" rel=\"noopener\">Men\u00fa nochevieja<\/a><\/li>\n<\/ul>\n<p><strong>Rafael Hoteles Madrid Norte. <\/strong>Cena nochevieja y paquetes nochevieja.\u00a0M\u00e1s informaci\u00f3n:\u00a0 911842500 \/ <a href=\"mailto:eventos.madridnorte@rafaelhoteles.com\">eventos.madridnorte@rafaelhoteles.com<\/a><\/p>\n<ul>\n<li><a href=\"https:\/\/aehm.es\/wp-content\/uploads\/2016\/12\/Paquetes-Nochevieja.pdf\" target=\"_blank\" rel=\"noopener\">Paquetes Nochevieja<\/a><\/li>\n<\/ul>\n<p><strong>Hotel Vincci Centrum Madrid. <\/strong>Men\u00fas grupos y men\u00fa especial navidad 25dic.\u00a0M\u00e1s informaci\u00f3n:\u00a0<a href=\"mailto:reservas.centrum@vinccihoteles.com%20\/%20913604720\">reservas.centrum@vinccihoteles.com \/ 913604720<\/a>.<\/p>\n<ul>\n<li><a href=\"https:\/\/aehm.es\/wp-content\/uploads\/2016\/12\/Programa-Navidad.pdf\" target=\"_blank\" rel=\"noopener\">Programa Navidad<\/a><\/li>\n<\/ul>\n<p><strong><a href=\"http:\/\/www.navidadpalacemadrid.com\/\" target=\"_blank\" rel=\"noopener\">The Westin Palace<\/a>. <\/strong>Men\u00fas grupos; cena gala 24 y 31dic.; \u00d3pera &amp; Brunch 25dic, 1 y 6 enero. M\u00e1s informaci\u00f3n:\u00a0913607666 \/ 913607249 \/ <a href=\"mailto:events.palace@westin.com\">events.palace@westin.com<\/a><\/p>\n<ul>\n<li><a href=\"https:\/\/aehm.es\/wp-content\/uploads\/2016\/12\/Programa-navidad-Palace.pdf\" target=\"_blank\" rel=\"noopener\">Programa navidad<\/a><\/li>\n<\/ul>\n<p><strong><a href=\"https:\/\/www.indigomadrid.com\/\" target=\"_blank\" rel=\"noopener\">Hotel \u00cdndigo<\/a>. <\/strong>Men\u00fas grupos y cena nochevieja con cotill\u00f3n.\u00a0 Cena nochevieja y cotill\u00f3n: <a href=\"mailto:restaurante@indigomadrid.com\">restaurante@indigomadrid.com<\/a>. Men\u00fas grupos: <a href=\"mailto:events@indigomadrid.com\">events@indigomadrid.com<\/a><\/p>\n<ul>\n<li><a href=\"https:\/\/aehm.es\/wp-content\/uploads\/2016\/12\/Men\u00fas-navidad-y-cocktails-indigo.pdf\" target=\"_blank\" rel=\"noopener\">Men\u00fas navidad y cocktail<\/a><\/li>\n<li><a href=\"https:\/\/aehm.es\/wp-content\/uploads\/2016\/12\/Men\u00fa-nochevieja-indigo.pdf\" target=\"_blank\" rel=\"noopener\">Men\u00fa nochevieja<\/a><\/li>\n<\/ul>\n<p><strong>&#8211; <a href=\"https:\/\/www.hotelopera.com\/restaurante\" target=\"_blank\" rel=\"noopener\">Hotel \u00d3pera<\/a>. <\/strong>Gran cena cantada nochevieja y reyes. M\u00e1s informaci\u00f3n:\u00a0<a href=\"mailto:reservas@elcafedelaopera.com\">reservas@elcafedelaopera.com<\/a>.<\/p>\n<div id='gallery-3' class='gallery galleryid-3135 gallery-columns-3 gallery-size-thumbnail'><figure class='gallery-item'>\n\t\t\t<div class='gallery-icon landscape'>\n\t\t\t\t<a href='https:\/\/aehm.es\/en\/menu-nochevieja-opera\/'><img loading=\"lazy\" decoding=\"async\" width=\"150\" height=\"150\" src=\"https:\/\/aehm.es\/wp-content\/uploads\/2016\/12\/Menu-nochevieja-Opera-150x150.jpg\" class=\"attachment-thumbnail size-thumbnail\" alt=\"\" \/><\/a>\n\t\t\t<\/div><\/figure><figure class='gallery-item'>\n\t\t\t<div class='gallery-icon landscape'>\n\t\t\t\t<a href='https:\/\/aehm.es\/en\/navidad-opera\/'><img loading=\"lazy\" decoding=\"async\" width=\"150\" height=\"150\" src=\"https:\/\/aehm.es\/wp-content\/uploads\/2016\/12\/NAvidad-Opera-1-150x150.jpg\" class=\"attachment-thumbnail size-thumbnail\" alt=\"\" \/><\/a>\n\t\t\t<\/div><\/figure>\n\t\t<\/div>\n\n<p><strong>&#8211; <a href=\"https:\/\/www.hotelurso.com\/en\/experiences\/chistmas-and-new-years-eve-at-urso\" target=\"_blank\" rel=\"noopener\">Hotel Urso<\/a>. <\/strong>Men\u00fas grupos; men\u00fas especiales 24 y 31dic; chocolate caliente en el lobby durante navidad; tarde pre-fin de a\u00f1o 31dic. con champagne y aperitivos. M\u00e1s informaci\u00f3n:\u00a0<a href=\"mailto:eventos@hotelurso.com\">eventos@hotelurso.com<\/a> \/ 914444458.<\/p>\n<ul>\n<li><a href=\"https:\/\/aehm.es\/wp-content\/uploads\/2016\/12\/Programa-completo-navidad-espa\u00f1ol-e-ingl\u00e9s-urso.pdf\" target=\"_blank\" rel=\"noopener\">Programa completo navidad (espa\u00f1ol e ingl\u00e9s)<\/a><\/li>\n<\/ul>\n<p><strong>&#8211; <a href=\"http:\/\/www.hospes.com\/es\/madrid-madrid\/experiencias\/gastronom\u00eda-de-navidad.html\" target=\"_blank\" rel=\"noopener\">Hotel Hospes Puerta de Alcal\u00e1<\/a>. <\/strong>Men\u00fas empresas y men\u00fas especiales 24, 25, 31dic., 1, 5, y 6 enero. \u00a0M\u00e1s informaci\u00f3n: sm2.madrid@hospes.com \/ puertadealcala@hospes.com \/ 914 322 911<\/p>\n<ul>\n<li><a href=\"https:\/\/aehm.es\/wp-content\/uploads\/2016\/12\/Menus-de-toda-la-navidad.pdf\" target=\"_blank\" rel=\"noopener\">Menus de toda la navidad<\/a><\/li>\n<\/ul>\n","protected":false},"excerpt":{"rendered":"<p>Los hoteles de la Comunidad de Madrid\u00a0 (miembros de la Asociaci\u00f3n Empresarial Hotelera de Madrid) ponen a disposici\u00f3n de todos aquellos que deseen pasar las fiestas navide\u00f1as en un ambiente exclusivo e inolvidable, una amplia gama de men\u00fas especiales y actividades originales. Con una extensa oferta gastron\u00f3mica, dise\u00f1ada y elaborada de la mano de grandes [&hellip;]<\/p>\n","protected":false},"author":1,"featured_media":3248,"comment_status":"open","ping_status":"open","sticky":false,"template":"","format":"standard","meta":{"footnotes":""},"categories":[1],"tags":[],"class_list":["post-3135","post","type-post","status-publish","format-standard","has-post-thumbnail","hentry","category-actualidad-aehm"],"yoast_head":"<!-- This site is optimized with the Yoast SEO plugin v27.5 - https:\/\/yoast.com\/product\/yoast-seo-wordpress\/ -->\n<title>Los hoteles de Madrid abren sus puertas a los ciudadanos y turistas que visiten las ciudad en estas fiestas - AEHM<\/title>\n<meta name=\"description\" content=\"Los hoteles de la Comunidad de Madrid\u00a0ponen a disposici\u00f3n de todos aquellos que deseen pasar las fiestas navide\u00f1as en un ambiente exclusivo e inolvidable, una amplia gama de men\u00fas especiales y actividades originales.\" \/>\n<meta name=\"robots\" content=\"index, follow, max-snippet:-1, max-image-preview:large, max-video-preview:-1\" \/>\n<link rel=\"canonical\" href=\"https:\/\/aehm.es\/los-hoteles-madrid-abren-puertas-los-ciudadanos-turistas-visiten-las-ciudad-estas-fiestas\/\" \/>\n<meta property=\"og:locale\" content=\"en_US\" \/>\n<meta property=\"og:type\" content=\"article\" \/>\n<meta property=\"og:title\" content=\"Los hoteles de Madrid abren sus puertas a los ciudadanos y turistas que visiten las ciudad en estas fiestas - AEHM\" \/>\n<meta property=\"og:description\" content=\"Los hoteles de la Comunidad de Madrid\u00a0ponen a disposici\u00f3n de todos aquellos que deseen pasar las fiestas navide\u00f1as en un ambiente exclusivo e inolvidable, una amplia gama de men\u00fas especiales y actividades originales.\" \/>\n<meta property=\"og:url\" content=\"https:\/\/aehm.es\/los-hoteles-madrid-abren-puertas-los-ciudadanos-turistas-visiten-las-ciudad-estas-fiestas\/\" \/>\n<meta property=\"og:site_name\" content=\"AEHM\" \/>\n<meta property=\"article:publisher\" content=\"https:\/\/www.instagram.com\/hotelesdemadrid\/\" \/>\n<meta property=\"article:published_time\" content=\"2017-12-22T10:22:26+00:00\" \/>\n<meta property=\"og:image\" content=\"https:\/\/aehm.es\/wp-content\/uploads\/2017\/12\/Calle-Arenal-Navidad-1.jpg\" \/>\n\t<meta property=\"og:image:width\" content=\"2000\" \/>\n\t<meta property=\"og:image:height\" content=\"1333\" \/>\n\t<meta property=\"og:image:type\" content=\"image\/jpeg\" \/>\n<meta name=\"author\" content=\"richard\" \/>\n<meta name=\"twitter:card\" content=\"summary_large_image\" \/>\n<meta name=\"twitter:creator\" content=\"@HotelesAEHM\" \/>\n<meta name=\"twitter:site\" content=\"@HotelesAEHM\" \/>\n<meta name=\"twitter:label1\" content=\"Written by\" \/>\n\t<meta name=\"twitter:data1\" content=\"richard\" \/>\n\t<meta name=\"twitter:label2\" content=\"Est. reading time\" \/>\n\t<meta name=\"twitter:data2\" content=\"5 minutes\" \/>\n<script type=\"application\/ld+json\" class=\"yoast-schema-graph\">{\"@context\":\"https:\\\/\\\/schema.org\",\"@graph\":[{\"@type\":\"Article\",\"@id\":\"https:\\\/\\\/aehm.es\\\/los-hoteles-madrid-abren-puertas-los-ciudadanos-turistas-visiten-las-ciudad-estas-fiestas\\\/#article\",\"isPartOf\":{\"@id\":\"https:\\\/\\\/aehm.es\\\/los-hoteles-madrid-abren-puertas-los-ciudadanos-turistas-visiten-las-ciudad-estas-fiestas\\\/\"},\"author\":{\"name\":\"richard\",\"@id\":\"https:\\\/\\\/aehm.es\\\/#\\\/schema\\\/person\\\/ca1397f4b0bcee246b58a0278b67a95f\"},\"headline\":\"Los hoteles de Madrid abren sus puertas a los ciudadanos y turistas que visiten las ciudad en estas fiestas\",\"datePublished\":\"2017-12-22T10:22:26+00:00\",\"mainEntityOfPage\":{\"@id\":\"https:\\\/\\\/aehm.es\\\/los-hoteles-madrid-abren-puertas-los-ciudadanos-turistas-visiten-las-ciudad-estas-fiestas\\\/\"},\"wordCount\":937,\"commentCount\":0,\"publisher\":{\"@id\":\"https:\\\/\\\/aehm.es\\\/#organization\"},\"image\":{\"@id\":\"https:\\\/\\\/aehm.es\\\/los-hoteles-madrid-abren-puertas-los-ciudadanos-turistas-visiten-las-ciudad-estas-fiestas\\\/#primaryimage\"},\"thumbnailUrl\":\"https:\\\/\\\/aehm.es\\\/wp-content\\\/uploads\\\/2017\\\/12\\\/Calle-Arenal-Navidad-1.jpg\",\"articleSection\":[\"Actualidad AEHM\"],\"inLanguage\":\"en-US\",\"potentialAction\":[{\"@type\":\"CommentAction\",\"name\":\"Comment\",\"target\":[\"https:\\\/\\\/aehm.es\\\/los-hoteles-madrid-abren-puertas-los-ciudadanos-turistas-visiten-las-ciudad-estas-fiestas\\\/#respond\"]}]},{\"@type\":\"WebPage\",\"@id\":\"https:\\\/\\\/aehm.es\\\/los-hoteles-madrid-abren-puertas-los-ciudadanos-turistas-visiten-las-ciudad-estas-fiestas\\\/\",\"url\":\"https:\\\/\\\/aehm.es\\\/los-hoteles-madrid-abren-puertas-los-ciudadanos-turistas-visiten-las-ciudad-estas-fiestas\\\/\",\"name\":\"Los hoteles de Madrid abren sus puertas a los ciudadanos y turistas que visiten las ciudad en estas fiestas - AEHM\",\"isPartOf\":{\"@id\":\"https:\\\/\\\/aehm.es\\\/#website\"},\"primaryImageOfPage\":{\"@id\":\"https:\\\/\\\/aehm.es\\\/los-hoteles-madrid-abren-puertas-los-ciudadanos-turistas-visiten-las-ciudad-estas-fiestas\\\/#primaryimage\"},\"image\":{\"@id\":\"https:\\\/\\\/aehm.es\\\/los-hoteles-madrid-abren-puertas-los-ciudadanos-turistas-visiten-las-ciudad-estas-fiestas\\\/#primaryimage\"},\"thumbnailUrl\":\"https:\\\/\\\/aehm.es\\\/wp-content\\\/uploads\\\/2017\\\/12\\\/Calle-Arenal-Navidad-1.jpg\",\"datePublished\":\"2017-12-22T10:22:26+00:00\",\"description\":\"Los hoteles de la Comunidad de Madrid\u00a0ponen a disposici\u00f3n de todos aquellos que deseen pasar las fiestas navide\u00f1as en un ambiente exclusivo e inolvidable, una amplia gama de men\u00fas especiales y actividades originales.\",\"breadcrumb\":{\"@id\":\"https:\\\/\\\/aehm.es\\\/los-hoteles-madrid-abren-puertas-los-ciudadanos-turistas-visiten-las-ciudad-estas-fiestas\\\/#breadcrumb\"},\"inLanguage\":\"en-US\",\"potentialAction\":[{\"@type\":\"ReadAction\",\"target\":[\"https:\\\/\\\/aehm.es\\\/los-hoteles-madrid-abren-puertas-los-ciudadanos-turistas-visiten-las-ciudad-estas-fiestas\\\/\"]}]},{\"@type\":\"ImageObject\",\"inLanguage\":\"en-US\",\"@id\":\"https:\\\/\\\/aehm.es\\\/los-hoteles-madrid-abren-puertas-los-ciudadanos-turistas-visiten-las-ciudad-estas-fiestas\\\/#primaryimage\",\"url\":\"https:\\\/\\\/aehm.es\\\/wp-content\\\/uploads\\\/2017\\\/12\\\/Calle-Arenal-Navidad-1.jpg\",\"contentUrl\":\"https:\\\/\\\/aehm.es\\\/wp-content\\\/uploads\\\/2017\\\/12\\\/Calle-Arenal-Navidad-1.jpg\",\"width\":2000,\"height\":1333},{\"@type\":\"BreadcrumbList\",\"@id\":\"https:\\\/\\\/aehm.es\\\/los-hoteles-madrid-abren-puertas-los-ciudadanos-turistas-visiten-las-ciudad-estas-fiestas\\\/#breadcrumb\",\"itemListElement\":[{\"@type\":\"ListItem\",\"position\":1,\"name\":\"Portada\",\"item\":\"https:\\\/\\\/aehm.es\\\/en\\\/\"},{\"@type\":\"ListItem\",\"position\":2,\"name\":\"Los hoteles de Madrid abren sus puertas a los ciudadanos y turistas que visiten las ciudad en estas fiestas\"}]},{\"@type\":\"WebSite\",\"@id\":\"https:\\\/\\\/aehm.es\\\/#website\",\"url\":\"https:\\\/\\\/aehm.es\\\/\",\"name\":\"Asociaci\u00f3n Empresarial Hotelera de Madrid\",\"description\":\"La Asociaci\u00f3n Empresarial Hotelera Madrid est\u00e1 formada por m\u00e1s de 300 establecimientos de todas las categor\u00edas y tipolog\u00edas (hoteles, hostales, hostels, apartamentos\u2026) que suman m\u00e1s de 75.000 plazas de alojamiento.\",\"publisher\":{\"@id\":\"https:\\\/\\\/aehm.es\\\/#organization\"},\"alternateName\":\"AEHM\",\"potentialAction\":[{\"@type\":\"SearchAction\",\"target\":{\"@type\":\"EntryPoint\",\"urlTemplate\":\"https:\\\/\\\/aehm.es\\\/?s={search_term_string}\"},\"query-input\":{\"@type\":\"PropertyValueSpecification\",\"valueRequired\":true,\"valueName\":\"search_term_string\"}}],\"inLanguage\":\"en-US\"},{\"@type\":\"Organization\",\"@id\":\"https:\\\/\\\/aehm.es\\\/#organization\",\"name\":\"Asociaci\u00f3n Empresarial Hotelera de Madrid\",\"url\":\"https:\\\/\\\/aehm.es\\\/\",\"logo\":{\"@type\":\"ImageObject\",\"inLanguage\":\"en-US\",\"@id\":\"https:\\\/\\\/aehm.es\\\/#\\\/schema\\\/logo\\\/image\\\/\",\"url\":\"https:\\\/\\\/aehm.es\\\/wp-content\\\/uploads\\\/2021\\\/11\\\/Logo_AEHM_Horiz.png\",\"contentUrl\":\"https:\\\/\\\/aehm.es\\\/wp-content\\\/uploads\\\/2021\\\/11\\\/Logo_AEHM_Horiz.png\",\"width\":600,\"height\":182,\"caption\":\"Asociaci\u00f3n Empresarial Hotelera de Madrid\"},\"image\":{\"@id\":\"https:\\\/\\\/aehm.es\\\/#\\\/schema\\\/logo\\\/image\\\/\"},\"sameAs\":[\"https:\\\/\\\/www.instagram.com\\\/hotelesdemadrid\\\/\",\"https:\\\/\\\/x.com\\\/HotelesAEHM\",\"https:\\\/\\\/www.linkedin.com\\\/company\\\/11166072\\\/\"]},{\"@type\":\"Person\",\"@id\":\"https:\\\/\\\/aehm.es\\\/#\\\/schema\\\/person\\\/ca1397f4b0bcee246b58a0278b67a95f\",\"name\":\"richard\",\"image\":{\"@type\":\"ImageObject\",\"inLanguage\":\"en-US\",\"@id\":\"https:\\\/\\\/secure.gravatar.com\\\/avatar\\\/dd2486a811ecc34bf766b7d8b17d0ea76674186c415867af39660e429e20e1a0?s=96&d=mm&r=g\",\"url\":\"https:\\\/\\\/secure.gravatar.com\\\/avatar\\\/dd2486a811ecc34bf766b7d8b17d0ea76674186c415867af39660e429e20e1a0?s=96&d=mm&r=g\",\"contentUrl\":\"https:\\\/\\\/secure.gravatar.com\\\/avatar\\\/dd2486a811ecc34bf766b7d8b17d0ea76674186c415867af39660e429e20e1a0?s=96&d=mm&r=g\",\"caption\":\"richard\"},\"url\":\"https:\\\/\\\/aehm.es\\\/en\\\/author\\\/richard\\\/\"}]}<\/script>\n<!-- \/ Yoast SEO plugin. -->","yoast_head_json":{"title":"Los hoteles de Madrid abren sus puertas a los ciudadanos y turistas que visiten las ciudad en estas fiestas - AEHM","description":"Los hoteles de la Comunidad de Madrid\u00a0ponen a disposici\u00f3n de todos aquellos que deseen pasar las fiestas navide\u00f1as en un ambiente exclusivo e inolvidable, una amplia gama de men\u00fas especiales y actividades originales.","robots":{"index":"index","follow":"follow","max-snippet":"max-snippet:-1","max-image-preview":"max-image-preview:large","max-video-preview":"max-video-preview:-1"},"canonical":"https:\/\/aehm.es\/los-hoteles-madrid-abren-puertas-los-ciudadanos-turistas-visiten-las-ciudad-estas-fiestas\/","og_locale":"en_US","og_type":"article","og_title":"Los hoteles de Madrid abren sus puertas a los ciudadanos y turistas que visiten las ciudad en estas fiestas - AEHM","og_description":"Los hoteles de la Comunidad de Madrid\u00a0ponen a disposici\u00f3n de todos aquellos que deseen pasar las fiestas navide\u00f1as en un ambiente exclusivo e inolvidable, una amplia gama de men\u00fas especiales y actividades originales.","og_url":"https:\/\/aehm.es\/los-hoteles-madrid-abren-puertas-los-ciudadanos-turistas-visiten-las-ciudad-estas-fiestas\/","og_site_name":"AEHM","article_publisher":"https:\/\/www.instagram.com\/hotelesdemadrid\/","article_published_time":"2017-12-22T10:22:26+00:00","og_image":[{"width":2000,"height":1333,"url":"https:\/\/aehm.es\/wp-content\/uploads\/2017\/12\/Calle-Arenal-Navidad-1.jpg","type":"image\/jpeg"}],"author":"richard","twitter_card":"summary_large_image","twitter_creator":"@HotelesAEHM","twitter_site":"@HotelesAEHM","twitter_misc":{"Written by":"richard","Est. reading time":"5 minutes"},"schema":{"@context":"https:\/\/schema.org","@graph":[{"@type":"Article","@id":"https:\/\/aehm.es\/los-hoteles-madrid-abren-puertas-los-ciudadanos-turistas-visiten-las-ciudad-estas-fiestas\/#article","isPartOf":{"@id":"https:\/\/aehm.es\/los-hoteles-madrid-abren-puertas-los-ciudadanos-turistas-visiten-las-ciudad-estas-fiestas\/"},"author":{"name":"richard","@id":"https:\/\/aehm.es\/#\/schema\/person\/ca1397f4b0bcee246b58a0278b67a95f"},"headline":"Los hoteles de Madrid abren sus puertas a los ciudadanos y turistas que visiten las ciudad en estas fiestas","datePublished":"2017-12-22T10:22:26+00:00","mainEntityOfPage":{"@id":"https:\/\/aehm.es\/los-hoteles-madrid-abren-puertas-los-ciudadanos-turistas-visiten-las-ciudad-estas-fiestas\/"},"wordCount":937,"commentCount":0,"publisher":{"@id":"https:\/\/aehm.es\/#organization"},"image":{"@id":"https:\/\/aehm.es\/los-hoteles-madrid-abren-puertas-los-ciudadanos-turistas-visiten-las-ciudad-estas-fiestas\/#primaryimage"},"thumbnailUrl":"https:\/\/aehm.es\/wp-content\/uploads\/2017\/12\/Calle-Arenal-Navidad-1.jpg","articleSection":["Actualidad AEHM"],"inLanguage":"en-US","potentialAction":[{"@type":"CommentAction","name":"Comment","target":["https:\/\/aehm.es\/los-hoteles-madrid-abren-puertas-los-ciudadanos-turistas-visiten-las-ciudad-estas-fiestas\/#respond"]}]},{"@type":"WebPage","@id":"https:\/\/aehm.es\/los-hoteles-madrid-abren-puertas-los-ciudadanos-turistas-visiten-las-ciudad-estas-fiestas\/","url":"https:\/\/aehm.es\/los-hoteles-madrid-abren-puertas-los-ciudadanos-turistas-visiten-las-ciudad-estas-fiestas\/","name":"Los hoteles de Madrid abren sus puertas a los ciudadanos y turistas que visiten las ciudad en estas fiestas - AEHM","isPartOf":{"@id":"https:\/\/aehm.es\/#website"},"primaryImageOfPage":{"@id":"https:\/\/aehm.es\/los-hoteles-madrid-abren-puertas-los-ciudadanos-turistas-visiten-las-ciudad-estas-fiestas\/#primaryimage"},"image":{"@id":"https:\/\/aehm.es\/los-hoteles-madrid-abren-puertas-los-ciudadanos-turistas-visiten-las-ciudad-estas-fiestas\/#primaryimage"},"thumbnailUrl":"https:\/\/aehm.es\/wp-content\/uploads\/2017\/12\/Calle-Arenal-Navidad-1.jpg","datePublished":"2017-12-22T10:22:26+00:00","description":"Los hoteles de la Comunidad de Madrid\u00a0ponen a disposici\u00f3n de todos aquellos que deseen pasar las fiestas navide\u00f1as en un ambiente exclusivo e inolvidable, una amplia gama de men\u00fas especiales y actividades originales.","breadcrumb":{"@id":"https:\/\/aehm.es\/los-hoteles-madrid-abren-puertas-los-ciudadanos-turistas-visiten-las-ciudad-estas-fiestas\/#breadcrumb"},"inLanguage":"en-US","potentialAction":[{"@type":"ReadAction","target":["https:\/\/aehm.es\/los-hoteles-madrid-abren-puertas-los-ciudadanos-turistas-visiten-las-ciudad-estas-fiestas\/"]}]},{"@type":"ImageObject","inLanguage":"en-US","@id":"https:\/\/aehm.es\/los-hoteles-madrid-abren-puertas-los-ciudadanos-turistas-visiten-las-ciudad-estas-fiestas\/#primaryimage","url":"https:\/\/aehm.es\/wp-content\/uploads\/2017\/12\/Calle-Arenal-Navidad-1.jpg","contentUrl":"https:\/\/aehm.es\/wp-content\/uploads\/2017\/12\/Calle-Arenal-Navidad-1.jpg","width":2000,"height":1333},{"@type":"BreadcrumbList","@id":"https:\/\/aehm.es\/los-hoteles-madrid-abren-puertas-los-ciudadanos-turistas-visiten-las-ciudad-estas-fiestas\/#breadcrumb","itemListElement":[{"@type":"ListItem","position":1,"name":"Portada","item":"https:\/\/aehm.es\/en\/"},{"@type":"ListItem","position":2,"name":"Los hoteles de Madrid abren sus puertas a los ciudadanos y turistas que visiten las ciudad en estas fiestas"}]},{"@type":"WebSite","@id":"https:\/\/aehm.es\/#website","url":"https:\/\/aehm.es\/","name":"Asociaci\u00f3n Empresarial Hotelera de Madrid","description":"La Asociaci\u00f3n Empresarial Hotelera Madrid est\u00e1 formada por m\u00e1s de 300 establecimientos de todas las categor\u00edas y tipolog\u00edas (hoteles, hostales, hostels, apartamentos\u2026) que suman m\u00e1s de 75.000 plazas de alojamiento.","publisher":{"@id":"https:\/\/aehm.es\/#organization"},"alternateName":"AEHM","potentialAction":[{"@type":"SearchAction","target":{"@type":"EntryPoint","urlTemplate":"https:\/\/aehm.es\/?s={search_term_string}"},"query-input":{"@type":"PropertyValueSpecification","valueRequired":true,"valueName":"search_term_string"}}],"inLanguage":"en-US"},{"@type":"Organization","@id":"https:\/\/aehm.es\/#organization","name":"Asociaci\u00f3n Empresarial Hotelera de Madrid","url":"https:\/\/aehm.es\/","logo":{"@type":"ImageObject","inLanguage":"en-US","@id":"https:\/\/aehm.es\/#\/schema\/logo\/image\/","url":"https:\/\/aehm.es\/wp-content\/uploads\/2021\/11\/Logo_AEHM_Horiz.png","contentUrl":"https:\/\/aehm.es\/wp-content\/uploads\/2021\/11\/Logo_AEHM_Horiz.png","width":600,"height":182,"caption":"Asociaci\u00f3n Empresarial Hotelera de Madrid"},"image":{"@id":"https:\/\/aehm.es\/#\/schema\/logo\/image\/"},"sameAs":["https:\/\/www.instagram.com\/hotelesdemadrid\/","https:\/\/x.com\/HotelesAEHM","https:\/\/www.linkedin.com\/company\/11166072\/"]},{"@type":"Person","@id":"https:\/\/aehm.es\/#\/schema\/person\/ca1397f4b0bcee246b58a0278b67a95f","name":"richard","image":{"@type":"ImageObject","inLanguage":"en-US","@id":"https:\/\/secure.gravatar.com\/avatar\/dd2486a811ecc34bf766b7d8b17d0ea76674186c415867af39660e429e20e1a0?s=96&d=mm&r=g","url":"https:\/\/secure.gravatar.com\/avatar\/dd2486a811ecc34bf766b7d8b17d0ea76674186c415867af39660e429e20e1a0?s=96&d=mm&r=g","contentUrl":"https:\/\/secure.gravatar.com\/avatar\/dd2486a811ecc34bf766b7d8b17d0ea76674186c415867af39660e429e20e1a0?s=96&d=mm&r=g","caption":"richard"},"url":"https:\/\/aehm.es\/en\/author\/richard\/"}]}},"_links":{"self":[{"href":"https:\/\/aehm.es\/en\/wp-json\/wp\/v2\/posts\/3135","targetHints":{"allow":["GET"]}}],"collection":[{"href":"https:\/\/aehm.es\/en\/wp-json\/wp\/v2\/posts"}],"about":[{"href":"https:\/\/aehm.es\/en\/wp-json\/wp\/v2\/types\/post"}],"author":[{"embeddable":true,"href":"https:\/\/aehm.es\/en\/wp-json\/wp\/v2\/users\/1"}],"replies":[{"embeddable":true,"href":"https:\/\/aehm.es\/en\/wp-json\/wp\/v2\/comments?post=3135"}],"version-history":[{"count":0,"href":"https:\/\/aehm.es\/en\/wp-json\/wp\/v2\/posts\/3135\/revisions"}],"wp:featuredmedia":[{"embeddable":true,"href":"https:\/\/aehm.es\/en\/wp-json\/wp\/v2\/media\/3248"}],"wp:attachment":[{"href":"https:\/\/aehm.es\/en\/wp-json\/wp\/v2\/media?parent=3135"}],"wp:term":[{"taxonomy":"category","embeddable":true,"href":"https:\/\/aehm.es\/en\/wp-json\/wp\/v2\/categories?post=3135"},{"taxonomy":"post_tag","embeddable":true,"href":"https:\/\/aehm.es\/en\/wp-json\/wp\/v2\/tags?post=3135"}],"curies":[{"name":"wp","href":"https:\/\/api.w.org\/{rel}","templated":true}]}}