{"id":3098,"date":"2017-12-01T12:22:35","date_gmt":"2017-12-01T12:22:35","guid":{"rendered":"https:\/\/aehm.es\/?p=3098"},"modified":"2017-12-01T12:22:35","modified_gmt":"2017-12-01T12:22:35","slug":"los-hoteleros-madrilenos-atribuyen-el-crecimiento-de-las-viviendas-turisticas-ilegales-a-la-falta-de-planificacion-de-las-administraciones","status":"publish","type":"post","link":"https:\/\/aehm.es\/en\/los-hoteleros-madrilenos-atribuyen-el-crecimiento-de-las-viviendas-turisticas-ilegales-a-la-falta-de-planificacion-de-las-administraciones\/","title":{"rendered":"Los hoteleros madrile\u00f1os atribuyen el crecimiento de las viviendas tur\u00edsticas ilegales a la falta de planificaci\u00f3n de las administraciones"},"content":{"rendered":"<ul>\n<li><strong>La auge de la econom\u00eda colaborativa y la proliferaci\u00f3n descontrolada de esta nueva modalidad de alojamiento podr\u00eda poner en riesgo el modelo de turismo sostenible que hay en Madrid<\/strong><\/li>\n<li><strong>El sector pide una respuesta coordinada entre el Gobierno central, auton\u00f3mico y local y elevar la normativa actual a rango de ley para reducir la posibilidad de su impugnaci\u00f3n por v\u00eda administrativa y judicial<\/strong><\/li>\n<\/ul>\n<p><strong>Madrid, 1 de diciembre de 2017.-<\/strong> El presidente de la <strong>Asociaci\u00f3n Empresarial Hotelera de Madrid<\/strong> (AEHM), Gabriel Garc\u00eda, ha atribuido el crecimiento descontrolado de las viviendas de alquiler de uso tur\u00edstico (VUT) a la <strong>falta de previsi\u00f3n y de planificaci\u00f3n por parte del Gobierno regional y local<\/strong>, durante su intervenci\u00f3n en la mesa redonda \u2018Gentrification: local VS travelers\u2019 junto con el presidente de la Confederaci\u00f3n Espa\u00f1ola de Hoteles y Alojamientos Tur\u00edsticos (CEHAT), Juan Molas, y el alcalde de Benidorm, Antonio P\u00e9rez, en el evento de innovaci\u00f3n hotelera \u2018Guest Summit\u2019.<\/p>\n<p>Para el representante de los hoteleros madrile\u00f1os, la mal llamada <strong>\u2018econom\u00eda colaborativa\u2019<\/strong> y la <strong>ausencia de un marco regulatorio sobre las VUT<\/strong> podr\u00edan poner en <strong>riesgo el modelo de turismo sostenible que defiende el sector<\/strong> en pos de mejorar la imagen del destino y de garantizar la convivencia \u2018pac\u00edfica\u2019 entre ciudadanos y visitantes.<\/p>\n<p>Adem\u00e1s de provocar la <strong>expulsi\u00f3n <\/strong>de los residentes en aquellos barrios donde hay una mayor concentraci\u00f3n de VUT por la <strong>inseguridad<\/strong> que generan y por el <strong>incremento del precio de los alquileres<\/strong>, esta \u2018masificaci\u00f3n tur\u00edstica\u2019 tambi\u00e9n est\u00e1 teniendo un <strong>impacto directo<\/strong> sobre el <strong>comercio de proximidad<\/strong>, ya que muchos propietarios est\u00e1n cerrando sus negocios tras la p\u00e9rdida de su \u2018clientela tradicional\u2019.<\/p>\n<p><em>\u201cEn menos de un a\u00f1o hemos pasado de 10.000 a 20.000 apartamentos tur\u00edsticos en la regi\u00f3n y de \u00e9stos s\u00f3lo 4.000 est\u00e1n registrados en la Direcci\u00f3n General de Turismo de la Comunidad de Madrid. Por este motivo, desde la AEHM pedimos a las administraciones la puesta en marcha, con car\u00e1cter urgente, de una normativa eficaz que regule su actividad\u201d<\/em>. Asimismo, Garc\u00eda ha recalcado que <em>\u201ctambi\u00e9n es preciso exigir a las plataformas digitales que las viviendas que publiquen en sus portales sean legales y est\u00e9n registradas para que cumplan con unas normas proporcionales, al igual que lo hace la industria hotelera\u201d<\/em>.<\/p>\n<p>Respecto al papel de las administraciones, el presidente de la AEHM ha reclamado <strong>soluciones eficaces <\/strong>y la <strong>contribuci\u00f3n del sector en el procedimiento de modificaci\u00f3n del decreto 79\/2017<\/strong> de la Comunidad de Madrid, aunque para ello <em>\u201chay que conocerlo y, hasta la fecha, s\u00f3lo hemos tenido acceso a la Memoria del proyecto de modificaci\u00f3n\u201d.<\/em><\/p>\n<p>En este sentido, Gabriel Garc\u00eda ha remarcado que es imprescindible tender a una <strong>regulaci\u00f3n m\u00e1s ambiciosa<\/strong> que consistir\u00eda en <strong>elevar la normativa a rango de ley<\/strong> con el fin de establecer una <strong>regulaci\u00f3n m\u00e1s s\u00f3lida y estable<\/strong> y <em>\u201crestringir, en buena medida, la posibilidad de su impugnaci\u00f3n por v\u00eda administrativa y judicial\u201d.<\/em><\/p>\n<p>Dentro de esta ley, el representante de los hoteleros madrile\u00f1os ha insistido en la importancia de definir un <strong>r\u00e9gimen de infracciones y sanciones<\/strong>, as\u00ed como de <strong>reforzar los servicios de inspecci\u00f3n<\/strong> para lograr un control eficaz. Adem\u00e1s, desde la AEHM solicitan a las administraciones que la <strong>cesi\u00f3n de uso no se conceda por habitaciones<\/strong>, sino a la <strong>totalidad del inmueble <\/strong>al tratarse de una cuesti\u00f3n de garantizar unos l\u00edmites a la actividad y garantizar los derechos de los consumidores.<\/p>\n<p>Para finalizar su intervenci\u00f3n, Gabriel Garc\u00eda ha dado a conocer otra de las propuestas de la Asociaci\u00f3n basada en la creaci\u00f3n de un <strong>sistema compartido de informaci\u00f3n<\/strong>, mediante el cual las viviendas que se inscriban oficialmente en el Registro Tur\u00edstico de la Comunidad de Madrid puedan <em>\u201cser comunicadas inmediatamente a las administraciones municipales y as\u00ed asegurar el cumplimiento de la normativa local\u201d<\/em>.<\/p>\n<p>Respecto a los <strong>l\u00edmites temporales<\/strong> para el ejercicio de esta actividad, el presidente de la AEHM ha indicado que <em>\u201c<\/em><em>aunque es cierto que el requisito que exig\u00eda la contrataci\u00f3n de estos alojamientos por tiempo inferior a cinco d\u00edas fue anulado por los tribunales de justicia, no obstante, debe advertirse que la nulidad se decretaba como consecuencia exclusiva de la falta de justificaci\u00f3n de la racionalidad y proporcionalidad de la medida\u201d.<\/em><\/p>\n","protected":false},"excerpt":{"rendered":"<p>La auge de la econom\u00eda colaborativa y la proliferaci\u00f3n descontrolada de esta nueva modalidad de alojamiento podr\u00eda poner en riesgo el modelo de turismo sostenible que hay en Madrid El sector pide una respuesta coordinada entre el Gobierno central, auton\u00f3mico y local y elevar la normativa actual a rango de ley para reducir la posibilidad [&hellip;]<\/p>\n","protected":false},"author":1,"featured_media":3112,"comment_status":"open","ping_status":"open","sticky":false,"template":"","format":"standard","meta":{"footnotes":""},"categories":[1],"tags":[],"class_list":["post-3098","post","type-post","status-publish","format-standard","has-post-thumbnail","hentry","category-actualidad-aehm"],"yoast_head":"<!-- This site is optimized with the Yoast SEO plugin v27.5 - https:\/\/yoast.com\/product\/yoast-seo-wordpress\/ -->\n<title>Los hoteleros madrile\u00f1os atribuyen el crecimiento de las viviendas tur\u00edsticas ilegales a la falta de planificaci\u00f3n de las administraciones - AEHM<\/title>\n<meta name=\"description\" content=\"El sector pide una respuesta coordinada entre el Gobierno central, auton\u00f3mico y local y elevar la normativa actual a rango de ley\" \/>\n<meta name=\"robots\" content=\"index, follow, max-snippet:-1, max-image-preview:large, max-video-preview:-1\" \/>\n<link rel=\"canonical\" href=\"https:\/\/aehm.es\/los-hoteleros-madrilenos-atribuyen-el-crecimiento-de-las-viviendas-turisticas-ilegales-a-la-falta-de-planificacion-de-las-administraciones\/\" \/>\n<meta property=\"og:locale\" content=\"en_US\" \/>\n<meta property=\"og:type\" content=\"article\" \/>\n<meta property=\"og:title\" content=\"Los hoteleros madrile\u00f1os atribuyen el crecimiento de las viviendas tur\u00edsticas ilegales a la falta de planificaci\u00f3n de las administraciones - AEHM\" \/>\n<meta property=\"og:description\" content=\"El sector pide una respuesta coordinada entre el Gobierno central, auton\u00f3mico y local y elevar la normativa actual a rango de ley\" \/>\n<meta property=\"og:url\" content=\"https:\/\/aehm.es\/los-hoteleros-madrilenos-atribuyen-el-crecimiento-de-las-viviendas-turisticas-ilegales-a-la-falta-de-planificacion-de-las-administraciones\/\" \/>\n<meta property=\"og:site_name\" content=\"AEHM\" \/>\n<meta property=\"article:publisher\" content=\"https:\/\/www.instagram.com\/hotelesdemadrid\/\" \/>\n<meta property=\"article:published_time\" content=\"2017-12-01T12:22:35+00:00\" \/>\n<meta property=\"og:image\" content=\"https:\/\/aehm.es\/wp-content\/uploads\/2017\/12\/Guest-Madrid-1.png\" \/>\n\t<meta property=\"og:image:width\" content=\"1080\" \/>\n\t<meta property=\"og:image:height\" content=\"654\" \/>\n\t<meta property=\"og:image:type\" content=\"image\/png\" \/>\n<meta name=\"author\" content=\"richard\" \/>\n<meta name=\"twitter:card\" content=\"summary_large_image\" \/>\n<meta name=\"twitter:creator\" content=\"@HotelesAEHM\" \/>\n<meta name=\"twitter:site\" content=\"@HotelesAEHM\" \/>\n<meta name=\"twitter:label1\" content=\"Written by\" \/>\n\t<meta name=\"twitter:data1\" content=\"richard\" \/>\n\t<meta name=\"twitter:label2\" content=\"Est. reading time\" \/>\n\t<meta name=\"twitter:data2\" content=\"4 minutes\" \/>\n<script type=\"application\/ld+json\" class=\"yoast-schema-graph\">{\"@context\":\"https:\\\/\\\/schema.org\",\"@graph\":[{\"@type\":\"Article\",\"@id\":\"https:\\\/\\\/aehm.es\\\/los-hoteleros-madrilenos-atribuyen-el-crecimiento-de-las-viviendas-turisticas-ilegales-a-la-falta-de-planificacion-de-las-administraciones\\\/#article\",\"isPartOf\":{\"@id\":\"https:\\\/\\\/aehm.es\\\/los-hoteleros-madrilenos-atribuyen-el-crecimiento-de-las-viviendas-turisticas-ilegales-a-la-falta-de-planificacion-de-las-administraciones\\\/\"},\"author\":{\"name\":\"richard\",\"@id\":\"https:\\\/\\\/aehm.es\\\/#\\\/schema\\\/person\\\/ca1397f4b0bcee246b58a0278b67a95f\"},\"headline\":\"Los hoteleros madrile\u00f1os atribuyen el crecimiento de las viviendas tur\u00edsticas ilegales a la falta de planificaci\u00f3n de las administraciones\",\"datePublished\":\"2017-12-01T12:22:35+00:00\",\"mainEntityOfPage\":{\"@id\":\"https:\\\/\\\/aehm.es\\\/los-hoteleros-madrilenos-atribuyen-el-crecimiento-de-las-viviendas-turisticas-ilegales-a-la-falta-de-planificacion-de-las-administraciones\\\/\"},\"wordCount\":770,\"commentCount\":0,\"publisher\":{\"@id\":\"https:\\\/\\\/aehm.es\\\/#organization\"},\"image\":{\"@id\":\"https:\\\/\\\/aehm.es\\\/los-hoteleros-madrilenos-atribuyen-el-crecimiento-de-las-viviendas-turisticas-ilegales-a-la-falta-de-planificacion-de-las-administraciones\\\/#primaryimage\"},\"thumbnailUrl\":\"https:\\\/\\\/aehm.es\\\/wp-content\\\/uploads\\\/2017\\\/12\\\/Guest-Madrid-1.png\",\"articleSection\":[\"Actualidad AEHM\"],\"inLanguage\":\"en-US\",\"potentialAction\":[{\"@type\":\"CommentAction\",\"name\":\"Comment\",\"target\":[\"https:\\\/\\\/aehm.es\\\/los-hoteleros-madrilenos-atribuyen-el-crecimiento-de-las-viviendas-turisticas-ilegales-a-la-falta-de-planificacion-de-las-administraciones\\\/#respond\"]}]},{\"@type\":\"WebPage\",\"@id\":\"https:\\\/\\\/aehm.es\\\/los-hoteleros-madrilenos-atribuyen-el-crecimiento-de-las-viviendas-turisticas-ilegales-a-la-falta-de-planificacion-de-las-administraciones\\\/\",\"url\":\"https:\\\/\\\/aehm.es\\\/los-hoteleros-madrilenos-atribuyen-el-crecimiento-de-las-viviendas-turisticas-ilegales-a-la-falta-de-planificacion-de-las-administraciones\\\/\",\"name\":\"Los hoteleros madrile\u00f1os atribuyen el crecimiento de las viviendas tur\u00edsticas ilegales a la falta de planificaci\u00f3n de las administraciones - AEHM\",\"isPartOf\":{\"@id\":\"https:\\\/\\\/aehm.es\\\/#website\"},\"primaryImageOfPage\":{\"@id\":\"https:\\\/\\\/aehm.es\\\/los-hoteleros-madrilenos-atribuyen-el-crecimiento-de-las-viviendas-turisticas-ilegales-a-la-falta-de-planificacion-de-las-administraciones\\\/#primaryimage\"},\"image\":{\"@id\":\"https:\\\/\\\/aehm.es\\\/los-hoteleros-madrilenos-atribuyen-el-crecimiento-de-las-viviendas-turisticas-ilegales-a-la-falta-de-planificacion-de-las-administraciones\\\/#primaryimage\"},\"thumbnailUrl\":\"https:\\\/\\\/aehm.es\\\/wp-content\\\/uploads\\\/2017\\\/12\\\/Guest-Madrid-1.png\",\"datePublished\":\"2017-12-01T12:22:35+00:00\",\"description\":\"El sector pide una respuesta coordinada entre el Gobierno central, auton\u00f3mico y local y elevar la normativa actual a rango de ley\",\"breadcrumb\":{\"@id\":\"https:\\\/\\\/aehm.es\\\/los-hoteleros-madrilenos-atribuyen-el-crecimiento-de-las-viviendas-turisticas-ilegales-a-la-falta-de-planificacion-de-las-administraciones\\\/#breadcrumb\"},\"inLanguage\":\"en-US\",\"potentialAction\":[{\"@type\":\"ReadAction\",\"target\":[\"https:\\\/\\\/aehm.es\\\/los-hoteleros-madrilenos-atribuyen-el-crecimiento-de-las-viviendas-turisticas-ilegales-a-la-falta-de-planificacion-de-las-administraciones\\\/\"]}]},{\"@type\":\"ImageObject\",\"inLanguage\":\"en-US\",\"@id\":\"https:\\\/\\\/aehm.es\\\/los-hoteleros-madrilenos-atribuyen-el-crecimiento-de-las-viviendas-turisticas-ilegales-a-la-falta-de-planificacion-de-las-administraciones\\\/#primaryimage\",\"url\":\"https:\\\/\\\/aehm.es\\\/wp-content\\\/uploads\\\/2017\\\/12\\\/Guest-Madrid-1.png\",\"contentUrl\":\"https:\\\/\\\/aehm.es\\\/wp-content\\\/uploads\\\/2017\\\/12\\\/Guest-Madrid-1.png\",\"width\":1080,\"height\":654},{\"@type\":\"BreadcrumbList\",\"@id\":\"https:\\\/\\\/aehm.es\\\/los-hoteleros-madrilenos-atribuyen-el-crecimiento-de-las-viviendas-turisticas-ilegales-a-la-falta-de-planificacion-de-las-administraciones\\\/#breadcrumb\",\"itemListElement\":[{\"@type\":\"ListItem\",\"position\":1,\"name\":\"Portada\",\"item\":\"https:\\\/\\\/aehm.es\\\/en\\\/\"},{\"@type\":\"ListItem\",\"position\":2,\"name\":\"Los hoteleros madrile\u00f1os atribuyen el crecimiento de las viviendas tur\u00edsticas ilegales a la falta de planificaci\u00f3n de las administraciones\"}]},{\"@type\":\"WebSite\",\"@id\":\"https:\\\/\\\/aehm.es\\\/#website\",\"url\":\"https:\\\/\\\/aehm.es\\\/\",\"name\":\"Asociaci\u00f3n Empresarial Hotelera de Madrid\",\"description\":\"La Asociaci\u00f3n Empresarial Hotelera Madrid est\u00e1 formada por m\u00e1s de 300 establecimientos de todas las categor\u00edas y tipolog\u00edas (hoteles, hostales, hostels, apartamentos\u2026) que suman m\u00e1s de 75.000 plazas de alojamiento.\",\"publisher\":{\"@id\":\"https:\\\/\\\/aehm.es\\\/#organization\"},\"alternateName\":\"AEHM\",\"potentialAction\":[{\"@type\":\"SearchAction\",\"target\":{\"@type\":\"EntryPoint\",\"urlTemplate\":\"https:\\\/\\\/aehm.es\\\/?s={search_term_string}\"},\"query-input\":{\"@type\":\"PropertyValueSpecification\",\"valueRequired\":true,\"valueName\":\"search_term_string\"}}],\"inLanguage\":\"en-US\"},{\"@type\":\"Organization\",\"@id\":\"https:\\\/\\\/aehm.es\\\/#organization\",\"name\":\"Asociaci\u00f3n Empresarial Hotelera de Madrid\",\"url\":\"https:\\\/\\\/aehm.es\\\/\",\"logo\":{\"@type\":\"ImageObject\",\"inLanguage\":\"en-US\",\"@id\":\"https:\\\/\\\/aehm.es\\\/#\\\/schema\\\/logo\\\/image\\\/\",\"url\":\"https:\\\/\\\/aehm.es\\\/wp-content\\\/uploads\\\/2021\\\/11\\\/Logo_AEHM_Horiz.png\",\"contentUrl\":\"https:\\\/\\\/aehm.es\\\/wp-content\\\/uploads\\\/2021\\\/11\\\/Logo_AEHM_Horiz.png\",\"width\":600,\"height\":182,\"caption\":\"Asociaci\u00f3n Empresarial Hotelera de Madrid\"},\"image\":{\"@id\":\"https:\\\/\\\/aehm.es\\\/#\\\/schema\\\/logo\\\/image\\\/\"},\"sameAs\":[\"https:\\\/\\\/www.instagram.com\\\/hotelesdemadrid\\\/\",\"https:\\\/\\\/x.com\\\/HotelesAEHM\",\"https:\\\/\\\/www.linkedin.com\\\/company\\\/11166072\\\/\"]},{\"@type\":\"Person\",\"@id\":\"https:\\\/\\\/aehm.es\\\/#\\\/schema\\\/person\\\/ca1397f4b0bcee246b58a0278b67a95f\",\"name\":\"richard\",\"image\":{\"@type\":\"ImageObject\",\"inLanguage\":\"en-US\",\"@id\":\"https:\\\/\\\/secure.gravatar.com\\\/avatar\\\/dd2486a811ecc34bf766b7d8b17d0ea76674186c415867af39660e429e20e1a0?s=96&d=mm&r=g\",\"url\":\"https:\\\/\\\/secure.gravatar.com\\\/avatar\\\/dd2486a811ecc34bf766b7d8b17d0ea76674186c415867af39660e429e20e1a0?s=96&d=mm&r=g\",\"contentUrl\":\"https:\\\/\\\/secure.gravatar.com\\\/avatar\\\/dd2486a811ecc34bf766b7d8b17d0ea76674186c415867af39660e429e20e1a0?s=96&d=mm&r=g\",\"caption\":\"richard\"},\"url\":\"https:\\\/\\\/aehm.es\\\/en\\\/author\\\/richard\\\/\"}]}<\/script>\n<!-- \/ Yoast SEO plugin. -->","yoast_head_json":{"title":"Los hoteleros madrile\u00f1os atribuyen el crecimiento de las viviendas tur\u00edsticas ilegales a la falta de planificaci\u00f3n de las administraciones - AEHM","description":"El sector pide una respuesta coordinada entre el Gobierno central, auton\u00f3mico y local y elevar la normativa actual a rango de ley","robots":{"index":"index","follow":"follow","max-snippet":"max-snippet:-1","max-image-preview":"max-image-preview:large","max-video-preview":"max-video-preview:-1"},"canonical":"https:\/\/aehm.es\/los-hoteleros-madrilenos-atribuyen-el-crecimiento-de-las-viviendas-turisticas-ilegales-a-la-falta-de-planificacion-de-las-administraciones\/","og_locale":"en_US","og_type":"article","og_title":"Los hoteleros madrile\u00f1os atribuyen el crecimiento de las viviendas tur\u00edsticas ilegales a la falta de planificaci\u00f3n de las administraciones - AEHM","og_description":"El sector pide una respuesta coordinada entre el Gobierno central, auton\u00f3mico y local y elevar la normativa actual a rango de ley","og_url":"https:\/\/aehm.es\/los-hoteleros-madrilenos-atribuyen-el-crecimiento-de-las-viviendas-turisticas-ilegales-a-la-falta-de-planificacion-de-las-administraciones\/","og_site_name":"AEHM","article_publisher":"https:\/\/www.instagram.com\/hotelesdemadrid\/","article_published_time":"2017-12-01T12:22:35+00:00","og_image":[{"width":1080,"height":654,"url":"https:\/\/aehm.es\/wp-content\/uploads\/2017\/12\/Guest-Madrid-1.png","type":"image\/png"}],"author":"richard","twitter_card":"summary_large_image","twitter_creator":"@HotelesAEHM","twitter_site":"@HotelesAEHM","twitter_misc":{"Written by":"richard","Est. reading time":"4 minutes"},"schema":{"@context":"https:\/\/schema.org","@graph":[{"@type":"Article","@id":"https:\/\/aehm.es\/los-hoteleros-madrilenos-atribuyen-el-crecimiento-de-las-viviendas-turisticas-ilegales-a-la-falta-de-planificacion-de-las-administraciones\/#article","isPartOf":{"@id":"https:\/\/aehm.es\/los-hoteleros-madrilenos-atribuyen-el-crecimiento-de-las-viviendas-turisticas-ilegales-a-la-falta-de-planificacion-de-las-administraciones\/"},"author":{"name":"richard","@id":"https:\/\/aehm.es\/#\/schema\/person\/ca1397f4b0bcee246b58a0278b67a95f"},"headline":"Los hoteleros madrile\u00f1os atribuyen el crecimiento de las viviendas tur\u00edsticas ilegales a la falta de planificaci\u00f3n de las administraciones","datePublished":"2017-12-01T12:22:35+00:00","mainEntityOfPage":{"@id":"https:\/\/aehm.es\/los-hoteleros-madrilenos-atribuyen-el-crecimiento-de-las-viviendas-turisticas-ilegales-a-la-falta-de-planificacion-de-las-administraciones\/"},"wordCount":770,"commentCount":0,"publisher":{"@id":"https:\/\/aehm.es\/#organization"},"image":{"@id":"https:\/\/aehm.es\/los-hoteleros-madrilenos-atribuyen-el-crecimiento-de-las-viviendas-turisticas-ilegales-a-la-falta-de-planificacion-de-las-administraciones\/#primaryimage"},"thumbnailUrl":"https:\/\/aehm.es\/wp-content\/uploads\/2017\/12\/Guest-Madrid-1.png","articleSection":["Actualidad AEHM"],"inLanguage":"en-US","potentialAction":[{"@type":"CommentAction","name":"Comment","target":["https:\/\/aehm.es\/los-hoteleros-madrilenos-atribuyen-el-crecimiento-de-las-viviendas-turisticas-ilegales-a-la-falta-de-planificacion-de-las-administraciones\/#respond"]}]},{"@type":"WebPage","@id":"https:\/\/aehm.es\/los-hoteleros-madrilenos-atribuyen-el-crecimiento-de-las-viviendas-turisticas-ilegales-a-la-falta-de-planificacion-de-las-administraciones\/","url":"https:\/\/aehm.es\/los-hoteleros-madrilenos-atribuyen-el-crecimiento-de-las-viviendas-turisticas-ilegales-a-la-falta-de-planificacion-de-las-administraciones\/","name":"Los hoteleros madrile\u00f1os atribuyen el crecimiento de las viviendas tur\u00edsticas ilegales a la falta de planificaci\u00f3n de las administraciones - AEHM","isPartOf":{"@id":"https:\/\/aehm.es\/#website"},"primaryImageOfPage":{"@id":"https:\/\/aehm.es\/los-hoteleros-madrilenos-atribuyen-el-crecimiento-de-las-viviendas-turisticas-ilegales-a-la-falta-de-planificacion-de-las-administraciones\/#primaryimage"},"image":{"@id":"https:\/\/aehm.es\/los-hoteleros-madrilenos-atribuyen-el-crecimiento-de-las-viviendas-turisticas-ilegales-a-la-falta-de-planificacion-de-las-administraciones\/#primaryimage"},"thumbnailUrl":"https:\/\/aehm.es\/wp-content\/uploads\/2017\/12\/Guest-Madrid-1.png","datePublished":"2017-12-01T12:22:35+00:00","description":"El sector pide una respuesta coordinada entre el Gobierno central, auton\u00f3mico y local y elevar la normativa actual a rango de ley","breadcrumb":{"@id":"https:\/\/aehm.es\/los-hoteleros-madrilenos-atribuyen-el-crecimiento-de-las-viviendas-turisticas-ilegales-a-la-falta-de-planificacion-de-las-administraciones\/#breadcrumb"},"inLanguage":"en-US","potentialAction":[{"@type":"ReadAction","target":["https:\/\/aehm.es\/los-hoteleros-madrilenos-atribuyen-el-crecimiento-de-las-viviendas-turisticas-ilegales-a-la-falta-de-planificacion-de-las-administraciones\/"]}]},{"@type":"ImageObject","inLanguage":"en-US","@id":"https:\/\/aehm.es\/los-hoteleros-madrilenos-atribuyen-el-crecimiento-de-las-viviendas-turisticas-ilegales-a-la-falta-de-planificacion-de-las-administraciones\/#primaryimage","url":"https:\/\/aehm.es\/wp-content\/uploads\/2017\/12\/Guest-Madrid-1.png","contentUrl":"https:\/\/aehm.es\/wp-content\/uploads\/2017\/12\/Guest-Madrid-1.png","width":1080,"height":654},{"@type":"BreadcrumbList","@id":"https:\/\/aehm.es\/los-hoteleros-madrilenos-atribuyen-el-crecimiento-de-las-viviendas-turisticas-ilegales-a-la-falta-de-planificacion-de-las-administraciones\/#breadcrumb","itemListElement":[{"@type":"ListItem","position":1,"name":"Portada","item":"https:\/\/aehm.es\/en\/"},{"@type":"ListItem","position":2,"name":"Los hoteleros madrile\u00f1os atribuyen el crecimiento de las viviendas tur\u00edsticas ilegales a la falta de planificaci\u00f3n de las administraciones"}]},{"@type":"WebSite","@id":"https:\/\/aehm.es\/#website","url":"https:\/\/aehm.es\/","name":"Asociaci\u00f3n Empresarial Hotelera de Madrid","description":"La Asociaci\u00f3n Empresarial Hotelera Madrid est\u00e1 formada por m\u00e1s de 300 establecimientos de todas las categor\u00edas y tipolog\u00edas (hoteles, hostales, hostels, apartamentos\u2026) que suman m\u00e1s de 75.000 plazas de alojamiento.","publisher":{"@id":"https:\/\/aehm.es\/#organization"},"alternateName":"AEHM","potentialAction":[{"@type":"SearchAction","target":{"@type":"EntryPoint","urlTemplate":"https:\/\/aehm.es\/?s={search_term_string}"},"query-input":{"@type":"PropertyValueSpecification","valueRequired":true,"valueName":"search_term_string"}}],"inLanguage":"en-US"},{"@type":"Organization","@id":"https:\/\/aehm.es\/#organization","name":"Asociaci\u00f3n Empresarial Hotelera de Madrid","url":"https:\/\/aehm.es\/","logo":{"@type":"ImageObject","inLanguage":"en-US","@id":"https:\/\/aehm.es\/#\/schema\/logo\/image\/","url":"https:\/\/aehm.es\/wp-content\/uploads\/2021\/11\/Logo_AEHM_Horiz.png","contentUrl":"https:\/\/aehm.es\/wp-content\/uploads\/2021\/11\/Logo_AEHM_Horiz.png","width":600,"height":182,"caption":"Asociaci\u00f3n Empresarial Hotelera de Madrid"},"image":{"@id":"https:\/\/aehm.es\/#\/schema\/logo\/image\/"},"sameAs":["https:\/\/www.instagram.com\/hotelesdemadrid\/","https:\/\/x.com\/HotelesAEHM","https:\/\/www.linkedin.com\/company\/11166072\/"]},{"@type":"Person","@id":"https:\/\/aehm.es\/#\/schema\/person\/ca1397f4b0bcee246b58a0278b67a95f","name":"richard","image":{"@type":"ImageObject","inLanguage":"en-US","@id":"https:\/\/secure.gravatar.com\/avatar\/dd2486a811ecc34bf766b7d8b17d0ea76674186c415867af39660e429e20e1a0?s=96&d=mm&r=g","url":"https:\/\/secure.gravatar.com\/avatar\/dd2486a811ecc34bf766b7d8b17d0ea76674186c415867af39660e429e20e1a0?s=96&d=mm&r=g","contentUrl":"https:\/\/secure.gravatar.com\/avatar\/dd2486a811ecc34bf766b7d8b17d0ea76674186c415867af39660e429e20e1a0?s=96&d=mm&r=g","caption":"richard"},"url":"https:\/\/aehm.es\/en\/author\/richard\/"}]}},"_links":{"self":[{"href":"https:\/\/aehm.es\/en\/wp-json\/wp\/v2\/posts\/3098","targetHints":{"allow":["GET"]}}],"collection":[{"href":"https:\/\/aehm.es\/en\/wp-json\/wp\/v2\/posts"}],"about":[{"href":"https:\/\/aehm.es\/en\/wp-json\/wp\/v2\/types\/post"}],"author":[{"embeddable":true,"href":"https:\/\/aehm.es\/en\/wp-json\/wp\/v2\/users\/1"}],"replies":[{"embeddable":true,"href":"https:\/\/aehm.es\/en\/wp-json\/wp\/v2\/comments?post=3098"}],"version-history":[{"count":0,"href":"https:\/\/aehm.es\/en\/wp-json\/wp\/v2\/posts\/3098\/revisions"}],"wp:featuredmedia":[{"embeddable":true,"href":"https:\/\/aehm.es\/en\/wp-json\/wp\/v2\/media\/3112"}],"wp:attachment":[{"href":"https:\/\/aehm.es\/en\/wp-json\/wp\/v2\/media?parent=3098"}],"wp:term":[{"taxonomy":"category","embeddable":true,"href":"https:\/\/aehm.es\/en\/wp-json\/wp\/v2\/categories?post=3098"},{"taxonomy":"post_tag","embeddable":true,"href":"https:\/\/aehm.es\/en\/wp-json\/wp\/v2\/tags?post=3098"}],"curies":[{"name":"wp","href":"https:\/\/api.w.org\/{rel}","templated":true}]}}