{"id":3037,"date":"2017-11-16T18:40:20","date_gmt":"2017-11-16T18:40:20","guid":{"rendered":"https:\/\/aehm.es\/?p=3037"},"modified":"2017-11-16T18:40:20","modified_gmt":"2017-11-16T18:40:20","slug":"los-hoteleros-madrilenos-celebran-el-exito-de-la-madrid-hotel-week","status":"publish","type":"post","link":"https:\/\/aehm.es\/en\/los-hoteleros-madrilenos-celebran-el-exito-de-la-madrid-hotel-week\/","title":{"rendered":"Los hoteleros madrile\u00f1os celebran el \u00e9xito de la \u2018Madrid Hotel Week\u2019"},"content":{"rendered":"<p style=\"text-align: center;\"><strong><u>Dise\u00f1ada y liderada por la Asociaci\u00f3n Empresarial Hotelera de Madrid en el marco de su 40 aniversario<\/u><\/strong><\/p>\n<ul>\n<li><strong>Esta iniciativa ha conseguido que los ciudadanos conozcan los hoteles, <\/strong><strong>valoren lo que aportan estos establecimientos a los barrios<\/strong><strong> y conozcan de primera mano el amplio abanico de posibilidades que ofrecen<\/strong><\/li>\n<li><strong>El aforo de muchas de las actividades propuestas se complet\u00f3 a las pocas horas de comenzar las inscripciones a trav\u00e9s de la web<\/strong><\/li>\n<li><strong>La puesta en marcha de esta iniciativa persegu\u00eda, entre otros, mostrar el lado m\u00e1s vanguardista y experiencial de los establecimientos tanto de Madrid capital, como del resto de la regi\u00f3n<\/strong><\/li>\n<\/ul>\n<p><strong>Madrid, 16 de noviembre de 2017.-<\/strong> La <strong>Asociaci\u00f3n Empresarial Hotelera de Madrid <\/strong>(AEHM) celebra el <strong>\u00e9xito <\/strong>de la <strong>primera edici\u00f3n de la \u2018Madrid Hotel Week\u2019<\/strong>, ya que ha conseguido uno de sus principales objetivos: que los ciudadanos conozcan los hoteles, valoren lo que aportan estos establecimientos a los barrios en los que est\u00e1n ubicados y descubran el amplio abanico de posibilidades que ofrecen m\u00e1s all\u00e1 del alojamiento.<\/p>\n<p><em>\u201cEn esta primera edici\u00f3n hemos querido poner en valor el papel que juegan los hoteles en la configuraci\u00f3n y dinamizaci\u00f3n de los barrios y trasmitir a los madrile\u00f1os y visitantes que son espacios abiertos que se pueden visitar. Se ha superado con creces nuestras expectativas, ya que el aforo de muchas de las actividades que incluimos en el programa se complet\u00f3 a las pocas horas\u201d, <\/em>ha se\u00f1alado la secretaria general de la AEHM Mar de Miguel, quien ha se\u00f1alado que el \u2018feed back\u2019 que han recibido de los asociados tambi\u00e9n ha sido positivo.<\/p>\n<p>Otros de los objetivos de la Madrid Hotel Week es mostrar el lado m\u00e1s <strong>vanguardista<\/strong> y <strong>experiencial<\/strong> de los hoteles y tambi\u00e9n resaltar la <strong>influencia<\/strong> que tienen a la hora de atraer turistas a Madrid quienes llegan movidos, en gran parte, por la excelente calidad y el amplio abanico servicios que ofrecen.<\/p>\n<p>Tanto madrile\u00f1os, como visitantes y profesionales del sector, tuvieron la oportunidad de disfrutar de <strong>76 actividades en m\u00e1s de 50 hoteles<\/strong> que giraban en torno a disciplinas tan diversas como aquellas relacionadas con la <strong>arquitectura<\/strong>, la <strong>gastronom\u00eda<\/strong>, la <strong>salud<\/strong>, el <strong>dise\u00f1o<\/strong>, la <strong>tecnolog\u00eda<\/strong>, el <strong>arte<\/strong>, la <strong>m\u00fasica<\/strong>, el <strong>deporte<\/strong>, la <strong>escena<\/strong> y las <strong>compras<\/strong>. Adem\u00e1s, la AEHM ha colaborado con los <strong>principales mercados municipales de la capital<\/strong> para mostrar, sobre todo a los turistas, que es posible la convivencia de la venta m\u00e1s tradicional con la restauraci\u00f3n m\u00e1s innovadora en un mismo espacio.<\/p>\n<p>En la \u2018Madrid Hotel Week\u2019 tambi\u00e9n hubo espacio para los profesionales del sector hotelero y tur\u00edstico, ya que se organizaron mesas redondas informativas y de debate que tuvieron un fuerte poder de convocatoria gracias a las tem\u00e1ticas seleccionadas y a los ponentes que intervinieron en ellas.<\/p>\n<p><em>\u201cTodas las jornadas que hemos organizado han sido un \u00e9xito, no s\u00f3lo por las tem\u00e1ticas elegidas, sino tambi\u00e9n por la participaci\u00f3n de los ponentes. Para la \u2018Madrid Hotel Week\u2019 de 2018 incrementaremos el n\u00famero de encuentros profesionales para tratar de posicionarnos como referente en el sector en materia de formaci\u00f3n e innovaci\u00f3n hotelera\u201d,<\/em> a\u00f1ade la secretaria general de la Asociaci\u00f3n.<\/p>\n<blockquote><p><em>Para la \u2018Madrid Hotel Week\u2019 de 2018 incrementaremos el n\u00famero de encuentros profesionales para tratar de posicionarnos como referente en el sector en materia de formaci\u00f3n e innovaci\u00f3n hotelera<\/em><\/p><\/blockquote>\n<p>Para la puesta en marcha de la \u2018Madrid Hotel Week\u2019, la Asociaci\u00f3n Empresarial Hotelera de Madrid ha contado con la colaboraci\u00f3n del <strong>Ayuntamiento<\/strong> y de <strong>Patrimonio Nacional<\/strong>, as\u00ed como de otras entidades privadas de gran prestigio como el <strong>Museo Nacional Thyssen-Bornemisza<\/strong>, el <strong>Museo L\u00e1zaro Galdiano<\/strong>, el <strong>Instituto de Empresa <\/strong>(IE) o\u00a0el <strong>Colegio Oficial de Arquitectos de Madrid<\/strong> (COAM), entre otros.<\/p>\n<p>A pesar de ir dirigida principalmente a los madrile\u00f1os, desde la organizaci\u00f3n destacan el <strong>elevado n\u00famero de visitas internacionales<\/strong> que ha registrado la web de la \u2018Madrid Hotel Week\u2019 entre las que sobresalen las realizadas desde <strong>Francia<\/strong>, <strong>Reino Unido<\/strong>, <strong>Alemania<\/strong> y <strong>Estados Unidos<\/strong>, lo que demuestra el atenci\u00f3n que ha tenido la iniciativa fuera de nuestras fronteras.<\/p>\n<p><em>\u201cPara nosotros es fundamental la imagen exterior de la \u2018Marca Madrid\u2019 y consideramos que un proyecto de estas caracter\u00edsticas puede ser determinante a la hora de diferenciarnos de otros destinos<\/em>\u201d, concluye Mar de Miguel.<\/p>\n","protected":false},"excerpt":{"rendered":"<p>Dise\u00f1ada y liderada por la Asociaci\u00f3n Empresarial Hotelera de Madrid en el marco de su 40 aniversario Esta iniciativa ha conseguido que los ciudadanos conozcan los hoteles, valoren lo que aportan estos establecimientos a los barrios y conozcan de primera mano el amplio abanico de posibilidades que ofrecen El aforo de muchas de las actividades [&hellip;]<\/p>\n","protected":false},"author":1,"featured_media":3040,"comment_status":"open","ping_status":"open","sticky":false,"template":"","format":"standard","meta":{"footnotes":""},"categories":[1],"tags":[],"class_list":["post-3037","post","type-post","status-publish","format-standard","has-post-thumbnail","hentry","category-actualidad-aehm"],"yoast_head":"<!-- This site is optimized with the Yoast SEO plugin v27.5 - https:\/\/yoast.com\/product\/yoast-seo-wordpress\/ -->\n<title>Los hoteleros madrile\u00f1os celebran el \u00e9xito de la \u2018Madrid Hotel Week\u2019 - AEHM<\/title>\n<meta name=\"description\" content=\"Esta iniciativa ha conseguido que los ciudadanos conozcan los hoteles y valoren lo que aportan estos establecimientos a los barrios\" \/>\n<meta name=\"robots\" content=\"index, follow, max-snippet:-1, max-image-preview:large, max-video-preview:-1\" \/>\n<link rel=\"canonical\" href=\"https:\/\/aehm.es\/los-hoteleros-madrilenos-celebran-el-exito-de-la-madrid-hotel-week\/\" \/>\n<meta property=\"og:locale\" content=\"en_US\" \/>\n<meta property=\"og:type\" content=\"article\" \/>\n<meta property=\"og:title\" content=\"Los hoteleros madrile\u00f1os celebran el \u00e9xito de la \u2018Madrid Hotel Week\u2019 - AEHM\" \/>\n<meta property=\"og:description\" content=\"Esta iniciativa ha conseguido que los ciudadanos conozcan los hoteles, valoren lo que aportan estos establecimientos a los barrios y conozcan de primera mano el amplio abanico de posibilidades que ofrecen\" \/>\n<meta property=\"og:url\" content=\"https:\/\/aehm.es\/los-hoteleros-madrilenos-celebran-el-exito-de-la-madrid-hotel-week\/\" \/>\n<meta property=\"og:site_name\" content=\"AEHM\" \/>\n<meta property=\"article:publisher\" content=\"https:\/\/www.instagram.com\/hotelesdemadrid\/\" \/>\n<meta property=\"article:published_time\" content=\"2017-11-16T18:40:20+00:00\" \/>\n<meta property=\"og:image\" content=\"https:\/\/aehm.es\/wp-content\/uploads\/2017\/11\/Desayuno-institucional-presentacion-de-la-Madrid-Hotel-Week-AEHM-1.jpg\" \/>\n\t<meta property=\"og:image:width\" content=\"2048\" \/>\n\t<meta property=\"og:image:height\" content=\"916\" \/>\n\t<meta property=\"og:image:type\" content=\"image\/jpeg\" \/>\n<meta name=\"author\" content=\"richard\" \/>\n<meta name=\"twitter:card\" content=\"summary_large_image\" \/>\n<meta name=\"twitter:creator\" content=\"@HotelesAEHM\" \/>\n<meta name=\"twitter:site\" content=\"@HotelesAEHM\" \/>\n<meta name=\"twitter:label1\" content=\"Written by\" \/>\n\t<meta name=\"twitter:data1\" content=\"richard\" \/>\n\t<meta name=\"twitter:label2\" content=\"Est. reading time\" \/>\n\t<meta name=\"twitter:data2\" content=\"4 minutes\" \/>\n<script type=\"application\/ld+json\" class=\"yoast-schema-graph\">{\"@context\":\"https:\\\/\\\/schema.org\",\"@graph\":[{\"@type\":\"Article\",\"@id\":\"https:\\\/\\\/aehm.es\\\/los-hoteleros-madrilenos-celebran-el-exito-de-la-madrid-hotel-week\\\/#article\",\"isPartOf\":{\"@id\":\"https:\\\/\\\/aehm.es\\\/los-hoteleros-madrilenos-celebran-el-exito-de-la-madrid-hotel-week\\\/\"},\"author\":{\"name\":\"richard\",\"@id\":\"https:\\\/\\\/aehm.es\\\/#\\\/schema\\\/person\\\/ca1397f4b0bcee246b58a0278b67a95f\"},\"headline\":\"Los hoteleros madrile\u00f1os celebran el \u00e9xito de la \u2018Madrid Hotel Week\u2019\",\"datePublished\":\"2017-11-16T18:40:20+00:00\",\"mainEntityOfPage\":{\"@id\":\"https:\\\/\\\/aehm.es\\\/los-hoteleros-madrilenos-celebran-el-exito-de-la-madrid-hotel-week\\\/\"},\"wordCount\":751,\"commentCount\":0,\"publisher\":{\"@id\":\"https:\\\/\\\/aehm.es\\\/#organization\"},\"image\":{\"@id\":\"https:\\\/\\\/aehm.es\\\/los-hoteleros-madrilenos-celebran-el-exito-de-la-madrid-hotel-week\\\/#primaryimage\"},\"thumbnailUrl\":\"https:\\\/\\\/aehm.es\\\/wp-content\\\/uploads\\\/2017\\\/11\\\/Desayuno-institucional-presentacion-de-la-Madrid-Hotel-Week-AEHM-1.jpg\",\"articleSection\":[\"Actualidad AEHM\"],\"inLanguage\":\"en-US\",\"potentialAction\":[{\"@type\":\"CommentAction\",\"name\":\"Comment\",\"target\":[\"https:\\\/\\\/aehm.es\\\/los-hoteleros-madrilenos-celebran-el-exito-de-la-madrid-hotel-week\\\/#respond\"]}]},{\"@type\":\"WebPage\",\"@id\":\"https:\\\/\\\/aehm.es\\\/los-hoteleros-madrilenos-celebran-el-exito-de-la-madrid-hotel-week\\\/\",\"url\":\"https:\\\/\\\/aehm.es\\\/los-hoteleros-madrilenos-celebran-el-exito-de-la-madrid-hotel-week\\\/\",\"name\":\"Los hoteleros madrile\u00f1os celebran el \u00e9xito de la \u2018Madrid Hotel Week\u2019 - AEHM\",\"isPartOf\":{\"@id\":\"https:\\\/\\\/aehm.es\\\/#website\"},\"primaryImageOfPage\":{\"@id\":\"https:\\\/\\\/aehm.es\\\/los-hoteleros-madrilenos-celebran-el-exito-de-la-madrid-hotel-week\\\/#primaryimage\"},\"image\":{\"@id\":\"https:\\\/\\\/aehm.es\\\/los-hoteleros-madrilenos-celebran-el-exito-de-la-madrid-hotel-week\\\/#primaryimage\"},\"thumbnailUrl\":\"https:\\\/\\\/aehm.es\\\/wp-content\\\/uploads\\\/2017\\\/11\\\/Desayuno-institucional-presentacion-de-la-Madrid-Hotel-Week-AEHM-1.jpg\",\"datePublished\":\"2017-11-16T18:40:20+00:00\",\"description\":\"Esta iniciativa ha conseguido que los ciudadanos conozcan los hoteles y valoren lo que aportan estos establecimientos a los barrios\",\"breadcrumb\":{\"@id\":\"https:\\\/\\\/aehm.es\\\/los-hoteleros-madrilenos-celebran-el-exito-de-la-madrid-hotel-week\\\/#breadcrumb\"},\"inLanguage\":\"en-US\",\"potentialAction\":[{\"@type\":\"ReadAction\",\"target\":[\"https:\\\/\\\/aehm.es\\\/los-hoteleros-madrilenos-celebran-el-exito-de-la-madrid-hotel-week\\\/\"]}]},{\"@type\":\"ImageObject\",\"inLanguage\":\"en-US\",\"@id\":\"https:\\\/\\\/aehm.es\\\/los-hoteleros-madrilenos-celebran-el-exito-de-la-madrid-hotel-week\\\/#primaryimage\",\"url\":\"https:\\\/\\\/aehm.es\\\/wp-content\\\/uploads\\\/2017\\\/11\\\/Desayuno-institucional-presentacion-de-la-Madrid-Hotel-Week-AEHM-1.jpg\",\"contentUrl\":\"https:\\\/\\\/aehm.es\\\/wp-content\\\/uploads\\\/2017\\\/11\\\/Desayuno-institucional-presentacion-de-la-Madrid-Hotel-Week-AEHM-1.jpg\",\"width\":2048,\"height\":916,\"caption\":\"Presentaci\u00f3n Madrid Hotel Week por AEHM\"},{\"@type\":\"BreadcrumbList\",\"@id\":\"https:\\\/\\\/aehm.es\\\/los-hoteleros-madrilenos-celebran-el-exito-de-la-madrid-hotel-week\\\/#breadcrumb\",\"itemListElement\":[{\"@type\":\"ListItem\",\"position\":1,\"name\":\"Portada\",\"item\":\"https:\\\/\\\/aehm.es\\\/en\\\/\"},{\"@type\":\"ListItem\",\"position\":2,\"name\":\"Los hoteleros madrile\u00f1os celebran el \u00e9xito de la \u2018Madrid Hotel Week\u2019\"}]},{\"@type\":\"WebSite\",\"@id\":\"https:\\\/\\\/aehm.es\\\/#website\",\"url\":\"https:\\\/\\\/aehm.es\\\/\",\"name\":\"Asociaci\u00f3n Empresarial Hotelera de Madrid\",\"description\":\"La Asociaci\u00f3n Empresarial Hotelera Madrid est\u00e1 formada por m\u00e1s de 300 establecimientos de todas las categor\u00edas y tipolog\u00edas (hoteles, hostales, hostels, apartamentos\u2026) que suman m\u00e1s de 75.000 plazas de alojamiento.\",\"publisher\":{\"@id\":\"https:\\\/\\\/aehm.es\\\/#organization\"},\"alternateName\":\"AEHM\",\"potentialAction\":[{\"@type\":\"SearchAction\",\"target\":{\"@type\":\"EntryPoint\",\"urlTemplate\":\"https:\\\/\\\/aehm.es\\\/?s={search_term_string}\"},\"query-input\":{\"@type\":\"PropertyValueSpecification\",\"valueRequired\":true,\"valueName\":\"search_term_string\"}}],\"inLanguage\":\"en-US\"},{\"@type\":\"Organization\",\"@id\":\"https:\\\/\\\/aehm.es\\\/#organization\",\"name\":\"Asociaci\u00f3n Empresarial Hotelera de Madrid\",\"url\":\"https:\\\/\\\/aehm.es\\\/\",\"logo\":{\"@type\":\"ImageObject\",\"inLanguage\":\"en-US\",\"@id\":\"https:\\\/\\\/aehm.es\\\/#\\\/schema\\\/logo\\\/image\\\/\",\"url\":\"https:\\\/\\\/aehm.es\\\/wp-content\\\/uploads\\\/2021\\\/11\\\/Logo_AEHM_Horiz.png\",\"contentUrl\":\"https:\\\/\\\/aehm.es\\\/wp-content\\\/uploads\\\/2021\\\/11\\\/Logo_AEHM_Horiz.png\",\"width\":600,\"height\":182,\"caption\":\"Asociaci\u00f3n Empresarial Hotelera de Madrid\"},\"image\":{\"@id\":\"https:\\\/\\\/aehm.es\\\/#\\\/schema\\\/logo\\\/image\\\/\"},\"sameAs\":[\"https:\\\/\\\/www.instagram.com\\\/hotelesdemadrid\\\/\",\"https:\\\/\\\/x.com\\\/HotelesAEHM\",\"https:\\\/\\\/www.linkedin.com\\\/company\\\/11166072\\\/\"]},{\"@type\":\"Person\",\"@id\":\"https:\\\/\\\/aehm.es\\\/#\\\/schema\\\/person\\\/ca1397f4b0bcee246b58a0278b67a95f\",\"name\":\"richard\",\"image\":{\"@type\":\"ImageObject\",\"inLanguage\":\"en-US\",\"@id\":\"https:\\\/\\\/secure.gravatar.com\\\/avatar\\\/dd2486a811ecc34bf766b7d8b17d0ea76674186c415867af39660e429e20e1a0?s=96&d=mm&r=g\",\"url\":\"https:\\\/\\\/secure.gravatar.com\\\/avatar\\\/dd2486a811ecc34bf766b7d8b17d0ea76674186c415867af39660e429e20e1a0?s=96&d=mm&r=g\",\"contentUrl\":\"https:\\\/\\\/secure.gravatar.com\\\/avatar\\\/dd2486a811ecc34bf766b7d8b17d0ea76674186c415867af39660e429e20e1a0?s=96&d=mm&r=g\",\"caption\":\"richard\"},\"url\":\"https:\\\/\\\/aehm.es\\\/en\\\/author\\\/richard\\\/\"}]}<\/script>\n<!-- \/ Yoast SEO plugin. -->","yoast_head_json":{"title":"Los hoteleros madrile\u00f1os celebran el \u00e9xito de la \u2018Madrid Hotel Week\u2019 - AEHM","description":"Esta iniciativa ha conseguido que los ciudadanos conozcan los hoteles y valoren lo que aportan estos establecimientos a los barrios","robots":{"index":"index","follow":"follow","max-snippet":"max-snippet:-1","max-image-preview":"max-image-preview:large","max-video-preview":"max-video-preview:-1"},"canonical":"https:\/\/aehm.es\/los-hoteleros-madrilenos-celebran-el-exito-de-la-madrid-hotel-week\/","og_locale":"en_US","og_type":"article","og_title":"Los hoteleros madrile\u00f1os celebran el \u00e9xito de la \u2018Madrid Hotel Week\u2019 - AEHM","og_description":"Esta iniciativa ha conseguido que los ciudadanos conozcan los hoteles, valoren lo que aportan estos establecimientos a los barrios y conozcan de primera mano el amplio abanico de posibilidades que ofrecen","og_url":"https:\/\/aehm.es\/los-hoteleros-madrilenos-celebran-el-exito-de-la-madrid-hotel-week\/","og_site_name":"AEHM","article_publisher":"https:\/\/www.instagram.com\/hotelesdemadrid\/","article_published_time":"2017-11-16T18:40:20+00:00","og_image":[{"width":2048,"height":916,"url":"https:\/\/aehm.es\/wp-content\/uploads\/2017\/11\/Desayuno-institucional-presentacion-de-la-Madrid-Hotel-Week-AEHM-1.jpg","type":"image\/jpeg"}],"author":"richard","twitter_card":"summary_large_image","twitter_creator":"@HotelesAEHM","twitter_site":"@HotelesAEHM","twitter_misc":{"Written by":"richard","Est. reading time":"4 minutes"},"schema":{"@context":"https:\/\/schema.org","@graph":[{"@type":"Article","@id":"https:\/\/aehm.es\/los-hoteleros-madrilenos-celebran-el-exito-de-la-madrid-hotel-week\/#article","isPartOf":{"@id":"https:\/\/aehm.es\/los-hoteleros-madrilenos-celebran-el-exito-de-la-madrid-hotel-week\/"},"author":{"name":"richard","@id":"https:\/\/aehm.es\/#\/schema\/person\/ca1397f4b0bcee246b58a0278b67a95f"},"headline":"Los hoteleros madrile\u00f1os celebran el \u00e9xito de la \u2018Madrid Hotel Week\u2019","datePublished":"2017-11-16T18:40:20+00:00","mainEntityOfPage":{"@id":"https:\/\/aehm.es\/los-hoteleros-madrilenos-celebran-el-exito-de-la-madrid-hotel-week\/"},"wordCount":751,"commentCount":0,"publisher":{"@id":"https:\/\/aehm.es\/#organization"},"image":{"@id":"https:\/\/aehm.es\/los-hoteleros-madrilenos-celebran-el-exito-de-la-madrid-hotel-week\/#primaryimage"},"thumbnailUrl":"https:\/\/aehm.es\/wp-content\/uploads\/2017\/11\/Desayuno-institucional-presentacion-de-la-Madrid-Hotel-Week-AEHM-1.jpg","articleSection":["Actualidad AEHM"],"inLanguage":"en-US","potentialAction":[{"@type":"CommentAction","name":"Comment","target":["https:\/\/aehm.es\/los-hoteleros-madrilenos-celebran-el-exito-de-la-madrid-hotel-week\/#respond"]}]},{"@type":"WebPage","@id":"https:\/\/aehm.es\/los-hoteleros-madrilenos-celebran-el-exito-de-la-madrid-hotel-week\/","url":"https:\/\/aehm.es\/los-hoteleros-madrilenos-celebran-el-exito-de-la-madrid-hotel-week\/","name":"Los hoteleros madrile\u00f1os celebran el \u00e9xito de la \u2018Madrid Hotel Week\u2019 - AEHM","isPartOf":{"@id":"https:\/\/aehm.es\/#website"},"primaryImageOfPage":{"@id":"https:\/\/aehm.es\/los-hoteleros-madrilenos-celebran-el-exito-de-la-madrid-hotel-week\/#primaryimage"},"image":{"@id":"https:\/\/aehm.es\/los-hoteleros-madrilenos-celebran-el-exito-de-la-madrid-hotel-week\/#primaryimage"},"thumbnailUrl":"https:\/\/aehm.es\/wp-content\/uploads\/2017\/11\/Desayuno-institucional-presentacion-de-la-Madrid-Hotel-Week-AEHM-1.jpg","datePublished":"2017-11-16T18:40:20+00:00","description":"Esta iniciativa ha conseguido que los ciudadanos conozcan los hoteles y valoren lo que aportan estos establecimientos a los barrios","breadcrumb":{"@id":"https:\/\/aehm.es\/los-hoteleros-madrilenos-celebran-el-exito-de-la-madrid-hotel-week\/#breadcrumb"},"inLanguage":"en-US","potentialAction":[{"@type":"ReadAction","target":["https:\/\/aehm.es\/los-hoteleros-madrilenos-celebran-el-exito-de-la-madrid-hotel-week\/"]}]},{"@type":"ImageObject","inLanguage":"en-US","@id":"https:\/\/aehm.es\/los-hoteleros-madrilenos-celebran-el-exito-de-la-madrid-hotel-week\/#primaryimage","url":"https:\/\/aehm.es\/wp-content\/uploads\/2017\/11\/Desayuno-institucional-presentacion-de-la-Madrid-Hotel-Week-AEHM-1.jpg","contentUrl":"https:\/\/aehm.es\/wp-content\/uploads\/2017\/11\/Desayuno-institucional-presentacion-de-la-Madrid-Hotel-Week-AEHM-1.jpg","width":2048,"height":916,"caption":"Presentaci\u00f3n Madrid Hotel Week por AEHM"},{"@type":"BreadcrumbList","@id":"https:\/\/aehm.es\/los-hoteleros-madrilenos-celebran-el-exito-de-la-madrid-hotel-week\/#breadcrumb","itemListElement":[{"@type":"ListItem","position":1,"name":"Portada","item":"https:\/\/aehm.es\/en\/"},{"@type":"ListItem","position":2,"name":"Los hoteleros madrile\u00f1os celebran el \u00e9xito de la \u2018Madrid Hotel Week\u2019"}]},{"@type":"WebSite","@id":"https:\/\/aehm.es\/#website","url":"https:\/\/aehm.es\/","name":"Asociaci\u00f3n Empresarial Hotelera de Madrid","description":"La Asociaci\u00f3n Empresarial Hotelera Madrid est\u00e1 formada por m\u00e1s de 300 establecimientos de todas las categor\u00edas y tipolog\u00edas (hoteles, hostales, hostels, apartamentos\u2026) que suman m\u00e1s de 75.000 plazas de alojamiento.","publisher":{"@id":"https:\/\/aehm.es\/#organization"},"alternateName":"AEHM","potentialAction":[{"@type":"SearchAction","target":{"@type":"EntryPoint","urlTemplate":"https:\/\/aehm.es\/?s={search_term_string}"},"query-input":{"@type":"PropertyValueSpecification","valueRequired":true,"valueName":"search_term_string"}}],"inLanguage":"en-US"},{"@type":"Organization","@id":"https:\/\/aehm.es\/#organization","name":"Asociaci\u00f3n Empresarial Hotelera de Madrid","url":"https:\/\/aehm.es\/","logo":{"@type":"ImageObject","inLanguage":"en-US","@id":"https:\/\/aehm.es\/#\/schema\/logo\/image\/","url":"https:\/\/aehm.es\/wp-content\/uploads\/2021\/11\/Logo_AEHM_Horiz.png","contentUrl":"https:\/\/aehm.es\/wp-content\/uploads\/2021\/11\/Logo_AEHM_Horiz.png","width":600,"height":182,"caption":"Asociaci\u00f3n Empresarial Hotelera de Madrid"},"image":{"@id":"https:\/\/aehm.es\/#\/schema\/logo\/image\/"},"sameAs":["https:\/\/www.instagram.com\/hotelesdemadrid\/","https:\/\/x.com\/HotelesAEHM","https:\/\/www.linkedin.com\/company\/11166072\/"]},{"@type":"Person","@id":"https:\/\/aehm.es\/#\/schema\/person\/ca1397f4b0bcee246b58a0278b67a95f","name":"richard","image":{"@type":"ImageObject","inLanguage":"en-US","@id":"https:\/\/secure.gravatar.com\/avatar\/dd2486a811ecc34bf766b7d8b17d0ea76674186c415867af39660e429e20e1a0?s=96&d=mm&r=g","url":"https:\/\/secure.gravatar.com\/avatar\/dd2486a811ecc34bf766b7d8b17d0ea76674186c415867af39660e429e20e1a0?s=96&d=mm&r=g","contentUrl":"https:\/\/secure.gravatar.com\/avatar\/dd2486a811ecc34bf766b7d8b17d0ea76674186c415867af39660e429e20e1a0?s=96&d=mm&r=g","caption":"richard"},"url":"https:\/\/aehm.es\/en\/author\/richard\/"}]}},"_links":{"self":[{"href":"https:\/\/aehm.es\/en\/wp-json\/wp\/v2\/posts\/3037","targetHints":{"allow":["GET"]}}],"collection":[{"href":"https:\/\/aehm.es\/en\/wp-json\/wp\/v2\/posts"}],"about":[{"href":"https:\/\/aehm.es\/en\/wp-json\/wp\/v2\/types\/post"}],"author":[{"embeddable":true,"href":"https:\/\/aehm.es\/en\/wp-json\/wp\/v2\/users\/1"}],"replies":[{"embeddable":true,"href":"https:\/\/aehm.es\/en\/wp-json\/wp\/v2\/comments?post=3037"}],"version-history":[{"count":0,"href":"https:\/\/aehm.es\/en\/wp-json\/wp\/v2\/posts\/3037\/revisions"}],"wp:featuredmedia":[{"embeddable":true,"href":"https:\/\/aehm.es\/en\/wp-json\/wp\/v2\/media\/3040"}],"wp:attachment":[{"href":"https:\/\/aehm.es\/en\/wp-json\/wp\/v2\/media?parent=3037"}],"wp:term":[{"taxonomy":"category","embeddable":true,"href":"https:\/\/aehm.es\/en\/wp-json\/wp\/v2\/categories?post=3037"},{"taxonomy":"post_tag","embeddable":true,"href":"https:\/\/aehm.es\/en\/wp-json\/wp\/v2\/tags?post=3037"}],"curies":[{"name":"wp","href":"https:\/\/api.w.org\/{rel}","templated":true}]}}