{"id":290,"date":"2016-07-06T17:14:50","date_gmt":"2016-07-06T17:14:50","guid":{"rendered":"http:\/\/www.aehm.es\/?p=290"},"modified":"2016-07-06T17:14:50","modified_gmt":"2016-07-06T17:14:50","slug":"la-aehm-nombra-nueva-secretaria-general","status":"publish","type":"post","link":"https:\/\/aehm.es\/en\/la-aehm-nombra-nueva-secretaria-general\/","title":{"rendered":"La AEHM nombra nueva Secretar\u00eda General"},"content":{"rendered":"<p style=\"text-align: center;\"><strong>Mar de Miguel, nueva Secretaria General de la Asociaci\u00f3n<\/strong><\/p>\n<p>Madrid, 06 de julio de 2016.- En la Asamblea celebrada el pasado 30 de junio en el hotel Westin Palace, tuvo lugar la presentaci\u00f3n de la nueva secretaria general de la AEHM, Mar de Miguel, tras aprobarse su nombramiento en la Junta Directiva reunida en el H10 Tribeca el pasado 17 de junio. El nuevo presidente, Gabriel Garc\u00eda, ha confiado en ella para impulsar los dos principales objetivos que se plantea: poner en marcha la promoci\u00f3n internacional del destino Madrid para posicionarlo de forma definitiva como uno de los principales destinos tur\u00edsticos europeos, y luchar contra el intrusismo y la competencia desleal.<\/p>\n<p>Licenciada en Ciencias Econ\u00f3micas y Empresariales, MBA en Gesti\u00f3n P\u00fablica, master en Econom\u00eda Europea y master en Liderazgo Ejecutivo por el IE (Instituto de Empresa), ha realizado estudios sobre gesti\u00f3n p\u00fablica e innovaci\u00f3n para la gesti\u00f3n del cambio en la Universidad de Harvard.<\/p>\n<p>Colaboradora de la Organizaci\u00f3n Mundial del Turismo (OMT), la World Travell Tourism Counsil; miembro del comit\u00e9 de rutas de enlaces a\u00e9reos del aeropuerto de Barajas-Adolfo Su\u00e1rez y miembro de la comisi\u00f3n de Restauraci\u00f3n y de la comisi\u00f3n de Turismo de la C\u00e1mara de Comercio de Madrid.<\/p>\n<p>1999 \u2013 2007: Directora General de diversos organismos p\u00fablicos y privados: Instituto Tecnol\u00f3gico Hotelero; Fundaci\u00f3n Biodiversidad y, Centro de Investigaci\u00f3n y Tecnolog\u00edas Tur\u00edsticas de las Islas Baleares (CITTIB).<\/p>\n<p>2007 &#8211; 2016: Ayuntamiento de Madrid. Dirige el Patronato de Turismo de la Ciudad como Gerente. Directora General de Turismo de la Empresa Madrid Destino, gestionando las pol\u00edticas municipales de promoci\u00f3n e informaci\u00f3n tur\u00edstica de la Ciudad.<\/p>\n","protected":false},"excerpt":{"rendered":"<p>Mar de Miguel, nueva Secretaria General de la Asociaci\u00f3n Madrid, 06 de julio de 2016.- En la Asamblea celebrada el pasado 30 de junio en el hotel Westin Palace, tuvo lugar la presentaci\u00f3n de la nueva secretaria general de la AEHM, Mar de Miguel, tras aprobarse su nombramiento en la Junta Directiva reunida en el [&hellip;]<\/p>\n","protected":false},"author":1,"featured_media":10179,"comment_status":"open","ping_status":"open","sticky":false,"template":"","format":"standard","meta":{"footnotes":""},"categories":[1],"tags":[],"class_list":["post-290","post","type-post","status-publish","format-standard","has-post-thumbnail","hentry","category-actualidad-aehm"],"yoast_head":"<!-- This site is optimized with the Yoast SEO plugin v27.5 - https:\/\/yoast.com\/product\/yoast-seo-wordpress\/ -->\n<title>La AEHM nombra nueva Secretar\u00eda General - AEHM<\/title>\n<meta name=\"robots\" content=\"index, follow, max-snippet:-1, max-image-preview:large, max-video-preview:-1\" \/>\n<link rel=\"canonical\" href=\"https:\/\/aehm.es\/la-aehm-nombra-nueva-secretaria-general\/\" \/>\n<meta property=\"og:locale\" content=\"en_US\" \/>\n<meta property=\"og:type\" content=\"article\" \/>\n<meta property=\"og:title\" content=\"La AEHM nombra nueva Secretar\u00eda General - AEHM\" \/>\n<meta property=\"og:description\" content=\"Mar de Miguel, nueva Secretaria General de la Asociaci\u00f3n Madrid, 06 de julio de 2016.- En la Asamblea celebrada el pasado 30 de junio en el hotel Westin Palace, tuvo lugar la presentaci\u00f3n de la nueva secretaria general de la AEHM, Mar de Miguel, tras aprobarse su nombramiento en la Junta Directiva reunida en el [&hellip;]\" \/>\n<meta property=\"og:url\" content=\"https:\/\/aehm.es\/la-aehm-nombra-nueva-secretaria-general\/\" \/>\n<meta property=\"og:site_name\" content=\"AEHM\" \/>\n<meta property=\"article:publisher\" content=\"https:\/\/www.instagram.com\/hotelesdemadrid\/\" \/>\n<meta property=\"article:published_time\" content=\"2016-07-06T17:14:50+00:00\" \/>\n<meta property=\"og:image\" content=\"https:\/\/aehm.es\/wp-content\/uploads\/2017\/06\/Mar-de-Miguel-nueva-Secretaria-General-de-la-AEHM-1.jpg\" \/>\n\t<meta property=\"og:image:width\" content=\"1800\" \/>\n\t<meta property=\"og:image:height\" content=\"655\" \/>\n\t<meta property=\"og:image:type\" content=\"image\/jpeg\" \/>\n<meta name=\"author\" content=\"richard\" \/>\n<meta name=\"twitter:card\" content=\"summary_large_image\" \/>\n<meta name=\"twitter:creator\" content=\"@HotelesAEHM\" \/>\n<meta name=\"twitter:site\" content=\"@HotelesAEHM\" \/>\n<meta name=\"twitter:label1\" content=\"Written by\" \/>\n\t<meta name=\"twitter:data1\" content=\"richard\" \/>\n\t<meta name=\"twitter:label2\" content=\"Est. reading time\" \/>\n\t<meta name=\"twitter:data2\" content=\"1 minute\" \/>\n<script type=\"application\/ld+json\" class=\"yoast-schema-graph\">{\"@context\":\"https:\\\/\\\/schema.org\",\"@graph\":[{\"@type\":\"Article\",\"@id\":\"https:\\\/\\\/aehm.es\\\/la-aehm-nombra-nueva-secretaria-general\\\/#article\",\"isPartOf\":{\"@id\":\"https:\\\/\\\/aehm.es\\\/la-aehm-nombra-nueva-secretaria-general\\\/\"},\"author\":{\"name\":\"richard\",\"@id\":\"https:\\\/\\\/aehm.es\\\/#\\\/schema\\\/person\\\/ca1397f4b0bcee246b58a0278b67a95f\"},\"headline\":\"La AEHM nombra nueva Secretar\u00eda General\",\"datePublished\":\"2016-07-06T17:14:50+00:00\",\"mainEntityOfPage\":{\"@id\":\"https:\\\/\\\/aehm.es\\\/la-aehm-nombra-nueva-secretaria-general\\\/\"},\"wordCount\":294,\"commentCount\":0,\"publisher\":{\"@id\":\"https:\\\/\\\/aehm.es\\\/#organization\"},\"image\":{\"@id\":\"https:\\\/\\\/aehm.es\\\/la-aehm-nombra-nueva-secretaria-general\\\/#primaryimage\"},\"thumbnailUrl\":\"https:\\\/\\\/aehm.es\\\/wp-content\\\/uploads\\\/2017\\\/06\\\/Mar-de-Miguel-nueva-Secretaria-General-de-la-AEHM-1.jpg\",\"articleSection\":[\"Actualidad AEHM\"],\"inLanguage\":\"en-US\",\"potentialAction\":[{\"@type\":\"CommentAction\",\"name\":\"Comment\",\"target\":[\"https:\\\/\\\/aehm.es\\\/la-aehm-nombra-nueva-secretaria-general\\\/#respond\"]}]},{\"@type\":\"WebPage\",\"@id\":\"https:\\\/\\\/aehm.es\\\/la-aehm-nombra-nueva-secretaria-general\\\/\",\"url\":\"https:\\\/\\\/aehm.es\\\/la-aehm-nombra-nueva-secretaria-general\\\/\",\"name\":\"La AEHM nombra nueva Secretar\u00eda General - AEHM\",\"isPartOf\":{\"@id\":\"https:\\\/\\\/aehm.es\\\/#website\"},\"primaryImageOfPage\":{\"@id\":\"https:\\\/\\\/aehm.es\\\/la-aehm-nombra-nueva-secretaria-general\\\/#primaryimage\"},\"image\":{\"@id\":\"https:\\\/\\\/aehm.es\\\/la-aehm-nombra-nueva-secretaria-general\\\/#primaryimage\"},\"thumbnailUrl\":\"https:\\\/\\\/aehm.es\\\/wp-content\\\/uploads\\\/2017\\\/06\\\/Mar-de-Miguel-nueva-Secretaria-General-de-la-AEHM-1.jpg\",\"datePublished\":\"2016-07-06T17:14:50+00:00\",\"breadcrumb\":{\"@id\":\"https:\\\/\\\/aehm.es\\\/la-aehm-nombra-nueva-secretaria-general\\\/#breadcrumb\"},\"inLanguage\":\"en-US\",\"potentialAction\":[{\"@type\":\"ReadAction\",\"target\":[\"https:\\\/\\\/aehm.es\\\/la-aehm-nombra-nueva-secretaria-general\\\/\"]}]},{\"@type\":\"ImageObject\",\"inLanguage\":\"en-US\",\"@id\":\"https:\\\/\\\/aehm.es\\\/la-aehm-nombra-nueva-secretaria-general\\\/#primaryimage\",\"url\":\"https:\\\/\\\/aehm.es\\\/wp-content\\\/uploads\\\/2017\\\/06\\\/Mar-de-Miguel-nueva-Secretaria-General-de-la-AEHM-1.jpg\",\"contentUrl\":\"https:\\\/\\\/aehm.es\\\/wp-content\\\/uploads\\\/2017\\\/06\\\/Mar-de-Miguel-nueva-Secretaria-General-de-la-AEHM-1.jpg\",\"width\":1800,\"height\":655},{\"@type\":\"BreadcrumbList\",\"@id\":\"https:\\\/\\\/aehm.es\\\/la-aehm-nombra-nueva-secretaria-general\\\/#breadcrumb\",\"itemListElement\":[{\"@type\":\"ListItem\",\"position\":1,\"name\":\"Portada\",\"item\":\"https:\\\/\\\/aehm.es\\\/en\\\/\"},{\"@type\":\"ListItem\",\"position\":2,\"name\":\"La AEHM nombra nueva Secretar\u00eda General\"}]},{\"@type\":\"WebSite\",\"@id\":\"https:\\\/\\\/aehm.es\\\/#website\",\"url\":\"https:\\\/\\\/aehm.es\\\/\",\"name\":\"Asociaci\u00f3n Empresarial Hotelera de Madrid\",\"description\":\"La Asociaci\u00f3n Empresarial Hotelera Madrid est\u00e1 formada por m\u00e1s de 300 establecimientos de todas las categor\u00edas y tipolog\u00edas (hoteles, hostales, hostels, apartamentos\u2026) que suman m\u00e1s de 75.000 plazas de alojamiento.\",\"publisher\":{\"@id\":\"https:\\\/\\\/aehm.es\\\/#organization\"},\"alternateName\":\"AEHM\",\"potentialAction\":[{\"@type\":\"SearchAction\",\"target\":{\"@type\":\"EntryPoint\",\"urlTemplate\":\"https:\\\/\\\/aehm.es\\\/?s={search_term_string}\"},\"query-input\":{\"@type\":\"PropertyValueSpecification\",\"valueRequired\":true,\"valueName\":\"search_term_string\"}}],\"inLanguage\":\"en-US\"},{\"@type\":\"Organization\",\"@id\":\"https:\\\/\\\/aehm.es\\\/#organization\",\"name\":\"Asociaci\u00f3n Empresarial Hotelera de Madrid\",\"url\":\"https:\\\/\\\/aehm.es\\\/\",\"logo\":{\"@type\":\"ImageObject\",\"inLanguage\":\"en-US\",\"@id\":\"https:\\\/\\\/aehm.es\\\/#\\\/schema\\\/logo\\\/image\\\/\",\"url\":\"https:\\\/\\\/aehm.es\\\/wp-content\\\/uploads\\\/2021\\\/11\\\/Logo_AEHM_Horiz.png\",\"contentUrl\":\"https:\\\/\\\/aehm.es\\\/wp-content\\\/uploads\\\/2021\\\/11\\\/Logo_AEHM_Horiz.png\",\"width\":600,\"height\":182,\"caption\":\"Asociaci\u00f3n Empresarial Hotelera de Madrid\"},\"image\":{\"@id\":\"https:\\\/\\\/aehm.es\\\/#\\\/schema\\\/logo\\\/image\\\/\"},\"sameAs\":[\"https:\\\/\\\/www.instagram.com\\\/hotelesdemadrid\\\/\",\"https:\\\/\\\/x.com\\\/HotelesAEHM\",\"https:\\\/\\\/www.linkedin.com\\\/company\\\/11166072\\\/\"]},{\"@type\":\"Person\",\"@id\":\"https:\\\/\\\/aehm.es\\\/#\\\/schema\\\/person\\\/ca1397f4b0bcee246b58a0278b67a95f\",\"name\":\"richard\",\"image\":{\"@type\":\"ImageObject\",\"inLanguage\":\"en-US\",\"@id\":\"https:\\\/\\\/secure.gravatar.com\\\/avatar\\\/dd2486a811ecc34bf766b7d8b17d0ea76674186c415867af39660e429e20e1a0?s=96&d=mm&r=g\",\"url\":\"https:\\\/\\\/secure.gravatar.com\\\/avatar\\\/dd2486a811ecc34bf766b7d8b17d0ea76674186c415867af39660e429e20e1a0?s=96&d=mm&r=g\",\"contentUrl\":\"https:\\\/\\\/secure.gravatar.com\\\/avatar\\\/dd2486a811ecc34bf766b7d8b17d0ea76674186c415867af39660e429e20e1a0?s=96&d=mm&r=g\",\"caption\":\"richard\"},\"url\":\"https:\\\/\\\/aehm.es\\\/en\\\/author\\\/richard\\\/\"}]}<\/script>\n<!-- \/ Yoast SEO plugin. -->","yoast_head_json":{"title":"La AEHM nombra nueva Secretar\u00eda General - AEHM","robots":{"index":"index","follow":"follow","max-snippet":"max-snippet:-1","max-image-preview":"max-image-preview:large","max-video-preview":"max-video-preview:-1"},"canonical":"https:\/\/aehm.es\/la-aehm-nombra-nueva-secretaria-general\/","og_locale":"en_US","og_type":"article","og_title":"La AEHM nombra nueva Secretar\u00eda General - AEHM","og_description":"Mar de Miguel, nueva Secretaria General de la Asociaci\u00f3n Madrid, 06 de julio de 2016.- En la Asamblea celebrada el pasado 30 de junio en el hotel Westin Palace, tuvo lugar la presentaci\u00f3n de la nueva secretaria general de la AEHM, Mar de Miguel, tras aprobarse su nombramiento en la Junta Directiva reunida en el [&hellip;]","og_url":"https:\/\/aehm.es\/la-aehm-nombra-nueva-secretaria-general\/","og_site_name":"AEHM","article_publisher":"https:\/\/www.instagram.com\/hotelesdemadrid\/","article_published_time":"2016-07-06T17:14:50+00:00","og_image":[{"width":1800,"height":655,"url":"https:\/\/aehm.es\/wp-content\/uploads\/2017\/06\/Mar-de-Miguel-nueva-Secretaria-General-de-la-AEHM-1.jpg","type":"image\/jpeg"}],"author":"richard","twitter_card":"summary_large_image","twitter_creator":"@HotelesAEHM","twitter_site":"@HotelesAEHM","twitter_misc":{"Written by":"richard","Est. reading time":"1 minute"},"schema":{"@context":"https:\/\/schema.org","@graph":[{"@type":"Article","@id":"https:\/\/aehm.es\/la-aehm-nombra-nueva-secretaria-general\/#article","isPartOf":{"@id":"https:\/\/aehm.es\/la-aehm-nombra-nueva-secretaria-general\/"},"author":{"name":"richard","@id":"https:\/\/aehm.es\/#\/schema\/person\/ca1397f4b0bcee246b58a0278b67a95f"},"headline":"La AEHM nombra nueva Secretar\u00eda General","datePublished":"2016-07-06T17:14:50+00:00","mainEntityOfPage":{"@id":"https:\/\/aehm.es\/la-aehm-nombra-nueva-secretaria-general\/"},"wordCount":294,"commentCount":0,"publisher":{"@id":"https:\/\/aehm.es\/#organization"},"image":{"@id":"https:\/\/aehm.es\/la-aehm-nombra-nueva-secretaria-general\/#primaryimage"},"thumbnailUrl":"https:\/\/aehm.es\/wp-content\/uploads\/2017\/06\/Mar-de-Miguel-nueva-Secretaria-General-de-la-AEHM-1.jpg","articleSection":["Actualidad AEHM"],"inLanguage":"en-US","potentialAction":[{"@type":"CommentAction","name":"Comment","target":["https:\/\/aehm.es\/la-aehm-nombra-nueva-secretaria-general\/#respond"]}]},{"@type":"WebPage","@id":"https:\/\/aehm.es\/la-aehm-nombra-nueva-secretaria-general\/","url":"https:\/\/aehm.es\/la-aehm-nombra-nueva-secretaria-general\/","name":"La AEHM nombra nueva Secretar\u00eda General - AEHM","isPartOf":{"@id":"https:\/\/aehm.es\/#website"},"primaryImageOfPage":{"@id":"https:\/\/aehm.es\/la-aehm-nombra-nueva-secretaria-general\/#primaryimage"},"image":{"@id":"https:\/\/aehm.es\/la-aehm-nombra-nueva-secretaria-general\/#primaryimage"},"thumbnailUrl":"https:\/\/aehm.es\/wp-content\/uploads\/2017\/06\/Mar-de-Miguel-nueva-Secretaria-General-de-la-AEHM-1.jpg","datePublished":"2016-07-06T17:14:50+00:00","breadcrumb":{"@id":"https:\/\/aehm.es\/la-aehm-nombra-nueva-secretaria-general\/#breadcrumb"},"inLanguage":"en-US","potentialAction":[{"@type":"ReadAction","target":["https:\/\/aehm.es\/la-aehm-nombra-nueva-secretaria-general\/"]}]},{"@type":"ImageObject","inLanguage":"en-US","@id":"https:\/\/aehm.es\/la-aehm-nombra-nueva-secretaria-general\/#primaryimage","url":"https:\/\/aehm.es\/wp-content\/uploads\/2017\/06\/Mar-de-Miguel-nueva-Secretaria-General-de-la-AEHM-1.jpg","contentUrl":"https:\/\/aehm.es\/wp-content\/uploads\/2017\/06\/Mar-de-Miguel-nueva-Secretaria-General-de-la-AEHM-1.jpg","width":1800,"height":655},{"@type":"BreadcrumbList","@id":"https:\/\/aehm.es\/la-aehm-nombra-nueva-secretaria-general\/#breadcrumb","itemListElement":[{"@type":"ListItem","position":1,"name":"Portada","item":"https:\/\/aehm.es\/en\/"},{"@type":"ListItem","position":2,"name":"La AEHM nombra nueva Secretar\u00eda General"}]},{"@type":"WebSite","@id":"https:\/\/aehm.es\/#website","url":"https:\/\/aehm.es\/","name":"Asociaci\u00f3n Empresarial Hotelera de Madrid","description":"La Asociaci\u00f3n Empresarial Hotelera Madrid est\u00e1 formada por m\u00e1s de 300 establecimientos de todas las categor\u00edas y tipolog\u00edas (hoteles, hostales, hostels, apartamentos\u2026) que suman m\u00e1s de 75.000 plazas de alojamiento.","publisher":{"@id":"https:\/\/aehm.es\/#organization"},"alternateName":"AEHM","potentialAction":[{"@type":"SearchAction","target":{"@type":"EntryPoint","urlTemplate":"https:\/\/aehm.es\/?s={search_term_string}"},"query-input":{"@type":"PropertyValueSpecification","valueRequired":true,"valueName":"search_term_string"}}],"inLanguage":"en-US"},{"@type":"Organization","@id":"https:\/\/aehm.es\/#organization","name":"Asociaci\u00f3n Empresarial Hotelera de Madrid","url":"https:\/\/aehm.es\/","logo":{"@type":"ImageObject","inLanguage":"en-US","@id":"https:\/\/aehm.es\/#\/schema\/logo\/image\/","url":"https:\/\/aehm.es\/wp-content\/uploads\/2021\/11\/Logo_AEHM_Horiz.png","contentUrl":"https:\/\/aehm.es\/wp-content\/uploads\/2021\/11\/Logo_AEHM_Horiz.png","width":600,"height":182,"caption":"Asociaci\u00f3n Empresarial Hotelera de Madrid"},"image":{"@id":"https:\/\/aehm.es\/#\/schema\/logo\/image\/"},"sameAs":["https:\/\/www.instagram.com\/hotelesdemadrid\/","https:\/\/x.com\/HotelesAEHM","https:\/\/www.linkedin.com\/company\/11166072\/"]},{"@type":"Person","@id":"https:\/\/aehm.es\/#\/schema\/person\/ca1397f4b0bcee246b58a0278b67a95f","name":"richard","image":{"@type":"ImageObject","inLanguage":"en-US","@id":"https:\/\/secure.gravatar.com\/avatar\/dd2486a811ecc34bf766b7d8b17d0ea76674186c415867af39660e429e20e1a0?s=96&d=mm&r=g","url":"https:\/\/secure.gravatar.com\/avatar\/dd2486a811ecc34bf766b7d8b17d0ea76674186c415867af39660e429e20e1a0?s=96&d=mm&r=g","contentUrl":"https:\/\/secure.gravatar.com\/avatar\/dd2486a811ecc34bf766b7d8b17d0ea76674186c415867af39660e429e20e1a0?s=96&d=mm&r=g","caption":"richard"},"url":"https:\/\/aehm.es\/en\/author\/richard\/"}]}},"_links":{"self":[{"href":"https:\/\/aehm.es\/en\/wp-json\/wp\/v2\/posts\/290","targetHints":{"allow":["GET"]}}],"collection":[{"href":"https:\/\/aehm.es\/en\/wp-json\/wp\/v2\/posts"}],"about":[{"href":"https:\/\/aehm.es\/en\/wp-json\/wp\/v2\/types\/post"}],"author":[{"embeddable":true,"href":"https:\/\/aehm.es\/en\/wp-json\/wp\/v2\/users\/1"}],"replies":[{"embeddable":true,"href":"https:\/\/aehm.es\/en\/wp-json\/wp\/v2\/comments?post=290"}],"version-history":[{"count":0,"href":"https:\/\/aehm.es\/en\/wp-json\/wp\/v2\/posts\/290\/revisions"}],"wp:featuredmedia":[{"embeddable":true,"href":"https:\/\/aehm.es\/en\/wp-json\/wp\/v2\/media\/10179"}],"wp:attachment":[{"href":"https:\/\/aehm.es\/en\/wp-json\/wp\/v2\/media?parent=290"}],"wp:term":[{"taxonomy":"category","embeddable":true,"href":"https:\/\/aehm.es\/en\/wp-json\/wp\/v2\/categories?post=290"},{"taxonomy":"post_tag","embeddable":true,"href":"https:\/\/aehm.es\/en\/wp-json\/wp\/v2\/tags?post=290"}],"curies":[{"name":"wp","href":"https:\/\/api.w.org\/{rel}","templated":true}]}}