{"id":2802,"date":"2017-09-26T17:12:24","date_gmt":"2017-09-26T17:12:24","guid":{"rendered":"https:\/\/aehm.es\/?p=2802"},"modified":"2017-09-26T17:12:24","modified_gmt":"2017-09-26T17:12:24","slug":"entrega-del-galardon-la-aemer-al-presidente-la-aehm","status":"publish","type":"post","link":"https:\/\/aehm.es\/en\/entrega-del-galardon-la-aemer-al-presidente-la-aehm\/","title":{"rendered":"Entrega del Galard\u00f3n de la AMER al Presidente de la AEHM"},"content":{"rendered":"<p>El pasado jueves d\u00eda 21 de septiembre, en la tradicional Cena que organiza la Asociaci\u00f3n Madrile\u00f1a de Empresas de Restauraci\u00f3n (AMER), se entreg\u00f3 a nuestro Presidente, Gabriel Garc\u00eda, el Galard\u00f3n de AMER por acuerdo un\u00e1nime de su Comit\u00e9 Ejecutivo.<\/p>\n<figure id=\"attachment_2806\" aria-describedby=\"caption-attachment-2806\" style=\"width: 345px\" class=\"wp-caption alignright\"><img fetchpriority=\"high\" decoding=\"async\" class=\"wp-image-2806 size-full\" src=\"https:\/\/aehm.es\/wp-content\/uploads\/2017\/09\/El-presidente-de-la-AEHM-con-el-galardon-de-la-AEMER.jpg\" alt=\"\" width=\"345\" height=\"400\" \/><figcaption id=\"caption-attachment-2806\" class=\"wp-caption-text\">El presidente de la AEHM , Gabriel Garc\u00eda, posa con el galard\u00f3n de la AEMER en la gala celebrada el pasado 21 de septiembre<\/figcaption><\/figure>\n<p>Este Galard\u00f3n ha sido concedido al Presidente de la AEHM, por su trayectoria empresarial en el sector hotelero y, por su implicaci\u00f3n y convencimiento en la defensa del asociacionismo empresarial.<\/p>\n<p>El acto tuvo lugar en la Escuela Superior de Hosteler\u00eda y Restauraci\u00f3n y cont\u00f3 con la asistencia, entre otros, de la Delegada del \u00c1rea de Gobierno de Equidad, Derechos sociales y Empleo, del Ayuntamiento de Madrid, Marta Higueras; del Director General de Turismo de la Comunidad de Madrid, Carlos Chaguaceda; del Presidente de CEIM, Juan Pablo L\u00e1zaro; del Presidente de la C\u00e1mara de Comercio, Juan L\u00f3pez-Belmonte; del Presidente de FEHR, Jos\u00e9 Luis Yzuel y, de la Secretaria General de la AEHM Mar de Miguel.<\/p>\n<p>En esta edici\u00f3n, tambi\u00e9n se premi\u00f3 la labor de:<\/p>\n<ul>\n<li>CEIM (40 aniversario)<\/li>\n<li>MESON DE EL PARDO<\/li>\n<li>SR. D. JOSE M\u00aa RUBIO (Federaci\u00f3n Espa\u00f1ola de Hosteler\u00eda &#8211; FEHR-)<\/li>\n<li>ACCI\u00d3N CONTRA EL HAMBRE (Restaurantes contra el Hambre) \u201cGalard\u00f3n Jos\u00e9 Ram\u00f3n Gumuzio\u201d<\/li>\n<\/ul>\n<p>AMER quiso agradecer en esta nueva edici\u00f3n la participaci\u00f3n de las empresas colaboradoras como son: Caf\u00e9s La Mexicana, Coca Cola European Partners, Grupo Freixenet, Grupo Mahou-San Miguel, Makro, Aceites Rafael Salgado, Sol\u00e1n de Cabras, y Summa Seguros.<\/p>\n<p>Sobre AMER<\/p>\n<p>Es la \u00fanica organizaci\u00f3n empresarial que aglutina a un millar de asociados y representa de manera espec\u00edfica a la restauraci\u00f3n de la Comunidad de Madrid ante las distintas administraciones y organismos p\u00fablicos. AMER demuestra su compromiso d\u00eda a d\u00eda con dicho sector aportando soluciones concretas a trav\u00e9s de sus distintos departamentos. Dada la importancia de la participaci\u00f3n e integraci\u00f3n asociativa, esta entidad forma parte de organismos como CEIM; la Federaci\u00f3n Espa\u00f1ola de Hosteler\u00eda y Restauraci\u00f3n; la Federaci\u00f3n Empresarial de Hosteler\u00eda (Restauraci\u00f3n) de la Comunidad de Madrid, as\u00ed como de la C\u00e1mara Oficial de Comercio e Industria de Madrid, la Comisi\u00f3n Negociadora del Convenio Colectivo, la Comisi\u00f3n de la Empresa Familiar y las Comisiones de Turismo y Hosteler\u00eda, entre otros.<\/p>\n<p>Su sede social se encuentra en la Casa de Campo de Madrid y dispone de las instalaciones necesarias no s\u00f3lo para atender a los empresarios que la integran sino tambi\u00e9n para impartir clases de formaci\u00f3n, ofrecerles un departamento higi\u00e9nico-sanitario, una asesor\u00eda jur\u00eddica, fiscal, laboral y contable, entre otros.<\/p>\n","protected":false},"excerpt":{"rendered":"<p>El pasado jueves d\u00eda 21 de septiembre, en la tradicional Cena que organiza la Asociaci\u00f3n Madrile\u00f1a de Empresas de Restauraci\u00f3n (AMER), se entreg\u00f3 a nuestro Presidente, Gabriel Garc\u00eda, el Galard\u00f3n de AMER por acuerdo un\u00e1nime de su Comit\u00e9 Ejecutivo. Este Galard\u00f3n ha sido concedido al Presidente de la AEHM, por su trayectoria empresarial en el [&hellip;]<\/p>\n","protected":false},"author":1,"featured_media":2473,"comment_status":"open","ping_status":"open","sticky":false,"template":"","format":"standard","meta":{"footnotes":""},"categories":[1],"tags":[],"class_list":["post-2802","post","type-post","status-publish","format-standard","has-post-thumbnail","hentry","category-actualidad-aehm"],"yoast_head":"<!-- This site is optimized with the Yoast SEO plugin v27.5 - https:\/\/yoast.com\/product\/yoast-seo-wordpress\/ -->\n<title>Entrega del Galard\u00f3n de la AMER al Presidente de la AEHM - AEHM<\/title>\n<meta name=\"description\" content=\"Este Galard\u00f3n ha sido concedido al Presidente de la AEHM, por su trayectoria empresarial en el sector y, por su implicaci\u00f3n en la defensa del asociacionismo\" \/>\n<meta name=\"robots\" content=\"index, follow, max-snippet:-1, max-image-preview:large, max-video-preview:-1\" \/>\n<link rel=\"canonical\" href=\"https:\/\/aehm.es\/entrega-del-galardon-la-aemer-al-presidente-la-aehm\/\" \/>\n<meta property=\"og:locale\" content=\"en_US\" \/>\n<meta property=\"og:type\" content=\"article\" \/>\n<meta property=\"og:title\" content=\"Entrega del Galard\u00f3n de la AMER al Presidente de la AEHM - AEHM\" \/>\n<meta property=\"og:description\" content=\"Este Galard\u00f3n ha sido concedido al Presidente de la AEHM, por su trayectoria empresarial en el sector y, por su implicaci\u00f3n en la defensa del asociacionismo\" \/>\n<meta property=\"og:url\" content=\"https:\/\/aehm.es\/entrega-del-galardon-la-aemer-al-presidente-la-aehm\/\" \/>\n<meta property=\"og:site_name\" content=\"AEHM\" \/>\n<meta property=\"article:publisher\" content=\"https:\/\/www.instagram.com\/hotelesdemadrid\/\" \/>\n<meta property=\"article:published_time\" content=\"2017-09-26T17:12:24+00:00\" \/>\n<meta property=\"og:image\" content=\"https:\/\/aehm.es\/wp-content\/uploads\/2017\/09\/Entrega-del-Galardon-de-la-AEMER-al-Presidente-de-la-AEHM-e1506445147597-1.jpg\" \/>\n\t<meta property=\"og:image:width\" content=\"2115\" \/>\n\t<meta property=\"og:image:height\" content=\"753\" \/>\n\t<meta property=\"og:image:type\" content=\"image\/jpeg\" \/>\n<meta name=\"author\" content=\"richard\" \/>\n<meta name=\"twitter:card\" content=\"summary_large_image\" \/>\n<meta name=\"twitter:creator\" content=\"@HotelesAEHM\" \/>\n<meta name=\"twitter:site\" content=\"@HotelesAEHM\" \/>\n<meta name=\"twitter:label1\" content=\"Written by\" \/>\n\t<meta name=\"twitter:data1\" content=\"richard\" \/>\n\t<meta name=\"twitter:label2\" content=\"Est. reading time\" \/>\n\t<meta name=\"twitter:data2\" content=\"2 minutes\" \/>\n<script type=\"application\/ld+json\" class=\"yoast-schema-graph\">{\"@context\":\"https:\\\/\\\/schema.org\",\"@graph\":[{\"@type\":\"Article\",\"@id\":\"https:\\\/\\\/aehm.es\\\/entrega-del-galardon-la-aemer-al-presidente-la-aehm\\\/#article\",\"isPartOf\":{\"@id\":\"https:\\\/\\\/aehm.es\\\/entrega-del-galardon-la-aemer-al-presidente-la-aehm\\\/\"},\"author\":{\"name\":\"richard\",\"@id\":\"https:\\\/\\\/aehm.es\\\/#\\\/schema\\\/person\\\/ca1397f4b0bcee246b58a0278b67a95f\"},\"headline\":\"Entrega del Galard\u00f3n de la AMER al Presidente de la AEHM\",\"datePublished\":\"2017-09-26T17:12:24+00:00\",\"mainEntityOfPage\":{\"@id\":\"https:\\\/\\\/aehm.es\\\/entrega-del-galardon-la-aemer-al-presidente-la-aehm\\\/\"},\"wordCount\":491,\"commentCount\":0,\"publisher\":{\"@id\":\"https:\\\/\\\/aehm.es\\\/#organization\"},\"image\":{\"@id\":\"https:\\\/\\\/aehm.es\\\/entrega-del-galardon-la-aemer-al-presidente-la-aehm\\\/#primaryimage\"},\"thumbnailUrl\":\"https:\\\/\\\/aehm.es\\\/wp-content\\\/uploads\\\/2017\\\/06\\\/portada-aehm-1.jpg\",\"articleSection\":[\"Actualidad AEHM\"],\"inLanguage\":\"en-US\",\"potentialAction\":[{\"@type\":\"CommentAction\",\"name\":\"Comment\",\"target\":[\"https:\\\/\\\/aehm.es\\\/entrega-del-galardon-la-aemer-al-presidente-la-aehm\\\/#respond\"]}]},{\"@type\":\"WebPage\",\"@id\":\"https:\\\/\\\/aehm.es\\\/entrega-del-galardon-la-aemer-al-presidente-la-aehm\\\/\",\"url\":\"https:\\\/\\\/aehm.es\\\/entrega-del-galardon-la-aemer-al-presidente-la-aehm\\\/\",\"name\":\"Entrega del Galard\u00f3n de la AMER al Presidente de la AEHM - AEHM\",\"isPartOf\":{\"@id\":\"https:\\\/\\\/aehm.es\\\/#website\"},\"primaryImageOfPage\":{\"@id\":\"https:\\\/\\\/aehm.es\\\/entrega-del-galardon-la-aemer-al-presidente-la-aehm\\\/#primaryimage\"},\"image\":{\"@id\":\"https:\\\/\\\/aehm.es\\\/entrega-del-galardon-la-aemer-al-presidente-la-aehm\\\/#primaryimage\"},\"thumbnailUrl\":\"https:\\\/\\\/aehm.es\\\/wp-content\\\/uploads\\\/2017\\\/06\\\/portada-aehm-1.jpg\",\"datePublished\":\"2017-09-26T17:12:24+00:00\",\"description\":\"Este Galard\u00f3n ha sido concedido al Presidente de la AEHM, por su trayectoria empresarial en el sector y, por su implicaci\u00f3n en la defensa del asociacionismo\",\"breadcrumb\":{\"@id\":\"https:\\\/\\\/aehm.es\\\/entrega-del-galardon-la-aemer-al-presidente-la-aehm\\\/#breadcrumb\"},\"inLanguage\":\"en-US\",\"potentialAction\":[{\"@type\":\"ReadAction\",\"target\":[\"https:\\\/\\\/aehm.es\\\/entrega-del-galardon-la-aemer-al-presidente-la-aehm\\\/\"]}]},{\"@type\":\"ImageObject\",\"inLanguage\":\"en-US\",\"@id\":\"https:\\\/\\\/aehm.es\\\/entrega-del-galardon-la-aemer-al-presidente-la-aehm\\\/#primaryimage\",\"url\":\"https:\\\/\\\/aehm.es\\\/wp-content\\\/uploads\\\/2017\\\/06\\\/portada-aehm-1.jpg\",\"contentUrl\":\"https:\\\/\\\/aehm.es\\\/wp-content\\\/uploads\\\/2017\\\/06\\\/portada-aehm-1.jpg\",\"width\":2000,\"height\":944},{\"@type\":\"BreadcrumbList\",\"@id\":\"https:\\\/\\\/aehm.es\\\/entrega-del-galardon-la-aemer-al-presidente-la-aehm\\\/#breadcrumb\",\"itemListElement\":[{\"@type\":\"ListItem\",\"position\":1,\"name\":\"Portada\",\"item\":\"https:\\\/\\\/aehm.es\\\/en\\\/\"},{\"@type\":\"ListItem\",\"position\":2,\"name\":\"Entrega del Galard\u00f3n de la AMER al Presidente de la AEHM\"}]},{\"@type\":\"WebSite\",\"@id\":\"https:\\\/\\\/aehm.es\\\/#website\",\"url\":\"https:\\\/\\\/aehm.es\\\/\",\"name\":\"Asociaci\u00f3n Empresarial Hotelera de Madrid\",\"description\":\"La Asociaci\u00f3n Empresarial Hotelera Madrid est\u00e1 formada por m\u00e1s de 300 establecimientos de todas las categor\u00edas y tipolog\u00edas (hoteles, hostales, hostels, apartamentos\u2026) que suman m\u00e1s de 75.000 plazas de alojamiento.\",\"publisher\":{\"@id\":\"https:\\\/\\\/aehm.es\\\/#organization\"},\"alternateName\":\"AEHM\",\"potentialAction\":[{\"@type\":\"SearchAction\",\"target\":{\"@type\":\"EntryPoint\",\"urlTemplate\":\"https:\\\/\\\/aehm.es\\\/?s={search_term_string}\"},\"query-input\":{\"@type\":\"PropertyValueSpecification\",\"valueRequired\":true,\"valueName\":\"search_term_string\"}}],\"inLanguage\":\"en-US\"},{\"@type\":\"Organization\",\"@id\":\"https:\\\/\\\/aehm.es\\\/#organization\",\"name\":\"Asociaci\u00f3n Empresarial Hotelera de Madrid\",\"url\":\"https:\\\/\\\/aehm.es\\\/\",\"logo\":{\"@type\":\"ImageObject\",\"inLanguage\":\"en-US\",\"@id\":\"https:\\\/\\\/aehm.es\\\/#\\\/schema\\\/logo\\\/image\\\/\",\"url\":\"https:\\\/\\\/aehm.es\\\/wp-content\\\/uploads\\\/2021\\\/11\\\/Logo_AEHM_Horiz.png\",\"contentUrl\":\"https:\\\/\\\/aehm.es\\\/wp-content\\\/uploads\\\/2021\\\/11\\\/Logo_AEHM_Horiz.png\",\"width\":600,\"height\":182,\"caption\":\"Asociaci\u00f3n Empresarial Hotelera de Madrid\"},\"image\":{\"@id\":\"https:\\\/\\\/aehm.es\\\/#\\\/schema\\\/logo\\\/image\\\/\"},\"sameAs\":[\"https:\\\/\\\/www.instagram.com\\\/hotelesdemadrid\\\/\",\"https:\\\/\\\/x.com\\\/HotelesAEHM\",\"https:\\\/\\\/www.linkedin.com\\\/company\\\/11166072\\\/\"]},{\"@type\":\"Person\",\"@id\":\"https:\\\/\\\/aehm.es\\\/#\\\/schema\\\/person\\\/ca1397f4b0bcee246b58a0278b67a95f\",\"name\":\"richard\",\"image\":{\"@type\":\"ImageObject\",\"inLanguage\":\"en-US\",\"@id\":\"https:\\\/\\\/secure.gravatar.com\\\/avatar\\\/dd2486a811ecc34bf766b7d8b17d0ea76674186c415867af39660e429e20e1a0?s=96&d=mm&r=g\",\"url\":\"https:\\\/\\\/secure.gravatar.com\\\/avatar\\\/dd2486a811ecc34bf766b7d8b17d0ea76674186c415867af39660e429e20e1a0?s=96&d=mm&r=g\",\"contentUrl\":\"https:\\\/\\\/secure.gravatar.com\\\/avatar\\\/dd2486a811ecc34bf766b7d8b17d0ea76674186c415867af39660e429e20e1a0?s=96&d=mm&r=g\",\"caption\":\"richard\"},\"url\":\"https:\\\/\\\/aehm.es\\\/en\\\/author\\\/richard\\\/\"}]}<\/script>\n<!-- \/ Yoast SEO plugin. -->","yoast_head_json":{"title":"Entrega del Galard\u00f3n de la AMER al Presidente de la AEHM - AEHM","description":"Este Galard\u00f3n ha sido concedido al Presidente de la AEHM, por su trayectoria empresarial en el sector y, por su implicaci\u00f3n en la defensa del asociacionismo","robots":{"index":"index","follow":"follow","max-snippet":"max-snippet:-1","max-image-preview":"max-image-preview:large","max-video-preview":"max-video-preview:-1"},"canonical":"https:\/\/aehm.es\/entrega-del-galardon-la-aemer-al-presidente-la-aehm\/","og_locale":"en_US","og_type":"article","og_title":"Entrega del Galard\u00f3n de la AMER al Presidente de la AEHM - AEHM","og_description":"Este Galard\u00f3n ha sido concedido al Presidente de la AEHM, por su trayectoria empresarial en el sector y, por su implicaci\u00f3n en la defensa del asociacionismo","og_url":"https:\/\/aehm.es\/entrega-del-galardon-la-aemer-al-presidente-la-aehm\/","og_site_name":"AEHM","article_publisher":"https:\/\/www.instagram.com\/hotelesdemadrid\/","article_published_time":"2017-09-26T17:12:24+00:00","og_image":[{"width":2115,"height":753,"url":"https:\/\/aehm.es\/wp-content\/uploads\/2017\/09\/Entrega-del-Galardon-de-la-AEMER-al-Presidente-de-la-AEHM-e1506445147597-1.jpg","type":"image\/jpeg"}],"author":"richard","twitter_card":"summary_large_image","twitter_creator":"@HotelesAEHM","twitter_site":"@HotelesAEHM","twitter_misc":{"Written by":"richard","Est. reading time":"2 minutes"},"schema":{"@context":"https:\/\/schema.org","@graph":[{"@type":"Article","@id":"https:\/\/aehm.es\/entrega-del-galardon-la-aemer-al-presidente-la-aehm\/#article","isPartOf":{"@id":"https:\/\/aehm.es\/entrega-del-galardon-la-aemer-al-presidente-la-aehm\/"},"author":{"name":"richard","@id":"https:\/\/aehm.es\/#\/schema\/person\/ca1397f4b0bcee246b58a0278b67a95f"},"headline":"Entrega del Galard\u00f3n de la AMER al Presidente de la AEHM","datePublished":"2017-09-26T17:12:24+00:00","mainEntityOfPage":{"@id":"https:\/\/aehm.es\/entrega-del-galardon-la-aemer-al-presidente-la-aehm\/"},"wordCount":491,"commentCount":0,"publisher":{"@id":"https:\/\/aehm.es\/#organization"},"image":{"@id":"https:\/\/aehm.es\/entrega-del-galardon-la-aemer-al-presidente-la-aehm\/#primaryimage"},"thumbnailUrl":"https:\/\/aehm.es\/wp-content\/uploads\/2017\/06\/portada-aehm-1.jpg","articleSection":["Actualidad AEHM"],"inLanguage":"en-US","potentialAction":[{"@type":"CommentAction","name":"Comment","target":["https:\/\/aehm.es\/entrega-del-galardon-la-aemer-al-presidente-la-aehm\/#respond"]}]},{"@type":"WebPage","@id":"https:\/\/aehm.es\/entrega-del-galardon-la-aemer-al-presidente-la-aehm\/","url":"https:\/\/aehm.es\/entrega-del-galardon-la-aemer-al-presidente-la-aehm\/","name":"Entrega del Galard\u00f3n de la AMER al Presidente de la AEHM - AEHM","isPartOf":{"@id":"https:\/\/aehm.es\/#website"},"primaryImageOfPage":{"@id":"https:\/\/aehm.es\/entrega-del-galardon-la-aemer-al-presidente-la-aehm\/#primaryimage"},"image":{"@id":"https:\/\/aehm.es\/entrega-del-galardon-la-aemer-al-presidente-la-aehm\/#primaryimage"},"thumbnailUrl":"https:\/\/aehm.es\/wp-content\/uploads\/2017\/06\/portada-aehm-1.jpg","datePublished":"2017-09-26T17:12:24+00:00","description":"Este Galard\u00f3n ha sido concedido al Presidente de la AEHM, por su trayectoria empresarial en el sector y, por su implicaci\u00f3n en la defensa del asociacionismo","breadcrumb":{"@id":"https:\/\/aehm.es\/entrega-del-galardon-la-aemer-al-presidente-la-aehm\/#breadcrumb"},"inLanguage":"en-US","potentialAction":[{"@type":"ReadAction","target":["https:\/\/aehm.es\/entrega-del-galardon-la-aemer-al-presidente-la-aehm\/"]}]},{"@type":"ImageObject","inLanguage":"en-US","@id":"https:\/\/aehm.es\/entrega-del-galardon-la-aemer-al-presidente-la-aehm\/#primaryimage","url":"https:\/\/aehm.es\/wp-content\/uploads\/2017\/06\/portada-aehm-1.jpg","contentUrl":"https:\/\/aehm.es\/wp-content\/uploads\/2017\/06\/portada-aehm-1.jpg","width":2000,"height":944},{"@type":"BreadcrumbList","@id":"https:\/\/aehm.es\/entrega-del-galardon-la-aemer-al-presidente-la-aehm\/#breadcrumb","itemListElement":[{"@type":"ListItem","position":1,"name":"Portada","item":"https:\/\/aehm.es\/en\/"},{"@type":"ListItem","position":2,"name":"Entrega del Galard\u00f3n de la AMER al Presidente de la AEHM"}]},{"@type":"WebSite","@id":"https:\/\/aehm.es\/#website","url":"https:\/\/aehm.es\/","name":"Asociaci\u00f3n Empresarial Hotelera de Madrid","description":"La Asociaci\u00f3n Empresarial Hotelera Madrid est\u00e1 formada por m\u00e1s de 300 establecimientos de todas las categor\u00edas y tipolog\u00edas (hoteles, hostales, hostels, apartamentos\u2026) que suman m\u00e1s de 75.000 plazas de alojamiento.","publisher":{"@id":"https:\/\/aehm.es\/#organization"},"alternateName":"AEHM","potentialAction":[{"@type":"SearchAction","target":{"@type":"EntryPoint","urlTemplate":"https:\/\/aehm.es\/?s={search_term_string}"},"query-input":{"@type":"PropertyValueSpecification","valueRequired":true,"valueName":"search_term_string"}}],"inLanguage":"en-US"},{"@type":"Organization","@id":"https:\/\/aehm.es\/#organization","name":"Asociaci\u00f3n Empresarial Hotelera de Madrid","url":"https:\/\/aehm.es\/","logo":{"@type":"ImageObject","inLanguage":"en-US","@id":"https:\/\/aehm.es\/#\/schema\/logo\/image\/","url":"https:\/\/aehm.es\/wp-content\/uploads\/2021\/11\/Logo_AEHM_Horiz.png","contentUrl":"https:\/\/aehm.es\/wp-content\/uploads\/2021\/11\/Logo_AEHM_Horiz.png","width":600,"height":182,"caption":"Asociaci\u00f3n Empresarial Hotelera de Madrid"},"image":{"@id":"https:\/\/aehm.es\/#\/schema\/logo\/image\/"},"sameAs":["https:\/\/www.instagram.com\/hotelesdemadrid\/","https:\/\/x.com\/HotelesAEHM","https:\/\/www.linkedin.com\/company\/11166072\/"]},{"@type":"Person","@id":"https:\/\/aehm.es\/#\/schema\/person\/ca1397f4b0bcee246b58a0278b67a95f","name":"richard","image":{"@type":"ImageObject","inLanguage":"en-US","@id":"https:\/\/secure.gravatar.com\/avatar\/dd2486a811ecc34bf766b7d8b17d0ea76674186c415867af39660e429e20e1a0?s=96&d=mm&r=g","url":"https:\/\/secure.gravatar.com\/avatar\/dd2486a811ecc34bf766b7d8b17d0ea76674186c415867af39660e429e20e1a0?s=96&d=mm&r=g","contentUrl":"https:\/\/secure.gravatar.com\/avatar\/dd2486a811ecc34bf766b7d8b17d0ea76674186c415867af39660e429e20e1a0?s=96&d=mm&r=g","caption":"richard"},"url":"https:\/\/aehm.es\/en\/author\/richard\/"}]}},"_links":{"self":[{"href":"https:\/\/aehm.es\/en\/wp-json\/wp\/v2\/posts\/2802","targetHints":{"allow":["GET"]}}],"collection":[{"href":"https:\/\/aehm.es\/en\/wp-json\/wp\/v2\/posts"}],"about":[{"href":"https:\/\/aehm.es\/en\/wp-json\/wp\/v2\/types\/post"}],"author":[{"embeddable":true,"href":"https:\/\/aehm.es\/en\/wp-json\/wp\/v2\/users\/1"}],"replies":[{"embeddable":true,"href":"https:\/\/aehm.es\/en\/wp-json\/wp\/v2\/comments?post=2802"}],"version-history":[{"count":0,"href":"https:\/\/aehm.es\/en\/wp-json\/wp\/v2\/posts\/2802\/revisions"}],"wp:featuredmedia":[{"embeddable":true,"href":"https:\/\/aehm.es\/en\/wp-json\/wp\/v2\/media\/2473"}],"wp:attachment":[{"href":"https:\/\/aehm.es\/en\/wp-json\/wp\/v2\/media?parent=2802"}],"wp:term":[{"taxonomy":"category","embeddable":true,"href":"https:\/\/aehm.es\/en\/wp-json\/wp\/v2\/categories?post=2802"},{"taxonomy":"post_tag","embeddable":true,"href":"https:\/\/aehm.es\/en\/wp-json\/wp\/v2\/tags?post=2802"}],"curies":[{"name":"wp","href":"https:\/\/api.w.org\/{rel}","templated":true}]}}