{"id":2771,"date":"2017-09-13T07:55:26","date_gmt":"2017-09-13T07:55:26","guid":{"rendered":"https:\/\/aehm.es\/os-hoteles-madrilenos-se-convertiran-salas-exposicion-espacios-gastromicos-la-i-madrid-hotel-week\/"},"modified":"2017-09-13T07:55:26","modified_gmt":"2017-09-13T07:55:26","slug":"madrid-hotels-will-become-showrooms-and-gastronomic-spaces-in-the-i-madrid-hotel-week","status":"publish","type":"post","link":"https:\/\/aehm.es\/en\/madrid-hotels-will-become-showrooms-and-gastronomic-spaces-in-the-i-madrid-hotel-week\/","title":{"rendered":"Madrid hotels will become showrooms and gastronomic spaces in the I Madrid Hotel Week"},"content":{"rendered":"<p>The Corporate Association for Hotels in Madrid\u00a0 (AEHM) presented this Thursday the &#8216;Madrid Hotel Week&#8217;, a pioneering event in the sector, which will take place next November in Madrid capital and Community and seeks to break with the general concept and image traditional of hotels through various avant-garde and experiential activities.<\/p>\n<p>&nbsp;<\/p>\n<div style=\"width: 800px;\" class=\"wp-video\"><video class=\"wp-video-shortcode\" id=\"video-2771-1\" width=\"800\" height=\"450\" preload=\"metadata\" controls=\"controls\"><source type=\"video\/mp4\" src=\"https:\/\/aehm.es\/wp-content\/uploads\/MadridHotelWeek_en.mp4?_=1\" \/><a href=\"https:\/\/aehm.es\/wp-content\/uploads\/MadridHotelWeek_en.mp4\">https:\/\/aehm.es\/wp-content\/uploads\/MadridHotelWeek_en.mp4<\/a><\/video><\/div>\n<p>&nbsp;<\/p>\n<p>For ten days, and on the occasion of the 40th anniversary of the AEHM, the hotels in the region will become the main protagonists and will open their doors to citizens and visitors, who will offer a complete program of activities aimed at all audiences and professionals of the sector. Taking as a starting point the hotel as an &#8220;establishment that welcomes&#8221;, this program is being developed that &#8220;will help to position Madrid hotels as generators of experiences and contents, becoming a neuralgic point for the national and international visitor and the citizen&#8221; , the association said in a statement.<\/p>\n<p>The &#8220;Madrid Hotel Week&#8221; will feature among its activities with prestigious chefs in some of the hotels restaurants, exhibitions, themed routes, live music, meetings with professionals in design and architecture, experiences in wellness spaces, workshops for children &#8230; a large number of initiatives aimed not only at the public but also at professionals in the sector.<\/p>\n<p>These activities will be developed around architecture, gastronomy, health, design, technology, art, music, sports, literature, scene and shopping and will take place in more than 25 hotels in Madrid, from Friday 3 November to Sunday 12.<\/p>\n<p>&#8220;We want to put in value the contribution of our establishments to society. For this reason, we invite all those who want to live a real experience to break with that invisible barrier that seems to still exist and immerse themselves without fear in the hotel experience &#8220;they say from the AEHM.<\/p>\n<p>The program of the &#8216;Madrid Hotel Week&#8217; will be structured around two axes: the hotel as a professional space, and the hotel as a play area. In addition, it will have an offer of activities aimed exclusively at the smallest. Likewise, all actions carried out under the umbrella of this initiative organized by the AEHM will have as a transversal axis the commitment to the citizens and to the city itself, by promoting solidarity, healthy living, access to culture for all and respect to the environment, among other values \u200b\u200brelated to corporate social responsibility.<\/p>\n<p>The AEHM will have the support and collaboration of public and private institutions, such as the Thyssen Museum, which have seen in Madrid Hotel Week an opportunity to offer Madrid residents and tourists the chance to experience new experiences and to know the city , like the Community of Madrid, from a different perspective.<\/p>\n","protected":false},"excerpt":{"rendered":"<p>The Corporate Association for Hotels in Madrid\u00a0 (AEHM) presented this Thursday the &#8216;Madrid Hotel Week&#8217;, a pioneering event in the sector, which will take place next November in Madrid capital and Community and seeks to break with the general concept and image traditional of hotels through various avant-garde and experiential activities. &nbsp; &nbsp; For ten [&hellip;]<\/p>\n","protected":false},"author":1,"featured_media":2683,"comment_status":"open","ping_status":"open","sticky":false,"template":"","format":"standard","meta":{"footnotes":""},"categories":[18],"tags":[],"class_list":["post-2771","post","type-post","status-publish","format-standard","has-post-thumbnail","hentry","category-uncategorized"],"yoast_head":"<!-- This site is optimized with the Yoast SEO plugin v27.5 - https:\/\/yoast.com\/product\/yoast-seo-wordpress\/ -->\n<title>Madrid hotels will become showrooms and gastronomic spaces in the I Madrid Hotel Week - AEHM<\/title>\n<meta name=\"description\" content=\"Durante diez d\u00edas del mes de noviembre, los hoteles madrile\u00f1os se convertir\u00e1n en los principales protagonistas de un sinf\u00edn de actividades de toda \u00edndole\" \/>\n<meta name=\"robots\" content=\"index, follow, max-snippet:-1, max-image-preview:large, max-video-preview:-1\" \/>\n<link rel=\"canonical\" href=\"https:\/\/aehm.es\/madrid-hotels-will-become-showrooms-and-gastronomic-spaces-in-the-i-madrid-hotel-week\/\" \/>\n<meta property=\"og:locale\" content=\"en_US\" \/>\n<meta property=\"og:type\" content=\"article\" \/>\n<meta property=\"og:title\" content=\"Madrid hotels will become showrooms and gastronomic spaces in the I Madrid Hotel Week - AEHM\" \/>\n<meta property=\"og:description\" content=\"Durante diez d\u00edas del mes de noviembre, los hoteles madrile\u00f1os se convertir\u00e1n en los principales protagonistas de un sinf\u00edn de actividades de toda \u00edndole\" \/>\n<meta property=\"og:url\" content=\"https:\/\/aehm.es\/madrid-hotels-will-become-showrooms-and-gastronomic-spaces-in-the-i-madrid-hotel-week\/\" \/>\n<meta property=\"og:site_name\" content=\"AEHM\" \/>\n<meta property=\"article:publisher\" content=\"https:\/\/www.instagram.com\/hotelesdemadrid\/\" \/>\n<meta property=\"article:published_time\" content=\"2017-09-13T07:55:26+00:00\" \/>\n<meta property=\"og:image\" content=\"https:\/\/aehm.es\/wp-content\/uploads\/2017\/07\/Los-hoteles-madrilenos-se-convertiran-en-salas-de-exposicion-o-espacios-gastromicos-en-la-I-Madrid-Hotel-Week.jpg\" \/>\n\t<meta property=\"og:image:width\" content=\"1452\" \/>\n\t<meta property=\"og:image:height\" content=\"513\" \/>\n\t<meta property=\"og:image:type\" content=\"image\/jpeg\" \/>\n<meta name=\"author\" content=\"richard\" \/>\n<meta name=\"twitter:card\" content=\"summary_large_image\" \/>\n<meta name=\"twitter:creator\" content=\"@HotelesAEHM\" \/>\n<meta name=\"twitter:site\" content=\"@HotelesAEHM\" \/>\n<meta name=\"twitter:label1\" content=\"Written by\" \/>\n\t<meta name=\"twitter:data1\" content=\"richard\" \/>\n\t<meta name=\"twitter:label2\" content=\"Est. reading time\" \/>\n\t<meta name=\"twitter:data2\" content=\"2 minutes\" \/>\n<script type=\"application\/ld+json\" class=\"yoast-schema-graph\">{\"@context\":\"https:\\\/\\\/schema.org\",\"@graph\":[{\"@type\":\"Article\",\"@id\":\"https:\\\/\\\/aehm.es\\\/madrid-hotels-will-become-showrooms-and-gastronomic-spaces-in-the-i-madrid-hotel-week\\\/#article\",\"isPartOf\":{\"@id\":\"https:\\\/\\\/aehm.es\\\/madrid-hotels-will-become-showrooms-and-gastronomic-spaces-in-the-i-madrid-hotel-week\\\/\"},\"author\":{\"name\":\"richard\",\"@id\":\"https:\\\/\\\/aehm.es\\\/#\\\/schema\\\/person\\\/ca1397f4b0bcee246b58a0278b67a95f\"},\"headline\":\"Madrid hotels will become showrooms and gastronomic spaces in the I Madrid Hotel Week\",\"datePublished\":\"2017-09-13T07:55:26+00:00\",\"mainEntityOfPage\":{\"@id\":\"https:\\\/\\\/aehm.es\\\/madrid-hotels-will-become-showrooms-and-gastronomic-spaces-in-the-i-madrid-hotel-week\\\/\"},\"wordCount\":466,\"commentCount\":0,\"publisher\":{\"@id\":\"https:\\\/\\\/aehm.es\\\/#organization\"},\"image\":{\"@id\":\"https:\\\/\\\/aehm.es\\\/madrid-hotels-will-become-showrooms-and-gastronomic-spaces-in-the-i-madrid-hotel-week\\\/#primaryimage\"},\"thumbnailUrl\":\"https:\\\/\\\/aehm.es\\\/wp-content\\\/uploads\\\/2017\\\/07\\\/Los-hoteles-madrilenos-se-convertiran-en-salas-de-exposicion-o-espacios-gastromicos-en-la-I-Madrid-Hotel-Week.jpg\",\"inLanguage\":\"en-US\",\"potentialAction\":[{\"@type\":\"CommentAction\",\"name\":\"Comment\",\"target\":[\"https:\\\/\\\/aehm.es\\\/madrid-hotels-will-become-showrooms-and-gastronomic-spaces-in-the-i-madrid-hotel-week\\\/#respond\"]}]},{\"@type\":\"WebPage\",\"@id\":\"https:\\\/\\\/aehm.es\\\/madrid-hotels-will-become-showrooms-and-gastronomic-spaces-in-the-i-madrid-hotel-week\\\/\",\"url\":\"https:\\\/\\\/aehm.es\\\/madrid-hotels-will-become-showrooms-and-gastronomic-spaces-in-the-i-madrid-hotel-week\\\/\",\"name\":\"Madrid hotels will become showrooms and gastronomic spaces in the I Madrid Hotel Week - AEHM\",\"isPartOf\":{\"@id\":\"https:\\\/\\\/aehm.es\\\/#website\"},\"primaryImageOfPage\":{\"@id\":\"https:\\\/\\\/aehm.es\\\/madrid-hotels-will-become-showrooms-and-gastronomic-spaces-in-the-i-madrid-hotel-week\\\/#primaryimage\"},\"image\":{\"@id\":\"https:\\\/\\\/aehm.es\\\/madrid-hotels-will-become-showrooms-and-gastronomic-spaces-in-the-i-madrid-hotel-week\\\/#primaryimage\"},\"thumbnailUrl\":\"https:\\\/\\\/aehm.es\\\/wp-content\\\/uploads\\\/2017\\\/07\\\/Los-hoteles-madrilenos-se-convertiran-en-salas-de-exposicion-o-espacios-gastromicos-en-la-I-Madrid-Hotel-Week.jpg\",\"datePublished\":\"2017-09-13T07:55:26+00:00\",\"description\":\"Durante diez d\u00edas del mes de noviembre, los hoteles madrile\u00f1os se convertir\u00e1n en los principales protagonistas de un sinf\u00edn de actividades de toda \u00edndole\",\"breadcrumb\":{\"@id\":\"https:\\\/\\\/aehm.es\\\/madrid-hotels-will-become-showrooms-and-gastronomic-spaces-in-the-i-madrid-hotel-week\\\/#breadcrumb\"},\"inLanguage\":\"en-US\",\"potentialAction\":[{\"@type\":\"ReadAction\",\"target\":[\"https:\\\/\\\/aehm.es\\\/madrid-hotels-will-become-showrooms-and-gastronomic-spaces-in-the-i-madrid-hotel-week\\\/\"]}]},{\"@type\":\"ImageObject\",\"inLanguage\":\"en-US\",\"@id\":\"https:\\\/\\\/aehm.es\\\/madrid-hotels-will-become-showrooms-and-gastronomic-spaces-in-the-i-madrid-hotel-week\\\/#primaryimage\",\"url\":\"https:\\\/\\\/aehm.es\\\/wp-content\\\/uploads\\\/2017\\\/07\\\/Los-hoteles-madrilenos-se-convertiran-en-salas-de-exposicion-o-espacios-gastromicos-en-la-I-Madrid-Hotel-Week.jpg\",\"contentUrl\":\"https:\\\/\\\/aehm.es\\\/wp-content\\\/uploads\\\/2017\\\/07\\\/Los-hoteles-madrilenos-se-convertiran-en-salas-de-exposicion-o-espacios-gastromicos-en-la-I-Madrid-Hotel-Week.jpg\",\"width\":1452,\"height\":513,\"caption\":\"La Asociaci\u00f3n Empresarial Hotelera de Madrid (AEHM) presentan la Madrid Hotel Week\"},{\"@type\":\"BreadcrumbList\",\"@id\":\"https:\\\/\\\/aehm.es\\\/madrid-hotels-will-become-showrooms-and-gastronomic-spaces-in-the-i-madrid-hotel-week\\\/#breadcrumb\",\"itemListElement\":[{\"@type\":\"ListItem\",\"position\":1,\"name\":\"Portada\",\"item\":\"https:\\\/\\\/aehm.es\\\/en\\\/\"},{\"@type\":\"ListItem\",\"position\":2,\"name\":\"Madrid hotels will become showrooms and gastronomic spaces in the I Madrid Hotel Week\"}]},{\"@type\":\"WebSite\",\"@id\":\"https:\\\/\\\/aehm.es\\\/#website\",\"url\":\"https:\\\/\\\/aehm.es\\\/\",\"name\":\"Asociaci\u00f3n Empresarial Hotelera de Madrid\",\"description\":\"La Asociaci\u00f3n Empresarial Hotelera Madrid est\u00e1 formada por m\u00e1s de 300 establecimientos de todas las categor\u00edas y tipolog\u00edas (hoteles, hostales, hostels, apartamentos\u2026) que suman m\u00e1s de 75.000 plazas de alojamiento.\",\"publisher\":{\"@id\":\"https:\\\/\\\/aehm.es\\\/#organization\"},\"alternateName\":\"AEHM\",\"potentialAction\":[{\"@type\":\"SearchAction\",\"target\":{\"@type\":\"EntryPoint\",\"urlTemplate\":\"https:\\\/\\\/aehm.es\\\/?s={search_term_string}\"},\"query-input\":{\"@type\":\"PropertyValueSpecification\",\"valueRequired\":true,\"valueName\":\"search_term_string\"}}],\"inLanguage\":\"en-US\"},{\"@type\":\"Organization\",\"@id\":\"https:\\\/\\\/aehm.es\\\/#organization\",\"name\":\"Asociaci\u00f3n Empresarial Hotelera de Madrid\",\"url\":\"https:\\\/\\\/aehm.es\\\/\",\"logo\":{\"@type\":\"ImageObject\",\"inLanguage\":\"en-US\",\"@id\":\"https:\\\/\\\/aehm.es\\\/#\\\/schema\\\/logo\\\/image\\\/\",\"url\":\"https:\\\/\\\/aehm.es\\\/wp-content\\\/uploads\\\/2021\\\/11\\\/Logo_AEHM_Horiz.png\",\"contentUrl\":\"https:\\\/\\\/aehm.es\\\/wp-content\\\/uploads\\\/2021\\\/11\\\/Logo_AEHM_Horiz.png\",\"width\":600,\"height\":182,\"caption\":\"Asociaci\u00f3n Empresarial Hotelera de Madrid\"},\"image\":{\"@id\":\"https:\\\/\\\/aehm.es\\\/#\\\/schema\\\/logo\\\/image\\\/\"},\"sameAs\":[\"https:\\\/\\\/www.instagram.com\\\/hotelesdemadrid\\\/\",\"https:\\\/\\\/x.com\\\/HotelesAEHM\",\"https:\\\/\\\/www.linkedin.com\\\/company\\\/11166072\\\/\"]},{\"@type\":\"Person\",\"@id\":\"https:\\\/\\\/aehm.es\\\/#\\\/schema\\\/person\\\/ca1397f4b0bcee246b58a0278b67a95f\",\"name\":\"richard\",\"image\":{\"@type\":\"ImageObject\",\"inLanguage\":\"en-US\",\"@id\":\"https:\\\/\\\/secure.gravatar.com\\\/avatar\\\/dd2486a811ecc34bf766b7d8b17d0ea76674186c415867af39660e429e20e1a0?s=96&d=mm&r=g\",\"url\":\"https:\\\/\\\/secure.gravatar.com\\\/avatar\\\/dd2486a811ecc34bf766b7d8b17d0ea76674186c415867af39660e429e20e1a0?s=96&d=mm&r=g\",\"contentUrl\":\"https:\\\/\\\/secure.gravatar.com\\\/avatar\\\/dd2486a811ecc34bf766b7d8b17d0ea76674186c415867af39660e429e20e1a0?s=96&d=mm&r=g\",\"caption\":\"richard\"},\"url\":\"https:\\\/\\\/aehm.es\\\/en\\\/author\\\/richard\\\/\"}]}<\/script>\n<!-- \/ Yoast SEO plugin. -->","yoast_head_json":{"title":"Madrid hotels will become showrooms and gastronomic spaces in the I Madrid Hotel Week - AEHM","description":"Durante diez d\u00edas del mes de noviembre, los hoteles madrile\u00f1os se convertir\u00e1n en los principales protagonistas de un sinf\u00edn de actividades de toda \u00edndole","robots":{"index":"index","follow":"follow","max-snippet":"max-snippet:-1","max-image-preview":"max-image-preview:large","max-video-preview":"max-video-preview:-1"},"canonical":"https:\/\/aehm.es\/madrid-hotels-will-become-showrooms-and-gastronomic-spaces-in-the-i-madrid-hotel-week\/","og_locale":"en_US","og_type":"article","og_title":"Madrid hotels will become showrooms and gastronomic spaces in the I Madrid Hotel Week - AEHM","og_description":"Durante diez d\u00edas del mes de noviembre, los hoteles madrile\u00f1os se convertir\u00e1n en los principales protagonistas de un sinf\u00edn de actividades de toda \u00edndole","og_url":"https:\/\/aehm.es\/madrid-hotels-will-become-showrooms-and-gastronomic-spaces-in-the-i-madrid-hotel-week\/","og_site_name":"AEHM","article_publisher":"https:\/\/www.instagram.com\/hotelesdemadrid\/","article_published_time":"2017-09-13T07:55:26+00:00","og_image":[{"width":1452,"height":513,"url":"https:\/\/aehm.es\/wp-content\/uploads\/2017\/07\/Los-hoteles-madrilenos-se-convertiran-en-salas-de-exposicion-o-espacios-gastromicos-en-la-I-Madrid-Hotel-Week.jpg","type":"image\/jpeg"}],"author":"richard","twitter_card":"summary_large_image","twitter_creator":"@HotelesAEHM","twitter_site":"@HotelesAEHM","twitter_misc":{"Written by":"richard","Est. reading time":"2 minutes"},"schema":{"@context":"https:\/\/schema.org","@graph":[{"@type":"Article","@id":"https:\/\/aehm.es\/madrid-hotels-will-become-showrooms-and-gastronomic-spaces-in-the-i-madrid-hotel-week\/#article","isPartOf":{"@id":"https:\/\/aehm.es\/madrid-hotels-will-become-showrooms-and-gastronomic-spaces-in-the-i-madrid-hotel-week\/"},"author":{"name":"richard","@id":"https:\/\/aehm.es\/#\/schema\/person\/ca1397f4b0bcee246b58a0278b67a95f"},"headline":"Madrid hotels will become showrooms and gastronomic spaces in the I Madrid Hotel Week","datePublished":"2017-09-13T07:55:26+00:00","mainEntityOfPage":{"@id":"https:\/\/aehm.es\/madrid-hotels-will-become-showrooms-and-gastronomic-spaces-in-the-i-madrid-hotel-week\/"},"wordCount":466,"commentCount":0,"publisher":{"@id":"https:\/\/aehm.es\/#organization"},"image":{"@id":"https:\/\/aehm.es\/madrid-hotels-will-become-showrooms-and-gastronomic-spaces-in-the-i-madrid-hotel-week\/#primaryimage"},"thumbnailUrl":"https:\/\/aehm.es\/wp-content\/uploads\/2017\/07\/Los-hoteles-madrilenos-se-convertiran-en-salas-de-exposicion-o-espacios-gastromicos-en-la-I-Madrid-Hotel-Week.jpg","inLanguage":"en-US","potentialAction":[{"@type":"CommentAction","name":"Comment","target":["https:\/\/aehm.es\/madrid-hotels-will-become-showrooms-and-gastronomic-spaces-in-the-i-madrid-hotel-week\/#respond"]}]},{"@type":"WebPage","@id":"https:\/\/aehm.es\/madrid-hotels-will-become-showrooms-and-gastronomic-spaces-in-the-i-madrid-hotel-week\/","url":"https:\/\/aehm.es\/madrid-hotels-will-become-showrooms-and-gastronomic-spaces-in-the-i-madrid-hotel-week\/","name":"Madrid hotels will become showrooms and gastronomic spaces in the I Madrid Hotel Week - AEHM","isPartOf":{"@id":"https:\/\/aehm.es\/#website"},"primaryImageOfPage":{"@id":"https:\/\/aehm.es\/madrid-hotels-will-become-showrooms-and-gastronomic-spaces-in-the-i-madrid-hotel-week\/#primaryimage"},"image":{"@id":"https:\/\/aehm.es\/madrid-hotels-will-become-showrooms-and-gastronomic-spaces-in-the-i-madrid-hotel-week\/#primaryimage"},"thumbnailUrl":"https:\/\/aehm.es\/wp-content\/uploads\/2017\/07\/Los-hoteles-madrilenos-se-convertiran-en-salas-de-exposicion-o-espacios-gastromicos-en-la-I-Madrid-Hotel-Week.jpg","datePublished":"2017-09-13T07:55:26+00:00","description":"Durante diez d\u00edas del mes de noviembre, los hoteles madrile\u00f1os se convertir\u00e1n en los principales protagonistas de un sinf\u00edn de actividades de toda \u00edndole","breadcrumb":{"@id":"https:\/\/aehm.es\/madrid-hotels-will-become-showrooms-and-gastronomic-spaces-in-the-i-madrid-hotel-week\/#breadcrumb"},"inLanguage":"en-US","potentialAction":[{"@type":"ReadAction","target":["https:\/\/aehm.es\/madrid-hotels-will-become-showrooms-and-gastronomic-spaces-in-the-i-madrid-hotel-week\/"]}]},{"@type":"ImageObject","inLanguage":"en-US","@id":"https:\/\/aehm.es\/madrid-hotels-will-become-showrooms-and-gastronomic-spaces-in-the-i-madrid-hotel-week\/#primaryimage","url":"https:\/\/aehm.es\/wp-content\/uploads\/2017\/07\/Los-hoteles-madrilenos-se-convertiran-en-salas-de-exposicion-o-espacios-gastromicos-en-la-I-Madrid-Hotel-Week.jpg","contentUrl":"https:\/\/aehm.es\/wp-content\/uploads\/2017\/07\/Los-hoteles-madrilenos-se-convertiran-en-salas-de-exposicion-o-espacios-gastromicos-en-la-I-Madrid-Hotel-Week.jpg","width":1452,"height":513,"caption":"La Asociaci\u00f3n Empresarial Hotelera de Madrid (AEHM) presentan la Madrid Hotel Week"},{"@type":"BreadcrumbList","@id":"https:\/\/aehm.es\/madrid-hotels-will-become-showrooms-and-gastronomic-spaces-in-the-i-madrid-hotel-week\/#breadcrumb","itemListElement":[{"@type":"ListItem","position":1,"name":"Portada","item":"https:\/\/aehm.es\/en\/"},{"@type":"ListItem","position":2,"name":"Madrid hotels will become showrooms and gastronomic spaces in the I Madrid Hotel Week"}]},{"@type":"WebSite","@id":"https:\/\/aehm.es\/#website","url":"https:\/\/aehm.es\/","name":"Asociaci\u00f3n Empresarial Hotelera de Madrid","description":"La Asociaci\u00f3n Empresarial Hotelera Madrid est\u00e1 formada por m\u00e1s de 300 establecimientos de todas las categor\u00edas y tipolog\u00edas (hoteles, hostales, hostels, apartamentos\u2026) que suman m\u00e1s de 75.000 plazas de alojamiento.","publisher":{"@id":"https:\/\/aehm.es\/#organization"},"alternateName":"AEHM","potentialAction":[{"@type":"SearchAction","target":{"@type":"EntryPoint","urlTemplate":"https:\/\/aehm.es\/?s={search_term_string}"},"query-input":{"@type":"PropertyValueSpecification","valueRequired":true,"valueName":"search_term_string"}}],"inLanguage":"en-US"},{"@type":"Organization","@id":"https:\/\/aehm.es\/#organization","name":"Asociaci\u00f3n Empresarial Hotelera de Madrid","url":"https:\/\/aehm.es\/","logo":{"@type":"ImageObject","inLanguage":"en-US","@id":"https:\/\/aehm.es\/#\/schema\/logo\/image\/","url":"https:\/\/aehm.es\/wp-content\/uploads\/2021\/11\/Logo_AEHM_Horiz.png","contentUrl":"https:\/\/aehm.es\/wp-content\/uploads\/2021\/11\/Logo_AEHM_Horiz.png","width":600,"height":182,"caption":"Asociaci\u00f3n Empresarial Hotelera de Madrid"},"image":{"@id":"https:\/\/aehm.es\/#\/schema\/logo\/image\/"},"sameAs":["https:\/\/www.instagram.com\/hotelesdemadrid\/","https:\/\/x.com\/HotelesAEHM","https:\/\/www.linkedin.com\/company\/11166072\/"]},{"@type":"Person","@id":"https:\/\/aehm.es\/#\/schema\/person\/ca1397f4b0bcee246b58a0278b67a95f","name":"richard","image":{"@type":"ImageObject","inLanguage":"en-US","@id":"https:\/\/secure.gravatar.com\/avatar\/dd2486a811ecc34bf766b7d8b17d0ea76674186c415867af39660e429e20e1a0?s=96&d=mm&r=g","url":"https:\/\/secure.gravatar.com\/avatar\/dd2486a811ecc34bf766b7d8b17d0ea76674186c415867af39660e429e20e1a0?s=96&d=mm&r=g","contentUrl":"https:\/\/secure.gravatar.com\/avatar\/dd2486a811ecc34bf766b7d8b17d0ea76674186c415867af39660e429e20e1a0?s=96&d=mm&r=g","caption":"richard"},"url":"https:\/\/aehm.es\/en\/author\/richard\/"}]}},"_links":{"self":[{"href":"https:\/\/aehm.es\/en\/wp-json\/wp\/v2\/posts\/2771","targetHints":{"allow":["GET"]}}],"collection":[{"href":"https:\/\/aehm.es\/en\/wp-json\/wp\/v2\/posts"}],"about":[{"href":"https:\/\/aehm.es\/en\/wp-json\/wp\/v2\/types\/post"}],"author":[{"embeddable":true,"href":"https:\/\/aehm.es\/en\/wp-json\/wp\/v2\/users\/1"}],"replies":[{"embeddable":true,"href":"https:\/\/aehm.es\/en\/wp-json\/wp\/v2\/comments?post=2771"}],"version-history":[{"count":0,"href":"https:\/\/aehm.es\/en\/wp-json\/wp\/v2\/posts\/2771\/revisions"}],"wp:featuredmedia":[{"embeddable":true,"href":"https:\/\/aehm.es\/en\/wp-json\/wp\/v2\/media\/2683"}],"wp:attachment":[{"href":"https:\/\/aehm.es\/en\/wp-json\/wp\/v2\/media?parent=2771"}],"wp:term":[{"taxonomy":"category","embeddable":true,"href":"https:\/\/aehm.es\/en\/wp-json\/wp\/v2\/categories?post=2771"},{"taxonomy":"post_tag","embeddable":true,"href":"https:\/\/aehm.es\/en\/wp-json\/wp\/v2\/tags?post=2771"}],"curies":[{"name":"wp","href":"https:\/\/api.w.org\/{rel}","templated":true}]}}