{"id":2682,"date":"2017-07-28T07:55:26","date_gmt":"2017-07-28T07:55:26","guid":{"rendered":"https:\/\/aehm.es\/?p=2682\/"},"modified":"2017-07-28T07:55:26","modified_gmt":"2017-07-28T07:55:26","slug":"os-hoteles-madrilenos-se-convertiran-salas-exposicion-espacios-gastromicos-la-i-madrid-hotel-week","status":"publish","type":"post","link":"https:\/\/aehm.es\/en\/os-hoteles-madrilenos-se-convertiran-salas-exposicion-espacios-gastromicos-la-i-madrid-hotel-week\/","title":{"rendered":"Los hoteles madrile\u00f1os se convertir\u00e1n en salas de exposici\u00f3n o espacios gastr\u00f3micos en la I Madrid Hotel Week"},"content":{"rendered":"<p>La\u00a0<strong>Asociaci\u00f3n Empresarial Hotelera de Madrid (AEHM)<\/strong>\u00a0present\u00f3 este jueves la \u2018Madrid Hotel Week\u2019, un macroevento pionero en el sector, que tendr\u00e1 lugar el\u00a0<strong>pr\u00f3ximo mes de noviembre<\/strong>\u00a0en Madrid capital y Comunidad y que pretende\u00a0<strong>romper con el concepto general y la imagen tradicional de los hoteles<\/strong>\u00a0a trav\u00e9s de diversas actividades vanguardistas y experienciales.<\/p>\n<p>&nbsp;<\/p>\n<div style=\"width: 800px;\" class=\"wp-video\"><video class=\"wp-video-shortcode\" id=\"video-2682-1\" width=\"800\" height=\"450\" preload=\"metadata\" controls=\"controls\"><source type=\"video\/mp4\" src=\"https:\/\/aehm.es\/wp-content\/uploads\/2017\/09\/AEHM-presenta-Madrid-Hotel-Week.mp4?_=1\" \/><a href=\"https:\/\/aehm.es\/wp-content\/uploads\/2017\/09\/AEHM-presenta-Madrid-Hotel-Week.mp4\">https:\/\/aehm.es\/wp-content\/uploads\/2017\/09\/AEHM-presenta-Madrid-Hotel-Week.mp4<\/a><\/video><\/div>\n<p>&nbsp;<\/p>\n<p>Durante diez d\u00edas, y con motivo del 40 aniversario de la AEHM, los hoteles de la regi\u00f3n se convertir\u00e1n en los principales protagonistas y abrir\u00e1n sus puertas a ciudadanos y visitantes, a quienes ofrecer\u00e1n\u00a0<strong>un programa completo de actividades<\/strong>\u00a0dirigidas a todos los p\u00fablicos y profesionales del sector. Tomando como punto de partida el hotel como \u201cestablecimiento que acoge\u201d, se est\u00e1 desarrollando este programa que &#8220;contribuir\u00e1 a posicionar a los hoteles de Madrid como generadores de experiencias y contenidos, convirti\u00e9ndose en punto neur\u00e1lgico para el visitante nacional, internacional y el ciudadano&#8221;, seg\u00fan informa la asociaci\u00f3n en un comunicado.<\/p>\n<p>La \u201cMadrid Hotel Week\u201d contar\u00e1 entre sus actividades con\u00a0<strong>chefs de prestigio<\/strong>\u00a0en algunos de los restaurantes de los hoteles,\u00a0<strong>exposiciones<\/strong>,\u00a0<strong>rutas<\/strong>\u00a0tematizadas,\u00a0<strong>m\u00fasica<\/strong>en vivo, encuentros con\u00a0<strong>profesionales del dise\u00f1o y la arquitectura<\/strong>, experiencias en espacios\u00a0<strong>wellness<\/strong>,\u00a0<strong>talleres para ni\u00f1os<\/strong>\u2026 y un gran n\u00famero de iniciativas dirigidas, no solo al p\u00fablico sino tambi\u00e9n a los profesionales del sector.<\/p>\n<p>Dichas actividades se desarrollar\u00e1n en torno a la arquitectura, la gastronom\u00eda, la salud, el dise\u00f1o, la tecnolog\u00eda, el arte, la m\u00fasica, el deporte, la literatura, la escena y las compras y tendr\u00e1n lugar\u00a0<strong>en m\u00e1s de 25 hoteles de Madrid, desde el viernes 3 de noviembre al domingo 12.<\/strong><\/p>\n<p>&#8220;Queremos poner en valor la contribuci\u00f3n de nuestros establecimientos a la sociedad. Por este motivo, invitamos a todos aquellos que quieran vivir una experiencia de verdad a que rompan con esa barrera invisible que parece que a\u00fan existe y se sumerjan sin miedo en la experiencia hotelera&#8221;, se\u00f1alan desde la AEHM.<\/p>\n<p>El programa de la \u2018Madrid Hotel Week\u2019 se articular\u00e1 en torno a dos ejes:<strong>\u00a0el hotel como espacio profesional, y el hotel como espacio l\u00fadico.<\/strong>\u00a0Adem\u00e1s, contar\u00e1 con una oferta de actividades dirigidas exclusivamente a los m\u00e1s peque\u00f1os. Asimismo, todas las acciones celebradas bajo el paraguas de esta iniciativa organizada por la AEHM tendr\u00e1n como\u00a0<strong>eje trasversal el compromiso con la ciudadan\u00eda y con la propia ciudad,<\/strong>\u00a0al fomentar la solidaridad, la vida saludable, el acceso a la cultura para todos y el respeto al medio ambiente, entre otros valores relacionados con la responsabilidad social corporativa.<\/p>\n<p>La AEHM contar\u00e1 con el apoyo y la colaboraci\u00f3n de instituciones p\u00fablicas y privadas, como el<strong>\u00a0Museo Thyssen<\/strong>, que han visto en la \u2018Madrid hotel Week\u2019 una oportunidad para ofrecer a madrile\u00f1os y turistas la posibilidad de vivir nuevas experiencias y de conocer tanto la ciudad, como la Comunidad de Madrid, desde una \u00f3ptica diferente.<\/p>\n","protected":false},"excerpt":{"rendered":"<p>La\u00a0Asociaci\u00f3n Empresarial Hotelera de Madrid (AEHM)\u00a0present\u00f3 este jueves la \u2018Madrid Hotel Week\u2019, un macroevento pionero en el sector, que tendr\u00e1 lugar el\u00a0pr\u00f3ximo mes de noviembre\u00a0en Madrid capital y Comunidad y que pretende\u00a0romper con el concepto general y la imagen tradicional de los hoteles\u00a0a trav\u00e9s de diversas actividades vanguardistas y experienciales. &nbsp; &nbsp; Durante diez d\u00edas, [&hellip;]<\/p>\n","protected":false},"author":1,"featured_media":2683,"comment_status":"open","ping_status":"open","sticky":false,"template":"","format":"standard","meta":{"footnotes":""},"categories":[1],"tags":[],"class_list":["post-2682","post","type-post","status-publish","format-standard","has-post-thumbnail","hentry","category-actualidad-aehm"],"yoast_head":"<!-- This site is optimized with the Yoast SEO plugin v27.5 - https:\/\/yoast.com\/product\/yoast-seo-wordpress\/ -->\n<title>Los hoteles madrile\u00f1os se convertir\u00e1n en salas de exposici\u00f3n o espacios gastr\u00f3micos en la I Madrid Hotel Week - AEHM<\/title>\n<meta name=\"description\" content=\"Durante diez d\u00edas del mes de noviembre, los hoteles madrile\u00f1os se convertir\u00e1n en los principales protagonistas de un sinf\u00edn de actividades de toda \u00edndole\" \/>\n<meta name=\"robots\" content=\"index, follow, max-snippet:-1, max-image-preview:large, max-video-preview:-1\" \/>\n<link rel=\"canonical\" href=\"https:\/\/aehm.es\/os-hoteles-madrilenos-se-convertiran-salas-exposicion-espacios-gastromicos-la-i-madrid-hotel-week\/\" \/>\n<meta property=\"og:locale\" content=\"en_US\" \/>\n<meta property=\"og:type\" content=\"article\" \/>\n<meta property=\"og:title\" content=\"Los hoteles madrile\u00f1os se convertir\u00e1n en salas de exposici\u00f3n o espacios gastr\u00f3micos en la I Madrid Hotel Week - AEHM\" \/>\n<meta property=\"og:description\" content=\"Durante diez d\u00edas del mes de noviembre, los hoteles madrile\u00f1os se convertir\u00e1n en los principales protagonistas de un sinf\u00edn de actividades de toda \u00edndole\" \/>\n<meta property=\"og:url\" content=\"https:\/\/aehm.es\/os-hoteles-madrilenos-se-convertiran-salas-exposicion-espacios-gastromicos-la-i-madrid-hotel-week\/\" \/>\n<meta property=\"og:site_name\" content=\"AEHM\" \/>\n<meta property=\"article:publisher\" content=\"https:\/\/www.instagram.com\/hotelesdemadrid\/\" \/>\n<meta property=\"article:published_time\" content=\"2017-07-28T07:55:26+00:00\" \/>\n<meta property=\"og:image\" content=\"https:\/\/aehm.es\/wp-content\/uploads\/2017\/07\/Los-hoteles-madrilenos-se-convertiran-en-salas-de-exposicion-o-espacios-gastromicos-en-la-I-Madrid-Hotel-Week.jpg\" \/>\n\t<meta property=\"og:image:width\" content=\"1452\" \/>\n\t<meta property=\"og:image:height\" content=\"513\" \/>\n\t<meta property=\"og:image:type\" content=\"image\/jpeg\" \/>\n<meta name=\"author\" content=\"richard\" \/>\n<meta name=\"twitter:card\" content=\"summary_large_image\" \/>\n<meta name=\"twitter:creator\" content=\"@HotelesAEHM\" \/>\n<meta name=\"twitter:site\" content=\"@HotelesAEHM\" \/>\n<meta name=\"twitter:label1\" content=\"Written by\" \/>\n\t<meta name=\"twitter:data1\" content=\"richard\" \/>\n\t<meta name=\"twitter:label2\" content=\"Est. reading time\" \/>\n\t<meta name=\"twitter:data2\" content=\"3 minutes\" \/>\n<script type=\"application\/ld+json\" class=\"yoast-schema-graph\">{\"@context\":\"https:\\\/\\\/schema.org\",\"@graph\":[{\"@type\":\"Article\",\"@id\":\"https:\\\/\\\/aehm.es\\\/os-hoteles-madrilenos-se-convertiran-salas-exposicion-espacios-gastromicos-la-i-madrid-hotel-week\\\/#article\",\"isPartOf\":{\"@id\":\"https:\\\/\\\/aehm.es\\\/os-hoteles-madrilenos-se-convertiran-salas-exposicion-espacios-gastromicos-la-i-madrid-hotel-week\\\/\"},\"author\":{\"name\":\"richard\",\"@id\":\"https:\\\/\\\/aehm.es\\\/#\\\/schema\\\/person\\\/ca1397f4b0bcee246b58a0278b67a95f\"},\"headline\":\"Los hoteles madrile\u00f1os se convertir\u00e1n en salas de exposici\u00f3n o espacios gastr\u00f3micos en la I Madrid Hotel Week\",\"datePublished\":\"2017-07-28T07:55:26+00:00\",\"mainEntityOfPage\":{\"@id\":\"https:\\\/\\\/aehm.es\\\/os-hoteles-madrilenos-se-convertiran-salas-exposicion-espacios-gastromicos-la-i-madrid-hotel-week\\\/\"},\"wordCount\":533,\"commentCount\":0,\"publisher\":{\"@id\":\"https:\\\/\\\/aehm.es\\\/#organization\"},\"image\":{\"@id\":\"https:\\\/\\\/aehm.es\\\/os-hoteles-madrilenos-se-convertiran-salas-exposicion-espacios-gastromicos-la-i-madrid-hotel-week\\\/#primaryimage\"},\"thumbnailUrl\":\"https:\\\/\\\/aehm.es\\\/wp-content\\\/uploads\\\/2017\\\/07\\\/Los-hoteles-madrilenos-se-convertiran-en-salas-de-exposicion-o-espacios-gastromicos-en-la-I-Madrid-Hotel-Week.jpg\",\"articleSection\":[\"Actualidad AEHM\"],\"inLanguage\":\"en-US\",\"potentialAction\":[{\"@type\":\"CommentAction\",\"name\":\"Comment\",\"target\":[\"https:\\\/\\\/aehm.es\\\/os-hoteles-madrilenos-se-convertiran-salas-exposicion-espacios-gastromicos-la-i-madrid-hotel-week\\\/#respond\"]}]},{\"@type\":\"WebPage\",\"@id\":\"https:\\\/\\\/aehm.es\\\/os-hoteles-madrilenos-se-convertiran-salas-exposicion-espacios-gastromicos-la-i-madrid-hotel-week\\\/\",\"url\":\"https:\\\/\\\/aehm.es\\\/os-hoteles-madrilenos-se-convertiran-salas-exposicion-espacios-gastromicos-la-i-madrid-hotel-week\\\/\",\"name\":\"Los hoteles madrile\u00f1os se convertir\u00e1n en salas de exposici\u00f3n o espacios gastr\u00f3micos en la I Madrid Hotel Week - AEHM\",\"isPartOf\":{\"@id\":\"https:\\\/\\\/aehm.es\\\/#website\"},\"primaryImageOfPage\":{\"@id\":\"https:\\\/\\\/aehm.es\\\/os-hoteles-madrilenos-se-convertiran-salas-exposicion-espacios-gastromicos-la-i-madrid-hotel-week\\\/#primaryimage\"},\"image\":{\"@id\":\"https:\\\/\\\/aehm.es\\\/os-hoteles-madrilenos-se-convertiran-salas-exposicion-espacios-gastromicos-la-i-madrid-hotel-week\\\/#primaryimage\"},\"thumbnailUrl\":\"https:\\\/\\\/aehm.es\\\/wp-content\\\/uploads\\\/2017\\\/07\\\/Los-hoteles-madrilenos-se-convertiran-en-salas-de-exposicion-o-espacios-gastromicos-en-la-I-Madrid-Hotel-Week.jpg\",\"datePublished\":\"2017-07-28T07:55:26+00:00\",\"description\":\"Durante diez d\u00edas del mes de noviembre, los hoteles madrile\u00f1os se convertir\u00e1n en los principales protagonistas de un sinf\u00edn de actividades de toda \u00edndole\",\"breadcrumb\":{\"@id\":\"https:\\\/\\\/aehm.es\\\/os-hoteles-madrilenos-se-convertiran-salas-exposicion-espacios-gastromicos-la-i-madrid-hotel-week\\\/#breadcrumb\"},\"inLanguage\":\"en-US\",\"potentialAction\":[{\"@type\":\"ReadAction\",\"target\":[\"https:\\\/\\\/aehm.es\\\/os-hoteles-madrilenos-se-convertiran-salas-exposicion-espacios-gastromicos-la-i-madrid-hotel-week\\\/\"]}]},{\"@type\":\"ImageObject\",\"inLanguage\":\"en-US\",\"@id\":\"https:\\\/\\\/aehm.es\\\/os-hoteles-madrilenos-se-convertiran-salas-exposicion-espacios-gastromicos-la-i-madrid-hotel-week\\\/#primaryimage\",\"url\":\"https:\\\/\\\/aehm.es\\\/wp-content\\\/uploads\\\/2017\\\/07\\\/Los-hoteles-madrilenos-se-convertiran-en-salas-de-exposicion-o-espacios-gastromicos-en-la-I-Madrid-Hotel-Week.jpg\",\"contentUrl\":\"https:\\\/\\\/aehm.es\\\/wp-content\\\/uploads\\\/2017\\\/07\\\/Los-hoteles-madrilenos-se-convertiran-en-salas-de-exposicion-o-espacios-gastromicos-en-la-I-Madrid-Hotel-Week.jpg\",\"width\":1452,\"height\":513,\"caption\":\"La Asociaci\u00f3n Empresarial Hotelera de Madrid (AEHM) presentan la Madrid Hotel Week\"},{\"@type\":\"BreadcrumbList\",\"@id\":\"https:\\\/\\\/aehm.es\\\/os-hoteles-madrilenos-se-convertiran-salas-exposicion-espacios-gastromicos-la-i-madrid-hotel-week\\\/#breadcrumb\",\"itemListElement\":[{\"@type\":\"ListItem\",\"position\":1,\"name\":\"Portada\",\"item\":\"https:\\\/\\\/aehm.es\\\/en\\\/\"},{\"@type\":\"ListItem\",\"position\":2,\"name\":\"Los hoteles madrile\u00f1os se convertir\u00e1n en salas de exposici\u00f3n o espacios gastr\u00f3micos en la I Madrid Hotel Week\"}]},{\"@type\":\"WebSite\",\"@id\":\"https:\\\/\\\/aehm.es\\\/#website\",\"url\":\"https:\\\/\\\/aehm.es\\\/\",\"name\":\"Asociaci\u00f3n Empresarial Hotelera de Madrid\",\"description\":\"La Asociaci\u00f3n Empresarial Hotelera Madrid est\u00e1 formada por m\u00e1s de 300 establecimientos de todas las categor\u00edas y tipolog\u00edas (hoteles, hostales, hostels, apartamentos\u2026) que suman m\u00e1s de 75.000 plazas de alojamiento.\",\"publisher\":{\"@id\":\"https:\\\/\\\/aehm.es\\\/#organization\"},\"alternateName\":\"AEHM\",\"potentialAction\":[{\"@type\":\"SearchAction\",\"target\":{\"@type\":\"EntryPoint\",\"urlTemplate\":\"https:\\\/\\\/aehm.es\\\/?s={search_term_string}\"},\"query-input\":{\"@type\":\"PropertyValueSpecification\",\"valueRequired\":true,\"valueName\":\"search_term_string\"}}],\"inLanguage\":\"en-US\"},{\"@type\":\"Organization\",\"@id\":\"https:\\\/\\\/aehm.es\\\/#organization\",\"name\":\"Asociaci\u00f3n Empresarial Hotelera de Madrid\",\"url\":\"https:\\\/\\\/aehm.es\\\/\",\"logo\":{\"@type\":\"ImageObject\",\"inLanguage\":\"en-US\",\"@id\":\"https:\\\/\\\/aehm.es\\\/#\\\/schema\\\/logo\\\/image\\\/\",\"url\":\"https:\\\/\\\/aehm.es\\\/wp-content\\\/uploads\\\/2021\\\/11\\\/Logo_AEHM_Horiz.png\",\"contentUrl\":\"https:\\\/\\\/aehm.es\\\/wp-content\\\/uploads\\\/2021\\\/11\\\/Logo_AEHM_Horiz.png\",\"width\":600,\"height\":182,\"caption\":\"Asociaci\u00f3n Empresarial Hotelera de Madrid\"},\"image\":{\"@id\":\"https:\\\/\\\/aehm.es\\\/#\\\/schema\\\/logo\\\/image\\\/\"},\"sameAs\":[\"https:\\\/\\\/www.instagram.com\\\/hotelesdemadrid\\\/\",\"https:\\\/\\\/x.com\\\/HotelesAEHM\",\"https:\\\/\\\/www.linkedin.com\\\/company\\\/11166072\\\/\"]},{\"@type\":\"Person\",\"@id\":\"https:\\\/\\\/aehm.es\\\/#\\\/schema\\\/person\\\/ca1397f4b0bcee246b58a0278b67a95f\",\"name\":\"richard\",\"image\":{\"@type\":\"ImageObject\",\"inLanguage\":\"en-US\",\"@id\":\"https:\\\/\\\/secure.gravatar.com\\\/avatar\\\/dd2486a811ecc34bf766b7d8b17d0ea76674186c415867af39660e429e20e1a0?s=96&d=mm&r=g\",\"url\":\"https:\\\/\\\/secure.gravatar.com\\\/avatar\\\/dd2486a811ecc34bf766b7d8b17d0ea76674186c415867af39660e429e20e1a0?s=96&d=mm&r=g\",\"contentUrl\":\"https:\\\/\\\/secure.gravatar.com\\\/avatar\\\/dd2486a811ecc34bf766b7d8b17d0ea76674186c415867af39660e429e20e1a0?s=96&d=mm&r=g\",\"caption\":\"richard\"},\"url\":\"https:\\\/\\\/aehm.es\\\/en\\\/author\\\/richard\\\/\"}]}<\/script>\n<!-- \/ Yoast SEO plugin. -->","yoast_head_json":{"title":"Los hoteles madrile\u00f1os se convertir\u00e1n en salas de exposici\u00f3n o espacios gastr\u00f3micos en la I Madrid Hotel Week - AEHM","description":"Durante diez d\u00edas del mes de noviembre, los hoteles madrile\u00f1os se convertir\u00e1n en los principales protagonistas de un sinf\u00edn de actividades de toda \u00edndole","robots":{"index":"index","follow":"follow","max-snippet":"max-snippet:-1","max-image-preview":"max-image-preview:large","max-video-preview":"max-video-preview:-1"},"canonical":"https:\/\/aehm.es\/os-hoteles-madrilenos-se-convertiran-salas-exposicion-espacios-gastromicos-la-i-madrid-hotel-week\/","og_locale":"en_US","og_type":"article","og_title":"Los hoteles madrile\u00f1os se convertir\u00e1n en salas de exposici\u00f3n o espacios gastr\u00f3micos en la I Madrid Hotel Week - AEHM","og_description":"Durante diez d\u00edas del mes de noviembre, los hoteles madrile\u00f1os se convertir\u00e1n en los principales protagonistas de un sinf\u00edn de actividades de toda \u00edndole","og_url":"https:\/\/aehm.es\/os-hoteles-madrilenos-se-convertiran-salas-exposicion-espacios-gastromicos-la-i-madrid-hotel-week\/","og_site_name":"AEHM","article_publisher":"https:\/\/www.instagram.com\/hotelesdemadrid\/","article_published_time":"2017-07-28T07:55:26+00:00","og_image":[{"width":1452,"height":513,"url":"https:\/\/aehm.es\/wp-content\/uploads\/2017\/07\/Los-hoteles-madrilenos-se-convertiran-en-salas-de-exposicion-o-espacios-gastromicos-en-la-I-Madrid-Hotel-Week.jpg","type":"image\/jpeg"}],"author":"richard","twitter_card":"summary_large_image","twitter_creator":"@HotelesAEHM","twitter_site":"@HotelesAEHM","twitter_misc":{"Written by":"richard","Est. reading time":"3 minutes"},"schema":{"@context":"https:\/\/schema.org","@graph":[{"@type":"Article","@id":"https:\/\/aehm.es\/os-hoteles-madrilenos-se-convertiran-salas-exposicion-espacios-gastromicos-la-i-madrid-hotel-week\/#article","isPartOf":{"@id":"https:\/\/aehm.es\/os-hoteles-madrilenos-se-convertiran-salas-exposicion-espacios-gastromicos-la-i-madrid-hotel-week\/"},"author":{"name":"richard","@id":"https:\/\/aehm.es\/#\/schema\/person\/ca1397f4b0bcee246b58a0278b67a95f"},"headline":"Los hoteles madrile\u00f1os se convertir\u00e1n en salas de exposici\u00f3n o espacios gastr\u00f3micos en la I Madrid Hotel Week","datePublished":"2017-07-28T07:55:26+00:00","mainEntityOfPage":{"@id":"https:\/\/aehm.es\/os-hoteles-madrilenos-se-convertiran-salas-exposicion-espacios-gastromicos-la-i-madrid-hotel-week\/"},"wordCount":533,"commentCount":0,"publisher":{"@id":"https:\/\/aehm.es\/#organization"},"image":{"@id":"https:\/\/aehm.es\/os-hoteles-madrilenos-se-convertiran-salas-exposicion-espacios-gastromicos-la-i-madrid-hotel-week\/#primaryimage"},"thumbnailUrl":"https:\/\/aehm.es\/wp-content\/uploads\/2017\/07\/Los-hoteles-madrilenos-se-convertiran-en-salas-de-exposicion-o-espacios-gastromicos-en-la-I-Madrid-Hotel-Week.jpg","articleSection":["Actualidad AEHM"],"inLanguage":"en-US","potentialAction":[{"@type":"CommentAction","name":"Comment","target":["https:\/\/aehm.es\/os-hoteles-madrilenos-se-convertiran-salas-exposicion-espacios-gastromicos-la-i-madrid-hotel-week\/#respond"]}]},{"@type":"WebPage","@id":"https:\/\/aehm.es\/os-hoteles-madrilenos-se-convertiran-salas-exposicion-espacios-gastromicos-la-i-madrid-hotel-week\/","url":"https:\/\/aehm.es\/os-hoteles-madrilenos-se-convertiran-salas-exposicion-espacios-gastromicos-la-i-madrid-hotel-week\/","name":"Los hoteles madrile\u00f1os se convertir\u00e1n en salas de exposici\u00f3n o espacios gastr\u00f3micos en la I Madrid Hotel Week - AEHM","isPartOf":{"@id":"https:\/\/aehm.es\/#website"},"primaryImageOfPage":{"@id":"https:\/\/aehm.es\/os-hoteles-madrilenos-se-convertiran-salas-exposicion-espacios-gastromicos-la-i-madrid-hotel-week\/#primaryimage"},"image":{"@id":"https:\/\/aehm.es\/os-hoteles-madrilenos-se-convertiran-salas-exposicion-espacios-gastromicos-la-i-madrid-hotel-week\/#primaryimage"},"thumbnailUrl":"https:\/\/aehm.es\/wp-content\/uploads\/2017\/07\/Los-hoteles-madrilenos-se-convertiran-en-salas-de-exposicion-o-espacios-gastromicos-en-la-I-Madrid-Hotel-Week.jpg","datePublished":"2017-07-28T07:55:26+00:00","description":"Durante diez d\u00edas del mes de noviembre, los hoteles madrile\u00f1os se convertir\u00e1n en los principales protagonistas de un sinf\u00edn de actividades de toda \u00edndole","breadcrumb":{"@id":"https:\/\/aehm.es\/os-hoteles-madrilenos-se-convertiran-salas-exposicion-espacios-gastromicos-la-i-madrid-hotel-week\/#breadcrumb"},"inLanguage":"en-US","potentialAction":[{"@type":"ReadAction","target":["https:\/\/aehm.es\/os-hoteles-madrilenos-se-convertiran-salas-exposicion-espacios-gastromicos-la-i-madrid-hotel-week\/"]}]},{"@type":"ImageObject","inLanguage":"en-US","@id":"https:\/\/aehm.es\/os-hoteles-madrilenos-se-convertiran-salas-exposicion-espacios-gastromicos-la-i-madrid-hotel-week\/#primaryimage","url":"https:\/\/aehm.es\/wp-content\/uploads\/2017\/07\/Los-hoteles-madrilenos-se-convertiran-en-salas-de-exposicion-o-espacios-gastromicos-en-la-I-Madrid-Hotel-Week.jpg","contentUrl":"https:\/\/aehm.es\/wp-content\/uploads\/2017\/07\/Los-hoteles-madrilenos-se-convertiran-en-salas-de-exposicion-o-espacios-gastromicos-en-la-I-Madrid-Hotel-Week.jpg","width":1452,"height":513,"caption":"La Asociaci\u00f3n Empresarial Hotelera de Madrid (AEHM) presentan la Madrid Hotel Week"},{"@type":"BreadcrumbList","@id":"https:\/\/aehm.es\/os-hoteles-madrilenos-se-convertiran-salas-exposicion-espacios-gastromicos-la-i-madrid-hotel-week\/#breadcrumb","itemListElement":[{"@type":"ListItem","position":1,"name":"Portada","item":"https:\/\/aehm.es\/en\/"},{"@type":"ListItem","position":2,"name":"Los hoteles madrile\u00f1os se convertir\u00e1n en salas de exposici\u00f3n o espacios gastr\u00f3micos en la I Madrid Hotel Week"}]},{"@type":"WebSite","@id":"https:\/\/aehm.es\/#website","url":"https:\/\/aehm.es\/","name":"Asociaci\u00f3n Empresarial Hotelera de Madrid","description":"La Asociaci\u00f3n Empresarial Hotelera Madrid est\u00e1 formada por m\u00e1s de 300 establecimientos de todas las categor\u00edas y tipolog\u00edas (hoteles, hostales, hostels, apartamentos\u2026) que suman m\u00e1s de 75.000 plazas de alojamiento.","publisher":{"@id":"https:\/\/aehm.es\/#organization"},"alternateName":"AEHM","potentialAction":[{"@type":"SearchAction","target":{"@type":"EntryPoint","urlTemplate":"https:\/\/aehm.es\/?s={search_term_string}"},"query-input":{"@type":"PropertyValueSpecification","valueRequired":true,"valueName":"search_term_string"}}],"inLanguage":"en-US"},{"@type":"Organization","@id":"https:\/\/aehm.es\/#organization","name":"Asociaci\u00f3n Empresarial Hotelera de Madrid","url":"https:\/\/aehm.es\/","logo":{"@type":"ImageObject","inLanguage":"en-US","@id":"https:\/\/aehm.es\/#\/schema\/logo\/image\/","url":"https:\/\/aehm.es\/wp-content\/uploads\/2021\/11\/Logo_AEHM_Horiz.png","contentUrl":"https:\/\/aehm.es\/wp-content\/uploads\/2021\/11\/Logo_AEHM_Horiz.png","width":600,"height":182,"caption":"Asociaci\u00f3n Empresarial Hotelera de Madrid"},"image":{"@id":"https:\/\/aehm.es\/#\/schema\/logo\/image\/"},"sameAs":["https:\/\/www.instagram.com\/hotelesdemadrid\/","https:\/\/x.com\/HotelesAEHM","https:\/\/www.linkedin.com\/company\/11166072\/"]},{"@type":"Person","@id":"https:\/\/aehm.es\/#\/schema\/person\/ca1397f4b0bcee246b58a0278b67a95f","name":"richard","image":{"@type":"ImageObject","inLanguage":"en-US","@id":"https:\/\/secure.gravatar.com\/avatar\/dd2486a811ecc34bf766b7d8b17d0ea76674186c415867af39660e429e20e1a0?s=96&d=mm&r=g","url":"https:\/\/secure.gravatar.com\/avatar\/dd2486a811ecc34bf766b7d8b17d0ea76674186c415867af39660e429e20e1a0?s=96&d=mm&r=g","contentUrl":"https:\/\/secure.gravatar.com\/avatar\/dd2486a811ecc34bf766b7d8b17d0ea76674186c415867af39660e429e20e1a0?s=96&d=mm&r=g","caption":"richard"},"url":"https:\/\/aehm.es\/en\/author\/richard\/"}]}},"_links":{"self":[{"href":"https:\/\/aehm.es\/en\/wp-json\/wp\/v2\/posts\/2682","targetHints":{"allow":["GET"]}}],"collection":[{"href":"https:\/\/aehm.es\/en\/wp-json\/wp\/v2\/posts"}],"about":[{"href":"https:\/\/aehm.es\/en\/wp-json\/wp\/v2\/types\/post"}],"author":[{"embeddable":true,"href":"https:\/\/aehm.es\/en\/wp-json\/wp\/v2\/users\/1"}],"replies":[{"embeddable":true,"href":"https:\/\/aehm.es\/en\/wp-json\/wp\/v2\/comments?post=2682"}],"version-history":[{"count":0,"href":"https:\/\/aehm.es\/en\/wp-json\/wp\/v2\/posts\/2682\/revisions"}],"wp:featuredmedia":[{"embeddable":true,"href":"https:\/\/aehm.es\/en\/wp-json\/wp\/v2\/media\/2683"}],"wp:attachment":[{"href":"https:\/\/aehm.es\/en\/wp-json\/wp\/v2\/media?parent=2682"}],"wp:term":[{"taxonomy":"category","embeddable":true,"href":"https:\/\/aehm.es\/en\/wp-json\/wp\/v2\/categories?post=2682"},{"taxonomy":"post_tag","embeddable":true,"href":"https:\/\/aehm.es\/en\/wp-json\/wp\/v2\/tags?post=2682"}],"curies":[{"name":"wp","href":"https:\/\/api.w.org\/{rel}","templated":true}]}}