{"id":2586,"date":"2017-07-03T11:27:40","date_gmt":"2017-07-03T11:27:40","guid":{"rendered":"https:\/\/aehm.es\/los-hoteleros-madrilenos-preven-alcanzar-una-ocupacion-del-60-en-verano\/"},"modified":"2017-07-03T11:27:40","modified_gmt":"2017-07-03T11:27:40","slug":"madrid-hoteliers-expect-to-reach-a-60-occupancy-in-summer","status":"publish","type":"post","link":"https:\/\/aehm.es\/en\/madrid-hoteliers-expect-to-reach-a-60-occupancy-in-summer\/","title":{"rendered":"Madrid hoteliers expect to reach a 60% occupancy this summer"},"content":{"rendered":"<p>Occupancy in hotels in the Community of Madrid during the summer months could reach 60% on average, according to the Hotel Business Association of Madrid (AEHM).<\/p>\n<p>Thus, the bookings for the month of July are above those registered by the sector in August, with 68% compared to 55% respectively; Figures that are in line with those reached in the summer of 2016 when the occupation stood at 67.9% and 57.6%.<\/p>\n<p>The secretary general of the AEHM, Mar de Miguel has indicated that Madrid is a medium-high season destination during ten months of the year, but that it registers the lowest percentages of occupancy in July and August. &#8220;Tourists, especially nationals, continue to choose sun and beach destinations to spend the summer, although we are witnessing a change of trend in the case of international travelers.&#8221;<\/p>\n<p>Travelers from other countries that visit Madrid are motivated by the wide cultural and leisure offer they find in the capital and they continue to opt to stay, especially in hotel establishments motivated by their good value for money, as well as by the Guarantee and the security they offer to their customers.<\/p>\n<p>&#8220;The hotels of the Community of Madrid have made strong investments in order to offer a quality service and adapted to the new needs of tourists. This commitment to excellence is having very positive results, as more and more international visitors arrive in the region, &#8220;added the secretary general of the AEHM.<\/p>\n<p>Regarding the provenance, the majority of these tourists travel from the United States and other European countries, among which the United Kingdom, Italy, France or Germany stand out. &#8220;The US or British market is strategic for the tourism industry in general and for the hotelier in particular. In addition, they are quality tourists, who really contribute to the economic growth of the Community of Madrid, and that is what we should aim for, &#8220;concluded Miguel de Mar.<\/p>\n","protected":false},"excerpt":{"rendered":"<p>Occupancy in hotels in the Community of Madrid during the summer months could reach 60% on average, according to the Hotel Business Association of Madrid (AEHM). Thus, the bookings for the month of July are above those registered by the sector in August, with 68% compared to 55% respectively; Figures that are in line with [&hellip;]<\/p>\n","protected":false},"author":1,"featured_media":2156,"comment_status":"open","ping_status":"open","sticky":false,"template":"","format":"standard","meta":{"footnotes":""},"categories":[18],"tags":[],"class_list":["post-2586","post","type-post","status-publish","format-standard","has-post-thumbnail","hentry","category-uncategorized"],"yoast_head":"<!-- This site is optimized with the Yoast SEO plugin v27.5 - https:\/\/yoast.com\/product\/yoast-seo-wordpress\/ -->\n<title>Madrid hoteliers expect to reach a 60% occupancy this summer - AEHM<\/title>\n<meta name=\"robots\" content=\"index, follow, max-snippet:-1, max-image-preview:large, max-video-preview:-1\" \/>\n<link rel=\"canonical\" href=\"https:\/\/aehm.es\/madrid-hoteliers-expect-to-reach-a-60-occupancy-in-summer\/\" \/>\n<meta property=\"og:locale\" content=\"en_US\" \/>\n<meta property=\"og:type\" content=\"article\" \/>\n<meta property=\"og:title\" content=\"Madrid hoteliers expect to reach a 60% occupancy this summer - AEHM\" \/>\n<meta property=\"og:description\" content=\"Occupancy in hotels in the Community of Madrid during the summer months could reach 60% on average, according to the Hotel Business Association of Madrid (AEHM). Thus, the bookings for the month of July are above those registered by the sector in August, with 68% compared to 55% respectively; Figures that are in line with [&hellip;]\" \/>\n<meta property=\"og:url\" content=\"https:\/\/aehm.es\/madrid-hoteliers-expect-to-reach-a-60-occupancy-in-summer\/\" \/>\n<meta property=\"og:site_name\" content=\"AEHM\" \/>\n<meta property=\"article:publisher\" content=\"https:\/\/www.instagram.com\/hotelesdemadrid\/\" \/>\n<meta property=\"article:published_time\" content=\"2017-07-03T11:27:40+00:00\" \/>\n<meta property=\"og:image\" content=\"https:\/\/aehm.es\/wp-content\/uploads\/2017\/07\/Los-hoteleros-madrilenos-preven-alcanzar-una-ocupacion-del-60-en-verano.jpg\" \/>\n\t<meta property=\"og:image:width\" content=\"960\" \/>\n\t<meta property=\"og:image:height\" content=\"640\" \/>\n\t<meta property=\"og:image:type\" content=\"image\/jpeg\" \/>\n<meta name=\"author\" content=\"richard\" \/>\n<meta name=\"twitter:card\" content=\"summary_large_image\" \/>\n<meta name=\"twitter:creator\" content=\"@HotelesAEHM\" \/>\n<meta name=\"twitter:site\" content=\"@HotelesAEHM\" \/>\n<meta name=\"twitter:label1\" content=\"Written by\" \/>\n\t<meta name=\"twitter:data1\" content=\"richard\" \/>\n\t<meta name=\"twitter:label2\" content=\"Est. reading time\" \/>\n\t<meta name=\"twitter:data2\" content=\"2 minutes\" \/>\n<script type=\"application\/ld+json\" class=\"yoast-schema-graph\">{\"@context\":\"https:\\\/\\\/schema.org\",\"@graph\":[{\"@type\":\"Article\",\"@id\":\"https:\\\/\\\/aehm.es\\\/madrid-hoteliers-expect-to-reach-a-60-occupancy-in-summer\\\/#article\",\"isPartOf\":{\"@id\":\"https:\\\/\\\/aehm.es\\\/madrid-hoteliers-expect-to-reach-a-60-occupancy-in-summer\\\/\"},\"author\":{\"name\":\"richard\",\"@id\":\"https:\\\/\\\/aehm.es\\\/#\\\/schema\\\/person\\\/ca1397f4b0bcee246b58a0278b67a95f\"},\"headline\":\"Madrid hoteliers expect to reach a 60% occupancy this summer\",\"datePublished\":\"2017-07-03T11:27:40+00:00\",\"mainEntityOfPage\":{\"@id\":\"https:\\\/\\\/aehm.es\\\/madrid-hoteliers-expect-to-reach-a-60-occupancy-in-summer\\\/\"},\"wordCount\":320,\"commentCount\":0,\"publisher\":{\"@id\":\"https:\\\/\\\/aehm.es\\\/#organization\"},\"image\":{\"@id\":\"https:\\\/\\\/aehm.es\\\/madrid-hoteliers-expect-to-reach-a-60-occupancy-in-summer\\\/#primaryimage\"},\"thumbnailUrl\":\"https:\\\/\\\/aehm.es\\\/wp-content\\\/uploads\\\/2017\\\/07\\\/Los-hoteleros-madrilenos-preven-alcanzar-una-ocupacion-del-60-en-verano.jpg\",\"inLanguage\":\"en-US\",\"potentialAction\":[{\"@type\":\"CommentAction\",\"name\":\"Comment\",\"target\":[\"https:\\\/\\\/aehm.es\\\/madrid-hoteliers-expect-to-reach-a-60-occupancy-in-summer\\\/#respond\"]}]},{\"@type\":\"WebPage\",\"@id\":\"https:\\\/\\\/aehm.es\\\/madrid-hoteliers-expect-to-reach-a-60-occupancy-in-summer\\\/\",\"url\":\"https:\\\/\\\/aehm.es\\\/madrid-hoteliers-expect-to-reach-a-60-occupancy-in-summer\\\/\",\"name\":\"Madrid hoteliers expect to reach a 60% occupancy this summer - AEHM\",\"isPartOf\":{\"@id\":\"https:\\\/\\\/aehm.es\\\/#website\"},\"primaryImageOfPage\":{\"@id\":\"https:\\\/\\\/aehm.es\\\/madrid-hoteliers-expect-to-reach-a-60-occupancy-in-summer\\\/#primaryimage\"},\"image\":{\"@id\":\"https:\\\/\\\/aehm.es\\\/madrid-hoteliers-expect-to-reach-a-60-occupancy-in-summer\\\/#primaryimage\"},\"thumbnailUrl\":\"https:\\\/\\\/aehm.es\\\/wp-content\\\/uploads\\\/2017\\\/07\\\/Los-hoteleros-madrilenos-preven-alcanzar-una-ocupacion-del-60-en-verano.jpg\",\"datePublished\":\"2017-07-03T11:27:40+00:00\",\"breadcrumb\":{\"@id\":\"https:\\\/\\\/aehm.es\\\/madrid-hoteliers-expect-to-reach-a-60-occupancy-in-summer\\\/#breadcrumb\"},\"inLanguage\":\"en-US\",\"potentialAction\":[{\"@type\":\"ReadAction\",\"target\":[\"https:\\\/\\\/aehm.es\\\/madrid-hoteliers-expect-to-reach-a-60-occupancy-in-summer\\\/\"]}]},{\"@type\":\"ImageObject\",\"inLanguage\":\"en-US\",\"@id\":\"https:\\\/\\\/aehm.es\\\/madrid-hoteliers-expect-to-reach-a-60-occupancy-in-summer\\\/#primaryimage\",\"url\":\"https:\\\/\\\/aehm.es\\\/wp-content\\\/uploads\\\/2017\\\/07\\\/Los-hoteleros-madrilenos-preven-alcanzar-una-ocupacion-del-60-en-verano.jpg\",\"contentUrl\":\"https:\\\/\\\/aehm.es\\\/wp-content\\\/uploads\\\/2017\\\/07\\\/Los-hoteleros-madrilenos-preven-alcanzar-una-ocupacion-del-60-en-verano.jpg\",\"width\":960,\"height\":640,\"caption\":\"La Gran V\u00eda en el centro de Madrid, uno de los lugares m\u00e1s tur\u00edsticos de la capital\"},{\"@type\":\"BreadcrumbList\",\"@id\":\"https:\\\/\\\/aehm.es\\\/madrid-hoteliers-expect-to-reach-a-60-occupancy-in-summer\\\/#breadcrumb\",\"itemListElement\":[{\"@type\":\"ListItem\",\"position\":1,\"name\":\"Portada\",\"item\":\"https:\\\/\\\/aehm.es\\\/en\\\/\"},{\"@type\":\"ListItem\",\"position\":2,\"name\":\"Madrid hoteliers expect to reach a 60% occupancy this summer\"}]},{\"@type\":\"WebSite\",\"@id\":\"https:\\\/\\\/aehm.es\\\/#website\",\"url\":\"https:\\\/\\\/aehm.es\\\/\",\"name\":\"Asociaci\u00f3n Empresarial Hotelera de Madrid\",\"description\":\"La Asociaci\u00f3n Empresarial Hotelera Madrid est\u00e1 formada por m\u00e1s de 300 establecimientos de todas las categor\u00edas y tipolog\u00edas (hoteles, hostales, hostels, apartamentos\u2026) que suman m\u00e1s de 75.000 plazas de alojamiento.\",\"publisher\":{\"@id\":\"https:\\\/\\\/aehm.es\\\/#organization\"},\"alternateName\":\"AEHM\",\"potentialAction\":[{\"@type\":\"SearchAction\",\"target\":{\"@type\":\"EntryPoint\",\"urlTemplate\":\"https:\\\/\\\/aehm.es\\\/?s={search_term_string}\"},\"query-input\":{\"@type\":\"PropertyValueSpecification\",\"valueRequired\":true,\"valueName\":\"search_term_string\"}}],\"inLanguage\":\"en-US\"},{\"@type\":\"Organization\",\"@id\":\"https:\\\/\\\/aehm.es\\\/#organization\",\"name\":\"Asociaci\u00f3n Empresarial Hotelera de Madrid\",\"url\":\"https:\\\/\\\/aehm.es\\\/\",\"logo\":{\"@type\":\"ImageObject\",\"inLanguage\":\"en-US\",\"@id\":\"https:\\\/\\\/aehm.es\\\/#\\\/schema\\\/logo\\\/image\\\/\",\"url\":\"https:\\\/\\\/aehm.es\\\/wp-content\\\/uploads\\\/2021\\\/11\\\/Logo_AEHM_Horiz.png\",\"contentUrl\":\"https:\\\/\\\/aehm.es\\\/wp-content\\\/uploads\\\/2021\\\/11\\\/Logo_AEHM_Horiz.png\",\"width\":600,\"height\":182,\"caption\":\"Asociaci\u00f3n Empresarial Hotelera de Madrid\"},\"image\":{\"@id\":\"https:\\\/\\\/aehm.es\\\/#\\\/schema\\\/logo\\\/image\\\/\"},\"sameAs\":[\"https:\\\/\\\/www.instagram.com\\\/hotelesdemadrid\\\/\",\"https:\\\/\\\/x.com\\\/HotelesAEHM\",\"https:\\\/\\\/www.linkedin.com\\\/company\\\/11166072\\\/\"]},{\"@type\":\"Person\",\"@id\":\"https:\\\/\\\/aehm.es\\\/#\\\/schema\\\/person\\\/ca1397f4b0bcee246b58a0278b67a95f\",\"name\":\"richard\",\"image\":{\"@type\":\"ImageObject\",\"inLanguage\":\"en-US\",\"@id\":\"https:\\\/\\\/secure.gravatar.com\\\/avatar\\\/dd2486a811ecc34bf766b7d8b17d0ea76674186c415867af39660e429e20e1a0?s=96&d=mm&r=g\",\"url\":\"https:\\\/\\\/secure.gravatar.com\\\/avatar\\\/dd2486a811ecc34bf766b7d8b17d0ea76674186c415867af39660e429e20e1a0?s=96&d=mm&r=g\",\"contentUrl\":\"https:\\\/\\\/secure.gravatar.com\\\/avatar\\\/dd2486a811ecc34bf766b7d8b17d0ea76674186c415867af39660e429e20e1a0?s=96&d=mm&r=g\",\"caption\":\"richard\"},\"url\":\"https:\\\/\\\/aehm.es\\\/en\\\/author\\\/richard\\\/\"}]}<\/script>\n<!-- \/ Yoast SEO plugin. -->","yoast_head_json":{"title":"Madrid hoteliers expect to reach a 60% occupancy this summer - AEHM","robots":{"index":"index","follow":"follow","max-snippet":"max-snippet:-1","max-image-preview":"max-image-preview:large","max-video-preview":"max-video-preview:-1"},"canonical":"https:\/\/aehm.es\/madrid-hoteliers-expect-to-reach-a-60-occupancy-in-summer\/","og_locale":"en_US","og_type":"article","og_title":"Madrid hoteliers expect to reach a 60% occupancy this summer - AEHM","og_description":"Occupancy in hotels in the Community of Madrid during the summer months could reach 60% on average, according to the Hotel Business Association of Madrid (AEHM). Thus, the bookings for the month of July are above those registered by the sector in August, with 68% compared to 55% respectively; Figures that are in line with [&hellip;]","og_url":"https:\/\/aehm.es\/madrid-hoteliers-expect-to-reach-a-60-occupancy-in-summer\/","og_site_name":"AEHM","article_publisher":"https:\/\/www.instagram.com\/hotelesdemadrid\/","article_published_time":"2017-07-03T11:27:40+00:00","og_image":[{"width":960,"height":640,"url":"https:\/\/aehm.es\/wp-content\/uploads\/2017\/07\/Los-hoteleros-madrilenos-preven-alcanzar-una-ocupacion-del-60-en-verano.jpg","type":"image\/jpeg"}],"author":"richard","twitter_card":"summary_large_image","twitter_creator":"@HotelesAEHM","twitter_site":"@HotelesAEHM","twitter_misc":{"Written by":"richard","Est. reading time":"2 minutes"},"schema":{"@context":"https:\/\/schema.org","@graph":[{"@type":"Article","@id":"https:\/\/aehm.es\/madrid-hoteliers-expect-to-reach-a-60-occupancy-in-summer\/#article","isPartOf":{"@id":"https:\/\/aehm.es\/madrid-hoteliers-expect-to-reach-a-60-occupancy-in-summer\/"},"author":{"name":"richard","@id":"https:\/\/aehm.es\/#\/schema\/person\/ca1397f4b0bcee246b58a0278b67a95f"},"headline":"Madrid hoteliers expect to reach a 60% occupancy this summer","datePublished":"2017-07-03T11:27:40+00:00","mainEntityOfPage":{"@id":"https:\/\/aehm.es\/madrid-hoteliers-expect-to-reach-a-60-occupancy-in-summer\/"},"wordCount":320,"commentCount":0,"publisher":{"@id":"https:\/\/aehm.es\/#organization"},"image":{"@id":"https:\/\/aehm.es\/madrid-hoteliers-expect-to-reach-a-60-occupancy-in-summer\/#primaryimage"},"thumbnailUrl":"https:\/\/aehm.es\/wp-content\/uploads\/2017\/07\/Los-hoteleros-madrilenos-preven-alcanzar-una-ocupacion-del-60-en-verano.jpg","inLanguage":"en-US","potentialAction":[{"@type":"CommentAction","name":"Comment","target":["https:\/\/aehm.es\/madrid-hoteliers-expect-to-reach-a-60-occupancy-in-summer\/#respond"]}]},{"@type":"WebPage","@id":"https:\/\/aehm.es\/madrid-hoteliers-expect-to-reach-a-60-occupancy-in-summer\/","url":"https:\/\/aehm.es\/madrid-hoteliers-expect-to-reach-a-60-occupancy-in-summer\/","name":"Madrid hoteliers expect to reach a 60% occupancy this summer - AEHM","isPartOf":{"@id":"https:\/\/aehm.es\/#website"},"primaryImageOfPage":{"@id":"https:\/\/aehm.es\/madrid-hoteliers-expect-to-reach-a-60-occupancy-in-summer\/#primaryimage"},"image":{"@id":"https:\/\/aehm.es\/madrid-hoteliers-expect-to-reach-a-60-occupancy-in-summer\/#primaryimage"},"thumbnailUrl":"https:\/\/aehm.es\/wp-content\/uploads\/2017\/07\/Los-hoteleros-madrilenos-preven-alcanzar-una-ocupacion-del-60-en-verano.jpg","datePublished":"2017-07-03T11:27:40+00:00","breadcrumb":{"@id":"https:\/\/aehm.es\/madrid-hoteliers-expect-to-reach-a-60-occupancy-in-summer\/#breadcrumb"},"inLanguage":"en-US","potentialAction":[{"@type":"ReadAction","target":["https:\/\/aehm.es\/madrid-hoteliers-expect-to-reach-a-60-occupancy-in-summer\/"]}]},{"@type":"ImageObject","inLanguage":"en-US","@id":"https:\/\/aehm.es\/madrid-hoteliers-expect-to-reach-a-60-occupancy-in-summer\/#primaryimage","url":"https:\/\/aehm.es\/wp-content\/uploads\/2017\/07\/Los-hoteleros-madrilenos-preven-alcanzar-una-ocupacion-del-60-en-verano.jpg","contentUrl":"https:\/\/aehm.es\/wp-content\/uploads\/2017\/07\/Los-hoteleros-madrilenos-preven-alcanzar-una-ocupacion-del-60-en-verano.jpg","width":960,"height":640,"caption":"La Gran V\u00eda en el centro de Madrid, uno de los lugares m\u00e1s tur\u00edsticos de la capital"},{"@type":"BreadcrumbList","@id":"https:\/\/aehm.es\/madrid-hoteliers-expect-to-reach-a-60-occupancy-in-summer\/#breadcrumb","itemListElement":[{"@type":"ListItem","position":1,"name":"Portada","item":"https:\/\/aehm.es\/en\/"},{"@type":"ListItem","position":2,"name":"Madrid hoteliers expect to reach a 60% occupancy this summer"}]},{"@type":"WebSite","@id":"https:\/\/aehm.es\/#website","url":"https:\/\/aehm.es\/","name":"Asociaci\u00f3n Empresarial Hotelera de Madrid","description":"La Asociaci\u00f3n Empresarial Hotelera Madrid est\u00e1 formada por m\u00e1s de 300 establecimientos de todas las categor\u00edas y tipolog\u00edas (hoteles, hostales, hostels, apartamentos\u2026) que suman m\u00e1s de 75.000 plazas de alojamiento.","publisher":{"@id":"https:\/\/aehm.es\/#organization"},"alternateName":"AEHM","potentialAction":[{"@type":"SearchAction","target":{"@type":"EntryPoint","urlTemplate":"https:\/\/aehm.es\/?s={search_term_string}"},"query-input":{"@type":"PropertyValueSpecification","valueRequired":true,"valueName":"search_term_string"}}],"inLanguage":"en-US"},{"@type":"Organization","@id":"https:\/\/aehm.es\/#organization","name":"Asociaci\u00f3n Empresarial Hotelera de Madrid","url":"https:\/\/aehm.es\/","logo":{"@type":"ImageObject","inLanguage":"en-US","@id":"https:\/\/aehm.es\/#\/schema\/logo\/image\/","url":"https:\/\/aehm.es\/wp-content\/uploads\/2021\/11\/Logo_AEHM_Horiz.png","contentUrl":"https:\/\/aehm.es\/wp-content\/uploads\/2021\/11\/Logo_AEHM_Horiz.png","width":600,"height":182,"caption":"Asociaci\u00f3n Empresarial Hotelera de Madrid"},"image":{"@id":"https:\/\/aehm.es\/#\/schema\/logo\/image\/"},"sameAs":["https:\/\/www.instagram.com\/hotelesdemadrid\/","https:\/\/x.com\/HotelesAEHM","https:\/\/www.linkedin.com\/company\/11166072\/"]},{"@type":"Person","@id":"https:\/\/aehm.es\/#\/schema\/person\/ca1397f4b0bcee246b58a0278b67a95f","name":"richard","image":{"@type":"ImageObject","inLanguage":"en-US","@id":"https:\/\/secure.gravatar.com\/avatar\/dd2486a811ecc34bf766b7d8b17d0ea76674186c415867af39660e429e20e1a0?s=96&d=mm&r=g","url":"https:\/\/secure.gravatar.com\/avatar\/dd2486a811ecc34bf766b7d8b17d0ea76674186c415867af39660e429e20e1a0?s=96&d=mm&r=g","contentUrl":"https:\/\/secure.gravatar.com\/avatar\/dd2486a811ecc34bf766b7d8b17d0ea76674186c415867af39660e429e20e1a0?s=96&d=mm&r=g","caption":"richard"},"url":"https:\/\/aehm.es\/en\/author\/richard\/"}]}},"_links":{"self":[{"href":"https:\/\/aehm.es\/en\/wp-json\/wp\/v2\/posts\/2586","targetHints":{"allow":["GET"]}}],"collection":[{"href":"https:\/\/aehm.es\/en\/wp-json\/wp\/v2\/posts"}],"about":[{"href":"https:\/\/aehm.es\/en\/wp-json\/wp\/v2\/types\/post"}],"author":[{"embeddable":true,"href":"https:\/\/aehm.es\/en\/wp-json\/wp\/v2\/users\/1"}],"replies":[{"embeddable":true,"href":"https:\/\/aehm.es\/en\/wp-json\/wp\/v2\/comments?post=2586"}],"version-history":[{"count":0,"href":"https:\/\/aehm.es\/en\/wp-json\/wp\/v2\/posts\/2586\/revisions"}],"wp:featuredmedia":[{"embeddable":true,"href":"https:\/\/aehm.es\/en\/wp-json\/wp\/v2\/media\/2156"}],"wp:attachment":[{"href":"https:\/\/aehm.es\/en\/wp-json\/wp\/v2\/media?parent=2586"}],"wp:term":[{"taxonomy":"category","embeddable":true,"href":"https:\/\/aehm.es\/en\/wp-json\/wp\/v2\/categories?post=2586"},{"taxonomy":"post_tag","embeddable":true,"href":"https:\/\/aehm.es\/en\/wp-json\/wp\/v2\/tags?post=2586"}],"curies":[{"name":"wp","href":"https:\/\/api.w.org\/{rel}","templated":true}]}}