{"id":22826,"date":"2026-04-28T14:25:51","date_gmt":"2026-04-28T14:25:51","guid":{"rendered":"https:\/\/aehm.es\/?p=22826"},"modified":"2026-04-28T14:31:20","modified_gmt":"2026-04-28T14:31:20","slug":"madrid-a-cielo-abierto-terrazas-azoteas-y-jardines-para-vivir-madrid-desde-sus-hoteles","status":"publish","type":"post","link":"https:\/\/aehm.es\/en\/madrid-a-cielo-abierto-terrazas-azoteas-y-jardines-para-vivir-madrid-desde-sus-hoteles\/","title":{"rendered":"&#8220;Madrid a Cielo Abierto\u201d: terrazas, azoteas y jardines para vivir Madrid desde sus hoteles"},"content":{"rendered":"<p><strong>La Asociaci\u00f3n Empresarial Hotelera de Madrid (AEHM) ha presentado hoy la octava edici\u00f3n de \u201c<span style=\"text-decoration: underline;\"><a href=\"https:\/\/madridacieloabierto.com\/\" target=\"_blank\" rel=\"noopener\">Madrid a Cielo Abierto<\/a><\/span>\u201d, una invitaci\u00f3n a vivir la ciudad al aire libre desde las terrazas, azoteas, patios y jardines de los hoteles. Del 1 al 10 de mayo, madrile\u00f1os y visitantes podr\u00e1n disfrutar del cielo madrile\u00f1o con un total de 58 propuestas en cerca de 40 hoteles.<\/strong><\/p>\n<p><em>Madrid, 28 de abril de 2026.-<\/em> Cerca de sesenta planes convierten los hoteles de la capital en el mejor escenario para el buen tiempo. Del 1 al 10 de mayo, terrazas, azoteas, patios y jardines se convierten, por octavo a\u00f1o consecutivo, en el escenario de una amplia y diversa programaci\u00f3n que invita a disfrutar de la ciudad desde otro punto de vista, con actividades que recorren la gastronom\u00eda, el bienestar, la m\u00fasica y el disfrute pausado del buen tiempo en cualquier momento del d\u00eda.<\/p>\n<h2><strong>Gastronom\u00eda con vistas: del tapeo castizo a las propuestas contempor\u00e1neas<\/strong><\/h2>\n<p>En esta edici\u00f3n, el picoteo se vuelve panor\u00e1mico y el recetario madrile\u00f1o se permite licencias con el \u00fanico fin de extender las sobremesas al sol. Hay ideas que juegan con el \u201ccl\u00e1sico de cl\u00e1sicos\u201d, el tradicional bocadillo de calamares, en clave contempor\u00e1nea: desde la reinvenci\u00f3n del bocadillo de calamares -esta vez con alioli de piel de lim\u00f3n- en <strong>Hotel InterContinental<\/strong>, una vuelta de tuerca del icono castizo que se disfruta al aire libre, hasta el mini <em>brioche<\/em> de calamares marinado de <strong>The Principal Madrid<\/strong>.<\/p>\n<p>A esta ruta de bocados se suman gui\u00f1os marineros como las ostras frescas de <strong>Hotel Pestana CR7 Gran V\u00eda <\/strong>e ideas sencillas y perfectas para compartir \u2014la propuesta m\u00e1s cl\u00e1sica de tortilla de patata y croquetas\u2014 en <strong>SmartRental Collection Gran V\u00eda Capital<\/strong>. Y, para quienes prefieren viajar sin salir de Madrid, <strong>Hotel Meli\u00e1 Barajas<\/strong> propone un maridaje mexicano al aire libre con c\u00f3cteles inspirados en la esencia del pa\u00eds norteamericano. En clave m\u00e1s castiza o de terraceo se suman propuestas como el verm\u00fa del <strong>Hotel \u00d3pera<\/strong> y el <strong>Rosewood Villa Magna<\/strong>, el tapeo en las alturas de <strong>H10 Tribeca<\/strong>, el terraceo en <strong>Pestana Plaza Mayor Madrid<\/strong> y una tabla de quesos con bebida en <strong>SmartRental Collection Gran V\u00eda Centric<\/strong>. El tapeo con vistas de <strong>Hotel \u00cdndigo Madrid <\/strong>se ampl\u00eda con opciones pensadas para quienes prefieren un plan de mediod\u00eda bien resuelto, como el men\u00fa ejecutivo de <strong>Relais &amp; Ch\u00e2teaux Orfila<\/strong>.<\/p>\n<p>&nbsp;<\/p>\n<figure id=\"attachment_22829\" aria-describedby=\"caption-attachment-22829\" style=\"width: 731px\" class=\"wp-caption aligncenter\"><a href=\"https:\/\/madridacieloabierto.com\/\" target=\"_blank\" rel=\"noopener\"><img fetchpriority=\"high\" decoding=\"async\" class=\"wp-image-22829 size-large\" src=\"https:\/\/aehm.es\/wp-content\/uploads\/2026\/04\/Cartel-Madrid-A-Cielo-Abierto-26-731x1024.png\" alt=\"\" width=\"731\" height=\"1024\" srcset=\"https:\/\/aehm.es\/wp-content\/uploads\/2026\/04\/Cartel-Madrid-A-Cielo-Abierto-26-731x1024.png 731w, https:\/\/aehm.es\/wp-content\/uploads\/2026\/04\/Cartel-Madrid-A-Cielo-Abierto-26-214x300.png 214w, https:\/\/aehm.es\/wp-content\/uploads\/2026\/04\/Cartel-Madrid-A-Cielo-Abierto-26-768x1076.png 768w, https:\/\/aehm.es\/wp-content\/uploads\/2026\/04\/Cartel-Madrid-A-Cielo-Abierto-26.png 871w\" sizes=\"(max-width: 731px) 100vw, 731px\" \/><\/a><figcaption id=\"caption-attachment-22829\" class=\"wp-caption-text\">Cartel oficial de la octava edici\u00f3n de Madrid a Cielo Abierto<\/figcaption><\/figure>\n<p>&nbsp;<\/p>\n<h2><strong>El <em>brunch<\/em> de las ma\u00f1anas, sin prisa<br \/>\n<\/strong><\/h2>\n<p>El <em>brunch<\/em> vuelve a ser uno de los grandes reclamos de \u201cMadrid a cielo abierto\u201d: actividades pensadas para alargar la ma\u00f1ana, saborear la ciudad con calma y mirar Madrid desde otra altura. <strong>Four Seasons Hotel Madrid<\/strong> convierte el domingo en un plan en s\u00ed mismo con su <em>brunch<\/em> y otros hoteles despliegan experiencias que combinan gastronom\u00eda y vistas para arrancar el d\u00eda con el mejor \u00e1nimo, como el <em>brunch<\/em> 360\u00ba de <strong>Riu Plaza Espa\u00f1a<\/strong>, el <em>brunch<\/em> en El Jard\u00edn de Diana de <strong>Hyatt Centric Gran V\u00eda Madrid<\/strong> o The Upper Brunch en la azotea de <strong>NH Collection Madrid Suecia<\/strong>. Tambi\u00e9n se suman ideas como The Weekend Brunch: Vermut Edition de <strong>Only You Hotel Atocha<\/strong> \u00cdndiy Brunch by Inhala en <strong>Inhala Hotel Garden<\/strong>, dos planes pensados para alargar la ma\u00f1ana entre bocados, vistas y el ritmo tranquilo del domingo.<\/p>\n<p>&nbsp;<\/p>\n<h2><strong>\u201cBrinner\u201d: cuando el apetito cambia de hora<br \/>\n<\/strong><\/h2>\n<p>Porque en Madrid las horas son el\u00e1sticas, esta edici\u00f3n incorpora planes que rompen el guion del <em>brunch<\/em> tradicional. <strong>Hospes Puerta de Alcal\u00e1<\/strong> propone un \u201cBrunch in the Night\u201d, una experiencia de <em>brunch<\/em> en ambiente nocturno ideal para quienes prefieren empezar la noche \u201ccomo si fuera mediod\u00eda\u201d. En la misma l\u00ednea, <strong>H10 Puerta de Alcal\u00e1 <\/strong>suma opciones de <em>brinner<\/em> (ese punto intermedio entre <em>brunch<\/em> y cena) con ideas que convierten la tarde en el momento estrella, como su \u201cBrinner-Madrid al despertar\u201d.<\/p>\n<p>&nbsp;<\/p>\n<h2><strong>Piscinas, bienestar y actividades para bajar el ritmo<\/strong><\/h2>\n<p>\u201cMadrid a cielo abierto\u201d tambi\u00e9n es una invitaci\u00f3n a la pausa. Entre las propuestas m\u00e1s deseadas, destaca la experiencia de The Spa en <strong>Four Seasons Hotel Madrid<\/strong>, con piscina interior y una terraza luminosa para completar la desconexi\u00f3n. Y para quienes buscan un chapuz\u00f3n urbano sin salir del centro, <strong>UMusic Hotel Madrid<\/strong> propone su Splash Pass: el pase perfecto para disfrutar de la piscina y regalarse una escapada de d\u00eda, con el <em>skyline<\/em> a pocos pasos. A esta l\u00ednea se suman planes que combinan agua, vistas y desconexi\u00f3n, como el <em>day pass<\/em> con piscina y <em>brunch<\/em> de <strong>Akeah Gran V\u00eda<\/strong>, la propuesta de aperitivo italiano en la terraza de <strong>Barcel\u00f3 Emperatriz<\/strong> o las experiencias Bali Experience (con acceso a piscina) en <strong>Hotel Palacio de los Duques Gran Meli\u00e1<\/strong>, adem\u00e1s de opciones de bienestar como VIP Blissfull Experience en <strong>VP Plaza Espa\u00f1a<\/strong>.<\/p>\n<p>&nbsp;<\/p>\n<p><img decoding=\"async\" class=\"alignnone wp-image-22839 size-large\" src=\"https:\/\/aehm.es\/wp-content\/uploads\/2026\/04\/Madrid-A-Cielo-Abierto-26-darsena-autobus-1024x556.png\" alt=\"\" width=\"800\" height=\"434\" srcset=\"https:\/\/aehm.es\/wp-content\/uploads\/2026\/04\/Madrid-A-Cielo-Abierto-26-darsena-autobus-1024x556.png 1024w, https:\/\/aehm.es\/wp-content\/uploads\/2026\/04\/Madrid-A-Cielo-Abierto-26-darsena-autobus-300x163.png 300w, https:\/\/aehm.es\/wp-content\/uploads\/2026\/04\/Madrid-A-Cielo-Abierto-26-darsena-autobus-768x417.png 768w, https:\/\/aehm.es\/wp-content\/uploads\/2026\/04\/Madrid-A-Cielo-Abierto-26-darsena-autobus.png 1500w\" sizes=\"(max-width: 800px) 100vw, 800px\" \/><\/p>\n<h2><strong>M\u00fasica, tardeo y experiencias al caer el sol<\/strong><\/h2>\n<p>Cuando baja el sol, sube el \u201cjaleo\u201d y la ciudad se escucha desde las alturas. <strong>Hard Rock Hotel Madrid<\/strong> se suma con un taller de cocteler\u00eda musical que convierte la terraza en una experiencia sensorial, y <strong>Generator Madrid Hostel<\/strong> apuesta por una barbacoa con m\u00fasica DJ en directo, perfecta para vivir la tarde como si fuera un festival en miniatura. Tambi\u00e9n hay planes pensados para alargar el <em>afterwork<\/em> y el atardecer con vistas, como los tardeos de <strong>Hotel F\u00e9nix Gran Meli\u00e1<\/strong>, las cenas con puestas de sol de <strong>Hotel Emperador<\/strong> o la apertura de terraza con tardeo y noches tem\u00e1ticas en <strong>Madrid Marriott Auditorium Hotel &amp; Conference Center<\/strong>. A este mapa, se suman propuestas que convierten la <em>golden hour<\/em> en el momento estrella: <strong>CoolRooms Atocha<\/strong> invita a un atardecer con jazz en directo y c\u00f3ctel-cena, y <strong>Bless Hotel Madrid<\/strong> eleva el plan con sus Grill &amp; Sunset Fridays, donde la tarde se alarga entre parrilla, ambiente y <em>skyline<\/em>. La cocteler\u00eda tambi\u00e9n se cuela en este cap\u00edtulo: <strong>Hotel Urban 5 GL*<\/strong> propone su c\u00f3ctel Paper Plane como excusa perfecta para apurar el d\u00eda al aire libre, <strong>Novotel Madrid Center<\/strong> suma su c\u00f3ctel de autor con tapa para quienes buscan un plan que \u201csi no es arriba, no es plan\u201d y <strong>The Madrid Edition<\/strong> propone cerrar el d\u00eda con su mejor trago en Oroya.<\/p>\n<p>&nbsp;<\/p>\n<h2><strong>Ideas singulares para vivir Madrid desde otra perspectiva<\/strong><\/h2>\n<p>M\u00e1s all\u00e1 del terraceo y la gastronom\u00eda, \u201cMadrid a Cielo Abierto\u201d tambi\u00e9n reserva planes para quienes buscan salirse del guion y descubrir la ciudad desde \u00e1ngulos inesperados. Hay actividades que invitan a empezar el d\u00eda con calma en un entorno hist\u00f3rico y verde \u2014como los desayunos al aire libre en <strong>Mandarin Oriental Ritz, Madrid<\/strong>; otras que se viven en clave urbana y activa, como una sesi\u00f3n de entrenamiento funcional en <strong>The Central House<\/strong> y experiencias creativas que mezclan naturaleza y gastronom\u00eda, como el taller de <em>kokedama<\/em> en <strong>H10 Puerta de Alcal\u00e1<\/strong>. <strong>Hotel \u00danico<\/strong> aporta tambi\u00e9n su gui\u00f1o castizo reinterpretado con \u201cEl Madrid m\u00e1s \u00danico\u201d.<\/p>\n<p>La cocteler\u00eda tambi\u00e9n se cuela en este cap\u00edtulo de experiencias distintas: <strong>Hotel Urban 5* GL<\/strong> propone su c\u00f3ctel Paper Plane como excusa perfecta para alargar la tarde al aire libre, y <strong>Hotel Zentral<\/strong> sugiere un bocado castizo con bebida para saborear Madrid con sencillez y buen producto.<\/p>\n<p><em>\u201cEl hotel es mucho m\u00e1s que alojamiento: es ciudad<\/em>. Madrid a Cielo Abierto<em> coloca esa idea siempre en primer plano y abre nuestros espacios m\u00e1s ic\u00f3nicos como parte natural del d\u00eda a d\u00eda de Madrid\u201d<\/em>, ha se\u00f1alado el <strong>presidente de la AEHM, Gabriel Garc\u00eda Alonso<\/strong>. <em>\u201cEsta iniciativa pone de relieve la diversidad del sector hotelero en Madrid, capaz de ofrecer propuestas muy distintas bajo un mismo marco de calidad y experiencia\u201d.<\/em><\/p>\n<figure id=\"attachment_22832\" aria-describedby=\"caption-attachment-22832\" style=\"width: 800px\" class=\"wp-caption alignnone\"><img decoding=\"async\" class=\"wp-image-22832 size-large\" src=\"https:\/\/aehm.es\/wp-content\/uploads\/2026\/04\/presentacion_madrid_a_cielo_abierto_2026_mar_de_miguel-1024x768.jpeg\" alt=\"\" width=\"800\" height=\"600\" srcset=\"https:\/\/aehm.es\/wp-content\/uploads\/2026\/04\/presentacion_madrid_a_cielo_abierto_2026_mar_de_miguel-1024x768.jpeg 1024w, https:\/\/aehm.es\/wp-content\/uploads\/2026\/04\/presentacion_madrid_a_cielo_abierto_2026_mar_de_miguel-300x225.jpeg 300w, https:\/\/aehm.es\/wp-content\/uploads\/2026\/04\/presentacion_madrid_a_cielo_abierto_2026_mar_de_miguel-768x576.jpeg 768w, https:\/\/aehm.es\/wp-content\/uploads\/2026\/04\/presentacion_madrid_a_cielo_abierto_2026_mar_de_miguel-1536x1152.jpeg 1536w, https:\/\/aehm.es\/wp-content\/uploads\/2026\/04\/presentacion_madrid_a_cielo_abierto_2026_mar_de_miguel-2048x1536.jpeg 2048w\" sizes=\"(max-width: 800px) 100vw, 800px\" \/><figcaption id=\"caption-attachment-22832\" class=\"wp-caption-text\">La vicepresidenta ejecutiva de la AEHM, Mar de Miguel, en el acto de presentaci\u00f3n de Madrid a Cielo Abierto 2026<\/figcaption><\/figure>\n<p><em>\u201cLa octava edici\u00f3n de <\/em>Madrid A Cielo Abierto<em> vuelve a demostrar que los hoteles madrile\u00f1os son espacios abiertos a la ciudad, preparados para brindar experiencias accesibles y muy ligadas a la identidad de Madrid\u201d<\/em>, ha se\u00f1alado la <strong>vicepresidenta ejecutiva de la AEHM, Mar de Miguel<\/strong>. <em>\u201cSe trata de una invitaci\u00f3n a disfrutar sin prisas, a encontrar nuevos rincones sin buscarlos y a disfrutar de una ciudad que se expresa de muchas maneras y a distintos ritmos, con planes que se adaptan a todos los momentos del d\u00eda y a diferentes p\u00fablicos, y que refuerzan la relaci\u00f3n entre la hoteler\u00eda y la vida de nuestra ciudad\u201d<\/em>.<\/p>\n<p>La iniciativa cuenta con el apoyo de la <strong>Direcci\u00f3n General de Comercio y Hosteler\u00eda del \u00c1rea de Gobierno de Econom\u00eda, Innovaci\u00f3n y Hacienda del Ayuntamiento de Madrid<\/strong>. Su <strong>directora general, Olga Mar\u00eda Ruiz Castillo<\/strong>, que ha intervenido en el acto de presentaci\u00f3n, ha subrayado <em>\u201cla autenticidad, la calma, el cuidado con el detalle, el respeto al tiempo y la sostenibilidad\u201d<\/em> propios de los hoteles de Madrid y ha abogado por <em>\u201cponer en valor nuestra artesan\u00eda, nuestra cercan\u00eda y nuestro producto local\u201d<\/em><em>.<\/em><\/p>\n<p>Con esta nueva edici\u00f3n, \u201cMadrid a cielo abierto\u201d consolida el papel de los hoteles madrile\u00f1os como <strong>espacios integrados en la vida de la ciudad<\/strong>, que dinamizan su tejido urbano y ofrecen experiencias diversas que invitan a vivir Madrid con cada plan, desde lo cotidiano hasta lo sorprendente e inesperado.<\/p>\n<p>&nbsp;<\/p>\n<p><iframe title=\"YouTube video player\" src=\"https:\/\/www.youtube.com\/embed\/Mx8lKnVD0AI?si=y4M_dp1A4n4DRWn0\" width=\"850\" height=\"478\" frameborder=\"0\" allowfullscreen=\"allowfullscreen\"><\/iframe><\/p>\n<p>&nbsp;<\/p>\n","protected":false},"excerpt":{"rendered":"<p>La Asociaci\u00f3n Empresarial Hotelera de Madrid (AEHM) ha presentado hoy la octava edici\u00f3n de \u201cMadrid a Cielo Abierto\u201d, una invitaci\u00f3n a vivir la ciudad al aire libre desde las terrazas, azoteas, patios y jardines de los hoteles. Del 1 al 10 de mayo, madrile\u00f1os y visitantes podr\u00e1n disfrutar del cielo madrile\u00f1o con un total de [&hellip;]<\/p>\n","protected":false},"author":11,"featured_media":22827,"comment_status":"open","ping_status":"open","sticky":false,"template":"","format":"standard","meta":{"footnotes":""},"categories":[1],"tags":[],"class_list":["post-22826","post","type-post","status-publish","format-standard","has-post-thumbnail","hentry","category-actualidad-aehm"],"yoast_head":"<!-- This site is optimized with the Yoast SEO plugin v27.5 - https:\/\/yoast.com\/product\/yoast-seo-wordpress\/ -->\n<title>&quot;Madrid a Cielo Abierto\u201d: terrazas, azoteas y jardines para vivir Madrid desde sus hoteles - AEHM<\/title>\n<meta name=\"description\" content=\"AEHM ha presentado hoy la octava edici\u00f3n de \u201cMadrid a Cielo Abierto\u201d, una invitaci\u00f3n a vivir la ciudad al aire libre desde las terrazas, azoteas, patios y jardines de los hoteles.\" \/>\n<meta name=\"robots\" content=\"index, follow, max-snippet:-1, max-image-preview:large, max-video-preview:-1\" \/>\n<link rel=\"canonical\" href=\"https:\/\/aehm.es\/madrid-a-cielo-abierto-terrazas-azoteas-y-jardines-para-vivir-madrid-desde-sus-hoteles\/\" \/>\n<meta property=\"og:locale\" content=\"en_US\" \/>\n<meta property=\"og:type\" content=\"article\" \/>\n<meta property=\"og:title\" content=\"&quot;Madrid a Cielo Abierto\u201d: terrazas, azoteas y jardines para vivir Madrid desde sus hoteles - AEHM\" \/>\n<meta property=\"og:description\" content=\"AEHM ha presentado hoy la octava edici\u00f3n de \u201cMadrid a Cielo Abierto\u201d, una invitaci\u00f3n a vivir la ciudad al aire libre desde las terrazas, azoteas, patios y jardines de los hoteles.\" \/>\n<meta property=\"og:url\" content=\"https:\/\/aehm.es\/madrid-a-cielo-abierto-terrazas-azoteas-y-jardines-para-vivir-madrid-desde-sus-hoteles\/\" \/>\n<meta property=\"og:site_name\" content=\"AEHM\" \/>\n<meta property=\"article:publisher\" content=\"https:\/\/www.instagram.com\/hotelesdemadrid\/\" \/>\n<meta property=\"article:published_time\" content=\"2026-04-28T14:25:51+00:00\" \/>\n<meta property=\"article:modified_time\" content=\"2026-04-28T14:31:20+00:00\" \/>\n<meta property=\"og:image\" content=\"https:\/\/aehm.es\/wp-content\/uploads\/2026\/04\/presentacion_madrid_a_cielo_abierto_2026_gabriel_garcia_foto_familia-scaled.jpeg\" \/>\n\t<meta property=\"og:image:width\" content=\"2560\" \/>\n\t<meta property=\"og:image:height\" content=\"1920\" \/>\n\t<meta property=\"og:image:type\" content=\"image\/jpeg\" \/>\n<meta name=\"author\" content=\"Ivan\" \/>\n<meta name=\"twitter:card\" content=\"summary_large_image\" \/>\n<meta name=\"twitter:creator\" content=\"@HotelesAEHM\" \/>\n<meta name=\"twitter:site\" content=\"@HotelesAEHM\" \/>\n<meta name=\"twitter:label1\" content=\"Written by\" \/>\n\t<meta name=\"twitter:data1\" content=\"Ivan\" \/>\n\t<meta name=\"twitter:label2\" content=\"Est. reading time\" \/>\n\t<meta name=\"twitter:data2\" content=\"8 minutes\" \/>\n<script type=\"application\/ld+json\" class=\"yoast-schema-graph\">{\"@context\":\"https:\\\/\\\/schema.org\",\"@graph\":[{\"@type\":\"Article\",\"@id\":\"https:\\\/\\\/aehm.es\\\/madrid-a-cielo-abierto-terrazas-azoteas-y-jardines-para-vivir-madrid-desde-sus-hoteles\\\/#article\",\"isPartOf\":{\"@id\":\"https:\\\/\\\/aehm.es\\\/madrid-a-cielo-abierto-terrazas-azoteas-y-jardines-para-vivir-madrid-desde-sus-hoteles\\\/\"},\"author\":{\"name\":\"Ivan\",\"@id\":\"https:\\\/\\\/aehm.es\\\/#\\\/schema\\\/person\\\/7eaae103ecc0542234d52675111bc1ff\"},\"headline\":\"&#8220;Madrid a Cielo Abierto\u201d: terrazas, azoteas y jardines para vivir Madrid desde sus hoteles\",\"datePublished\":\"2026-04-28T14:25:51+00:00\",\"dateModified\":\"2026-04-28T14:31:20+00:00\",\"mainEntityOfPage\":{\"@id\":\"https:\\\/\\\/aehm.es\\\/madrid-a-cielo-abierto-terrazas-azoteas-y-jardines-para-vivir-madrid-desde-sus-hoteles\\\/\"},\"wordCount\":1634,\"commentCount\":0,\"publisher\":{\"@id\":\"https:\\\/\\\/aehm.es\\\/#organization\"},\"image\":{\"@id\":\"https:\\\/\\\/aehm.es\\\/madrid-a-cielo-abierto-terrazas-azoteas-y-jardines-para-vivir-madrid-desde-sus-hoteles\\\/#primaryimage\"},\"thumbnailUrl\":\"https:\\\/\\\/aehm.es\\\/wp-content\\\/uploads\\\/2026\\\/04\\\/presentacion_madrid_a_cielo_abierto_2026_gabriel_garcia_foto_familia-scaled.jpeg\",\"articleSection\":[\"Actualidad AEHM\"],\"inLanguage\":\"en-US\",\"potentialAction\":[{\"@type\":\"CommentAction\",\"name\":\"Comment\",\"target\":[\"https:\\\/\\\/aehm.es\\\/madrid-a-cielo-abierto-terrazas-azoteas-y-jardines-para-vivir-madrid-desde-sus-hoteles\\\/#respond\"]}]},{\"@type\":\"WebPage\",\"@id\":\"https:\\\/\\\/aehm.es\\\/madrid-a-cielo-abierto-terrazas-azoteas-y-jardines-para-vivir-madrid-desde-sus-hoteles\\\/\",\"url\":\"https:\\\/\\\/aehm.es\\\/madrid-a-cielo-abierto-terrazas-azoteas-y-jardines-para-vivir-madrid-desde-sus-hoteles\\\/\",\"name\":\"\\\"Madrid a Cielo Abierto\u201d: terrazas, azoteas y jardines para vivir Madrid desde sus hoteles - AEHM\",\"isPartOf\":{\"@id\":\"https:\\\/\\\/aehm.es\\\/#website\"},\"primaryImageOfPage\":{\"@id\":\"https:\\\/\\\/aehm.es\\\/madrid-a-cielo-abierto-terrazas-azoteas-y-jardines-para-vivir-madrid-desde-sus-hoteles\\\/#primaryimage\"},\"image\":{\"@id\":\"https:\\\/\\\/aehm.es\\\/madrid-a-cielo-abierto-terrazas-azoteas-y-jardines-para-vivir-madrid-desde-sus-hoteles\\\/#primaryimage\"},\"thumbnailUrl\":\"https:\\\/\\\/aehm.es\\\/wp-content\\\/uploads\\\/2026\\\/04\\\/presentacion_madrid_a_cielo_abierto_2026_gabriel_garcia_foto_familia-scaled.jpeg\",\"datePublished\":\"2026-04-28T14:25:51+00:00\",\"dateModified\":\"2026-04-28T14:31:20+00:00\",\"description\":\"AEHM ha presentado hoy la octava edici\u00f3n de \u201cMadrid a Cielo Abierto\u201d, una invitaci\u00f3n a vivir la ciudad al aire libre desde las terrazas, azoteas, patios y jardines de los hoteles.\",\"breadcrumb\":{\"@id\":\"https:\\\/\\\/aehm.es\\\/madrid-a-cielo-abierto-terrazas-azoteas-y-jardines-para-vivir-madrid-desde-sus-hoteles\\\/#breadcrumb\"},\"inLanguage\":\"en-US\",\"potentialAction\":[{\"@type\":\"ReadAction\",\"target\":[\"https:\\\/\\\/aehm.es\\\/madrid-a-cielo-abierto-terrazas-azoteas-y-jardines-para-vivir-madrid-desde-sus-hoteles\\\/\"]}]},{\"@type\":\"ImageObject\",\"inLanguage\":\"en-US\",\"@id\":\"https:\\\/\\\/aehm.es\\\/madrid-a-cielo-abierto-terrazas-azoteas-y-jardines-para-vivir-madrid-desde-sus-hoteles\\\/#primaryimage\",\"url\":\"https:\\\/\\\/aehm.es\\\/wp-content\\\/uploads\\\/2026\\\/04\\\/presentacion_madrid_a_cielo_abierto_2026_gabriel_garcia_foto_familia-scaled.jpeg\",\"contentUrl\":\"https:\\\/\\\/aehm.es\\\/wp-content\\\/uploads\\\/2026\\\/04\\\/presentacion_madrid_a_cielo_abierto_2026_gabriel_garcia_foto_familia-scaled.jpeg\",\"width\":2560,\"height\":1920},{\"@type\":\"BreadcrumbList\",\"@id\":\"https:\\\/\\\/aehm.es\\\/madrid-a-cielo-abierto-terrazas-azoteas-y-jardines-para-vivir-madrid-desde-sus-hoteles\\\/#breadcrumb\",\"itemListElement\":[{\"@type\":\"ListItem\",\"position\":1,\"name\":\"Portada\",\"item\":\"https:\\\/\\\/aehm.es\\\/en\\\/\"},{\"@type\":\"ListItem\",\"position\":2,\"name\":\"\u00abMadrid a Cielo Abierto\u201d: terrazas, azoteas y jardines para vivir Madrid desde sus hoteles\"}]},{\"@type\":\"WebSite\",\"@id\":\"https:\\\/\\\/aehm.es\\\/#website\",\"url\":\"https:\\\/\\\/aehm.es\\\/\",\"name\":\"Asociaci\u00f3n Empresarial Hotelera de Madrid\",\"description\":\"La Asociaci\u00f3n Empresarial Hotelera Madrid est\u00e1 formada por m\u00e1s de 300 establecimientos de todas las categor\u00edas y tipolog\u00edas (hoteles, hostales, hostels, apartamentos\u2026) que suman m\u00e1s de 75.000 plazas de alojamiento.\",\"publisher\":{\"@id\":\"https:\\\/\\\/aehm.es\\\/#organization\"},\"alternateName\":\"AEHM\",\"potentialAction\":[{\"@type\":\"SearchAction\",\"target\":{\"@type\":\"EntryPoint\",\"urlTemplate\":\"https:\\\/\\\/aehm.es\\\/?s={search_term_string}\"},\"query-input\":{\"@type\":\"PropertyValueSpecification\",\"valueRequired\":true,\"valueName\":\"search_term_string\"}}],\"inLanguage\":\"en-US\"},{\"@type\":\"Organization\",\"@id\":\"https:\\\/\\\/aehm.es\\\/#organization\",\"name\":\"Asociaci\u00f3n Empresarial Hotelera de Madrid\",\"url\":\"https:\\\/\\\/aehm.es\\\/\",\"logo\":{\"@type\":\"ImageObject\",\"inLanguage\":\"en-US\",\"@id\":\"https:\\\/\\\/aehm.es\\\/#\\\/schema\\\/logo\\\/image\\\/\",\"url\":\"https:\\\/\\\/aehm.es\\\/wp-content\\\/uploads\\\/2021\\\/11\\\/Logo_AEHM_Horiz.png\",\"contentUrl\":\"https:\\\/\\\/aehm.es\\\/wp-content\\\/uploads\\\/2021\\\/11\\\/Logo_AEHM_Horiz.png\",\"width\":600,\"height\":182,\"caption\":\"Asociaci\u00f3n Empresarial Hotelera de Madrid\"},\"image\":{\"@id\":\"https:\\\/\\\/aehm.es\\\/#\\\/schema\\\/logo\\\/image\\\/\"},\"sameAs\":[\"https:\\\/\\\/www.instagram.com\\\/hotelesdemadrid\\\/\",\"https:\\\/\\\/x.com\\\/HotelesAEHM\",\"https:\\\/\\\/www.linkedin.com\\\/company\\\/11166072\\\/\"]},{\"@type\":\"Person\",\"@id\":\"https:\\\/\\\/aehm.es\\\/#\\\/schema\\\/person\\\/7eaae103ecc0542234d52675111bc1ff\",\"name\":\"Ivan\",\"image\":{\"@type\":\"ImageObject\",\"inLanguage\":\"en-US\",\"@id\":\"https:\\\/\\\/secure.gravatar.com\\\/avatar\\\/25a7e65f7c9b1042924ea19a632112765311b43bce5404056e3db0952952c572?s=96&d=mm&r=g\",\"url\":\"https:\\\/\\\/secure.gravatar.com\\\/avatar\\\/25a7e65f7c9b1042924ea19a632112765311b43bce5404056e3db0952952c572?s=96&d=mm&r=g\",\"contentUrl\":\"https:\\\/\\\/secure.gravatar.com\\\/avatar\\\/25a7e65f7c9b1042924ea19a632112765311b43bce5404056e3db0952952c572?s=96&d=mm&r=g\",\"caption\":\"Ivan\"},\"url\":\"https:\\\/\\\/aehm.es\\\/en\\\/author\\\/ivan\\\/\"}]}<\/script>\n<!-- \/ Yoast SEO plugin. -->","yoast_head_json":{"title":"\"Madrid a Cielo Abierto\u201d: terrazas, azoteas y jardines para vivir Madrid desde sus hoteles - AEHM","description":"AEHM ha presentado hoy la octava edici\u00f3n de \u201cMadrid a Cielo Abierto\u201d, una invitaci\u00f3n a vivir la ciudad al aire libre desde las terrazas, azoteas, patios y jardines de los hoteles.","robots":{"index":"index","follow":"follow","max-snippet":"max-snippet:-1","max-image-preview":"max-image-preview:large","max-video-preview":"max-video-preview:-1"},"canonical":"https:\/\/aehm.es\/madrid-a-cielo-abierto-terrazas-azoteas-y-jardines-para-vivir-madrid-desde-sus-hoteles\/","og_locale":"en_US","og_type":"article","og_title":"\"Madrid a Cielo Abierto\u201d: terrazas, azoteas y jardines para vivir Madrid desde sus hoteles - AEHM","og_description":"AEHM ha presentado hoy la octava edici\u00f3n de \u201cMadrid a Cielo Abierto\u201d, una invitaci\u00f3n a vivir la ciudad al aire libre desde las terrazas, azoteas, patios y jardines de los hoteles.","og_url":"https:\/\/aehm.es\/madrid-a-cielo-abierto-terrazas-azoteas-y-jardines-para-vivir-madrid-desde-sus-hoteles\/","og_site_name":"AEHM","article_publisher":"https:\/\/www.instagram.com\/hotelesdemadrid\/","article_published_time":"2026-04-28T14:25:51+00:00","article_modified_time":"2026-04-28T14:31:20+00:00","og_image":[{"width":2560,"height":1920,"url":"https:\/\/aehm.es\/wp-content\/uploads\/2026\/04\/presentacion_madrid_a_cielo_abierto_2026_gabriel_garcia_foto_familia-scaled.jpeg","type":"image\/jpeg"}],"author":"Ivan","twitter_card":"summary_large_image","twitter_creator":"@HotelesAEHM","twitter_site":"@HotelesAEHM","twitter_misc":{"Written by":"Ivan","Est. reading time":"8 minutes"},"schema":{"@context":"https:\/\/schema.org","@graph":[{"@type":"Article","@id":"https:\/\/aehm.es\/madrid-a-cielo-abierto-terrazas-azoteas-y-jardines-para-vivir-madrid-desde-sus-hoteles\/#article","isPartOf":{"@id":"https:\/\/aehm.es\/madrid-a-cielo-abierto-terrazas-azoteas-y-jardines-para-vivir-madrid-desde-sus-hoteles\/"},"author":{"name":"Ivan","@id":"https:\/\/aehm.es\/#\/schema\/person\/7eaae103ecc0542234d52675111bc1ff"},"headline":"&#8220;Madrid a Cielo Abierto\u201d: terrazas, azoteas y jardines para vivir Madrid desde sus hoteles","datePublished":"2026-04-28T14:25:51+00:00","dateModified":"2026-04-28T14:31:20+00:00","mainEntityOfPage":{"@id":"https:\/\/aehm.es\/madrid-a-cielo-abierto-terrazas-azoteas-y-jardines-para-vivir-madrid-desde-sus-hoteles\/"},"wordCount":1634,"commentCount":0,"publisher":{"@id":"https:\/\/aehm.es\/#organization"},"image":{"@id":"https:\/\/aehm.es\/madrid-a-cielo-abierto-terrazas-azoteas-y-jardines-para-vivir-madrid-desde-sus-hoteles\/#primaryimage"},"thumbnailUrl":"https:\/\/aehm.es\/wp-content\/uploads\/2026\/04\/presentacion_madrid_a_cielo_abierto_2026_gabriel_garcia_foto_familia-scaled.jpeg","articleSection":["Actualidad AEHM"],"inLanguage":"en-US","potentialAction":[{"@type":"CommentAction","name":"Comment","target":["https:\/\/aehm.es\/madrid-a-cielo-abierto-terrazas-azoteas-y-jardines-para-vivir-madrid-desde-sus-hoteles\/#respond"]}]},{"@type":"WebPage","@id":"https:\/\/aehm.es\/madrid-a-cielo-abierto-terrazas-azoteas-y-jardines-para-vivir-madrid-desde-sus-hoteles\/","url":"https:\/\/aehm.es\/madrid-a-cielo-abierto-terrazas-azoteas-y-jardines-para-vivir-madrid-desde-sus-hoteles\/","name":"\"Madrid a Cielo Abierto\u201d: terrazas, azoteas y jardines para vivir Madrid desde sus hoteles - AEHM","isPartOf":{"@id":"https:\/\/aehm.es\/#website"},"primaryImageOfPage":{"@id":"https:\/\/aehm.es\/madrid-a-cielo-abierto-terrazas-azoteas-y-jardines-para-vivir-madrid-desde-sus-hoteles\/#primaryimage"},"image":{"@id":"https:\/\/aehm.es\/madrid-a-cielo-abierto-terrazas-azoteas-y-jardines-para-vivir-madrid-desde-sus-hoteles\/#primaryimage"},"thumbnailUrl":"https:\/\/aehm.es\/wp-content\/uploads\/2026\/04\/presentacion_madrid_a_cielo_abierto_2026_gabriel_garcia_foto_familia-scaled.jpeg","datePublished":"2026-04-28T14:25:51+00:00","dateModified":"2026-04-28T14:31:20+00:00","description":"AEHM ha presentado hoy la octava edici\u00f3n de \u201cMadrid a Cielo Abierto\u201d, una invitaci\u00f3n a vivir la ciudad al aire libre desde las terrazas, azoteas, patios y jardines de los hoteles.","breadcrumb":{"@id":"https:\/\/aehm.es\/madrid-a-cielo-abierto-terrazas-azoteas-y-jardines-para-vivir-madrid-desde-sus-hoteles\/#breadcrumb"},"inLanguage":"en-US","potentialAction":[{"@type":"ReadAction","target":["https:\/\/aehm.es\/madrid-a-cielo-abierto-terrazas-azoteas-y-jardines-para-vivir-madrid-desde-sus-hoteles\/"]}]},{"@type":"ImageObject","inLanguage":"en-US","@id":"https:\/\/aehm.es\/madrid-a-cielo-abierto-terrazas-azoteas-y-jardines-para-vivir-madrid-desde-sus-hoteles\/#primaryimage","url":"https:\/\/aehm.es\/wp-content\/uploads\/2026\/04\/presentacion_madrid_a_cielo_abierto_2026_gabriel_garcia_foto_familia-scaled.jpeg","contentUrl":"https:\/\/aehm.es\/wp-content\/uploads\/2026\/04\/presentacion_madrid_a_cielo_abierto_2026_gabriel_garcia_foto_familia-scaled.jpeg","width":2560,"height":1920},{"@type":"BreadcrumbList","@id":"https:\/\/aehm.es\/madrid-a-cielo-abierto-terrazas-azoteas-y-jardines-para-vivir-madrid-desde-sus-hoteles\/#breadcrumb","itemListElement":[{"@type":"ListItem","position":1,"name":"Portada","item":"https:\/\/aehm.es\/en\/"},{"@type":"ListItem","position":2,"name":"\u00abMadrid a Cielo Abierto\u201d: terrazas, azoteas y jardines para vivir Madrid desde sus hoteles"}]},{"@type":"WebSite","@id":"https:\/\/aehm.es\/#website","url":"https:\/\/aehm.es\/","name":"Asociaci\u00f3n Empresarial Hotelera de Madrid","description":"La Asociaci\u00f3n Empresarial Hotelera Madrid est\u00e1 formada por m\u00e1s de 300 establecimientos de todas las categor\u00edas y tipolog\u00edas (hoteles, hostales, hostels, apartamentos\u2026) que suman m\u00e1s de 75.000 plazas de alojamiento.","publisher":{"@id":"https:\/\/aehm.es\/#organization"},"alternateName":"AEHM","potentialAction":[{"@type":"SearchAction","target":{"@type":"EntryPoint","urlTemplate":"https:\/\/aehm.es\/?s={search_term_string}"},"query-input":{"@type":"PropertyValueSpecification","valueRequired":true,"valueName":"search_term_string"}}],"inLanguage":"en-US"},{"@type":"Organization","@id":"https:\/\/aehm.es\/#organization","name":"Asociaci\u00f3n Empresarial Hotelera de Madrid","url":"https:\/\/aehm.es\/","logo":{"@type":"ImageObject","inLanguage":"en-US","@id":"https:\/\/aehm.es\/#\/schema\/logo\/image\/","url":"https:\/\/aehm.es\/wp-content\/uploads\/2021\/11\/Logo_AEHM_Horiz.png","contentUrl":"https:\/\/aehm.es\/wp-content\/uploads\/2021\/11\/Logo_AEHM_Horiz.png","width":600,"height":182,"caption":"Asociaci\u00f3n Empresarial Hotelera de Madrid"},"image":{"@id":"https:\/\/aehm.es\/#\/schema\/logo\/image\/"},"sameAs":["https:\/\/www.instagram.com\/hotelesdemadrid\/","https:\/\/x.com\/HotelesAEHM","https:\/\/www.linkedin.com\/company\/11166072\/"]},{"@type":"Person","@id":"https:\/\/aehm.es\/#\/schema\/person\/7eaae103ecc0542234d52675111bc1ff","name":"Ivan","image":{"@type":"ImageObject","inLanguage":"en-US","@id":"https:\/\/secure.gravatar.com\/avatar\/25a7e65f7c9b1042924ea19a632112765311b43bce5404056e3db0952952c572?s=96&d=mm&r=g","url":"https:\/\/secure.gravatar.com\/avatar\/25a7e65f7c9b1042924ea19a632112765311b43bce5404056e3db0952952c572?s=96&d=mm&r=g","contentUrl":"https:\/\/secure.gravatar.com\/avatar\/25a7e65f7c9b1042924ea19a632112765311b43bce5404056e3db0952952c572?s=96&d=mm&r=g","caption":"Ivan"},"url":"https:\/\/aehm.es\/en\/author\/ivan\/"}]}},"_links":{"self":[{"href":"https:\/\/aehm.es\/en\/wp-json\/wp\/v2\/posts\/22826","targetHints":{"allow":["GET"]}}],"collection":[{"href":"https:\/\/aehm.es\/en\/wp-json\/wp\/v2\/posts"}],"about":[{"href":"https:\/\/aehm.es\/en\/wp-json\/wp\/v2\/types\/post"}],"author":[{"embeddable":true,"href":"https:\/\/aehm.es\/en\/wp-json\/wp\/v2\/users\/11"}],"replies":[{"embeddable":true,"href":"https:\/\/aehm.es\/en\/wp-json\/wp\/v2\/comments?post=22826"}],"version-history":[{"count":7,"href":"https:\/\/aehm.es\/en\/wp-json\/wp\/v2\/posts\/22826\/revisions"}],"predecessor-version":[{"id":22843,"href":"https:\/\/aehm.es\/en\/wp-json\/wp\/v2\/posts\/22826\/revisions\/22843"}],"wp:featuredmedia":[{"embeddable":true,"href":"https:\/\/aehm.es\/en\/wp-json\/wp\/v2\/media\/22827"}],"wp:attachment":[{"href":"https:\/\/aehm.es\/en\/wp-json\/wp\/v2\/media?parent=22826"}],"wp:term":[{"taxonomy":"category","embeddable":true,"href":"https:\/\/aehm.es\/en\/wp-json\/wp\/v2\/categories?post=22826"},{"taxonomy":"post_tag","embeddable":true,"href":"https:\/\/aehm.es\/en\/wp-json\/wp\/v2\/tags?post=22826"}],"curies":[{"name":"wp","href":"https:\/\/api.w.org\/{rel}","templated":true}]}}